{"id":3827,"date":"2021-04-02T13:43:30","date_gmt":"2021-04-02T13:43:30","guid":{"rendered":"https:\/\/cvinoticias.com\/v3\/?p=3827"},"modified":"2021-04-02T13:43:30","modified_gmt":"2021-04-02T13:43:30","slug":"firma-de-convenio-para-el-dictado-de-la-carrera-de-licenciatura-de-trabajo-social-en-eldorado","status":"publish","type":"post","link":"https:\/\/cvinoticias.com\/v3\/firma-de-convenio-para-el-dictado-de-la-carrera-de-licenciatura-de-trabajo-social-en-eldorado\/","title":{"rendered":"Firma de convenio para el dictado de la carrera de Licenciatura de Trabajo Social en Eldorado"},"content":{"rendered":"\n<p><strong><em>\u201cNuestro sue\u00f1o es poder ejercer, y devolverle con nuestra profesi\u00f3n algo a la comunidad\u201d<br>Con estas palabras y visiblemente emocionada abri\u00f3 el acto Leli Esposito una de las t\u00e9cnicas que junto a un gran grupo de mujeres presentaron la necesidad de contar en la ciudad de Eldorado con la carrera en Licenciatura de Trabajo Social.<\/em><\/strong><\/p>\n\n\n\n<p>En la jornada de hoy, en la sede de la Facultad de Ciencias Forestales de Eldorado, la rectora de la Universidad Nacional de Misiones, Alicia Bohren,&nbsp;junto al titular de la Entidad Binacional Yacyret\u00e1, Ignacio Barrios Arrechea y la Diputada Nacional por el Frente de Todos, Cristina Britez participaron de la firma de un acuerdo para el dictado en esa localidad de la carrera de Licenciatura en Trabajo Social de la Facultad de Humanidades y Ciencias Sociales (FHyCS).<\/p>\n\n\n\n<p>\u201cGolpeamos puertas, y encontrar funcionarios que realmente nos gestionen una respuesta, nos pone enormemente felices\u201d enfatiz\u00f3 Esposito en la apertura del acto que dio lugar a la firma del convenio entre la empresa Yacyret\u00e1 y la Universidad de Misiones. \u201cEstamos enormemente agradecidos a la rectora, a Cristina Britez, a la entidad Yacyret\u00e1, porque era nuestro sue\u00f1o poder estudiar en una universidad p\u00fablica, en nuestra ciudad, d\u00f3nde esperamos devolver esto desempe\u00f1ando nuestro rol\u201d agreg\u00f3.<\/p>\n\n\n\n<p>Por su parte Cristina Britez remarc\u00f3 que fueron un puente en el que se debe destacar lo realizado por el titular de la Entidad Binacional Yacyret\u00e1, Ignacio Barrios Arrechea, y la rectora de la Universidad, Alicia Bohren quienes permiten con la firma de este convenio que muchas y muchos eldoradenses y de zona aleda\u00f1as, puedan tener acceso a la carrera de Licenciatura de Trabajo Social.<\/p>\n\n\n\n<p>En este sentido Britez subray\u00f3, \u201clo m\u00e1s importante es que esta propuesta nos llega de las propias compa\u00f1eras que trajeron la problem\u00e1tica. Las chicas del programa de Cristina Fern\u00e1ndez de Kirchner en el a\u00f1o 2013 \u201cEllas hacen\u201d, quer\u00edan estudiar, devolverle a la sociedad, seguir form\u00e1ndose. Pero la pandemia, la crisis, no les permit\u00eda esto. Entonces fuimos puente para acercar a las dos grandes actores que hoy hacen posible tengamos esta carrera\u201d.<\/p>\n\n\n\n<p>Cristina Britez tambi\u00e9n resalt\u00f3 en su discurso el rol desempe\u00f1ado por el se\u00f1or Ignacio Barrios Arrechea, y la rectora Alicia Bohren quienes \u201cinterpretaron con gran sensibilidad social la necesidad planteada por este grupo de mujeres luchadoras, involucradas en la necesidad de formarse. Hoy gracias a esto se abre la puerta a muchos misioneras y misioneros de tener un t\u00edtulo universitario que siempre representa una mejor oportunidad en el mercado laboral, y en un pa\u00eds nacional y popular, con pensamiento peronista eso es posible gracias a una universidad de acceso gratuito\u201d.<\/p>\n\n\n\n<p>Por su parte Ignacio Barrios Arrechea valor\u00f3 la propuesta c\u00f3mo una gran oportunidad para la entidad de devolver en la zona con gestiones concretas que permiten abrir puertas a los estudiantes de la ciudad de Eldorado de seguir ampliando conocimiento, formarse, sin sufrir el desarraigo y costos de tener que estudiar lejos de su hogar.<\/p>\n\n\n\n<p>En tanto Alicia Bohren, rectora de la Universidad de Misiones, destac\u00f3 \u201cla universidad Nacional de Misiones supo interpretar la necesidad que nos plantearon, entendimos la necesidad, que luego con la suma de las gestiones y colaboraci\u00f3n de la Entidad Binacional Yacyret\u00e1 fue posible\u201d.<\/p>\n\n\n\n<p>Para cerrar la titular universitaria subray\u00f3 que con esto \u201cse cumple adem\u00e1s con un gran objetivo que tiene la universidad y es la presencia territorial de la instituci\u00f3n y la oportunidad de una nueva carrera\u201d.<\/p>\n\n\n\n<figure class=\"wp-block-image size-large\"><a href=\"https:\/\/cvinoticias.com\/wp-content\/uploads\/2021\/04\/IMG-20210402-WA0009.jpg\"><img decoding=\"async\" width=\"1024\" height=\"775\" data-src=\"https:\/\/cvinoticias.com\/wp-content\/uploads\/2021\/04\/IMG-20210402-WA0009-1024x775.jpg\" alt=\"\" class=\"wp-image-3829 lazyload\" data-srcset=\"https:\/\/cvinoticias.com\/wp-content\/uploads\/2021\/04\/IMG-20210402-WA0009-1024x775.jpg 1024w, https:\/\/cvinoticias.com\/wp-content\/uploads\/2021\/04\/IMG-20210402-WA0009-300x227.jpg 300w, https:\/\/cvinoticias.com\/wp-content\/uploads\/2021\/04\/IMG-20210402-WA0009-768x581.jpg 768w, https:\/\/cvinoticias.com\/wp-content\/uploads\/2021\/04\/IMG-20210402-WA0009.jpg 1280w\" data-sizes=\"(max-width: 1024px) 100vw, 1024px\" src=\"data:image\/svg+xml;base64,PHN2ZyB3aWR0aD0iMSIgaGVpZ2h0PSIxIiB4bWxucz0iaHR0cDovL3d3dy53My5vcmcvMjAwMC9zdmciPjwvc3ZnPg==\" style=\"--smush-placeholder-width: 1024px; --smush-placeholder-aspect-ratio: 1024\/775;\" \/><\/a><\/figure>\n\n\n\n<figure class=\"wp-block-image size-large\"><a href=\"https:\/\/cvinoticias.com\/wp-content\/uploads\/2021\/04\/IMG-20210402-WA0007.jpg\"><img decoding=\"async\" width=\"1024\" height=\"668\" data-src=\"https:\/\/cvinoticias.com\/wp-content\/uploads\/2021\/04\/IMG-20210402-WA0007-1024x668.jpg\" alt=\"\" class=\"wp-image-3830 lazyload\" data-srcset=\"https:\/\/cvinoticias.com\/wp-content\/uploads\/2021\/04\/IMG-20210402-WA0007-1024x668.jpg 1024w, https:\/\/cvinoticias.com\/wp-content\/uploads\/2021\/04\/IMG-20210402-WA0007-300x196.jpg 300w, https:\/\/cvinoticias.com\/wp-content\/uploads\/2021\/04\/IMG-20210402-WA0007-768x501.jpg 768w, https:\/\/cvinoticias.com\/wp-content\/uploads\/2021\/04\/IMG-20210402-WA0007.jpg 1280w\" data-sizes=\"(max-width: 1024px) 100vw, 1024px\" src=\"data:image\/svg+xml;base64,PHN2ZyB3aWR0aD0iMSIgaGVpZ2h0PSIxIiB4bWxucz0iaHR0cDovL3d3dy53My5vcmcvMjAwMC9zdmciPjwvc3ZnPg==\" style=\"--smush-placeholder-width: 1024px; --smush-placeholder-aspect-ratio: 1024\/668;\" \/><\/a><\/figure>\n","protected":false},"excerpt":{"rendered":"<p>\u201cNuestro sue\u00f1o es poder ejercer, y devolverle con nuestra profesi\u00f3n algo a la comunidad\u201dCon estas palabras y visiblemente emocionada abri\u00f3 el acto Leli Esposito una de las t\u00e9cnicas que junto a un gran grupo de mujeres presentaron la necesidad de contar en la ciudad de Eldorado con la carrera en Licenciatura de Trabajo Social. En [&hellip;]<\/p>\n","protected":false},"author":2,"featured_media":3828,"comment_status":"open","ping_status":"open","sticky":false,"template":"","format":"standard","meta":{"footnotes":""},"categories":[26],"tags":[],"class_list":["post-3827","post","type-post","status-publish","format-standard","has-post-thumbnail","hentry","category-educacion"],"yoast_head":"<!-- This site is optimized with the Yoast SEO plugin v27.5 - https:\/\/yoast.com\/product\/yoast-seo-wordpress\/ -->\n<title>Firma de convenio para el dictado de la carrera de Licenciatura de Trabajo Social en Eldorado | CVI NOTICIAS<\/title>\n<meta name=\"robots\" content=\"index, follow, max-snippet:-1, max-image-preview:large, max-video-preview:-1\" \/>\n<link rel=\"canonical\" href=\"https:\/\/cvinoticias.com\/v3\/firma-de-convenio-para-el-dictado-de-la-carrera-de-licenciatura-de-trabajo-social-en-eldorado\/\" \/>\n<meta property=\"og:locale\" content=\"es_ES\" \/>\n<meta property=\"og:type\" content=\"article\" \/>\n<meta property=\"og:title\" content=\"Firma de convenio para el dictado de la carrera de Licenciatura de Trabajo Social en Eldorado | CVI NOTICIAS\" \/>\n<meta property=\"og:description\" content=\"\u201cNuestro sue\u00f1o es poder ejercer, y devolverle con nuestra profesi\u00f3n algo a la comunidad\u201dCon estas palabras y visiblemente emocionada abri\u00f3 el acto Leli Esposito una de las t\u00e9cnicas que junto a un gran grupo de mujeres presentaron la necesidad de contar en la ciudad de Eldorado con la carrera en Licenciatura de Trabajo Social. En [&hellip;]\" \/>\n<meta property=\"og:url\" content=\"https:\/\/cvinoticias.com\/v3\/firma-de-convenio-para-el-dictado-de-la-carrera-de-licenciatura-de-trabajo-social-en-eldorado\/\" \/>\n<meta property=\"og:site_name\" content=\"CVI NOTICIAS\" \/>\n<meta property=\"article:publisher\" content=\"https:\/\/www.facebook.com\/cvinoticias\" \/>\n<meta property=\"article:published_time\" content=\"2021-04-02T13:43:30+00:00\" \/>\n<meta property=\"og:image\" content=\"https:\/\/cvinoticias.com\/wp-content\/uploads\/2021\/04\/IMG-20210402-WA0008.jpg\" \/>\n\t<meta property=\"og:image:width\" content=\"1280\" \/>\n\t<meta property=\"og:image:height\" content=\"758\" \/>\n\t<meta property=\"og:image:type\" content=\"image\/jpeg\" \/>\n<meta name=\"author\" content=\"f1000024\" \/>\n<meta name=\"twitter:card\" content=\"summary_large_image\" \/>\n<meta name=\"twitter:label1\" content=\"Escrito por\" \/>\n\t<meta name=\"twitter:data1\" content=\"f1000024\" \/>\n\t<meta name=\"twitter:label2\" content=\"Tiempo de lectura\" \/>\n\t<meta name=\"twitter:data2\" content=\"3 minutos\" \/>\n<script type=\"application\/ld+json\" class=\"yoast-schema-graph\">{\"@context\":\"https:\\\/\\\/schema.org\",\"@graph\":[{\"@type\":\"Article\",\"@id\":\"https:\\\/\\\/cvinoticias.com\\\/v3\\\/firma-de-convenio-para-el-dictado-de-la-carrera-de-licenciatura-de-trabajo-social-en-eldorado\\\/#article\",\"isPartOf\":{\"@id\":\"https:\\\/\\\/cvinoticias.com\\\/v3\\\/firma-de-convenio-para-el-dictado-de-la-carrera-de-licenciatura-de-trabajo-social-en-eldorado\\\/\"},\"author\":{\"name\":\"f1000024\",\"@id\":\"https:\\\/\\\/cvinoticias.com\\\/v3\\\/#\\\/schema\\\/person\\\/2db77e3c6bc03c538495d7b2b8be9b66\"},\"headline\":\"Firma de convenio para el dictado de la carrera de Licenciatura de Trabajo Social en Eldorado\",\"datePublished\":\"2021-04-02T13:43:30+00:00\",\"mainEntityOfPage\":{\"@id\":\"https:\\\/\\\/cvinoticias.com\\\/v3\\\/firma-de-convenio-para-el-dictado-de-la-carrera-de-licenciatura-de-trabajo-social-en-eldorado\\\/\"},\"wordCount\":606,\"commentCount\":0,\"publisher\":{\"@id\":\"https:\\\/\\\/cvinoticias.com\\\/v3\\\/#organization\"},\"image\":{\"@id\":\"https:\\\/\\\/cvinoticias.com\\\/v3\\\/firma-de-convenio-para-el-dictado-de-la-carrera-de-licenciatura-de-trabajo-social-en-eldorado\\\/#primaryimage\"},\"thumbnailUrl\":\"https:\\\/\\\/cvinoticias.com\\\/wp-content\\\/uploads\\\/2021\\\/04\\\/IMG-20210402-WA0008.jpg\",\"articleSection\":[\"Educacion\"],\"inLanguage\":\"es\",\"potentialAction\":[{\"@type\":\"CommentAction\",\"name\":\"Comment\",\"target\":[\"https:\\\/\\\/cvinoticias.com\\\/v3\\\/firma-de-convenio-para-el-dictado-de-la-carrera-de-licenciatura-de-trabajo-social-en-eldorado\\\/#respond\"]}]},{\"@type\":\"WebPage\",\"@id\":\"https:\\\/\\\/cvinoticias.com\\\/v3\\\/firma-de-convenio-para-el-dictado-de-la-carrera-de-licenciatura-de-trabajo-social-en-eldorado\\\/\",\"url\":\"https:\\\/\\\/cvinoticias.com\\\/v3\\\/firma-de-convenio-para-el-dictado-de-la-carrera-de-licenciatura-de-trabajo-social-en-eldorado\\\/\",\"name\":\"Firma de convenio para el dictado de la carrera de Licenciatura de Trabajo Social en Eldorado | CVI NOTICIAS\",\"isPartOf\":{\"@id\":\"https:\\\/\\\/cvinoticias.com\\\/v3\\\/#website\"},\"primaryImageOfPage\":{\"@id\":\"https:\\\/\\\/cvinoticias.com\\\/v3\\\/firma-de-convenio-para-el-dictado-de-la-carrera-de-licenciatura-de-trabajo-social-en-eldorado\\\/#primaryimage\"},\"image\":{\"@id\":\"https:\\\/\\\/cvinoticias.com\\\/v3\\\/firma-de-convenio-para-el-dictado-de-la-carrera-de-licenciatura-de-trabajo-social-en-eldorado\\\/#primaryimage\"},\"thumbnailUrl\":\"https:\\\/\\\/cvinoticias.com\\\/wp-content\\\/uploads\\\/2021\\\/04\\\/IMG-20210402-WA0008.jpg\",\"datePublished\":\"2021-04-02T13:43:30+00:00\",\"breadcrumb\":{\"@id\":\"https:\\\/\\\/cvinoticias.com\\\/v3\\\/firma-de-convenio-para-el-dictado-de-la-carrera-de-licenciatura-de-trabajo-social-en-eldorado\\\/#breadcrumb\"},\"inLanguage\":\"es\",\"potentialAction\":[{\"@type\":\"ReadAction\",\"target\":[\"https:\\\/\\\/cvinoticias.com\\\/v3\\\/firma-de-convenio-para-el-dictado-de-la-carrera-de-licenciatura-de-trabajo-social-en-eldorado\\\/\"]}]},{\"@type\":\"ImageObject\",\"inLanguage\":\"es\",\"@id\":\"https:\\\/\\\/cvinoticias.com\\\/v3\\\/firma-de-convenio-para-el-dictado-de-la-carrera-de-licenciatura-de-trabajo-social-en-eldorado\\\/#primaryimage\",\"url\":\"https:\\\/\\\/cvinoticias.com\\\/wp-content\\\/uploads\\\/2021\\\/04\\\/IMG-20210402-WA0008.jpg\",\"contentUrl\":\"https:\\\/\\\/cvinoticias.com\\\/wp-content\\\/uploads\\\/2021\\\/04\\\/IMG-20210402-WA0008.jpg\",\"width\":1280,\"height\":758},{\"@type\":\"BreadcrumbList\",\"@id\":\"https:\\\/\\\/cvinoticias.com\\\/v3\\\/firma-de-convenio-para-el-dictado-de-la-carrera-de-licenciatura-de-trabajo-social-en-eldorado\\\/#breadcrumb\",\"itemListElement\":[{\"@type\":\"ListItem\",\"position\":1,\"name\":\"Portada\",\"item\":\"https:\\\/\\\/cvinoticias.com\\\/v3\\\/\"},{\"@type\":\"ListItem\",\"position\":2,\"name\":\"Firma de convenio para el dictado de la carrera de Licenciatura de Trabajo Social en Eldorado\"}]},{\"@type\":\"WebSite\",\"@id\":\"https:\\\/\\\/cvinoticias.com\\\/v3\\\/#website\",\"url\":\"https:\\\/\\\/cvinoticias.com\\\/v3\\\/\",\"name\":\"CVI NOTICIAS\",\"description\":\"\",\"publisher\":{\"@id\":\"https:\\\/\\\/cvinoticias.com\\\/v3\\\/#organization\"},\"alternateName\":\"CVI\",\"potentialAction\":[{\"@type\":\"SearchAction\",\"target\":{\"@type\":\"EntryPoint\",\"urlTemplate\":\"https:\\\/\\\/cvinoticias.com\\\/v3\\\/?s={search_term_string}\"},\"query-input\":{\"@type\":\"PropertyValueSpecification\",\"valueRequired\":true,\"valueName\":\"search_term_string\"}}],\"inLanguage\":\"es\"},{\"@type\":\"Organization\",\"@id\":\"https:\\\/\\\/cvinoticias.com\\\/v3\\\/#organization\",\"name\":\"CVI NOTICIAS\",\"url\":\"https:\\\/\\\/cvinoticias.com\\\/v3\\\/\",\"logo\":{\"@type\":\"ImageObject\",\"inLanguage\":\"es\",\"@id\":\"https:\\\/\\\/cvinoticias.com\\\/v3\\\/#\\\/schema\\\/logo\\\/image\\\/\",\"url\":\"https:\\\/\\\/cvinoticias.com\\\/wp-content\\\/uploads\\\/2023\\\/04\\\/cropped-cropped-cropped-cropped-cropped-3-1.png\",\"contentUrl\":\"https:\\\/\\\/cvinoticias.com\\\/wp-content\\\/uploads\\\/2023\\\/04\\\/cropped-cropped-cropped-cropped-cropped-3-1.png\",\"width\":95,\"height\":122,\"caption\":\"CVI NOTICIAS\"},\"image\":{\"@id\":\"https:\\\/\\\/cvinoticias.com\\\/v3\\\/#\\\/schema\\\/logo\\\/image\\\/\"},\"sameAs\":[\"https:\\\/\\\/www.facebook.com\\\/cvinoticias\",\"https:\\\/\\\/www.instagram.com\\\/cvinoticias\\\/\",\"https:\\\/\\\/www.youtube.com\\\/@CVINOTICIAS\"]},{\"@type\":\"Person\",\"@id\":\"https:\\\/\\\/cvinoticias.com\\\/v3\\\/#\\\/schema\\\/person\\\/2db77e3c6bc03c538495d7b2b8be9b66\",\"name\":\"f1000024\",\"image\":{\"@type\":\"ImageObject\",\"inLanguage\":\"es\",\"@id\":\"https:\\\/\\\/secure.gravatar.com\\\/avatar\\\/d4fe7459cfc51ff5129ce1a732bbef5928568b8092d412ef95611616376bbeed?s=96&d=mm&r=g\",\"url\":\"https:\\\/\\\/secure.gravatar.com\\\/avatar\\\/d4fe7459cfc51ff5129ce1a732bbef5928568b8092d412ef95611616376bbeed?s=96&d=mm&r=g\",\"contentUrl\":\"https:\\\/\\\/secure.gravatar.com\\\/avatar\\\/d4fe7459cfc51ff5129ce1a732bbef5928568b8092d412ef95611616376bbeed?s=96&d=mm&r=g\",\"caption\":\"f1000024\"},\"url\":\"https:\\\/\\\/cvinoticias.com\\\/v3\\\/author\\\/f1000024\\\/\"}]}<\/script>\n<!-- \/ Yoast SEO plugin. -->","yoast_head_json":{"title":"Firma de convenio para el dictado de la carrera de Licenciatura de Trabajo Social en Eldorado | CVI NOTICIAS","robots":{"index":"index","follow":"follow","max-snippet":"max-snippet:-1","max-image-preview":"max-image-preview:large","max-video-preview":"max-video-preview:-1"},"canonical":"https:\/\/cvinoticias.com\/v3\/firma-de-convenio-para-el-dictado-de-la-carrera-de-licenciatura-de-trabajo-social-en-eldorado\/","og_locale":"es_ES","og_type":"article","og_title":"Firma de convenio para el dictado de la carrera de Licenciatura de Trabajo Social en Eldorado | CVI NOTICIAS","og_description":"\u201cNuestro sue\u00f1o es poder ejercer, y devolverle con nuestra profesi\u00f3n algo a la comunidad\u201dCon estas palabras y visiblemente emocionada abri\u00f3 el acto Leli Esposito una de las t\u00e9cnicas que junto a un gran grupo de mujeres presentaron la necesidad de contar en la ciudad de Eldorado con la carrera en Licenciatura de Trabajo Social. En [&hellip;]","og_url":"https:\/\/cvinoticias.com\/v3\/firma-de-convenio-para-el-dictado-de-la-carrera-de-licenciatura-de-trabajo-social-en-eldorado\/","og_site_name":"CVI NOTICIAS","article_publisher":"https:\/\/www.facebook.com\/cvinoticias","article_published_time":"2021-04-02T13:43:30+00:00","og_image":[{"width":1280,"height":758,"url":"https:\/\/cvinoticias.com\/wp-content\/uploads\/2021\/04\/IMG-20210402-WA0008.jpg","type":"image\/jpeg"}],"author":"f1000024","twitter_card":"summary_large_image","twitter_misc":{"Escrito por":"f1000024","Tiempo de lectura":"3 minutos"},"schema":{"@context":"https:\/\/schema.org","@graph":[{"@type":"Article","@id":"https:\/\/cvinoticias.com\/v3\/firma-de-convenio-para-el-dictado-de-la-carrera-de-licenciatura-de-trabajo-social-en-eldorado\/#article","isPartOf":{"@id":"https:\/\/cvinoticias.com\/v3\/firma-de-convenio-para-el-dictado-de-la-carrera-de-licenciatura-de-trabajo-social-en-eldorado\/"},"author":{"name":"f1000024","@id":"https:\/\/cvinoticias.com\/v3\/#\/schema\/person\/2db77e3c6bc03c538495d7b2b8be9b66"},"headline":"Firma de convenio para el dictado de la carrera de Licenciatura de Trabajo Social en Eldorado","datePublished":"2021-04-02T13:43:30+00:00","mainEntityOfPage":{"@id":"https:\/\/cvinoticias.com\/v3\/firma-de-convenio-para-el-dictado-de-la-carrera-de-licenciatura-de-trabajo-social-en-eldorado\/"},"wordCount":606,"commentCount":0,"publisher":{"@id":"https:\/\/cvinoticias.com\/v3\/#organization"},"image":{"@id":"https:\/\/cvinoticias.com\/v3\/firma-de-convenio-para-el-dictado-de-la-carrera-de-licenciatura-de-trabajo-social-en-eldorado\/#primaryimage"},"thumbnailUrl":"https:\/\/cvinoticias.com\/wp-content\/uploads\/2021\/04\/IMG-20210402-WA0008.jpg","articleSection":["Educacion"],"inLanguage":"es","potentialAction":[{"@type":"CommentAction","name":"Comment","target":["https:\/\/cvinoticias.com\/v3\/firma-de-convenio-para-el-dictado-de-la-carrera-de-licenciatura-de-trabajo-social-en-eldorado\/#respond"]}]},{"@type":"WebPage","@id":"https:\/\/cvinoticias.com\/v3\/firma-de-convenio-para-el-dictado-de-la-carrera-de-licenciatura-de-trabajo-social-en-eldorado\/","url":"https:\/\/cvinoticias.com\/v3\/firma-de-convenio-para-el-dictado-de-la-carrera-de-licenciatura-de-trabajo-social-en-eldorado\/","name":"Firma de convenio para el dictado de la carrera de Licenciatura de Trabajo Social en Eldorado | CVI NOTICIAS","isPartOf":{"@id":"https:\/\/cvinoticias.com\/v3\/#website"},"primaryImageOfPage":{"@id":"https:\/\/cvinoticias.com\/v3\/firma-de-convenio-para-el-dictado-de-la-carrera-de-licenciatura-de-trabajo-social-en-eldorado\/#primaryimage"},"image":{"@id":"https:\/\/cvinoticias.com\/v3\/firma-de-convenio-para-el-dictado-de-la-carrera-de-licenciatura-de-trabajo-social-en-eldorado\/#primaryimage"},"thumbnailUrl":"https:\/\/cvinoticias.com\/wp-content\/uploads\/2021\/04\/IMG-20210402-WA0008.jpg","datePublished":"2021-04-02T13:43:30+00:00","breadcrumb":{"@id":"https:\/\/cvinoticias.com\/v3\/firma-de-convenio-para-el-dictado-de-la-carrera-de-licenciatura-de-trabajo-social-en-eldorado\/#breadcrumb"},"inLanguage":"es","potentialAction":[{"@type":"ReadAction","target":["https:\/\/cvinoticias.com\/v3\/firma-de-convenio-para-el-dictado-de-la-carrera-de-licenciatura-de-trabajo-social-en-eldorado\/"]}]},{"@type":"ImageObject","inLanguage":"es","@id":"https:\/\/cvinoticias.com\/v3\/firma-de-convenio-para-el-dictado-de-la-carrera-de-licenciatura-de-trabajo-social-en-eldorado\/#primaryimage","url":"https:\/\/cvinoticias.com\/wp-content\/uploads\/2021\/04\/IMG-20210402-WA0008.jpg","contentUrl":"https:\/\/cvinoticias.com\/wp-content\/uploads\/2021\/04\/IMG-20210402-WA0008.jpg","width":1280,"height":758},{"@type":"BreadcrumbList","@id":"https:\/\/cvinoticias.com\/v3\/firma-de-convenio-para-el-dictado-de-la-carrera-de-licenciatura-de-trabajo-social-en-eldorado\/#breadcrumb","itemListElement":[{"@type":"ListItem","position":1,"name":"Portada","item":"https:\/\/cvinoticias.com\/v3\/"},{"@type":"ListItem","position":2,"name":"Firma de convenio para el dictado de la carrera de Licenciatura de Trabajo Social en Eldorado"}]},{"@type":"WebSite","@id":"https:\/\/cvinoticias.com\/v3\/#website","url":"https:\/\/cvinoticias.com\/v3\/","name":"CVI NOTICIAS","description":"","publisher":{"@id":"https:\/\/cvinoticias.com\/v3\/#organization"},"alternateName":"CVI","potentialAction":[{"@type":"SearchAction","target":{"@type":"EntryPoint","urlTemplate":"https:\/\/cvinoticias.com\/v3\/?s={search_term_string}"},"query-input":{"@type":"PropertyValueSpecification","valueRequired":true,"valueName":"search_term_string"}}],"inLanguage":"es"},{"@type":"Organization","@id":"https:\/\/cvinoticias.com\/v3\/#organization","name":"CVI NOTICIAS","url":"https:\/\/cvinoticias.com\/v3\/","logo":{"@type":"ImageObject","inLanguage":"es","@id":"https:\/\/cvinoticias.com\/v3\/#\/schema\/logo\/image\/","url":"https:\/\/cvinoticias.com\/wp-content\/uploads\/2023\/04\/cropped-cropped-cropped-cropped-cropped-3-1.png","contentUrl":"https:\/\/cvinoticias.com\/wp-content\/uploads\/2023\/04\/cropped-cropped-cropped-cropped-cropped-3-1.png","width":95,"height":122,"caption":"CVI NOTICIAS"},"image":{"@id":"https:\/\/cvinoticias.com\/v3\/#\/schema\/logo\/image\/"},"sameAs":["https:\/\/www.facebook.com\/cvinoticias","https:\/\/www.instagram.com\/cvinoticias\/","https:\/\/www.youtube.com\/@CVINOTICIAS"]},{"@type":"Person","@id":"https:\/\/cvinoticias.com\/v3\/#\/schema\/person\/2db77e3c6bc03c538495d7b2b8be9b66","name":"f1000024","image":{"@type":"ImageObject","inLanguage":"es","@id":"https:\/\/secure.gravatar.com\/avatar\/d4fe7459cfc51ff5129ce1a732bbef5928568b8092d412ef95611616376bbeed?s=96&d=mm&r=g","url":"https:\/\/secure.gravatar.com\/avatar\/d4fe7459cfc51ff5129ce1a732bbef5928568b8092d412ef95611616376bbeed?s=96&d=mm&r=g","contentUrl":"https:\/\/secure.gravatar.com\/avatar\/d4fe7459cfc51ff5129ce1a732bbef5928568b8092d412ef95611616376bbeed?s=96&d=mm&r=g","caption":"f1000024"},"url":"https:\/\/cvinoticias.com\/v3\/author\/f1000024\/"}]}},"_links":{"self":[{"href":"https:\/\/cvinoticias.com\/v3\/wp-json\/wp\/v2\/posts\/3827","targetHints":{"allow":["GET"]}}],"collection":[{"href":"https:\/\/cvinoticias.com\/v3\/wp-json\/wp\/v2\/posts"}],"about":[{"href":"https:\/\/cvinoticias.com\/v3\/wp-json\/wp\/v2\/types\/post"}],"author":[{"embeddable":true,"href":"https:\/\/cvinoticias.com\/v3\/wp-json\/wp\/v2\/users\/2"}],"replies":[{"embeddable":true,"href":"https:\/\/cvinoticias.com\/v3\/wp-json\/wp\/v2\/comments?post=3827"}],"version-history":[{"count":1,"href":"https:\/\/cvinoticias.com\/v3\/wp-json\/wp\/v2\/posts\/3827\/revisions"}],"predecessor-version":[{"id":3831,"href":"https:\/\/cvinoticias.com\/v3\/wp-json\/wp\/v2\/posts\/3827\/revisions\/3831"}],"wp:featuredmedia":[{"embeddable":true,"href":"https:\/\/cvinoticias.com\/v3\/wp-json\/wp\/v2\/media\/3828"}],"wp:attachment":[{"href":"https:\/\/cvinoticias.com\/v3\/wp-json\/wp\/v2\/media?parent=3827"}],"wp:term":[{"taxonomy":"category","embeddable":true,"href":"https:\/\/cvinoticias.com\/v3\/wp-json\/wp\/v2\/categories?post=3827"},{"taxonomy":"post_tag","embeddable":true,"href":"https:\/\/cvinoticias.com\/v3\/wp-json\/wp\/v2\/tags?post=3827"}],"curies":[{"name":"wp","href":"https:\/\/api.w.org\/{rel}","templated":true}]}}