{"id":38189,"date":"2024-12-26T18:02:29","date_gmt":"2024-12-26T21:02:29","guid":{"rendered":"https:\/\/cvinoticias.com\/v3\/?p=38189"},"modified":"2024-12-26T18:02:30","modified_gmt":"2024-12-26T21:02:30","slug":"la-oficina-de-empleo-iguazu-permanecera-abierta-durante-el-verano-para-atender-a-la-comunidad","status":"publish","type":"post","link":"https:\/\/cvinoticias.com\/v3\/la-oficina-de-empleo-iguazu-permanecera-abierta-durante-el-verano-para-atender-a-la-comunidad\/","title":{"rendered":"La Oficina de Empleo Iguaz\u00fa permanecer\u00e1 abierta durante el verano para atender a la comunidad"},"content":{"rendered":"\n<p>La Oficina de Empleo Iguaz\u00fa informa que sus puertas permanecer\u00e1n abiertas durante todo el verano para brindar atenci\u00f3n y servicios a la comunidad. En este per\u00edodo, se podr\u00e1n realizar inscripciones a los programas Fomentar, recibir orientaci\u00f3n laboral y entregar curriculums vitae.<\/p>\n\n\n\n<p>Adem\u00e1s, las personas que ya est\u00e1n adheridas a los programas y tienen dudas o consultas sobre la actualizaci\u00f3n de datos personales podr\u00e1n acercarse a la oficina para recibir asistencia.<\/p>\n\n\n\n<figure class=\"wp-block-image size-large\"><a href=\"https:\/\/cvinoticias.com\/wp-content\/uploads\/2024\/12\/IMG-20241226-WA0174-scaled.jpg\"><img decoding=\"async\" width=\"1024\" height=\"577\" data-src=\"https:\/\/cvinoticias.com\/wp-content\/uploads\/2024\/12\/IMG-20241226-WA0174-1024x577.jpg\" alt=\"\" class=\"wp-image-38190 lazyload\" data-srcset=\"https:\/\/cvinoticias.com\/wp-content\/uploads\/2024\/12\/IMG-20241226-WA0174-1024x577.jpg 1024w, https:\/\/cvinoticias.com\/wp-content\/uploads\/2024\/12\/IMG-20241226-WA0174-300x169.jpg 300w, https:\/\/cvinoticias.com\/wp-content\/uploads\/2024\/12\/IMG-20241226-WA0174-768x432.jpg 768w, https:\/\/cvinoticias.com\/wp-content\/uploads\/2024\/12\/IMG-20241226-WA0174-1536x865.jpg 1536w, https:\/\/cvinoticias.com\/wp-content\/uploads\/2024\/12\/IMG-20241226-WA0174-2048x1153.jpg 2048w\" data-sizes=\"(max-width: 1024px) 100vw, 1024px\" src=\"data:image\/svg+xml;base64,PHN2ZyB3aWR0aD0iMSIgaGVpZ2h0PSIxIiB4bWxucz0iaHR0cDovL3d3dy53My5vcmcvMjAwMC9zdmciPjwvc3ZnPg==\" style=\"--smush-placeholder-width: 1024px; --smush-placeholder-aspect-ratio: 1024\/577;\" \/><\/a><\/figure>\n\n\n\n<p>La Oficina de Empleo Iguaz\u00fa tambi\u00e9n anticipa que para el pr\u00f3ximo a\u00f1o tendr\u00e1n novedades sobre nuevos cursos y talleres disponibles, lo que permitir\u00e1 a los interesados acceder a oportunidades de capacitaci\u00f3n y mejora laboral.<\/p>\n\n\n\n<p>La decisi\u00f3n de mantener la oficina abierta durante el verano responde al compromiso de la instituci\u00f3n de brindar servicios de calidad y atenci\u00f3n personalizada a la comunidad, incluso durante los per\u00edodos de vacaciones.<\/p>\n","protected":false},"excerpt":{"rendered":"<p>La Oficina de Empleo Iguaz\u00fa informa que sus puertas permanecer\u00e1n abiertas durante todo el verano para brindar atenci\u00f3n y servicios a la comunidad. En este per\u00edodo, se podr\u00e1n realizar inscripciones a los programas Fomentar, recibir orientaci\u00f3n laboral y entregar curriculums vitae. Adem\u00e1s, las personas que ya est\u00e1n adheridas a los programas y tienen dudas o [&hellip;]<\/p>\n","protected":false},"author":2,"featured_media":38191,"comment_status":"open","ping_status":"open","sticky":false,"template":"","format":"standard","meta":{"footnotes":""},"categories":[512],"tags":[936,823,864],"class_list":["post-38189","post","type-post","status-publish","format-standard","has-post-thumbnail","hentry","category-empleo","tag-abierto","tag-oficina-de-empleo","tag-verano"],"yoast_head":"<!-- This site is optimized with the Yoast SEO plugin v27.5 - https:\/\/yoast.com\/product\/yoast-seo-wordpress\/ -->\n<title>La Oficina de Empleo Iguaz\u00fa permanecer\u00e1 abierta durante el verano para atender a la comunidad | CVI NOTICIAS<\/title>\n<meta name=\"robots\" content=\"index, follow, max-snippet:-1, max-image-preview:large, max-video-preview:-1\" \/>\n<link rel=\"canonical\" href=\"https:\/\/cvinoticias.com\/v3\/la-oficina-de-empleo-iguazu-permanecera-abierta-durante-el-verano-para-atender-a-la-comunidad\/\" \/>\n<meta property=\"og:locale\" content=\"es_ES\" \/>\n<meta property=\"og:type\" content=\"article\" \/>\n<meta property=\"og:title\" content=\"La Oficina de Empleo Iguaz\u00fa permanecer\u00e1 abierta durante el verano para atender a la comunidad | CVI NOTICIAS\" \/>\n<meta property=\"og:description\" content=\"La Oficina de Empleo Iguaz\u00fa informa que sus puertas permanecer\u00e1n abiertas durante todo el verano para brindar atenci\u00f3n y servicios a la comunidad. En este per\u00edodo, se podr\u00e1n realizar inscripciones a los programas Fomentar, recibir orientaci\u00f3n laboral y entregar curriculums vitae. Adem\u00e1s, las personas que ya est\u00e1n adheridas a los programas y tienen dudas o [&hellip;]\" \/>\n<meta property=\"og:url\" content=\"https:\/\/cvinoticias.com\/v3\/la-oficina-de-empleo-iguazu-permanecera-abierta-durante-el-verano-para-atender-a-la-comunidad\/\" \/>\n<meta property=\"og:site_name\" content=\"CVI NOTICIAS\" \/>\n<meta property=\"article:publisher\" content=\"https:\/\/www.facebook.com\/cvinoticias\" \/>\n<meta property=\"article:published_time\" content=\"2024-12-26T21:02:29+00:00\" \/>\n<meta property=\"article:modified_time\" content=\"2024-12-26T21:02:30+00:00\" \/>\n<meta property=\"og:image\" content=\"https:\/\/cvinoticias.com\/wp-content\/uploads\/2024\/12\/IMG-20241226-WA0172-scaled.jpg\" \/>\n\t<meta property=\"og:image:width\" content=\"2560\" \/>\n\t<meta property=\"og:image:height\" content=\"1441\" \/>\n\t<meta property=\"og:image:type\" content=\"image\/jpeg\" \/>\n<meta name=\"author\" content=\"f1000024\" \/>\n<meta name=\"twitter:card\" content=\"summary_large_image\" \/>\n<meta name=\"twitter:label1\" content=\"Escrito por\" \/>\n\t<meta name=\"twitter:data1\" content=\"f1000024\" \/>\n\t<meta name=\"twitter:label2\" content=\"Tiempo de lectura\" \/>\n\t<meta name=\"twitter:data2\" content=\"2 minutos\" \/>\n<script type=\"application\/ld+json\" class=\"yoast-schema-graph\">{\"@context\":\"https:\\\/\\\/schema.org\",\"@graph\":[{\"@type\":\"Article\",\"@id\":\"https:\\\/\\\/cvinoticias.com\\\/v3\\\/la-oficina-de-empleo-iguazu-permanecera-abierta-durante-el-verano-para-atender-a-la-comunidad\\\/#article\",\"isPartOf\":{\"@id\":\"https:\\\/\\\/cvinoticias.com\\\/v3\\\/la-oficina-de-empleo-iguazu-permanecera-abierta-durante-el-verano-para-atender-a-la-comunidad\\\/\"},\"author\":{\"name\":\"f1000024\",\"@id\":\"https:\\\/\\\/cvinoticias.com\\\/v3\\\/#\\\/schema\\\/person\\\/2db77e3c6bc03c538495d7b2b8be9b66\"},\"headline\":\"La Oficina de Empleo Iguaz\u00fa permanecer\u00e1 abierta durante el verano para atender a la comunidad\",\"datePublished\":\"2024-12-26T21:02:29+00:00\",\"dateModified\":\"2024-12-26T21:02:30+00:00\",\"mainEntityOfPage\":{\"@id\":\"https:\\\/\\\/cvinoticias.com\\\/v3\\\/la-oficina-de-empleo-iguazu-permanecera-abierta-durante-el-verano-para-atender-a-la-comunidad\\\/\"},\"wordCount\":170,\"commentCount\":0,\"publisher\":{\"@id\":\"https:\\\/\\\/cvinoticias.com\\\/v3\\\/#organization\"},\"image\":{\"@id\":\"https:\\\/\\\/cvinoticias.com\\\/v3\\\/la-oficina-de-empleo-iguazu-permanecera-abierta-durante-el-verano-para-atender-a-la-comunidad\\\/#primaryimage\"},\"thumbnailUrl\":\"https:\\\/\\\/cvinoticias.com\\\/wp-content\\\/uploads\\\/2024\\\/12\\\/IMG-20241226-WA0172-scaled.jpg\",\"keywords\":[\"Abierto\",\"Oficina de empleo\",\"Verano\"],\"articleSection\":[\"Empleo\"],\"inLanguage\":\"es\",\"potentialAction\":[{\"@type\":\"CommentAction\",\"name\":\"Comment\",\"target\":[\"https:\\\/\\\/cvinoticias.com\\\/v3\\\/la-oficina-de-empleo-iguazu-permanecera-abierta-durante-el-verano-para-atender-a-la-comunidad\\\/#respond\"]}]},{\"@type\":\"WebPage\",\"@id\":\"https:\\\/\\\/cvinoticias.com\\\/v3\\\/la-oficina-de-empleo-iguazu-permanecera-abierta-durante-el-verano-para-atender-a-la-comunidad\\\/\",\"url\":\"https:\\\/\\\/cvinoticias.com\\\/v3\\\/la-oficina-de-empleo-iguazu-permanecera-abierta-durante-el-verano-para-atender-a-la-comunidad\\\/\",\"name\":\"La Oficina de Empleo Iguaz\u00fa permanecer\u00e1 abierta durante el verano para atender a la comunidad | CVI NOTICIAS\",\"isPartOf\":{\"@id\":\"https:\\\/\\\/cvinoticias.com\\\/v3\\\/#website\"},\"primaryImageOfPage\":{\"@id\":\"https:\\\/\\\/cvinoticias.com\\\/v3\\\/la-oficina-de-empleo-iguazu-permanecera-abierta-durante-el-verano-para-atender-a-la-comunidad\\\/#primaryimage\"},\"image\":{\"@id\":\"https:\\\/\\\/cvinoticias.com\\\/v3\\\/la-oficina-de-empleo-iguazu-permanecera-abierta-durante-el-verano-para-atender-a-la-comunidad\\\/#primaryimage\"},\"thumbnailUrl\":\"https:\\\/\\\/cvinoticias.com\\\/wp-content\\\/uploads\\\/2024\\\/12\\\/IMG-20241226-WA0172-scaled.jpg\",\"datePublished\":\"2024-12-26T21:02:29+00:00\",\"dateModified\":\"2024-12-26T21:02:30+00:00\",\"breadcrumb\":{\"@id\":\"https:\\\/\\\/cvinoticias.com\\\/v3\\\/la-oficina-de-empleo-iguazu-permanecera-abierta-durante-el-verano-para-atender-a-la-comunidad\\\/#breadcrumb\"},\"inLanguage\":\"es\",\"potentialAction\":[{\"@type\":\"ReadAction\",\"target\":[\"https:\\\/\\\/cvinoticias.com\\\/v3\\\/la-oficina-de-empleo-iguazu-permanecera-abierta-durante-el-verano-para-atender-a-la-comunidad\\\/\"]}]},{\"@type\":\"ImageObject\",\"inLanguage\":\"es\",\"@id\":\"https:\\\/\\\/cvinoticias.com\\\/v3\\\/la-oficina-de-empleo-iguazu-permanecera-abierta-durante-el-verano-para-atender-a-la-comunidad\\\/#primaryimage\",\"url\":\"https:\\\/\\\/cvinoticias.com\\\/wp-content\\\/uploads\\\/2024\\\/12\\\/IMG-20241226-WA0172-scaled.jpg\",\"contentUrl\":\"https:\\\/\\\/cvinoticias.com\\\/wp-content\\\/uploads\\\/2024\\\/12\\\/IMG-20241226-WA0172-scaled.jpg\",\"width\":2560,\"height\":1441},{\"@type\":\"BreadcrumbList\",\"@id\":\"https:\\\/\\\/cvinoticias.com\\\/v3\\\/la-oficina-de-empleo-iguazu-permanecera-abierta-durante-el-verano-para-atender-a-la-comunidad\\\/#breadcrumb\",\"itemListElement\":[{\"@type\":\"ListItem\",\"position\":1,\"name\":\"Portada\",\"item\":\"https:\\\/\\\/cvinoticias.com\\\/v3\\\/\"},{\"@type\":\"ListItem\",\"position\":2,\"name\":\"La Oficina de Empleo Iguaz\u00fa permanecer\u00e1 abierta durante el verano para atender a la comunidad\"}]},{\"@type\":\"WebSite\",\"@id\":\"https:\\\/\\\/cvinoticias.com\\\/v3\\\/#website\",\"url\":\"https:\\\/\\\/cvinoticias.com\\\/v3\\\/\",\"name\":\"CVI NOTICIAS\",\"description\":\"\",\"publisher\":{\"@id\":\"https:\\\/\\\/cvinoticias.com\\\/v3\\\/#organization\"},\"alternateName\":\"CVI\",\"potentialAction\":[{\"@type\":\"SearchAction\",\"target\":{\"@type\":\"EntryPoint\",\"urlTemplate\":\"https:\\\/\\\/cvinoticias.com\\\/v3\\\/?s={search_term_string}\"},\"query-input\":{\"@type\":\"PropertyValueSpecification\",\"valueRequired\":true,\"valueName\":\"search_term_string\"}}],\"inLanguage\":\"es\"},{\"@type\":\"Organization\",\"@id\":\"https:\\\/\\\/cvinoticias.com\\\/v3\\\/#organization\",\"name\":\"CVI NOTICIAS\",\"url\":\"https:\\\/\\\/cvinoticias.com\\\/v3\\\/\",\"logo\":{\"@type\":\"ImageObject\",\"inLanguage\":\"es\",\"@id\":\"https:\\\/\\\/cvinoticias.com\\\/v3\\\/#\\\/schema\\\/logo\\\/image\\\/\",\"url\":\"https:\\\/\\\/cvinoticias.com\\\/wp-content\\\/uploads\\\/2023\\\/04\\\/cropped-cropped-cropped-cropped-cropped-3-1.png\",\"contentUrl\":\"https:\\\/\\\/cvinoticias.com\\\/wp-content\\\/uploads\\\/2023\\\/04\\\/cropped-cropped-cropped-cropped-cropped-3-1.png\",\"width\":95,\"height\":122,\"caption\":\"CVI NOTICIAS\"},\"image\":{\"@id\":\"https:\\\/\\\/cvinoticias.com\\\/v3\\\/#\\\/schema\\\/logo\\\/image\\\/\"},\"sameAs\":[\"https:\\\/\\\/www.facebook.com\\\/cvinoticias\",\"https:\\\/\\\/www.instagram.com\\\/cvinoticias\\\/\",\"https:\\\/\\\/www.youtube.com\\\/@CVINOTICIAS\"]},{\"@type\":\"Person\",\"@id\":\"https:\\\/\\\/cvinoticias.com\\\/v3\\\/#\\\/schema\\\/person\\\/2db77e3c6bc03c538495d7b2b8be9b66\",\"name\":\"f1000024\",\"image\":{\"@type\":\"ImageObject\",\"inLanguage\":\"es\",\"@id\":\"https:\\\/\\\/secure.gravatar.com\\\/avatar\\\/d4fe7459cfc51ff5129ce1a732bbef5928568b8092d412ef95611616376bbeed?s=96&d=mm&r=g\",\"url\":\"https:\\\/\\\/secure.gravatar.com\\\/avatar\\\/d4fe7459cfc51ff5129ce1a732bbef5928568b8092d412ef95611616376bbeed?s=96&d=mm&r=g\",\"contentUrl\":\"https:\\\/\\\/secure.gravatar.com\\\/avatar\\\/d4fe7459cfc51ff5129ce1a732bbef5928568b8092d412ef95611616376bbeed?s=96&d=mm&r=g\",\"caption\":\"f1000024\"},\"url\":\"https:\\\/\\\/cvinoticias.com\\\/v3\\\/author\\\/f1000024\\\/\"}]}<\/script>\n<!-- \/ Yoast SEO plugin. -->","yoast_head_json":{"title":"La Oficina de Empleo Iguaz\u00fa permanecer\u00e1 abierta durante el verano para atender a la comunidad | CVI NOTICIAS","robots":{"index":"index","follow":"follow","max-snippet":"max-snippet:-1","max-image-preview":"max-image-preview:large","max-video-preview":"max-video-preview:-1"},"canonical":"https:\/\/cvinoticias.com\/v3\/la-oficina-de-empleo-iguazu-permanecera-abierta-durante-el-verano-para-atender-a-la-comunidad\/","og_locale":"es_ES","og_type":"article","og_title":"La Oficina de Empleo Iguaz\u00fa permanecer\u00e1 abierta durante el verano para atender a la comunidad | CVI NOTICIAS","og_description":"La Oficina de Empleo Iguaz\u00fa informa que sus puertas permanecer\u00e1n abiertas durante todo el verano para brindar atenci\u00f3n y servicios a la comunidad. En este per\u00edodo, se podr\u00e1n realizar inscripciones a los programas Fomentar, recibir orientaci\u00f3n laboral y entregar curriculums vitae. Adem\u00e1s, las personas que ya est\u00e1n adheridas a los programas y tienen dudas o [&hellip;]","og_url":"https:\/\/cvinoticias.com\/v3\/la-oficina-de-empleo-iguazu-permanecera-abierta-durante-el-verano-para-atender-a-la-comunidad\/","og_site_name":"CVI NOTICIAS","article_publisher":"https:\/\/www.facebook.com\/cvinoticias","article_published_time":"2024-12-26T21:02:29+00:00","article_modified_time":"2024-12-26T21:02:30+00:00","og_image":[{"width":2560,"height":1441,"url":"https:\/\/cvinoticias.com\/wp-content\/uploads\/2024\/12\/IMG-20241226-WA0172-scaled.jpg","type":"image\/jpeg"}],"author":"f1000024","twitter_card":"summary_large_image","twitter_misc":{"Escrito por":"f1000024","Tiempo de lectura":"2 minutos"},"schema":{"@context":"https:\/\/schema.org","@graph":[{"@type":"Article","@id":"https:\/\/cvinoticias.com\/v3\/la-oficina-de-empleo-iguazu-permanecera-abierta-durante-el-verano-para-atender-a-la-comunidad\/#article","isPartOf":{"@id":"https:\/\/cvinoticias.com\/v3\/la-oficina-de-empleo-iguazu-permanecera-abierta-durante-el-verano-para-atender-a-la-comunidad\/"},"author":{"name":"f1000024","@id":"https:\/\/cvinoticias.com\/v3\/#\/schema\/person\/2db77e3c6bc03c538495d7b2b8be9b66"},"headline":"La Oficina de Empleo Iguaz\u00fa permanecer\u00e1 abierta durante el verano para atender a la comunidad","datePublished":"2024-12-26T21:02:29+00:00","dateModified":"2024-12-26T21:02:30+00:00","mainEntityOfPage":{"@id":"https:\/\/cvinoticias.com\/v3\/la-oficina-de-empleo-iguazu-permanecera-abierta-durante-el-verano-para-atender-a-la-comunidad\/"},"wordCount":170,"commentCount":0,"publisher":{"@id":"https:\/\/cvinoticias.com\/v3\/#organization"},"image":{"@id":"https:\/\/cvinoticias.com\/v3\/la-oficina-de-empleo-iguazu-permanecera-abierta-durante-el-verano-para-atender-a-la-comunidad\/#primaryimage"},"thumbnailUrl":"https:\/\/cvinoticias.com\/wp-content\/uploads\/2024\/12\/IMG-20241226-WA0172-scaled.jpg","keywords":["Abierto","Oficina de empleo","Verano"],"articleSection":["Empleo"],"inLanguage":"es","potentialAction":[{"@type":"CommentAction","name":"Comment","target":["https:\/\/cvinoticias.com\/v3\/la-oficina-de-empleo-iguazu-permanecera-abierta-durante-el-verano-para-atender-a-la-comunidad\/#respond"]}]},{"@type":"WebPage","@id":"https:\/\/cvinoticias.com\/v3\/la-oficina-de-empleo-iguazu-permanecera-abierta-durante-el-verano-para-atender-a-la-comunidad\/","url":"https:\/\/cvinoticias.com\/v3\/la-oficina-de-empleo-iguazu-permanecera-abierta-durante-el-verano-para-atender-a-la-comunidad\/","name":"La Oficina de Empleo Iguaz\u00fa permanecer\u00e1 abierta durante el verano para atender a la comunidad | CVI NOTICIAS","isPartOf":{"@id":"https:\/\/cvinoticias.com\/v3\/#website"},"primaryImageOfPage":{"@id":"https:\/\/cvinoticias.com\/v3\/la-oficina-de-empleo-iguazu-permanecera-abierta-durante-el-verano-para-atender-a-la-comunidad\/#primaryimage"},"image":{"@id":"https:\/\/cvinoticias.com\/v3\/la-oficina-de-empleo-iguazu-permanecera-abierta-durante-el-verano-para-atender-a-la-comunidad\/#primaryimage"},"thumbnailUrl":"https:\/\/cvinoticias.com\/wp-content\/uploads\/2024\/12\/IMG-20241226-WA0172-scaled.jpg","datePublished":"2024-12-26T21:02:29+00:00","dateModified":"2024-12-26T21:02:30+00:00","breadcrumb":{"@id":"https:\/\/cvinoticias.com\/v3\/la-oficina-de-empleo-iguazu-permanecera-abierta-durante-el-verano-para-atender-a-la-comunidad\/#breadcrumb"},"inLanguage":"es","potentialAction":[{"@type":"ReadAction","target":["https:\/\/cvinoticias.com\/v3\/la-oficina-de-empleo-iguazu-permanecera-abierta-durante-el-verano-para-atender-a-la-comunidad\/"]}]},{"@type":"ImageObject","inLanguage":"es","@id":"https:\/\/cvinoticias.com\/v3\/la-oficina-de-empleo-iguazu-permanecera-abierta-durante-el-verano-para-atender-a-la-comunidad\/#primaryimage","url":"https:\/\/cvinoticias.com\/wp-content\/uploads\/2024\/12\/IMG-20241226-WA0172-scaled.jpg","contentUrl":"https:\/\/cvinoticias.com\/wp-content\/uploads\/2024\/12\/IMG-20241226-WA0172-scaled.jpg","width":2560,"height":1441},{"@type":"BreadcrumbList","@id":"https:\/\/cvinoticias.com\/v3\/la-oficina-de-empleo-iguazu-permanecera-abierta-durante-el-verano-para-atender-a-la-comunidad\/#breadcrumb","itemListElement":[{"@type":"ListItem","position":1,"name":"Portada","item":"https:\/\/cvinoticias.com\/v3\/"},{"@type":"ListItem","position":2,"name":"La Oficina de Empleo Iguaz\u00fa permanecer\u00e1 abierta durante el verano para atender a la comunidad"}]},{"@type":"WebSite","@id":"https:\/\/cvinoticias.com\/v3\/#website","url":"https:\/\/cvinoticias.com\/v3\/","name":"CVI NOTICIAS","description":"","publisher":{"@id":"https:\/\/cvinoticias.com\/v3\/#organization"},"alternateName":"CVI","potentialAction":[{"@type":"SearchAction","target":{"@type":"EntryPoint","urlTemplate":"https:\/\/cvinoticias.com\/v3\/?s={search_term_string}"},"query-input":{"@type":"PropertyValueSpecification","valueRequired":true,"valueName":"search_term_string"}}],"inLanguage":"es"},{"@type":"Organization","@id":"https:\/\/cvinoticias.com\/v3\/#organization","name":"CVI NOTICIAS","url":"https:\/\/cvinoticias.com\/v3\/","logo":{"@type":"ImageObject","inLanguage":"es","@id":"https:\/\/cvinoticias.com\/v3\/#\/schema\/logo\/image\/","url":"https:\/\/cvinoticias.com\/wp-content\/uploads\/2023\/04\/cropped-cropped-cropped-cropped-cropped-3-1.png","contentUrl":"https:\/\/cvinoticias.com\/wp-content\/uploads\/2023\/04\/cropped-cropped-cropped-cropped-cropped-3-1.png","width":95,"height":122,"caption":"CVI NOTICIAS"},"image":{"@id":"https:\/\/cvinoticias.com\/v3\/#\/schema\/logo\/image\/"},"sameAs":["https:\/\/www.facebook.com\/cvinoticias","https:\/\/www.instagram.com\/cvinoticias\/","https:\/\/www.youtube.com\/@CVINOTICIAS"]},{"@type":"Person","@id":"https:\/\/cvinoticias.com\/v3\/#\/schema\/person\/2db77e3c6bc03c538495d7b2b8be9b66","name":"f1000024","image":{"@type":"ImageObject","inLanguage":"es","@id":"https:\/\/secure.gravatar.com\/avatar\/d4fe7459cfc51ff5129ce1a732bbef5928568b8092d412ef95611616376bbeed?s=96&d=mm&r=g","url":"https:\/\/secure.gravatar.com\/avatar\/d4fe7459cfc51ff5129ce1a732bbef5928568b8092d412ef95611616376bbeed?s=96&d=mm&r=g","contentUrl":"https:\/\/secure.gravatar.com\/avatar\/d4fe7459cfc51ff5129ce1a732bbef5928568b8092d412ef95611616376bbeed?s=96&d=mm&r=g","caption":"f1000024"},"url":"https:\/\/cvinoticias.com\/v3\/author\/f1000024\/"}]}},"_links":{"self":[{"href":"https:\/\/cvinoticias.com\/v3\/wp-json\/wp\/v2\/posts\/38189","targetHints":{"allow":["GET"]}}],"collection":[{"href":"https:\/\/cvinoticias.com\/v3\/wp-json\/wp\/v2\/posts"}],"about":[{"href":"https:\/\/cvinoticias.com\/v3\/wp-json\/wp\/v2\/types\/post"}],"author":[{"embeddable":true,"href":"https:\/\/cvinoticias.com\/v3\/wp-json\/wp\/v2\/users\/2"}],"replies":[{"embeddable":true,"href":"https:\/\/cvinoticias.com\/v3\/wp-json\/wp\/v2\/comments?post=38189"}],"version-history":[{"count":1,"href":"https:\/\/cvinoticias.com\/v3\/wp-json\/wp\/v2\/posts\/38189\/revisions"}],"predecessor-version":[{"id":38192,"href":"https:\/\/cvinoticias.com\/v3\/wp-json\/wp\/v2\/posts\/38189\/revisions\/38192"}],"wp:featuredmedia":[{"embeddable":true,"href":"https:\/\/cvinoticias.com\/v3\/wp-json\/wp\/v2\/media\/38191"}],"wp:attachment":[{"href":"https:\/\/cvinoticias.com\/v3\/wp-json\/wp\/v2\/media?parent=38189"}],"wp:term":[{"taxonomy":"category","embeddable":true,"href":"https:\/\/cvinoticias.com\/v3\/wp-json\/wp\/v2\/categories?post=38189"},{"taxonomy":"post_tag","embeddable":true,"href":"https:\/\/cvinoticias.com\/v3\/wp-json\/wp\/v2\/tags?post=38189"}],"curies":[{"name":"wp","href":"https:\/\/api.w.org\/{rel}","templated":true}]}}