{"id":38080,"date":"2024-12-23T10:25:00","date_gmt":"2024-12-23T13:25:00","guid":{"rendered":"https:\/\/cvinoticias.com\/v3\/?p=38080"},"modified":"2024-12-23T15:50:42","modified_gmt":"2024-12-23T18:50:42","slug":"el-hospital-celebra-jornada-navidena-para-llevar-alegria-a-los-mas-pequenos","status":"publish","type":"post","link":"https:\/\/cvinoticias.com\/v3\/el-hospital-celebra-jornada-navidena-para-llevar-alegria-a-los-mas-pequenos\/","title":{"rendered":"El Hospital celebra jornada navide\u00f1a para llevar alegr\u00eda a los m\u00e1s peque\u00f1os"},"content":{"rendered":"\n<p>En un gesto de solidaridad y alegr\u00eda, el hospital de nuestra ciudad organiz\u00f3 una jornada navide\u00f1a para acercar la magia de la temporada a los pacientes y ni\u00f1os de la comunidad.<\/p>\n\n\n\n<figure class=\"wp-block-image size-large\"><a href=\"https:\/\/cvinoticias.com\/wp-content\/uploads\/2024\/12\/IMG-20241223-WA0062-scaled.jpg\"><img decoding=\"async\" width=\"1024\" height=\"577\" data-src=\"https:\/\/cvinoticias.com\/wp-content\/uploads\/2024\/12\/IMG-20241223-WA0062-1024x577.jpg\" alt=\"\" class=\"wp-image-38082 lazyload\" data-srcset=\"https:\/\/cvinoticias.com\/wp-content\/uploads\/2024\/12\/IMG-20241223-WA0062-1024x577.jpg 1024w, https:\/\/cvinoticias.com\/wp-content\/uploads\/2024\/12\/IMG-20241223-WA0062-300x169.jpg 300w, https:\/\/cvinoticias.com\/wp-content\/uploads\/2024\/12\/IMG-20241223-WA0062-768x432.jpg 768w, https:\/\/cvinoticias.com\/wp-content\/uploads\/2024\/12\/IMG-20241223-WA0062-1536x865.jpg 1536w, https:\/\/cvinoticias.com\/wp-content\/uploads\/2024\/12\/IMG-20241223-WA0062-2048x1153.jpg 2048w\" data-sizes=\"(max-width: 1024px) 100vw, 1024px\" src=\"data:image\/svg+xml;base64,PHN2ZyB3aWR0aD0iMSIgaGVpZ2h0PSIxIiB4bWxucz0iaHR0cDovL3d3dy53My5vcmcvMjAwMC9zdmciPjwvc3ZnPg==\" style=\"--smush-placeholder-width: 1024px; --smush-placeholder-aspect-ratio: 1024\/577;\" \/><\/a><\/figure>\n\n\n\n<p>Pap\u00e1 Noel fue el protagonista de la ma\u00f1ana, realizando un recorrido por todas las salas del hospital, incluyendo la de internaci\u00f3n, para llevar regalos y sonrisas a los m\u00e1s peque\u00f1os.<\/p>\n\n\n\n<figure class=\"wp-block-image size-large\"><a href=\"https:\/\/cvinoticias.com\/wp-content\/uploads\/2024\/12\/IMG-20241223-WA0056-scaled.jpg\"><img decoding=\"async\" width=\"577\" height=\"1024\" data-src=\"https:\/\/cvinoticias.com\/wp-content\/uploads\/2024\/12\/IMG-20241223-WA0056-577x1024.jpg\" alt=\"\" class=\"wp-image-38081 lazyload\" data-srcset=\"https:\/\/cvinoticias.com\/wp-content\/uploads\/2024\/12\/IMG-20241223-WA0056-577x1024.jpg 577w, https:\/\/cvinoticias.com\/wp-content\/uploads\/2024\/12\/IMG-20241223-WA0056-169x300.jpg 169w, https:\/\/cvinoticias.com\/wp-content\/uploads\/2024\/12\/IMG-20241223-WA0056-768x1364.jpg 768w, https:\/\/cvinoticias.com\/wp-content\/uploads\/2024\/12\/IMG-20241223-WA0056-865x1536.jpg 865w, https:\/\/cvinoticias.com\/wp-content\/uploads\/2024\/12\/IMG-20241223-WA0056-1153x2048.jpg 1153w, https:\/\/cvinoticias.com\/wp-content\/uploads\/2024\/12\/IMG-20241223-WA0056-scaled.jpg 1441w\" data-sizes=\"(max-width: 577px) 100vw, 577px\" src=\"data:image\/svg+xml;base64,PHN2ZyB3aWR0aD0iMSIgaGVpZ2h0PSIxIiB4bWxucz0iaHR0cDovL3d3dy53My5vcmcvMjAwMC9zdmciPjwvc3ZnPg==\" style=\"--smush-placeholder-width: 577px; --smush-placeholder-aspect-ratio: 577\/1024;\" \/><\/a><\/figure>\n\n\n\n<p>La fiesta continua afuera del hospital, donde se mont\u00f3 un escenario con actividades recreativas, regalos y m\u00fasica en vivo para los ni\u00f1os. Los empleados del hospital y colaboradores de empresas como el City Center Iguaz\u00fa se unieron para hacer posible este evento especial.<\/p>\n\n\n\n<figure class=\"wp-block-image size-large\"><a href=\"https:\/\/cvinoticias.com\/wp-content\/uploads\/2024\/12\/IMG-20241223-WA0052-scaled.jpg\"><img decoding=\"async\" width=\"577\" height=\"1024\" data-src=\"https:\/\/cvinoticias.com\/wp-content\/uploads\/2024\/12\/IMG-20241223-WA0052-577x1024.jpg\" alt=\"\" class=\"wp-image-38083 lazyload\" data-srcset=\"https:\/\/cvinoticias.com\/wp-content\/uploads\/2024\/12\/IMG-20241223-WA0052-577x1024.jpg 577w, https:\/\/cvinoticias.com\/wp-content\/uploads\/2024\/12\/IMG-20241223-WA0052-169x300.jpg 169w, https:\/\/cvinoticias.com\/wp-content\/uploads\/2024\/12\/IMG-20241223-WA0052-768x1364.jpg 768w, https:\/\/cvinoticias.com\/wp-content\/uploads\/2024\/12\/IMG-20241223-WA0052-865x1536.jpg 865w, https:\/\/cvinoticias.com\/wp-content\/uploads\/2024\/12\/IMG-20241223-WA0052-1153x2048.jpg 1153w, https:\/\/cvinoticias.com\/wp-content\/uploads\/2024\/12\/IMG-20241223-WA0052-scaled.jpg 1441w\" data-sizes=\"(max-width: 577px) 100vw, 577px\" src=\"data:image\/svg+xml;base64,PHN2ZyB3aWR0aD0iMSIgaGVpZ2h0PSIxIiB4bWxucz0iaHR0cDovL3d3dy53My5vcmcvMjAwMC9zdmciPjwvc3ZnPg==\" style=\"--smush-placeholder-width: 577px; --smush-placeholder-aspect-ratio: 577\/1024;\" \/><\/a><\/figure>\n\n\n\n\n\n<p>La jornada navide\u00f1a estar\u00e1 abierta a toda la comunidad hasta el mediod\u00eda, invitando a todos a unirse a la celebraci\u00f3n y compartir la alegr\u00eda de la temporada.<\/p>\n","protected":false},"excerpt":{"rendered":"<p>En un gesto de solidaridad y alegr\u00eda, el hospital de nuestra ciudad organiz\u00f3 una jornada navide\u00f1a para acercar la magia de la temporada a los pacientes y ni\u00f1os de la comunidad. Pap\u00e1 Noel fue el protagonista de la ma\u00f1ana, realizando un recorrido por todas las salas del hospital, incluyendo la de internaci\u00f3n, para llevar regalos [&hellip;]<\/p>\n","protected":false},"author":2,"featured_media":38084,"comment_status":"open","ping_status":"open","sticky":false,"template":"","format":"standard","meta":{"footnotes":""},"categories":[688,22],"tags":[179,76,687,107],"class_list":["post-38080","post","type-post","status-publish","format-standard","has-post-thumbnail","hentry","category-navidad","category-salud","tag-hospital","tag-navidad","tag-ninos","tag-salud"],"yoast_head":"<!-- This site is optimized with the Yoast SEO plugin v27.5 - https:\/\/yoast.com\/product\/yoast-seo-wordpress\/ -->\n<title>El Hospital celebra jornada navide\u00f1a para llevar alegr\u00eda a los m\u00e1s peque\u00f1os | CVI NOTICIAS<\/title>\n<meta name=\"robots\" content=\"index, follow, max-snippet:-1, max-image-preview:large, max-video-preview:-1\" \/>\n<link rel=\"canonical\" href=\"https:\/\/cvinoticias.com\/v3\/el-hospital-celebra-jornada-navidena-para-llevar-alegria-a-los-mas-pequenos\/\" \/>\n<meta property=\"og:locale\" content=\"es_ES\" \/>\n<meta property=\"og:type\" content=\"article\" \/>\n<meta property=\"og:title\" content=\"El Hospital celebra jornada navide\u00f1a para llevar alegr\u00eda a los m\u00e1s peque\u00f1os | CVI NOTICIAS\" \/>\n<meta property=\"og:description\" content=\"En un gesto de solidaridad y alegr\u00eda, el hospital de nuestra ciudad organiz\u00f3 una jornada navide\u00f1a para acercar la magia de la temporada a los pacientes y ni\u00f1os de la comunidad. Pap\u00e1 Noel fue el protagonista de la ma\u00f1ana, realizando un recorrido por todas las salas del hospital, incluyendo la de internaci\u00f3n, para llevar regalos [&hellip;]\" \/>\n<meta property=\"og:url\" content=\"https:\/\/cvinoticias.com\/v3\/el-hospital-celebra-jornada-navidena-para-llevar-alegria-a-los-mas-pequenos\/\" \/>\n<meta property=\"og:site_name\" content=\"CVI NOTICIAS\" \/>\n<meta property=\"article:publisher\" content=\"https:\/\/www.facebook.com\/cvinoticias\" \/>\n<meta property=\"article:published_time\" content=\"2024-12-23T13:25:00+00:00\" \/>\n<meta property=\"article:modified_time\" content=\"2024-12-23T18:50:42+00:00\" \/>\n<meta property=\"og:image\" content=\"https:\/\/cvinoticias.com\/wp-content\/uploads\/2024\/12\/IMG-20241223-WA0064-scaled.jpg\" \/>\n\t<meta property=\"og:image:width\" content=\"2560\" \/>\n\t<meta property=\"og:image:height\" content=\"1441\" \/>\n\t<meta property=\"og:image:type\" content=\"image\/jpeg\" \/>\n<meta name=\"author\" content=\"f1000024\" \/>\n<meta name=\"twitter:card\" content=\"summary_large_image\" \/>\n<meta name=\"twitter:label1\" content=\"Escrito por\" \/>\n\t<meta name=\"twitter:data1\" content=\"f1000024\" \/>\n\t<meta name=\"twitter:label2\" content=\"Tiempo de lectura\" \/>\n\t<meta name=\"twitter:data2\" content=\"2 minutos\" \/>\n<script type=\"application\/ld+json\" class=\"yoast-schema-graph\">{\"@context\":\"https:\\\/\\\/schema.org\",\"@graph\":[{\"@type\":\"Article\",\"@id\":\"https:\\\/\\\/cvinoticias.com\\\/v3\\\/el-hospital-celebra-jornada-navidena-para-llevar-alegria-a-los-mas-pequenos\\\/#article\",\"isPartOf\":{\"@id\":\"https:\\\/\\\/cvinoticias.com\\\/v3\\\/el-hospital-celebra-jornada-navidena-para-llevar-alegria-a-los-mas-pequenos\\\/\"},\"author\":{\"name\":\"f1000024\",\"@id\":\"https:\\\/\\\/cvinoticias.com\\\/v3\\\/#\\\/schema\\\/person\\\/2db77e3c6bc03c538495d7b2b8be9b66\"},\"headline\":\"El Hospital celebra jornada navide\u00f1a para llevar alegr\u00eda a los m\u00e1s peque\u00f1os\",\"datePublished\":\"2024-12-23T13:25:00+00:00\",\"dateModified\":\"2024-12-23T18:50:42+00:00\",\"mainEntityOfPage\":{\"@id\":\"https:\\\/\\\/cvinoticias.com\\\/v3\\\/el-hospital-celebra-jornada-navidena-para-llevar-alegria-a-los-mas-pequenos\\\/\"},\"wordCount\":160,\"commentCount\":0,\"publisher\":{\"@id\":\"https:\\\/\\\/cvinoticias.com\\\/v3\\\/#organization\"},\"image\":{\"@id\":\"https:\\\/\\\/cvinoticias.com\\\/v3\\\/el-hospital-celebra-jornada-navidena-para-llevar-alegria-a-los-mas-pequenos\\\/#primaryimage\"},\"thumbnailUrl\":\"https:\\\/\\\/cvinoticias.com\\\/wp-content\\\/uploads\\\/2024\\\/12\\\/IMG-20241223-WA0064-scaled.jpg\",\"keywords\":[\"hospital\",\"navidad\",\"Ni\u00f1os\",\"salud\"],\"articleSection\":[\"Navidad\",\"Salud\"],\"inLanguage\":\"es\",\"potentialAction\":[{\"@type\":\"CommentAction\",\"name\":\"Comment\",\"target\":[\"https:\\\/\\\/cvinoticias.com\\\/v3\\\/el-hospital-celebra-jornada-navidena-para-llevar-alegria-a-los-mas-pequenos\\\/#respond\"]}]},{\"@type\":\"WebPage\",\"@id\":\"https:\\\/\\\/cvinoticias.com\\\/v3\\\/el-hospital-celebra-jornada-navidena-para-llevar-alegria-a-los-mas-pequenos\\\/\",\"url\":\"https:\\\/\\\/cvinoticias.com\\\/v3\\\/el-hospital-celebra-jornada-navidena-para-llevar-alegria-a-los-mas-pequenos\\\/\",\"name\":\"El Hospital celebra jornada navide\u00f1a para llevar alegr\u00eda a los m\u00e1s peque\u00f1os | CVI NOTICIAS\",\"isPartOf\":{\"@id\":\"https:\\\/\\\/cvinoticias.com\\\/v3\\\/#website\"},\"primaryImageOfPage\":{\"@id\":\"https:\\\/\\\/cvinoticias.com\\\/v3\\\/el-hospital-celebra-jornada-navidena-para-llevar-alegria-a-los-mas-pequenos\\\/#primaryimage\"},\"image\":{\"@id\":\"https:\\\/\\\/cvinoticias.com\\\/v3\\\/el-hospital-celebra-jornada-navidena-para-llevar-alegria-a-los-mas-pequenos\\\/#primaryimage\"},\"thumbnailUrl\":\"https:\\\/\\\/cvinoticias.com\\\/wp-content\\\/uploads\\\/2024\\\/12\\\/IMG-20241223-WA0064-scaled.jpg\",\"datePublished\":\"2024-12-23T13:25:00+00:00\",\"dateModified\":\"2024-12-23T18:50:42+00:00\",\"breadcrumb\":{\"@id\":\"https:\\\/\\\/cvinoticias.com\\\/v3\\\/el-hospital-celebra-jornada-navidena-para-llevar-alegria-a-los-mas-pequenos\\\/#breadcrumb\"},\"inLanguage\":\"es\",\"potentialAction\":[{\"@type\":\"ReadAction\",\"target\":[\"https:\\\/\\\/cvinoticias.com\\\/v3\\\/el-hospital-celebra-jornada-navidena-para-llevar-alegria-a-los-mas-pequenos\\\/\"]}]},{\"@type\":\"ImageObject\",\"inLanguage\":\"es\",\"@id\":\"https:\\\/\\\/cvinoticias.com\\\/v3\\\/el-hospital-celebra-jornada-navidena-para-llevar-alegria-a-los-mas-pequenos\\\/#primaryimage\",\"url\":\"https:\\\/\\\/cvinoticias.com\\\/wp-content\\\/uploads\\\/2024\\\/12\\\/IMG-20241223-WA0064-scaled.jpg\",\"contentUrl\":\"https:\\\/\\\/cvinoticias.com\\\/wp-content\\\/uploads\\\/2024\\\/12\\\/IMG-20241223-WA0064-scaled.jpg\",\"width\":2560,\"height\":1441},{\"@type\":\"BreadcrumbList\",\"@id\":\"https:\\\/\\\/cvinoticias.com\\\/v3\\\/el-hospital-celebra-jornada-navidena-para-llevar-alegria-a-los-mas-pequenos\\\/#breadcrumb\",\"itemListElement\":[{\"@type\":\"ListItem\",\"position\":1,\"name\":\"Portada\",\"item\":\"https:\\\/\\\/cvinoticias.com\\\/v3\\\/\"},{\"@type\":\"ListItem\",\"position\":2,\"name\":\"El Hospital celebra jornada navide\u00f1a para llevar alegr\u00eda a los m\u00e1s peque\u00f1os\"}]},{\"@type\":\"WebSite\",\"@id\":\"https:\\\/\\\/cvinoticias.com\\\/v3\\\/#website\",\"url\":\"https:\\\/\\\/cvinoticias.com\\\/v3\\\/\",\"name\":\"CVI NOTICIAS\",\"description\":\"\",\"publisher\":{\"@id\":\"https:\\\/\\\/cvinoticias.com\\\/v3\\\/#organization\"},\"alternateName\":\"CVI\",\"potentialAction\":[{\"@type\":\"SearchAction\",\"target\":{\"@type\":\"EntryPoint\",\"urlTemplate\":\"https:\\\/\\\/cvinoticias.com\\\/v3\\\/?s={search_term_string}\"},\"query-input\":{\"@type\":\"PropertyValueSpecification\",\"valueRequired\":true,\"valueName\":\"search_term_string\"}}],\"inLanguage\":\"es\"},{\"@type\":\"Organization\",\"@id\":\"https:\\\/\\\/cvinoticias.com\\\/v3\\\/#organization\",\"name\":\"CVI NOTICIAS\",\"url\":\"https:\\\/\\\/cvinoticias.com\\\/v3\\\/\",\"logo\":{\"@type\":\"ImageObject\",\"inLanguage\":\"es\",\"@id\":\"https:\\\/\\\/cvinoticias.com\\\/v3\\\/#\\\/schema\\\/logo\\\/image\\\/\",\"url\":\"https:\\\/\\\/cvinoticias.com\\\/wp-content\\\/uploads\\\/2023\\\/04\\\/cropped-cropped-cropped-cropped-cropped-3-1.png\",\"contentUrl\":\"https:\\\/\\\/cvinoticias.com\\\/wp-content\\\/uploads\\\/2023\\\/04\\\/cropped-cropped-cropped-cropped-cropped-3-1.png\",\"width\":95,\"height\":122,\"caption\":\"CVI NOTICIAS\"},\"image\":{\"@id\":\"https:\\\/\\\/cvinoticias.com\\\/v3\\\/#\\\/schema\\\/logo\\\/image\\\/\"},\"sameAs\":[\"https:\\\/\\\/www.facebook.com\\\/cvinoticias\",\"https:\\\/\\\/www.instagram.com\\\/cvinoticias\\\/\",\"https:\\\/\\\/www.youtube.com\\\/@CVINOTICIAS\"]},{\"@type\":\"Person\",\"@id\":\"https:\\\/\\\/cvinoticias.com\\\/v3\\\/#\\\/schema\\\/person\\\/2db77e3c6bc03c538495d7b2b8be9b66\",\"name\":\"f1000024\",\"image\":{\"@type\":\"ImageObject\",\"inLanguage\":\"es\",\"@id\":\"https:\\\/\\\/secure.gravatar.com\\\/avatar\\\/d4fe7459cfc51ff5129ce1a732bbef5928568b8092d412ef95611616376bbeed?s=96&d=mm&r=g\",\"url\":\"https:\\\/\\\/secure.gravatar.com\\\/avatar\\\/d4fe7459cfc51ff5129ce1a732bbef5928568b8092d412ef95611616376bbeed?s=96&d=mm&r=g\",\"contentUrl\":\"https:\\\/\\\/secure.gravatar.com\\\/avatar\\\/d4fe7459cfc51ff5129ce1a732bbef5928568b8092d412ef95611616376bbeed?s=96&d=mm&r=g\",\"caption\":\"f1000024\"},\"url\":\"https:\\\/\\\/cvinoticias.com\\\/v3\\\/author\\\/f1000024\\\/\"}]}<\/script>\n<!-- \/ Yoast SEO plugin. -->","yoast_head_json":{"title":"El Hospital celebra jornada navide\u00f1a para llevar alegr\u00eda a los m\u00e1s peque\u00f1os | CVI NOTICIAS","robots":{"index":"index","follow":"follow","max-snippet":"max-snippet:-1","max-image-preview":"max-image-preview:large","max-video-preview":"max-video-preview:-1"},"canonical":"https:\/\/cvinoticias.com\/v3\/el-hospital-celebra-jornada-navidena-para-llevar-alegria-a-los-mas-pequenos\/","og_locale":"es_ES","og_type":"article","og_title":"El Hospital celebra jornada navide\u00f1a para llevar alegr\u00eda a los m\u00e1s peque\u00f1os | CVI NOTICIAS","og_description":"En un gesto de solidaridad y alegr\u00eda, el hospital de nuestra ciudad organiz\u00f3 una jornada navide\u00f1a para acercar la magia de la temporada a los pacientes y ni\u00f1os de la comunidad. Pap\u00e1 Noel fue el protagonista de la ma\u00f1ana, realizando un recorrido por todas las salas del hospital, incluyendo la de internaci\u00f3n, para llevar regalos [&hellip;]","og_url":"https:\/\/cvinoticias.com\/v3\/el-hospital-celebra-jornada-navidena-para-llevar-alegria-a-los-mas-pequenos\/","og_site_name":"CVI NOTICIAS","article_publisher":"https:\/\/www.facebook.com\/cvinoticias","article_published_time":"2024-12-23T13:25:00+00:00","article_modified_time":"2024-12-23T18:50:42+00:00","og_image":[{"width":2560,"height":1441,"url":"https:\/\/cvinoticias.com\/wp-content\/uploads\/2024\/12\/IMG-20241223-WA0064-scaled.jpg","type":"image\/jpeg"}],"author":"f1000024","twitter_card":"summary_large_image","twitter_misc":{"Escrito por":"f1000024","Tiempo de lectura":"2 minutos"},"schema":{"@context":"https:\/\/schema.org","@graph":[{"@type":"Article","@id":"https:\/\/cvinoticias.com\/v3\/el-hospital-celebra-jornada-navidena-para-llevar-alegria-a-los-mas-pequenos\/#article","isPartOf":{"@id":"https:\/\/cvinoticias.com\/v3\/el-hospital-celebra-jornada-navidena-para-llevar-alegria-a-los-mas-pequenos\/"},"author":{"name":"f1000024","@id":"https:\/\/cvinoticias.com\/v3\/#\/schema\/person\/2db77e3c6bc03c538495d7b2b8be9b66"},"headline":"El Hospital celebra jornada navide\u00f1a para llevar alegr\u00eda a los m\u00e1s peque\u00f1os","datePublished":"2024-12-23T13:25:00+00:00","dateModified":"2024-12-23T18:50:42+00:00","mainEntityOfPage":{"@id":"https:\/\/cvinoticias.com\/v3\/el-hospital-celebra-jornada-navidena-para-llevar-alegria-a-los-mas-pequenos\/"},"wordCount":160,"commentCount":0,"publisher":{"@id":"https:\/\/cvinoticias.com\/v3\/#organization"},"image":{"@id":"https:\/\/cvinoticias.com\/v3\/el-hospital-celebra-jornada-navidena-para-llevar-alegria-a-los-mas-pequenos\/#primaryimage"},"thumbnailUrl":"https:\/\/cvinoticias.com\/wp-content\/uploads\/2024\/12\/IMG-20241223-WA0064-scaled.jpg","keywords":["hospital","navidad","Ni\u00f1os","salud"],"articleSection":["Navidad","Salud"],"inLanguage":"es","potentialAction":[{"@type":"CommentAction","name":"Comment","target":["https:\/\/cvinoticias.com\/v3\/el-hospital-celebra-jornada-navidena-para-llevar-alegria-a-los-mas-pequenos\/#respond"]}]},{"@type":"WebPage","@id":"https:\/\/cvinoticias.com\/v3\/el-hospital-celebra-jornada-navidena-para-llevar-alegria-a-los-mas-pequenos\/","url":"https:\/\/cvinoticias.com\/v3\/el-hospital-celebra-jornada-navidena-para-llevar-alegria-a-los-mas-pequenos\/","name":"El Hospital celebra jornada navide\u00f1a para llevar alegr\u00eda a los m\u00e1s peque\u00f1os | CVI NOTICIAS","isPartOf":{"@id":"https:\/\/cvinoticias.com\/v3\/#website"},"primaryImageOfPage":{"@id":"https:\/\/cvinoticias.com\/v3\/el-hospital-celebra-jornada-navidena-para-llevar-alegria-a-los-mas-pequenos\/#primaryimage"},"image":{"@id":"https:\/\/cvinoticias.com\/v3\/el-hospital-celebra-jornada-navidena-para-llevar-alegria-a-los-mas-pequenos\/#primaryimage"},"thumbnailUrl":"https:\/\/cvinoticias.com\/wp-content\/uploads\/2024\/12\/IMG-20241223-WA0064-scaled.jpg","datePublished":"2024-12-23T13:25:00+00:00","dateModified":"2024-12-23T18:50:42+00:00","breadcrumb":{"@id":"https:\/\/cvinoticias.com\/v3\/el-hospital-celebra-jornada-navidena-para-llevar-alegria-a-los-mas-pequenos\/#breadcrumb"},"inLanguage":"es","potentialAction":[{"@type":"ReadAction","target":["https:\/\/cvinoticias.com\/v3\/el-hospital-celebra-jornada-navidena-para-llevar-alegria-a-los-mas-pequenos\/"]}]},{"@type":"ImageObject","inLanguage":"es","@id":"https:\/\/cvinoticias.com\/v3\/el-hospital-celebra-jornada-navidena-para-llevar-alegria-a-los-mas-pequenos\/#primaryimage","url":"https:\/\/cvinoticias.com\/wp-content\/uploads\/2024\/12\/IMG-20241223-WA0064-scaled.jpg","contentUrl":"https:\/\/cvinoticias.com\/wp-content\/uploads\/2024\/12\/IMG-20241223-WA0064-scaled.jpg","width":2560,"height":1441},{"@type":"BreadcrumbList","@id":"https:\/\/cvinoticias.com\/v3\/el-hospital-celebra-jornada-navidena-para-llevar-alegria-a-los-mas-pequenos\/#breadcrumb","itemListElement":[{"@type":"ListItem","position":1,"name":"Portada","item":"https:\/\/cvinoticias.com\/v3\/"},{"@type":"ListItem","position":2,"name":"El Hospital celebra jornada navide\u00f1a para llevar alegr\u00eda a los m\u00e1s peque\u00f1os"}]},{"@type":"WebSite","@id":"https:\/\/cvinoticias.com\/v3\/#website","url":"https:\/\/cvinoticias.com\/v3\/","name":"CVI NOTICIAS","description":"","publisher":{"@id":"https:\/\/cvinoticias.com\/v3\/#organization"},"alternateName":"CVI","potentialAction":[{"@type":"SearchAction","target":{"@type":"EntryPoint","urlTemplate":"https:\/\/cvinoticias.com\/v3\/?s={search_term_string}"},"query-input":{"@type":"PropertyValueSpecification","valueRequired":true,"valueName":"search_term_string"}}],"inLanguage":"es"},{"@type":"Organization","@id":"https:\/\/cvinoticias.com\/v3\/#organization","name":"CVI NOTICIAS","url":"https:\/\/cvinoticias.com\/v3\/","logo":{"@type":"ImageObject","inLanguage":"es","@id":"https:\/\/cvinoticias.com\/v3\/#\/schema\/logo\/image\/","url":"https:\/\/cvinoticias.com\/wp-content\/uploads\/2023\/04\/cropped-cropped-cropped-cropped-cropped-3-1.png","contentUrl":"https:\/\/cvinoticias.com\/wp-content\/uploads\/2023\/04\/cropped-cropped-cropped-cropped-cropped-3-1.png","width":95,"height":122,"caption":"CVI NOTICIAS"},"image":{"@id":"https:\/\/cvinoticias.com\/v3\/#\/schema\/logo\/image\/"},"sameAs":["https:\/\/www.facebook.com\/cvinoticias","https:\/\/www.instagram.com\/cvinoticias\/","https:\/\/www.youtube.com\/@CVINOTICIAS"]},{"@type":"Person","@id":"https:\/\/cvinoticias.com\/v3\/#\/schema\/person\/2db77e3c6bc03c538495d7b2b8be9b66","name":"f1000024","image":{"@type":"ImageObject","inLanguage":"es","@id":"https:\/\/secure.gravatar.com\/avatar\/d4fe7459cfc51ff5129ce1a732bbef5928568b8092d412ef95611616376bbeed?s=96&d=mm&r=g","url":"https:\/\/secure.gravatar.com\/avatar\/d4fe7459cfc51ff5129ce1a732bbef5928568b8092d412ef95611616376bbeed?s=96&d=mm&r=g","contentUrl":"https:\/\/secure.gravatar.com\/avatar\/d4fe7459cfc51ff5129ce1a732bbef5928568b8092d412ef95611616376bbeed?s=96&d=mm&r=g","caption":"f1000024"},"url":"https:\/\/cvinoticias.com\/v3\/author\/f1000024\/"}]}},"_links":{"self":[{"href":"https:\/\/cvinoticias.com\/v3\/wp-json\/wp\/v2\/posts\/38080","targetHints":{"allow":["GET"]}}],"collection":[{"href":"https:\/\/cvinoticias.com\/v3\/wp-json\/wp\/v2\/posts"}],"about":[{"href":"https:\/\/cvinoticias.com\/v3\/wp-json\/wp\/v2\/types\/post"}],"author":[{"embeddable":true,"href":"https:\/\/cvinoticias.com\/v3\/wp-json\/wp\/v2\/users\/2"}],"replies":[{"embeddable":true,"href":"https:\/\/cvinoticias.com\/v3\/wp-json\/wp\/v2\/comments?post=38080"}],"version-history":[{"count":1,"href":"https:\/\/cvinoticias.com\/v3\/wp-json\/wp\/v2\/posts\/38080\/revisions"}],"predecessor-version":[{"id":38085,"href":"https:\/\/cvinoticias.com\/v3\/wp-json\/wp\/v2\/posts\/38080\/revisions\/38085"}],"wp:featuredmedia":[{"embeddable":true,"href":"https:\/\/cvinoticias.com\/v3\/wp-json\/wp\/v2\/media\/38084"}],"wp:attachment":[{"href":"https:\/\/cvinoticias.com\/v3\/wp-json\/wp\/v2\/media?parent=38080"}],"wp:term":[{"taxonomy":"category","embeddable":true,"href":"https:\/\/cvinoticias.com\/v3\/wp-json\/wp\/v2\/categories?post=38080"},{"taxonomy":"post_tag","embeddable":true,"href":"https:\/\/cvinoticias.com\/v3\/wp-json\/wp\/v2\/tags?post=38080"}],"curies":[{"name":"wp","href":"https:\/\/api.w.org\/{rel}","templated":true}]}}