{"id":38059,"date":"2024-12-20T13:28:27","date_gmt":"2024-12-20T16:28:27","guid":{"rendered":"https:\/\/cvinoticias.com\/v3\/?p=38059"},"modified":"2024-12-20T13:28:28","modified_gmt":"2024-12-20T16:28:28","slug":"el-instituto-especial-esperanza-se-alza-con-el-premio-obrar-federal-ganando-el-oro","status":"publish","type":"post","link":"https:\/\/cvinoticias.com\/v3\/el-instituto-especial-esperanza-se-alza-con-el-premio-obrar-federal-ganando-el-oro\/","title":{"rendered":"El Instituto Especial Esperanza se alza con el premio Obrar Federal ganando el oro"},"content":{"rendered":"\n<p>En una emocionante gala realizada hoy en la ciudad de Mendoza, el Instituto Especial Esperanza se llev\u00f3 el primer premio en la categor\u00eda oro del premio Obrar Federal, otorgado por el Consejo Publicitario Argentino.<\/p>\n\n\n\n<figure class=\"wp-block-image size-large\"><a href=\"https:\/\/cvinoticias.com\/wp-content\/uploads\/2024\/12\/IMG-20241220-WA0130.jpg\"><img decoding=\"async\" width=\"1024\" height=\"461\" data-src=\"https:\/\/cvinoticias.com\/wp-content\/uploads\/2024\/12\/IMG-20241220-WA0130-1024x461.jpg\" alt=\"\" class=\"wp-image-38060 lazyload\" data-srcset=\"https:\/\/cvinoticias.com\/wp-content\/uploads\/2024\/12\/IMG-20241220-WA0130-1024x461.jpg 1024w, https:\/\/cvinoticias.com\/wp-content\/uploads\/2024\/12\/IMG-20241220-WA0130-300x135.jpg 300w, https:\/\/cvinoticias.com\/wp-content\/uploads\/2024\/12\/IMG-20241220-WA0130-768x346.jpg 768w, https:\/\/cvinoticias.com\/wp-content\/uploads\/2024\/12\/IMG-20241220-WA0130.jpg 1280w\" data-sizes=\"(max-width: 1024px) 100vw, 1024px\" src=\"data:image\/svg+xml;base64,PHN2ZyB3aWR0aD0iMSIgaGVpZ2h0PSIxIiB4bWxucz0iaHR0cDovL3d3dy53My5vcmcvMjAwMC9zdmciPjwvc3ZnPg==\" style=\"--smush-placeholder-width: 1024px; --smush-placeholder-aspect-ratio: 1024\/461;\" \/><\/a><\/figure>\n\n\n\n<p>El proyecto presentado por el Instituto, titulado \u00abQue ves cuando me ves\u00bb, fue seleccionado entre una gran cantidad de propuestas de establecimientos de todo el pa\u00eds, lo que hace que este logro sea a\u00fan m\u00e1s destacado.<\/p>\n\n\n\n<figure class=\"wp-block-image size-large\"><a href=\"https:\/\/cvinoticias.com\/wp-content\/uploads\/2024\/12\/IMG-20241220-WA0134.jpg\"><img decoding=\"async\" width=\"1024\" height=\"771\" data-src=\"https:\/\/cvinoticias.com\/wp-content\/uploads\/2024\/12\/IMG-20241220-WA0134-1024x771.jpg\" alt=\"\" class=\"wp-image-38061 lazyload\" data-srcset=\"https:\/\/cvinoticias.com\/wp-content\/uploads\/2024\/12\/IMG-20241220-WA0134-1024x771.jpg 1024w, https:\/\/cvinoticias.com\/wp-content\/uploads\/2024\/12\/IMG-20241220-WA0134-300x226.jpg 300w, https:\/\/cvinoticias.com\/wp-content\/uploads\/2024\/12\/IMG-20241220-WA0134-768x578.jpg 768w, https:\/\/cvinoticias.com\/wp-content\/uploads\/2024\/12\/IMG-20241220-WA0134-1536x1156.jpg 1536w, https:\/\/cvinoticias.com\/wp-content\/uploads\/2024\/12\/IMG-20241220-WA0134.jpg 1600w\" data-sizes=\"(max-width: 1024px) 100vw, 1024px\" src=\"data:image\/svg+xml;base64,PHN2ZyB3aWR0aD0iMSIgaGVpZ2h0PSIxIiB4bWxucz0iaHR0cDovL3d3dy53My5vcmcvMjAwMC9zdmciPjwvc3ZnPg==\" style=\"--smush-placeholder-width: 1024px; --smush-placeholder-aspect-ratio: 1024\/771;\" \/><\/a><\/figure>\n\n\n\n<p>La gala, que se llev\u00f3 a cabo a las 10 de la ma\u00f1ana, fue el escenario perfecto para anunciar la gran victoria del Instituto Esperanza, que se suma a su destacada trayectoria en la educaci\u00f3n especial.<\/p>\n\n\n\n<figure class=\"wp-block-image size-large\"><a href=\"https:\/\/cvinoticias.com\/wp-content\/uploads\/2024\/12\/IMG-20241220-WA0136.jpg\"><img decoding=\"async\" width=\"1024\" height=\"569\" data-src=\"https:\/\/cvinoticias.com\/wp-content\/uploads\/2024\/12\/IMG-20241220-WA0136-1024x569.jpg\" alt=\"\" class=\"wp-image-38062 lazyload\" data-srcset=\"https:\/\/cvinoticias.com\/wp-content\/uploads\/2024\/12\/IMG-20241220-WA0136-1024x569.jpg 1024w, https:\/\/cvinoticias.com\/wp-content\/uploads\/2024\/12\/IMG-20241220-WA0136-300x167.jpg 300w, https:\/\/cvinoticias.com\/wp-content\/uploads\/2024\/12\/IMG-20241220-WA0136-768x427.jpg 768w, https:\/\/cvinoticias.com\/wp-content\/uploads\/2024\/12\/IMG-20241220-WA0136.jpg 1280w\" data-sizes=\"(max-width: 1024px) 100vw, 1024px\" src=\"data:image\/svg+xml;base64,PHN2ZyB3aWR0aD0iMSIgaGVpZ2h0PSIxIiB4bWxucz0iaHR0cDovL3d3dy53My5vcmcvMjAwMC9zdmciPjwvc3ZnPg==\" style=\"--smush-placeholder-width: 1024px; --smush-placeholder-aspect-ratio: 1024\/569;\" \/><\/a><\/figure>\n","protected":false},"excerpt":{"rendered":"<p>En una emocionante gala realizada hoy en la ciudad de Mendoza, el Instituto Especial Esperanza se llev\u00f3 el primer premio en la categor\u00eda oro del premio Obrar Federal, otorgado por el Consejo Publicitario Argentino. El proyecto presentado por el Instituto, titulado \u00abQue ves cuando me ves\u00bb, fue seleccionado entre una gran cantidad de propuestas de [&hellip;]<\/p>\n","protected":false},"author":2,"featured_media":38064,"comment_status":"open","ping_status":"open","sticky":false,"template":"","format":"standard","meta":{"footnotes":""},"categories":[493],"tags":[884,886,885],"class_list":["post-38059","post","type-post","status-publish","format-standard","has-post-thumbnail","hentry","category-educacion-2","tag-instituto-especial-esperanza","tag-obrar-federal","tag-premio"],"yoast_head":"<!-- This site is optimized with the Yoast SEO plugin v27.4 - https:\/\/yoast.com\/product\/yoast-seo-wordpress\/ -->\n<title>El Instituto Especial Esperanza se alza con el premio Obrar Federal ganando el oro | CVI NOTICIAS<\/title>\n<meta name=\"robots\" content=\"index, follow, max-snippet:-1, max-image-preview:large, max-video-preview:-1\" \/>\n<link rel=\"canonical\" href=\"https:\/\/cvinoticias.com\/v3\/el-instituto-especial-esperanza-se-alza-con-el-premio-obrar-federal-ganando-el-oro\/\" \/>\n<meta property=\"og:locale\" content=\"es_ES\" \/>\n<meta property=\"og:type\" content=\"article\" \/>\n<meta property=\"og:title\" content=\"El Instituto Especial Esperanza se alza con el premio Obrar Federal ganando el oro | CVI NOTICIAS\" \/>\n<meta property=\"og:description\" content=\"En una emocionante gala realizada hoy en la ciudad de Mendoza, el Instituto Especial Esperanza se llev\u00f3 el primer premio en la categor\u00eda oro del premio Obrar Federal, otorgado por el Consejo Publicitario Argentino. El proyecto presentado por el Instituto, titulado \u00abQue ves cuando me ves\u00bb, fue seleccionado entre una gran cantidad de propuestas de [&hellip;]\" \/>\n<meta property=\"og:url\" content=\"https:\/\/cvinoticias.com\/v3\/el-instituto-especial-esperanza-se-alza-con-el-premio-obrar-federal-ganando-el-oro\/\" \/>\n<meta property=\"og:site_name\" content=\"CVI NOTICIAS\" \/>\n<meta property=\"article:publisher\" content=\"https:\/\/www.facebook.com\/cvinoticias\" \/>\n<meta property=\"article:published_time\" content=\"2024-12-20T16:28:27+00:00\" \/>\n<meta property=\"article:modified_time\" content=\"2024-12-20T16:28:28+00:00\" \/>\n<meta property=\"og:image\" content=\"https:\/\/cvinoticias.com\/wp-content\/uploads\/2024\/12\/IMG-20241220-WA0133.jpg\" \/>\n\t<meta property=\"og:image:width\" content=\"1600\" \/>\n\t<meta property=\"og:image:height\" content=\"900\" \/>\n\t<meta property=\"og:image:type\" content=\"image\/jpeg\" \/>\n<meta name=\"author\" content=\"f1000024\" \/>\n<meta name=\"twitter:card\" content=\"summary_large_image\" \/>\n<meta name=\"twitter:label1\" content=\"Escrito por\" \/>\n\t<meta name=\"twitter:data1\" content=\"f1000024\" \/>\n\t<meta name=\"twitter:label2\" content=\"Tiempo de lectura\" \/>\n\t<meta name=\"twitter:data2\" content=\"2 minutos\" \/>\n<script type=\"application\/ld+json\" class=\"yoast-schema-graph\">{\"@context\":\"https:\\\/\\\/schema.org\",\"@graph\":[{\"@type\":\"Article\",\"@id\":\"https:\\\/\\\/cvinoticias.com\\\/v3\\\/el-instituto-especial-esperanza-se-alza-con-el-premio-obrar-federal-ganando-el-oro\\\/#article\",\"isPartOf\":{\"@id\":\"https:\\\/\\\/cvinoticias.com\\\/v3\\\/el-instituto-especial-esperanza-se-alza-con-el-premio-obrar-federal-ganando-el-oro\\\/\"},\"author\":{\"name\":\"f1000024\",\"@id\":\"https:\\\/\\\/cvinoticias.com\\\/v3\\\/#\\\/schema\\\/person\\\/2db77e3c6bc03c538495d7b2b8be9b66\"},\"headline\":\"El Instituto Especial Esperanza se alza con el premio Obrar Federal ganando el oro\",\"datePublished\":\"2024-12-20T16:28:27+00:00\",\"dateModified\":\"2024-12-20T16:28:28+00:00\",\"mainEntityOfPage\":{\"@id\":\"https:\\\/\\\/cvinoticias.com\\\/v3\\\/el-instituto-especial-esperanza-se-alza-con-el-premio-obrar-federal-ganando-el-oro\\\/\"},\"wordCount\":125,\"commentCount\":0,\"publisher\":{\"@id\":\"https:\\\/\\\/cvinoticias.com\\\/v3\\\/#organization\"},\"image\":{\"@id\":\"https:\\\/\\\/cvinoticias.com\\\/v3\\\/el-instituto-especial-esperanza-se-alza-con-el-premio-obrar-federal-ganando-el-oro\\\/#primaryimage\"},\"thumbnailUrl\":\"https:\\\/\\\/cvinoticias.com\\\/wp-content\\\/uploads\\\/2024\\\/12\\\/IMG-20241220-WA0133.jpg\",\"keywords\":[\"Instituto especial Esperanza\",\"Obrar federal\",\"Premio\"],\"articleSection\":[\"Educaci\u00f3n\"],\"inLanguage\":\"es\",\"potentialAction\":[{\"@type\":\"CommentAction\",\"name\":\"Comment\",\"target\":[\"https:\\\/\\\/cvinoticias.com\\\/v3\\\/el-instituto-especial-esperanza-se-alza-con-el-premio-obrar-federal-ganando-el-oro\\\/#respond\"]}]},{\"@type\":\"WebPage\",\"@id\":\"https:\\\/\\\/cvinoticias.com\\\/v3\\\/el-instituto-especial-esperanza-se-alza-con-el-premio-obrar-federal-ganando-el-oro\\\/\",\"url\":\"https:\\\/\\\/cvinoticias.com\\\/v3\\\/el-instituto-especial-esperanza-se-alza-con-el-premio-obrar-federal-ganando-el-oro\\\/\",\"name\":\"El Instituto Especial Esperanza se alza con el premio Obrar Federal ganando el oro | CVI NOTICIAS\",\"isPartOf\":{\"@id\":\"https:\\\/\\\/cvinoticias.com\\\/v3\\\/#website\"},\"primaryImageOfPage\":{\"@id\":\"https:\\\/\\\/cvinoticias.com\\\/v3\\\/el-instituto-especial-esperanza-se-alza-con-el-premio-obrar-federal-ganando-el-oro\\\/#primaryimage\"},\"image\":{\"@id\":\"https:\\\/\\\/cvinoticias.com\\\/v3\\\/el-instituto-especial-esperanza-se-alza-con-el-premio-obrar-federal-ganando-el-oro\\\/#primaryimage\"},\"thumbnailUrl\":\"https:\\\/\\\/cvinoticias.com\\\/wp-content\\\/uploads\\\/2024\\\/12\\\/IMG-20241220-WA0133.jpg\",\"datePublished\":\"2024-12-20T16:28:27+00:00\",\"dateModified\":\"2024-12-20T16:28:28+00:00\",\"breadcrumb\":{\"@id\":\"https:\\\/\\\/cvinoticias.com\\\/v3\\\/el-instituto-especial-esperanza-se-alza-con-el-premio-obrar-federal-ganando-el-oro\\\/#breadcrumb\"},\"inLanguage\":\"es\",\"potentialAction\":[{\"@type\":\"ReadAction\",\"target\":[\"https:\\\/\\\/cvinoticias.com\\\/v3\\\/el-instituto-especial-esperanza-se-alza-con-el-premio-obrar-federal-ganando-el-oro\\\/\"]}]},{\"@type\":\"ImageObject\",\"inLanguage\":\"es\",\"@id\":\"https:\\\/\\\/cvinoticias.com\\\/v3\\\/el-instituto-especial-esperanza-se-alza-con-el-premio-obrar-federal-ganando-el-oro\\\/#primaryimage\",\"url\":\"https:\\\/\\\/cvinoticias.com\\\/wp-content\\\/uploads\\\/2024\\\/12\\\/IMG-20241220-WA0133.jpg\",\"contentUrl\":\"https:\\\/\\\/cvinoticias.com\\\/wp-content\\\/uploads\\\/2024\\\/12\\\/IMG-20241220-WA0133.jpg\",\"width\":1600,\"height\":900},{\"@type\":\"BreadcrumbList\",\"@id\":\"https:\\\/\\\/cvinoticias.com\\\/v3\\\/el-instituto-especial-esperanza-se-alza-con-el-premio-obrar-federal-ganando-el-oro\\\/#breadcrumb\",\"itemListElement\":[{\"@type\":\"ListItem\",\"position\":1,\"name\":\"Portada\",\"item\":\"https:\\\/\\\/cvinoticias.com\\\/v3\\\/\"},{\"@type\":\"ListItem\",\"position\":2,\"name\":\"El Instituto Especial Esperanza se alza con el premio Obrar Federal ganando el oro\"}]},{\"@type\":\"WebSite\",\"@id\":\"https:\\\/\\\/cvinoticias.com\\\/v3\\\/#website\",\"url\":\"https:\\\/\\\/cvinoticias.com\\\/v3\\\/\",\"name\":\"CVI NOTICIAS\",\"description\":\"\",\"publisher\":{\"@id\":\"https:\\\/\\\/cvinoticias.com\\\/v3\\\/#organization\"},\"alternateName\":\"CVI\",\"potentialAction\":[{\"@type\":\"SearchAction\",\"target\":{\"@type\":\"EntryPoint\",\"urlTemplate\":\"https:\\\/\\\/cvinoticias.com\\\/v3\\\/?s={search_term_string}\"},\"query-input\":{\"@type\":\"PropertyValueSpecification\",\"valueRequired\":true,\"valueName\":\"search_term_string\"}}],\"inLanguage\":\"es\"},{\"@type\":\"Organization\",\"@id\":\"https:\\\/\\\/cvinoticias.com\\\/v3\\\/#organization\",\"name\":\"CVI NOTICIAS\",\"url\":\"https:\\\/\\\/cvinoticias.com\\\/v3\\\/\",\"logo\":{\"@type\":\"ImageObject\",\"inLanguage\":\"es\",\"@id\":\"https:\\\/\\\/cvinoticias.com\\\/v3\\\/#\\\/schema\\\/logo\\\/image\\\/\",\"url\":\"https:\\\/\\\/cvinoticias.com\\\/wp-content\\\/uploads\\\/2023\\\/04\\\/cropped-cropped-cropped-cropped-cropped-3-1.png\",\"contentUrl\":\"https:\\\/\\\/cvinoticias.com\\\/wp-content\\\/uploads\\\/2023\\\/04\\\/cropped-cropped-cropped-cropped-cropped-3-1.png\",\"width\":95,\"height\":122,\"caption\":\"CVI NOTICIAS\"},\"image\":{\"@id\":\"https:\\\/\\\/cvinoticias.com\\\/v3\\\/#\\\/schema\\\/logo\\\/image\\\/\"},\"sameAs\":[\"https:\\\/\\\/www.facebook.com\\\/cvinoticias\",\"https:\\\/\\\/www.instagram.com\\\/cvinoticias\\\/\",\"https:\\\/\\\/www.youtube.com\\\/@CVINOTICIAS\"]},{\"@type\":\"Person\",\"@id\":\"https:\\\/\\\/cvinoticias.com\\\/v3\\\/#\\\/schema\\\/person\\\/2db77e3c6bc03c538495d7b2b8be9b66\",\"name\":\"f1000024\",\"image\":{\"@type\":\"ImageObject\",\"inLanguage\":\"es\",\"@id\":\"https:\\\/\\\/secure.gravatar.com\\\/avatar\\\/d4fe7459cfc51ff5129ce1a732bbef5928568b8092d412ef95611616376bbeed?s=96&d=mm&r=g\",\"url\":\"https:\\\/\\\/secure.gravatar.com\\\/avatar\\\/d4fe7459cfc51ff5129ce1a732bbef5928568b8092d412ef95611616376bbeed?s=96&d=mm&r=g\",\"contentUrl\":\"https:\\\/\\\/secure.gravatar.com\\\/avatar\\\/d4fe7459cfc51ff5129ce1a732bbef5928568b8092d412ef95611616376bbeed?s=96&d=mm&r=g\",\"caption\":\"f1000024\"},\"url\":\"https:\\\/\\\/cvinoticias.com\\\/v3\\\/author\\\/f1000024\\\/\"}]}<\/script>\n<!-- \/ Yoast SEO plugin. -->","yoast_head_json":{"title":"El Instituto Especial Esperanza se alza con el premio Obrar Federal ganando el oro | CVI NOTICIAS","robots":{"index":"index","follow":"follow","max-snippet":"max-snippet:-1","max-image-preview":"max-image-preview:large","max-video-preview":"max-video-preview:-1"},"canonical":"https:\/\/cvinoticias.com\/v3\/el-instituto-especial-esperanza-se-alza-con-el-premio-obrar-federal-ganando-el-oro\/","og_locale":"es_ES","og_type":"article","og_title":"El Instituto Especial Esperanza se alza con el premio Obrar Federal ganando el oro | CVI NOTICIAS","og_description":"En una emocionante gala realizada hoy en la ciudad de Mendoza, el Instituto Especial Esperanza se llev\u00f3 el primer premio en la categor\u00eda oro del premio Obrar Federal, otorgado por el Consejo Publicitario Argentino. El proyecto presentado por el Instituto, titulado \u00abQue ves cuando me ves\u00bb, fue seleccionado entre una gran cantidad de propuestas de [&hellip;]","og_url":"https:\/\/cvinoticias.com\/v3\/el-instituto-especial-esperanza-se-alza-con-el-premio-obrar-federal-ganando-el-oro\/","og_site_name":"CVI NOTICIAS","article_publisher":"https:\/\/www.facebook.com\/cvinoticias","article_published_time":"2024-12-20T16:28:27+00:00","article_modified_time":"2024-12-20T16:28:28+00:00","og_image":[{"width":1600,"height":900,"url":"https:\/\/cvinoticias.com\/wp-content\/uploads\/2024\/12\/IMG-20241220-WA0133.jpg","type":"image\/jpeg"}],"author":"f1000024","twitter_card":"summary_large_image","twitter_misc":{"Escrito por":"f1000024","Tiempo de lectura":"2 minutos"},"schema":{"@context":"https:\/\/schema.org","@graph":[{"@type":"Article","@id":"https:\/\/cvinoticias.com\/v3\/el-instituto-especial-esperanza-se-alza-con-el-premio-obrar-federal-ganando-el-oro\/#article","isPartOf":{"@id":"https:\/\/cvinoticias.com\/v3\/el-instituto-especial-esperanza-se-alza-con-el-premio-obrar-federal-ganando-el-oro\/"},"author":{"name":"f1000024","@id":"https:\/\/cvinoticias.com\/v3\/#\/schema\/person\/2db77e3c6bc03c538495d7b2b8be9b66"},"headline":"El Instituto Especial Esperanza se alza con el premio Obrar Federal ganando el oro","datePublished":"2024-12-20T16:28:27+00:00","dateModified":"2024-12-20T16:28:28+00:00","mainEntityOfPage":{"@id":"https:\/\/cvinoticias.com\/v3\/el-instituto-especial-esperanza-se-alza-con-el-premio-obrar-federal-ganando-el-oro\/"},"wordCount":125,"commentCount":0,"publisher":{"@id":"https:\/\/cvinoticias.com\/v3\/#organization"},"image":{"@id":"https:\/\/cvinoticias.com\/v3\/el-instituto-especial-esperanza-se-alza-con-el-premio-obrar-federal-ganando-el-oro\/#primaryimage"},"thumbnailUrl":"https:\/\/cvinoticias.com\/wp-content\/uploads\/2024\/12\/IMG-20241220-WA0133.jpg","keywords":["Instituto especial Esperanza","Obrar federal","Premio"],"articleSection":["Educaci\u00f3n"],"inLanguage":"es","potentialAction":[{"@type":"CommentAction","name":"Comment","target":["https:\/\/cvinoticias.com\/v3\/el-instituto-especial-esperanza-se-alza-con-el-premio-obrar-federal-ganando-el-oro\/#respond"]}]},{"@type":"WebPage","@id":"https:\/\/cvinoticias.com\/v3\/el-instituto-especial-esperanza-se-alza-con-el-premio-obrar-federal-ganando-el-oro\/","url":"https:\/\/cvinoticias.com\/v3\/el-instituto-especial-esperanza-se-alza-con-el-premio-obrar-federal-ganando-el-oro\/","name":"El Instituto Especial Esperanza se alza con el premio Obrar Federal ganando el oro | CVI NOTICIAS","isPartOf":{"@id":"https:\/\/cvinoticias.com\/v3\/#website"},"primaryImageOfPage":{"@id":"https:\/\/cvinoticias.com\/v3\/el-instituto-especial-esperanza-se-alza-con-el-premio-obrar-federal-ganando-el-oro\/#primaryimage"},"image":{"@id":"https:\/\/cvinoticias.com\/v3\/el-instituto-especial-esperanza-se-alza-con-el-premio-obrar-federal-ganando-el-oro\/#primaryimage"},"thumbnailUrl":"https:\/\/cvinoticias.com\/wp-content\/uploads\/2024\/12\/IMG-20241220-WA0133.jpg","datePublished":"2024-12-20T16:28:27+00:00","dateModified":"2024-12-20T16:28:28+00:00","breadcrumb":{"@id":"https:\/\/cvinoticias.com\/v3\/el-instituto-especial-esperanza-se-alza-con-el-premio-obrar-federal-ganando-el-oro\/#breadcrumb"},"inLanguage":"es","potentialAction":[{"@type":"ReadAction","target":["https:\/\/cvinoticias.com\/v3\/el-instituto-especial-esperanza-se-alza-con-el-premio-obrar-federal-ganando-el-oro\/"]}]},{"@type":"ImageObject","inLanguage":"es","@id":"https:\/\/cvinoticias.com\/v3\/el-instituto-especial-esperanza-se-alza-con-el-premio-obrar-federal-ganando-el-oro\/#primaryimage","url":"https:\/\/cvinoticias.com\/wp-content\/uploads\/2024\/12\/IMG-20241220-WA0133.jpg","contentUrl":"https:\/\/cvinoticias.com\/wp-content\/uploads\/2024\/12\/IMG-20241220-WA0133.jpg","width":1600,"height":900},{"@type":"BreadcrumbList","@id":"https:\/\/cvinoticias.com\/v3\/el-instituto-especial-esperanza-se-alza-con-el-premio-obrar-federal-ganando-el-oro\/#breadcrumb","itemListElement":[{"@type":"ListItem","position":1,"name":"Portada","item":"https:\/\/cvinoticias.com\/v3\/"},{"@type":"ListItem","position":2,"name":"El Instituto Especial Esperanza se alza con el premio Obrar Federal ganando el oro"}]},{"@type":"WebSite","@id":"https:\/\/cvinoticias.com\/v3\/#website","url":"https:\/\/cvinoticias.com\/v3\/","name":"CVI NOTICIAS","description":"","publisher":{"@id":"https:\/\/cvinoticias.com\/v3\/#organization"},"alternateName":"CVI","potentialAction":[{"@type":"SearchAction","target":{"@type":"EntryPoint","urlTemplate":"https:\/\/cvinoticias.com\/v3\/?s={search_term_string}"},"query-input":{"@type":"PropertyValueSpecification","valueRequired":true,"valueName":"search_term_string"}}],"inLanguage":"es"},{"@type":"Organization","@id":"https:\/\/cvinoticias.com\/v3\/#organization","name":"CVI NOTICIAS","url":"https:\/\/cvinoticias.com\/v3\/","logo":{"@type":"ImageObject","inLanguage":"es","@id":"https:\/\/cvinoticias.com\/v3\/#\/schema\/logo\/image\/","url":"https:\/\/cvinoticias.com\/wp-content\/uploads\/2023\/04\/cropped-cropped-cropped-cropped-cropped-3-1.png","contentUrl":"https:\/\/cvinoticias.com\/wp-content\/uploads\/2023\/04\/cropped-cropped-cropped-cropped-cropped-3-1.png","width":95,"height":122,"caption":"CVI NOTICIAS"},"image":{"@id":"https:\/\/cvinoticias.com\/v3\/#\/schema\/logo\/image\/"},"sameAs":["https:\/\/www.facebook.com\/cvinoticias","https:\/\/www.instagram.com\/cvinoticias\/","https:\/\/www.youtube.com\/@CVINOTICIAS"]},{"@type":"Person","@id":"https:\/\/cvinoticias.com\/v3\/#\/schema\/person\/2db77e3c6bc03c538495d7b2b8be9b66","name":"f1000024","image":{"@type":"ImageObject","inLanguage":"es","@id":"https:\/\/secure.gravatar.com\/avatar\/d4fe7459cfc51ff5129ce1a732bbef5928568b8092d412ef95611616376bbeed?s=96&d=mm&r=g","url":"https:\/\/secure.gravatar.com\/avatar\/d4fe7459cfc51ff5129ce1a732bbef5928568b8092d412ef95611616376bbeed?s=96&d=mm&r=g","contentUrl":"https:\/\/secure.gravatar.com\/avatar\/d4fe7459cfc51ff5129ce1a732bbef5928568b8092d412ef95611616376bbeed?s=96&d=mm&r=g","caption":"f1000024"},"url":"https:\/\/cvinoticias.com\/v3\/author\/f1000024\/"}]}},"_links":{"self":[{"href":"https:\/\/cvinoticias.com\/v3\/wp-json\/wp\/v2\/posts\/38059","targetHints":{"allow":["GET"]}}],"collection":[{"href":"https:\/\/cvinoticias.com\/v3\/wp-json\/wp\/v2\/posts"}],"about":[{"href":"https:\/\/cvinoticias.com\/v3\/wp-json\/wp\/v2\/types\/post"}],"author":[{"embeddable":true,"href":"https:\/\/cvinoticias.com\/v3\/wp-json\/wp\/v2\/users\/2"}],"replies":[{"embeddable":true,"href":"https:\/\/cvinoticias.com\/v3\/wp-json\/wp\/v2\/comments?post=38059"}],"version-history":[{"count":1,"href":"https:\/\/cvinoticias.com\/v3\/wp-json\/wp\/v2\/posts\/38059\/revisions"}],"predecessor-version":[{"id":38065,"href":"https:\/\/cvinoticias.com\/v3\/wp-json\/wp\/v2\/posts\/38059\/revisions\/38065"}],"wp:featuredmedia":[{"embeddable":true,"href":"https:\/\/cvinoticias.com\/v3\/wp-json\/wp\/v2\/media\/38064"}],"wp:attachment":[{"href":"https:\/\/cvinoticias.com\/v3\/wp-json\/wp\/v2\/media?parent=38059"}],"wp:term":[{"taxonomy":"category","embeddable":true,"href":"https:\/\/cvinoticias.com\/v3\/wp-json\/wp\/v2\/categories?post=38059"},{"taxonomy":"post_tag","embeddable":true,"href":"https:\/\/cvinoticias.com\/v3\/wp-json\/wp\/v2\/tags?post=38059"}],"curies":[{"name":"wp","href":"https:\/\/api.w.org\/{rel}","templated":true}]}}