{"id":37980,"date":"2024-12-18T15:00:25","date_gmt":"2024-12-18T18:00:25","guid":{"rendered":"https:\/\/cvinoticias.com\/v3\/?p=37980"},"modified":"2024-12-18T15:00:26","modified_gmt":"2024-12-18T18:00:26","slug":"energia-de-misiones-y-ministerio-de-gobierno-refuerzan-combate-al-vandalismo-contra-la-infraestructura-electrica","status":"publish","type":"post","link":"https:\/\/cvinoticias.com\/v3\/energia-de-misiones-y-ministerio-de-gobierno-refuerzan-combate-al-vandalismo-contra-la-infraestructura-electrica\/","title":{"rendered":"Energ\u00eda de Misiones y Ministerio de Gobierno refuerzan combate al vandalismo contra la infraestructura el\u00e9ctrica"},"content":{"rendered":"\n<p><em>El ministro Marcelo P\u00e9rez y la presidente de la empresa el\u00e9ctrica, Virginia Kluka, profundizan la tarea conjunta para frenar acciones delictivas que dejan a grandes sectores sin energ\u00eda. Los \u00faltimos casos se dieron en Puerto Iguaz\u00fa, pero se registran hechos en toda la provincia.<\/em><\/p>\n\n\n\n<p>Este fin de semana, al menos cuatro casos de manipulaci\u00f3n de infraestructura el\u00e9ctrica por parte de terceros con supuestos fines de hurto dejaron sin energ\u00eda por varias horas a gran parte de la zona conocida como las \u00ab2000 hect\u00e1reas\u00bb de la ciudad de las Cataratas.<\/p>\n\n\n\n<p>Por esta seguidilla de actos vand\u00e1licos, los responsables del Ministerio de Gobierno y de Energ\u00eda de Misiones coincidieron en reforzar el trabajo conjunto que ya vienen realizando para prevenir y perseguir a los delincuentes que roban energ\u00eda, da\u00f1an la infraestructura de la empresa y ponen en serio riesgo la integridad de personas y bienes.<\/p>\n\n\n\n<p>Los funcionarios resaltaron que los casos detectados no se dieron solamente en sectores populares o de menores ingresos, sino tambi\u00e9n en comercios, hogares de clase media y hasta industrias. \u201cAc\u00e1 la Ley se aplica a todos, Ley pareja para denunciar a todos los que roban energ\u00eda, ya sea colgando alambres en la infraestructura a\u00e9rea o manipulando conexiones en propiedades importantes. Queda claro que este accionar nos perjudica a todos en momentos de alta demanda energ\u00e9tica\u201d, se\u00f1alaron al destacar el trabajo coordinado que incluye presencia policial en lugares conflictivos, la exposici\u00f3n policial de cada hecho vand\u00e1lico detectado y la denuncia penal en fiscal\u00eda cuando se identifica el fraude el\u00e9ctrico y a sus autores.<\/p>\n\n\n\n<p>Iguaz\u00fa, problemas recurrentes y riesgos inminentes<\/p>\n\n\n\n<p>En Iguaz\u00fa se detectaron derivaciones o intentos de conexiones directas que provocaron el corte del suministro en amplias zonas, ya que por cada cortocircuito mayor se activan las protecciones del sistema en la Estaci\u00f3n Transformadora San Lucas. Esto demanda horas de recorridas de las cuadrillas y numerosas pruebas hasta detectar el lugar exacto del da\u00f1o, ya que es imposible energizar la zona hasta que no se encuentre la falla. En varios casos, la manipulaci\u00f3n ocasion\u00f3 la quema de transformadores, una infraestructura de alto costo. Lo peor, sin embargo, es que uno de los hechos termin\u00f3 con cableado en el suelo y con energ\u00eda, generando una situaci\u00f3n de riesgo concreta para las personas. Todos estos hechos fueron notificados a la fuerza policial.<\/p>\n\n\n\n<p>Paralelamente y s\u00f3lo en los \u00faltimos d\u00edas, Energ\u00eda de Misiones realiz\u00f3 11 presentaciones a la Fiscal\u00eda penal en turno por fraude el\u00e9ctrico en propiedades de mayor poder adquisitivo y en distintos puntos de la provincia tras la detecci\u00f3n de maniobras, derivaciones y conexiones directas para evitar el pago de la energ\u00eda consumida.<\/p>\n\n\n\n<p>Energ\u00eda de Misiones tambi\u00e9n invita a los usuarios a denunciar en forma an\u00f3nima ante la Polic\u00eda de Misiones o al 0800 888 3672 si ven a terceros no pertenecientes a la empresa manipulando fusibles, medidores, tendidos o transformadores.<\/p>\n","protected":false},"excerpt":{"rendered":"<p>El ministro Marcelo P\u00e9rez y la presidente de la empresa el\u00e9ctrica, Virginia Kluka, profundizan la tarea conjunta para frenar acciones delictivas que dejan a grandes sectores sin energ\u00eda. Los \u00faltimos casos se dieron en Puerto Iguaz\u00fa, pero se registran hechos en toda la provincia. Este fin de semana, al menos cuatro casos de manipulaci\u00f3n de [&hellip;]<\/p>\n","protected":false},"author":2,"featured_media":37981,"comment_status":"open","ping_status":"open","sticky":false,"template":"","format":"standard","meta":{"footnotes":""},"categories":[33],"tags":[846,843,844,845],"class_list":["post-37980","post","type-post","status-publish","format-standard","has-post-thumbnail","hentry","category-energia","tag-combate","tag-energia-de-misiones","tag-ministerio-de-gobierno","tag-vandalismo"],"yoast_head":"<!-- This site is optimized with the Yoast SEO plugin v27.5 - https:\/\/yoast.com\/product\/yoast-seo-wordpress\/ -->\n<title>Energ\u00eda de Misiones y Ministerio de Gobierno refuerzan combate al vandalismo contra la infraestructura el\u00e9ctrica | CVI NOTICIAS<\/title>\n<meta name=\"robots\" content=\"index, follow, max-snippet:-1, max-image-preview:large, max-video-preview:-1\" \/>\n<link rel=\"canonical\" href=\"https:\/\/cvinoticias.com\/v3\/energia-de-misiones-y-ministerio-de-gobierno-refuerzan-combate-al-vandalismo-contra-la-infraestructura-electrica\/\" \/>\n<meta property=\"og:locale\" content=\"es_ES\" \/>\n<meta property=\"og:type\" content=\"article\" \/>\n<meta property=\"og:title\" content=\"Energ\u00eda de Misiones y Ministerio de Gobierno refuerzan combate al vandalismo contra la infraestructura el\u00e9ctrica | CVI NOTICIAS\" \/>\n<meta property=\"og:description\" content=\"El ministro Marcelo P\u00e9rez y la presidente de la empresa el\u00e9ctrica, Virginia Kluka, profundizan la tarea conjunta para frenar acciones delictivas que dejan a grandes sectores sin energ\u00eda. Los \u00faltimos casos se dieron en Puerto Iguaz\u00fa, pero se registran hechos en toda la provincia. Este fin de semana, al menos cuatro casos de manipulaci\u00f3n de [&hellip;]\" \/>\n<meta property=\"og:url\" content=\"https:\/\/cvinoticias.com\/v3\/energia-de-misiones-y-ministerio-de-gobierno-refuerzan-combate-al-vandalismo-contra-la-infraestructura-electrica\/\" \/>\n<meta property=\"og:site_name\" content=\"CVI NOTICIAS\" \/>\n<meta property=\"article:publisher\" content=\"https:\/\/www.facebook.com\/cvinoticias\" \/>\n<meta property=\"article:published_time\" content=\"2024-12-18T18:00:25+00:00\" \/>\n<meta property=\"article:modified_time\" content=\"2024-12-18T18:00:26+00:00\" \/>\n<meta property=\"og:image\" content=\"https:\/\/cvinoticias.com\/wp-content\/uploads\/2024\/12\/IMG-20241218-WA0135.jpg\" \/>\n\t<meta property=\"og:image:width\" content=\"1600\" \/>\n\t<meta property=\"og:image:height\" content=\"1200\" \/>\n\t<meta property=\"og:image:type\" content=\"image\/jpeg\" \/>\n<meta name=\"author\" content=\"f1000024\" \/>\n<meta name=\"twitter:card\" content=\"summary_large_image\" \/>\n<meta name=\"twitter:label1\" content=\"Escrito por\" \/>\n\t<meta name=\"twitter:data1\" content=\"f1000024\" \/>\n\t<meta name=\"twitter:label2\" content=\"Tiempo de lectura\" \/>\n\t<meta name=\"twitter:data2\" content=\"3 minutos\" \/>\n<script type=\"application\/ld+json\" class=\"yoast-schema-graph\">{\"@context\":\"https:\\\/\\\/schema.org\",\"@graph\":[{\"@type\":\"Article\",\"@id\":\"https:\\\/\\\/cvinoticias.com\\\/v3\\\/energia-de-misiones-y-ministerio-de-gobierno-refuerzan-combate-al-vandalismo-contra-la-infraestructura-electrica\\\/#article\",\"isPartOf\":{\"@id\":\"https:\\\/\\\/cvinoticias.com\\\/v3\\\/energia-de-misiones-y-ministerio-de-gobierno-refuerzan-combate-al-vandalismo-contra-la-infraestructura-electrica\\\/\"},\"author\":{\"name\":\"f1000024\",\"@id\":\"https:\\\/\\\/cvinoticias.com\\\/v3\\\/#\\\/schema\\\/person\\\/2db77e3c6bc03c538495d7b2b8be9b66\"},\"headline\":\"Energ\u00eda de Misiones y Ministerio de Gobierno refuerzan combate al vandalismo contra la infraestructura el\u00e9ctrica\",\"datePublished\":\"2024-12-18T18:00:25+00:00\",\"dateModified\":\"2024-12-18T18:00:26+00:00\",\"mainEntityOfPage\":{\"@id\":\"https:\\\/\\\/cvinoticias.com\\\/v3\\\/energia-de-misiones-y-ministerio-de-gobierno-refuerzan-combate-al-vandalismo-contra-la-infraestructura-electrica\\\/\"},\"wordCount\":520,\"commentCount\":0,\"publisher\":{\"@id\":\"https:\\\/\\\/cvinoticias.com\\\/v3\\\/#organization\"},\"image\":{\"@id\":\"https:\\\/\\\/cvinoticias.com\\\/v3\\\/energia-de-misiones-y-ministerio-de-gobierno-refuerzan-combate-al-vandalismo-contra-la-infraestructura-electrica\\\/#primaryimage\"},\"thumbnailUrl\":\"https:\\\/\\\/cvinoticias.com\\\/wp-content\\\/uploads\\\/2024\\\/12\\\/IMG-20241218-WA0135.jpg\",\"keywords\":[\"Combate\",\"Energ\u00eda de Misiones\",\"Ministerio de Gobierno\",\"Vandalismo\"],\"articleSection\":[\"Energ\u00eda\"],\"inLanguage\":\"es\",\"potentialAction\":[{\"@type\":\"CommentAction\",\"name\":\"Comment\",\"target\":[\"https:\\\/\\\/cvinoticias.com\\\/v3\\\/energia-de-misiones-y-ministerio-de-gobierno-refuerzan-combate-al-vandalismo-contra-la-infraestructura-electrica\\\/#respond\"]}]},{\"@type\":\"WebPage\",\"@id\":\"https:\\\/\\\/cvinoticias.com\\\/v3\\\/energia-de-misiones-y-ministerio-de-gobierno-refuerzan-combate-al-vandalismo-contra-la-infraestructura-electrica\\\/\",\"url\":\"https:\\\/\\\/cvinoticias.com\\\/v3\\\/energia-de-misiones-y-ministerio-de-gobierno-refuerzan-combate-al-vandalismo-contra-la-infraestructura-electrica\\\/\",\"name\":\"Energ\u00eda de Misiones y Ministerio de Gobierno refuerzan combate al vandalismo contra la infraestructura el\u00e9ctrica | CVI NOTICIAS\",\"isPartOf\":{\"@id\":\"https:\\\/\\\/cvinoticias.com\\\/v3\\\/#website\"},\"primaryImageOfPage\":{\"@id\":\"https:\\\/\\\/cvinoticias.com\\\/v3\\\/energia-de-misiones-y-ministerio-de-gobierno-refuerzan-combate-al-vandalismo-contra-la-infraestructura-electrica\\\/#primaryimage\"},\"image\":{\"@id\":\"https:\\\/\\\/cvinoticias.com\\\/v3\\\/energia-de-misiones-y-ministerio-de-gobierno-refuerzan-combate-al-vandalismo-contra-la-infraestructura-electrica\\\/#primaryimage\"},\"thumbnailUrl\":\"https:\\\/\\\/cvinoticias.com\\\/wp-content\\\/uploads\\\/2024\\\/12\\\/IMG-20241218-WA0135.jpg\",\"datePublished\":\"2024-12-18T18:00:25+00:00\",\"dateModified\":\"2024-12-18T18:00:26+00:00\",\"breadcrumb\":{\"@id\":\"https:\\\/\\\/cvinoticias.com\\\/v3\\\/energia-de-misiones-y-ministerio-de-gobierno-refuerzan-combate-al-vandalismo-contra-la-infraestructura-electrica\\\/#breadcrumb\"},\"inLanguage\":\"es\",\"potentialAction\":[{\"@type\":\"ReadAction\",\"target\":[\"https:\\\/\\\/cvinoticias.com\\\/v3\\\/energia-de-misiones-y-ministerio-de-gobierno-refuerzan-combate-al-vandalismo-contra-la-infraestructura-electrica\\\/\"]}]},{\"@type\":\"ImageObject\",\"inLanguage\":\"es\",\"@id\":\"https:\\\/\\\/cvinoticias.com\\\/v3\\\/energia-de-misiones-y-ministerio-de-gobierno-refuerzan-combate-al-vandalismo-contra-la-infraestructura-electrica\\\/#primaryimage\",\"url\":\"https:\\\/\\\/cvinoticias.com\\\/wp-content\\\/uploads\\\/2024\\\/12\\\/IMG-20241218-WA0135.jpg\",\"contentUrl\":\"https:\\\/\\\/cvinoticias.com\\\/wp-content\\\/uploads\\\/2024\\\/12\\\/IMG-20241218-WA0135.jpg\",\"width\":1600,\"height\":1200},{\"@type\":\"BreadcrumbList\",\"@id\":\"https:\\\/\\\/cvinoticias.com\\\/v3\\\/energia-de-misiones-y-ministerio-de-gobierno-refuerzan-combate-al-vandalismo-contra-la-infraestructura-electrica\\\/#breadcrumb\",\"itemListElement\":[{\"@type\":\"ListItem\",\"position\":1,\"name\":\"Portada\",\"item\":\"https:\\\/\\\/cvinoticias.com\\\/v3\\\/\"},{\"@type\":\"ListItem\",\"position\":2,\"name\":\"Energ\u00eda de Misiones y Ministerio de Gobierno refuerzan combate al vandalismo contra la infraestructura el\u00e9ctrica\"}]},{\"@type\":\"WebSite\",\"@id\":\"https:\\\/\\\/cvinoticias.com\\\/v3\\\/#website\",\"url\":\"https:\\\/\\\/cvinoticias.com\\\/v3\\\/\",\"name\":\"CVI NOTICIAS\",\"description\":\"\",\"publisher\":{\"@id\":\"https:\\\/\\\/cvinoticias.com\\\/v3\\\/#organization\"},\"alternateName\":\"CVI\",\"potentialAction\":[{\"@type\":\"SearchAction\",\"target\":{\"@type\":\"EntryPoint\",\"urlTemplate\":\"https:\\\/\\\/cvinoticias.com\\\/v3\\\/?s={search_term_string}\"},\"query-input\":{\"@type\":\"PropertyValueSpecification\",\"valueRequired\":true,\"valueName\":\"search_term_string\"}}],\"inLanguage\":\"es\"},{\"@type\":\"Organization\",\"@id\":\"https:\\\/\\\/cvinoticias.com\\\/v3\\\/#organization\",\"name\":\"CVI NOTICIAS\",\"url\":\"https:\\\/\\\/cvinoticias.com\\\/v3\\\/\",\"logo\":{\"@type\":\"ImageObject\",\"inLanguage\":\"es\",\"@id\":\"https:\\\/\\\/cvinoticias.com\\\/v3\\\/#\\\/schema\\\/logo\\\/image\\\/\",\"url\":\"https:\\\/\\\/cvinoticias.com\\\/wp-content\\\/uploads\\\/2023\\\/04\\\/cropped-cropped-cropped-cropped-cropped-3-1.png\",\"contentUrl\":\"https:\\\/\\\/cvinoticias.com\\\/wp-content\\\/uploads\\\/2023\\\/04\\\/cropped-cropped-cropped-cropped-cropped-3-1.png\",\"width\":95,\"height\":122,\"caption\":\"CVI NOTICIAS\"},\"image\":{\"@id\":\"https:\\\/\\\/cvinoticias.com\\\/v3\\\/#\\\/schema\\\/logo\\\/image\\\/\"},\"sameAs\":[\"https:\\\/\\\/www.facebook.com\\\/cvinoticias\",\"https:\\\/\\\/www.instagram.com\\\/cvinoticias\\\/\",\"https:\\\/\\\/www.youtube.com\\\/@CVINOTICIAS\"]},{\"@type\":\"Person\",\"@id\":\"https:\\\/\\\/cvinoticias.com\\\/v3\\\/#\\\/schema\\\/person\\\/2db77e3c6bc03c538495d7b2b8be9b66\",\"name\":\"f1000024\",\"image\":{\"@type\":\"ImageObject\",\"inLanguage\":\"es\",\"@id\":\"https:\\\/\\\/secure.gravatar.com\\\/avatar\\\/d4fe7459cfc51ff5129ce1a732bbef5928568b8092d412ef95611616376bbeed?s=96&d=mm&r=g\",\"url\":\"https:\\\/\\\/secure.gravatar.com\\\/avatar\\\/d4fe7459cfc51ff5129ce1a732bbef5928568b8092d412ef95611616376bbeed?s=96&d=mm&r=g\",\"contentUrl\":\"https:\\\/\\\/secure.gravatar.com\\\/avatar\\\/d4fe7459cfc51ff5129ce1a732bbef5928568b8092d412ef95611616376bbeed?s=96&d=mm&r=g\",\"caption\":\"f1000024\"},\"url\":\"https:\\\/\\\/cvinoticias.com\\\/v3\\\/author\\\/f1000024\\\/\"}]}<\/script>\n<!-- \/ Yoast SEO plugin. -->","yoast_head_json":{"title":"Energ\u00eda de Misiones y Ministerio de Gobierno refuerzan combate al vandalismo contra la infraestructura el\u00e9ctrica | CVI NOTICIAS","robots":{"index":"index","follow":"follow","max-snippet":"max-snippet:-1","max-image-preview":"max-image-preview:large","max-video-preview":"max-video-preview:-1"},"canonical":"https:\/\/cvinoticias.com\/v3\/energia-de-misiones-y-ministerio-de-gobierno-refuerzan-combate-al-vandalismo-contra-la-infraestructura-electrica\/","og_locale":"es_ES","og_type":"article","og_title":"Energ\u00eda de Misiones y Ministerio de Gobierno refuerzan combate al vandalismo contra la infraestructura el\u00e9ctrica | CVI NOTICIAS","og_description":"El ministro Marcelo P\u00e9rez y la presidente de la empresa el\u00e9ctrica, Virginia Kluka, profundizan la tarea conjunta para frenar acciones delictivas que dejan a grandes sectores sin energ\u00eda. Los \u00faltimos casos se dieron en Puerto Iguaz\u00fa, pero se registran hechos en toda la provincia. Este fin de semana, al menos cuatro casos de manipulaci\u00f3n de [&hellip;]","og_url":"https:\/\/cvinoticias.com\/v3\/energia-de-misiones-y-ministerio-de-gobierno-refuerzan-combate-al-vandalismo-contra-la-infraestructura-electrica\/","og_site_name":"CVI NOTICIAS","article_publisher":"https:\/\/www.facebook.com\/cvinoticias","article_published_time":"2024-12-18T18:00:25+00:00","article_modified_time":"2024-12-18T18:00:26+00:00","og_image":[{"width":1600,"height":1200,"url":"https:\/\/cvinoticias.com\/wp-content\/uploads\/2024\/12\/IMG-20241218-WA0135.jpg","type":"image\/jpeg"}],"author":"f1000024","twitter_card":"summary_large_image","twitter_misc":{"Escrito por":"f1000024","Tiempo de lectura":"3 minutos"},"schema":{"@context":"https:\/\/schema.org","@graph":[{"@type":"Article","@id":"https:\/\/cvinoticias.com\/v3\/energia-de-misiones-y-ministerio-de-gobierno-refuerzan-combate-al-vandalismo-contra-la-infraestructura-electrica\/#article","isPartOf":{"@id":"https:\/\/cvinoticias.com\/v3\/energia-de-misiones-y-ministerio-de-gobierno-refuerzan-combate-al-vandalismo-contra-la-infraestructura-electrica\/"},"author":{"name":"f1000024","@id":"https:\/\/cvinoticias.com\/v3\/#\/schema\/person\/2db77e3c6bc03c538495d7b2b8be9b66"},"headline":"Energ\u00eda de Misiones y Ministerio de Gobierno refuerzan combate al vandalismo contra la infraestructura el\u00e9ctrica","datePublished":"2024-12-18T18:00:25+00:00","dateModified":"2024-12-18T18:00:26+00:00","mainEntityOfPage":{"@id":"https:\/\/cvinoticias.com\/v3\/energia-de-misiones-y-ministerio-de-gobierno-refuerzan-combate-al-vandalismo-contra-la-infraestructura-electrica\/"},"wordCount":520,"commentCount":0,"publisher":{"@id":"https:\/\/cvinoticias.com\/v3\/#organization"},"image":{"@id":"https:\/\/cvinoticias.com\/v3\/energia-de-misiones-y-ministerio-de-gobierno-refuerzan-combate-al-vandalismo-contra-la-infraestructura-electrica\/#primaryimage"},"thumbnailUrl":"https:\/\/cvinoticias.com\/wp-content\/uploads\/2024\/12\/IMG-20241218-WA0135.jpg","keywords":["Combate","Energ\u00eda de Misiones","Ministerio de Gobierno","Vandalismo"],"articleSection":["Energ\u00eda"],"inLanguage":"es","potentialAction":[{"@type":"CommentAction","name":"Comment","target":["https:\/\/cvinoticias.com\/v3\/energia-de-misiones-y-ministerio-de-gobierno-refuerzan-combate-al-vandalismo-contra-la-infraestructura-electrica\/#respond"]}]},{"@type":"WebPage","@id":"https:\/\/cvinoticias.com\/v3\/energia-de-misiones-y-ministerio-de-gobierno-refuerzan-combate-al-vandalismo-contra-la-infraestructura-electrica\/","url":"https:\/\/cvinoticias.com\/v3\/energia-de-misiones-y-ministerio-de-gobierno-refuerzan-combate-al-vandalismo-contra-la-infraestructura-electrica\/","name":"Energ\u00eda de Misiones y Ministerio de Gobierno refuerzan combate al vandalismo contra la infraestructura el\u00e9ctrica | CVI NOTICIAS","isPartOf":{"@id":"https:\/\/cvinoticias.com\/v3\/#website"},"primaryImageOfPage":{"@id":"https:\/\/cvinoticias.com\/v3\/energia-de-misiones-y-ministerio-de-gobierno-refuerzan-combate-al-vandalismo-contra-la-infraestructura-electrica\/#primaryimage"},"image":{"@id":"https:\/\/cvinoticias.com\/v3\/energia-de-misiones-y-ministerio-de-gobierno-refuerzan-combate-al-vandalismo-contra-la-infraestructura-electrica\/#primaryimage"},"thumbnailUrl":"https:\/\/cvinoticias.com\/wp-content\/uploads\/2024\/12\/IMG-20241218-WA0135.jpg","datePublished":"2024-12-18T18:00:25+00:00","dateModified":"2024-12-18T18:00:26+00:00","breadcrumb":{"@id":"https:\/\/cvinoticias.com\/v3\/energia-de-misiones-y-ministerio-de-gobierno-refuerzan-combate-al-vandalismo-contra-la-infraestructura-electrica\/#breadcrumb"},"inLanguage":"es","potentialAction":[{"@type":"ReadAction","target":["https:\/\/cvinoticias.com\/v3\/energia-de-misiones-y-ministerio-de-gobierno-refuerzan-combate-al-vandalismo-contra-la-infraestructura-electrica\/"]}]},{"@type":"ImageObject","inLanguage":"es","@id":"https:\/\/cvinoticias.com\/v3\/energia-de-misiones-y-ministerio-de-gobierno-refuerzan-combate-al-vandalismo-contra-la-infraestructura-electrica\/#primaryimage","url":"https:\/\/cvinoticias.com\/wp-content\/uploads\/2024\/12\/IMG-20241218-WA0135.jpg","contentUrl":"https:\/\/cvinoticias.com\/wp-content\/uploads\/2024\/12\/IMG-20241218-WA0135.jpg","width":1600,"height":1200},{"@type":"BreadcrumbList","@id":"https:\/\/cvinoticias.com\/v3\/energia-de-misiones-y-ministerio-de-gobierno-refuerzan-combate-al-vandalismo-contra-la-infraestructura-electrica\/#breadcrumb","itemListElement":[{"@type":"ListItem","position":1,"name":"Portada","item":"https:\/\/cvinoticias.com\/v3\/"},{"@type":"ListItem","position":2,"name":"Energ\u00eda de Misiones y Ministerio de Gobierno refuerzan combate al vandalismo contra la infraestructura el\u00e9ctrica"}]},{"@type":"WebSite","@id":"https:\/\/cvinoticias.com\/v3\/#website","url":"https:\/\/cvinoticias.com\/v3\/","name":"CVI NOTICIAS","description":"","publisher":{"@id":"https:\/\/cvinoticias.com\/v3\/#organization"},"alternateName":"CVI","potentialAction":[{"@type":"SearchAction","target":{"@type":"EntryPoint","urlTemplate":"https:\/\/cvinoticias.com\/v3\/?s={search_term_string}"},"query-input":{"@type":"PropertyValueSpecification","valueRequired":true,"valueName":"search_term_string"}}],"inLanguage":"es"},{"@type":"Organization","@id":"https:\/\/cvinoticias.com\/v3\/#organization","name":"CVI NOTICIAS","url":"https:\/\/cvinoticias.com\/v3\/","logo":{"@type":"ImageObject","inLanguage":"es","@id":"https:\/\/cvinoticias.com\/v3\/#\/schema\/logo\/image\/","url":"https:\/\/cvinoticias.com\/wp-content\/uploads\/2023\/04\/cropped-cropped-cropped-cropped-cropped-3-1.png","contentUrl":"https:\/\/cvinoticias.com\/wp-content\/uploads\/2023\/04\/cropped-cropped-cropped-cropped-cropped-3-1.png","width":95,"height":122,"caption":"CVI NOTICIAS"},"image":{"@id":"https:\/\/cvinoticias.com\/v3\/#\/schema\/logo\/image\/"},"sameAs":["https:\/\/www.facebook.com\/cvinoticias","https:\/\/www.instagram.com\/cvinoticias\/","https:\/\/www.youtube.com\/@CVINOTICIAS"]},{"@type":"Person","@id":"https:\/\/cvinoticias.com\/v3\/#\/schema\/person\/2db77e3c6bc03c538495d7b2b8be9b66","name":"f1000024","image":{"@type":"ImageObject","inLanguage":"es","@id":"https:\/\/secure.gravatar.com\/avatar\/d4fe7459cfc51ff5129ce1a732bbef5928568b8092d412ef95611616376bbeed?s=96&d=mm&r=g","url":"https:\/\/secure.gravatar.com\/avatar\/d4fe7459cfc51ff5129ce1a732bbef5928568b8092d412ef95611616376bbeed?s=96&d=mm&r=g","contentUrl":"https:\/\/secure.gravatar.com\/avatar\/d4fe7459cfc51ff5129ce1a732bbef5928568b8092d412ef95611616376bbeed?s=96&d=mm&r=g","caption":"f1000024"},"url":"https:\/\/cvinoticias.com\/v3\/author\/f1000024\/"}]}},"_links":{"self":[{"href":"https:\/\/cvinoticias.com\/v3\/wp-json\/wp\/v2\/posts\/37980","targetHints":{"allow":["GET"]}}],"collection":[{"href":"https:\/\/cvinoticias.com\/v3\/wp-json\/wp\/v2\/posts"}],"about":[{"href":"https:\/\/cvinoticias.com\/v3\/wp-json\/wp\/v2\/types\/post"}],"author":[{"embeddable":true,"href":"https:\/\/cvinoticias.com\/v3\/wp-json\/wp\/v2\/users\/2"}],"replies":[{"embeddable":true,"href":"https:\/\/cvinoticias.com\/v3\/wp-json\/wp\/v2\/comments?post=37980"}],"version-history":[{"count":1,"href":"https:\/\/cvinoticias.com\/v3\/wp-json\/wp\/v2\/posts\/37980\/revisions"}],"predecessor-version":[{"id":37982,"href":"https:\/\/cvinoticias.com\/v3\/wp-json\/wp\/v2\/posts\/37980\/revisions\/37982"}],"wp:featuredmedia":[{"embeddable":true,"href":"https:\/\/cvinoticias.com\/v3\/wp-json\/wp\/v2\/media\/37981"}],"wp:attachment":[{"href":"https:\/\/cvinoticias.com\/v3\/wp-json\/wp\/v2\/media?parent=37980"}],"wp:term":[{"taxonomy":"category","embeddable":true,"href":"https:\/\/cvinoticias.com\/v3\/wp-json\/wp\/v2\/categories?post=37980"},{"taxonomy":"post_tag","embeddable":true,"href":"https:\/\/cvinoticias.com\/v3\/wp-json\/wp\/v2\/tags?post=37980"}],"curies":[{"name":"wp","href":"https:\/\/api.w.org\/{rel}","templated":true}]}}