{"id":37966,"date":"2024-12-17T13:54:41","date_gmt":"2024-12-17T16:54:41","guid":{"rendered":"https:\/\/cvinoticias.com\/v3\/?p=37966"},"modified":"2024-12-17T13:54:42","modified_gmt":"2024-12-17T16:54:42","slug":"7-dias-de-huelga-de-los-empleados-de-seguridad-denuncian-precarizacion-extrema","status":"publish","type":"post","link":"https:\/\/cvinoticias.com\/v3\/7-dias-de-huelga-de-los-empleados-de-seguridad-denuncian-precarizacion-extrema\/","title":{"rendered":"7 d\u00edas de huelga de los empleados de seguridad: Denuncian \u00abPrecarizaci\u00f3n extrema\u00bb"},"content":{"rendered":"\n<p>Los trabajadores de la empresa Mega Seguridad SRL, definieron en asamblea, iniciar un paro que ya lleva 7 d\u00edas, seg\u00fan inform\u00f3 la Central de Trabajadores Argentinos Aut\u00f3noma (CTAA) y el Sindicato \u00danico de Trabajadores Argentinos de Seguridad (Sutras), debido a numerosos y graves incumplimientos de la firma, encargada del servicio tercerizado de seguridad en hospitales, CAPS y organismos que dependen del Ministerio de Salud P\u00fablica.<\/p>\n\n\n\n<p>Seg\u00fan la presentaci\u00f3n, los trabajadores de esta empresa que prestan servicios en el Hospital Samic de Puerto Iguazu y en el Hogar de D\u00eda, definieron \u201ciniciar reclamo para que la empresa de cumplimiento de la escala salarial vigente para el sector (CCT 507\/07 y Art. 119 Ley 20744); exigir que se abone el plus de nocturnidad estipulado por convenio (CCT 507\/07); y exigir que se abonen las horas extras al 50% y al 100% acorde a la Ley 20.744.\u201d<\/p>\n\n\n\n<figure class=\"wp-block-image size-large\"><a href=\"https:\/\/cvinoticias.com\/wp-content\/uploads\/2024\/12\/IMG-20241217-WA0111.jpg\"><img decoding=\"async\" width=\"768\" height=\"1024\" data-src=\"https:\/\/cvinoticias.com\/wp-content\/uploads\/2024\/12\/IMG-20241217-WA0111-768x1024.jpg\" alt=\"\" class=\"wp-image-37967 lazyload\" data-srcset=\"https:\/\/cvinoticias.com\/wp-content\/uploads\/2024\/12\/IMG-20241217-WA0111-768x1024.jpg 768w, https:\/\/cvinoticias.com\/wp-content\/uploads\/2024\/12\/IMG-20241217-WA0111-225x300.jpg 225w, https:\/\/cvinoticias.com\/wp-content\/uploads\/2024\/12\/IMG-20241217-WA0111-1152x1536.jpg 1152w, https:\/\/cvinoticias.com\/wp-content\/uploads\/2024\/12\/IMG-20241217-WA0111.jpg 1200w\" data-sizes=\"(max-width: 768px) 100vw, 768px\" src=\"data:image\/svg+xml;base64,PHN2ZyB3aWR0aD0iMSIgaGVpZ2h0PSIxIiB4bWxucz0iaHR0cDovL3d3dy53My5vcmcvMjAwMC9zdmciPjwvc3ZnPg==\" style=\"--smush-placeholder-width: 768px; --smush-placeholder-aspect-ratio: 768\/1024;\" \/><\/a><\/figure>\n\n\n\n<p>Desde el sindicato detallaron que la huelga de 7 d\u00edas, podr\u00eda extenderse si no hay respuestas de la patronal. De hecho, el Sutras aclara que no se descarta que se agreguen a esta medida de fuerza, otras unidades y objetivos en disputa, a fin de visualizar los reclamos.<\/p>\n","protected":false},"excerpt":{"rendered":"<p>Los trabajadores de la empresa Mega Seguridad SRL, definieron en asamblea, iniciar un paro que ya lleva 7 d\u00edas, seg\u00fan inform\u00f3 la Central de Trabajadores Argentinos Aut\u00f3noma (CTAA) y el Sindicato \u00danico de Trabajadores Argentinos de Seguridad (Sutras), debido a numerosos y graves incumplimientos de la firma, encargada del servicio tercerizado de seguridad en hospitales, [&hellip;]<\/p>\n","protected":false},"author":2,"featured_media":37968,"comment_status":"open","ping_status":"open","sticky":false,"template":"","format":"standard","meta":{"footnotes":""},"categories":[512],"tags":[835,836,165],"class_list":["post-37966","post","type-post","status-publish","format-standard","has-post-thumbnail","hentry","category-empleo","tag-huelga","tag-precarizacion","tag-seguridad"],"yoast_head":"<!-- This site is optimized with the Yoast SEO plugin v27.5 - https:\/\/yoast.com\/product\/yoast-seo-wordpress\/ -->\n<title>7 d\u00edas de huelga de los empleados de seguridad: Denuncian &quot;Precarizaci\u00f3n extrema&quot; | CVI NOTICIAS<\/title>\n<meta name=\"robots\" content=\"index, follow, max-snippet:-1, max-image-preview:large, max-video-preview:-1\" \/>\n<link rel=\"canonical\" href=\"https:\/\/cvinoticias.com\/v3\/7-dias-de-huelga-de-los-empleados-de-seguridad-denuncian-precarizacion-extrema\/\" \/>\n<meta property=\"og:locale\" content=\"es_ES\" \/>\n<meta property=\"og:type\" content=\"article\" \/>\n<meta property=\"og:title\" content=\"7 d\u00edas de huelga de los empleados de seguridad: Denuncian &quot;Precarizaci\u00f3n extrema&quot; | CVI NOTICIAS\" \/>\n<meta property=\"og:description\" content=\"Los trabajadores de la empresa Mega Seguridad SRL, definieron en asamblea, iniciar un paro que ya lleva 7 d\u00edas, seg\u00fan inform\u00f3 la Central de Trabajadores Argentinos Aut\u00f3noma (CTAA) y el Sindicato \u00danico de Trabajadores Argentinos de Seguridad (Sutras), debido a numerosos y graves incumplimientos de la firma, encargada del servicio tercerizado de seguridad en hospitales, [&hellip;]\" \/>\n<meta property=\"og:url\" content=\"https:\/\/cvinoticias.com\/v3\/7-dias-de-huelga-de-los-empleados-de-seguridad-denuncian-precarizacion-extrema\/\" \/>\n<meta property=\"og:site_name\" content=\"CVI NOTICIAS\" \/>\n<meta property=\"article:publisher\" content=\"https:\/\/www.facebook.com\/cvinoticias\" \/>\n<meta property=\"article:published_time\" content=\"2024-12-17T16:54:41+00:00\" \/>\n<meta property=\"article:modified_time\" content=\"2024-12-17T16:54:42+00:00\" \/>\n<meta property=\"og:image\" content=\"https:\/\/cvinoticias.com\/wp-content\/uploads\/2024\/12\/IMG-20241217-WA0112.jpg\" \/>\n\t<meta property=\"og:image:width\" content=\"1600\" \/>\n\t<meta property=\"og:image:height\" content=\"1200\" \/>\n\t<meta property=\"og:image:type\" content=\"image\/jpeg\" \/>\n<meta name=\"author\" content=\"f1000024\" \/>\n<meta name=\"twitter:card\" content=\"summary_large_image\" \/>\n<meta name=\"twitter:label1\" content=\"Escrito por\" \/>\n\t<meta name=\"twitter:data1\" content=\"f1000024\" \/>\n\t<meta name=\"twitter:label2\" content=\"Tiempo de lectura\" \/>\n\t<meta name=\"twitter:data2\" content=\"2 minutos\" \/>\n<script type=\"application\/ld+json\" class=\"yoast-schema-graph\">{\"@context\":\"https:\\\/\\\/schema.org\",\"@graph\":[{\"@type\":\"Article\",\"@id\":\"https:\\\/\\\/cvinoticias.com\\\/v3\\\/7-dias-de-huelga-de-los-empleados-de-seguridad-denuncian-precarizacion-extrema\\\/#article\",\"isPartOf\":{\"@id\":\"https:\\\/\\\/cvinoticias.com\\\/v3\\\/7-dias-de-huelga-de-los-empleados-de-seguridad-denuncian-precarizacion-extrema\\\/\"},\"author\":{\"name\":\"f1000024\",\"@id\":\"https:\\\/\\\/cvinoticias.com\\\/v3\\\/#\\\/schema\\\/person\\\/2db77e3c6bc03c538495d7b2b8be9b66\"},\"headline\":\"7 d\u00edas de huelga de los empleados de seguridad: Denuncian \u00abPrecarizaci\u00f3n extrema\u00bb\",\"datePublished\":\"2024-12-17T16:54:41+00:00\",\"dateModified\":\"2024-12-17T16:54:42+00:00\",\"mainEntityOfPage\":{\"@id\":\"https:\\\/\\\/cvinoticias.com\\\/v3\\\/7-dias-de-huelga-de-los-empleados-de-seguridad-denuncian-precarizacion-extrema\\\/\"},\"wordCount\":205,\"commentCount\":0,\"publisher\":{\"@id\":\"https:\\\/\\\/cvinoticias.com\\\/v3\\\/#organization\"},\"image\":{\"@id\":\"https:\\\/\\\/cvinoticias.com\\\/v3\\\/7-dias-de-huelga-de-los-empleados-de-seguridad-denuncian-precarizacion-extrema\\\/#primaryimage\"},\"thumbnailUrl\":\"https:\\\/\\\/cvinoticias.com\\\/wp-content\\\/uploads\\\/2024\\\/12\\\/IMG-20241217-WA0112.jpg\",\"keywords\":[\"Huelga\",\"Precarizaci\u00f3n\",\"seguridad\"],\"articleSection\":[\"Empleo\"],\"inLanguage\":\"es\",\"potentialAction\":[{\"@type\":\"CommentAction\",\"name\":\"Comment\",\"target\":[\"https:\\\/\\\/cvinoticias.com\\\/v3\\\/7-dias-de-huelga-de-los-empleados-de-seguridad-denuncian-precarizacion-extrema\\\/#respond\"]}]},{\"@type\":\"WebPage\",\"@id\":\"https:\\\/\\\/cvinoticias.com\\\/v3\\\/7-dias-de-huelga-de-los-empleados-de-seguridad-denuncian-precarizacion-extrema\\\/\",\"url\":\"https:\\\/\\\/cvinoticias.com\\\/v3\\\/7-dias-de-huelga-de-los-empleados-de-seguridad-denuncian-precarizacion-extrema\\\/\",\"name\":\"7 d\u00edas de huelga de los empleados de seguridad: Denuncian \\\"Precarizaci\u00f3n extrema\\\" | CVI NOTICIAS\",\"isPartOf\":{\"@id\":\"https:\\\/\\\/cvinoticias.com\\\/v3\\\/#website\"},\"primaryImageOfPage\":{\"@id\":\"https:\\\/\\\/cvinoticias.com\\\/v3\\\/7-dias-de-huelga-de-los-empleados-de-seguridad-denuncian-precarizacion-extrema\\\/#primaryimage\"},\"image\":{\"@id\":\"https:\\\/\\\/cvinoticias.com\\\/v3\\\/7-dias-de-huelga-de-los-empleados-de-seguridad-denuncian-precarizacion-extrema\\\/#primaryimage\"},\"thumbnailUrl\":\"https:\\\/\\\/cvinoticias.com\\\/wp-content\\\/uploads\\\/2024\\\/12\\\/IMG-20241217-WA0112.jpg\",\"datePublished\":\"2024-12-17T16:54:41+00:00\",\"dateModified\":\"2024-12-17T16:54:42+00:00\",\"breadcrumb\":{\"@id\":\"https:\\\/\\\/cvinoticias.com\\\/v3\\\/7-dias-de-huelga-de-los-empleados-de-seguridad-denuncian-precarizacion-extrema\\\/#breadcrumb\"},\"inLanguage\":\"es\",\"potentialAction\":[{\"@type\":\"ReadAction\",\"target\":[\"https:\\\/\\\/cvinoticias.com\\\/v3\\\/7-dias-de-huelga-de-los-empleados-de-seguridad-denuncian-precarizacion-extrema\\\/\"]}]},{\"@type\":\"ImageObject\",\"inLanguage\":\"es\",\"@id\":\"https:\\\/\\\/cvinoticias.com\\\/v3\\\/7-dias-de-huelga-de-los-empleados-de-seguridad-denuncian-precarizacion-extrema\\\/#primaryimage\",\"url\":\"https:\\\/\\\/cvinoticias.com\\\/wp-content\\\/uploads\\\/2024\\\/12\\\/IMG-20241217-WA0112.jpg\",\"contentUrl\":\"https:\\\/\\\/cvinoticias.com\\\/wp-content\\\/uploads\\\/2024\\\/12\\\/IMG-20241217-WA0112.jpg\",\"width\":1600,\"height\":1200},{\"@type\":\"BreadcrumbList\",\"@id\":\"https:\\\/\\\/cvinoticias.com\\\/v3\\\/7-dias-de-huelga-de-los-empleados-de-seguridad-denuncian-precarizacion-extrema\\\/#breadcrumb\",\"itemListElement\":[{\"@type\":\"ListItem\",\"position\":1,\"name\":\"Portada\",\"item\":\"https:\\\/\\\/cvinoticias.com\\\/v3\\\/\"},{\"@type\":\"ListItem\",\"position\":2,\"name\":\"7 d\u00edas de huelga de los empleados de seguridad: Denuncian \u00abPrecarizaci\u00f3n extrema\u00bb\"}]},{\"@type\":\"WebSite\",\"@id\":\"https:\\\/\\\/cvinoticias.com\\\/v3\\\/#website\",\"url\":\"https:\\\/\\\/cvinoticias.com\\\/v3\\\/\",\"name\":\"CVI NOTICIAS\",\"description\":\"\",\"publisher\":{\"@id\":\"https:\\\/\\\/cvinoticias.com\\\/v3\\\/#organization\"},\"alternateName\":\"CVI\",\"potentialAction\":[{\"@type\":\"SearchAction\",\"target\":{\"@type\":\"EntryPoint\",\"urlTemplate\":\"https:\\\/\\\/cvinoticias.com\\\/v3\\\/?s={search_term_string}\"},\"query-input\":{\"@type\":\"PropertyValueSpecification\",\"valueRequired\":true,\"valueName\":\"search_term_string\"}}],\"inLanguage\":\"es\"},{\"@type\":\"Organization\",\"@id\":\"https:\\\/\\\/cvinoticias.com\\\/v3\\\/#organization\",\"name\":\"CVI NOTICIAS\",\"url\":\"https:\\\/\\\/cvinoticias.com\\\/v3\\\/\",\"logo\":{\"@type\":\"ImageObject\",\"inLanguage\":\"es\",\"@id\":\"https:\\\/\\\/cvinoticias.com\\\/v3\\\/#\\\/schema\\\/logo\\\/image\\\/\",\"url\":\"https:\\\/\\\/cvinoticias.com\\\/wp-content\\\/uploads\\\/2023\\\/04\\\/cropped-cropped-cropped-cropped-cropped-3-1.png\",\"contentUrl\":\"https:\\\/\\\/cvinoticias.com\\\/wp-content\\\/uploads\\\/2023\\\/04\\\/cropped-cropped-cropped-cropped-cropped-3-1.png\",\"width\":95,\"height\":122,\"caption\":\"CVI NOTICIAS\"},\"image\":{\"@id\":\"https:\\\/\\\/cvinoticias.com\\\/v3\\\/#\\\/schema\\\/logo\\\/image\\\/\"},\"sameAs\":[\"https:\\\/\\\/www.facebook.com\\\/cvinoticias\",\"https:\\\/\\\/www.instagram.com\\\/cvinoticias\\\/\",\"https:\\\/\\\/www.youtube.com\\\/@CVINOTICIAS\"]},{\"@type\":\"Person\",\"@id\":\"https:\\\/\\\/cvinoticias.com\\\/v3\\\/#\\\/schema\\\/person\\\/2db77e3c6bc03c538495d7b2b8be9b66\",\"name\":\"f1000024\",\"image\":{\"@type\":\"ImageObject\",\"inLanguage\":\"es\",\"@id\":\"https:\\\/\\\/secure.gravatar.com\\\/avatar\\\/d4fe7459cfc51ff5129ce1a732bbef5928568b8092d412ef95611616376bbeed?s=96&d=mm&r=g\",\"url\":\"https:\\\/\\\/secure.gravatar.com\\\/avatar\\\/d4fe7459cfc51ff5129ce1a732bbef5928568b8092d412ef95611616376bbeed?s=96&d=mm&r=g\",\"contentUrl\":\"https:\\\/\\\/secure.gravatar.com\\\/avatar\\\/d4fe7459cfc51ff5129ce1a732bbef5928568b8092d412ef95611616376bbeed?s=96&d=mm&r=g\",\"caption\":\"f1000024\"},\"url\":\"https:\\\/\\\/cvinoticias.com\\\/v3\\\/author\\\/f1000024\\\/\"}]}<\/script>\n<!-- \/ Yoast SEO plugin. -->","yoast_head_json":{"title":"7 d\u00edas de huelga de los empleados de seguridad: Denuncian \"Precarizaci\u00f3n extrema\" | CVI NOTICIAS","robots":{"index":"index","follow":"follow","max-snippet":"max-snippet:-1","max-image-preview":"max-image-preview:large","max-video-preview":"max-video-preview:-1"},"canonical":"https:\/\/cvinoticias.com\/v3\/7-dias-de-huelga-de-los-empleados-de-seguridad-denuncian-precarizacion-extrema\/","og_locale":"es_ES","og_type":"article","og_title":"7 d\u00edas de huelga de los empleados de seguridad: Denuncian \"Precarizaci\u00f3n extrema\" | CVI NOTICIAS","og_description":"Los trabajadores de la empresa Mega Seguridad SRL, definieron en asamblea, iniciar un paro que ya lleva 7 d\u00edas, seg\u00fan inform\u00f3 la Central de Trabajadores Argentinos Aut\u00f3noma (CTAA) y el Sindicato \u00danico de Trabajadores Argentinos de Seguridad (Sutras), debido a numerosos y graves incumplimientos de la firma, encargada del servicio tercerizado de seguridad en hospitales, [&hellip;]","og_url":"https:\/\/cvinoticias.com\/v3\/7-dias-de-huelga-de-los-empleados-de-seguridad-denuncian-precarizacion-extrema\/","og_site_name":"CVI NOTICIAS","article_publisher":"https:\/\/www.facebook.com\/cvinoticias","article_published_time":"2024-12-17T16:54:41+00:00","article_modified_time":"2024-12-17T16:54:42+00:00","og_image":[{"width":1600,"height":1200,"url":"https:\/\/cvinoticias.com\/wp-content\/uploads\/2024\/12\/IMG-20241217-WA0112.jpg","type":"image\/jpeg"}],"author":"f1000024","twitter_card":"summary_large_image","twitter_misc":{"Escrito por":"f1000024","Tiempo de lectura":"2 minutos"},"schema":{"@context":"https:\/\/schema.org","@graph":[{"@type":"Article","@id":"https:\/\/cvinoticias.com\/v3\/7-dias-de-huelga-de-los-empleados-de-seguridad-denuncian-precarizacion-extrema\/#article","isPartOf":{"@id":"https:\/\/cvinoticias.com\/v3\/7-dias-de-huelga-de-los-empleados-de-seguridad-denuncian-precarizacion-extrema\/"},"author":{"name":"f1000024","@id":"https:\/\/cvinoticias.com\/v3\/#\/schema\/person\/2db77e3c6bc03c538495d7b2b8be9b66"},"headline":"7 d\u00edas de huelga de los empleados de seguridad: Denuncian \u00abPrecarizaci\u00f3n extrema\u00bb","datePublished":"2024-12-17T16:54:41+00:00","dateModified":"2024-12-17T16:54:42+00:00","mainEntityOfPage":{"@id":"https:\/\/cvinoticias.com\/v3\/7-dias-de-huelga-de-los-empleados-de-seguridad-denuncian-precarizacion-extrema\/"},"wordCount":205,"commentCount":0,"publisher":{"@id":"https:\/\/cvinoticias.com\/v3\/#organization"},"image":{"@id":"https:\/\/cvinoticias.com\/v3\/7-dias-de-huelga-de-los-empleados-de-seguridad-denuncian-precarizacion-extrema\/#primaryimage"},"thumbnailUrl":"https:\/\/cvinoticias.com\/wp-content\/uploads\/2024\/12\/IMG-20241217-WA0112.jpg","keywords":["Huelga","Precarizaci\u00f3n","seguridad"],"articleSection":["Empleo"],"inLanguage":"es","potentialAction":[{"@type":"CommentAction","name":"Comment","target":["https:\/\/cvinoticias.com\/v3\/7-dias-de-huelga-de-los-empleados-de-seguridad-denuncian-precarizacion-extrema\/#respond"]}]},{"@type":"WebPage","@id":"https:\/\/cvinoticias.com\/v3\/7-dias-de-huelga-de-los-empleados-de-seguridad-denuncian-precarizacion-extrema\/","url":"https:\/\/cvinoticias.com\/v3\/7-dias-de-huelga-de-los-empleados-de-seguridad-denuncian-precarizacion-extrema\/","name":"7 d\u00edas de huelga de los empleados de seguridad: Denuncian \"Precarizaci\u00f3n extrema\" | CVI NOTICIAS","isPartOf":{"@id":"https:\/\/cvinoticias.com\/v3\/#website"},"primaryImageOfPage":{"@id":"https:\/\/cvinoticias.com\/v3\/7-dias-de-huelga-de-los-empleados-de-seguridad-denuncian-precarizacion-extrema\/#primaryimage"},"image":{"@id":"https:\/\/cvinoticias.com\/v3\/7-dias-de-huelga-de-los-empleados-de-seguridad-denuncian-precarizacion-extrema\/#primaryimage"},"thumbnailUrl":"https:\/\/cvinoticias.com\/wp-content\/uploads\/2024\/12\/IMG-20241217-WA0112.jpg","datePublished":"2024-12-17T16:54:41+00:00","dateModified":"2024-12-17T16:54:42+00:00","breadcrumb":{"@id":"https:\/\/cvinoticias.com\/v3\/7-dias-de-huelga-de-los-empleados-de-seguridad-denuncian-precarizacion-extrema\/#breadcrumb"},"inLanguage":"es","potentialAction":[{"@type":"ReadAction","target":["https:\/\/cvinoticias.com\/v3\/7-dias-de-huelga-de-los-empleados-de-seguridad-denuncian-precarizacion-extrema\/"]}]},{"@type":"ImageObject","inLanguage":"es","@id":"https:\/\/cvinoticias.com\/v3\/7-dias-de-huelga-de-los-empleados-de-seguridad-denuncian-precarizacion-extrema\/#primaryimage","url":"https:\/\/cvinoticias.com\/wp-content\/uploads\/2024\/12\/IMG-20241217-WA0112.jpg","contentUrl":"https:\/\/cvinoticias.com\/wp-content\/uploads\/2024\/12\/IMG-20241217-WA0112.jpg","width":1600,"height":1200},{"@type":"BreadcrumbList","@id":"https:\/\/cvinoticias.com\/v3\/7-dias-de-huelga-de-los-empleados-de-seguridad-denuncian-precarizacion-extrema\/#breadcrumb","itemListElement":[{"@type":"ListItem","position":1,"name":"Portada","item":"https:\/\/cvinoticias.com\/v3\/"},{"@type":"ListItem","position":2,"name":"7 d\u00edas de huelga de los empleados de seguridad: Denuncian \u00abPrecarizaci\u00f3n extrema\u00bb"}]},{"@type":"WebSite","@id":"https:\/\/cvinoticias.com\/v3\/#website","url":"https:\/\/cvinoticias.com\/v3\/","name":"CVI NOTICIAS","description":"","publisher":{"@id":"https:\/\/cvinoticias.com\/v3\/#organization"},"alternateName":"CVI","potentialAction":[{"@type":"SearchAction","target":{"@type":"EntryPoint","urlTemplate":"https:\/\/cvinoticias.com\/v3\/?s={search_term_string}"},"query-input":{"@type":"PropertyValueSpecification","valueRequired":true,"valueName":"search_term_string"}}],"inLanguage":"es"},{"@type":"Organization","@id":"https:\/\/cvinoticias.com\/v3\/#organization","name":"CVI NOTICIAS","url":"https:\/\/cvinoticias.com\/v3\/","logo":{"@type":"ImageObject","inLanguage":"es","@id":"https:\/\/cvinoticias.com\/v3\/#\/schema\/logo\/image\/","url":"https:\/\/cvinoticias.com\/wp-content\/uploads\/2023\/04\/cropped-cropped-cropped-cropped-cropped-3-1.png","contentUrl":"https:\/\/cvinoticias.com\/wp-content\/uploads\/2023\/04\/cropped-cropped-cropped-cropped-cropped-3-1.png","width":95,"height":122,"caption":"CVI NOTICIAS"},"image":{"@id":"https:\/\/cvinoticias.com\/v3\/#\/schema\/logo\/image\/"},"sameAs":["https:\/\/www.facebook.com\/cvinoticias","https:\/\/www.instagram.com\/cvinoticias\/","https:\/\/www.youtube.com\/@CVINOTICIAS"]},{"@type":"Person","@id":"https:\/\/cvinoticias.com\/v3\/#\/schema\/person\/2db77e3c6bc03c538495d7b2b8be9b66","name":"f1000024","image":{"@type":"ImageObject","inLanguage":"es","@id":"https:\/\/secure.gravatar.com\/avatar\/d4fe7459cfc51ff5129ce1a732bbef5928568b8092d412ef95611616376bbeed?s=96&d=mm&r=g","url":"https:\/\/secure.gravatar.com\/avatar\/d4fe7459cfc51ff5129ce1a732bbef5928568b8092d412ef95611616376bbeed?s=96&d=mm&r=g","contentUrl":"https:\/\/secure.gravatar.com\/avatar\/d4fe7459cfc51ff5129ce1a732bbef5928568b8092d412ef95611616376bbeed?s=96&d=mm&r=g","caption":"f1000024"},"url":"https:\/\/cvinoticias.com\/v3\/author\/f1000024\/"}]}},"_links":{"self":[{"href":"https:\/\/cvinoticias.com\/v3\/wp-json\/wp\/v2\/posts\/37966","targetHints":{"allow":["GET"]}}],"collection":[{"href":"https:\/\/cvinoticias.com\/v3\/wp-json\/wp\/v2\/posts"}],"about":[{"href":"https:\/\/cvinoticias.com\/v3\/wp-json\/wp\/v2\/types\/post"}],"author":[{"embeddable":true,"href":"https:\/\/cvinoticias.com\/v3\/wp-json\/wp\/v2\/users\/2"}],"replies":[{"embeddable":true,"href":"https:\/\/cvinoticias.com\/v3\/wp-json\/wp\/v2\/comments?post=37966"}],"version-history":[{"count":1,"href":"https:\/\/cvinoticias.com\/v3\/wp-json\/wp\/v2\/posts\/37966\/revisions"}],"predecessor-version":[{"id":37969,"href":"https:\/\/cvinoticias.com\/v3\/wp-json\/wp\/v2\/posts\/37966\/revisions\/37969"}],"wp:featuredmedia":[{"embeddable":true,"href":"https:\/\/cvinoticias.com\/v3\/wp-json\/wp\/v2\/media\/37968"}],"wp:attachment":[{"href":"https:\/\/cvinoticias.com\/v3\/wp-json\/wp\/v2\/media?parent=37966"}],"wp:term":[{"taxonomy":"category","embeddable":true,"href":"https:\/\/cvinoticias.com\/v3\/wp-json\/wp\/v2\/categories?post=37966"},{"taxonomy":"post_tag","embeddable":true,"href":"https:\/\/cvinoticias.com\/v3\/wp-json\/wp\/v2\/tags?post=37966"}],"curies":[{"name":"wp","href":"https:\/\/api.w.org\/{rel}","templated":true}]}}