{"id":37961,"date":"2024-12-17T13:39:40","date_gmt":"2024-12-17T16:39:40","guid":{"rendered":"https:\/\/cvinoticias.com\/v3\/?p=37961"},"modified":"2024-12-17T13:39:41","modified_gmt":"2024-12-17T16:39:41","slug":"iguazu-se-brindo-un-taller-de-prevencion-en-ciberdelitos-y-genero-para-la-comunidad","status":"publish","type":"post","link":"https:\/\/cvinoticias.com\/v3\/iguazu-se-brindo-un-taller-de-prevencion-en-ciberdelitos-y-genero-para-la-comunidad\/","title":{"rendered":"Iguaz\u00fa: Se brind\u00f3 un taller de prevenci\u00f3n en ciberdelitos y g\u00e9nero para la comunidad"},"content":{"rendered":"\n<p>Se realiz\u00f3 en Iguaz\u00fa un taller de prevenci\u00f3n organizado por el Ministerio de Seguridad de la Naci\u00f3n. El evento, que se llev\u00f3 a cabo en la sede de IOSFA sobre calle Bernab\u00e9 M\u00e9ndez 33, cont\u00f3 con la participaci\u00f3n de diversos disertantes que abordaron tem\u00e1ticas de gran relevancia como ciberdelitos, violencia de g\u00e9nero en \u00e1mbitos laborales, prevenci\u00f3n y resoluci\u00f3n de conflictos, y comunicaci\u00f3n asertiva.<\/p>\n\n\n\n<figure class=\"wp-block-image size-large\"><a href=\"https:\/\/cvinoticias.com\/wp-content\/uploads\/2024\/12\/IMG-20241217-WA0095-scaled.jpg\"><img decoding=\"async\" width=\"1024\" height=\"577\" data-src=\"https:\/\/cvinoticias.com\/wp-content\/uploads\/2024\/12\/IMG-20241217-WA0095-1024x577.jpg\" alt=\"\" class=\"wp-image-37962 lazyload\" data-srcset=\"https:\/\/cvinoticias.com\/wp-content\/uploads\/2024\/12\/IMG-20241217-WA0095-1024x577.jpg 1024w, https:\/\/cvinoticias.com\/wp-content\/uploads\/2024\/12\/IMG-20241217-WA0095-300x169.jpg 300w, https:\/\/cvinoticias.com\/wp-content\/uploads\/2024\/12\/IMG-20241217-WA0095-768x432.jpg 768w, https:\/\/cvinoticias.com\/wp-content\/uploads\/2024\/12\/IMG-20241217-WA0095-1536x865.jpg 1536w, https:\/\/cvinoticias.com\/wp-content\/uploads\/2024\/12\/IMG-20241217-WA0095-2048x1153.jpg 2048w\" data-sizes=\"(max-width: 1024px) 100vw, 1024px\" src=\"data:image\/svg+xml;base64,PHN2ZyB3aWR0aD0iMSIgaGVpZ2h0PSIxIiB4bWxucz0iaHR0cDovL3d3dy53My5vcmcvMjAwMC9zdmciPjwvc3ZnPg==\" style=\"--smush-placeholder-width: 1024px; --smush-placeholder-aspect-ratio: 1024\/577;\" \/><\/a><\/figure>\n\n\n\n<p>Los asistentes, tras una jornada de capacitaci\u00f3n intensa, recibieron diplomas que acreditan su participaci\u00f3n en este importante evento. La iniciativa, impulsada por la gesti\u00f3n de la Reserva de Veteranos de Guerra de Malvinas, fortalece el v\u00ednculo entre la provincia de Misiones y el Gobierno Nacional en materia de seguridad.<\/p>\n\n\n\n<figure class=\"wp-block-image size-large\"><a href=\"https:\/\/cvinoticias.com\/wp-content\/uploads\/2024\/12\/IMG-20241217-WA0097-scaled.jpg\"><img decoding=\"async\" width=\"1024\" height=\"577\" data-src=\"https:\/\/cvinoticias.com\/wp-content\/uploads\/2024\/12\/IMG-20241217-WA0097-1024x577.jpg\" alt=\"\" class=\"wp-image-37963 lazyload\" data-srcset=\"https:\/\/cvinoticias.com\/wp-content\/uploads\/2024\/12\/IMG-20241217-WA0097-1024x577.jpg 1024w, https:\/\/cvinoticias.com\/wp-content\/uploads\/2024\/12\/IMG-20241217-WA0097-300x169.jpg 300w, https:\/\/cvinoticias.com\/wp-content\/uploads\/2024\/12\/IMG-20241217-WA0097-768x432.jpg 768w, https:\/\/cvinoticias.com\/wp-content\/uploads\/2024\/12\/IMG-20241217-WA0097-1536x865.jpg 1536w, https:\/\/cvinoticias.com\/wp-content\/uploads\/2024\/12\/IMG-20241217-WA0097-2048x1153.jpg 2048w\" data-sizes=\"(max-width: 1024px) 100vw, 1024px\" src=\"data:image\/svg+xml;base64,PHN2ZyB3aWR0aD0iMSIgaGVpZ2h0PSIxIiB4bWxucz0iaHR0cDovL3d3dy53My5vcmcvMjAwMC9zdmciPjwvc3ZnPg==\" style=\"--smush-placeholder-width: 1024px; --smush-placeholder-aspect-ratio: 1024\/577;\" \/><\/a><\/figure>\n\n\n\n<p>Este taller se suma a las diversas acciones que se vienen desarrollando en la provincia de Misiones con el objetivo de prevenir y combatir el delito, y brindar herramientas a la comunidad para una convivencia m\u00e1s segura.<\/p>\n","protected":false},"excerpt":{"rendered":"<p>Se realiz\u00f3 en Iguaz\u00fa un taller de prevenci\u00f3n organizado por el Ministerio de Seguridad de la Naci\u00f3n. El evento, que se llev\u00f3 a cabo en la sede de IOSFA sobre calle Bernab\u00e9 M\u00e9ndez 33, cont\u00f3 con la participaci\u00f3n de diversos disertantes que abordaron tem\u00e1ticas de gran relevancia como ciberdelitos, violencia de g\u00e9nero en \u00e1mbitos laborales, [&hellip;]<\/p>\n","protected":false},"author":2,"featured_media":37964,"comment_status":"open","ping_status":"open","sticky":false,"template":"","format":"standard","meta":{"footnotes":""},"categories":[485,568],"tags":[833,834,326,569],"class_list":["post-37961","post","type-post","status-publish","format-standard","has-post-thumbnail","hentry","category-prevencion","category-taller","tag-ciberdelitos","tag-genero","tag-prevencion-2","tag-taller"],"yoast_head":"<!-- This site is optimized with the Yoast SEO plugin v27.5 - https:\/\/yoast.com\/product\/yoast-seo-wordpress\/ -->\n<title>Iguaz\u00fa: Se brind\u00f3 un taller de prevenci\u00f3n en ciberdelitos y g\u00e9nero para la comunidad | CVI NOTICIAS<\/title>\n<meta name=\"robots\" content=\"index, follow, max-snippet:-1, max-image-preview:large, max-video-preview:-1\" \/>\n<link rel=\"canonical\" href=\"https:\/\/cvinoticias.com\/v3\/iguazu-se-brindo-un-taller-de-prevencion-en-ciberdelitos-y-genero-para-la-comunidad\/\" \/>\n<meta property=\"og:locale\" content=\"es_ES\" \/>\n<meta property=\"og:type\" content=\"article\" \/>\n<meta property=\"og:title\" content=\"Iguaz\u00fa: Se brind\u00f3 un taller de prevenci\u00f3n en ciberdelitos y g\u00e9nero para la comunidad | CVI NOTICIAS\" \/>\n<meta property=\"og:description\" content=\"Se realiz\u00f3 en Iguaz\u00fa un taller de prevenci\u00f3n organizado por el Ministerio de Seguridad de la Naci\u00f3n. El evento, que se llev\u00f3 a cabo en la sede de IOSFA sobre calle Bernab\u00e9 M\u00e9ndez 33, cont\u00f3 con la participaci\u00f3n de diversos disertantes que abordaron tem\u00e1ticas de gran relevancia como ciberdelitos, violencia de g\u00e9nero en \u00e1mbitos laborales, [&hellip;]\" \/>\n<meta property=\"og:url\" content=\"https:\/\/cvinoticias.com\/v3\/iguazu-se-brindo-un-taller-de-prevencion-en-ciberdelitos-y-genero-para-la-comunidad\/\" \/>\n<meta property=\"og:site_name\" content=\"CVI NOTICIAS\" \/>\n<meta property=\"article:publisher\" content=\"https:\/\/www.facebook.com\/cvinoticias\" \/>\n<meta property=\"article:published_time\" content=\"2024-12-17T16:39:40+00:00\" \/>\n<meta property=\"article:modified_time\" content=\"2024-12-17T16:39:41+00:00\" \/>\n<meta property=\"og:image\" content=\"https:\/\/cvinoticias.com\/wp-content\/uploads\/2024\/12\/IMG-20241217-WA0093-scaled.jpg\" \/>\n\t<meta property=\"og:image:width\" content=\"2560\" \/>\n\t<meta property=\"og:image:height\" content=\"1441\" \/>\n\t<meta property=\"og:image:type\" content=\"image\/jpeg\" \/>\n<meta name=\"author\" content=\"f1000024\" \/>\n<meta name=\"twitter:card\" content=\"summary_large_image\" \/>\n<meta name=\"twitter:label1\" content=\"Escrito por\" \/>\n\t<meta name=\"twitter:data1\" content=\"f1000024\" \/>\n\t<meta name=\"twitter:label2\" content=\"Tiempo de lectura\" \/>\n\t<meta name=\"twitter:data2\" content=\"2 minutos\" \/>\n<script type=\"application\/ld+json\" class=\"yoast-schema-graph\">{\"@context\":\"https:\\\/\\\/schema.org\",\"@graph\":[{\"@type\":\"Article\",\"@id\":\"https:\\\/\\\/cvinoticias.com\\\/v3\\\/iguazu-se-brindo-un-taller-de-prevencion-en-ciberdelitos-y-genero-para-la-comunidad\\\/#article\",\"isPartOf\":{\"@id\":\"https:\\\/\\\/cvinoticias.com\\\/v3\\\/iguazu-se-brindo-un-taller-de-prevencion-en-ciberdelitos-y-genero-para-la-comunidad\\\/\"},\"author\":{\"name\":\"f1000024\",\"@id\":\"https:\\\/\\\/cvinoticias.com\\\/v3\\\/#\\\/schema\\\/person\\\/2db77e3c6bc03c538495d7b2b8be9b66\"},\"headline\":\"Iguaz\u00fa: Se brind\u00f3 un taller de prevenci\u00f3n en ciberdelitos y g\u00e9nero para la comunidad\",\"datePublished\":\"2024-12-17T16:39:40+00:00\",\"dateModified\":\"2024-12-17T16:39:41+00:00\",\"mainEntityOfPage\":{\"@id\":\"https:\\\/\\\/cvinoticias.com\\\/v3\\\/iguazu-se-brindo-un-taller-de-prevencion-en-ciberdelitos-y-genero-para-la-comunidad\\\/\"},\"wordCount\":178,\"commentCount\":0,\"publisher\":{\"@id\":\"https:\\\/\\\/cvinoticias.com\\\/v3\\\/#organization\"},\"image\":{\"@id\":\"https:\\\/\\\/cvinoticias.com\\\/v3\\\/iguazu-se-brindo-un-taller-de-prevencion-en-ciberdelitos-y-genero-para-la-comunidad\\\/#primaryimage\"},\"thumbnailUrl\":\"https:\\\/\\\/cvinoticias.com\\\/wp-content\\\/uploads\\\/2024\\\/12\\\/IMG-20241217-WA0093-scaled.jpg\",\"keywords\":[\"Ciberdelitos\",\"G\u00e9nero\",\"Prevenci\u00f3n\",\"Taller\"],\"articleSection\":[\"Prevenci\u00f3n\",\"Taller\"],\"inLanguage\":\"es\",\"potentialAction\":[{\"@type\":\"CommentAction\",\"name\":\"Comment\",\"target\":[\"https:\\\/\\\/cvinoticias.com\\\/v3\\\/iguazu-se-brindo-un-taller-de-prevencion-en-ciberdelitos-y-genero-para-la-comunidad\\\/#respond\"]}]},{\"@type\":\"WebPage\",\"@id\":\"https:\\\/\\\/cvinoticias.com\\\/v3\\\/iguazu-se-brindo-un-taller-de-prevencion-en-ciberdelitos-y-genero-para-la-comunidad\\\/\",\"url\":\"https:\\\/\\\/cvinoticias.com\\\/v3\\\/iguazu-se-brindo-un-taller-de-prevencion-en-ciberdelitos-y-genero-para-la-comunidad\\\/\",\"name\":\"Iguaz\u00fa: Se brind\u00f3 un taller de prevenci\u00f3n en ciberdelitos y g\u00e9nero para la comunidad | CVI NOTICIAS\",\"isPartOf\":{\"@id\":\"https:\\\/\\\/cvinoticias.com\\\/v3\\\/#website\"},\"primaryImageOfPage\":{\"@id\":\"https:\\\/\\\/cvinoticias.com\\\/v3\\\/iguazu-se-brindo-un-taller-de-prevencion-en-ciberdelitos-y-genero-para-la-comunidad\\\/#primaryimage\"},\"image\":{\"@id\":\"https:\\\/\\\/cvinoticias.com\\\/v3\\\/iguazu-se-brindo-un-taller-de-prevencion-en-ciberdelitos-y-genero-para-la-comunidad\\\/#primaryimage\"},\"thumbnailUrl\":\"https:\\\/\\\/cvinoticias.com\\\/wp-content\\\/uploads\\\/2024\\\/12\\\/IMG-20241217-WA0093-scaled.jpg\",\"datePublished\":\"2024-12-17T16:39:40+00:00\",\"dateModified\":\"2024-12-17T16:39:41+00:00\",\"breadcrumb\":{\"@id\":\"https:\\\/\\\/cvinoticias.com\\\/v3\\\/iguazu-se-brindo-un-taller-de-prevencion-en-ciberdelitos-y-genero-para-la-comunidad\\\/#breadcrumb\"},\"inLanguage\":\"es\",\"potentialAction\":[{\"@type\":\"ReadAction\",\"target\":[\"https:\\\/\\\/cvinoticias.com\\\/v3\\\/iguazu-se-brindo-un-taller-de-prevencion-en-ciberdelitos-y-genero-para-la-comunidad\\\/\"]}]},{\"@type\":\"ImageObject\",\"inLanguage\":\"es\",\"@id\":\"https:\\\/\\\/cvinoticias.com\\\/v3\\\/iguazu-se-brindo-un-taller-de-prevencion-en-ciberdelitos-y-genero-para-la-comunidad\\\/#primaryimage\",\"url\":\"https:\\\/\\\/cvinoticias.com\\\/wp-content\\\/uploads\\\/2024\\\/12\\\/IMG-20241217-WA0093-scaled.jpg\",\"contentUrl\":\"https:\\\/\\\/cvinoticias.com\\\/wp-content\\\/uploads\\\/2024\\\/12\\\/IMG-20241217-WA0093-scaled.jpg\",\"width\":2560,\"height\":1441},{\"@type\":\"BreadcrumbList\",\"@id\":\"https:\\\/\\\/cvinoticias.com\\\/v3\\\/iguazu-se-brindo-un-taller-de-prevencion-en-ciberdelitos-y-genero-para-la-comunidad\\\/#breadcrumb\",\"itemListElement\":[{\"@type\":\"ListItem\",\"position\":1,\"name\":\"Portada\",\"item\":\"https:\\\/\\\/cvinoticias.com\\\/v3\\\/\"},{\"@type\":\"ListItem\",\"position\":2,\"name\":\"Iguaz\u00fa: Se brind\u00f3 un taller de prevenci\u00f3n en ciberdelitos y g\u00e9nero para la comunidad\"}]},{\"@type\":\"WebSite\",\"@id\":\"https:\\\/\\\/cvinoticias.com\\\/v3\\\/#website\",\"url\":\"https:\\\/\\\/cvinoticias.com\\\/v3\\\/\",\"name\":\"CVI NOTICIAS\",\"description\":\"\",\"publisher\":{\"@id\":\"https:\\\/\\\/cvinoticias.com\\\/v3\\\/#organization\"},\"alternateName\":\"CVI\",\"potentialAction\":[{\"@type\":\"SearchAction\",\"target\":{\"@type\":\"EntryPoint\",\"urlTemplate\":\"https:\\\/\\\/cvinoticias.com\\\/v3\\\/?s={search_term_string}\"},\"query-input\":{\"@type\":\"PropertyValueSpecification\",\"valueRequired\":true,\"valueName\":\"search_term_string\"}}],\"inLanguage\":\"es\"},{\"@type\":\"Organization\",\"@id\":\"https:\\\/\\\/cvinoticias.com\\\/v3\\\/#organization\",\"name\":\"CVI NOTICIAS\",\"url\":\"https:\\\/\\\/cvinoticias.com\\\/v3\\\/\",\"logo\":{\"@type\":\"ImageObject\",\"inLanguage\":\"es\",\"@id\":\"https:\\\/\\\/cvinoticias.com\\\/v3\\\/#\\\/schema\\\/logo\\\/image\\\/\",\"url\":\"https:\\\/\\\/cvinoticias.com\\\/wp-content\\\/uploads\\\/2023\\\/04\\\/cropped-cropped-cropped-cropped-cropped-3-1.png\",\"contentUrl\":\"https:\\\/\\\/cvinoticias.com\\\/wp-content\\\/uploads\\\/2023\\\/04\\\/cropped-cropped-cropped-cropped-cropped-3-1.png\",\"width\":95,\"height\":122,\"caption\":\"CVI NOTICIAS\"},\"image\":{\"@id\":\"https:\\\/\\\/cvinoticias.com\\\/v3\\\/#\\\/schema\\\/logo\\\/image\\\/\"},\"sameAs\":[\"https:\\\/\\\/www.facebook.com\\\/cvinoticias\",\"https:\\\/\\\/www.instagram.com\\\/cvinoticias\\\/\",\"https:\\\/\\\/www.youtube.com\\\/@CVINOTICIAS\"]},{\"@type\":\"Person\",\"@id\":\"https:\\\/\\\/cvinoticias.com\\\/v3\\\/#\\\/schema\\\/person\\\/2db77e3c6bc03c538495d7b2b8be9b66\",\"name\":\"f1000024\",\"image\":{\"@type\":\"ImageObject\",\"inLanguage\":\"es\",\"@id\":\"https:\\\/\\\/secure.gravatar.com\\\/avatar\\\/d4fe7459cfc51ff5129ce1a732bbef5928568b8092d412ef95611616376bbeed?s=96&d=mm&r=g\",\"url\":\"https:\\\/\\\/secure.gravatar.com\\\/avatar\\\/d4fe7459cfc51ff5129ce1a732bbef5928568b8092d412ef95611616376bbeed?s=96&d=mm&r=g\",\"contentUrl\":\"https:\\\/\\\/secure.gravatar.com\\\/avatar\\\/d4fe7459cfc51ff5129ce1a732bbef5928568b8092d412ef95611616376bbeed?s=96&d=mm&r=g\",\"caption\":\"f1000024\"},\"url\":\"https:\\\/\\\/cvinoticias.com\\\/v3\\\/author\\\/f1000024\\\/\"}]}<\/script>\n<!-- \/ Yoast SEO plugin. -->","yoast_head_json":{"title":"Iguaz\u00fa: Se brind\u00f3 un taller de prevenci\u00f3n en ciberdelitos y g\u00e9nero para la comunidad | CVI NOTICIAS","robots":{"index":"index","follow":"follow","max-snippet":"max-snippet:-1","max-image-preview":"max-image-preview:large","max-video-preview":"max-video-preview:-1"},"canonical":"https:\/\/cvinoticias.com\/v3\/iguazu-se-brindo-un-taller-de-prevencion-en-ciberdelitos-y-genero-para-la-comunidad\/","og_locale":"es_ES","og_type":"article","og_title":"Iguaz\u00fa: Se brind\u00f3 un taller de prevenci\u00f3n en ciberdelitos y g\u00e9nero para la comunidad | CVI NOTICIAS","og_description":"Se realiz\u00f3 en Iguaz\u00fa un taller de prevenci\u00f3n organizado por el Ministerio de Seguridad de la Naci\u00f3n. El evento, que se llev\u00f3 a cabo en la sede de IOSFA sobre calle Bernab\u00e9 M\u00e9ndez 33, cont\u00f3 con la participaci\u00f3n de diversos disertantes que abordaron tem\u00e1ticas de gran relevancia como ciberdelitos, violencia de g\u00e9nero en \u00e1mbitos laborales, [&hellip;]","og_url":"https:\/\/cvinoticias.com\/v3\/iguazu-se-brindo-un-taller-de-prevencion-en-ciberdelitos-y-genero-para-la-comunidad\/","og_site_name":"CVI NOTICIAS","article_publisher":"https:\/\/www.facebook.com\/cvinoticias","article_published_time":"2024-12-17T16:39:40+00:00","article_modified_time":"2024-12-17T16:39:41+00:00","og_image":[{"width":2560,"height":1441,"url":"https:\/\/cvinoticias.com\/wp-content\/uploads\/2024\/12\/IMG-20241217-WA0093-scaled.jpg","type":"image\/jpeg"}],"author":"f1000024","twitter_card":"summary_large_image","twitter_misc":{"Escrito por":"f1000024","Tiempo de lectura":"2 minutos"},"schema":{"@context":"https:\/\/schema.org","@graph":[{"@type":"Article","@id":"https:\/\/cvinoticias.com\/v3\/iguazu-se-brindo-un-taller-de-prevencion-en-ciberdelitos-y-genero-para-la-comunidad\/#article","isPartOf":{"@id":"https:\/\/cvinoticias.com\/v3\/iguazu-se-brindo-un-taller-de-prevencion-en-ciberdelitos-y-genero-para-la-comunidad\/"},"author":{"name":"f1000024","@id":"https:\/\/cvinoticias.com\/v3\/#\/schema\/person\/2db77e3c6bc03c538495d7b2b8be9b66"},"headline":"Iguaz\u00fa: Se brind\u00f3 un taller de prevenci\u00f3n en ciberdelitos y g\u00e9nero para la comunidad","datePublished":"2024-12-17T16:39:40+00:00","dateModified":"2024-12-17T16:39:41+00:00","mainEntityOfPage":{"@id":"https:\/\/cvinoticias.com\/v3\/iguazu-se-brindo-un-taller-de-prevencion-en-ciberdelitos-y-genero-para-la-comunidad\/"},"wordCount":178,"commentCount":0,"publisher":{"@id":"https:\/\/cvinoticias.com\/v3\/#organization"},"image":{"@id":"https:\/\/cvinoticias.com\/v3\/iguazu-se-brindo-un-taller-de-prevencion-en-ciberdelitos-y-genero-para-la-comunidad\/#primaryimage"},"thumbnailUrl":"https:\/\/cvinoticias.com\/wp-content\/uploads\/2024\/12\/IMG-20241217-WA0093-scaled.jpg","keywords":["Ciberdelitos","G\u00e9nero","Prevenci\u00f3n","Taller"],"articleSection":["Prevenci\u00f3n","Taller"],"inLanguage":"es","potentialAction":[{"@type":"CommentAction","name":"Comment","target":["https:\/\/cvinoticias.com\/v3\/iguazu-se-brindo-un-taller-de-prevencion-en-ciberdelitos-y-genero-para-la-comunidad\/#respond"]}]},{"@type":"WebPage","@id":"https:\/\/cvinoticias.com\/v3\/iguazu-se-brindo-un-taller-de-prevencion-en-ciberdelitos-y-genero-para-la-comunidad\/","url":"https:\/\/cvinoticias.com\/v3\/iguazu-se-brindo-un-taller-de-prevencion-en-ciberdelitos-y-genero-para-la-comunidad\/","name":"Iguaz\u00fa: Se brind\u00f3 un taller de prevenci\u00f3n en ciberdelitos y g\u00e9nero para la comunidad | CVI NOTICIAS","isPartOf":{"@id":"https:\/\/cvinoticias.com\/v3\/#website"},"primaryImageOfPage":{"@id":"https:\/\/cvinoticias.com\/v3\/iguazu-se-brindo-un-taller-de-prevencion-en-ciberdelitos-y-genero-para-la-comunidad\/#primaryimage"},"image":{"@id":"https:\/\/cvinoticias.com\/v3\/iguazu-se-brindo-un-taller-de-prevencion-en-ciberdelitos-y-genero-para-la-comunidad\/#primaryimage"},"thumbnailUrl":"https:\/\/cvinoticias.com\/wp-content\/uploads\/2024\/12\/IMG-20241217-WA0093-scaled.jpg","datePublished":"2024-12-17T16:39:40+00:00","dateModified":"2024-12-17T16:39:41+00:00","breadcrumb":{"@id":"https:\/\/cvinoticias.com\/v3\/iguazu-se-brindo-un-taller-de-prevencion-en-ciberdelitos-y-genero-para-la-comunidad\/#breadcrumb"},"inLanguage":"es","potentialAction":[{"@type":"ReadAction","target":["https:\/\/cvinoticias.com\/v3\/iguazu-se-brindo-un-taller-de-prevencion-en-ciberdelitos-y-genero-para-la-comunidad\/"]}]},{"@type":"ImageObject","inLanguage":"es","@id":"https:\/\/cvinoticias.com\/v3\/iguazu-se-brindo-un-taller-de-prevencion-en-ciberdelitos-y-genero-para-la-comunidad\/#primaryimage","url":"https:\/\/cvinoticias.com\/wp-content\/uploads\/2024\/12\/IMG-20241217-WA0093-scaled.jpg","contentUrl":"https:\/\/cvinoticias.com\/wp-content\/uploads\/2024\/12\/IMG-20241217-WA0093-scaled.jpg","width":2560,"height":1441},{"@type":"BreadcrumbList","@id":"https:\/\/cvinoticias.com\/v3\/iguazu-se-brindo-un-taller-de-prevencion-en-ciberdelitos-y-genero-para-la-comunidad\/#breadcrumb","itemListElement":[{"@type":"ListItem","position":1,"name":"Portada","item":"https:\/\/cvinoticias.com\/v3\/"},{"@type":"ListItem","position":2,"name":"Iguaz\u00fa: Se brind\u00f3 un taller de prevenci\u00f3n en ciberdelitos y g\u00e9nero para la comunidad"}]},{"@type":"WebSite","@id":"https:\/\/cvinoticias.com\/v3\/#website","url":"https:\/\/cvinoticias.com\/v3\/","name":"CVI NOTICIAS","description":"","publisher":{"@id":"https:\/\/cvinoticias.com\/v3\/#organization"},"alternateName":"CVI","potentialAction":[{"@type":"SearchAction","target":{"@type":"EntryPoint","urlTemplate":"https:\/\/cvinoticias.com\/v3\/?s={search_term_string}"},"query-input":{"@type":"PropertyValueSpecification","valueRequired":true,"valueName":"search_term_string"}}],"inLanguage":"es"},{"@type":"Organization","@id":"https:\/\/cvinoticias.com\/v3\/#organization","name":"CVI NOTICIAS","url":"https:\/\/cvinoticias.com\/v3\/","logo":{"@type":"ImageObject","inLanguage":"es","@id":"https:\/\/cvinoticias.com\/v3\/#\/schema\/logo\/image\/","url":"https:\/\/cvinoticias.com\/wp-content\/uploads\/2023\/04\/cropped-cropped-cropped-cropped-cropped-3-1.png","contentUrl":"https:\/\/cvinoticias.com\/wp-content\/uploads\/2023\/04\/cropped-cropped-cropped-cropped-cropped-3-1.png","width":95,"height":122,"caption":"CVI NOTICIAS"},"image":{"@id":"https:\/\/cvinoticias.com\/v3\/#\/schema\/logo\/image\/"},"sameAs":["https:\/\/www.facebook.com\/cvinoticias","https:\/\/www.instagram.com\/cvinoticias\/","https:\/\/www.youtube.com\/@CVINOTICIAS"]},{"@type":"Person","@id":"https:\/\/cvinoticias.com\/v3\/#\/schema\/person\/2db77e3c6bc03c538495d7b2b8be9b66","name":"f1000024","image":{"@type":"ImageObject","inLanguage":"es","@id":"https:\/\/secure.gravatar.com\/avatar\/d4fe7459cfc51ff5129ce1a732bbef5928568b8092d412ef95611616376bbeed?s=96&d=mm&r=g","url":"https:\/\/secure.gravatar.com\/avatar\/d4fe7459cfc51ff5129ce1a732bbef5928568b8092d412ef95611616376bbeed?s=96&d=mm&r=g","contentUrl":"https:\/\/secure.gravatar.com\/avatar\/d4fe7459cfc51ff5129ce1a732bbef5928568b8092d412ef95611616376bbeed?s=96&d=mm&r=g","caption":"f1000024"},"url":"https:\/\/cvinoticias.com\/v3\/author\/f1000024\/"}]}},"_links":{"self":[{"href":"https:\/\/cvinoticias.com\/v3\/wp-json\/wp\/v2\/posts\/37961","targetHints":{"allow":["GET"]}}],"collection":[{"href":"https:\/\/cvinoticias.com\/v3\/wp-json\/wp\/v2\/posts"}],"about":[{"href":"https:\/\/cvinoticias.com\/v3\/wp-json\/wp\/v2\/types\/post"}],"author":[{"embeddable":true,"href":"https:\/\/cvinoticias.com\/v3\/wp-json\/wp\/v2\/users\/2"}],"replies":[{"embeddable":true,"href":"https:\/\/cvinoticias.com\/v3\/wp-json\/wp\/v2\/comments?post=37961"}],"version-history":[{"count":1,"href":"https:\/\/cvinoticias.com\/v3\/wp-json\/wp\/v2\/posts\/37961\/revisions"}],"predecessor-version":[{"id":37965,"href":"https:\/\/cvinoticias.com\/v3\/wp-json\/wp\/v2\/posts\/37961\/revisions\/37965"}],"wp:featuredmedia":[{"embeddable":true,"href":"https:\/\/cvinoticias.com\/v3\/wp-json\/wp\/v2\/media\/37964"}],"wp:attachment":[{"href":"https:\/\/cvinoticias.com\/v3\/wp-json\/wp\/v2\/media?parent=37961"}],"wp:term":[{"taxonomy":"category","embeddable":true,"href":"https:\/\/cvinoticias.com\/v3\/wp-json\/wp\/v2\/categories?post=37961"},{"taxonomy":"post_tag","embeddable":true,"href":"https:\/\/cvinoticias.com\/v3\/wp-json\/wp\/v2\/tags?post=37961"}],"curies":[{"name":"wp","href":"https:\/\/api.w.org\/{rel}","templated":true}]}}