{"id":37591,"date":"2024-12-02T15:05:56","date_gmt":"2024-12-02T18:05:56","guid":{"rendered":"https:\/\/cvinoticias.com\/v3\/?p=37591"},"modified":"2024-12-02T15:05:58","modified_gmt":"2024-12-02T18:05:58","slug":"la-magia-de-la-navidad-con-la-motopapanoelada-una-jornada-solidaria-que-une-a-la-comunidad","status":"publish","type":"post","link":"https:\/\/cvinoticias.com\/v3\/la-magia-de-la-navidad-con-la-motopapanoelada-una-jornada-solidaria-que-une-a-la-comunidad\/","title":{"rendered":"La magia de la Navidad con la motopapanoelada: Una jornada solidaria que une a la comunidad"},"content":{"rendered":"\n<p>Este 21 de diciembre, a partir de las 17:00 horas, Puerto Iguaz\u00fa vibrar\u00e1 con el esp\u00edritu navide\u00f1o en la esperada Motopapanoelada 2024. La jornada dar\u00e1 inicio con una emocionante caravana de motociclistas que recorrer\u00e1 las principales calles de la ciudad, llevando alegr\u00eda y esperanza a cada rinc\u00f3n.<\/p>\n\n\n\n<figure class=\"wp-block-image size-large\"><a href=\"https:\/\/cvinoticias.com\/wp-content\/uploads\/2024\/12\/IMG-20241202-WA0163.jpg\"><img decoding=\"async\" width=\"1024\" height=\"768\" data-src=\"https:\/\/cvinoticias.com\/wp-content\/uploads\/2024\/12\/IMG-20241202-WA0163-1024x768.jpg\" alt=\"\" class=\"wp-image-37596 lazyload\" data-srcset=\"https:\/\/cvinoticias.com\/wp-content\/uploads\/2024\/12\/IMG-20241202-WA0163-1024x768.jpg 1024w, https:\/\/cvinoticias.com\/wp-content\/uploads\/2024\/12\/IMG-20241202-WA0163-300x225.jpg 300w, https:\/\/cvinoticias.com\/wp-content\/uploads\/2024\/12\/IMG-20241202-WA0163-768x576.jpg 768w, https:\/\/cvinoticias.com\/wp-content\/uploads\/2024\/12\/IMG-20241202-WA0163-1536x1152.jpg 1536w, https:\/\/cvinoticias.com\/wp-content\/uploads\/2024\/12\/IMG-20241202-WA0163.jpg 1600w\" data-sizes=\"(max-width: 1024px) 100vw, 1024px\" src=\"data:image\/svg+xml;base64,PHN2ZyB3aWR0aD0iMSIgaGVpZ2h0PSIxIiB4bWxucz0iaHR0cDovL3d3dy53My5vcmcvMjAwMC9zdmciPjwvc3ZnPg==\" style=\"--smush-placeholder-width: 1024px; --smush-placeholder-aspect-ratio: 1024\/768;\" \/><\/a><\/figure>\n\n\n\n<p>Al finalizar la caravana, todos los participantes se reunir\u00e1n en el Anfiteatro Ram\u00f3n Ayala para disfrutar de una tarde llena de sorpresas, m\u00fasica y actividades para toda la familia.<\/p>\n\n\n\n<figure class=\"wp-block-image size-large\"><a href=\"https:\/\/cvinoticias.com\/wp-content\/uploads\/2024\/12\/IMG-20241202-WA0167.jpg\"><img decoding=\"async\" width=\"1024\" height=\"682\" data-src=\"https:\/\/cvinoticias.com\/wp-content\/uploads\/2024\/12\/IMG-20241202-WA0167-1024x682.jpg\" alt=\"\" class=\"wp-image-37592 lazyload\" data-srcset=\"https:\/\/cvinoticias.com\/wp-content\/uploads\/2024\/12\/IMG-20241202-WA0167-1024x682.jpg 1024w, https:\/\/cvinoticias.com\/wp-content\/uploads\/2024\/12\/IMG-20241202-WA0167-300x200.jpg 300w, https:\/\/cvinoticias.com\/wp-content\/uploads\/2024\/12\/IMG-20241202-WA0167-768x512.jpg 768w, https:\/\/cvinoticias.com\/wp-content\/uploads\/2024\/12\/IMG-20241202-WA0167.jpg 1280w\" data-sizes=\"(max-width: 1024px) 100vw, 1024px\" src=\"data:image\/svg+xml;base64,PHN2ZyB3aWR0aD0iMSIgaGVpZ2h0PSIxIiB4bWxucz0iaHR0cDovL3d3dy53My5vcmcvMjAwMC9zdmciPjwvc3ZnPg==\" style=\"--smush-placeholder-width: 1024px; --smush-placeholder-aspect-ratio: 1024\/682;\" \/><\/a><\/figure>\n\n\n\n<p>La nueva edici\u00f3n es una oportunidad para compartir el esp\u00edritu navide\u00f1o, transmitir alegr\u00eda y esperanza a los ni\u00f1os de la comunidad.<\/p>\n\n\n\n<figure class=\"wp-block-image size-full\"><a href=\"https:\/\/cvinoticias.com\/wp-content\/uploads\/2024\/12\/IMG-20241202-WA0164.jpg\"><img decoding=\"async\" width=\"566\" height=\"359\" data-src=\"https:\/\/cvinoticias.com\/wp-content\/uploads\/2024\/12\/IMG-20241202-WA0164.jpg\" alt=\"\" class=\"wp-image-37595 lazyload\" data-srcset=\"https:\/\/cvinoticias.com\/wp-content\/uploads\/2024\/12\/IMG-20241202-WA0164.jpg 566w, https:\/\/cvinoticias.com\/wp-content\/uploads\/2024\/12\/IMG-20241202-WA0164-300x190.jpg 300w\" data-sizes=\"(max-width: 566px) 100vw, 566px\" src=\"data:image\/svg+xml;base64,PHN2ZyB3aWR0aD0iMSIgaGVpZ2h0PSIxIiB4bWxucz0iaHR0cDovL3d3dy53My5vcmcvMjAwMC9zdmciPjwvc3ZnPg==\" style=\"--smush-placeholder-width: 566px; --smush-placeholder-aspect-ratio: 566\/359;\" \/><\/a><\/figure>\n\n\n\n<p>Dona lo que puedas: juguetes, ropa, alimentos no perecederos o cualquier otro elemento que pueda alegrar a un ni\u00f1o. Podes comunicarte para realizar tus donaciones al Facebook o Instagram como: Motopapanoelada.<\/p>\n\n\n\n<figure class=\"wp-block-image size-large\"><a href=\"https:\/\/cvinoticias.com\/wp-content\/uploads\/2024\/12\/IMG-20241202-WA0169.jpg\"><img decoding=\"async\" width=\"1024\" height=\"682\" data-src=\"https:\/\/cvinoticias.com\/wp-content\/uploads\/2024\/12\/IMG-20241202-WA0169-1024x682.jpg\" alt=\"\" class=\"wp-image-37593 lazyload\" data-srcset=\"https:\/\/cvinoticias.com\/wp-content\/uploads\/2024\/12\/IMG-20241202-WA0169-1024x682.jpg 1024w, https:\/\/cvinoticias.com\/wp-content\/uploads\/2024\/12\/IMG-20241202-WA0169-300x200.jpg 300w, https:\/\/cvinoticias.com\/wp-content\/uploads\/2024\/12\/IMG-20241202-WA0169-768x512.jpg 768w, https:\/\/cvinoticias.com\/wp-content\/uploads\/2024\/12\/IMG-20241202-WA0169.jpg 1280w\" data-sizes=\"(max-width: 1024px) 100vw, 1024px\" src=\"data:image\/svg+xml;base64,PHN2ZyB3aWR0aD0iMSIgaGVpZ2h0PSIxIiB4bWxucz0iaHR0cDovL3d3dy53My5vcmcvMjAwMC9zdmciPjwvc3ZnPg==\" style=\"--smush-placeholder-width: 1024px; --smush-placeholder-aspect-ratio: 1024\/682;\" \/><\/a><\/figure>\n","protected":false},"excerpt":{"rendered":"<p>Este 21 de diciembre, a partir de las 17:00 horas, Puerto Iguaz\u00fa vibrar\u00e1 con el esp\u00edritu navide\u00f1o en la esperada Motopapanoelada 2024. La jornada dar\u00e1 inicio con una emocionante caravana de motociclistas que recorrer\u00e1 las principales calles de la ciudad, llevando alegr\u00eda y esperanza a cada rinc\u00f3n. Al finalizar la caravana, todos los participantes se [&hellip;]<\/p>\n","protected":false},"author":2,"featured_media":37597,"comment_status":"open","ping_status":"open","sticky":false,"template":"","format":"standard","meta":{"footnotes":""},"categories":[688],"tags":[686,685,76,687],"class_list":["post-37591","post","type-post","status-publish","format-standard","has-post-thumbnail","hentry","category-navidad","tag-magia","tag-motopapanoelada","tag-navidad","tag-ninos"],"yoast_head":"<!-- This site is optimized with the Yoast SEO plugin v27.5 - https:\/\/yoast.com\/product\/yoast-seo-wordpress\/ -->\n<title>La magia de la Navidad con la motopapanoelada: Una jornada solidaria que une a la comunidad | CVI NOTICIAS<\/title>\n<meta name=\"robots\" content=\"index, follow, max-snippet:-1, max-image-preview:large, max-video-preview:-1\" \/>\n<link rel=\"canonical\" href=\"https:\/\/cvinoticias.com\/v3\/la-magia-de-la-navidad-con-la-motopapanoelada-una-jornada-solidaria-que-une-a-la-comunidad\/\" \/>\n<meta property=\"og:locale\" content=\"es_ES\" \/>\n<meta property=\"og:type\" content=\"article\" \/>\n<meta property=\"og:title\" content=\"La magia de la Navidad con la motopapanoelada: Una jornada solidaria que une a la comunidad | CVI NOTICIAS\" \/>\n<meta property=\"og:description\" content=\"Este 21 de diciembre, a partir de las 17:00 horas, Puerto Iguaz\u00fa vibrar\u00e1 con el esp\u00edritu navide\u00f1o en la esperada Motopapanoelada 2024. La jornada dar\u00e1 inicio con una emocionante caravana de motociclistas que recorrer\u00e1 las principales calles de la ciudad, llevando alegr\u00eda y esperanza a cada rinc\u00f3n. Al finalizar la caravana, todos los participantes se [&hellip;]\" \/>\n<meta property=\"og:url\" content=\"https:\/\/cvinoticias.com\/v3\/la-magia-de-la-navidad-con-la-motopapanoelada-una-jornada-solidaria-que-une-a-la-comunidad\/\" \/>\n<meta property=\"og:site_name\" content=\"CVI NOTICIAS\" \/>\n<meta property=\"article:publisher\" content=\"https:\/\/www.facebook.com\/cvinoticias\" \/>\n<meta property=\"article:published_time\" content=\"2024-12-02T18:05:56+00:00\" \/>\n<meta property=\"article:modified_time\" content=\"2024-12-02T18:05:58+00:00\" \/>\n<meta property=\"og:image\" content=\"https:\/\/cvinoticias.com\/wp-content\/uploads\/2024\/12\/IMG-20241202-WA0168.jpg\" \/>\n\t<meta property=\"og:image:width\" content=\"720\" \/>\n\t<meta property=\"og:image:height\" content=\"480\" \/>\n\t<meta property=\"og:image:type\" content=\"image\/jpeg\" \/>\n<meta name=\"author\" content=\"f1000024\" \/>\n<meta name=\"twitter:card\" content=\"summary_large_image\" \/>\n<meta name=\"twitter:label1\" content=\"Escrito por\" \/>\n\t<meta name=\"twitter:data1\" content=\"f1000024\" \/>\n\t<meta name=\"twitter:label2\" content=\"Tiempo de lectura\" \/>\n\t<meta name=\"twitter:data2\" content=\"2 minutos\" \/>\n<script type=\"application\/ld+json\" class=\"yoast-schema-graph\">{\"@context\":\"https:\\\/\\\/schema.org\",\"@graph\":[{\"@type\":\"Article\",\"@id\":\"https:\\\/\\\/cvinoticias.com\\\/v3\\\/la-magia-de-la-navidad-con-la-motopapanoelada-una-jornada-solidaria-que-une-a-la-comunidad\\\/#article\",\"isPartOf\":{\"@id\":\"https:\\\/\\\/cvinoticias.com\\\/v3\\\/la-magia-de-la-navidad-con-la-motopapanoelada-una-jornada-solidaria-que-une-a-la-comunidad\\\/\"},\"author\":{\"name\":\"f1000024\",\"@id\":\"https:\\\/\\\/cvinoticias.com\\\/v3\\\/#\\\/schema\\\/person\\\/2db77e3c6bc03c538495d7b2b8be9b66\"},\"headline\":\"La magia de la Navidad con la motopapanoelada: Una jornada solidaria que une a la comunidad\",\"datePublished\":\"2024-12-02T18:05:56+00:00\",\"dateModified\":\"2024-12-02T18:05:58+00:00\",\"mainEntityOfPage\":{\"@id\":\"https:\\\/\\\/cvinoticias.com\\\/v3\\\/la-magia-de-la-navidad-con-la-motopapanoelada-una-jornada-solidaria-que-une-a-la-comunidad\\\/\"},\"wordCount\":154,\"commentCount\":0,\"publisher\":{\"@id\":\"https:\\\/\\\/cvinoticias.com\\\/v3\\\/#organization\"},\"image\":{\"@id\":\"https:\\\/\\\/cvinoticias.com\\\/v3\\\/la-magia-de-la-navidad-con-la-motopapanoelada-una-jornada-solidaria-que-une-a-la-comunidad\\\/#primaryimage\"},\"thumbnailUrl\":\"https:\\\/\\\/cvinoticias.com\\\/wp-content\\\/uploads\\\/2024\\\/12\\\/IMG-20241202-WA0168.jpg\",\"keywords\":[\"Magia\",\"Motopapanoelada\",\"navidad\",\"Ni\u00f1os\"],\"articleSection\":[\"Navidad\"],\"inLanguage\":\"es\",\"potentialAction\":[{\"@type\":\"CommentAction\",\"name\":\"Comment\",\"target\":[\"https:\\\/\\\/cvinoticias.com\\\/v3\\\/la-magia-de-la-navidad-con-la-motopapanoelada-una-jornada-solidaria-que-une-a-la-comunidad\\\/#respond\"]}]},{\"@type\":\"WebPage\",\"@id\":\"https:\\\/\\\/cvinoticias.com\\\/v3\\\/la-magia-de-la-navidad-con-la-motopapanoelada-una-jornada-solidaria-que-une-a-la-comunidad\\\/\",\"url\":\"https:\\\/\\\/cvinoticias.com\\\/v3\\\/la-magia-de-la-navidad-con-la-motopapanoelada-una-jornada-solidaria-que-une-a-la-comunidad\\\/\",\"name\":\"La magia de la Navidad con la motopapanoelada: Una jornada solidaria que une a la comunidad | CVI NOTICIAS\",\"isPartOf\":{\"@id\":\"https:\\\/\\\/cvinoticias.com\\\/v3\\\/#website\"},\"primaryImageOfPage\":{\"@id\":\"https:\\\/\\\/cvinoticias.com\\\/v3\\\/la-magia-de-la-navidad-con-la-motopapanoelada-una-jornada-solidaria-que-une-a-la-comunidad\\\/#primaryimage\"},\"image\":{\"@id\":\"https:\\\/\\\/cvinoticias.com\\\/v3\\\/la-magia-de-la-navidad-con-la-motopapanoelada-una-jornada-solidaria-que-une-a-la-comunidad\\\/#primaryimage\"},\"thumbnailUrl\":\"https:\\\/\\\/cvinoticias.com\\\/wp-content\\\/uploads\\\/2024\\\/12\\\/IMG-20241202-WA0168.jpg\",\"datePublished\":\"2024-12-02T18:05:56+00:00\",\"dateModified\":\"2024-12-02T18:05:58+00:00\",\"breadcrumb\":{\"@id\":\"https:\\\/\\\/cvinoticias.com\\\/v3\\\/la-magia-de-la-navidad-con-la-motopapanoelada-una-jornada-solidaria-que-une-a-la-comunidad\\\/#breadcrumb\"},\"inLanguage\":\"es\",\"potentialAction\":[{\"@type\":\"ReadAction\",\"target\":[\"https:\\\/\\\/cvinoticias.com\\\/v3\\\/la-magia-de-la-navidad-con-la-motopapanoelada-una-jornada-solidaria-que-une-a-la-comunidad\\\/\"]}]},{\"@type\":\"ImageObject\",\"inLanguage\":\"es\",\"@id\":\"https:\\\/\\\/cvinoticias.com\\\/v3\\\/la-magia-de-la-navidad-con-la-motopapanoelada-una-jornada-solidaria-que-une-a-la-comunidad\\\/#primaryimage\",\"url\":\"https:\\\/\\\/cvinoticias.com\\\/wp-content\\\/uploads\\\/2024\\\/12\\\/IMG-20241202-WA0168.jpg\",\"contentUrl\":\"https:\\\/\\\/cvinoticias.com\\\/wp-content\\\/uploads\\\/2024\\\/12\\\/IMG-20241202-WA0168.jpg\",\"width\":720,\"height\":480},{\"@type\":\"BreadcrumbList\",\"@id\":\"https:\\\/\\\/cvinoticias.com\\\/v3\\\/la-magia-de-la-navidad-con-la-motopapanoelada-una-jornada-solidaria-que-une-a-la-comunidad\\\/#breadcrumb\",\"itemListElement\":[{\"@type\":\"ListItem\",\"position\":1,\"name\":\"Portada\",\"item\":\"https:\\\/\\\/cvinoticias.com\\\/v3\\\/\"},{\"@type\":\"ListItem\",\"position\":2,\"name\":\"La magia de la Navidad con la motopapanoelada: Una jornada solidaria que une a la comunidad\"}]},{\"@type\":\"WebSite\",\"@id\":\"https:\\\/\\\/cvinoticias.com\\\/v3\\\/#website\",\"url\":\"https:\\\/\\\/cvinoticias.com\\\/v3\\\/\",\"name\":\"CVI NOTICIAS\",\"description\":\"\",\"publisher\":{\"@id\":\"https:\\\/\\\/cvinoticias.com\\\/v3\\\/#organization\"},\"alternateName\":\"CVI\",\"potentialAction\":[{\"@type\":\"SearchAction\",\"target\":{\"@type\":\"EntryPoint\",\"urlTemplate\":\"https:\\\/\\\/cvinoticias.com\\\/v3\\\/?s={search_term_string}\"},\"query-input\":{\"@type\":\"PropertyValueSpecification\",\"valueRequired\":true,\"valueName\":\"search_term_string\"}}],\"inLanguage\":\"es\"},{\"@type\":\"Organization\",\"@id\":\"https:\\\/\\\/cvinoticias.com\\\/v3\\\/#organization\",\"name\":\"CVI NOTICIAS\",\"url\":\"https:\\\/\\\/cvinoticias.com\\\/v3\\\/\",\"logo\":{\"@type\":\"ImageObject\",\"inLanguage\":\"es\",\"@id\":\"https:\\\/\\\/cvinoticias.com\\\/v3\\\/#\\\/schema\\\/logo\\\/image\\\/\",\"url\":\"https:\\\/\\\/cvinoticias.com\\\/wp-content\\\/uploads\\\/2023\\\/04\\\/cropped-cropped-cropped-cropped-cropped-3-1.png\",\"contentUrl\":\"https:\\\/\\\/cvinoticias.com\\\/wp-content\\\/uploads\\\/2023\\\/04\\\/cropped-cropped-cropped-cropped-cropped-3-1.png\",\"width\":95,\"height\":122,\"caption\":\"CVI NOTICIAS\"},\"image\":{\"@id\":\"https:\\\/\\\/cvinoticias.com\\\/v3\\\/#\\\/schema\\\/logo\\\/image\\\/\"},\"sameAs\":[\"https:\\\/\\\/www.facebook.com\\\/cvinoticias\",\"https:\\\/\\\/www.instagram.com\\\/cvinoticias\\\/\",\"https:\\\/\\\/www.youtube.com\\\/@CVINOTICIAS\"]},{\"@type\":\"Person\",\"@id\":\"https:\\\/\\\/cvinoticias.com\\\/v3\\\/#\\\/schema\\\/person\\\/2db77e3c6bc03c538495d7b2b8be9b66\",\"name\":\"f1000024\",\"image\":{\"@type\":\"ImageObject\",\"inLanguage\":\"es\",\"@id\":\"https:\\\/\\\/secure.gravatar.com\\\/avatar\\\/d4fe7459cfc51ff5129ce1a732bbef5928568b8092d412ef95611616376bbeed?s=96&d=mm&r=g\",\"url\":\"https:\\\/\\\/secure.gravatar.com\\\/avatar\\\/d4fe7459cfc51ff5129ce1a732bbef5928568b8092d412ef95611616376bbeed?s=96&d=mm&r=g\",\"contentUrl\":\"https:\\\/\\\/secure.gravatar.com\\\/avatar\\\/d4fe7459cfc51ff5129ce1a732bbef5928568b8092d412ef95611616376bbeed?s=96&d=mm&r=g\",\"caption\":\"f1000024\"},\"url\":\"https:\\\/\\\/cvinoticias.com\\\/v3\\\/author\\\/f1000024\\\/\"}]}<\/script>\n<!-- \/ Yoast SEO plugin. -->","yoast_head_json":{"title":"La magia de la Navidad con la motopapanoelada: Una jornada solidaria que une a la comunidad | CVI NOTICIAS","robots":{"index":"index","follow":"follow","max-snippet":"max-snippet:-1","max-image-preview":"max-image-preview:large","max-video-preview":"max-video-preview:-1"},"canonical":"https:\/\/cvinoticias.com\/v3\/la-magia-de-la-navidad-con-la-motopapanoelada-una-jornada-solidaria-que-une-a-la-comunidad\/","og_locale":"es_ES","og_type":"article","og_title":"La magia de la Navidad con la motopapanoelada: Una jornada solidaria que une a la comunidad | CVI NOTICIAS","og_description":"Este 21 de diciembre, a partir de las 17:00 horas, Puerto Iguaz\u00fa vibrar\u00e1 con el esp\u00edritu navide\u00f1o en la esperada Motopapanoelada 2024. La jornada dar\u00e1 inicio con una emocionante caravana de motociclistas que recorrer\u00e1 las principales calles de la ciudad, llevando alegr\u00eda y esperanza a cada rinc\u00f3n. Al finalizar la caravana, todos los participantes se [&hellip;]","og_url":"https:\/\/cvinoticias.com\/v3\/la-magia-de-la-navidad-con-la-motopapanoelada-una-jornada-solidaria-que-une-a-la-comunidad\/","og_site_name":"CVI NOTICIAS","article_publisher":"https:\/\/www.facebook.com\/cvinoticias","article_published_time":"2024-12-02T18:05:56+00:00","article_modified_time":"2024-12-02T18:05:58+00:00","og_image":[{"width":720,"height":480,"url":"https:\/\/cvinoticias.com\/wp-content\/uploads\/2024\/12\/IMG-20241202-WA0168.jpg","type":"image\/jpeg"}],"author":"f1000024","twitter_card":"summary_large_image","twitter_misc":{"Escrito por":"f1000024","Tiempo de lectura":"2 minutos"},"schema":{"@context":"https:\/\/schema.org","@graph":[{"@type":"Article","@id":"https:\/\/cvinoticias.com\/v3\/la-magia-de-la-navidad-con-la-motopapanoelada-una-jornada-solidaria-que-une-a-la-comunidad\/#article","isPartOf":{"@id":"https:\/\/cvinoticias.com\/v3\/la-magia-de-la-navidad-con-la-motopapanoelada-una-jornada-solidaria-que-une-a-la-comunidad\/"},"author":{"name":"f1000024","@id":"https:\/\/cvinoticias.com\/v3\/#\/schema\/person\/2db77e3c6bc03c538495d7b2b8be9b66"},"headline":"La magia de la Navidad con la motopapanoelada: Una jornada solidaria que une a la comunidad","datePublished":"2024-12-02T18:05:56+00:00","dateModified":"2024-12-02T18:05:58+00:00","mainEntityOfPage":{"@id":"https:\/\/cvinoticias.com\/v3\/la-magia-de-la-navidad-con-la-motopapanoelada-una-jornada-solidaria-que-une-a-la-comunidad\/"},"wordCount":154,"commentCount":0,"publisher":{"@id":"https:\/\/cvinoticias.com\/v3\/#organization"},"image":{"@id":"https:\/\/cvinoticias.com\/v3\/la-magia-de-la-navidad-con-la-motopapanoelada-una-jornada-solidaria-que-une-a-la-comunidad\/#primaryimage"},"thumbnailUrl":"https:\/\/cvinoticias.com\/wp-content\/uploads\/2024\/12\/IMG-20241202-WA0168.jpg","keywords":["Magia","Motopapanoelada","navidad","Ni\u00f1os"],"articleSection":["Navidad"],"inLanguage":"es","potentialAction":[{"@type":"CommentAction","name":"Comment","target":["https:\/\/cvinoticias.com\/v3\/la-magia-de-la-navidad-con-la-motopapanoelada-una-jornada-solidaria-que-une-a-la-comunidad\/#respond"]}]},{"@type":"WebPage","@id":"https:\/\/cvinoticias.com\/v3\/la-magia-de-la-navidad-con-la-motopapanoelada-una-jornada-solidaria-que-une-a-la-comunidad\/","url":"https:\/\/cvinoticias.com\/v3\/la-magia-de-la-navidad-con-la-motopapanoelada-una-jornada-solidaria-que-une-a-la-comunidad\/","name":"La magia de la Navidad con la motopapanoelada: Una jornada solidaria que une a la comunidad | CVI NOTICIAS","isPartOf":{"@id":"https:\/\/cvinoticias.com\/v3\/#website"},"primaryImageOfPage":{"@id":"https:\/\/cvinoticias.com\/v3\/la-magia-de-la-navidad-con-la-motopapanoelada-una-jornada-solidaria-que-une-a-la-comunidad\/#primaryimage"},"image":{"@id":"https:\/\/cvinoticias.com\/v3\/la-magia-de-la-navidad-con-la-motopapanoelada-una-jornada-solidaria-que-une-a-la-comunidad\/#primaryimage"},"thumbnailUrl":"https:\/\/cvinoticias.com\/wp-content\/uploads\/2024\/12\/IMG-20241202-WA0168.jpg","datePublished":"2024-12-02T18:05:56+00:00","dateModified":"2024-12-02T18:05:58+00:00","breadcrumb":{"@id":"https:\/\/cvinoticias.com\/v3\/la-magia-de-la-navidad-con-la-motopapanoelada-una-jornada-solidaria-que-une-a-la-comunidad\/#breadcrumb"},"inLanguage":"es","potentialAction":[{"@type":"ReadAction","target":["https:\/\/cvinoticias.com\/v3\/la-magia-de-la-navidad-con-la-motopapanoelada-una-jornada-solidaria-que-une-a-la-comunidad\/"]}]},{"@type":"ImageObject","inLanguage":"es","@id":"https:\/\/cvinoticias.com\/v3\/la-magia-de-la-navidad-con-la-motopapanoelada-una-jornada-solidaria-que-une-a-la-comunidad\/#primaryimage","url":"https:\/\/cvinoticias.com\/wp-content\/uploads\/2024\/12\/IMG-20241202-WA0168.jpg","contentUrl":"https:\/\/cvinoticias.com\/wp-content\/uploads\/2024\/12\/IMG-20241202-WA0168.jpg","width":720,"height":480},{"@type":"BreadcrumbList","@id":"https:\/\/cvinoticias.com\/v3\/la-magia-de-la-navidad-con-la-motopapanoelada-una-jornada-solidaria-que-une-a-la-comunidad\/#breadcrumb","itemListElement":[{"@type":"ListItem","position":1,"name":"Portada","item":"https:\/\/cvinoticias.com\/v3\/"},{"@type":"ListItem","position":2,"name":"La magia de la Navidad con la motopapanoelada: Una jornada solidaria que une a la comunidad"}]},{"@type":"WebSite","@id":"https:\/\/cvinoticias.com\/v3\/#website","url":"https:\/\/cvinoticias.com\/v3\/","name":"CVI NOTICIAS","description":"","publisher":{"@id":"https:\/\/cvinoticias.com\/v3\/#organization"},"alternateName":"CVI","potentialAction":[{"@type":"SearchAction","target":{"@type":"EntryPoint","urlTemplate":"https:\/\/cvinoticias.com\/v3\/?s={search_term_string}"},"query-input":{"@type":"PropertyValueSpecification","valueRequired":true,"valueName":"search_term_string"}}],"inLanguage":"es"},{"@type":"Organization","@id":"https:\/\/cvinoticias.com\/v3\/#organization","name":"CVI NOTICIAS","url":"https:\/\/cvinoticias.com\/v3\/","logo":{"@type":"ImageObject","inLanguage":"es","@id":"https:\/\/cvinoticias.com\/v3\/#\/schema\/logo\/image\/","url":"https:\/\/cvinoticias.com\/wp-content\/uploads\/2023\/04\/cropped-cropped-cropped-cropped-cropped-3-1.png","contentUrl":"https:\/\/cvinoticias.com\/wp-content\/uploads\/2023\/04\/cropped-cropped-cropped-cropped-cropped-3-1.png","width":95,"height":122,"caption":"CVI NOTICIAS"},"image":{"@id":"https:\/\/cvinoticias.com\/v3\/#\/schema\/logo\/image\/"},"sameAs":["https:\/\/www.facebook.com\/cvinoticias","https:\/\/www.instagram.com\/cvinoticias\/","https:\/\/www.youtube.com\/@CVINOTICIAS"]},{"@type":"Person","@id":"https:\/\/cvinoticias.com\/v3\/#\/schema\/person\/2db77e3c6bc03c538495d7b2b8be9b66","name":"f1000024","image":{"@type":"ImageObject","inLanguage":"es","@id":"https:\/\/secure.gravatar.com\/avatar\/d4fe7459cfc51ff5129ce1a732bbef5928568b8092d412ef95611616376bbeed?s=96&d=mm&r=g","url":"https:\/\/secure.gravatar.com\/avatar\/d4fe7459cfc51ff5129ce1a732bbef5928568b8092d412ef95611616376bbeed?s=96&d=mm&r=g","contentUrl":"https:\/\/secure.gravatar.com\/avatar\/d4fe7459cfc51ff5129ce1a732bbef5928568b8092d412ef95611616376bbeed?s=96&d=mm&r=g","caption":"f1000024"},"url":"https:\/\/cvinoticias.com\/v3\/author\/f1000024\/"}]}},"_links":{"self":[{"href":"https:\/\/cvinoticias.com\/v3\/wp-json\/wp\/v2\/posts\/37591","targetHints":{"allow":["GET"]}}],"collection":[{"href":"https:\/\/cvinoticias.com\/v3\/wp-json\/wp\/v2\/posts"}],"about":[{"href":"https:\/\/cvinoticias.com\/v3\/wp-json\/wp\/v2\/types\/post"}],"author":[{"embeddable":true,"href":"https:\/\/cvinoticias.com\/v3\/wp-json\/wp\/v2\/users\/2"}],"replies":[{"embeddable":true,"href":"https:\/\/cvinoticias.com\/v3\/wp-json\/wp\/v2\/comments?post=37591"}],"version-history":[{"count":1,"href":"https:\/\/cvinoticias.com\/v3\/wp-json\/wp\/v2\/posts\/37591\/revisions"}],"predecessor-version":[{"id":37598,"href":"https:\/\/cvinoticias.com\/v3\/wp-json\/wp\/v2\/posts\/37591\/revisions\/37598"}],"wp:featuredmedia":[{"embeddable":true,"href":"https:\/\/cvinoticias.com\/v3\/wp-json\/wp\/v2\/media\/37597"}],"wp:attachment":[{"href":"https:\/\/cvinoticias.com\/v3\/wp-json\/wp\/v2\/media?parent=37591"}],"wp:term":[{"taxonomy":"category","embeddable":true,"href":"https:\/\/cvinoticias.com\/v3\/wp-json\/wp\/v2\/categories?post=37591"},{"taxonomy":"post_tag","embeddable":true,"href":"https:\/\/cvinoticias.com\/v3\/wp-json\/wp\/v2\/tags?post=37591"}],"curies":[{"name":"wp","href":"https:\/\/api.w.org\/{rel}","templated":true}]}}