{"id":36867,"date":"2024-10-08T00:55:12","date_gmt":"2024-10-08T03:55:12","guid":{"rendered":"https:\/\/cvinoticias.com\/v3\/?p=36867"},"modified":"2024-10-08T01:24:42","modified_gmt":"2024-10-08T04:24:42","slug":"cristina-kirchner-se-reafirma-como-posible-candidata-a-presidir-el-pj-nacional","status":"publish","type":"post","link":"https:\/\/cvinoticias.com\/v3\/cristina-kirchner-se-reafirma-como-posible-candidata-a-presidir-el-pj-nacional\/","title":{"rendered":"Cristina Kirchner se reafirma como posible candidata a presidir el PJ Nacional"},"content":{"rendered":"\n<p>En medio del operativo clamor para que ocupe la presidencia del PJ, Cristina Fern\u00e1ndez de Kirchner public\u00f3 este lunes un posteo en redes sociales titulada \u00ab<strong>Carta abierta a los compa\u00f1eros y compa\u00f1eras peronistas, y a los argentinos que nunca lo fueron, tambi\u00e9n\u00bb, <\/strong>con fuertes cr\u00edticas a Javier Milei y su pol\u00edtica de ajuste, y una profunda reflexi\u00f3n sobre el debate interno del PJ y la posibilidad de que asuma su titularidad.<\/p>\n\n\n\n<p>Si bien no se expres\u00f3 de modo explicito yal pedido de varios sectores del PJ para que sea la conductora formal del espacio, tuvo toda una serie de expresiones en l\u00ednea con la posibilidad de aceptar el desaf\u00edo: <strong><em>\u00abQuiero decirles que estoy dispuesta, una vez m\u00e1s, a aceptar el desaf\u00edo de debatir en unidad porque si algo tengo claro tambi\u00e9n, es que ac\u00e1 no sobra nadie\u00bb.<\/em><\/strong> <\/p>\n\n\n\n<p><strong><em>\u00abNunca he ocupado un lugar sin tener la certeza de estar capacitada para la tarea encomendada; sin miedo ni presiones\u00bb, remarc\u00f3 CFK, luego de agradecer \u00aba todos los compa\u00f1eros y compa\u00f1eras las muestras de cari\u00f1o y los mensajes de apoyo para ser la Presidenta\u00bb<\/em><\/strong> del Partido Justicialista. <\/p>\n\n\n\n<p>Luego de hacer un detallado repaso sobre las dificultades que ha enfrentado el peronismo durante los \u00faltimos a\u00f1os, CFK plante\u00f3 que \u00abest\u00e1 claro que hay que enderezar lo que se torci\u00f3 y ordenar lo que se desorden\u00f3\u00bb. Esto \u00abplantea la necesidad de crear un \u00e1mbito de discusi\u00f3n y participaci\u00f3n que hoy no existe y que su ausencia s\u00f3lo genera confusi\u00f3n y vac\u00edo\u00bb, lament\u00f3. <\/p>\n\n\n\n<p>\u00abNo tengo dudas que, en esta etapa, el partido es el lugar m\u00e1s apropiado para desarrollar el continente que genere el contenido y que este, adem\u00e1s, tenga direcci\u00f3n y objetivos\u00bb, observ\u00f3, al tiempo que remarc\u00f3 que \u00abdebemos aceptar que nada est\u00e1 grabado en piedra y que todo debe ser repensado y discutido\u00bb, por ejemplo la \u00abmodificaci\u00f3n de las relaciones laborales y su impacto, nueva estatalidad para un nuevo Estado, reversi\u00f3n del d\u00e9ficit fiscal y c\u00f3mo hacerlo, revisi\u00f3n y reforma de la educaci\u00f3n p\u00fablica, seguridad, y modificaciones en la comunicaci\u00f3n social\u00bb, entre otras cuestiones.<\/p>\n\n\n\n<p>El peronismo y el pueblo argentino tambi\u00e9n tienen que abordar \u00abel principal problema del pa\u00eds en el marco de una econom\u00eda bimonetaria: su alto nivel de endeudamiento en moneda extranjera\u00bb, puntualiz\u00f3 CFK.<\/p>\n\n\n\n<p><strong>El recambio de autoridades partidarias est\u00e1 previsto para el 17 de noviembre pr\u00f3ximo. Cuatro d\u00edas antes se conocer\u00e1 el veredicto de la C\u00e1mara de Casaci\u00f3n sobre su condena a seis a\u00f1os de prisi\u00f3n por irregularidades en la obra p\u00fablica de Santa Cruz.<\/strong><\/p>\n\n\n\n<p><\/p>\n\n\n\n<p><\/p>\n","protected":false},"excerpt":{"rendered":"<p>En medio del operativo clamor para que ocupe la presidencia del PJ, Cristina Fern\u00e1ndez de Kirchner public\u00f3 este lunes un posteo en redes sociales titulada \u00abCarta abierta a los compa\u00f1eros y compa\u00f1eras peronistas, y a los argentinos que nunca lo fueron, tambi\u00e9n\u00bb, con fuertes cr\u00edticas a Javier Milei y su pol\u00edtica de ajuste, y una [&hellip;]<\/p>\n","protected":false},"author":2,"featured_media":36868,"comment_status":"open","ping_status":"open","sticky":false,"template":"","format":"standard","meta":{"footnotes":""},"categories":[39],"tags":[],"class_list":["post-36867","post","type-post","status-publish","format-standard","has-post-thumbnail","hentry","category-nacionales"],"yoast_head":"<!-- This site is optimized with the Yoast SEO plugin v27.5 - https:\/\/yoast.com\/product\/yoast-seo-wordpress\/ -->\n<title>Cristina Kirchner se reafirma como posible candidata a presidir el PJ Nacional | CVI NOTICIAS<\/title>\n<meta name=\"robots\" content=\"index, follow, max-snippet:-1, max-image-preview:large, max-video-preview:-1\" \/>\n<link rel=\"canonical\" href=\"https:\/\/cvinoticias.com\/v3\/cristina-kirchner-se-reafirma-como-posible-candidata-a-presidir-el-pj-nacional\/\" \/>\n<meta property=\"og:locale\" content=\"es_ES\" \/>\n<meta property=\"og:type\" content=\"article\" \/>\n<meta property=\"og:title\" content=\"Cristina Kirchner se reafirma como posible candidata a presidir el PJ Nacional | CVI NOTICIAS\" \/>\n<meta property=\"og:description\" content=\"En medio del operativo clamor para que ocupe la presidencia del PJ, Cristina Fern\u00e1ndez de Kirchner public\u00f3 este lunes un posteo en redes sociales titulada \u00abCarta abierta a los compa\u00f1eros y compa\u00f1eras peronistas, y a los argentinos que nunca lo fueron, tambi\u00e9n\u00bb, con fuertes cr\u00edticas a Javier Milei y su pol\u00edtica de ajuste, y una [&hellip;]\" \/>\n<meta property=\"og:url\" content=\"https:\/\/cvinoticias.com\/v3\/cristina-kirchner-se-reafirma-como-posible-candidata-a-presidir-el-pj-nacional\/\" \/>\n<meta property=\"og:site_name\" content=\"CVI NOTICIAS\" \/>\n<meta property=\"article:publisher\" content=\"https:\/\/www.facebook.com\/cvinoticias\" \/>\n<meta property=\"article:published_time\" content=\"2024-10-08T03:55:12+00:00\" \/>\n<meta property=\"article:modified_time\" content=\"2024-10-08T04:24:42+00:00\" \/>\n<meta property=\"og:image\" content=\"https:\/\/cvinoticias.com\/wp-content\/uploads\/2024\/10\/SLJHE2NN2ZH4PDRVDIWLI6ZIR4.jpg\" \/>\n\t<meta property=\"og:image:width\" content=\"1200\" \/>\n\t<meta property=\"og:image:height\" content=\"900\" \/>\n\t<meta property=\"og:image:type\" content=\"image\/jpeg\" \/>\n<meta name=\"author\" content=\"f1000024\" \/>\n<meta name=\"twitter:card\" content=\"summary_large_image\" \/>\n<meta name=\"twitter:label1\" content=\"Escrito por\" \/>\n\t<meta name=\"twitter:data1\" content=\"f1000024\" \/>\n\t<meta name=\"twitter:label2\" content=\"Tiempo de lectura\" \/>\n\t<meta name=\"twitter:data2\" content=\"3 minutos\" \/>\n<script type=\"application\/ld+json\" class=\"yoast-schema-graph\">{\"@context\":\"https:\\\/\\\/schema.org\",\"@graph\":[{\"@type\":\"Article\",\"@id\":\"https:\\\/\\\/cvinoticias.com\\\/v3\\\/cristina-kirchner-se-reafirma-como-posible-candidata-a-presidir-el-pj-nacional\\\/#article\",\"isPartOf\":{\"@id\":\"https:\\\/\\\/cvinoticias.com\\\/v3\\\/cristina-kirchner-se-reafirma-como-posible-candidata-a-presidir-el-pj-nacional\\\/\"},\"author\":{\"name\":\"f1000024\",\"@id\":\"https:\\\/\\\/cvinoticias.com\\\/v3\\\/#\\\/schema\\\/person\\\/2db77e3c6bc03c538495d7b2b8be9b66\"},\"headline\":\"Cristina Kirchner se reafirma como posible candidata a presidir el PJ Nacional\",\"datePublished\":\"2024-10-08T03:55:12+00:00\",\"dateModified\":\"2024-10-08T04:24:42+00:00\",\"mainEntityOfPage\":{\"@id\":\"https:\\\/\\\/cvinoticias.com\\\/v3\\\/cristina-kirchner-se-reafirma-como-posible-candidata-a-presidir-el-pj-nacional\\\/\"},\"wordCount\":467,\"commentCount\":0,\"publisher\":{\"@id\":\"https:\\\/\\\/cvinoticias.com\\\/v3\\\/#organization\"},\"image\":{\"@id\":\"https:\\\/\\\/cvinoticias.com\\\/v3\\\/cristina-kirchner-se-reafirma-como-posible-candidata-a-presidir-el-pj-nacional\\\/#primaryimage\"},\"thumbnailUrl\":\"https:\\\/\\\/cvinoticias.com\\\/wp-content\\\/uploads\\\/2024\\\/10\\\/SLJHE2NN2ZH4PDRVDIWLI6ZIR4.jpg\",\"articleSection\":[\"Nacionales\"],\"inLanguage\":\"es\",\"potentialAction\":[{\"@type\":\"CommentAction\",\"name\":\"Comment\",\"target\":[\"https:\\\/\\\/cvinoticias.com\\\/v3\\\/cristina-kirchner-se-reafirma-como-posible-candidata-a-presidir-el-pj-nacional\\\/#respond\"]}]},{\"@type\":\"WebPage\",\"@id\":\"https:\\\/\\\/cvinoticias.com\\\/v3\\\/cristina-kirchner-se-reafirma-como-posible-candidata-a-presidir-el-pj-nacional\\\/\",\"url\":\"https:\\\/\\\/cvinoticias.com\\\/v3\\\/cristina-kirchner-se-reafirma-como-posible-candidata-a-presidir-el-pj-nacional\\\/\",\"name\":\"Cristina Kirchner se reafirma como posible candidata a presidir el PJ Nacional | CVI NOTICIAS\",\"isPartOf\":{\"@id\":\"https:\\\/\\\/cvinoticias.com\\\/v3\\\/#website\"},\"primaryImageOfPage\":{\"@id\":\"https:\\\/\\\/cvinoticias.com\\\/v3\\\/cristina-kirchner-se-reafirma-como-posible-candidata-a-presidir-el-pj-nacional\\\/#primaryimage\"},\"image\":{\"@id\":\"https:\\\/\\\/cvinoticias.com\\\/v3\\\/cristina-kirchner-se-reafirma-como-posible-candidata-a-presidir-el-pj-nacional\\\/#primaryimage\"},\"thumbnailUrl\":\"https:\\\/\\\/cvinoticias.com\\\/wp-content\\\/uploads\\\/2024\\\/10\\\/SLJHE2NN2ZH4PDRVDIWLI6ZIR4.jpg\",\"datePublished\":\"2024-10-08T03:55:12+00:00\",\"dateModified\":\"2024-10-08T04:24:42+00:00\",\"breadcrumb\":{\"@id\":\"https:\\\/\\\/cvinoticias.com\\\/v3\\\/cristina-kirchner-se-reafirma-como-posible-candidata-a-presidir-el-pj-nacional\\\/#breadcrumb\"},\"inLanguage\":\"es\",\"potentialAction\":[{\"@type\":\"ReadAction\",\"target\":[\"https:\\\/\\\/cvinoticias.com\\\/v3\\\/cristina-kirchner-se-reafirma-como-posible-candidata-a-presidir-el-pj-nacional\\\/\"]}]},{\"@type\":\"ImageObject\",\"inLanguage\":\"es\",\"@id\":\"https:\\\/\\\/cvinoticias.com\\\/v3\\\/cristina-kirchner-se-reafirma-como-posible-candidata-a-presidir-el-pj-nacional\\\/#primaryimage\",\"url\":\"https:\\\/\\\/cvinoticias.com\\\/wp-content\\\/uploads\\\/2024\\\/10\\\/SLJHE2NN2ZH4PDRVDIWLI6ZIR4.jpg\",\"contentUrl\":\"https:\\\/\\\/cvinoticias.com\\\/wp-content\\\/uploads\\\/2024\\\/10\\\/SLJHE2NN2ZH4PDRVDIWLI6ZIR4.jpg\",\"width\":1200,\"height\":900},{\"@type\":\"BreadcrumbList\",\"@id\":\"https:\\\/\\\/cvinoticias.com\\\/v3\\\/cristina-kirchner-se-reafirma-como-posible-candidata-a-presidir-el-pj-nacional\\\/#breadcrumb\",\"itemListElement\":[{\"@type\":\"ListItem\",\"position\":1,\"name\":\"Portada\",\"item\":\"https:\\\/\\\/cvinoticias.com\\\/v3\\\/\"},{\"@type\":\"ListItem\",\"position\":2,\"name\":\"Cristina Kirchner se reafirma como posible candidata a presidir el PJ Nacional\"}]},{\"@type\":\"WebSite\",\"@id\":\"https:\\\/\\\/cvinoticias.com\\\/v3\\\/#website\",\"url\":\"https:\\\/\\\/cvinoticias.com\\\/v3\\\/\",\"name\":\"CVI NOTICIAS\",\"description\":\"\",\"publisher\":{\"@id\":\"https:\\\/\\\/cvinoticias.com\\\/v3\\\/#organization\"},\"alternateName\":\"CVI\",\"potentialAction\":[{\"@type\":\"SearchAction\",\"target\":{\"@type\":\"EntryPoint\",\"urlTemplate\":\"https:\\\/\\\/cvinoticias.com\\\/v3\\\/?s={search_term_string}\"},\"query-input\":{\"@type\":\"PropertyValueSpecification\",\"valueRequired\":true,\"valueName\":\"search_term_string\"}}],\"inLanguage\":\"es\"},{\"@type\":\"Organization\",\"@id\":\"https:\\\/\\\/cvinoticias.com\\\/v3\\\/#organization\",\"name\":\"CVI NOTICIAS\",\"url\":\"https:\\\/\\\/cvinoticias.com\\\/v3\\\/\",\"logo\":{\"@type\":\"ImageObject\",\"inLanguage\":\"es\",\"@id\":\"https:\\\/\\\/cvinoticias.com\\\/v3\\\/#\\\/schema\\\/logo\\\/image\\\/\",\"url\":\"https:\\\/\\\/cvinoticias.com\\\/wp-content\\\/uploads\\\/2023\\\/04\\\/cropped-cropped-cropped-cropped-cropped-3-1.png\",\"contentUrl\":\"https:\\\/\\\/cvinoticias.com\\\/wp-content\\\/uploads\\\/2023\\\/04\\\/cropped-cropped-cropped-cropped-cropped-3-1.png\",\"width\":95,\"height\":122,\"caption\":\"CVI NOTICIAS\"},\"image\":{\"@id\":\"https:\\\/\\\/cvinoticias.com\\\/v3\\\/#\\\/schema\\\/logo\\\/image\\\/\"},\"sameAs\":[\"https:\\\/\\\/www.facebook.com\\\/cvinoticias\",\"https:\\\/\\\/www.instagram.com\\\/cvinoticias\\\/\",\"https:\\\/\\\/www.youtube.com\\\/@CVINOTICIAS\"]},{\"@type\":\"Person\",\"@id\":\"https:\\\/\\\/cvinoticias.com\\\/v3\\\/#\\\/schema\\\/person\\\/2db77e3c6bc03c538495d7b2b8be9b66\",\"name\":\"f1000024\",\"image\":{\"@type\":\"ImageObject\",\"inLanguage\":\"es\",\"@id\":\"https:\\\/\\\/secure.gravatar.com\\\/avatar\\\/d4fe7459cfc51ff5129ce1a732bbef5928568b8092d412ef95611616376bbeed?s=96&d=mm&r=g\",\"url\":\"https:\\\/\\\/secure.gravatar.com\\\/avatar\\\/d4fe7459cfc51ff5129ce1a732bbef5928568b8092d412ef95611616376bbeed?s=96&d=mm&r=g\",\"contentUrl\":\"https:\\\/\\\/secure.gravatar.com\\\/avatar\\\/d4fe7459cfc51ff5129ce1a732bbef5928568b8092d412ef95611616376bbeed?s=96&d=mm&r=g\",\"caption\":\"f1000024\"},\"url\":\"https:\\\/\\\/cvinoticias.com\\\/v3\\\/author\\\/f1000024\\\/\"}]}<\/script>\n<!-- \/ Yoast SEO plugin. -->","yoast_head_json":{"title":"Cristina Kirchner se reafirma como posible candidata a presidir el PJ Nacional | CVI NOTICIAS","robots":{"index":"index","follow":"follow","max-snippet":"max-snippet:-1","max-image-preview":"max-image-preview:large","max-video-preview":"max-video-preview:-1"},"canonical":"https:\/\/cvinoticias.com\/v3\/cristina-kirchner-se-reafirma-como-posible-candidata-a-presidir-el-pj-nacional\/","og_locale":"es_ES","og_type":"article","og_title":"Cristina Kirchner se reafirma como posible candidata a presidir el PJ Nacional | CVI NOTICIAS","og_description":"En medio del operativo clamor para que ocupe la presidencia del PJ, Cristina Fern\u00e1ndez de Kirchner public\u00f3 este lunes un posteo en redes sociales titulada \u00abCarta abierta a los compa\u00f1eros y compa\u00f1eras peronistas, y a los argentinos que nunca lo fueron, tambi\u00e9n\u00bb, con fuertes cr\u00edticas a Javier Milei y su pol\u00edtica de ajuste, y una [&hellip;]","og_url":"https:\/\/cvinoticias.com\/v3\/cristina-kirchner-se-reafirma-como-posible-candidata-a-presidir-el-pj-nacional\/","og_site_name":"CVI NOTICIAS","article_publisher":"https:\/\/www.facebook.com\/cvinoticias","article_published_time":"2024-10-08T03:55:12+00:00","article_modified_time":"2024-10-08T04:24:42+00:00","og_image":[{"width":1200,"height":900,"url":"https:\/\/cvinoticias.com\/wp-content\/uploads\/2024\/10\/SLJHE2NN2ZH4PDRVDIWLI6ZIR4.jpg","type":"image\/jpeg"}],"author":"f1000024","twitter_card":"summary_large_image","twitter_misc":{"Escrito por":"f1000024","Tiempo de lectura":"3 minutos"},"schema":{"@context":"https:\/\/schema.org","@graph":[{"@type":"Article","@id":"https:\/\/cvinoticias.com\/v3\/cristina-kirchner-se-reafirma-como-posible-candidata-a-presidir-el-pj-nacional\/#article","isPartOf":{"@id":"https:\/\/cvinoticias.com\/v3\/cristina-kirchner-se-reafirma-como-posible-candidata-a-presidir-el-pj-nacional\/"},"author":{"name":"f1000024","@id":"https:\/\/cvinoticias.com\/v3\/#\/schema\/person\/2db77e3c6bc03c538495d7b2b8be9b66"},"headline":"Cristina Kirchner se reafirma como posible candidata a presidir el PJ Nacional","datePublished":"2024-10-08T03:55:12+00:00","dateModified":"2024-10-08T04:24:42+00:00","mainEntityOfPage":{"@id":"https:\/\/cvinoticias.com\/v3\/cristina-kirchner-se-reafirma-como-posible-candidata-a-presidir-el-pj-nacional\/"},"wordCount":467,"commentCount":0,"publisher":{"@id":"https:\/\/cvinoticias.com\/v3\/#organization"},"image":{"@id":"https:\/\/cvinoticias.com\/v3\/cristina-kirchner-se-reafirma-como-posible-candidata-a-presidir-el-pj-nacional\/#primaryimage"},"thumbnailUrl":"https:\/\/cvinoticias.com\/wp-content\/uploads\/2024\/10\/SLJHE2NN2ZH4PDRVDIWLI6ZIR4.jpg","articleSection":["Nacionales"],"inLanguage":"es","potentialAction":[{"@type":"CommentAction","name":"Comment","target":["https:\/\/cvinoticias.com\/v3\/cristina-kirchner-se-reafirma-como-posible-candidata-a-presidir-el-pj-nacional\/#respond"]}]},{"@type":"WebPage","@id":"https:\/\/cvinoticias.com\/v3\/cristina-kirchner-se-reafirma-como-posible-candidata-a-presidir-el-pj-nacional\/","url":"https:\/\/cvinoticias.com\/v3\/cristina-kirchner-se-reafirma-como-posible-candidata-a-presidir-el-pj-nacional\/","name":"Cristina Kirchner se reafirma como posible candidata a presidir el PJ Nacional | CVI NOTICIAS","isPartOf":{"@id":"https:\/\/cvinoticias.com\/v3\/#website"},"primaryImageOfPage":{"@id":"https:\/\/cvinoticias.com\/v3\/cristina-kirchner-se-reafirma-como-posible-candidata-a-presidir-el-pj-nacional\/#primaryimage"},"image":{"@id":"https:\/\/cvinoticias.com\/v3\/cristina-kirchner-se-reafirma-como-posible-candidata-a-presidir-el-pj-nacional\/#primaryimage"},"thumbnailUrl":"https:\/\/cvinoticias.com\/wp-content\/uploads\/2024\/10\/SLJHE2NN2ZH4PDRVDIWLI6ZIR4.jpg","datePublished":"2024-10-08T03:55:12+00:00","dateModified":"2024-10-08T04:24:42+00:00","breadcrumb":{"@id":"https:\/\/cvinoticias.com\/v3\/cristina-kirchner-se-reafirma-como-posible-candidata-a-presidir-el-pj-nacional\/#breadcrumb"},"inLanguage":"es","potentialAction":[{"@type":"ReadAction","target":["https:\/\/cvinoticias.com\/v3\/cristina-kirchner-se-reafirma-como-posible-candidata-a-presidir-el-pj-nacional\/"]}]},{"@type":"ImageObject","inLanguage":"es","@id":"https:\/\/cvinoticias.com\/v3\/cristina-kirchner-se-reafirma-como-posible-candidata-a-presidir-el-pj-nacional\/#primaryimage","url":"https:\/\/cvinoticias.com\/wp-content\/uploads\/2024\/10\/SLJHE2NN2ZH4PDRVDIWLI6ZIR4.jpg","contentUrl":"https:\/\/cvinoticias.com\/wp-content\/uploads\/2024\/10\/SLJHE2NN2ZH4PDRVDIWLI6ZIR4.jpg","width":1200,"height":900},{"@type":"BreadcrumbList","@id":"https:\/\/cvinoticias.com\/v3\/cristina-kirchner-se-reafirma-como-posible-candidata-a-presidir-el-pj-nacional\/#breadcrumb","itemListElement":[{"@type":"ListItem","position":1,"name":"Portada","item":"https:\/\/cvinoticias.com\/v3\/"},{"@type":"ListItem","position":2,"name":"Cristina Kirchner se reafirma como posible candidata a presidir el PJ Nacional"}]},{"@type":"WebSite","@id":"https:\/\/cvinoticias.com\/v3\/#website","url":"https:\/\/cvinoticias.com\/v3\/","name":"CVI NOTICIAS","description":"","publisher":{"@id":"https:\/\/cvinoticias.com\/v3\/#organization"},"alternateName":"CVI","potentialAction":[{"@type":"SearchAction","target":{"@type":"EntryPoint","urlTemplate":"https:\/\/cvinoticias.com\/v3\/?s={search_term_string}"},"query-input":{"@type":"PropertyValueSpecification","valueRequired":true,"valueName":"search_term_string"}}],"inLanguage":"es"},{"@type":"Organization","@id":"https:\/\/cvinoticias.com\/v3\/#organization","name":"CVI NOTICIAS","url":"https:\/\/cvinoticias.com\/v3\/","logo":{"@type":"ImageObject","inLanguage":"es","@id":"https:\/\/cvinoticias.com\/v3\/#\/schema\/logo\/image\/","url":"https:\/\/cvinoticias.com\/wp-content\/uploads\/2023\/04\/cropped-cropped-cropped-cropped-cropped-3-1.png","contentUrl":"https:\/\/cvinoticias.com\/wp-content\/uploads\/2023\/04\/cropped-cropped-cropped-cropped-cropped-3-1.png","width":95,"height":122,"caption":"CVI NOTICIAS"},"image":{"@id":"https:\/\/cvinoticias.com\/v3\/#\/schema\/logo\/image\/"},"sameAs":["https:\/\/www.facebook.com\/cvinoticias","https:\/\/www.instagram.com\/cvinoticias\/","https:\/\/www.youtube.com\/@CVINOTICIAS"]},{"@type":"Person","@id":"https:\/\/cvinoticias.com\/v3\/#\/schema\/person\/2db77e3c6bc03c538495d7b2b8be9b66","name":"f1000024","image":{"@type":"ImageObject","inLanguage":"es","@id":"https:\/\/secure.gravatar.com\/avatar\/d4fe7459cfc51ff5129ce1a732bbef5928568b8092d412ef95611616376bbeed?s=96&d=mm&r=g","url":"https:\/\/secure.gravatar.com\/avatar\/d4fe7459cfc51ff5129ce1a732bbef5928568b8092d412ef95611616376bbeed?s=96&d=mm&r=g","contentUrl":"https:\/\/secure.gravatar.com\/avatar\/d4fe7459cfc51ff5129ce1a732bbef5928568b8092d412ef95611616376bbeed?s=96&d=mm&r=g","caption":"f1000024"},"url":"https:\/\/cvinoticias.com\/v3\/author\/f1000024\/"}]}},"_links":{"self":[{"href":"https:\/\/cvinoticias.com\/v3\/wp-json\/wp\/v2\/posts\/36867","targetHints":{"allow":["GET"]}}],"collection":[{"href":"https:\/\/cvinoticias.com\/v3\/wp-json\/wp\/v2\/posts"}],"about":[{"href":"https:\/\/cvinoticias.com\/v3\/wp-json\/wp\/v2\/types\/post"}],"author":[{"embeddable":true,"href":"https:\/\/cvinoticias.com\/v3\/wp-json\/wp\/v2\/users\/2"}],"replies":[{"embeddable":true,"href":"https:\/\/cvinoticias.com\/v3\/wp-json\/wp\/v2\/comments?post=36867"}],"version-history":[{"count":1,"href":"https:\/\/cvinoticias.com\/v3\/wp-json\/wp\/v2\/posts\/36867\/revisions"}],"predecessor-version":[{"id":36869,"href":"https:\/\/cvinoticias.com\/v3\/wp-json\/wp\/v2\/posts\/36867\/revisions\/36869"}],"wp:featuredmedia":[{"embeddable":true,"href":"https:\/\/cvinoticias.com\/v3\/wp-json\/wp\/v2\/media\/36868"}],"wp:attachment":[{"href":"https:\/\/cvinoticias.com\/v3\/wp-json\/wp\/v2\/media?parent=36867"}],"wp:term":[{"taxonomy":"category","embeddable":true,"href":"https:\/\/cvinoticias.com\/v3\/wp-json\/wp\/v2\/categories?post=36867"},{"taxonomy":"post_tag","embeddable":true,"href":"https:\/\/cvinoticias.com\/v3\/wp-json\/wp\/v2\/tags?post=36867"}],"curies":[{"name":"wp","href":"https:\/\/api.w.org\/{rel}","templated":true}]}}