{"id":36639,"date":"2024-09-30T13:37:52","date_gmt":"2024-09-30T16:37:52","guid":{"rendered":"https:\/\/cvinoticias.com\/v3\/?p=36639"},"modified":"2024-10-01T19:18:42","modified_gmt":"2024-10-01T22:18:42","slug":"presentacion-del-destino-iguazu-en-la-fit-2024","status":"publish","type":"post","link":"https:\/\/cvinoticias.com\/v3\/presentacion-del-destino-iguazu-en-la-fit-2024\/","title":{"rendered":"PRESENTACI\u00d3N del Destino Iguaz\u00fa en la FIT 2024"},"content":{"rendered":"\n<p><strong>Este lunes en el Auditorio Brasil en la Feria Internacional del Turismo fue presentado el Destino Iguaz\u00fa, d\u00f3nde el presidente del ITUREM en una magistral alocuci\u00f3n presento al Destino con toda la Oferta Turistica, Gastron\u00f3mica, Recreativa que tiene la ciudad de las Maravillas del Mundo.<\/strong><\/p>\n\n\n\n<p>Comenz\u00f3 dando la Bienvenida a los presentes he hizo una clara descripci\u00f3n de la evoluci\u00f3n del turismo en Misiones y principalmente en la Ciudad de Iguaz\u00fa, d\u00f3nde  la expansi\u00f3n de la oferta es gracias al compromiso p\u00fablico-privado para mejorar la infraestructura y atraer inversiones.<\/p>\n\n\n\n<p>  Mencion\u00f3  la importancia de mejorar la infraestructura en los pasos fronterizos para facilitar el flujo de turistas y  el crecimiento del n\u00famero de turistas en estos \u00faltimos tiempos sobre todo desde la reapertura de las pasarelas que conducen a la Garganta del Diablo.<\/p>\n\n\n\n<p>En  la presentaci\u00f3n acompa\u00f1aron autoridades, empresarios y p\u00fablico en general, y en esta ocasi\u00f3n Jeannine Nouche, CEO De Crucero Iguaz\u00fa quien particip\u00f3 de la presentaci\u00f3n habl\u00f3 con CVI sobre la importancia de invertir en Iguaz\u00fa y lo que ofrece el Catamar\u00e1n como atractivo tur\u00edstico: <\/p>\n\n\n\n<figure class=\"wp-block-gallery has-nested-images columns-default is-cropped wp-block-gallery-1 is-layout-flex wp-block-gallery-is-layout-flex\">\n<figure class=\"wp-block-image size-large\"><a href=\"https:\/\/cvinoticias.com\/wp-content\/uploads\/2024\/09\/Screenshot_20240930-133335.png\"><img decoding=\"async\" width=\"1017\" height=\"1024\" data-id=\"36640\" data-src=\"https:\/\/cvinoticias.com\/wp-content\/uploads\/2024\/09\/Screenshot_20240930-133335-1017x1024.png\" alt=\"\" class=\"wp-image-36640 lazyload\" data-srcset=\"https:\/\/cvinoticias.com\/wp-content\/uploads\/2024\/09\/Screenshot_20240930-133335-1017x1024.png 1017w, https:\/\/cvinoticias.com\/wp-content\/uploads\/2024\/09\/Screenshot_20240930-133335-298x300.png 298w, https:\/\/cvinoticias.com\/wp-content\/uploads\/2024\/09\/Screenshot_20240930-133335-150x150.png 150w, https:\/\/cvinoticias.com\/wp-content\/uploads\/2024\/09\/Screenshot_20240930-133335-768x773.png 768w, https:\/\/cvinoticias.com\/wp-content\/uploads\/2024\/09\/Screenshot_20240930-133335.png 1080w\" data-sizes=\"(max-width: 1017px) 100vw, 1017px\" src=\"data:image\/svg+xml;base64,PHN2ZyB3aWR0aD0iMSIgaGVpZ2h0PSIxIiB4bWxucz0iaHR0cDovL3d3dy53My5vcmcvMjAwMC9zdmciPjwvc3ZnPg==\" style=\"--smush-placeholder-width: 1017px; --smush-placeholder-aspect-ratio: 1017\/1024;\" \/><\/a><\/figure>\n<\/figure>\n\n\n\n<p>\u00abLa verdad que sorprendidos por la presentaci\u00f3n de nuestro presidente de turismo local, Leo Lucas, excelente, nos hizo un paneo por toda la oferta que ofrece el destino, por la hoteler\u00eda, por la gastronom\u00eda, por los atractivos, as\u00ed que bueno, muy lindo, muy agradecida en lo personal por la promoci\u00f3n que hace a cada uno de los privados que ponemos ah\u00ed el esfuerzo y, contentos con la cantidad de gente que visit\u00f3 el stand Iguaz\u00fa\u00bb<\/p>\n\n\n\n<p>Sobre el paseo del catamar\u00e1n coment\u00f3: \u00absale todos los d\u00edas en la puesta de sol y en algunos horarios m\u00e1s tambi\u00e9n, pero bueno, la m\u00e1s conocida es la de puesta de sol. Es una navegaci\u00f3n de una hora y media en la que los pasajeros pueden tener en tres idiomas, en portugu\u00e9s, en ingl\u00e9s y en espa\u00f1ol, un recorrido de todo lo que se ve alrededor de los tres pa\u00edses, Argentina de la costa paraguaya de Brasil de lo que es la desembocadura del r\u00edo Iguaz\u00fa en el Paran\u00e1 ese lugar iconoco que es las tres fronteras donde dos r\u00edos se unen y bueno a partir de la mitad del paseo en adelante toma lugar un show de m\u00fasica espectacular, con el d\u00fao WALF, que es excelente, muy conocido, y ahora tenemos incorporado tambi\u00e9n una pareja de tango, que hace varias interpretaciones a lo largo del paseo, incluso en la parte de lo que es Tres Fronteras, bailan al aire libre en la terraza\u00bb<\/p>\n\n\n\n<figure class=\"wp-block-gallery has-nested-images columns-default is-cropped wp-block-gallery-2 is-layout-flex wp-block-gallery-is-layout-flex\">\n<figure class=\"wp-block-image size-large\"><a href=\"https:\/\/cvinoticias.com\/wp-content\/uploads\/2024\/09\/IMG-20240930-WA0175.jpg\"><img decoding=\"async\" width=\"1024\" height=\"682\" data-id=\"36642\" data-src=\"https:\/\/cvinoticias.com\/wp-content\/uploads\/2024\/09\/IMG-20240930-WA0175-1024x682.jpg\" alt=\"\" class=\"wp-image-36642 lazyload\" data-srcset=\"https:\/\/cvinoticias.com\/wp-content\/uploads\/2024\/09\/IMG-20240930-WA0175-1024x682.jpg 1024w, https:\/\/cvinoticias.com\/wp-content\/uploads\/2024\/09\/IMG-20240930-WA0175-300x200.jpg 300w, https:\/\/cvinoticias.com\/wp-content\/uploads\/2024\/09\/IMG-20240930-WA0175-768x512.jpg 768w, https:\/\/cvinoticias.com\/wp-content\/uploads\/2024\/09\/IMG-20240930-WA0175-1536x1023.jpg 1536w, https:\/\/cvinoticias.com\/wp-content\/uploads\/2024\/09\/IMG-20240930-WA0175.jpg 1600w\" data-sizes=\"(max-width: 1024px) 100vw, 1024px\" src=\"data:image\/svg+xml;base64,PHN2ZyB3aWR0aD0iMSIgaGVpZ2h0PSIxIiB4bWxucz0iaHR0cDovL3d3dy53My5vcmcvMjAwMC9zdmciPjwvc3ZnPg==\" style=\"--smush-placeholder-width: 1024px; --smush-placeholder-aspect-ratio: 1024\/682;\" \/><\/a><\/figure>\n\n\n\n<figure class=\"wp-block-image size-large\"><a href=\"https:\/\/cvinoticias.com\/wp-content\/uploads\/2024\/09\/IMG-20240930-WA0142.jpg\"><img decoding=\"async\" width=\"1024\" height=\"770\" data-id=\"36641\" data-src=\"https:\/\/cvinoticias.com\/wp-content\/uploads\/2024\/09\/IMG-20240930-WA0142-1024x770.jpg\" alt=\"\" class=\"wp-image-36641 lazyload\" data-srcset=\"https:\/\/cvinoticias.com\/wp-content\/uploads\/2024\/09\/IMG-20240930-WA0142-1024x770.jpg 1024w, https:\/\/cvinoticias.com\/wp-content\/uploads\/2024\/09\/IMG-20240930-WA0142-300x226.jpg 300w, https:\/\/cvinoticias.com\/wp-content\/uploads\/2024\/09\/IMG-20240930-WA0142-768x578.jpg 768w, https:\/\/cvinoticias.com\/wp-content\/uploads\/2024\/09\/IMG-20240930-WA0142.jpg 1280w\" data-sizes=\"(max-width: 1024px) 100vw, 1024px\" src=\"data:image\/svg+xml;base64,PHN2ZyB3aWR0aD0iMSIgaGVpZ2h0PSIxIiB4bWxucz0iaHR0cDovL3d3dy53My5vcmcvMjAwMC9zdmciPjwvc3ZnPg==\" style=\"--smush-placeholder-width: 1024px; --smush-placeholder-aspect-ratio: 1024\/770;\" \/><\/a><\/figure>\n<\/figure>\n\n\n\n<p> Por \u00faltimo Nouche se\u00f1al\u00f3 la importancia de \u00ab<strong>apuntalar todos los atractivos tur\u00edsticos y la parte hotelera y gastron\u00f3mica tambi\u00e9n  a emprolijar y a afinar m\u00e1s la cuesti\u00f3n de la sustentabilidad, ir llevando tanto los insumos como los recursos en general a hacer lo m\u00e1s verdes posibles para cuidar esta maravilla que tenemos en Iguaz\u00fa, que es lo que la gente busca Con el medio ambiente\u00bb <\/strong>finaliz\u00f3 <\/p>\n","protected":false},"excerpt":{"rendered":"<p>Este lunes en el Auditorio Brasil en la Feria Internacional del Turismo fue presentado el Destino Iguaz\u00fa, d\u00f3nde el presidente del ITUREM en una magistral alocuci\u00f3n presento al Destino con toda la Oferta Turistica, Gastron\u00f3mica, Recreativa que tiene la ciudad de las Maravillas del Mundo. Comenz\u00f3 dando la Bienvenida a los presentes he hizo una [&hellip;]<\/p>\n","protected":false},"author":2,"featured_media":36643,"comment_status":"open","ping_status":"open","sticky":false,"template":"","format":"standard","meta":{"footnotes":""},"categories":[50],"tags":[],"class_list":["post-36639","post","type-post","status-publish","format-standard","has-post-thumbnail","hentry","category-turismo"],"yoast_head":"<!-- This site is optimized with the Yoast SEO plugin v27.4 - https:\/\/yoast.com\/product\/yoast-seo-wordpress\/ -->\n<title>PRESENTACI\u00d3N del Destino Iguaz\u00fa en la FIT 2024 | CVI NOTICIAS<\/title>\n<meta name=\"robots\" content=\"index, follow, max-snippet:-1, max-image-preview:large, max-video-preview:-1\" \/>\n<link rel=\"canonical\" href=\"https:\/\/cvinoticias.com\/v3\/presentacion-del-destino-iguazu-en-la-fit-2024\/\" \/>\n<meta property=\"og:locale\" content=\"es_ES\" \/>\n<meta property=\"og:type\" content=\"article\" \/>\n<meta property=\"og:title\" content=\"PRESENTACI\u00d3N del Destino Iguaz\u00fa en la FIT 2024 | CVI NOTICIAS\" \/>\n<meta property=\"og:description\" content=\"Este lunes en el Auditorio Brasil en la Feria Internacional del Turismo fue presentado el Destino Iguaz\u00fa, d\u00f3nde el presidente del ITUREM en una magistral alocuci\u00f3n presento al Destino con toda la Oferta Turistica, Gastron\u00f3mica, Recreativa que tiene la ciudad de las Maravillas del Mundo. Comenz\u00f3 dando la Bienvenida a los presentes he hizo una [&hellip;]\" \/>\n<meta property=\"og:url\" content=\"https:\/\/cvinoticias.com\/v3\/presentacion-del-destino-iguazu-en-la-fit-2024\/\" \/>\n<meta property=\"og:site_name\" content=\"CVI NOTICIAS\" \/>\n<meta property=\"article:publisher\" content=\"https:\/\/www.facebook.com\/cvinoticias\" \/>\n<meta property=\"article:published_time\" content=\"2024-09-30T16:37:52+00:00\" \/>\n<meta property=\"article:modified_time\" content=\"2024-10-01T22:18:42+00:00\" \/>\n<meta property=\"og:image\" content=\"https:\/\/cvinoticias.com\/wp-content\/uploads\/2024\/09\/IMG-20240930-WA0178.jpg\" \/>\n\t<meta property=\"og:image:width\" content=\"1066\" \/>\n\t<meta property=\"og:image:height\" content=\"1600\" \/>\n\t<meta property=\"og:image:type\" content=\"image\/jpeg\" \/>\n<meta name=\"author\" content=\"f1000024\" \/>\n<meta name=\"twitter:card\" content=\"summary_large_image\" \/>\n<meta name=\"twitter:label1\" content=\"Escrito por\" \/>\n\t<meta name=\"twitter:data1\" content=\"f1000024\" \/>\n\t<meta name=\"twitter:label2\" content=\"Tiempo de lectura\" \/>\n\t<meta name=\"twitter:data2\" content=\"4 minutos\" \/>\n<script type=\"application\/ld+json\" class=\"yoast-schema-graph\">{\"@context\":\"https:\\\/\\\/schema.org\",\"@graph\":[{\"@type\":\"Article\",\"@id\":\"https:\\\/\\\/cvinoticias.com\\\/v3\\\/presentacion-del-destino-iguazu-en-la-fit-2024\\\/#article\",\"isPartOf\":{\"@id\":\"https:\\\/\\\/cvinoticias.com\\\/v3\\\/presentacion-del-destino-iguazu-en-la-fit-2024\\\/\"},\"author\":{\"name\":\"f1000024\",\"@id\":\"https:\\\/\\\/cvinoticias.com\\\/v3\\\/#\\\/schema\\\/person\\\/2db77e3c6bc03c538495d7b2b8be9b66\"},\"headline\":\"PRESENTACI\u00d3N del Destino Iguaz\u00fa en la FIT 2024\",\"datePublished\":\"2024-09-30T16:37:52+00:00\",\"dateModified\":\"2024-10-01T22:18:42+00:00\",\"mainEntityOfPage\":{\"@id\":\"https:\\\/\\\/cvinoticias.com\\\/v3\\\/presentacion-del-destino-iguazu-en-la-fit-2024\\\/\"},\"wordCount\":531,\"commentCount\":0,\"publisher\":{\"@id\":\"https:\\\/\\\/cvinoticias.com\\\/v3\\\/#organization\"},\"image\":{\"@id\":\"https:\\\/\\\/cvinoticias.com\\\/v3\\\/presentacion-del-destino-iguazu-en-la-fit-2024\\\/#primaryimage\"},\"thumbnailUrl\":\"https:\\\/\\\/cvinoticias.com\\\/wp-content\\\/uploads\\\/2024\\\/09\\\/IMG-20240930-WA0178.jpg\",\"articleSection\":[\"Turismo\"],\"inLanguage\":\"es\",\"potentialAction\":[{\"@type\":\"CommentAction\",\"name\":\"Comment\",\"target\":[\"https:\\\/\\\/cvinoticias.com\\\/v3\\\/presentacion-del-destino-iguazu-en-la-fit-2024\\\/#respond\"]}]},{\"@type\":\"WebPage\",\"@id\":\"https:\\\/\\\/cvinoticias.com\\\/v3\\\/presentacion-del-destino-iguazu-en-la-fit-2024\\\/\",\"url\":\"https:\\\/\\\/cvinoticias.com\\\/v3\\\/presentacion-del-destino-iguazu-en-la-fit-2024\\\/\",\"name\":\"PRESENTACI\u00d3N del Destino Iguaz\u00fa en la FIT 2024 | CVI NOTICIAS\",\"isPartOf\":{\"@id\":\"https:\\\/\\\/cvinoticias.com\\\/v3\\\/#website\"},\"primaryImageOfPage\":{\"@id\":\"https:\\\/\\\/cvinoticias.com\\\/v3\\\/presentacion-del-destino-iguazu-en-la-fit-2024\\\/#primaryimage\"},\"image\":{\"@id\":\"https:\\\/\\\/cvinoticias.com\\\/v3\\\/presentacion-del-destino-iguazu-en-la-fit-2024\\\/#primaryimage\"},\"thumbnailUrl\":\"https:\\\/\\\/cvinoticias.com\\\/wp-content\\\/uploads\\\/2024\\\/09\\\/IMG-20240930-WA0178.jpg\",\"datePublished\":\"2024-09-30T16:37:52+00:00\",\"dateModified\":\"2024-10-01T22:18:42+00:00\",\"breadcrumb\":{\"@id\":\"https:\\\/\\\/cvinoticias.com\\\/v3\\\/presentacion-del-destino-iguazu-en-la-fit-2024\\\/#breadcrumb\"},\"inLanguage\":\"es\",\"potentialAction\":[{\"@type\":\"ReadAction\",\"target\":[\"https:\\\/\\\/cvinoticias.com\\\/v3\\\/presentacion-del-destino-iguazu-en-la-fit-2024\\\/\"]}]},{\"@type\":\"ImageObject\",\"inLanguage\":\"es\",\"@id\":\"https:\\\/\\\/cvinoticias.com\\\/v3\\\/presentacion-del-destino-iguazu-en-la-fit-2024\\\/#primaryimage\",\"url\":\"https:\\\/\\\/cvinoticias.com\\\/wp-content\\\/uploads\\\/2024\\\/09\\\/IMG-20240930-WA0178.jpg\",\"contentUrl\":\"https:\\\/\\\/cvinoticias.com\\\/wp-content\\\/uploads\\\/2024\\\/09\\\/IMG-20240930-WA0178.jpg\",\"width\":1066,\"height\":1600},{\"@type\":\"BreadcrumbList\",\"@id\":\"https:\\\/\\\/cvinoticias.com\\\/v3\\\/presentacion-del-destino-iguazu-en-la-fit-2024\\\/#breadcrumb\",\"itemListElement\":[{\"@type\":\"ListItem\",\"position\":1,\"name\":\"Portada\",\"item\":\"https:\\\/\\\/cvinoticias.com\\\/v3\\\/\"},{\"@type\":\"ListItem\",\"position\":2,\"name\":\"PRESENTACI\u00d3N del Destino Iguaz\u00fa en la FIT 2024\"}]},{\"@type\":\"WebSite\",\"@id\":\"https:\\\/\\\/cvinoticias.com\\\/v3\\\/#website\",\"url\":\"https:\\\/\\\/cvinoticias.com\\\/v3\\\/\",\"name\":\"CVI NOTICIAS\",\"description\":\"\",\"publisher\":{\"@id\":\"https:\\\/\\\/cvinoticias.com\\\/v3\\\/#organization\"},\"alternateName\":\"CVI\",\"potentialAction\":[{\"@type\":\"SearchAction\",\"target\":{\"@type\":\"EntryPoint\",\"urlTemplate\":\"https:\\\/\\\/cvinoticias.com\\\/v3\\\/?s={search_term_string}\"},\"query-input\":{\"@type\":\"PropertyValueSpecification\",\"valueRequired\":true,\"valueName\":\"search_term_string\"}}],\"inLanguage\":\"es\"},{\"@type\":\"Organization\",\"@id\":\"https:\\\/\\\/cvinoticias.com\\\/v3\\\/#organization\",\"name\":\"CVI NOTICIAS\",\"url\":\"https:\\\/\\\/cvinoticias.com\\\/v3\\\/\",\"logo\":{\"@type\":\"ImageObject\",\"inLanguage\":\"es\",\"@id\":\"https:\\\/\\\/cvinoticias.com\\\/v3\\\/#\\\/schema\\\/logo\\\/image\\\/\",\"url\":\"https:\\\/\\\/cvinoticias.com\\\/wp-content\\\/uploads\\\/2023\\\/04\\\/cropped-cropped-cropped-cropped-cropped-3-1.png\",\"contentUrl\":\"https:\\\/\\\/cvinoticias.com\\\/wp-content\\\/uploads\\\/2023\\\/04\\\/cropped-cropped-cropped-cropped-cropped-3-1.png\",\"width\":95,\"height\":122,\"caption\":\"CVI NOTICIAS\"},\"image\":{\"@id\":\"https:\\\/\\\/cvinoticias.com\\\/v3\\\/#\\\/schema\\\/logo\\\/image\\\/\"},\"sameAs\":[\"https:\\\/\\\/www.facebook.com\\\/cvinoticias\",\"https:\\\/\\\/www.instagram.com\\\/cvinoticias\\\/\",\"https:\\\/\\\/www.youtube.com\\\/@CVINOTICIAS\"]},{\"@type\":\"Person\",\"@id\":\"https:\\\/\\\/cvinoticias.com\\\/v3\\\/#\\\/schema\\\/person\\\/2db77e3c6bc03c538495d7b2b8be9b66\",\"name\":\"f1000024\",\"image\":{\"@type\":\"ImageObject\",\"inLanguage\":\"es\",\"@id\":\"https:\\\/\\\/secure.gravatar.com\\\/avatar\\\/d4fe7459cfc51ff5129ce1a732bbef5928568b8092d412ef95611616376bbeed?s=96&d=mm&r=g\",\"url\":\"https:\\\/\\\/secure.gravatar.com\\\/avatar\\\/d4fe7459cfc51ff5129ce1a732bbef5928568b8092d412ef95611616376bbeed?s=96&d=mm&r=g\",\"contentUrl\":\"https:\\\/\\\/secure.gravatar.com\\\/avatar\\\/d4fe7459cfc51ff5129ce1a732bbef5928568b8092d412ef95611616376bbeed?s=96&d=mm&r=g\",\"caption\":\"f1000024\"},\"url\":\"https:\\\/\\\/cvinoticias.com\\\/v3\\\/author\\\/f1000024\\\/\"}]}<\/script>\n<!-- \/ Yoast SEO plugin. -->","yoast_head_json":{"title":"PRESENTACI\u00d3N del Destino Iguaz\u00fa en la FIT 2024 | CVI NOTICIAS","robots":{"index":"index","follow":"follow","max-snippet":"max-snippet:-1","max-image-preview":"max-image-preview:large","max-video-preview":"max-video-preview:-1"},"canonical":"https:\/\/cvinoticias.com\/v3\/presentacion-del-destino-iguazu-en-la-fit-2024\/","og_locale":"es_ES","og_type":"article","og_title":"PRESENTACI\u00d3N del Destino Iguaz\u00fa en la FIT 2024 | CVI NOTICIAS","og_description":"Este lunes en el Auditorio Brasil en la Feria Internacional del Turismo fue presentado el Destino Iguaz\u00fa, d\u00f3nde el presidente del ITUREM en una magistral alocuci\u00f3n presento al Destino con toda la Oferta Turistica, Gastron\u00f3mica, Recreativa que tiene la ciudad de las Maravillas del Mundo. Comenz\u00f3 dando la Bienvenida a los presentes he hizo una [&hellip;]","og_url":"https:\/\/cvinoticias.com\/v3\/presentacion-del-destino-iguazu-en-la-fit-2024\/","og_site_name":"CVI NOTICIAS","article_publisher":"https:\/\/www.facebook.com\/cvinoticias","article_published_time":"2024-09-30T16:37:52+00:00","article_modified_time":"2024-10-01T22:18:42+00:00","og_image":[{"width":1066,"height":1600,"url":"https:\/\/cvinoticias.com\/wp-content\/uploads\/2024\/09\/IMG-20240930-WA0178.jpg","type":"image\/jpeg"}],"author":"f1000024","twitter_card":"summary_large_image","twitter_misc":{"Escrito por":"f1000024","Tiempo de lectura":"4 minutos"},"schema":{"@context":"https:\/\/schema.org","@graph":[{"@type":"Article","@id":"https:\/\/cvinoticias.com\/v3\/presentacion-del-destino-iguazu-en-la-fit-2024\/#article","isPartOf":{"@id":"https:\/\/cvinoticias.com\/v3\/presentacion-del-destino-iguazu-en-la-fit-2024\/"},"author":{"name":"f1000024","@id":"https:\/\/cvinoticias.com\/v3\/#\/schema\/person\/2db77e3c6bc03c538495d7b2b8be9b66"},"headline":"PRESENTACI\u00d3N del Destino Iguaz\u00fa en la FIT 2024","datePublished":"2024-09-30T16:37:52+00:00","dateModified":"2024-10-01T22:18:42+00:00","mainEntityOfPage":{"@id":"https:\/\/cvinoticias.com\/v3\/presentacion-del-destino-iguazu-en-la-fit-2024\/"},"wordCount":531,"commentCount":0,"publisher":{"@id":"https:\/\/cvinoticias.com\/v3\/#organization"},"image":{"@id":"https:\/\/cvinoticias.com\/v3\/presentacion-del-destino-iguazu-en-la-fit-2024\/#primaryimage"},"thumbnailUrl":"https:\/\/cvinoticias.com\/wp-content\/uploads\/2024\/09\/IMG-20240930-WA0178.jpg","articleSection":["Turismo"],"inLanguage":"es","potentialAction":[{"@type":"CommentAction","name":"Comment","target":["https:\/\/cvinoticias.com\/v3\/presentacion-del-destino-iguazu-en-la-fit-2024\/#respond"]}]},{"@type":"WebPage","@id":"https:\/\/cvinoticias.com\/v3\/presentacion-del-destino-iguazu-en-la-fit-2024\/","url":"https:\/\/cvinoticias.com\/v3\/presentacion-del-destino-iguazu-en-la-fit-2024\/","name":"PRESENTACI\u00d3N del Destino Iguaz\u00fa en la FIT 2024 | CVI NOTICIAS","isPartOf":{"@id":"https:\/\/cvinoticias.com\/v3\/#website"},"primaryImageOfPage":{"@id":"https:\/\/cvinoticias.com\/v3\/presentacion-del-destino-iguazu-en-la-fit-2024\/#primaryimage"},"image":{"@id":"https:\/\/cvinoticias.com\/v3\/presentacion-del-destino-iguazu-en-la-fit-2024\/#primaryimage"},"thumbnailUrl":"https:\/\/cvinoticias.com\/wp-content\/uploads\/2024\/09\/IMG-20240930-WA0178.jpg","datePublished":"2024-09-30T16:37:52+00:00","dateModified":"2024-10-01T22:18:42+00:00","breadcrumb":{"@id":"https:\/\/cvinoticias.com\/v3\/presentacion-del-destino-iguazu-en-la-fit-2024\/#breadcrumb"},"inLanguage":"es","potentialAction":[{"@type":"ReadAction","target":["https:\/\/cvinoticias.com\/v3\/presentacion-del-destino-iguazu-en-la-fit-2024\/"]}]},{"@type":"ImageObject","inLanguage":"es","@id":"https:\/\/cvinoticias.com\/v3\/presentacion-del-destino-iguazu-en-la-fit-2024\/#primaryimage","url":"https:\/\/cvinoticias.com\/wp-content\/uploads\/2024\/09\/IMG-20240930-WA0178.jpg","contentUrl":"https:\/\/cvinoticias.com\/wp-content\/uploads\/2024\/09\/IMG-20240930-WA0178.jpg","width":1066,"height":1600},{"@type":"BreadcrumbList","@id":"https:\/\/cvinoticias.com\/v3\/presentacion-del-destino-iguazu-en-la-fit-2024\/#breadcrumb","itemListElement":[{"@type":"ListItem","position":1,"name":"Portada","item":"https:\/\/cvinoticias.com\/v3\/"},{"@type":"ListItem","position":2,"name":"PRESENTACI\u00d3N del Destino Iguaz\u00fa en la FIT 2024"}]},{"@type":"WebSite","@id":"https:\/\/cvinoticias.com\/v3\/#website","url":"https:\/\/cvinoticias.com\/v3\/","name":"CVI NOTICIAS","description":"","publisher":{"@id":"https:\/\/cvinoticias.com\/v3\/#organization"},"alternateName":"CVI","potentialAction":[{"@type":"SearchAction","target":{"@type":"EntryPoint","urlTemplate":"https:\/\/cvinoticias.com\/v3\/?s={search_term_string}"},"query-input":{"@type":"PropertyValueSpecification","valueRequired":true,"valueName":"search_term_string"}}],"inLanguage":"es"},{"@type":"Organization","@id":"https:\/\/cvinoticias.com\/v3\/#organization","name":"CVI NOTICIAS","url":"https:\/\/cvinoticias.com\/v3\/","logo":{"@type":"ImageObject","inLanguage":"es","@id":"https:\/\/cvinoticias.com\/v3\/#\/schema\/logo\/image\/","url":"https:\/\/cvinoticias.com\/wp-content\/uploads\/2023\/04\/cropped-cropped-cropped-cropped-cropped-3-1.png","contentUrl":"https:\/\/cvinoticias.com\/wp-content\/uploads\/2023\/04\/cropped-cropped-cropped-cropped-cropped-3-1.png","width":95,"height":122,"caption":"CVI NOTICIAS"},"image":{"@id":"https:\/\/cvinoticias.com\/v3\/#\/schema\/logo\/image\/"},"sameAs":["https:\/\/www.facebook.com\/cvinoticias","https:\/\/www.instagram.com\/cvinoticias\/","https:\/\/www.youtube.com\/@CVINOTICIAS"]},{"@type":"Person","@id":"https:\/\/cvinoticias.com\/v3\/#\/schema\/person\/2db77e3c6bc03c538495d7b2b8be9b66","name":"f1000024","image":{"@type":"ImageObject","inLanguage":"es","@id":"https:\/\/secure.gravatar.com\/avatar\/d4fe7459cfc51ff5129ce1a732bbef5928568b8092d412ef95611616376bbeed?s=96&d=mm&r=g","url":"https:\/\/secure.gravatar.com\/avatar\/d4fe7459cfc51ff5129ce1a732bbef5928568b8092d412ef95611616376bbeed?s=96&d=mm&r=g","contentUrl":"https:\/\/secure.gravatar.com\/avatar\/d4fe7459cfc51ff5129ce1a732bbef5928568b8092d412ef95611616376bbeed?s=96&d=mm&r=g","caption":"f1000024"},"url":"https:\/\/cvinoticias.com\/v3\/author\/f1000024\/"}]}},"_links":{"self":[{"href":"https:\/\/cvinoticias.com\/v3\/wp-json\/wp\/v2\/posts\/36639","targetHints":{"allow":["GET"]}}],"collection":[{"href":"https:\/\/cvinoticias.com\/v3\/wp-json\/wp\/v2\/posts"}],"about":[{"href":"https:\/\/cvinoticias.com\/v3\/wp-json\/wp\/v2\/types\/post"}],"author":[{"embeddable":true,"href":"https:\/\/cvinoticias.com\/v3\/wp-json\/wp\/v2\/users\/2"}],"replies":[{"embeddable":true,"href":"https:\/\/cvinoticias.com\/v3\/wp-json\/wp\/v2\/comments?post=36639"}],"version-history":[{"count":2,"href":"https:\/\/cvinoticias.com\/v3\/wp-json\/wp\/v2\/posts\/36639\/revisions"}],"predecessor-version":[{"id":36663,"href":"https:\/\/cvinoticias.com\/v3\/wp-json\/wp\/v2\/posts\/36639\/revisions\/36663"}],"wp:featuredmedia":[{"embeddable":true,"href":"https:\/\/cvinoticias.com\/v3\/wp-json\/wp\/v2\/media\/36643"}],"wp:attachment":[{"href":"https:\/\/cvinoticias.com\/v3\/wp-json\/wp\/v2\/media?parent=36639"}],"wp:term":[{"taxonomy":"category","embeddable":true,"href":"https:\/\/cvinoticias.com\/v3\/wp-json\/wp\/v2\/categories?post=36639"},{"taxonomy":"post_tag","embeddable":true,"href":"https:\/\/cvinoticias.com\/v3\/wp-json\/wp\/v2\/tags?post=36639"}],"curies":[{"name":"wp","href":"https:\/\/api.w.org\/{rel}","templated":true}]}}