{"id":36623,"date":"2024-09-29T20:19:25","date_gmt":"2024-09-29T23:19:25","guid":{"rendered":"https:\/\/cvinoticias.com\/v3\/?p=36623"},"modified":"2024-09-29T20:20:08","modified_gmt":"2024-09-29T23:20:08","slug":"misiones-firmo-un-convenio-con-brasil","status":"publish","type":"post","link":"https:\/\/cvinoticias.com\/v3\/misiones-firmo-un-convenio-con-brasil\/","title":{"rendered":"MISIONES FIRM\u00d3 UN CONVENIO CON BRASIL"},"content":{"rendered":"\n<p><strong>En el marco de su participaci\u00f3n en la FIT, Passalacqua adem\u00e1s firm\u00f3 un convenio marco de cooperaci\u00f3n con el secretario de Turismo de R\u00edo Grande Do Sul (Brasil), Ronaldo Santini, con el objetivo de unir esfuerzos y trabajar en conjunto por el desarrollo del sector tur\u00edstico de ambas localidades. <\/strong><\/p>\n\n\n\n<p>Al respecto, el secretario de Turismo, Ambiente y Deporte de la Naci\u00f3n, Daniel Scioli manifest\u00f3, \u201cel turismo no es s\u00f3lo un motor econ\u00f3mico, tambi\u00e9n tiene el poder de integrar culturalmente y generar unidad, y eso se ve expresado en el acuerdo que firmaron hoy Misiones y el Estado de R\u00edo Grande Do Sul\u201d.<\/p>\n\n\n\n<figure class=\"wp-block-gallery has-nested-images columns-default is-cropped wp-block-gallery-1 is-layout-flex wp-block-gallery-is-layout-flex\">\n<figure class=\"wp-block-image size-large\"><a href=\"https:\/\/cvinoticias.com\/wp-content\/uploads\/2024\/09\/IMG-20240928-WA0198.jpg\"><img decoding=\"async\" width=\"1024\" height=\"683\" data-id=\"36624\" data-src=\"https:\/\/cvinoticias.com\/wp-content\/uploads\/2024\/09\/IMG-20240928-WA0198-1024x683.jpg\" alt=\"\" class=\"wp-image-36624 lazyload\" data-srcset=\"https:\/\/cvinoticias.com\/wp-content\/uploads\/2024\/09\/IMG-20240928-WA0198-1024x683.jpg 1024w, https:\/\/cvinoticias.com\/wp-content\/uploads\/2024\/09\/IMG-20240928-WA0198-300x200.jpg 300w, https:\/\/cvinoticias.com\/wp-content\/uploads\/2024\/09\/IMG-20240928-WA0198-768x512.jpg 768w, https:\/\/cvinoticias.com\/wp-content\/uploads\/2024\/09\/IMG-20240928-WA0198.jpg 1280w\" data-sizes=\"(max-width: 1024px) 100vw, 1024px\" src=\"data:image\/svg+xml;base64,PHN2ZyB3aWR0aD0iMSIgaGVpZ2h0PSIxIiB4bWxucz0iaHR0cDovL3d3dy53My5vcmcvMjAwMC9zdmciPjwvc3ZnPg==\" style=\"--smush-placeholder-width: 1024px; --smush-placeholder-aspect-ratio: 1024\/683;\" \/><\/a><\/figure>\n\n\n\n<figure class=\"wp-block-image size-large\"><a href=\"https:\/\/cvinoticias.com\/wp-content\/uploads\/2024\/09\/IMG-20240928-WA0200.jpg\"><img decoding=\"async\" width=\"1024\" height=\"683\" data-id=\"36625\" data-src=\"https:\/\/cvinoticias.com\/wp-content\/uploads\/2024\/09\/IMG-20240928-WA0200-1024x683.jpg\" alt=\"\" class=\"wp-image-36625 lazyload\" data-srcset=\"https:\/\/cvinoticias.com\/wp-content\/uploads\/2024\/09\/IMG-20240928-WA0200-1024x683.jpg 1024w, https:\/\/cvinoticias.com\/wp-content\/uploads\/2024\/09\/IMG-20240928-WA0200-300x200.jpg 300w, https:\/\/cvinoticias.com\/wp-content\/uploads\/2024\/09\/IMG-20240928-WA0200-768x512.jpg 768w, https:\/\/cvinoticias.com\/wp-content\/uploads\/2024\/09\/IMG-20240928-WA0200.jpg 1280w\" data-sizes=\"(max-width: 1024px) 100vw, 1024px\" src=\"data:image\/svg+xml;base64,PHN2ZyB3aWR0aD0iMSIgaGVpZ2h0PSIxIiB4bWxucz0iaHR0cDovL3d3dy53My5vcmcvMjAwMC9zdmciPjwvc3ZnPg==\" style=\"--smush-placeholder-width: 1024px; --smush-placeholder-aspect-ratio: 1024\/683;\" \/><\/a><\/figure>\n<\/figure>\n\n\n\n<p>Adem\u00e1s, resalt\u00f3 el \u201cliderazgo de Misiones en lo que es la protecci\u00f3n de la biodiversidad y la naturaleza\u201d. Y adem\u00e1s, se comprometi\u00f3 a trabajar junto a la provincia en pol\u00edticas que permitan agilizar el ingreso y egreso a trav\u00e9s de pasos fronterizos.<\/p>\n\n\n\n<p>En la FIT, Misiones cuenta con su propio stand, donde promociona destinos, productos y servicios tur\u00edsticos de m\u00e1s de 12 municipios diferentes, entre ellos: Posadas, Leandro N. Alem, San Ignacio, Campo Ram\u00f3n, Arist\u00f3bulo del Valle, Ober\u00e1, Puerto Rico, Guaran\u00ed, Garuhap\u00e9, Eldorado, Montecarlo, El Soberbio, Puerto Iguaz\u00fa y Ober\u00e1. Adem\u00e1s de contar con el apoyo y el acompa\u00f1amiento del Gobierno de la provincia a trav\u00e9s del Ministerio de Turismo, tambi\u00e9n participan m\u00e1s de 20 representantes del sector privado provincial. <\/p>\n","protected":false},"excerpt":{"rendered":"<p>En el marco de su participaci\u00f3n en la FIT, Passalacqua adem\u00e1s firm\u00f3 un convenio marco de cooperaci\u00f3n con el secretario de Turismo de R\u00edo Grande Do Sul (Brasil), Ronaldo Santini, con el objetivo de unir esfuerzos y trabajar en conjunto por el desarrollo del sector tur\u00edstico de ambas localidades. Al respecto, el secretario de Turismo, [&hellip;]<\/p>\n","protected":false},"author":2,"featured_media":36626,"comment_status":"open","ping_status":"open","sticky":false,"template":"","format":"standard","meta":{"footnotes":""},"categories":[50],"tags":[],"class_list":["post-36623","post","type-post","status-publish","format-standard","has-post-thumbnail","hentry","category-turismo"],"yoast_head":"<!-- This site is optimized with the Yoast SEO plugin v27.4 - https:\/\/yoast.com\/product\/yoast-seo-wordpress\/ -->\n<title>MISIONES FIRM\u00d3 UN CONVENIO CON BRASIL | CVI NOTICIAS<\/title>\n<meta name=\"robots\" content=\"index, follow, max-snippet:-1, max-image-preview:large, max-video-preview:-1\" \/>\n<link rel=\"canonical\" href=\"https:\/\/cvinoticias.com\/v3\/misiones-firmo-un-convenio-con-brasil\/\" \/>\n<meta property=\"og:locale\" content=\"es_ES\" \/>\n<meta property=\"og:type\" content=\"article\" \/>\n<meta property=\"og:title\" content=\"MISIONES FIRM\u00d3 UN CONVENIO CON BRASIL | CVI NOTICIAS\" \/>\n<meta property=\"og:description\" content=\"En el marco de su participaci\u00f3n en la FIT, Passalacqua adem\u00e1s firm\u00f3 un convenio marco de cooperaci\u00f3n con el secretario de Turismo de R\u00edo Grande Do Sul (Brasil), Ronaldo Santini, con el objetivo de unir esfuerzos y trabajar en conjunto por el desarrollo del sector tur\u00edstico de ambas localidades. Al respecto, el secretario de Turismo, [&hellip;]\" \/>\n<meta property=\"og:url\" content=\"https:\/\/cvinoticias.com\/v3\/misiones-firmo-un-convenio-con-brasil\/\" \/>\n<meta property=\"og:site_name\" content=\"CVI NOTICIAS\" \/>\n<meta property=\"article:publisher\" content=\"https:\/\/www.facebook.com\/cvinoticias\" \/>\n<meta property=\"article:published_time\" content=\"2024-09-29T23:19:25+00:00\" \/>\n<meta property=\"article:modified_time\" content=\"2024-09-29T23:20:08+00:00\" \/>\n<meta property=\"og:image\" content=\"https:\/\/cvinoticias.com\/wp-content\/uploads\/2024\/09\/IMG-20240928-WA0197.jpg\" \/>\n\t<meta property=\"og:image:width\" content=\"1280\" \/>\n\t<meta property=\"og:image:height\" content=\"842\" \/>\n\t<meta property=\"og:image:type\" content=\"image\/jpeg\" \/>\n<meta name=\"author\" content=\"f1000024\" \/>\n<meta name=\"twitter:card\" content=\"summary_large_image\" \/>\n<meta name=\"twitter:label1\" content=\"Escrito por\" \/>\n\t<meta name=\"twitter:data1\" content=\"f1000024\" \/>\n\t<meta name=\"twitter:label2\" content=\"Tiempo de lectura\" \/>\n\t<meta name=\"twitter:data2\" content=\"2 minutos\" \/>\n<script type=\"application\/ld+json\" class=\"yoast-schema-graph\">{\"@context\":\"https:\\\/\\\/schema.org\",\"@graph\":[{\"@type\":\"Article\",\"@id\":\"https:\\\/\\\/cvinoticias.com\\\/v3\\\/misiones-firmo-un-convenio-con-brasil\\\/#article\",\"isPartOf\":{\"@id\":\"https:\\\/\\\/cvinoticias.com\\\/v3\\\/misiones-firmo-un-convenio-con-brasil\\\/\"},\"author\":{\"name\":\"f1000024\",\"@id\":\"https:\\\/\\\/cvinoticias.com\\\/v3\\\/#\\\/schema\\\/person\\\/2db77e3c6bc03c538495d7b2b8be9b66\"},\"headline\":\"MISIONES FIRM\u00d3 UN CONVENIO CON BRASIL\",\"datePublished\":\"2024-09-29T23:19:25+00:00\",\"dateModified\":\"2024-09-29T23:20:08+00:00\",\"mainEntityOfPage\":{\"@id\":\"https:\\\/\\\/cvinoticias.com\\\/v3\\\/misiones-firmo-un-convenio-con-brasil\\\/\"},\"wordCount\":250,\"commentCount\":0,\"publisher\":{\"@id\":\"https:\\\/\\\/cvinoticias.com\\\/v3\\\/#organization\"},\"image\":{\"@id\":\"https:\\\/\\\/cvinoticias.com\\\/v3\\\/misiones-firmo-un-convenio-con-brasil\\\/#primaryimage\"},\"thumbnailUrl\":\"https:\\\/\\\/cvinoticias.com\\\/wp-content\\\/uploads\\\/2024\\\/09\\\/IMG-20240928-WA0197.jpg\",\"articleSection\":[\"Turismo\"],\"inLanguage\":\"es\",\"potentialAction\":[{\"@type\":\"CommentAction\",\"name\":\"Comment\",\"target\":[\"https:\\\/\\\/cvinoticias.com\\\/v3\\\/misiones-firmo-un-convenio-con-brasil\\\/#respond\"]}]},{\"@type\":\"WebPage\",\"@id\":\"https:\\\/\\\/cvinoticias.com\\\/v3\\\/misiones-firmo-un-convenio-con-brasil\\\/\",\"url\":\"https:\\\/\\\/cvinoticias.com\\\/v3\\\/misiones-firmo-un-convenio-con-brasil\\\/\",\"name\":\"MISIONES FIRM\u00d3 UN CONVENIO CON BRASIL | CVI NOTICIAS\",\"isPartOf\":{\"@id\":\"https:\\\/\\\/cvinoticias.com\\\/v3\\\/#website\"},\"primaryImageOfPage\":{\"@id\":\"https:\\\/\\\/cvinoticias.com\\\/v3\\\/misiones-firmo-un-convenio-con-brasil\\\/#primaryimage\"},\"image\":{\"@id\":\"https:\\\/\\\/cvinoticias.com\\\/v3\\\/misiones-firmo-un-convenio-con-brasil\\\/#primaryimage\"},\"thumbnailUrl\":\"https:\\\/\\\/cvinoticias.com\\\/wp-content\\\/uploads\\\/2024\\\/09\\\/IMG-20240928-WA0197.jpg\",\"datePublished\":\"2024-09-29T23:19:25+00:00\",\"dateModified\":\"2024-09-29T23:20:08+00:00\",\"breadcrumb\":{\"@id\":\"https:\\\/\\\/cvinoticias.com\\\/v3\\\/misiones-firmo-un-convenio-con-brasil\\\/#breadcrumb\"},\"inLanguage\":\"es\",\"potentialAction\":[{\"@type\":\"ReadAction\",\"target\":[\"https:\\\/\\\/cvinoticias.com\\\/v3\\\/misiones-firmo-un-convenio-con-brasil\\\/\"]}]},{\"@type\":\"ImageObject\",\"inLanguage\":\"es\",\"@id\":\"https:\\\/\\\/cvinoticias.com\\\/v3\\\/misiones-firmo-un-convenio-con-brasil\\\/#primaryimage\",\"url\":\"https:\\\/\\\/cvinoticias.com\\\/wp-content\\\/uploads\\\/2024\\\/09\\\/IMG-20240928-WA0197.jpg\",\"contentUrl\":\"https:\\\/\\\/cvinoticias.com\\\/wp-content\\\/uploads\\\/2024\\\/09\\\/IMG-20240928-WA0197.jpg\",\"width\":1280,\"height\":842},{\"@type\":\"BreadcrumbList\",\"@id\":\"https:\\\/\\\/cvinoticias.com\\\/v3\\\/misiones-firmo-un-convenio-con-brasil\\\/#breadcrumb\",\"itemListElement\":[{\"@type\":\"ListItem\",\"position\":1,\"name\":\"Portada\",\"item\":\"https:\\\/\\\/cvinoticias.com\\\/v3\\\/\"},{\"@type\":\"ListItem\",\"position\":2,\"name\":\"MISIONES FIRM\u00d3 UN CONVENIO CON BRASIL\"}]},{\"@type\":\"WebSite\",\"@id\":\"https:\\\/\\\/cvinoticias.com\\\/v3\\\/#website\",\"url\":\"https:\\\/\\\/cvinoticias.com\\\/v3\\\/\",\"name\":\"CVI NOTICIAS\",\"description\":\"\",\"publisher\":{\"@id\":\"https:\\\/\\\/cvinoticias.com\\\/v3\\\/#organization\"},\"alternateName\":\"CVI\",\"potentialAction\":[{\"@type\":\"SearchAction\",\"target\":{\"@type\":\"EntryPoint\",\"urlTemplate\":\"https:\\\/\\\/cvinoticias.com\\\/v3\\\/?s={search_term_string}\"},\"query-input\":{\"@type\":\"PropertyValueSpecification\",\"valueRequired\":true,\"valueName\":\"search_term_string\"}}],\"inLanguage\":\"es\"},{\"@type\":\"Organization\",\"@id\":\"https:\\\/\\\/cvinoticias.com\\\/v3\\\/#organization\",\"name\":\"CVI NOTICIAS\",\"url\":\"https:\\\/\\\/cvinoticias.com\\\/v3\\\/\",\"logo\":{\"@type\":\"ImageObject\",\"inLanguage\":\"es\",\"@id\":\"https:\\\/\\\/cvinoticias.com\\\/v3\\\/#\\\/schema\\\/logo\\\/image\\\/\",\"url\":\"https:\\\/\\\/cvinoticias.com\\\/wp-content\\\/uploads\\\/2023\\\/04\\\/cropped-cropped-cropped-cropped-cropped-3-1.png\",\"contentUrl\":\"https:\\\/\\\/cvinoticias.com\\\/wp-content\\\/uploads\\\/2023\\\/04\\\/cropped-cropped-cropped-cropped-cropped-3-1.png\",\"width\":95,\"height\":122,\"caption\":\"CVI NOTICIAS\"},\"image\":{\"@id\":\"https:\\\/\\\/cvinoticias.com\\\/v3\\\/#\\\/schema\\\/logo\\\/image\\\/\"},\"sameAs\":[\"https:\\\/\\\/www.facebook.com\\\/cvinoticias\",\"https:\\\/\\\/www.instagram.com\\\/cvinoticias\\\/\",\"https:\\\/\\\/www.youtube.com\\\/@CVINOTICIAS\"]},{\"@type\":\"Person\",\"@id\":\"https:\\\/\\\/cvinoticias.com\\\/v3\\\/#\\\/schema\\\/person\\\/2db77e3c6bc03c538495d7b2b8be9b66\",\"name\":\"f1000024\",\"image\":{\"@type\":\"ImageObject\",\"inLanguage\":\"es\",\"@id\":\"https:\\\/\\\/secure.gravatar.com\\\/avatar\\\/d4fe7459cfc51ff5129ce1a732bbef5928568b8092d412ef95611616376bbeed?s=96&d=mm&r=g\",\"url\":\"https:\\\/\\\/secure.gravatar.com\\\/avatar\\\/d4fe7459cfc51ff5129ce1a732bbef5928568b8092d412ef95611616376bbeed?s=96&d=mm&r=g\",\"contentUrl\":\"https:\\\/\\\/secure.gravatar.com\\\/avatar\\\/d4fe7459cfc51ff5129ce1a732bbef5928568b8092d412ef95611616376bbeed?s=96&d=mm&r=g\",\"caption\":\"f1000024\"},\"url\":\"https:\\\/\\\/cvinoticias.com\\\/v3\\\/author\\\/f1000024\\\/\"}]}<\/script>\n<!-- \/ Yoast SEO plugin. -->","yoast_head_json":{"title":"MISIONES FIRM\u00d3 UN CONVENIO CON BRASIL | CVI NOTICIAS","robots":{"index":"index","follow":"follow","max-snippet":"max-snippet:-1","max-image-preview":"max-image-preview:large","max-video-preview":"max-video-preview:-1"},"canonical":"https:\/\/cvinoticias.com\/v3\/misiones-firmo-un-convenio-con-brasil\/","og_locale":"es_ES","og_type":"article","og_title":"MISIONES FIRM\u00d3 UN CONVENIO CON BRASIL | CVI NOTICIAS","og_description":"En el marco de su participaci\u00f3n en la FIT, Passalacqua adem\u00e1s firm\u00f3 un convenio marco de cooperaci\u00f3n con el secretario de Turismo de R\u00edo Grande Do Sul (Brasil), Ronaldo Santini, con el objetivo de unir esfuerzos y trabajar en conjunto por el desarrollo del sector tur\u00edstico de ambas localidades. Al respecto, el secretario de Turismo, [&hellip;]","og_url":"https:\/\/cvinoticias.com\/v3\/misiones-firmo-un-convenio-con-brasil\/","og_site_name":"CVI NOTICIAS","article_publisher":"https:\/\/www.facebook.com\/cvinoticias","article_published_time":"2024-09-29T23:19:25+00:00","article_modified_time":"2024-09-29T23:20:08+00:00","og_image":[{"width":1280,"height":842,"url":"https:\/\/cvinoticias.com\/wp-content\/uploads\/2024\/09\/IMG-20240928-WA0197.jpg","type":"image\/jpeg"}],"author":"f1000024","twitter_card":"summary_large_image","twitter_misc":{"Escrito por":"f1000024","Tiempo de lectura":"2 minutos"},"schema":{"@context":"https:\/\/schema.org","@graph":[{"@type":"Article","@id":"https:\/\/cvinoticias.com\/v3\/misiones-firmo-un-convenio-con-brasil\/#article","isPartOf":{"@id":"https:\/\/cvinoticias.com\/v3\/misiones-firmo-un-convenio-con-brasil\/"},"author":{"name":"f1000024","@id":"https:\/\/cvinoticias.com\/v3\/#\/schema\/person\/2db77e3c6bc03c538495d7b2b8be9b66"},"headline":"MISIONES FIRM\u00d3 UN CONVENIO CON BRASIL","datePublished":"2024-09-29T23:19:25+00:00","dateModified":"2024-09-29T23:20:08+00:00","mainEntityOfPage":{"@id":"https:\/\/cvinoticias.com\/v3\/misiones-firmo-un-convenio-con-brasil\/"},"wordCount":250,"commentCount":0,"publisher":{"@id":"https:\/\/cvinoticias.com\/v3\/#organization"},"image":{"@id":"https:\/\/cvinoticias.com\/v3\/misiones-firmo-un-convenio-con-brasil\/#primaryimage"},"thumbnailUrl":"https:\/\/cvinoticias.com\/wp-content\/uploads\/2024\/09\/IMG-20240928-WA0197.jpg","articleSection":["Turismo"],"inLanguage":"es","potentialAction":[{"@type":"CommentAction","name":"Comment","target":["https:\/\/cvinoticias.com\/v3\/misiones-firmo-un-convenio-con-brasil\/#respond"]}]},{"@type":"WebPage","@id":"https:\/\/cvinoticias.com\/v3\/misiones-firmo-un-convenio-con-brasil\/","url":"https:\/\/cvinoticias.com\/v3\/misiones-firmo-un-convenio-con-brasil\/","name":"MISIONES FIRM\u00d3 UN CONVENIO CON BRASIL | CVI NOTICIAS","isPartOf":{"@id":"https:\/\/cvinoticias.com\/v3\/#website"},"primaryImageOfPage":{"@id":"https:\/\/cvinoticias.com\/v3\/misiones-firmo-un-convenio-con-brasil\/#primaryimage"},"image":{"@id":"https:\/\/cvinoticias.com\/v3\/misiones-firmo-un-convenio-con-brasil\/#primaryimage"},"thumbnailUrl":"https:\/\/cvinoticias.com\/wp-content\/uploads\/2024\/09\/IMG-20240928-WA0197.jpg","datePublished":"2024-09-29T23:19:25+00:00","dateModified":"2024-09-29T23:20:08+00:00","breadcrumb":{"@id":"https:\/\/cvinoticias.com\/v3\/misiones-firmo-un-convenio-con-brasil\/#breadcrumb"},"inLanguage":"es","potentialAction":[{"@type":"ReadAction","target":["https:\/\/cvinoticias.com\/v3\/misiones-firmo-un-convenio-con-brasil\/"]}]},{"@type":"ImageObject","inLanguage":"es","@id":"https:\/\/cvinoticias.com\/v3\/misiones-firmo-un-convenio-con-brasil\/#primaryimage","url":"https:\/\/cvinoticias.com\/wp-content\/uploads\/2024\/09\/IMG-20240928-WA0197.jpg","contentUrl":"https:\/\/cvinoticias.com\/wp-content\/uploads\/2024\/09\/IMG-20240928-WA0197.jpg","width":1280,"height":842},{"@type":"BreadcrumbList","@id":"https:\/\/cvinoticias.com\/v3\/misiones-firmo-un-convenio-con-brasil\/#breadcrumb","itemListElement":[{"@type":"ListItem","position":1,"name":"Portada","item":"https:\/\/cvinoticias.com\/v3\/"},{"@type":"ListItem","position":2,"name":"MISIONES FIRM\u00d3 UN CONVENIO CON BRASIL"}]},{"@type":"WebSite","@id":"https:\/\/cvinoticias.com\/v3\/#website","url":"https:\/\/cvinoticias.com\/v3\/","name":"CVI NOTICIAS","description":"","publisher":{"@id":"https:\/\/cvinoticias.com\/v3\/#organization"},"alternateName":"CVI","potentialAction":[{"@type":"SearchAction","target":{"@type":"EntryPoint","urlTemplate":"https:\/\/cvinoticias.com\/v3\/?s={search_term_string}"},"query-input":{"@type":"PropertyValueSpecification","valueRequired":true,"valueName":"search_term_string"}}],"inLanguage":"es"},{"@type":"Organization","@id":"https:\/\/cvinoticias.com\/v3\/#organization","name":"CVI NOTICIAS","url":"https:\/\/cvinoticias.com\/v3\/","logo":{"@type":"ImageObject","inLanguage":"es","@id":"https:\/\/cvinoticias.com\/v3\/#\/schema\/logo\/image\/","url":"https:\/\/cvinoticias.com\/wp-content\/uploads\/2023\/04\/cropped-cropped-cropped-cropped-cropped-3-1.png","contentUrl":"https:\/\/cvinoticias.com\/wp-content\/uploads\/2023\/04\/cropped-cropped-cropped-cropped-cropped-3-1.png","width":95,"height":122,"caption":"CVI NOTICIAS"},"image":{"@id":"https:\/\/cvinoticias.com\/v3\/#\/schema\/logo\/image\/"},"sameAs":["https:\/\/www.facebook.com\/cvinoticias","https:\/\/www.instagram.com\/cvinoticias\/","https:\/\/www.youtube.com\/@CVINOTICIAS"]},{"@type":"Person","@id":"https:\/\/cvinoticias.com\/v3\/#\/schema\/person\/2db77e3c6bc03c538495d7b2b8be9b66","name":"f1000024","image":{"@type":"ImageObject","inLanguage":"es","@id":"https:\/\/secure.gravatar.com\/avatar\/d4fe7459cfc51ff5129ce1a732bbef5928568b8092d412ef95611616376bbeed?s=96&d=mm&r=g","url":"https:\/\/secure.gravatar.com\/avatar\/d4fe7459cfc51ff5129ce1a732bbef5928568b8092d412ef95611616376bbeed?s=96&d=mm&r=g","contentUrl":"https:\/\/secure.gravatar.com\/avatar\/d4fe7459cfc51ff5129ce1a732bbef5928568b8092d412ef95611616376bbeed?s=96&d=mm&r=g","caption":"f1000024"},"url":"https:\/\/cvinoticias.com\/v3\/author\/f1000024\/"}]}},"_links":{"self":[{"href":"https:\/\/cvinoticias.com\/v3\/wp-json\/wp\/v2\/posts\/36623","targetHints":{"allow":["GET"]}}],"collection":[{"href":"https:\/\/cvinoticias.com\/v3\/wp-json\/wp\/v2\/posts"}],"about":[{"href":"https:\/\/cvinoticias.com\/v3\/wp-json\/wp\/v2\/types\/post"}],"author":[{"embeddable":true,"href":"https:\/\/cvinoticias.com\/v3\/wp-json\/wp\/v2\/users\/2"}],"replies":[{"embeddable":true,"href":"https:\/\/cvinoticias.com\/v3\/wp-json\/wp\/v2\/comments?post=36623"}],"version-history":[{"count":1,"href":"https:\/\/cvinoticias.com\/v3\/wp-json\/wp\/v2\/posts\/36623\/revisions"}],"predecessor-version":[{"id":36627,"href":"https:\/\/cvinoticias.com\/v3\/wp-json\/wp\/v2\/posts\/36623\/revisions\/36627"}],"wp:featuredmedia":[{"embeddable":true,"href":"https:\/\/cvinoticias.com\/v3\/wp-json\/wp\/v2\/media\/36626"}],"wp:attachment":[{"href":"https:\/\/cvinoticias.com\/v3\/wp-json\/wp\/v2\/media?parent=36623"}],"wp:term":[{"taxonomy":"category","embeddable":true,"href":"https:\/\/cvinoticias.com\/v3\/wp-json\/wp\/v2\/categories?post=36623"},{"taxonomy":"post_tag","embeddable":true,"href":"https:\/\/cvinoticias.com\/v3\/wp-json\/wp\/v2\/tags?post=36623"}],"curies":[{"name":"wp","href":"https:\/\/api.w.org\/{rel}","templated":true}]}}