{"id":36605,"date":"2024-09-28T23:44:22","date_gmt":"2024-09-29T02:44:22","guid":{"rendered":"https:\/\/cvinoticias.com\/v3\/?p=36605"},"modified":"2024-09-28T23:44:42","modified_gmt":"2024-09-29T02:44:42","slug":"misiones-presente-en-la-fit-2024","status":"publish","type":"post","link":"https:\/\/cvinoticias.com\/v3\/misiones-presente-en-la-fit-2024\/","title":{"rendered":"Misiones presente en la FIT 2024"},"content":{"rendered":"\n<p><strong>Este s\u00e1bado, el Gobernador de Misiones, Hugo Passalacqua, estuvo presente en la primera jornada de la 28\u00b0 edici\u00f3n de la Feria Internacional de Turismo (FIT) 2024. <\/strong><\/p>\n\n\n\n<p>Este evento, que se realiza en el complejo ferial La Rural de Buenos Aires, se extender\u00e1 hasta el 1 de octubre y Misiones participa con un stand donde promociona el potencial tur\u00edstico de m\u00e1s de 12 municipios diferentes.<\/p>\n\n\n\n<p>Durante su visita a la feria, Passalacqua acompa\u00f1\u00f3 la inauguraci\u00f3n del Stand brasile\u00f1o, recorri\u00f3 diversos stands de emprendedores y empresarios, entre ellos los de Misiones y particip\u00f3 de un almuerzo donde discuti\u00f3 temas estrat\u00e9gicos para el desarrollo del turismo en la regi\u00f3n. <\/p>\n\n\n\n<p>Tambi\u00e9n tuvo una reuni\u00f3n con la embajadora de Costa Rica, Ginnette Campos, con el objetivo de explorar colaboraciones que fortalezcan los lazos tur\u00edsticos entre ambos pa\u00edses. <\/p>\n\n\n\n<figure class=\"wp-block-gallery has-nested-images columns-default is-cropped wp-block-gallery-1 is-layout-flex wp-block-gallery-is-layout-flex\">\n<figure class=\"wp-block-image\"><img decoding=\"async\" src=\"blob:https:\/\/cvinoticias.com\/ca14d199-cd17-41ed-bc52-bf6ba7033cdb\" alt=\"\"\/><\/figure>\n<\/figure>\n\n\n\n<p>Adem\u00e1s, asisti\u00f3 a la conferencia \u201cLa Seguridad en los Destinos Tur\u00edsticos con Mayor Tr\u00e1fico de Turismo Internacional\u201d, donde comparti\u00f3 panel con la ministra de Seguridad de la Naci\u00f3n, Patricia Bullrich y el secretario de Turismo, Ambiente y Deporte de la Naci\u00f3n, Daniel Scioli. En este espacio, se abord\u00f3 la importancia de garantizar la seguridad de los turistas, un aspecto crucial para el atractivo de los destinos.<\/p>\n\n\n\n<p><strong>Por \u00faltimo y acompa\u00f1ado por el ministro de Turismo de Misiones, Jos\u00e9 Mar\u00eda Arr\u00faa, mantuvo reuniones con los siguientes representantes y referentes del sector tur\u00edstico: el presidente del Ente de Turismo de la Ciudad de Buenos Aires y del VISIT Bs.As, Valent\u00edn D\u00edaz Gilligan; la directora ejecutiva de VISIT Bs.As, Karina Perticone; la presidente de la Asociaci\u00f3n de Hoteles de Turismo de la Rep\u00fablica Argentina (AHT), Gabriela Ferucci; la presidente de la AHT Filial Iguaz\u00fa, Silvia Radins; el director ejecutivo de la AHT, Franco Di Pasquo y la miembro del Comit\u00e9 Ejecutivo de la AHT y presidente de la Asociaci\u00f3n Argentina de Organizadores y Proveedores de Exposiciones, Congresos, Eventos y de Bur\u00f3s de Convenciones (AOCA), Patricia Dur\u00e1n Vaca.<\/strong><\/p>\n\n\n\n<p><\/p>\n","protected":false},"excerpt":{"rendered":"<p>Este s\u00e1bado, el Gobernador de Misiones, Hugo Passalacqua, estuvo presente en la primera jornada de la 28\u00b0 edici\u00f3n de la Feria Internacional de Turismo (FIT) 2024. Este evento, que se realiza en el complejo ferial La Rural de Buenos Aires, se extender\u00e1 hasta el 1 de octubre y Misiones participa con un stand donde promociona [&hellip;]<\/p>\n","protected":false},"author":2,"featured_media":36608,"comment_status":"open","ping_status":"open","sticky":false,"template":"","format":"standard","meta":{"footnotes":""},"categories":[50],"tags":[],"class_list":["post-36605","post","type-post","status-publish","format-standard","has-post-thumbnail","hentry","category-turismo"],"yoast_head":"<!-- This site is optimized with the Yoast SEO plugin v27.4 - https:\/\/yoast.com\/product\/yoast-seo-wordpress\/ -->\n<title>Misiones presente en la FIT 2024 | CVI NOTICIAS<\/title>\n<meta name=\"robots\" content=\"index, follow, max-snippet:-1, max-image-preview:large, max-video-preview:-1\" \/>\n<link rel=\"canonical\" href=\"https:\/\/cvinoticias.com\/v3\/misiones-presente-en-la-fit-2024\/\" \/>\n<meta property=\"og:locale\" content=\"es_ES\" \/>\n<meta property=\"og:type\" content=\"article\" \/>\n<meta property=\"og:title\" content=\"Misiones presente en la FIT 2024 | CVI NOTICIAS\" \/>\n<meta property=\"og:description\" content=\"Este s\u00e1bado, el Gobernador de Misiones, Hugo Passalacqua, estuvo presente en la primera jornada de la 28\u00b0 edici\u00f3n de la Feria Internacional de Turismo (FIT) 2024. Este evento, que se realiza en el complejo ferial La Rural de Buenos Aires, se extender\u00e1 hasta el 1 de octubre y Misiones participa con un stand donde promociona [&hellip;]\" \/>\n<meta property=\"og:url\" content=\"https:\/\/cvinoticias.com\/v3\/misiones-presente-en-la-fit-2024\/\" \/>\n<meta property=\"og:site_name\" content=\"CVI NOTICIAS\" \/>\n<meta property=\"article:publisher\" content=\"https:\/\/www.facebook.com\/cvinoticias\" \/>\n<meta property=\"article:published_time\" content=\"2024-09-29T02:44:22+00:00\" \/>\n<meta property=\"article:modified_time\" content=\"2024-09-29T02:44:42+00:00\" \/>\n<meta property=\"og:image\" content=\"https:\/\/cvinoticias.com\/wp-content\/uploads\/2024\/09\/IMG-20240928-WA01141-scaled.jpg\" \/>\n\t<meta property=\"og:image:width\" content=\"2560\" \/>\n\t<meta property=\"og:image:height\" content=\"1920\" \/>\n\t<meta property=\"og:image:type\" content=\"image\/jpeg\" \/>\n<meta name=\"author\" content=\"f1000024\" \/>\n<meta name=\"twitter:card\" content=\"summary_large_image\" \/>\n<meta name=\"twitter:label1\" content=\"Escrito por\" \/>\n\t<meta name=\"twitter:data1\" content=\"f1000024\" \/>\n\t<meta name=\"twitter:label2\" content=\"Tiempo de lectura\" \/>\n\t<meta name=\"twitter:data2\" content=\"2 minutos\" \/>\n<script type=\"application\/ld+json\" class=\"yoast-schema-graph\">{\"@context\":\"https:\\\/\\\/schema.org\",\"@graph\":[{\"@type\":\"Article\",\"@id\":\"https:\\\/\\\/cvinoticias.com\\\/v3\\\/misiones-presente-en-la-fit-2024\\\/#article\",\"isPartOf\":{\"@id\":\"https:\\\/\\\/cvinoticias.com\\\/v3\\\/misiones-presente-en-la-fit-2024\\\/\"},\"author\":{\"name\":\"f1000024\",\"@id\":\"https:\\\/\\\/cvinoticias.com\\\/v3\\\/#\\\/schema\\\/person\\\/2db77e3c6bc03c538495d7b2b8be9b66\"},\"headline\":\"Misiones presente en la FIT 2024\",\"datePublished\":\"2024-09-29T02:44:22+00:00\",\"dateModified\":\"2024-09-29T02:44:42+00:00\",\"mainEntityOfPage\":{\"@id\":\"https:\\\/\\\/cvinoticias.com\\\/v3\\\/misiones-presente-en-la-fit-2024\\\/\"},\"wordCount\":347,\"commentCount\":0,\"publisher\":{\"@id\":\"https:\\\/\\\/cvinoticias.com\\\/v3\\\/#organization\"},\"image\":{\"@id\":\"https:\\\/\\\/cvinoticias.com\\\/v3\\\/misiones-presente-en-la-fit-2024\\\/#primaryimage\"},\"thumbnailUrl\":\"https:\\\/\\\/cvinoticias.com\\\/wp-content\\\/uploads\\\/2024\\\/09\\\/IMG-20240928-WA01141-scaled.jpg\",\"articleSection\":[\"Turismo\"],\"inLanguage\":\"es\",\"potentialAction\":[{\"@type\":\"CommentAction\",\"name\":\"Comment\",\"target\":[\"https:\\\/\\\/cvinoticias.com\\\/v3\\\/misiones-presente-en-la-fit-2024\\\/#respond\"]}]},{\"@type\":\"WebPage\",\"@id\":\"https:\\\/\\\/cvinoticias.com\\\/v3\\\/misiones-presente-en-la-fit-2024\\\/\",\"url\":\"https:\\\/\\\/cvinoticias.com\\\/v3\\\/misiones-presente-en-la-fit-2024\\\/\",\"name\":\"Misiones presente en la FIT 2024 | CVI NOTICIAS\",\"isPartOf\":{\"@id\":\"https:\\\/\\\/cvinoticias.com\\\/v3\\\/#website\"},\"primaryImageOfPage\":{\"@id\":\"https:\\\/\\\/cvinoticias.com\\\/v3\\\/misiones-presente-en-la-fit-2024\\\/#primaryimage\"},\"image\":{\"@id\":\"https:\\\/\\\/cvinoticias.com\\\/v3\\\/misiones-presente-en-la-fit-2024\\\/#primaryimage\"},\"thumbnailUrl\":\"https:\\\/\\\/cvinoticias.com\\\/wp-content\\\/uploads\\\/2024\\\/09\\\/IMG-20240928-WA01141-scaled.jpg\",\"datePublished\":\"2024-09-29T02:44:22+00:00\",\"dateModified\":\"2024-09-29T02:44:42+00:00\",\"breadcrumb\":{\"@id\":\"https:\\\/\\\/cvinoticias.com\\\/v3\\\/misiones-presente-en-la-fit-2024\\\/#breadcrumb\"},\"inLanguage\":\"es\",\"potentialAction\":[{\"@type\":\"ReadAction\",\"target\":[\"https:\\\/\\\/cvinoticias.com\\\/v3\\\/misiones-presente-en-la-fit-2024\\\/\"]}]},{\"@type\":\"ImageObject\",\"inLanguage\":\"es\",\"@id\":\"https:\\\/\\\/cvinoticias.com\\\/v3\\\/misiones-presente-en-la-fit-2024\\\/#primaryimage\",\"url\":\"https:\\\/\\\/cvinoticias.com\\\/wp-content\\\/uploads\\\/2024\\\/09\\\/IMG-20240928-WA01141-scaled.jpg\",\"contentUrl\":\"https:\\\/\\\/cvinoticias.com\\\/wp-content\\\/uploads\\\/2024\\\/09\\\/IMG-20240928-WA01141-scaled.jpg\",\"width\":2560,\"height\":1920},{\"@type\":\"BreadcrumbList\",\"@id\":\"https:\\\/\\\/cvinoticias.com\\\/v3\\\/misiones-presente-en-la-fit-2024\\\/#breadcrumb\",\"itemListElement\":[{\"@type\":\"ListItem\",\"position\":1,\"name\":\"Portada\",\"item\":\"https:\\\/\\\/cvinoticias.com\\\/v3\\\/\"},{\"@type\":\"ListItem\",\"position\":2,\"name\":\"Misiones presente en la FIT 2024\"}]},{\"@type\":\"WebSite\",\"@id\":\"https:\\\/\\\/cvinoticias.com\\\/v3\\\/#website\",\"url\":\"https:\\\/\\\/cvinoticias.com\\\/v3\\\/\",\"name\":\"CVI NOTICIAS\",\"description\":\"\",\"publisher\":{\"@id\":\"https:\\\/\\\/cvinoticias.com\\\/v3\\\/#organization\"},\"alternateName\":\"CVI\",\"potentialAction\":[{\"@type\":\"SearchAction\",\"target\":{\"@type\":\"EntryPoint\",\"urlTemplate\":\"https:\\\/\\\/cvinoticias.com\\\/v3\\\/?s={search_term_string}\"},\"query-input\":{\"@type\":\"PropertyValueSpecification\",\"valueRequired\":true,\"valueName\":\"search_term_string\"}}],\"inLanguage\":\"es\"},{\"@type\":\"Organization\",\"@id\":\"https:\\\/\\\/cvinoticias.com\\\/v3\\\/#organization\",\"name\":\"CVI NOTICIAS\",\"url\":\"https:\\\/\\\/cvinoticias.com\\\/v3\\\/\",\"logo\":{\"@type\":\"ImageObject\",\"inLanguage\":\"es\",\"@id\":\"https:\\\/\\\/cvinoticias.com\\\/v3\\\/#\\\/schema\\\/logo\\\/image\\\/\",\"url\":\"https:\\\/\\\/cvinoticias.com\\\/wp-content\\\/uploads\\\/2023\\\/04\\\/cropped-cropped-cropped-cropped-cropped-3-1.png\",\"contentUrl\":\"https:\\\/\\\/cvinoticias.com\\\/wp-content\\\/uploads\\\/2023\\\/04\\\/cropped-cropped-cropped-cropped-cropped-3-1.png\",\"width\":95,\"height\":122,\"caption\":\"CVI NOTICIAS\"},\"image\":{\"@id\":\"https:\\\/\\\/cvinoticias.com\\\/v3\\\/#\\\/schema\\\/logo\\\/image\\\/\"},\"sameAs\":[\"https:\\\/\\\/www.facebook.com\\\/cvinoticias\",\"https:\\\/\\\/www.instagram.com\\\/cvinoticias\\\/\",\"https:\\\/\\\/www.youtube.com\\\/@CVINOTICIAS\"]},{\"@type\":\"Person\",\"@id\":\"https:\\\/\\\/cvinoticias.com\\\/v3\\\/#\\\/schema\\\/person\\\/2db77e3c6bc03c538495d7b2b8be9b66\",\"name\":\"f1000024\",\"image\":{\"@type\":\"ImageObject\",\"inLanguage\":\"es\",\"@id\":\"https:\\\/\\\/secure.gravatar.com\\\/avatar\\\/d4fe7459cfc51ff5129ce1a732bbef5928568b8092d412ef95611616376bbeed?s=96&d=mm&r=g\",\"url\":\"https:\\\/\\\/secure.gravatar.com\\\/avatar\\\/d4fe7459cfc51ff5129ce1a732bbef5928568b8092d412ef95611616376bbeed?s=96&d=mm&r=g\",\"contentUrl\":\"https:\\\/\\\/secure.gravatar.com\\\/avatar\\\/d4fe7459cfc51ff5129ce1a732bbef5928568b8092d412ef95611616376bbeed?s=96&d=mm&r=g\",\"caption\":\"f1000024\"},\"url\":\"https:\\\/\\\/cvinoticias.com\\\/v3\\\/author\\\/f1000024\\\/\"}]}<\/script>\n<!-- \/ Yoast SEO plugin. -->","yoast_head_json":{"title":"Misiones presente en la FIT 2024 | CVI NOTICIAS","robots":{"index":"index","follow":"follow","max-snippet":"max-snippet:-1","max-image-preview":"max-image-preview:large","max-video-preview":"max-video-preview:-1"},"canonical":"https:\/\/cvinoticias.com\/v3\/misiones-presente-en-la-fit-2024\/","og_locale":"es_ES","og_type":"article","og_title":"Misiones presente en la FIT 2024 | CVI NOTICIAS","og_description":"Este s\u00e1bado, el Gobernador de Misiones, Hugo Passalacqua, estuvo presente en la primera jornada de la 28\u00b0 edici\u00f3n de la Feria Internacional de Turismo (FIT) 2024. Este evento, que se realiza en el complejo ferial La Rural de Buenos Aires, se extender\u00e1 hasta el 1 de octubre y Misiones participa con un stand donde promociona [&hellip;]","og_url":"https:\/\/cvinoticias.com\/v3\/misiones-presente-en-la-fit-2024\/","og_site_name":"CVI NOTICIAS","article_publisher":"https:\/\/www.facebook.com\/cvinoticias","article_published_time":"2024-09-29T02:44:22+00:00","article_modified_time":"2024-09-29T02:44:42+00:00","og_image":[{"width":2560,"height":1920,"url":"https:\/\/cvinoticias.com\/wp-content\/uploads\/2024\/09\/IMG-20240928-WA01141-scaled.jpg","type":"image\/jpeg"}],"author":"f1000024","twitter_card":"summary_large_image","twitter_misc":{"Escrito por":"f1000024","Tiempo de lectura":"2 minutos"},"schema":{"@context":"https:\/\/schema.org","@graph":[{"@type":"Article","@id":"https:\/\/cvinoticias.com\/v3\/misiones-presente-en-la-fit-2024\/#article","isPartOf":{"@id":"https:\/\/cvinoticias.com\/v3\/misiones-presente-en-la-fit-2024\/"},"author":{"name":"f1000024","@id":"https:\/\/cvinoticias.com\/v3\/#\/schema\/person\/2db77e3c6bc03c538495d7b2b8be9b66"},"headline":"Misiones presente en la FIT 2024","datePublished":"2024-09-29T02:44:22+00:00","dateModified":"2024-09-29T02:44:42+00:00","mainEntityOfPage":{"@id":"https:\/\/cvinoticias.com\/v3\/misiones-presente-en-la-fit-2024\/"},"wordCount":347,"commentCount":0,"publisher":{"@id":"https:\/\/cvinoticias.com\/v3\/#organization"},"image":{"@id":"https:\/\/cvinoticias.com\/v3\/misiones-presente-en-la-fit-2024\/#primaryimage"},"thumbnailUrl":"https:\/\/cvinoticias.com\/wp-content\/uploads\/2024\/09\/IMG-20240928-WA01141-scaled.jpg","articleSection":["Turismo"],"inLanguage":"es","potentialAction":[{"@type":"CommentAction","name":"Comment","target":["https:\/\/cvinoticias.com\/v3\/misiones-presente-en-la-fit-2024\/#respond"]}]},{"@type":"WebPage","@id":"https:\/\/cvinoticias.com\/v3\/misiones-presente-en-la-fit-2024\/","url":"https:\/\/cvinoticias.com\/v3\/misiones-presente-en-la-fit-2024\/","name":"Misiones presente en la FIT 2024 | CVI NOTICIAS","isPartOf":{"@id":"https:\/\/cvinoticias.com\/v3\/#website"},"primaryImageOfPage":{"@id":"https:\/\/cvinoticias.com\/v3\/misiones-presente-en-la-fit-2024\/#primaryimage"},"image":{"@id":"https:\/\/cvinoticias.com\/v3\/misiones-presente-en-la-fit-2024\/#primaryimage"},"thumbnailUrl":"https:\/\/cvinoticias.com\/wp-content\/uploads\/2024\/09\/IMG-20240928-WA01141-scaled.jpg","datePublished":"2024-09-29T02:44:22+00:00","dateModified":"2024-09-29T02:44:42+00:00","breadcrumb":{"@id":"https:\/\/cvinoticias.com\/v3\/misiones-presente-en-la-fit-2024\/#breadcrumb"},"inLanguage":"es","potentialAction":[{"@type":"ReadAction","target":["https:\/\/cvinoticias.com\/v3\/misiones-presente-en-la-fit-2024\/"]}]},{"@type":"ImageObject","inLanguage":"es","@id":"https:\/\/cvinoticias.com\/v3\/misiones-presente-en-la-fit-2024\/#primaryimage","url":"https:\/\/cvinoticias.com\/wp-content\/uploads\/2024\/09\/IMG-20240928-WA01141-scaled.jpg","contentUrl":"https:\/\/cvinoticias.com\/wp-content\/uploads\/2024\/09\/IMG-20240928-WA01141-scaled.jpg","width":2560,"height":1920},{"@type":"BreadcrumbList","@id":"https:\/\/cvinoticias.com\/v3\/misiones-presente-en-la-fit-2024\/#breadcrumb","itemListElement":[{"@type":"ListItem","position":1,"name":"Portada","item":"https:\/\/cvinoticias.com\/v3\/"},{"@type":"ListItem","position":2,"name":"Misiones presente en la FIT 2024"}]},{"@type":"WebSite","@id":"https:\/\/cvinoticias.com\/v3\/#website","url":"https:\/\/cvinoticias.com\/v3\/","name":"CVI NOTICIAS","description":"","publisher":{"@id":"https:\/\/cvinoticias.com\/v3\/#organization"},"alternateName":"CVI","potentialAction":[{"@type":"SearchAction","target":{"@type":"EntryPoint","urlTemplate":"https:\/\/cvinoticias.com\/v3\/?s={search_term_string}"},"query-input":{"@type":"PropertyValueSpecification","valueRequired":true,"valueName":"search_term_string"}}],"inLanguage":"es"},{"@type":"Organization","@id":"https:\/\/cvinoticias.com\/v3\/#organization","name":"CVI NOTICIAS","url":"https:\/\/cvinoticias.com\/v3\/","logo":{"@type":"ImageObject","inLanguage":"es","@id":"https:\/\/cvinoticias.com\/v3\/#\/schema\/logo\/image\/","url":"https:\/\/cvinoticias.com\/wp-content\/uploads\/2023\/04\/cropped-cropped-cropped-cropped-cropped-3-1.png","contentUrl":"https:\/\/cvinoticias.com\/wp-content\/uploads\/2023\/04\/cropped-cropped-cropped-cropped-cropped-3-1.png","width":95,"height":122,"caption":"CVI NOTICIAS"},"image":{"@id":"https:\/\/cvinoticias.com\/v3\/#\/schema\/logo\/image\/"},"sameAs":["https:\/\/www.facebook.com\/cvinoticias","https:\/\/www.instagram.com\/cvinoticias\/","https:\/\/www.youtube.com\/@CVINOTICIAS"]},{"@type":"Person","@id":"https:\/\/cvinoticias.com\/v3\/#\/schema\/person\/2db77e3c6bc03c538495d7b2b8be9b66","name":"f1000024","image":{"@type":"ImageObject","inLanguage":"es","@id":"https:\/\/secure.gravatar.com\/avatar\/d4fe7459cfc51ff5129ce1a732bbef5928568b8092d412ef95611616376bbeed?s=96&d=mm&r=g","url":"https:\/\/secure.gravatar.com\/avatar\/d4fe7459cfc51ff5129ce1a732bbef5928568b8092d412ef95611616376bbeed?s=96&d=mm&r=g","contentUrl":"https:\/\/secure.gravatar.com\/avatar\/d4fe7459cfc51ff5129ce1a732bbef5928568b8092d412ef95611616376bbeed?s=96&d=mm&r=g","caption":"f1000024"},"url":"https:\/\/cvinoticias.com\/v3\/author\/f1000024\/"}]}},"_links":{"self":[{"href":"https:\/\/cvinoticias.com\/v3\/wp-json\/wp\/v2\/posts\/36605","targetHints":{"allow":["GET"]}}],"collection":[{"href":"https:\/\/cvinoticias.com\/v3\/wp-json\/wp\/v2\/posts"}],"about":[{"href":"https:\/\/cvinoticias.com\/v3\/wp-json\/wp\/v2\/types\/post"}],"author":[{"embeddable":true,"href":"https:\/\/cvinoticias.com\/v3\/wp-json\/wp\/v2\/users\/2"}],"replies":[{"embeddable":true,"href":"https:\/\/cvinoticias.com\/v3\/wp-json\/wp\/v2\/comments?post=36605"}],"version-history":[{"count":1,"href":"https:\/\/cvinoticias.com\/v3\/wp-json\/wp\/v2\/posts\/36605\/revisions"}],"predecessor-version":[{"id":36609,"href":"https:\/\/cvinoticias.com\/v3\/wp-json\/wp\/v2\/posts\/36605\/revisions\/36609"}],"wp:featuredmedia":[{"embeddable":true,"href":"https:\/\/cvinoticias.com\/v3\/wp-json\/wp\/v2\/media\/36608"}],"wp:attachment":[{"href":"https:\/\/cvinoticias.com\/v3\/wp-json\/wp\/v2\/media?parent=36605"}],"wp:term":[{"taxonomy":"category","embeddable":true,"href":"https:\/\/cvinoticias.com\/v3\/wp-json\/wp\/v2\/categories?post=36605"},{"taxonomy":"post_tag","embeddable":true,"href":"https:\/\/cvinoticias.com\/v3\/wp-json\/wp\/v2\/tags?post=36605"}],"curies":[{"name":"wp","href":"https:\/\/api.w.org\/{rel}","templated":true}]}}