{"id":36534,"date":"2024-09-26T12:04:46","date_gmt":"2024-09-26T15:04:46","guid":{"rendered":"https:\/\/cvinoticias.com\/v3\/?p=36534"},"modified":"2024-09-26T12:05:11","modified_gmt":"2024-09-26T15:05:11","slug":"el-cuerpo-de-bomberos-voluntarios-de-iguazu-recibio-una-importante-donacion-de-una-ong-de-malaga","status":"publish","type":"post","link":"https:\/\/cvinoticias.com\/v3\/el-cuerpo-de-bomberos-voluntarios-de-iguazu-recibio-una-importante-donacion-de-una-ong-de-malaga\/","title":{"rendered":"El Cuerpo de Bomberos Voluntarios de Iguaz\u00fa recibi\u00f3 una importante donaci\u00f3n de una ONG de M\u00e1laga"},"content":{"rendered":"\n<p><strong>El Cuerpo de Bomberos Voluntarios de Iguaz\u00fa recibi\u00f3 una importante donaci\u00f3n de una ONG de M\u00e1laga, Espa\u00f1a, gracias a un trabajo conjunto con la Asociaci\u00f3n de Bomberos Voluntarios de Moreno, Buenos Aires.<\/strong><\/p>\n\n\n\n<p>La donaci\u00f3n, que incluye equipamiento especializado, ser\u00e1 distribuida el pr\u00f3ximo 26 de octubre entre 16 asociaciones de bomberos de la provincia de Misiones.Entre el equipamiento destacan 20 desfibriladores, herramientas vitales para salvar vidas en situaciones de emergencia.<\/p>\n\n\n\n<p>Adem\u00e1s, se realizar\u00e1n capacitaciones los d\u00edas 24, 25 y 26 de octubre en Iguaz\u00fa para garantizar el uso adecuado de los equipos.Este esfuerzo colaborativo fortalece la capacidad de respuesta de los bomberos voluntarios en la provincia y refleja la solidaridad internacional.<\/p>\n\n\n\n<figure class=\"wp-block-image size-large\"><a href=\"https:\/\/cvinoticias.com\/wp-content\/uploads\/2024\/09\/IMG-20240924-WA0144.jpg\"><img decoding=\"async\" width=\"1024\" height=\"478\" data-src=\"https:\/\/cvinoticias.com\/wp-content\/uploads\/2024\/09\/IMG-20240924-WA0144-1024x478.jpg\" alt=\"\" class=\"wp-image-36536 lazyload\" data-srcset=\"https:\/\/cvinoticias.com\/wp-content\/uploads\/2024\/09\/IMG-20240924-WA0144-1024x478.jpg 1024w, https:\/\/cvinoticias.com\/wp-content\/uploads\/2024\/09\/IMG-20240924-WA0144-300x140.jpg 300w, https:\/\/cvinoticias.com\/wp-content\/uploads\/2024\/09\/IMG-20240924-WA0144-768x359.jpg 768w, https:\/\/cvinoticias.com\/wp-content\/uploads\/2024\/09\/IMG-20240924-WA0144-1536x717.jpg 1536w, https:\/\/cvinoticias.com\/wp-content\/uploads\/2024\/09\/IMG-20240924-WA0144.jpg 1600w\" data-sizes=\"(max-width: 1024px) 100vw, 1024px\" src=\"data:image\/svg+xml;base64,PHN2ZyB3aWR0aD0iMSIgaGVpZ2h0PSIxIiB4bWxucz0iaHR0cDovL3d3dy53My5vcmcvMjAwMC9zdmciPjwvc3ZnPg==\" style=\"--smush-placeholder-width: 1024px; --smush-placeholder-aspect-ratio: 1024\/478;\" \/><\/a><\/figure>\n","protected":false},"excerpt":{"rendered":"<p>El Cuerpo de Bomberos Voluntarios de Iguaz\u00fa recibi\u00f3 una importante donaci\u00f3n de una ONG de M\u00e1laga, Espa\u00f1a, gracias a un trabajo conjunto con la Asociaci\u00f3n de Bomberos Voluntarios de Moreno, Buenos Aires. La donaci\u00f3n, que incluye equipamiento especializado, ser\u00e1 distribuida el pr\u00f3ximo 26 de octubre entre 16 asociaciones de bomberos de la provincia de Misiones.Entre [&hellip;]<\/p>\n","protected":false},"author":2,"featured_media":36535,"comment_status":"open","ping_status":"open","sticky":false,"template":"","format":"standard","meta":{"footnotes":""},"categories":[29],"tags":[],"class_list":["post-36534","post","type-post","status-publish","format-standard","has-post-thumbnail","hentry","category-locales"],"yoast_head":"<!-- This site is optimized with the Yoast SEO plugin v27.5 - https:\/\/yoast.com\/product\/yoast-seo-wordpress\/ -->\n<title>El Cuerpo de Bomberos Voluntarios de Iguaz\u00fa recibi\u00f3 una importante donaci\u00f3n de una ONG de M\u00e1laga | CVI NOTICIAS<\/title>\n<meta name=\"robots\" content=\"index, follow, max-snippet:-1, max-image-preview:large, max-video-preview:-1\" \/>\n<link rel=\"canonical\" href=\"https:\/\/cvinoticias.com\/v3\/el-cuerpo-de-bomberos-voluntarios-de-iguazu-recibio-una-importante-donacion-de-una-ong-de-malaga\/\" \/>\n<meta property=\"og:locale\" content=\"es_ES\" \/>\n<meta property=\"og:type\" content=\"article\" \/>\n<meta property=\"og:title\" content=\"El Cuerpo de Bomberos Voluntarios de Iguaz\u00fa recibi\u00f3 una importante donaci\u00f3n de una ONG de M\u00e1laga | CVI NOTICIAS\" \/>\n<meta property=\"og:description\" content=\"El Cuerpo de Bomberos Voluntarios de Iguaz\u00fa recibi\u00f3 una importante donaci\u00f3n de una ONG de M\u00e1laga, Espa\u00f1a, gracias a un trabajo conjunto con la Asociaci\u00f3n de Bomberos Voluntarios de Moreno, Buenos Aires. La donaci\u00f3n, que incluye equipamiento especializado, ser\u00e1 distribuida el pr\u00f3ximo 26 de octubre entre 16 asociaciones de bomberos de la provincia de Misiones.Entre [&hellip;]\" \/>\n<meta property=\"og:url\" content=\"https:\/\/cvinoticias.com\/v3\/el-cuerpo-de-bomberos-voluntarios-de-iguazu-recibio-una-importante-donacion-de-una-ong-de-malaga\/\" \/>\n<meta property=\"og:site_name\" content=\"CVI NOTICIAS\" \/>\n<meta property=\"article:publisher\" content=\"https:\/\/www.facebook.com\/cvinoticias\" \/>\n<meta property=\"article:published_time\" content=\"2024-09-26T15:04:46+00:00\" \/>\n<meta property=\"article:modified_time\" content=\"2024-09-26T15:05:11+00:00\" \/>\n<meta property=\"og:image\" content=\"https:\/\/cvinoticias.com\/wp-content\/uploads\/2024\/09\/IMG-20240924-WA0146.jpg\" \/>\n\t<meta property=\"og:image:width\" content=\"1599\" \/>\n\t<meta property=\"og:image:height\" content=\"899\" \/>\n\t<meta property=\"og:image:type\" content=\"image\/jpeg\" \/>\n<meta name=\"author\" content=\"f1000024\" \/>\n<meta name=\"twitter:card\" content=\"summary_large_image\" \/>\n<meta name=\"twitter:label1\" content=\"Escrito por\" \/>\n\t<meta name=\"twitter:data1\" content=\"f1000024\" \/>\n\t<meta name=\"twitter:label2\" content=\"Tiempo de lectura\" \/>\n\t<meta name=\"twitter:data2\" content=\"1 minuto\" \/>\n<script type=\"application\/ld+json\" class=\"yoast-schema-graph\">{\"@context\":\"https:\\\/\\\/schema.org\",\"@graph\":[{\"@type\":\"Article\",\"@id\":\"https:\\\/\\\/cvinoticias.com\\\/v3\\\/el-cuerpo-de-bomberos-voluntarios-de-iguazu-recibio-una-importante-donacion-de-una-ong-de-malaga\\\/#article\",\"isPartOf\":{\"@id\":\"https:\\\/\\\/cvinoticias.com\\\/v3\\\/el-cuerpo-de-bomberos-voluntarios-de-iguazu-recibio-una-importante-donacion-de-una-ong-de-malaga\\\/\"},\"author\":{\"name\":\"f1000024\",\"@id\":\"https:\\\/\\\/cvinoticias.com\\\/v3\\\/#\\\/schema\\\/person\\\/2db77e3c6bc03c538495d7b2b8be9b66\"},\"headline\":\"El Cuerpo de Bomberos Voluntarios de Iguaz\u00fa recibi\u00f3 una importante donaci\u00f3n de una ONG de M\u00e1laga\",\"datePublished\":\"2024-09-26T15:04:46+00:00\",\"dateModified\":\"2024-09-26T15:05:11+00:00\",\"mainEntityOfPage\":{\"@id\":\"https:\\\/\\\/cvinoticias.com\\\/v3\\\/el-cuerpo-de-bomberos-voluntarios-de-iguazu-recibio-una-importante-donacion-de-una-ong-de-malaga\\\/\"},\"wordCount\":133,\"commentCount\":0,\"publisher\":{\"@id\":\"https:\\\/\\\/cvinoticias.com\\\/v3\\\/#organization\"},\"image\":{\"@id\":\"https:\\\/\\\/cvinoticias.com\\\/v3\\\/el-cuerpo-de-bomberos-voluntarios-de-iguazu-recibio-una-importante-donacion-de-una-ong-de-malaga\\\/#primaryimage\"},\"thumbnailUrl\":\"https:\\\/\\\/cvinoticias.com\\\/wp-content\\\/uploads\\\/2024\\\/09\\\/IMG-20240924-WA0146.jpg\",\"articleSection\":[\"Locales\"],\"inLanguage\":\"es\",\"potentialAction\":[{\"@type\":\"CommentAction\",\"name\":\"Comment\",\"target\":[\"https:\\\/\\\/cvinoticias.com\\\/v3\\\/el-cuerpo-de-bomberos-voluntarios-de-iguazu-recibio-una-importante-donacion-de-una-ong-de-malaga\\\/#respond\"]}]},{\"@type\":\"WebPage\",\"@id\":\"https:\\\/\\\/cvinoticias.com\\\/v3\\\/el-cuerpo-de-bomberos-voluntarios-de-iguazu-recibio-una-importante-donacion-de-una-ong-de-malaga\\\/\",\"url\":\"https:\\\/\\\/cvinoticias.com\\\/v3\\\/el-cuerpo-de-bomberos-voluntarios-de-iguazu-recibio-una-importante-donacion-de-una-ong-de-malaga\\\/\",\"name\":\"El Cuerpo de Bomberos Voluntarios de Iguaz\u00fa recibi\u00f3 una importante donaci\u00f3n de una ONG de M\u00e1laga | CVI NOTICIAS\",\"isPartOf\":{\"@id\":\"https:\\\/\\\/cvinoticias.com\\\/v3\\\/#website\"},\"primaryImageOfPage\":{\"@id\":\"https:\\\/\\\/cvinoticias.com\\\/v3\\\/el-cuerpo-de-bomberos-voluntarios-de-iguazu-recibio-una-importante-donacion-de-una-ong-de-malaga\\\/#primaryimage\"},\"image\":{\"@id\":\"https:\\\/\\\/cvinoticias.com\\\/v3\\\/el-cuerpo-de-bomberos-voluntarios-de-iguazu-recibio-una-importante-donacion-de-una-ong-de-malaga\\\/#primaryimage\"},\"thumbnailUrl\":\"https:\\\/\\\/cvinoticias.com\\\/wp-content\\\/uploads\\\/2024\\\/09\\\/IMG-20240924-WA0146.jpg\",\"datePublished\":\"2024-09-26T15:04:46+00:00\",\"dateModified\":\"2024-09-26T15:05:11+00:00\",\"breadcrumb\":{\"@id\":\"https:\\\/\\\/cvinoticias.com\\\/v3\\\/el-cuerpo-de-bomberos-voluntarios-de-iguazu-recibio-una-importante-donacion-de-una-ong-de-malaga\\\/#breadcrumb\"},\"inLanguage\":\"es\",\"potentialAction\":[{\"@type\":\"ReadAction\",\"target\":[\"https:\\\/\\\/cvinoticias.com\\\/v3\\\/el-cuerpo-de-bomberos-voluntarios-de-iguazu-recibio-una-importante-donacion-de-una-ong-de-malaga\\\/\"]}]},{\"@type\":\"ImageObject\",\"inLanguage\":\"es\",\"@id\":\"https:\\\/\\\/cvinoticias.com\\\/v3\\\/el-cuerpo-de-bomberos-voluntarios-de-iguazu-recibio-una-importante-donacion-de-una-ong-de-malaga\\\/#primaryimage\",\"url\":\"https:\\\/\\\/cvinoticias.com\\\/wp-content\\\/uploads\\\/2024\\\/09\\\/IMG-20240924-WA0146.jpg\",\"contentUrl\":\"https:\\\/\\\/cvinoticias.com\\\/wp-content\\\/uploads\\\/2024\\\/09\\\/IMG-20240924-WA0146.jpg\",\"width\":1599,\"height\":899},{\"@type\":\"BreadcrumbList\",\"@id\":\"https:\\\/\\\/cvinoticias.com\\\/v3\\\/el-cuerpo-de-bomberos-voluntarios-de-iguazu-recibio-una-importante-donacion-de-una-ong-de-malaga\\\/#breadcrumb\",\"itemListElement\":[{\"@type\":\"ListItem\",\"position\":1,\"name\":\"Portada\",\"item\":\"https:\\\/\\\/cvinoticias.com\\\/v3\\\/\"},{\"@type\":\"ListItem\",\"position\":2,\"name\":\"El Cuerpo de Bomberos Voluntarios de Iguaz\u00fa recibi\u00f3 una importante donaci\u00f3n de una ONG de M\u00e1laga\"}]},{\"@type\":\"WebSite\",\"@id\":\"https:\\\/\\\/cvinoticias.com\\\/v3\\\/#website\",\"url\":\"https:\\\/\\\/cvinoticias.com\\\/v3\\\/\",\"name\":\"CVI NOTICIAS\",\"description\":\"\",\"publisher\":{\"@id\":\"https:\\\/\\\/cvinoticias.com\\\/v3\\\/#organization\"},\"alternateName\":\"CVI\",\"potentialAction\":[{\"@type\":\"SearchAction\",\"target\":{\"@type\":\"EntryPoint\",\"urlTemplate\":\"https:\\\/\\\/cvinoticias.com\\\/v3\\\/?s={search_term_string}\"},\"query-input\":{\"@type\":\"PropertyValueSpecification\",\"valueRequired\":true,\"valueName\":\"search_term_string\"}}],\"inLanguage\":\"es\"},{\"@type\":\"Organization\",\"@id\":\"https:\\\/\\\/cvinoticias.com\\\/v3\\\/#organization\",\"name\":\"CVI NOTICIAS\",\"url\":\"https:\\\/\\\/cvinoticias.com\\\/v3\\\/\",\"logo\":{\"@type\":\"ImageObject\",\"inLanguage\":\"es\",\"@id\":\"https:\\\/\\\/cvinoticias.com\\\/v3\\\/#\\\/schema\\\/logo\\\/image\\\/\",\"url\":\"https:\\\/\\\/cvinoticias.com\\\/wp-content\\\/uploads\\\/2023\\\/04\\\/cropped-cropped-cropped-cropped-cropped-3-1.png\",\"contentUrl\":\"https:\\\/\\\/cvinoticias.com\\\/wp-content\\\/uploads\\\/2023\\\/04\\\/cropped-cropped-cropped-cropped-cropped-3-1.png\",\"width\":95,\"height\":122,\"caption\":\"CVI NOTICIAS\"},\"image\":{\"@id\":\"https:\\\/\\\/cvinoticias.com\\\/v3\\\/#\\\/schema\\\/logo\\\/image\\\/\"},\"sameAs\":[\"https:\\\/\\\/www.facebook.com\\\/cvinoticias\",\"https:\\\/\\\/www.instagram.com\\\/cvinoticias\\\/\",\"https:\\\/\\\/www.youtube.com\\\/@CVINOTICIAS\"]},{\"@type\":\"Person\",\"@id\":\"https:\\\/\\\/cvinoticias.com\\\/v3\\\/#\\\/schema\\\/person\\\/2db77e3c6bc03c538495d7b2b8be9b66\",\"name\":\"f1000024\",\"image\":{\"@type\":\"ImageObject\",\"inLanguage\":\"es\",\"@id\":\"https:\\\/\\\/secure.gravatar.com\\\/avatar\\\/d4fe7459cfc51ff5129ce1a732bbef5928568b8092d412ef95611616376bbeed?s=96&d=mm&r=g\",\"url\":\"https:\\\/\\\/secure.gravatar.com\\\/avatar\\\/d4fe7459cfc51ff5129ce1a732bbef5928568b8092d412ef95611616376bbeed?s=96&d=mm&r=g\",\"contentUrl\":\"https:\\\/\\\/secure.gravatar.com\\\/avatar\\\/d4fe7459cfc51ff5129ce1a732bbef5928568b8092d412ef95611616376bbeed?s=96&d=mm&r=g\",\"caption\":\"f1000024\"},\"url\":\"https:\\\/\\\/cvinoticias.com\\\/v3\\\/author\\\/f1000024\\\/\"}]}<\/script>\n<!-- \/ Yoast SEO plugin. -->","yoast_head_json":{"title":"El Cuerpo de Bomberos Voluntarios de Iguaz\u00fa recibi\u00f3 una importante donaci\u00f3n de una ONG de M\u00e1laga | CVI NOTICIAS","robots":{"index":"index","follow":"follow","max-snippet":"max-snippet:-1","max-image-preview":"max-image-preview:large","max-video-preview":"max-video-preview:-1"},"canonical":"https:\/\/cvinoticias.com\/v3\/el-cuerpo-de-bomberos-voluntarios-de-iguazu-recibio-una-importante-donacion-de-una-ong-de-malaga\/","og_locale":"es_ES","og_type":"article","og_title":"El Cuerpo de Bomberos Voluntarios de Iguaz\u00fa recibi\u00f3 una importante donaci\u00f3n de una ONG de M\u00e1laga | CVI NOTICIAS","og_description":"El Cuerpo de Bomberos Voluntarios de Iguaz\u00fa recibi\u00f3 una importante donaci\u00f3n de una ONG de M\u00e1laga, Espa\u00f1a, gracias a un trabajo conjunto con la Asociaci\u00f3n de Bomberos Voluntarios de Moreno, Buenos Aires. La donaci\u00f3n, que incluye equipamiento especializado, ser\u00e1 distribuida el pr\u00f3ximo 26 de octubre entre 16 asociaciones de bomberos de la provincia de Misiones.Entre [&hellip;]","og_url":"https:\/\/cvinoticias.com\/v3\/el-cuerpo-de-bomberos-voluntarios-de-iguazu-recibio-una-importante-donacion-de-una-ong-de-malaga\/","og_site_name":"CVI NOTICIAS","article_publisher":"https:\/\/www.facebook.com\/cvinoticias","article_published_time":"2024-09-26T15:04:46+00:00","article_modified_time":"2024-09-26T15:05:11+00:00","og_image":[{"width":1599,"height":899,"url":"https:\/\/cvinoticias.com\/wp-content\/uploads\/2024\/09\/IMG-20240924-WA0146.jpg","type":"image\/jpeg"}],"author":"f1000024","twitter_card":"summary_large_image","twitter_misc":{"Escrito por":"f1000024","Tiempo de lectura":"1 minuto"},"schema":{"@context":"https:\/\/schema.org","@graph":[{"@type":"Article","@id":"https:\/\/cvinoticias.com\/v3\/el-cuerpo-de-bomberos-voluntarios-de-iguazu-recibio-una-importante-donacion-de-una-ong-de-malaga\/#article","isPartOf":{"@id":"https:\/\/cvinoticias.com\/v3\/el-cuerpo-de-bomberos-voluntarios-de-iguazu-recibio-una-importante-donacion-de-una-ong-de-malaga\/"},"author":{"name":"f1000024","@id":"https:\/\/cvinoticias.com\/v3\/#\/schema\/person\/2db77e3c6bc03c538495d7b2b8be9b66"},"headline":"El Cuerpo de Bomberos Voluntarios de Iguaz\u00fa recibi\u00f3 una importante donaci\u00f3n de una ONG de M\u00e1laga","datePublished":"2024-09-26T15:04:46+00:00","dateModified":"2024-09-26T15:05:11+00:00","mainEntityOfPage":{"@id":"https:\/\/cvinoticias.com\/v3\/el-cuerpo-de-bomberos-voluntarios-de-iguazu-recibio-una-importante-donacion-de-una-ong-de-malaga\/"},"wordCount":133,"commentCount":0,"publisher":{"@id":"https:\/\/cvinoticias.com\/v3\/#organization"},"image":{"@id":"https:\/\/cvinoticias.com\/v3\/el-cuerpo-de-bomberos-voluntarios-de-iguazu-recibio-una-importante-donacion-de-una-ong-de-malaga\/#primaryimage"},"thumbnailUrl":"https:\/\/cvinoticias.com\/wp-content\/uploads\/2024\/09\/IMG-20240924-WA0146.jpg","articleSection":["Locales"],"inLanguage":"es","potentialAction":[{"@type":"CommentAction","name":"Comment","target":["https:\/\/cvinoticias.com\/v3\/el-cuerpo-de-bomberos-voluntarios-de-iguazu-recibio-una-importante-donacion-de-una-ong-de-malaga\/#respond"]}]},{"@type":"WebPage","@id":"https:\/\/cvinoticias.com\/v3\/el-cuerpo-de-bomberos-voluntarios-de-iguazu-recibio-una-importante-donacion-de-una-ong-de-malaga\/","url":"https:\/\/cvinoticias.com\/v3\/el-cuerpo-de-bomberos-voluntarios-de-iguazu-recibio-una-importante-donacion-de-una-ong-de-malaga\/","name":"El Cuerpo de Bomberos Voluntarios de Iguaz\u00fa recibi\u00f3 una importante donaci\u00f3n de una ONG de M\u00e1laga | CVI NOTICIAS","isPartOf":{"@id":"https:\/\/cvinoticias.com\/v3\/#website"},"primaryImageOfPage":{"@id":"https:\/\/cvinoticias.com\/v3\/el-cuerpo-de-bomberos-voluntarios-de-iguazu-recibio-una-importante-donacion-de-una-ong-de-malaga\/#primaryimage"},"image":{"@id":"https:\/\/cvinoticias.com\/v3\/el-cuerpo-de-bomberos-voluntarios-de-iguazu-recibio-una-importante-donacion-de-una-ong-de-malaga\/#primaryimage"},"thumbnailUrl":"https:\/\/cvinoticias.com\/wp-content\/uploads\/2024\/09\/IMG-20240924-WA0146.jpg","datePublished":"2024-09-26T15:04:46+00:00","dateModified":"2024-09-26T15:05:11+00:00","breadcrumb":{"@id":"https:\/\/cvinoticias.com\/v3\/el-cuerpo-de-bomberos-voluntarios-de-iguazu-recibio-una-importante-donacion-de-una-ong-de-malaga\/#breadcrumb"},"inLanguage":"es","potentialAction":[{"@type":"ReadAction","target":["https:\/\/cvinoticias.com\/v3\/el-cuerpo-de-bomberos-voluntarios-de-iguazu-recibio-una-importante-donacion-de-una-ong-de-malaga\/"]}]},{"@type":"ImageObject","inLanguage":"es","@id":"https:\/\/cvinoticias.com\/v3\/el-cuerpo-de-bomberos-voluntarios-de-iguazu-recibio-una-importante-donacion-de-una-ong-de-malaga\/#primaryimage","url":"https:\/\/cvinoticias.com\/wp-content\/uploads\/2024\/09\/IMG-20240924-WA0146.jpg","contentUrl":"https:\/\/cvinoticias.com\/wp-content\/uploads\/2024\/09\/IMG-20240924-WA0146.jpg","width":1599,"height":899},{"@type":"BreadcrumbList","@id":"https:\/\/cvinoticias.com\/v3\/el-cuerpo-de-bomberos-voluntarios-de-iguazu-recibio-una-importante-donacion-de-una-ong-de-malaga\/#breadcrumb","itemListElement":[{"@type":"ListItem","position":1,"name":"Portada","item":"https:\/\/cvinoticias.com\/v3\/"},{"@type":"ListItem","position":2,"name":"El Cuerpo de Bomberos Voluntarios de Iguaz\u00fa recibi\u00f3 una importante donaci\u00f3n de una ONG de M\u00e1laga"}]},{"@type":"WebSite","@id":"https:\/\/cvinoticias.com\/v3\/#website","url":"https:\/\/cvinoticias.com\/v3\/","name":"CVI NOTICIAS","description":"","publisher":{"@id":"https:\/\/cvinoticias.com\/v3\/#organization"},"alternateName":"CVI","potentialAction":[{"@type":"SearchAction","target":{"@type":"EntryPoint","urlTemplate":"https:\/\/cvinoticias.com\/v3\/?s={search_term_string}"},"query-input":{"@type":"PropertyValueSpecification","valueRequired":true,"valueName":"search_term_string"}}],"inLanguage":"es"},{"@type":"Organization","@id":"https:\/\/cvinoticias.com\/v3\/#organization","name":"CVI NOTICIAS","url":"https:\/\/cvinoticias.com\/v3\/","logo":{"@type":"ImageObject","inLanguage":"es","@id":"https:\/\/cvinoticias.com\/v3\/#\/schema\/logo\/image\/","url":"https:\/\/cvinoticias.com\/wp-content\/uploads\/2023\/04\/cropped-cropped-cropped-cropped-cropped-3-1.png","contentUrl":"https:\/\/cvinoticias.com\/wp-content\/uploads\/2023\/04\/cropped-cropped-cropped-cropped-cropped-3-1.png","width":95,"height":122,"caption":"CVI NOTICIAS"},"image":{"@id":"https:\/\/cvinoticias.com\/v3\/#\/schema\/logo\/image\/"},"sameAs":["https:\/\/www.facebook.com\/cvinoticias","https:\/\/www.instagram.com\/cvinoticias\/","https:\/\/www.youtube.com\/@CVINOTICIAS"]},{"@type":"Person","@id":"https:\/\/cvinoticias.com\/v3\/#\/schema\/person\/2db77e3c6bc03c538495d7b2b8be9b66","name":"f1000024","image":{"@type":"ImageObject","inLanguage":"es","@id":"https:\/\/secure.gravatar.com\/avatar\/d4fe7459cfc51ff5129ce1a732bbef5928568b8092d412ef95611616376bbeed?s=96&d=mm&r=g","url":"https:\/\/secure.gravatar.com\/avatar\/d4fe7459cfc51ff5129ce1a732bbef5928568b8092d412ef95611616376bbeed?s=96&d=mm&r=g","contentUrl":"https:\/\/secure.gravatar.com\/avatar\/d4fe7459cfc51ff5129ce1a732bbef5928568b8092d412ef95611616376bbeed?s=96&d=mm&r=g","caption":"f1000024"},"url":"https:\/\/cvinoticias.com\/v3\/author\/f1000024\/"}]}},"_links":{"self":[{"href":"https:\/\/cvinoticias.com\/v3\/wp-json\/wp\/v2\/posts\/36534","targetHints":{"allow":["GET"]}}],"collection":[{"href":"https:\/\/cvinoticias.com\/v3\/wp-json\/wp\/v2\/posts"}],"about":[{"href":"https:\/\/cvinoticias.com\/v3\/wp-json\/wp\/v2\/types\/post"}],"author":[{"embeddable":true,"href":"https:\/\/cvinoticias.com\/v3\/wp-json\/wp\/v2\/users\/2"}],"replies":[{"embeddable":true,"href":"https:\/\/cvinoticias.com\/v3\/wp-json\/wp\/v2\/comments?post=36534"}],"version-history":[{"count":1,"href":"https:\/\/cvinoticias.com\/v3\/wp-json\/wp\/v2\/posts\/36534\/revisions"}],"predecessor-version":[{"id":36537,"href":"https:\/\/cvinoticias.com\/v3\/wp-json\/wp\/v2\/posts\/36534\/revisions\/36537"}],"wp:featuredmedia":[{"embeddable":true,"href":"https:\/\/cvinoticias.com\/v3\/wp-json\/wp\/v2\/media\/36535"}],"wp:attachment":[{"href":"https:\/\/cvinoticias.com\/v3\/wp-json\/wp\/v2\/media?parent=36534"}],"wp:term":[{"taxonomy":"category","embeddable":true,"href":"https:\/\/cvinoticias.com\/v3\/wp-json\/wp\/v2\/categories?post=36534"},{"taxonomy":"post_tag","embeddable":true,"href":"https:\/\/cvinoticias.com\/v3\/wp-json\/wp\/v2\/tags?post=36534"}],"curies":[{"name":"wp","href":"https:\/\/api.w.org\/{rel}","templated":true}]}}