{"id":36528,"date":"2024-09-26T09:04:39","date_gmt":"2024-09-26T12:04:39","guid":{"rendered":"https:\/\/cvinoticias.com\/v3\/?p=36528"},"modified":"2024-09-26T09:04:57","modified_gmt":"2024-09-26T12:04:57","slug":"iguazu-se-prepara-para-participar-en-la-proxima-edicion-de-la-feria-internacional-de-turismo-fit","status":"publish","type":"post","link":"https:\/\/cvinoticias.com\/v3\/iguazu-se-prepara-para-participar-en-la-proxima-edicion-de-la-feria-internacional-de-turismo-fit\/","title":{"rendered":"Iguaz\u00fa se prepara para participar en la pr\u00f3xima edici\u00f3n de la Feria Internacional de Turismo (FIT)"},"content":{"rendered":"\n<p>Iguaz\u00fa se prepara para participar en la pr\u00f3xima edici\u00f3n de la Feria Internacional de Turismo (FIT), presentando un stand mixto que combinar\u00e1 un espacio institucional con diez escritorios para el sector privado.<\/p>\n\n\n\n<p>El destino tur\u00edstico l\u00edder busca mostrar su oferta completa, destacando su naturaleza, eventos, gastronom\u00eda, hoteler\u00eda sustentable y numerosos atractivos. Los visitantes podr\u00e1n disfrutar de degustaciones de yerba mate, alfajores de mandioca y otras especialidades locales.<\/p>\n\n\n\n<figure class=\"wp-block-image size-large is-resized\"><a href=\"https:\/\/cvinoticias.com\/wp-content\/uploads\/2024\/09\/IMG-20240924-WA0141.jpg\"><img decoding=\"async\" width=\"1024\" height=\"682\" data-src=\"https:\/\/cvinoticias.com\/wp-content\/uploads\/2024\/09\/IMG-20240924-WA0141-1024x682.jpg\" alt=\"\" class=\"wp-image-36529 lazyload\" style=\"--smush-placeholder-width: 1024px; --smush-placeholder-aspect-ratio: 1024\/682;width:648px;height:auto\" data-srcset=\"https:\/\/cvinoticias.com\/wp-content\/uploads\/2024\/09\/IMG-20240924-WA0141-1024x682.jpg 1024w, https:\/\/cvinoticias.com\/wp-content\/uploads\/2024\/09\/IMG-20240924-WA0141-300x200.jpg 300w, https:\/\/cvinoticias.com\/wp-content\/uploads\/2024\/09\/IMG-20240924-WA0141-768x512.jpg 768w, https:\/\/cvinoticias.com\/wp-content\/uploads\/2024\/09\/IMG-20240924-WA0141-1536x1023.jpg 1536w, https:\/\/cvinoticias.com\/wp-content\/uploads\/2024\/09\/IMG-20240924-WA0141.jpg 1600w\" data-sizes=\"(max-width: 1024px) 100vw, 1024px\" src=\"data:image\/svg+xml;base64,PHN2ZyB3aWR0aD0iMSIgaGVpZ2h0PSIxIiB4bWxucz0iaHR0cDovL3d3dy53My5vcmcvMjAwMC9zdmciPjwvc3ZnPg==\" \/><\/a><\/figure>\n\n\n\n<p>Tras el \u00e9xito de la edici\u00f3n 2023, Iguaz\u00fa espera superar sus resultados y consolidarse como uno de los destinos m\u00e1s elegidos por los turistas.<\/p>\n\n\n\n<p> La promoci\u00f3n conjunta entre el Municipio, el Ente de Turismo y el sector privado es clave para su crecimiento.Iguaz\u00fa ofrece una amplia gama de actividades y opciones para todos los gustos, desde maravillas naturales hasta propuestas culturales y gastron\u00f3micas. <\/p>\n\n\n\n<p>Su hoteler\u00eda sustentable y certificada es un ejemplo de su compromiso con la biodiversidad y la sustentabilidad.Recientemente, la promotora del cuidado de la biodiversidad y la sustentabilidad, Jane Goodall, visit\u00f3 Iguaz\u00fa, destacando su trabajo en la protecci\u00f3n de la naturaleza.<\/p>\n\n\n\n<p>El \u00abPlan de Acci\u00f3n Sostenible\u00bb busca generar un impacto econ\u00f3mico y social positivo, asegurando empleo y educaci\u00f3n para la comunidad local.Adem\u00e1s, Iguaz\u00fa se posiciona como una puerta de entrada al pa\u00eds, gracias a su conectividad a\u00e9rea y estrat\u00e9gica ubicaci\u00f3n.<\/p>\n\n\n\n<p>En eventos como Gnetwork360 y Meet Up, Iguaz\u00fa presenta sus propuestas para el turismo LGBT y de eventos, consolid\u00e1ndose como un destino inclusivo y atractivo.<\/p>\n","protected":false},"excerpt":{"rendered":"<p>Iguaz\u00fa se prepara para participar en la pr\u00f3xima edici\u00f3n de la Feria Internacional de Turismo (FIT), presentando un stand mixto que combinar\u00e1 un espacio institucional con diez escritorios para el sector privado. El destino tur\u00edstico l\u00edder busca mostrar su oferta completa, destacando su naturaleza, eventos, gastronom\u00eda, hoteler\u00eda sustentable y numerosos atractivos. Los visitantes podr\u00e1n disfrutar [&hellip;]<\/p>\n","protected":false},"author":2,"featured_media":36530,"comment_status":"open","ping_status":"open","sticky":false,"template":"","format":"standard","meta":{"footnotes":""},"categories":[29],"tags":[],"class_list":["post-36528","post","type-post","status-publish","format-standard","has-post-thumbnail","hentry","category-locales"],"yoast_head":"<!-- This site is optimized with the Yoast SEO plugin v27.5 - https:\/\/yoast.com\/product\/yoast-seo-wordpress\/ -->\n<title>Iguaz\u00fa se prepara para participar en la pr\u00f3xima edici\u00f3n de la Feria Internacional de Turismo (FIT) | CVI NOTICIAS<\/title>\n<meta name=\"robots\" content=\"index, follow, max-snippet:-1, max-image-preview:large, max-video-preview:-1\" \/>\n<link rel=\"canonical\" href=\"https:\/\/cvinoticias.com\/v3\/iguazu-se-prepara-para-participar-en-la-proxima-edicion-de-la-feria-internacional-de-turismo-fit\/\" \/>\n<meta property=\"og:locale\" content=\"es_ES\" \/>\n<meta property=\"og:type\" content=\"article\" \/>\n<meta property=\"og:title\" content=\"Iguaz\u00fa se prepara para participar en la pr\u00f3xima edici\u00f3n de la Feria Internacional de Turismo (FIT) | CVI NOTICIAS\" \/>\n<meta property=\"og:description\" content=\"Iguaz\u00fa se prepara para participar en la pr\u00f3xima edici\u00f3n de la Feria Internacional de Turismo (FIT), presentando un stand mixto que combinar\u00e1 un espacio institucional con diez escritorios para el sector privado. El destino tur\u00edstico l\u00edder busca mostrar su oferta completa, destacando su naturaleza, eventos, gastronom\u00eda, hoteler\u00eda sustentable y numerosos atractivos. Los visitantes podr\u00e1n disfrutar [&hellip;]\" \/>\n<meta property=\"og:url\" content=\"https:\/\/cvinoticias.com\/v3\/iguazu-se-prepara-para-participar-en-la-proxima-edicion-de-la-feria-internacional-de-turismo-fit\/\" \/>\n<meta property=\"og:site_name\" content=\"CVI NOTICIAS\" \/>\n<meta property=\"article:publisher\" content=\"https:\/\/www.facebook.com\/cvinoticias\" \/>\n<meta property=\"article:published_time\" content=\"2024-09-26T12:04:39+00:00\" \/>\n<meta property=\"article:modified_time\" content=\"2024-09-26T12:04:57+00:00\" \/>\n<meta property=\"og:image\" content=\"https:\/\/cvinoticias.com\/wp-content\/uploads\/2024\/09\/IMG-20240924-WA0142.jpg\" \/>\n\t<meta property=\"og:image:width\" content=\"1600\" \/>\n\t<meta property=\"og:image:height\" content=\"1066\" \/>\n\t<meta property=\"og:image:type\" content=\"image\/jpeg\" \/>\n<meta name=\"author\" content=\"f1000024\" \/>\n<meta name=\"twitter:card\" content=\"summary_large_image\" \/>\n<meta name=\"twitter:label1\" content=\"Escrito por\" \/>\n\t<meta name=\"twitter:data1\" content=\"f1000024\" \/>\n\t<meta name=\"twitter:label2\" content=\"Tiempo de lectura\" \/>\n\t<meta name=\"twitter:data2\" content=\"2 minutos\" \/>\n<script type=\"application\/ld+json\" class=\"yoast-schema-graph\">{\"@context\":\"https:\\\/\\\/schema.org\",\"@graph\":[{\"@type\":\"Article\",\"@id\":\"https:\\\/\\\/cvinoticias.com\\\/v3\\\/iguazu-se-prepara-para-participar-en-la-proxima-edicion-de-la-feria-internacional-de-turismo-fit\\\/#article\",\"isPartOf\":{\"@id\":\"https:\\\/\\\/cvinoticias.com\\\/v3\\\/iguazu-se-prepara-para-participar-en-la-proxima-edicion-de-la-feria-internacional-de-turismo-fit\\\/\"},\"author\":{\"name\":\"f1000024\",\"@id\":\"https:\\\/\\\/cvinoticias.com\\\/v3\\\/#\\\/schema\\\/person\\\/2db77e3c6bc03c538495d7b2b8be9b66\"},\"headline\":\"Iguaz\u00fa se prepara para participar en la pr\u00f3xima edici\u00f3n de la Feria Internacional de Turismo (FIT)\",\"datePublished\":\"2024-09-26T12:04:39+00:00\",\"dateModified\":\"2024-09-26T12:04:57+00:00\",\"mainEntityOfPage\":{\"@id\":\"https:\\\/\\\/cvinoticias.com\\\/v3\\\/iguazu-se-prepara-para-participar-en-la-proxima-edicion-de-la-feria-internacional-de-turismo-fit\\\/\"},\"wordCount\":276,\"commentCount\":0,\"publisher\":{\"@id\":\"https:\\\/\\\/cvinoticias.com\\\/v3\\\/#organization\"},\"image\":{\"@id\":\"https:\\\/\\\/cvinoticias.com\\\/v3\\\/iguazu-se-prepara-para-participar-en-la-proxima-edicion-de-la-feria-internacional-de-turismo-fit\\\/#primaryimage\"},\"thumbnailUrl\":\"https:\\\/\\\/cvinoticias.com\\\/wp-content\\\/uploads\\\/2024\\\/09\\\/IMG-20240924-WA0142.jpg\",\"articleSection\":[\"Locales\"],\"inLanguage\":\"es\",\"potentialAction\":[{\"@type\":\"CommentAction\",\"name\":\"Comment\",\"target\":[\"https:\\\/\\\/cvinoticias.com\\\/v3\\\/iguazu-se-prepara-para-participar-en-la-proxima-edicion-de-la-feria-internacional-de-turismo-fit\\\/#respond\"]}]},{\"@type\":\"WebPage\",\"@id\":\"https:\\\/\\\/cvinoticias.com\\\/v3\\\/iguazu-se-prepara-para-participar-en-la-proxima-edicion-de-la-feria-internacional-de-turismo-fit\\\/\",\"url\":\"https:\\\/\\\/cvinoticias.com\\\/v3\\\/iguazu-se-prepara-para-participar-en-la-proxima-edicion-de-la-feria-internacional-de-turismo-fit\\\/\",\"name\":\"Iguaz\u00fa se prepara para participar en la pr\u00f3xima edici\u00f3n de la Feria Internacional de Turismo (FIT) | CVI NOTICIAS\",\"isPartOf\":{\"@id\":\"https:\\\/\\\/cvinoticias.com\\\/v3\\\/#website\"},\"primaryImageOfPage\":{\"@id\":\"https:\\\/\\\/cvinoticias.com\\\/v3\\\/iguazu-se-prepara-para-participar-en-la-proxima-edicion-de-la-feria-internacional-de-turismo-fit\\\/#primaryimage\"},\"image\":{\"@id\":\"https:\\\/\\\/cvinoticias.com\\\/v3\\\/iguazu-se-prepara-para-participar-en-la-proxima-edicion-de-la-feria-internacional-de-turismo-fit\\\/#primaryimage\"},\"thumbnailUrl\":\"https:\\\/\\\/cvinoticias.com\\\/wp-content\\\/uploads\\\/2024\\\/09\\\/IMG-20240924-WA0142.jpg\",\"datePublished\":\"2024-09-26T12:04:39+00:00\",\"dateModified\":\"2024-09-26T12:04:57+00:00\",\"breadcrumb\":{\"@id\":\"https:\\\/\\\/cvinoticias.com\\\/v3\\\/iguazu-se-prepara-para-participar-en-la-proxima-edicion-de-la-feria-internacional-de-turismo-fit\\\/#breadcrumb\"},\"inLanguage\":\"es\",\"potentialAction\":[{\"@type\":\"ReadAction\",\"target\":[\"https:\\\/\\\/cvinoticias.com\\\/v3\\\/iguazu-se-prepara-para-participar-en-la-proxima-edicion-de-la-feria-internacional-de-turismo-fit\\\/\"]}]},{\"@type\":\"ImageObject\",\"inLanguage\":\"es\",\"@id\":\"https:\\\/\\\/cvinoticias.com\\\/v3\\\/iguazu-se-prepara-para-participar-en-la-proxima-edicion-de-la-feria-internacional-de-turismo-fit\\\/#primaryimage\",\"url\":\"https:\\\/\\\/cvinoticias.com\\\/wp-content\\\/uploads\\\/2024\\\/09\\\/IMG-20240924-WA0142.jpg\",\"contentUrl\":\"https:\\\/\\\/cvinoticias.com\\\/wp-content\\\/uploads\\\/2024\\\/09\\\/IMG-20240924-WA0142.jpg\",\"width\":1600,\"height\":1066},{\"@type\":\"BreadcrumbList\",\"@id\":\"https:\\\/\\\/cvinoticias.com\\\/v3\\\/iguazu-se-prepara-para-participar-en-la-proxima-edicion-de-la-feria-internacional-de-turismo-fit\\\/#breadcrumb\",\"itemListElement\":[{\"@type\":\"ListItem\",\"position\":1,\"name\":\"Portada\",\"item\":\"https:\\\/\\\/cvinoticias.com\\\/v3\\\/\"},{\"@type\":\"ListItem\",\"position\":2,\"name\":\"Iguaz\u00fa se prepara para participar en la pr\u00f3xima edici\u00f3n de la Feria Internacional de Turismo (FIT)\"}]},{\"@type\":\"WebSite\",\"@id\":\"https:\\\/\\\/cvinoticias.com\\\/v3\\\/#website\",\"url\":\"https:\\\/\\\/cvinoticias.com\\\/v3\\\/\",\"name\":\"CVI NOTICIAS\",\"description\":\"\",\"publisher\":{\"@id\":\"https:\\\/\\\/cvinoticias.com\\\/v3\\\/#organization\"},\"alternateName\":\"CVI\",\"potentialAction\":[{\"@type\":\"SearchAction\",\"target\":{\"@type\":\"EntryPoint\",\"urlTemplate\":\"https:\\\/\\\/cvinoticias.com\\\/v3\\\/?s={search_term_string}\"},\"query-input\":{\"@type\":\"PropertyValueSpecification\",\"valueRequired\":true,\"valueName\":\"search_term_string\"}}],\"inLanguage\":\"es\"},{\"@type\":\"Organization\",\"@id\":\"https:\\\/\\\/cvinoticias.com\\\/v3\\\/#organization\",\"name\":\"CVI NOTICIAS\",\"url\":\"https:\\\/\\\/cvinoticias.com\\\/v3\\\/\",\"logo\":{\"@type\":\"ImageObject\",\"inLanguage\":\"es\",\"@id\":\"https:\\\/\\\/cvinoticias.com\\\/v3\\\/#\\\/schema\\\/logo\\\/image\\\/\",\"url\":\"https:\\\/\\\/cvinoticias.com\\\/wp-content\\\/uploads\\\/2023\\\/04\\\/cropped-cropped-cropped-cropped-cropped-3-1.png\",\"contentUrl\":\"https:\\\/\\\/cvinoticias.com\\\/wp-content\\\/uploads\\\/2023\\\/04\\\/cropped-cropped-cropped-cropped-cropped-3-1.png\",\"width\":95,\"height\":122,\"caption\":\"CVI NOTICIAS\"},\"image\":{\"@id\":\"https:\\\/\\\/cvinoticias.com\\\/v3\\\/#\\\/schema\\\/logo\\\/image\\\/\"},\"sameAs\":[\"https:\\\/\\\/www.facebook.com\\\/cvinoticias\",\"https:\\\/\\\/www.instagram.com\\\/cvinoticias\\\/\",\"https:\\\/\\\/www.youtube.com\\\/@CVINOTICIAS\"]},{\"@type\":\"Person\",\"@id\":\"https:\\\/\\\/cvinoticias.com\\\/v3\\\/#\\\/schema\\\/person\\\/2db77e3c6bc03c538495d7b2b8be9b66\",\"name\":\"f1000024\",\"image\":{\"@type\":\"ImageObject\",\"inLanguage\":\"es\",\"@id\":\"https:\\\/\\\/secure.gravatar.com\\\/avatar\\\/d4fe7459cfc51ff5129ce1a732bbef5928568b8092d412ef95611616376bbeed?s=96&d=mm&r=g\",\"url\":\"https:\\\/\\\/secure.gravatar.com\\\/avatar\\\/d4fe7459cfc51ff5129ce1a732bbef5928568b8092d412ef95611616376bbeed?s=96&d=mm&r=g\",\"contentUrl\":\"https:\\\/\\\/secure.gravatar.com\\\/avatar\\\/d4fe7459cfc51ff5129ce1a732bbef5928568b8092d412ef95611616376bbeed?s=96&d=mm&r=g\",\"caption\":\"f1000024\"},\"url\":\"https:\\\/\\\/cvinoticias.com\\\/v3\\\/author\\\/f1000024\\\/\"}]}<\/script>\n<!-- \/ Yoast SEO plugin. -->","yoast_head_json":{"title":"Iguaz\u00fa se prepara para participar en la pr\u00f3xima edici\u00f3n de la Feria Internacional de Turismo (FIT) | CVI NOTICIAS","robots":{"index":"index","follow":"follow","max-snippet":"max-snippet:-1","max-image-preview":"max-image-preview:large","max-video-preview":"max-video-preview:-1"},"canonical":"https:\/\/cvinoticias.com\/v3\/iguazu-se-prepara-para-participar-en-la-proxima-edicion-de-la-feria-internacional-de-turismo-fit\/","og_locale":"es_ES","og_type":"article","og_title":"Iguaz\u00fa se prepara para participar en la pr\u00f3xima edici\u00f3n de la Feria Internacional de Turismo (FIT) | CVI NOTICIAS","og_description":"Iguaz\u00fa se prepara para participar en la pr\u00f3xima edici\u00f3n de la Feria Internacional de Turismo (FIT), presentando un stand mixto que combinar\u00e1 un espacio institucional con diez escritorios para el sector privado. El destino tur\u00edstico l\u00edder busca mostrar su oferta completa, destacando su naturaleza, eventos, gastronom\u00eda, hoteler\u00eda sustentable y numerosos atractivos. Los visitantes podr\u00e1n disfrutar [&hellip;]","og_url":"https:\/\/cvinoticias.com\/v3\/iguazu-se-prepara-para-participar-en-la-proxima-edicion-de-la-feria-internacional-de-turismo-fit\/","og_site_name":"CVI NOTICIAS","article_publisher":"https:\/\/www.facebook.com\/cvinoticias","article_published_time":"2024-09-26T12:04:39+00:00","article_modified_time":"2024-09-26T12:04:57+00:00","og_image":[{"width":1600,"height":1066,"url":"https:\/\/cvinoticias.com\/wp-content\/uploads\/2024\/09\/IMG-20240924-WA0142.jpg","type":"image\/jpeg"}],"author":"f1000024","twitter_card":"summary_large_image","twitter_misc":{"Escrito por":"f1000024","Tiempo de lectura":"2 minutos"},"schema":{"@context":"https:\/\/schema.org","@graph":[{"@type":"Article","@id":"https:\/\/cvinoticias.com\/v3\/iguazu-se-prepara-para-participar-en-la-proxima-edicion-de-la-feria-internacional-de-turismo-fit\/#article","isPartOf":{"@id":"https:\/\/cvinoticias.com\/v3\/iguazu-se-prepara-para-participar-en-la-proxima-edicion-de-la-feria-internacional-de-turismo-fit\/"},"author":{"name":"f1000024","@id":"https:\/\/cvinoticias.com\/v3\/#\/schema\/person\/2db77e3c6bc03c538495d7b2b8be9b66"},"headline":"Iguaz\u00fa se prepara para participar en la pr\u00f3xima edici\u00f3n de la Feria Internacional de Turismo (FIT)","datePublished":"2024-09-26T12:04:39+00:00","dateModified":"2024-09-26T12:04:57+00:00","mainEntityOfPage":{"@id":"https:\/\/cvinoticias.com\/v3\/iguazu-se-prepara-para-participar-en-la-proxima-edicion-de-la-feria-internacional-de-turismo-fit\/"},"wordCount":276,"commentCount":0,"publisher":{"@id":"https:\/\/cvinoticias.com\/v3\/#organization"},"image":{"@id":"https:\/\/cvinoticias.com\/v3\/iguazu-se-prepara-para-participar-en-la-proxima-edicion-de-la-feria-internacional-de-turismo-fit\/#primaryimage"},"thumbnailUrl":"https:\/\/cvinoticias.com\/wp-content\/uploads\/2024\/09\/IMG-20240924-WA0142.jpg","articleSection":["Locales"],"inLanguage":"es","potentialAction":[{"@type":"CommentAction","name":"Comment","target":["https:\/\/cvinoticias.com\/v3\/iguazu-se-prepara-para-participar-en-la-proxima-edicion-de-la-feria-internacional-de-turismo-fit\/#respond"]}]},{"@type":"WebPage","@id":"https:\/\/cvinoticias.com\/v3\/iguazu-se-prepara-para-participar-en-la-proxima-edicion-de-la-feria-internacional-de-turismo-fit\/","url":"https:\/\/cvinoticias.com\/v3\/iguazu-se-prepara-para-participar-en-la-proxima-edicion-de-la-feria-internacional-de-turismo-fit\/","name":"Iguaz\u00fa se prepara para participar en la pr\u00f3xima edici\u00f3n de la Feria Internacional de Turismo (FIT) | CVI NOTICIAS","isPartOf":{"@id":"https:\/\/cvinoticias.com\/v3\/#website"},"primaryImageOfPage":{"@id":"https:\/\/cvinoticias.com\/v3\/iguazu-se-prepara-para-participar-en-la-proxima-edicion-de-la-feria-internacional-de-turismo-fit\/#primaryimage"},"image":{"@id":"https:\/\/cvinoticias.com\/v3\/iguazu-se-prepara-para-participar-en-la-proxima-edicion-de-la-feria-internacional-de-turismo-fit\/#primaryimage"},"thumbnailUrl":"https:\/\/cvinoticias.com\/wp-content\/uploads\/2024\/09\/IMG-20240924-WA0142.jpg","datePublished":"2024-09-26T12:04:39+00:00","dateModified":"2024-09-26T12:04:57+00:00","breadcrumb":{"@id":"https:\/\/cvinoticias.com\/v3\/iguazu-se-prepara-para-participar-en-la-proxima-edicion-de-la-feria-internacional-de-turismo-fit\/#breadcrumb"},"inLanguage":"es","potentialAction":[{"@type":"ReadAction","target":["https:\/\/cvinoticias.com\/v3\/iguazu-se-prepara-para-participar-en-la-proxima-edicion-de-la-feria-internacional-de-turismo-fit\/"]}]},{"@type":"ImageObject","inLanguage":"es","@id":"https:\/\/cvinoticias.com\/v3\/iguazu-se-prepara-para-participar-en-la-proxima-edicion-de-la-feria-internacional-de-turismo-fit\/#primaryimage","url":"https:\/\/cvinoticias.com\/wp-content\/uploads\/2024\/09\/IMG-20240924-WA0142.jpg","contentUrl":"https:\/\/cvinoticias.com\/wp-content\/uploads\/2024\/09\/IMG-20240924-WA0142.jpg","width":1600,"height":1066},{"@type":"BreadcrumbList","@id":"https:\/\/cvinoticias.com\/v3\/iguazu-se-prepara-para-participar-en-la-proxima-edicion-de-la-feria-internacional-de-turismo-fit\/#breadcrumb","itemListElement":[{"@type":"ListItem","position":1,"name":"Portada","item":"https:\/\/cvinoticias.com\/v3\/"},{"@type":"ListItem","position":2,"name":"Iguaz\u00fa se prepara para participar en la pr\u00f3xima edici\u00f3n de la Feria Internacional de Turismo (FIT)"}]},{"@type":"WebSite","@id":"https:\/\/cvinoticias.com\/v3\/#website","url":"https:\/\/cvinoticias.com\/v3\/","name":"CVI NOTICIAS","description":"","publisher":{"@id":"https:\/\/cvinoticias.com\/v3\/#organization"},"alternateName":"CVI","potentialAction":[{"@type":"SearchAction","target":{"@type":"EntryPoint","urlTemplate":"https:\/\/cvinoticias.com\/v3\/?s={search_term_string}"},"query-input":{"@type":"PropertyValueSpecification","valueRequired":true,"valueName":"search_term_string"}}],"inLanguage":"es"},{"@type":"Organization","@id":"https:\/\/cvinoticias.com\/v3\/#organization","name":"CVI NOTICIAS","url":"https:\/\/cvinoticias.com\/v3\/","logo":{"@type":"ImageObject","inLanguage":"es","@id":"https:\/\/cvinoticias.com\/v3\/#\/schema\/logo\/image\/","url":"https:\/\/cvinoticias.com\/wp-content\/uploads\/2023\/04\/cropped-cropped-cropped-cropped-cropped-3-1.png","contentUrl":"https:\/\/cvinoticias.com\/wp-content\/uploads\/2023\/04\/cropped-cropped-cropped-cropped-cropped-3-1.png","width":95,"height":122,"caption":"CVI NOTICIAS"},"image":{"@id":"https:\/\/cvinoticias.com\/v3\/#\/schema\/logo\/image\/"},"sameAs":["https:\/\/www.facebook.com\/cvinoticias","https:\/\/www.instagram.com\/cvinoticias\/","https:\/\/www.youtube.com\/@CVINOTICIAS"]},{"@type":"Person","@id":"https:\/\/cvinoticias.com\/v3\/#\/schema\/person\/2db77e3c6bc03c538495d7b2b8be9b66","name":"f1000024","image":{"@type":"ImageObject","inLanguage":"es","@id":"https:\/\/secure.gravatar.com\/avatar\/d4fe7459cfc51ff5129ce1a732bbef5928568b8092d412ef95611616376bbeed?s=96&d=mm&r=g","url":"https:\/\/secure.gravatar.com\/avatar\/d4fe7459cfc51ff5129ce1a732bbef5928568b8092d412ef95611616376bbeed?s=96&d=mm&r=g","contentUrl":"https:\/\/secure.gravatar.com\/avatar\/d4fe7459cfc51ff5129ce1a732bbef5928568b8092d412ef95611616376bbeed?s=96&d=mm&r=g","caption":"f1000024"},"url":"https:\/\/cvinoticias.com\/v3\/author\/f1000024\/"}]}},"_links":{"self":[{"href":"https:\/\/cvinoticias.com\/v3\/wp-json\/wp\/v2\/posts\/36528","targetHints":{"allow":["GET"]}}],"collection":[{"href":"https:\/\/cvinoticias.com\/v3\/wp-json\/wp\/v2\/posts"}],"about":[{"href":"https:\/\/cvinoticias.com\/v3\/wp-json\/wp\/v2\/types\/post"}],"author":[{"embeddable":true,"href":"https:\/\/cvinoticias.com\/v3\/wp-json\/wp\/v2\/users\/2"}],"replies":[{"embeddable":true,"href":"https:\/\/cvinoticias.com\/v3\/wp-json\/wp\/v2\/comments?post=36528"}],"version-history":[{"count":1,"href":"https:\/\/cvinoticias.com\/v3\/wp-json\/wp\/v2\/posts\/36528\/revisions"}],"predecessor-version":[{"id":36531,"href":"https:\/\/cvinoticias.com\/v3\/wp-json\/wp\/v2\/posts\/36528\/revisions\/36531"}],"wp:featuredmedia":[{"embeddable":true,"href":"https:\/\/cvinoticias.com\/v3\/wp-json\/wp\/v2\/media\/36530"}],"wp:attachment":[{"href":"https:\/\/cvinoticias.com\/v3\/wp-json\/wp\/v2\/media?parent=36528"}],"wp:term":[{"taxonomy":"category","embeddable":true,"href":"https:\/\/cvinoticias.com\/v3\/wp-json\/wp\/v2\/categories?post=36528"},{"taxonomy":"post_tag","embeddable":true,"href":"https:\/\/cvinoticias.com\/v3\/wp-json\/wp\/v2\/tags?post=36528"}],"curies":[{"name":"wp","href":"https:\/\/api.w.org\/{rel}","templated":true}]}}