{"id":36482,"date":"2024-09-20T16:40:24","date_gmt":"2024-09-20T19:40:24","guid":{"rendered":"https:\/\/cvinoticias.com\/v3\/?p=36482"},"modified":"2024-09-20T16:40:26","modified_gmt":"2024-09-20T19:40:26","slug":"la-motopapanoelada-iguazu-organiza-una-venta-de-noquis-para-recaudar-fondos-para-su-evento-solidario-del-21-de-diciembre","status":"publish","type":"post","link":"https:\/\/cvinoticias.com\/v3\/la-motopapanoelada-iguazu-organiza-una-venta-de-noquis-para-recaudar-fondos-para-su-evento-solidario-del-21-de-diciembre\/","title":{"rendered":"La Motopapanoelada Iguaz\u00fa organiza una venta de \u00f1oquis para recaudar fondos para su evento solidario del 21 de diciembre."},"content":{"rendered":"\n<p>La venta sera este 29 de septiembre, a un precio de $6.000 y los pedidos lo pueden realizar al 3757-544654La comunidad est\u00e1 invitada a apoyar esta iniciativa solidaria y disfrutar de unos deliciosos \u00f1oquis. Los fondos recaudados beneficiar\u00e1n a los peque\u00f1os que celebraran la navidad de la mejor manera.<\/p>\n\n\n\n<p><strong>Redacci\u00f3n: Juan Barreto<\/strong><\/p>\n\n\n\n<p><\/p>\n","protected":false},"excerpt":{"rendered":"<p>La venta sera este 29 de septiembre, a un precio de $6.000 y los pedidos lo pueden realizar al 3757-544654La comunidad est\u00e1 invitada a apoyar esta iniciativa solidaria y disfrutar de unos deliciosos \u00f1oquis. Los fondos recaudados beneficiar\u00e1n a los peque\u00f1os que celebraran la navidad de la mejor manera. Redacci\u00f3n: Juan Barreto<\/p>\n","protected":false},"author":2,"featured_media":36483,"comment_status":"open","ping_status":"open","sticky":false,"template":"","format":"standard","meta":{"footnotes":""},"categories":[29],"tags":[],"class_list":["post-36482","post","type-post","status-publish","format-standard","has-post-thumbnail","hentry","category-locales"],"yoast_head":"<!-- This site is optimized with the Yoast SEO plugin v27.5 - https:\/\/yoast.com\/product\/yoast-seo-wordpress\/ -->\n<title>La Motopapanoelada Iguaz\u00fa organiza una venta de \u00f1oquis para recaudar fondos para su evento solidario del 21 de diciembre. | CVI NOTICIAS<\/title>\n<meta name=\"robots\" content=\"index, follow, max-snippet:-1, max-image-preview:large, max-video-preview:-1\" \/>\n<link rel=\"canonical\" href=\"https:\/\/cvinoticias.com\/v3\/la-motopapanoelada-iguazu-organiza-una-venta-de-noquis-para-recaudar-fondos-para-su-evento-solidario-del-21-de-diciembre\/\" \/>\n<meta property=\"og:locale\" content=\"es_ES\" \/>\n<meta property=\"og:type\" content=\"article\" \/>\n<meta property=\"og:title\" content=\"La Motopapanoelada Iguaz\u00fa organiza una venta de \u00f1oquis para recaudar fondos para su evento solidario del 21 de diciembre. | CVI NOTICIAS\" \/>\n<meta property=\"og:description\" content=\"La venta sera este 29 de septiembre, a un precio de $6.000 y los pedidos lo pueden realizar al 3757-544654La comunidad est\u00e1 invitada a apoyar esta iniciativa solidaria y disfrutar de unos deliciosos \u00f1oquis. Los fondos recaudados beneficiar\u00e1n a los peque\u00f1os que celebraran la navidad de la mejor manera. Redacci\u00f3n: Juan Barreto\" \/>\n<meta property=\"og:url\" content=\"https:\/\/cvinoticias.com\/v3\/la-motopapanoelada-iguazu-organiza-una-venta-de-noquis-para-recaudar-fondos-para-su-evento-solidario-del-21-de-diciembre\/\" \/>\n<meta property=\"og:site_name\" content=\"CVI NOTICIAS\" \/>\n<meta property=\"article:publisher\" content=\"https:\/\/www.facebook.com\/cvinoticias\" \/>\n<meta property=\"article:published_time\" content=\"2024-09-20T19:40:24+00:00\" \/>\n<meta property=\"article:modified_time\" content=\"2024-09-20T19:40:26+00:00\" \/>\n<meta property=\"og:image\" content=\"https:\/\/cvinoticias.com\/wp-content\/uploads\/2024\/09\/IMG-20240920-WA0140.jpg\" \/>\n\t<meta property=\"og:image:width\" content=\"899\" \/>\n\t<meta property=\"og:image:height\" content=\"1599\" \/>\n\t<meta property=\"og:image:type\" content=\"image\/jpeg\" \/>\n<meta name=\"author\" content=\"f1000024\" \/>\n<meta name=\"twitter:card\" content=\"summary_large_image\" \/>\n<meta name=\"twitter:label1\" content=\"Escrito por\" \/>\n\t<meta name=\"twitter:data1\" content=\"f1000024\" \/>\n\t<meta name=\"twitter:label2\" content=\"Tiempo de lectura\" \/>\n\t<meta name=\"twitter:data2\" content=\"1 minuto\" \/>\n<script type=\"application\/ld+json\" class=\"yoast-schema-graph\">{\"@context\":\"https:\\\/\\\/schema.org\",\"@graph\":[{\"@type\":\"Article\",\"@id\":\"https:\\\/\\\/cvinoticias.com\\\/v3\\\/la-motopapanoelada-iguazu-organiza-una-venta-de-noquis-para-recaudar-fondos-para-su-evento-solidario-del-21-de-diciembre\\\/#article\",\"isPartOf\":{\"@id\":\"https:\\\/\\\/cvinoticias.com\\\/v3\\\/la-motopapanoelada-iguazu-organiza-una-venta-de-noquis-para-recaudar-fondos-para-su-evento-solidario-del-21-de-diciembre\\\/\"},\"author\":{\"name\":\"f1000024\",\"@id\":\"https:\\\/\\\/cvinoticias.com\\\/v3\\\/#\\\/schema\\\/person\\\/2db77e3c6bc03c538495d7b2b8be9b66\"},\"headline\":\"La Motopapanoelada Iguaz\u00fa organiza una venta de \u00f1oquis para recaudar fondos para su evento solidario del 21 de diciembre.\",\"datePublished\":\"2024-09-20T19:40:24+00:00\",\"dateModified\":\"2024-09-20T19:40:26+00:00\",\"mainEntityOfPage\":{\"@id\":\"https:\\\/\\\/cvinoticias.com\\\/v3\\\/la-motopapanoelada-iguazu-organiza-una-venta-de-noquis-para-recaudar-fondos-para-su-evento-solidario-del-21-de-diciembre\\\/\"},\"wordCount\":72,\"commentCount\":0,\"publisher\":{\"@id\":\"https:\\\/\\\/cvinoticias.com\\\/v3\\\/#organization\"},\"image\":{\"@id\":\"https:\\\/\\\/cvinoticias.com\\\/v3\\\/la-motopapanoelada-iguazu-organiza-una-venta-de-noquis-para-recaudar-fondos-para-su-evento-solidario-del-21-de-diciembre\\\/#primaryimage\"},\"thumbnailUrl\":\"https:\\\/\\\/cvinoticias.com\\\/wp-content\\\/uploads\\\/2024\\\/09\\\/IMG-20240920-WA0140.jpg\",\"articleSection\":[\"Locales\"],\"inLanguage\":\"es\",\"potentialAction\":[{\"@type\":\"CommentAction\",\"name\":\"Comment\",\"target\":[\"https:\\\/\\\/cvinoticias.com\\\/v3\\\/la-motopapanoelada-iguazu-organiza-una-venta-de-noquis-para-recaudar-fondos-para-su-evento-solidario-del-21-de-diciembre\\\/#respond\"]}]},{\"@type\":\"WebPage\",\"@id\":\"https:\\\/\\\/cvinoticias.com\\\/v3\\\/la-motopapanoelada-iguazu-organiza-una-venta-de-noquis-para-recaudar-fondos-para-su-evento-solidario-del-21-de-diciembre\\\/\",\"url\":\"https:\\\/\\\/cvinoticias.com\\\/v3\\\/la-motopapanoelada-iguazu-organiza-una-venta-de-noquis-para-recaudar-fondos-para-su-evento-solidario-del-21-de-diciembre\\\/\",\"name\":\"La Motopapanoelada Iguaz\u00fa organiza una venta de \u00f1oquis para recaudar fondos para su evento solidario del 21 de diciembre. | CVI NOTICIAS\",\"isPartOf\":{\"@id\":\"https:\\\/\\\/cvinoticias.com\\\/v3\\\/#website\"},\"primaryImageOfPage\":{\"@id\":\"https:\\\/\\\/cvinoticias.com\\\/v3\\\/la-motopapanoelada-iguazu-organiza-una-venta-de-noquis-para-recaudar-fondos-para-su-evento-solidario-del-21-de-diciembre\\\/#primaryimage\"},\"image\":{\"@id\":\"https:\\\/\\\/cvinoticias.com\\\/v3\\\/la-motopapanoelada-iguazu-organiza-una-venta-de-noquis-para-recaudar-fondos-para-su-evento-solidario-del-21-de-diciembre\\\/#primaryimage\"},\"thumbnailUrl\":\"https:\\\/\\\/cvinoticias.com\\\/wp-content\\\/uploads\\\/2024\\\/09\\\/IMG-20240920-WA0140.jpg\",\"datePublished\":\"2024-09-20T19:40:24+00:00\",\"dateModified\":\"2024-09-20T19:40:26+00:00\",\"breadcrumb\":{\"@id\":\"https:\\\/\\\/cvinoticias.com\\\/v3\\\/la-motopapanoelada-iguazu-organiza-una-venta-de-noquis-para-recaudar-fondos-para-su-evento-solidario-del-21-de-diciembre\\\/#breadcrumb\"},\"inLanguage\":\"es\",\"potentialAction\":[{\"@type\":\"ReadAction\",\"target\":[\"https:\\\/\\\/cvinoticias.com\\\/v3\\\/la-motopapanoelada-iguazu-organiza-una-venta-de-noquis-para-recaudar-fondos-para-su-evento-solidario-del-21-de-diciembre\\\/\"]}]},{\"@type\":\"ImageObject\",\"inLanguage\":\"es\",\"@id\":\"https:\\\/\\\/cvinoticias.com\\\/v3\\\/la-motopapanoelada-iguazu-organiza-una-venta-de-noquis-para-recaudar-fondos-para-su-evento-solidario-del-21-de-diciembre\\\/#primaryimage\",\"url\":\"https:\\\/\\\/cvinoticias.com\\\/wp-content\\\/uploads\\\/2024\\\/09\\\/IMG-20240920-WA0140.jpg\",\"contentUrl\":\"https:\\\/\\\/cvinoticias.com\\\/wp-content\\\/uploads\\\/2024\\\/09\\\/IMG-20240920-WA0140.jpg\",\"width\":899,\"height\":1599},{\"@type\":\"BreadcrumbList\",\"@id\":\"https:\\\/\\\/cvinoticias.com\\\/v3\\\/la-motopapanoelada-iguazu-organiza-una-venta-de-noquis-para-recaudar-fondos-para-su-evento-solidario-del-21-de-diciembre\\\/#breadcrumb\",\"itemListElement\":[{\"@type\":\"ListItem\",\"position\":1,\"name\":\"Portada\",\"item\":\"https:\\\/\\\/cvinoticias.com\\\/v3\\\/\"},{\"@type\":\"ListItem\",\"position\":2,\"name\":\"La Motopapanoelada Iguaz\u00fa organiza una venta de \u00f1oquis para recaudar fondos para su evento solidario del 21 de diciembre.\"}]},{\"@type\":\"WebSite\",\"@id\":\"https:\\\/\\\/cvinoticias.com\\\/v3\\\/#website\",\"url\":\"https:\\\/\\\/cvinoticias.com\\\/v3\\\/\",\"name\":\"CVI NOTICIAS\",\"description\":\"\",\"publisher\":{\"@id\":\"https:\\\/\\\/cvinoticias.com\\\/v3\\\/#organization\"},\"alternateName\":\"CVI\",\"potentialAction\":[{\"@type\":\"SearchAction\",\"target\":{\"@type\":\"EntryPoint\",\"urlTemplate\":\"https:\\\/\\\/cvinoticias.com\\\/v3\\\/?s={search_term_string}\"},\"query-input\":{\"@type\":\"PropertyValueSpecification\",\"valueRequired\":true,\"valueName\":\"search_term_string\"}}],\"inLanguage\":\"es\"},{\"@type\":\"Organization\",\"@id\":\"https:\\\/\\\/cvinoticias.com\\\/v3\\\/#organization\",\"name\":\"CVI NOTICIAS\",\"url\":\"https:\\\/\\\/cvinoticias.com\\\/v3\\\/\",\"logo\":{\"@type\":\"ImageObject\",\"inLanguage\":\"es\",\"@id\":\"https:\\\/\\\/cvinoticias.com\\\/v3\\\/#\\\/schema\\\/logo\\\/image\\\/\",\"url\":\"https:\\\/\\\/cvinoticias.com\\\/wp-content\\\/uploads\\\/2023\\\/04\\\/cropped-cropped-cropped-cropped-cropped-3-1.png\",\"contentUrl\":\"https:\\\/\\\/cvinoticias.com\\\/wp-content\\\/uploads\\\/2023\\\/04\\\/cropped-cropped-cropped-cropped-cropped-3-1.png\",\"width\":95,\"height\":122,\"caption\":\"CVI NOTICIAS\"},\"image\":{\"@id\":\"https:\\\/\\\/cvinoticias.com\\\/v3\\\/#\\\/schema\\\/logo\\\/image\\\/\"},\"sameAs\":[\"https:\\\/\\\/www.facebook.com\\\/cvinoticias\",\"https:\\\/\\\/www.instagram.com\\\/cvinoticias\\\/\",\"https:\\\/\\\/www.youtube.com\\\/@CVINOTICIAS\"]},{\"@type\":\"Person\",\"@id\":\"https:\\\/\\\/cvinoticias.com\\\/v3\\\/#\\\/schema\\\/person\\\/2db77e3c6bc03c538495d7b2b8be9b66\",\"name\":\"f1000024\",\"image\":{\"@type\":\"ImageObject\",\"inLanguage\":\"es\",\"@id\":\"https:\\\/\\\/secure.gravatar.com\\\/avatar\\\/d4fe7459cfc51ff5129ce1a732bbef5928568b8092d412ef95611616376bbeed?s=96&d=mm&r=g\",\"url\":\"https:\\\/\\\/secure.gravatar.com\\\/avatar\\\/d4fe7459cfc51ff5129ce1a732bbef5928568b8092d412ef95611616376bbeed?s=96&d=mm&r=g\",\"contentUrl\":\"https:\\\/\\\/secure.gravatar.com\\\/avatar\\\/d4fe7459cfc51ff5129ce1a732bbef5928568b8092d412ef95611616376bbeed?s=96&d=mm&r=g\",\"caption\":\"f1000024\"},\"url\":\"https:\\\/\\\/cvinoticias.com\\\/v3\\\/author\\\/f1000024\\\/\"}]}<\/script>\n<!-- \/ Yoast SEO plugin. -->","yoast_head_json":{"title":"La Motopapanoelada Iguaz\u00fa organiza una venta de \u00f1oquis para recaudar fondos para su evento solidario del 21 de diciembre. | CVI NOTICIAS","robots":{"index":"index","follow":"follow","max-snippet":"max-snippet:-1","max-image-preview":"max-image-preview:large","max-video-preview":"max-video-preview:-1"},"canonical":"https:\/\/cvinoticias.com\/v3\/la-motopapanoelada-iguazu-organiza-una-venta-de-noquis-para-recaudar-fondos-para-su-evento-solidario-del-21-de-diciembre\/","og_locale":"es_ES","og_type":"article","og_title":"La Motopapanoelada Iguaz\u00fa organiza una venta de \u00f1oquis para recaudar fondos para su evento solidario del 21 de diciembre. | CVI NOTICIAS","og_description":"La venta sera este 29 de septiembre, a un precio de $6.000 y los pedidos lo pueden realizar al 3757-544654La comunidad est\u00e1 invitada a apoyar esta iniciativa solidaria y disfrutar de unos deliciosos \u00f1oquis. Los fondos recaudados beneficiar\u00e1n a los peque\u00f1os que celebraran la navidad de la mejor manera. Redacci\u00f3n: Juan Barreto","og_url":"https:\/\/cvinoticias.com\/v3\/la-motopapanoelada-iguazu-organiza-una-venta-de-noquis-para-recaudar-fondos-para-su-evento-solidario-del-21-de-diciembre\/","og_site_name":"CVI NOTICIAS","article_publisher":"https:\/\/www.facebook.com\/cvinoticias","article_published_time":"2024-09-20T19:40:24+00:00","article_modified_time":"2024-09-20T19:40:26+00:00","og_image":[{"width":899,"height":1599,"url":"https:\/\/cvinoticias.com\/wp-content\/uploads\/2024\/09\/IMG-20240920-WA0140.jpg","type":"image\/jpeg"}],"author":"f1000024","twitter_card":"summary_large_image","twitter_misc":{"Escrito por":"f1000024","Tiempo de lectura":"1 minuto"},"schema":{"@context":"https:\/\/schema.org","@graph":[{"@type":"Article","@id":"https:\/\/cvinoticias.com\/v3\/la-motopapanoelada-iguazu-organiza-una-venta-de-noquis-para-recaudar-fondos-para-su-evento-solidario-del-21-de-diciembre\/#article","isPartOf":{"@id":"https:\/\/cvinoticias.com\/v3\/la-motopapanoelada-iguazu-organiza-una-venta-de-noquis-para-recaudar-fondos-para-su-evento-solidario-del-21-de-diciembre\/"},"author":{"name":"f1000024","@id":"https:\/\/cvinoticias.com\/v3\/#\/schema\/person\/2db77e3c6bc03c538495d7b2b8be9b66"},"headline":"La Motopapanoelada Iguaz\u00fa organiza una venta de \u00f1oquis para recaudar fondos para su evento solidario del 21 de diciembre.","datePublished":"2024-09-20T19:40:24+00:00","dateModified":"2024-09-20T19:40:26+00:00","mainEntityOfPage":{"@id":"https:\/\/cvinoticias.com\/v3\/la-motopapanoelada-iguazu-organiza-una-venta-de-noquis-para-recaudar-fondos-para-su-evento-solidario-del-21-de-diciembre\/"},"wordCount":72,"commentCount":0,"publisher":{"@id":"https:\/\/cvinoticias.com\/v3\/#organization"},"image":{"@id":"https:\/\/cvinoticias.com\/v3\/la-motopapanoelada-iguazu-organiza-una-venta-de-noquis-para-recaudar-fondos-para-su-evento-solidario-del-21-de-diciembre\/#primaryimage"},"thumbnailUrl":"https:\/\/cvinoticias.com\/wp-content\/uploads\/2024\/09\/IMG-20240920-WA0140.jpg","articleSection":["Locales"],"inLanguage":"es","potentialAction":[{"@type":"CommentAction","name":"Comment","target":["https:\/\/cvinoticias.com\/v3\/la-motopapanoelada-iguazu-organiza-una-venta-de-noquis-para-recaudar-fondos-para-su-evento-solidario-del-21-de-diciembre\/#respond"]}]},{"@type":"WebPage","@id":"https:\/\/cvinoticias.com\/v3\/la-motopapanoelada-iguazu-organiza-una-venta-de-noquis-para-recaudar-fondos-para-su-evento-solidario-del-21-de-diciembre\/","url":"https:\/\/cvinoticias.com\/v3\/la-motopapanoelada-iguazu-organiza-una-venta-de-noquis-para-recaudar-fondos-para-su-evento-solidario-del-21-de-diciembre\/","name":"La Motopapanoelada Iguaz\u00fa organiza una venta de \u00f1oquis para recaudar fondos para su evento solidario del 21 de diciembre. | CVI NOTICIAS","isPartOf":{"@id":"https:\/\/cvinoticias.com\/v3\/#website"},"primaryImageOfPage":{"@id":"https:\/\/cvinoticias.com\/v3\/la-motopapanoelada-iguazu-organiza-una-venta-de-noquis-para-recaudar-fondos-para-su-evento-solidario-del-21-de-diciembre\/#primaryimage"},"image":{"@id":"https:\/\/cvinoticias.com\/v3\/la-motopapanoelada-iguazu-organiza-una-venta-de-noquis-para-recaudar-fondos-para-su-evento-solidario-del-21-de-diciembre\/#primaryimage"},"thumbnailUrl":"https:\/\/cvinoticias.com\/wp-content\/uploads\/2024\/09\/IMG-20240920-WA0140.jpg","datePublished":"2024-09-20T19:40:24+00:00","dateModified":"2024-09-20T19:40:26+00:00","breadcrumb":{"@id":"https:\/\/cvinoticias.com\/v3\/la-motopapanoelada-iguazu-organiza-una-venta-de-noquis-para-recaudar-fondos-para-su-evento-solidario-del-21-de-diciembre\/#breadcrumb"},"inLanguage":"es","potentialAction":[{"@type":"ReadAction","target":["https:\/\/cvinoticias.com\/v3\/la-motopapanoelada-iguazu-organiza-una-venta-de-noquis-para-recaudar-fondos-para-su-evento-solidario-del-21-de-diciembre\/"]}]},{"@type":"ImageObject","inLanguage":"es","@id":"https:\/\/cvinoticias.com\/v3\/la-motopapanoelada-iguazu-organiza-una-venta-de-noquis-para-recaudar-fondos-para-su-evento-solidario-del-21-de-diciembre\/#primaryimage","url":"https:\/\/cvinoticias.com\/wp-content\/uploads\/2024\/09\/IMG-20240920-WA0140.jpg","contentUrl":"https:\/\/cvinoticias.com\/wp-content\/uploads\/2024\/09\/IMG-20240920-WA0140.jpg","width":899,"height":1599},{"@type":"BreadcrumbList","@id":"https:\/\/cvinoticias.com\/v3\/la-motopapanoelada-iguazu-organiza-una-venta-de-noquis-para-recaudar-fondos-para-su-evento-solidario-del-21-de-diciembre\/#breadcrumb","itemListElement":[{"@type":"ListItem","position":1,"name":"Portada","item":"https:\/\/cvinoticias.com\/v3\/"},{"@type":"ListItem","position":2,"name":"La Motopapanoelada Iguaz\u00fa organiza una venta de \u00f1oquis para recaudar fondos para su evento solidario del 21 de diciembre."}]},{"@type":"WebSite","@id":"https:\/\/cvinoticias.com\/v3\/#website","url":"https:\/\/cvinoticias.com\/v3\/","name":"CVI NOTICIAS","description":"","publisher":{"@id":"https:\/\/cvinoticias.com\/v3\/#organization"},"alternateName":"CVI","potentialAction":[{"@type":"SearchAction","target":{"@type":"EntryPoint","urlTemplate":"https:\/\/cvinoticias.com\/v3\/?s={search_term_string}"},"query-input":{"@type":"PropertyValueSpecification","valueRequired":true,"valueName":"search_term_string"}}],"inLanguage":"es"},{"@type":"Organization","@id":"https:\/\/cvinoticias.com\/v3\/#organization","name":"CVI NOTICIAS","url":"https:\/\/cvinoticias.com\/v3\/","logo":{"@type":"ImageObject","inLanguage":"es","@id":"https:\/\/cvinoticias.com\/v3\/#\/schema\/logo\/image\/","url":"https:\/\/cvinoticias.com\/wp-content\/uploads\/2023\/04\/cropped-cropped-cropped-cropped-cropped-3-1.png","contentUrl":"https:\/\/cvinoticias.com\/wp-content\/uploads\/2023\/04\/cropped-cropped-cropped-cropped-cropped-3-1.png","width":95,"height":122,"caption":"CVI NOTICIAS"},"image":{"@id":"https:\/\/cvinoticias.com\/v3\/#\/schema\/logo\/image\/"},"sameAs":["https:\/\/www.facebook.com\/cvinoticias","https:\/\/www.instagram.com\/cvinoticias\/","https:\/\/www.youtube.com\/@CVINOTICIAS"]},{"@type":"Person","@id":"https:\/\/cvinoticias.com\/v3\/#\/schema\/person\/2db77e3c6bc03c538495d7b2b8be9b66","name":"f1000024","image":{"@type":"ImageObject","inLanguage":"es","@id":"https:\/\/secure.gravatar.com\/avatar\/d4fe7459cfc51ff5129ce1a732bbef5928568b8092d412ef95611616376bbeed?s=96&d=mm&r=g","url":"https:\/\/secure.gravatar.com\/avatar\/d4fe7459cfc51ff5129ce1a732bbef5928568b8092d412ef95611616376bbeed?s=96&d=mm&r=g","contentUrl":"https:\/\/secure.gravatar.com\/avatar\/d4fe7459cfc51ff5129ce1a732bbef5928568b8092d412ef95611616376bbeed?s=96&d=mm&r=g","caption":"f1000024"},"url":"https:\/\/cvinoticias.com\/v3\/author\/f1000024\/"}]}},"_links":{"self":[{"href":"https:\/\/cvinoticias.com\/v3\/wp-json\/wp\/v2\/posts\/36482","targetHints":{"allow":["GET"]}}],"collection":[{"href":"https:\/\/cvinoticias.com\/v3\/wp-json\/wp\/v2\/posts"}],"about":[{"href":"https:\/\/cvinoticias.com\/v3\/wp-json\/wp\/v2\/types\/post"}],"author":[{"embeddable":true,"href":"https:\/\/cvinoticias.com\/v3\/wp-json\/wp\/v2\/users\/2"}],"replies":[{"embeddable":true,"href":"https:\/\/cvinoticias.com\/v3\/wp-json\/wp\/v2\/comments?post=36482"}],"version-history":[{"count":1,"href":"https:\/\/cvinoticias.com\/v3\/wp-json\/wp\/v2\/posts\/36482\/revisions"}],"predecessor-version":[{"id":36484,"href":"https:\/\/cvinoticias.com\/v3\/wp-json\/wp\/v2\/posts\/36482\/revisions\/36484"}],"wp:featuredmedia":[{"embeddable":true,"href":"https:\/\/cvinoticias.com\/v3\/wp-json\/wp\/v2\/media\/36483"}],"wp:attachment":[{"href":"https:\/\/cvinoticias.com\/v3\/wp-json\/wp\/v2\/media?parent=36482"}],"wp:term":[{"taxonomy":"category","embeddable":true,"href":"https:\/\/cvinoticias.com\/v3\/wp-json\/wp\/v2\/categories?post=36482"},{"taxonomy":"post_tag","embeddable":true,"href":"https:\/\/cvinoticias.com\/v3\/wp-json\/wp\/v2\/tags?post=36482"}],"curies":[{"name":"wp","href":"https:\/\/api.w.org\/{rel}","templated":true}]}}