{"id":36441,"date":"2024-09-19T22:12:41","date_gmt":"2024-09-20T01:12:41","guid":{"rendered":"https:\/\/cvinoticias.com\/v3\/?p=36441"},"modified":"2024-09-19T22:12:55","modified_gmt":"2024-09-20T01:12:55","slug":"la-justicia-ordeno-la-detencion-de-policias-por-intento-de-sedicion-y-conspiracion","status":"publish","type":"post","link":"https:\/\/cvinoticias.com\/v3\/la-justicia-ordeno-la-detencion-de-policias-por-intento-de-sedicion-y-conspiracion\/","title":{"rendered":"La justicia orden\u00f3 la detenci\u00f3n de polic\u00edas por intento de sedici\u00f3n y conspiraci\u00f3n"},"content":{"rendered":"\n<p>En las \u00faltimas horas, la Justicia desarticul\u00f3 a una organizaci\u00f3n integrada por polic\u00edas en actividad y retirados que tendr\u00eda entre sus planes destituir a la c\u00fapula policial y generar malestar en la ciudadan\u00eda misionera._<\/p>\n\n\n\n<p>Hasta el momento hay 6 detenidos en la causa que investig\u00f3 e investiga el titular del Juzgado de Instrucci\u00f3n 3 de Posadas, el magistrado Fernando Ver\u00f3n, bajo la car\u00e1tula de Conspiraci\u00f3n Art. 233 y Sedici\u00f3n Art. 229, del C\u00f3digo Penal.No obstante, no se descarta que en las pr\u00f3ximas horas se puedan producir nuevas detenciones de otras personas con estado policial, que  tambi\u00e9n son investigadas en el marco de la misma causa.<\/p>\n\n\n\n<p>El intento de desestabilizaci\u00f3n lleg\u00f3 a manos de la Justicia provincial d\u00edas atr\u00e1s, luego de la detenci\u00f3n de un suboficial de la fuerza de seguridad, que adem\u00e1s de tener varias causas judiciales en curso, mantendr\u00eda una estrecha relaci\u00f3n con esta organizaci\u00f3n, que seg\u00fan se desprende de la investigaci\u00f3n, tendr\u00eda firmes intenciones de generar confusi\u00f3n en la instituci\u00f3n policial.<\/p>\n\n\n\n<p>Seg\u00fan confirmaron desde el juzgado interviniente, el peritaje del tel\u00e9fono celular del oficial fue clave para determinar las intenciones de la banda en cuesti\u00f3n, que ahora ya se encuentra a disposici\u00f3n de la Justicia.<\/p>\n\n\n\n<p>La Justicia orden\u00f3 la detenci\u00f3n tras conocerse el intercambio de mensajes entre miembros de la fuerza policial donde planeaban provocar incendios para forzar la salida de los cuarteles de bomberos de las autobombas y as\u00ed, en el lugar de los hechos, robarlas para bloquear avenidas y calles.<\/p>\n","protected":false},"excerpt":{"rendered":"<p>En las \u00faltimas horas, la Justicia desarticul\u00f3 a una organizaci\u00f3n integrada por polic\u00edas en actividad y retirados que tendr\u00eda entre sus planes destituir a la c\u00fapula policial y generar malestar en la ciudadan\u00eda misionera._ Hasta el momento hay 6 detenidos en la causa que investig\u00f3 e investiga el titular del Juzgado de Instrucci\u00f3n 3 de [&hellip;]<\/p>\n","protected":false},"author":2,"featured_media":36442,"comment_status":"open","ping_status":"open","sticky":false,"template":"","format":"standard","meta":{"footnotes":""},"categories":[41],"tags":[],"class_list":["post-36441","post","type-post","status-publish","format-standard","has-post-thumbnail","hentry","category-policiales"],"yoast_head":"<!-- This site is optimized with the Yoast SEO plugin v27.4 - https:\/\/yoast.com\/product\/yoast-seo-wordpress\/ -->\n<title>La justicia orden\u00f3 la detenci\u00f3n de polic\u00edas por intento de sedici\u00f3n y conspiraci\u00f3n | CVI NOTICIAS<\/title>\n<meta name=\"robots\" content=\"index, follow, max-snippet:-1, max-image-preview:large, max-video-preview:-1\" \/>\n<link rel=\"canonical\" href=\"https:\/\/cvinoticias.com\/v3\/la-justicia-ordeno-la-detencion-de-policias-por-intento-de-sedicion-y-conspiracion\/\" \/>\n<meta property=\"og:locale\" content=\"es_ES\" \/>\n<meta property=\"og:type\" content=\"article\" \/>\n<meta property=\"og:title\" content=\"La justicia orden\u00f3 la detenci\u00f3n de polic\u00edas por intento de sedici\u00f3n y conspiraci\u00f3n | CVI NOTICIAS\" \/>\n<meta property=\"og:description\" content=\"En las \u00faltimas horas, la Justicia desarticul\u00f3 a una organizaci\u00f3n integrada por polic\u00edas en actividad y retirados que tendr\u00eda entre sus planes destituir a la c\u00fapula policial y generar malestar en la ciudadan\u00eda misionera._ Hasta el momento hay 6 detenidos en la causa que investig\u00f3 e investiga el titular del Juzgado de Instrucci\u00f3n 3 de [&hellip;]\" \/>\n<meta property=\"og:url\" content=\"https:\/\/cvinoticias.com\/v3\/la-justicia-ordeno-la-detencion-de-policias-por-intento-de-sedicion-y-conspiracion\/\" \/>\n<meta property=\"og:site_name\" content=\"CVI NOTICIAS\" \/>\n<meta property=\"article:publisher\" content=\"https:\/\/www.facebook.com\/cvinoticias\" \/>\n<meta property=\"article:published_time\" content=\"2024-09-20T01:12:41+00:00\" \/>\n<meta property=\"article:modified_time\" content=\"2024-09-20T01:12:55+00:00\" \/>\n<meta property=\"og:image\" content=\"https:\/\/cvinoticias.com\/wp-content\/uploads\/2024\/09\/Screenshot_20240919-220954.png\" \/>\n\t<meta property=\"og:image:width\" content=\"1080\" \/>\n\t<meta property=\"og:image:height\" content=\"754\" \/>\n\t<meta property=\"og:image:type\" content=\"image\/png\" \/>\n<meta name=\"author\" content=\"f1000024\" \/>\n<meta name=\"twitter:card\" content=\"summary_large_image\" \/>\n<meta name=\"twitter:label1\" content=\"Escrito por\" \/>\n\t<meta name=\"twitter:data1\" content=\"f1000024\" \/>\n\t<meta name=\"twitter:label2\" content=\"Tiempo de lectura\" \/>\n\t<meta name=\"twitter:data2\" content=\"2 minutos\" \/>\n<script type=\"application\/ld+json\" class=\"yoast-schema-graph\">{\"@context\":\"https:\\\/\\\/schema.org\",\"@graph\":[{\"@type\":\"Article\",\"@id\":\"https:\\\/\\\/cvinoticias.com\\\/v3\\\/la-justicia-ordeno-la-detencion-de-policias-por-intento-de-sedicion-y-conspiracion\\\/#article\",\"isPartOf\":{\"@id\":\"https:\\\/\\\/cvinoticias.com\\\/v3\\\/la-justicia-ordeno-la-detencion-de-policias-por-intento-de-sedicion-y-conspiracion\\\/\"},\"author\":{\"name\":\"f1000024\",\"@id\":\"https:\\\/\\\/cvinoticias.com\\\/v3\\\/#\\\/schema\\\/person\\\/2db77e3c6bc03c538495d7b2b8be9b66\"},\"headline\":\"La justicia orden\u00f3 la detenci\u00f3n de polic\u00edas por intento de sedici\u00f3n y conspiraci\u00f3n\",\"datePublished\":\"2024-09-20T01:12:41+00:00\",\"dateModified\":\"2024-09-20T01:12:55+00:00\",\"mainEntityOfPage\":{\"@id\":\"https:\\\/\\\/cvinoticias.com\\\/v3\\\/la-justicia-ordeno-la-detencion-de-policias-por-intento-de-sedicion-y-conspiracion\\\/\"},\"wordCount\":289,\"commentCount\":0,\"publisher\":{\"@id\":\"https:\\\/\\\/cvinoticias.com\\\/v3\\\/#organization\"},\"image\":{\"@id\":\"https:\\\/\\\/cvinoticias.com\\\/v3\\\/la-justicia-ordeno-la-detencion-de-policias-por-intento-de-sedicion-y-conspiracion\\\/#primaryimage\"},\"thumbnailUrl\":\"https:\\\/\\\/cvinoticias.com\\\/wp-content\\\/uploads\\\/2024\\\/09\\\/Screenshot_20240919-220954.png\",\"articleSection\":[\"Policiales\"],\"inLanguage\":\"es\",\"potentialAction\":[{\"@type\":\"CommentAction\",\"name\":\"Comment\",\"target\":[\"https:\\\/\\\/cvinoticias.com\\\/v3\\\/la-justicia-ordeno-la-detencion-de-policias-por-intento-de-sedicion-y-conspiracion\\\/#respond\"]}]},{\"@type\":\"WebPage\",\"@id\":\"https:\\\/\\\/cvinoticias.com\\\/v3\\\/la-justicia-ordeno-la-detencion-de-policias-por-intento-de-sedicion-y-conspiracion\\\/\",\"url\":\"https:\\\/\\\/cvinoticias.com\\\/v3\\\/la-justicia-ordeno-la-detencion-de-policias-por-intento-de-sedicion-y-conspiracion\\\/\",\"name\":\"La justicia orden\u00f3 la detenci\u00f3n de polic\u00edas por intento de sedici\u00f3n y conspiraci\u00f3n | CVI NOTICIAS\",\"isPartOf\":{\"@id\":\"https:\\\/\\\/cvinoticias.com\\\/v3\\\/#website\"},\"primaryImageOfPage\":{\"@id\":\"https:\\\/\\\/cvinoticias.com\\\/v3\\\/la-justicia-ordeno-la-detencion-de-policias-por-intento-de-sedicion-y-conspiracion\\\/#primaryimage\"},\"image\":{\"@id\":\"https:\\\/\\\/cvinoticias.com\\\/v3\\\/la-justicia-ordeno-la-detencion-de-policias-por-intento-de-sedicion-y-conspiracion\\\/#primaryimage\"},\"thumbnailUrl\":\"https:\\\/\\\/cvinoticias.com\\\/wp-content\\\/uploads\\\/2024\\\/09\\\/Screenshot_20240919-220954.png\",\"datePublished\":\"2024-09-20T01:12:41+00:00\",\"dateModified\":\"2024-09-20T01:12:55+00:00\",\"breadcrumb\":{\"@id\":\"https:\\\/\\\/cvinoticias.com\\\/v3\\\/la-justicia-ordeno-la-detencion-de-policias-por-intento-de-sedicion-y-conspiracion\\\/#breadcrumb\"},\"inLanguage\":\"es\",\"potentialAction\":[{\"@type\":\"ReadAction\",\"target\":[\"https:\\\/\\\/cvinoticias.com\\\/v3\\\/la-justicia-ordeno-la-detencion-de-policias-por-intento-de-sedicion-y-conspiracion\\\/\"]}]},{\"@type\":\"ImageObject\",\"inLanguage\":\"es\",\"@id\":\"https:\\\/\\\/cvinoticias.com\\\/v3\\\/la-justicia-ordeno-la-detencion-de-policias-por-intento-de-sedicion-y-conspiracion\\\/#primaryimage\",\"url\":\"https:\\\/\\\/cvinoticias.com\\\/wp-content\\\/uploads\\\/2024\\\/09\\\/Screenshot_20240919-220954.png\",\"contentUrl\":\"https:\\\/\\\/cvinoticias.com\\\/wp-content\\\/uploads\\\/2024\\\/09\\\/Screenshot_20240919-220954.png\",\"width\":1080,\"height\":754},{\"@type\":\"BreadcrumbList\",\"@id\":\"https:\\\/\\\/cvinoticias.com\\\/v3\\\/la-justicia-ordeno-la-detencion-de-policias-por-intento-de-sedicion-y-conspiracion\\\/#breadcrumb\",\"itemListElement\":[{\"@type\":\"ListItem\",\"position\":1,\"name\":\"Portada\",\"item\":\"https:\\\/\\\/cvinoticias.com\\\/v3\\\/\"},{\"@type\":\"ListItem\",\"position\":2,\"name\":\"La justicia orden\u00f3 la detenci\u00f3n de polic\u00edas por intento de sedici\u00f3n y conspiraci\u00f3n\"}]},{\"@type\":\"WebSite\",\"@id\":\"https:\\\/\\\/cvinoticias.com\\\/v3\\\/#website\",\"url\":\"https:\\\/\\\/cvinoticias.com\\\/v3\\\/\",\"name\":\"CVI NOTICIAS\",\"description\":\"\",\"publisher\":{\"@id\":\"https:\\\/\\\/cvinoticias.com\\\/v3\\\/#organization\"},\"alternateName\":\"CVI\",\"potentialAction\":[{\"@type\":\"SearchAction\",\"target\":{\"@type\":\"EntryPoint\",\"urlTemplate\":\"https:\\\/\\\/cvinoticias.com\\\/v3\\\/?s={search_term_string}\"},\"query-input\":{\"@type\":\"PropertyValueSpecification\",\"valueRequired\":true,\"valueName\":\"search_term_string\"}}],\"inLanguage\":\"es\"},{\"@type\":\"Organization\",\"@id\":\"https:\\\/\\\/cvinoticias.com\\\/v3\\\/#organization\",\"name\":\"CVI NOTICIAS\",\"url\":\"https:\\\/\\\/cvinoticias.com\\\/v3\\\/\",\"logo\":{\"@type\":\"ImageObject\",\"inLanguage\":\"es\",\"@id\":\"https:\\\/\\\/cvinoticias.com\\\/v3\\\/#\\\/schema\\\/logo\\\/image\\\/\",\"url\":\"https:\\\/\\\/cvinoticias.com\\\/wp-content\\\/uploads\\\/2023\\\/04\\\/cropped-cropped-cropped-cropped-cropped-3-1.png\",\"contentUrl\":\"https:\\\/\\\/cvinoticias.com\\\/wp-content\\\/uploads\\\/2023\\\/04\\\/cropped-cropped-cropped-cropped-cropped-3-1.png\",\"width\":95,\"height\":122,\"caption\":\"CVI NOTICIAS\"},\"image\":{\"@id\":\"https:\\\/\\\/cvinoticias.com\\\/v3\\\/#\\\/schema\\\/logo\\\/image\\\/\"},\"sameAs\":[\"https:\\\/\\\/www.facebook.com\\\/cvinoticias\",\"https:\\\/\\\/www.instagram.com\\\/cvinoticias\\\/\",\"https:\\\/\\\/www.youtube.com\\\/@CVINOTICIAS\"]},{\"@type\":\"Person\",\"@id\":\"https:\\\/\\\/cvinoticias.com\\\/v3\\\/#\\\/schema\\\/person\\\/2db77e3c6bc03c538495d7b2b8be9b66\",\"name\":\"f1000024\",\"image\":{\"@type\":\"ImageObject\",\"inLanguage\":\"es\",\"@id\":\"https:\\\/\\\/secure.gravatar.com\\\/avatar\\\/d4fe7459cfc51ff5129ce1a732bbef5928568b8092d412ef95611616376bbeed?s=96&d=mm&r=g\",\"url\":\"https:\\\/\\\/secure.gravatar.com\\\/avatar\\\/d4fe7459cfc51ff5129ce1a732bbef5928568b8092d412ef95611616376bbeed?s=96&d=mm&r=g\",\"contentUrl\":\"https:\\\/\\\/secure.gravatar.com\\\/avatar\\\/d4fe7459cfc51ff5129ce1a732bbef5928568b8092d412ef95611616376bbeed?s=96&d=mm&r=g\",\"caption\":\"f1000024\"},\"url\":\"https:\\\/\\\/cvinoticias.com\\\/v3\\\/author\\\/f1000024\\\/\"}]}<\/script>\n<!-- \/ Yoast SEO plugin. -->","yoast_head_json":{"title":"La justicia orden\u00f3 la detenci\u00f3n de polic\u00edas por intento de sedici\u00f3n y conspiraci\u00f3n | CVI NOTICIAS","robots":{"index":"index","follow":"follow","max-snippet":"max-snippet:-1","max-image-preview":"max-image-preview:large","max-video-preview":"max-video-preview:-1"},"canonical":"https:\/\/cvinoticias.com\/v3\/la-justicia-ordeno-la-detencion-de-policias-por-intento-de-sedicion-y-conspiracion\/","og_locale":"es_ES","og_type":"article","og_title":"La justicia orden\u00f3 la detenci\u00f3n de polic\u00edas por intento de sedici\u00f3n y conspiraci\u00f3n | CVI NOTICIAS","og_description":"En las \u00faltimas horas, la Justicia desarticul\u00f3 a una organizaci\u00f3n integrada por polic\u00edas en actividad y retirados que tendr\u00eda entre sus planes destituir a la c\u00fapula policial y generar malestar en la ciudadan\u00eda misionera._ Hasta el momento hay 6 detenidos en la causa que investig\u00f3 e investiga el titular del Juzgado de Instrucci\u00f3n 3 de [&hellip;]","og_url":"https:\/\/cvinoticias.com\/v3\/la-justicia-ordeno-la-detencion-de-policias-por-intento-de-sedicion-y-conspiracion\/","og_site_name":"CVI NOTICIAS","article_publisher":"https:\/\/www.facebook.com\/cvinoticias","article_published_time":"2024-09-20T01:12:41+00:00","article_modified_time":"2024-09-20T01:12:55+00:00","og_image":[{"width":1080,"height":754,"url":"https:\/\/cvinoticias.com\/wp-content\/uploads\/2024\/09\/Screenshot_20240919-220954.png","type":"image\/png"}],"author":"f1000024","twitter_card":"summary_large_image","twitter_misc":{"Escrito por":"f1000024","Tiempo de lectura":"2 minutos"},"schema":{"@context":"https:\/\/schema.org","@graph":[{"@type":"Article","@id":"https:\/\/cvinoticias.com\/v3\/la-justicia-ordeno-la-detencion-de-policias-por-intento-de-sedicion-y-conspiracion\/#article","isPartOf":{"@id":"https:\/\/cvinoticias.com\/v3\/la-justicia-ordeno-la-detencion-de-policias-por-intento-de-sedicion-y-conspiracion\/"},"author":{"name":"f1000024","@id":"https:\/\/cvinoticias.com\/v3\/#\/schema\/person\/2db77e3c6bc03c538495d7b2b8be9b66"},"headline":"La justicia orden\u00f3 la detenci\u00f3n de polic\u00edas por intento de sedici\u00f3n y conspiraci\u00f3n","datePublished":"2024-09-20T01:12:41+00:00","dateModified":"2024-09-20T01:12:55+00:00","mainEntityOfPage":{"@id":"https:\/\/cvinoticias.com\/v3\/la-justicia-ordeno-la-detencion-de-policias-por-intento-de-sedicion-y-conspiracion\/"},"wordCount":289,"commentCount":0,"publisher":{"@id":"https:\/\/cvinoticias.com\/v3\/#organization"},"image":{"@id":"https:\/\/cvinoticias.com\/v3\/la-justicia-ordeno-la-detencion-de-policias-por-intento-de-sedicion-y-conspiracion\/#primaryimage"},"thumbnailUrl":"https:\/\/cvinoticias.com\/wp-content\/uploads\/2024\/09\/Screenshot_20240919-220954.png","articleSection":["Policiales"],"inLanguage":"es","potentialAction":[{"@type":"CommentAction","name":"Comment","target":["https:\/\/cvinoticias.com\/v3\/la-justicia-ordeno-la-detencion-de-policias-por-intento-de-sedicion-y-conspiracion\/#respond"]}]},{"@type":"WebPage","@id":"https:\/\/cvinoticias.com\/v3\/la-justicia-ordeno-la-detencion-de-policias-por-intento-de-sedicion-y-conspiracion\/","url":"https:\/\/cvinoticias.com\/v3\/la-justicia-ordeno-la-detencion-de-policias-por-intento-de-sedicion-y-conspiracion\/","name":"La justicia orden\u00f3 la detenci\u00f3n de polic\u00edas por intento de sedici\u00f3n y conspiraci\u00f3n | CVI NOTICIAS","isPartOf":{"@id":"https:\/\/cvinoticias.com\/v3\/#website"},"primaryImageOfPage":{"@id":"https:\/\/cvinoticias.com\/v3\/la-justicia-ordeno-la-detencion-de-policias-por-intento-de-sedicion-y-conspiracion\/#primaryimage"},"image":{"@id":"https:\/\/cvinoticias.com\/v3\/la-justicia-ordeno-la-detencion-de-policias-por-intento-de-sedicion-y-conspiracion\/#primaryimage"},"thumbnailUrl":"https:\/\/cvinoticias.com\/wp-content\/uploads\/2024\/09\/Screenshot_20240919-220954.png","datePublished":"2024-09-20T01:12:41+00:00","dateModified":"2024-09-20T01:12:55+00:00","breadcrumb":{"@id":"https:\/\/cvinoticias.com\/v3\/la-justicia-ordeno-la-detencion-de-policias-por-intento-de-sedicion-y-conspiracion\/#breadcrumb"},"inLanguage":"es","potentialAction":[{"@type":"ReadAction","target":["https:\/\/cvinoticias.com\/v3\/la-justicia-ordeno-la-detencion-de-policias-por-intento-de-sedicion-y-conspiracion\/"]}]},{"@type":"ImageObject","inLanguage":"es","@id":"https:\/\/cvinoticias.com\/v3\/la-justicia-ordeno-la-detencion-de-policias-por-intento-de-sedicion-y-conspiracion\/#primaryimage","url":"https:\/\/cvinoticias.com\/wp-content\/uploads\/2024\/09\/Screenshot_20240919-220954.png","contentUrl":"https:\/\/cvinoticias.com\/wp-content\/uploads\/2024\/09\/Screenshot_20240919-220954.png","width":1080,"height":754},{"@type":"BreadcrumbList","@id":"https:\/\/cvinoticias.com\/v3\/la-justicia-ordeno-la-detencion-de-policias-por-intento-de-sedicion-y-conspiracion\/#breadcrumb","itemListElement":[{"@type":"ListItem","position":1,"name":"Portada","item":"https:\/\/cvinoticias.com\/v3\/"},{"@type":"ListItem","position":2,"name":"La justicia orden\u00f3 la detenci\u00f3n de polic\u00edas por intento de sedici\u00f3n y conspiraci\u00f3n"}]},{"@type":"WebSite","@id":"https:\/\/cvinoticias.com\/v3\/#website","url":"https:\/\/cvinoticias.com\/v3\/","name":"CVI NOTICIAS","description":"","publisher":{"@id":"https:\/\/cvinoticias.com\/v3\/#organization"},"alternateName":"CVI","potentialAction":[{"@type":"SearchAction","target":{"@type":"EntryPoint","urlTemplate":"https:\/\/cvinoticias.com\/v3\/?s={search_term_string}"},"query-input":{"@type":"PropertyValueSpecification","valueRequired":true,"valueName":"search_term_string"}}],"inLanguage":"es"},{"@type":"Organization","@id":"https:\/\/cvinoticias.com\/v3\/#organization","name":"CVI NOTICIAS","url":"https:\/\/cvinoticias.com\/v3\/","logo":{"@type":"ImageObject","inLanguage":"es","@id":"https:\/\/cvinoticias.com\/v3\/#\/schema\/logo\/image\/","url":"https:\/\/cvinoticias.com\/wp-content\/uploads\/2023\/04\/cropped-cropped-cropped-cropped-cropped-3-1.png","contentUrl":"https:\/\/cvinoticias.com\/wp-content\/uploads\/2023\/04\/cropped-cropped-cropped-cropped-cropped-3-1.png","width":95,"height":122,"caption":"CVI NOTICIAS"},"image":{"@id":"https:\/\/cvinoticias.com\/v3\/#\/schema\/logo\/image\/"},"sameAs":["https:\/\/www.facebook.com\/cvinoticias","https:\/\/www.instagram.com\/cvinoticias\/","https:\/\/www.youtube.com\/@CVINOTICIAS"]},{"@type":"Person","@id":"https:\/\/cvinoticias.com\/v3\/#\/schema\/person\/2db77e3c6bc03c538495d7b2b8be9b66","name":"f1000024","image":{"@type":"ImageObject","inLanguage":"es","@id":"https:\/\/secure.gravatar.com\/avatar\/d4fe7459cfc51ff5129ce1a732bbef5928568b8092d412ef95611616376bbeed?s=96&d=mm&r=g","url":"https:\/\/secure.gravatar.com\/avatar\/d4fe7459cfc51ff5129ce1a732bbef5928568b8092d412ef95611616376bbeed?s=96&d=mm&r=g","contentUrl":"https:\/\/secure.gravatar.com\/avatar\/d4fe7459cfc51ff5129ce1a732bbef5928568b8092d412ef95611616376bbeed?s=96&d=mm&r=g","caption":"f1000024"},"url":"https:\/\/cvinoticias.com\/v3\/author\/f1000024\/"}]}},"_links":{"self":[{"href":"https:\/\/cvinoticias.com\/v3\/wp-json\/wp\/v2\/posts\/36441","targetHints":{"allow":["GET"]}}],"collection":[{"href":"https:\/\/cvinoticias.com\/v3\/wp-json\/wp\/v2\/posts"}],"about":[{"href":"https:\/\/cvinoticias.com\/v3\/wp-json\/wp\/v2\/types\/post"}],"author":[{"embeddable":true,"href":"https:\/\/cvinoticias.com\/v3\/wp-json\/wp\/v2\/users\/2"}],"replies":[{"embeddable":true,"href":"https:\/\/cvinoticias.com\/v3\/wp-json\/wp\/v2\/comments?post=36441"}],"version-history":[{"count":1,"href":"https:\/\/cvinoticias.com\/v3\/wp-json\/wp\/v2\/posts\/36441\/revisions"}],"predecessor-version":[{"id":36443,"href":"https:\/\/cvinoticias.com\/v3\/wp-json\/wp\/v2\/posts\/36441\/revisions\/36443"}],"wp:featuredmedia":[{"embeddable":true,"href":"https:\/\/cvinoticias.com\/v3\/wp-json\/wp\/v2\/media\/36442"}],"wp:attachment":[{"href":"https:\/\/cvinoticias.com\/v3\/wp-json\/wp\/v2\/media?parent=36441"}],"wp:term":[{"taxonomy":"category","embeddable":true,"href":"https:\/\/cvinoticias.com\/v3\/wp-json\/wp\/v2\/categories?post=36441"},{"taxonomy":"post_tag","embeddable":true,"href":"https:\/\/cvinoticias.com\/v3\/wp-json\/wp\/v2\/tags?post=36441"}],"curies":[{"name":"wp","href":"https:\/\/api.w.org\/{rel}","templated":true}]}}