{"id":36434,"date":"2024-09-19T17:42:05","date_gmt":"2024-09-19T20:42:05","guid":{"rendered":"https:\/\/cvinoticias.com\/v3\/?p=36434"},"modified":"2024-09-20T10:42:47","modified_gmt":"2024-09-20T13:42:47","slug":"cvi-brindo-una-capacitacion-en-el-uso-de-matafuegos-a-todo-el-personal","status":"publish","type":"post","link":"https:\/\/cvinoticias.com\/v3\/cvi-brindo-una-capacitacion-en-el-uso-de-matafuegos-a-todo-el-personal\/","title":{"rendered":"CVI brind\u00f3 una capacitaci\u00f3n en el uso de matafuegos a todo el personal"},"content":{"rendered":"\n<p>La empresa Cable Video Imagen (CVI) demostr\u00f3 su compromiso con la seguridad y bienestar de sus empleados al organizar una capacitaci\u00f3n en el uso de matafuegos para todo el personal.<\/p>\n\n\n\n<p>La sesi\u00f3n, dirigida por Cristian Salinas, encargado de Seguridad e Higiene, busc\u00f3 actualizar y reforzar los conocimientos y habilidades del equipo para enfrentar situaciones de emergencia.<\/p>\n\n\n\n<figure class=\"wp-block-gallery has-nested-images columns-default is-cropped wp-block-gallery-1 is-layout-flex wp-block-gallery-is-layout-flex\">\n<figure class=\"wp-block-image size-large\"><a href=\"https:\/\/cvinoticias.com\/wp-content\/uploads\/2024\/09\/IMG-20240919-WA0166.jpg\"><img decoding=\"async\" width=\"768\" height=\"1024\" data-id=\"36435\" data-src=\"https:\/\/cvinoticias.com\/wp-content\/uploads\/2024\/09\/IMG-20240919-WA0166-768x1024.jpg\" alt=\"\" class=\"wp-image-36435 lazyload\" data-srcset=\"https:\/\/cvinoticias.com\/wp-content\/uploads\/2024\/09\/IMG-20240919-WA0166-768x1024.jpg 768w, https:\/\/cvinoticias.com\/wp-content\/uploads\/2024\/09\/IMG-20240919-WA0166-225x300.jpg 225w, https:\/\/cvinoticias.com\/wp-content\/uploads\/2024\/09\/IMG-20240919-WA0166.jpg 960w\" data-sizes=\"(max-width: 768px) 100vw, 768px\" src=\"data:image\/svg+xml;base64,PHN2ZyB3aWR0aD0iMSIgaGVpZ2h0PSIxIiB4bWxucz0iaHR0cDovL3d3dy53My5vcmcvMjAwMC9zdmciPjwvc3ZnPg==\" style=\"--smush-placeholder-width: 768px; --smush-placeholder-aspect-ratio: 768\/1024;\" \/><\/a><\/figure>\n\n\n\n<figure class=\"wp-block-image size-large\"><a href=\"https:\/\/cvinoticias.com\/wp-content\/uploads\/2024\/09\/IMG-20240919-WA0168-scaled.jpg\"><img decoding=\"async\" width=\"1024\" height=\"576\" data-id=\"36436\" data-src=\"https:\/\/cvinoticias.com\/wp-content\/uploads\/2024\/09\/IMG-20240919-WA0168-1024x576.jpg\" alt=\"\" class=\"wp-image-36436 lazyload\" data-srcset=\"https:\/\/cvinoticias.com\/wp-content\/uploads\/2024\/09\/IMG-20240919-WA0168-1024x576.jpg 1024w, https:\/\/cvinoticias.com\/wp-content\/uploads\/2024\/09\/IMG-20240919-WA0168-300x169.jpg 300w, https:\/\/cvinoticias.com\/wp-content\/uploads\/2024\/09\/IMG-20240919-WA0168-768x432.jpg 768w, https:\/\/cvinoticias.com\/wp-content\/uploads\/2024\/09\/IMG-20240919-WA0168-1536x864.jpg 1536w, https:\/\/cvinoticias.com\/wp-content\/uploads\/2024\/09\/IMG-20240919-WA0168-2048x1152.jpg 2048w\" data-sizes=\"(max-width: 1024px) 100vw, 1024px\" src=\"data:image\/svg+xml;base64,PHN2ZyB3aWR0aD0iMSIgaGVpZ2h0PSIxIiB4bWxucz0iaHR0cDovL3d3dy53My5vcmcvMjAwMC9zdmciPjwvc3ZnPg==\" style=\"--smush-placeholder-width: 1024px; --smush-placeholder-aspect-ratio: 1024\/576;\" \/><\/a><\/figure>\n\n\n\n<figure class=\"wp-block-image size-large\"><a href=\"https:\/\/cvinoticias.com\/wp-content\/uploads\/2024\/09\/IMG-20240919-WA0170-scaled.jpg\"><img decoding=\"async\" width=\"1024\" height=\"576\" data-id=\"36438\" data-src=\"https:\/\/cvinoticias.com\/wp-content\/uploads\/2024\/09\/IMG-20240919-WA0170-1024x576.jpg\" alt=\"\" class=\"wp-image-36438 lazyload\" data-srcset=\"https:\/\/cvinoticias.com\/wp-content\/uploads\/2024\/09\/IMG-20240919-WA0170-1024x576.jpg 1024w, https:\/\/cvinoticias.com\/wp-content\/uploads\/2024\/09\/IMG-20240919-WA0170-300x169.jpg 300w, https:\/\/cvinoticias.com\/wp-content\/uploads\/2024\/09\/IMG-20240919-WA0170-768x432.jpg 768w, https:\/\/cvinoticias.com\/wp-content\/uploads\/2024\/09\/IMG-20240919-WA0170-1536x864.jpg 1536w, https:\/\/cvinoticias.com\/wp-content\/uploads\/2024\/09\/IMG-20240919-WA0170-2048x1152.jpg 2048w\" data-sizes=\"(max-width: 1024px) 100vw, 1024px\" src=\"data:image\/svg+xml;base64,PHN2ZyB3aWR0aD0iMSIgaGVpZ2h0PSIxIiB4bWxucz0iaHR0cDovL3d3dy53My5vcmcvMjAwMC9zdmciPjwvc3ZnPg==\" style=\"--smush-placeholder-width: 1024px; --smush-placeholder-aspect-ratio: 1024\/576;\" \/><\/a><\/figure>\n\n\n\n<figure class=\"wp-block-image size-large\"><a href=\"https:\/\/cvinoticias.com\/wp-content\/uploads\/2024\/09\/IMG-20240919-WA0172-scaled.jpg\"><img decoding=\"async\" width=\"1024\" height=\"576\" data-id=\"36437\" data-src=\"https:\/\/cvinoticias.com\/wp-content\/uploads\/2024\/09\/IMG-20240919-WA0172-1024x576.jpg\" alt=\"\" class=\"wp-image-36437 lazyload\" data-srcset=\"https:\/\/cvinoticias.com\/wp-content\/uploads\/2024\/09\/IMG-20240919-WA0172-1024x576.jpg 1024w, https:\/\/cvinoticias.com\/wp-content\/uploads\/2024\/09\/IMG-20240919-WA0172-300x169.jpg 300w, https:\/\/cvinoticias.com\/wp-content\/uploads\/2024\/09\/IMG-20240919-WA0172-768x432.jpg 768w, https:\/\/cvinoticias.com\/wp-content\/uploads\/2024\/09\/IMG-20240919-WA0172-1536x864.jpg 1536w, https:\/\/cvinoticias.com\/wp-content\/uploads\/2024\/09\/IMG-20240919-WA0172-2048x1152.jpg 2048w\" data-sizes=\"(max-width: 1024px) 100vw, 1024px\" src=\"data:image\/svg+xml;base64,PHN2ZyB3aWR0aD0iMSIgaGVpZ2h0PSIxIiB4bWxucz0iaHR0cDovL3d3dy53My5vcmcvMjAwMC9zdmciPjwvc3ZnPg==\" style=\"--smush-placeholder-width: 1024px; --smush-placeholder-aspect-ratio: 1024\/576;\" \/><\/a><\/figure>\n<\/figure>\n\n\n\n<p>La capacitaci\u00f3n abord\u00f3 temas clave como: Identificaci\u00f3n de riesgos y peligros, el uso adecuado de matafuego y procedimientos de evacuaci\u00f3n<\/p>\n\n\n\n<p>La empresa CVI reafirma su compromiso con la seguridad y salud ocupacional, cumpliendo con los est\u00e1ndares y regulaciones.<\/p>\n\n\n\n<p><strong>Redacci\u00f3n: Juan Barreto Periodista CVI<\/strong><\/p>\n","protected":false},"excerpt":{"rendered":"<p>La empresa Cable Video Imagen (CVI) demostr\u00f3 su compromiso con la seguridad y bienestar de sus empleados al organizar una capacitaci\u00f3n en el uso de matafuegos para todo el personal. La sesi\u00f3n, dirigida por Cristian Salinas, encargado de Seguridad e Higiene, busc\u00f3 actualizar y reforzar los conocimientos y habilidades del equipo para enfrentar situaciones de [&hellip;]<\/p>\n","protected":false},"author":2,"featured_media":36439,"comment_status":"open","ping_status":"open","sticky":false,"template":"","format":"standard","meta":{"footnotes":""},"categories":[29],"tags":[],"class_list":["post-36434","post","type-post","status-publish","format-standard","has-post-thumbnail","hentry","category-locales"],"yoast_head":"<!-- This site is optimized with the Yoast SEO plugin v27.4 - https:\/\/yoast.com\/product\/yoast-seo-wordpress\/ -->\n<title>CVI brind\u00f3 una capacitaci\u00f3n en el uso de matafuegos a todo el personal | CVI NOTICIAS<\/title>\n<meta name=\"robots\" content=\"index, follow, max-snippet:-1, max-image-preview:large, max-video-preview:-1\" \/>\n<link rel=\"canonical\" href=\"https:\/\/cvinoticias.com\/v3\/cvi-brindo-una-capacitacion-en-el-uso-de-matafuegos-a-todo-el-personal\/\" \/>\n<meta property=\"og:locale\" content=\"es_ES\" \/>\n<meta property=\"og:type\" content=\"article\" \/>\n<meta property=\"og:title\" content=\"CVI brind\u00f3 una capacitaci\u00f3n en el uso de matafuegos a todo el personal | CVI NOTICIAS\" \/>\n<meta property=\"og:description\" content=\"La empresa Cable Video Imagen (CVI) demostr\u00f3 su compromiso con la seguridad y bienestar de sus empleados al organizar una capacitaci\u00f3n en el uso de matafuegos para todo el personal. La sesi\u00f3n, dirigida por Cristian Salinas, encargado de Seguridad e Higiene, busc\u00f3 actualizar y reforzar los conocimientos y habilidades del equipo para enfrentar situaciones de [&hellip;]\" \/>\n<meta property=\"og:url\" content=\"https:\/\/cvinoticias.com\/v3\/cvi-brindo-una-capacitacion-en-el-uso-de-matafuegos-a-todo-el-personal\/\" \/>\n<meta property=\"og:site_name\" content=\"CVI NOTICIAS\" \/>\n<meta property=\"article:publisher\" content=\"https:\/\/www.facebook.com\/cvinoticias\" \/>\n<meta property=\"article:published_time\" content=\"2024-09-19T20:42:05+00:00\" \/>\n<meta property=\"article:modified_time\" content=\"2024-09-20T13:42:47+00:00\" \/>\n<meta property=\"og:image\" content=\"https:\/\/cvinoticias.com\/wp-content\/uploads\/2024\/09\/IMG-20240919-WA0165-scaled.jpg\" \/>\n\t<meta property=\"og:image:width\" content=\"2560\" \/>\n\t<meta property=\"og:image:height\" content=\"1440\" \/>\n\t<meta property=\"og:image:type\" content=\"image\/jpeg\" \/>\n<meta name=\"author\" content=\"f1000024\" \/>\n<meta name=\"twitter:card\" content=\"summary_large_image\" \/>\n<meta name=\"twitter:label1\" content=\"Escrito por\" \/>\n\t<meta name=\"twitter:data1\" content=\"f1000024\" \/>\n\t<meta name=\"twitter:label2\" content=\"Tiempo de lectura\" \/>\n\t<meta name=\"twitter:data2\" content=\"2 minutos\" \/>\n<script type=\"application\/ld+json\" class=\"yoast-schema-graph\">{\"@context\":\"https:\\\/\\\/schema.org\",\"@graph\":[{\"@type\":\"Article\",\"@id\":\"https:\\\/\\\/cvinoticias.com\\\/v3\\\/cvi-brindo-una-capacitacion-en-el-uso-de-matafuegos-a-todo-el-personal\\\/#article\",\"isPartOf\":{\"@id\":\"https:\\\/\\\/cvinoticias.com\\\/v3\\\/cvi-brindo-una-capacitacion-en-el-uso-de-matafuegos-a-todo-el-personal\\\/\"},\"author\":{\"name\":\"f1000024\",\"@id\":\"https:\\\/\\\/cvinoticias.com\\\/v3\\\/#\\\/schema\\\/person\\\/2db77e3c6bc03c538495d7b2b8be9b66\"},\"headline\":\"CVI brind\u00f3 una capacitaci\u00f3n en el uso de matafuegos a todo el personal\",\"datePublished\":\"2024-09-19T20:42:05+00:00\",\"dateModified\":\"2024-09-20T13:42:47+00:00\",\"mainEntityOfPage\":{\"@id\":\"https:\\\/\\\/cvinoticias.com\\\/v3\\\/cvi-brindo-una-capacitacion-en-el-uso-de-matafuegos-a-todo-el-personal\\\/\"},\"wordCount\":120,\"commentCount\":0,\"publisher\":{\"@id\":\"https:\\\/\\\/cvinoticias.com\\\/v3\\\/#organization\"},\"image\":{\"@id\":\"https:\\\/\\\/cvinoticias.com\\\/v3\\\/cvi-brindo-una-capacitacion-en-el-uso-de-matafuegos-a-todo-el-personal\\\/#primaryimage\"},\"thumbnailUrl\":\"https:\\\/\\\/cvinoticias.com\\\/wp-content\\\/uploads\\\/2024\\\/09\\\/IMG-20240919-WA0165-scaled.jpg\",\"articleSection\":[\"Locales\"],\"inLanguage\":\"es\",\"potentialAction\":[{\"@type\":\"CommentAction\",\"name\":\"Comment\",\"target\":[\"https:\\\/\\\/cvinoticias.com\\\/v3\\\/cvi-brindo-una-capacitacion-en-el-uso-de-matafuegos-a-todo-el-personal\\\/#respond\"]}]},{\"@type\":\"WebPage\",\"@id\":\"https:\\\/\\\/cvinoticias.com\\\/v3\\\/cvi-brindo-una-capacitacion-en-el-uso-de-matafuegos-a-todo-el-personal\\\/\",\"url\":\"https:\\\/\\\/cvinoticias.com\\\/v3\\\/cvi-brindo-una-capacitacion-en-el-uso-de-matafuegos-a-todo-el-personal\\\/\",\"name\":\"CVI brind\u00f3 una capacitaci\u00f3n en el uso de matafuegos a todo el personal | CVI NOTICIAS\",\"isPartOf\":{\"@id\":\"https:\\\/\\\/cvinoticias.com\\\/v3\\\/#website\"},\"primaryImageOfPage\":{\"@id\":\"https:\\\/\\\/cvinoticias.com\\\/v3\\\/cvi-brindo-una-capacitacion-en-el-uso-de-matafuegos-a-todo-el-personal\\\/#primaryimage\"},\"image\":{\"@id\":\"https:\\\/\\\/cvinoticias.com\\\/v3\\\/cvi-brindo-una-capacitacion-en-el-uso-de-matafuegos-a-todo-el-personal\\\/#primaryimage\"},\"thumbnailUrl\":\"https:\\\/\\\/cvinoticias.com\\\/wp-content\\\/uploads\\\/2024\\\/09\\\/IMG-20240919-WA0165-scaled.jpg\",\"datePublished\":\"2024-09-19T20:42:05+00:00\",\"dateModified\":\"2024-09-20T13:42:47+00:00\",\"breadcrumb\":{\"@id\":\"https:\\\/\\\/cvinoticias.com\\\/v3\\\/cvi-brindo-una-capacitacion-en-el-uso-de-matafuegos-a-todo-el-personal\\\/#breadcrumb\"},\"inLanguage\":\"es\",\"potentialAction\":[{\"@type\":\"ReadAction\",\"target\":[\"https:\\\/\\\/cvinoticias.com\\\/v3\\\/cvi-brindo-una-capacitacion-en-el-uso-de-matafuegos-a-todo-el-personal\\\/\"]}]},{\"@type\":\"ImageObject\",\"inLanguage\":\"es\",\"@id\":\"https:\\\/\\\/cvinoticias.com\\\/v3\\\/cvi-brindo-una-capacitacion-en-el-uso-de-matafuegos-a-todo-el-personal\\\/#primaryimage\",\"url\":\"https:\\\/\\\/cvinoticias.com\\\/wp-content\\\/uploads\\\/2024\\\/09\\\/IMG-20240919-WA0165-scaled.jpg\",\"contentUrl\":\"https:\\\/\\\/cvinoticias.com\\\/wp-content\\\/uploads\\\/2024\\\/09\\\/IMG-20240919-WA0165-scaled.jpg\",\"width\":2560,\"height\":1440},{\"@type\":\"BreadcrumbList\",\"@id\":\"https:\\\/\\\/cvinoticias.com\\\/v3\\\/cvi-brindo-una-capacitacion-en-el-uso-de-matafuegos-a-todo-el-personal\\\/#breadcrumb\",\"itemListElement\":[{\"@type\":\"ListItem\",\"position\":1,\"name\":\"Portada\",\"item\":\"https:\\\/\\\/cvinoticias.com\\\/v3\\\/\"},{\"@type\":\"ListItem\",\"position\":2,\"name\":\"CVI brind\u00f3 una capacitaci\u00f3n en el uso de matafuegos a todo el personal\"}]},{\"@type\":\"WebSite\",\"@id\":\"https:\\\/\\\/cvinoticias.com\\\/v3\\\/#website\",\"url\":\"https:\\\/\\\/cvinoticias.com\\\/v3\\\/\",\"name\":\"CVI NOTICIAS\",\"description\":\"\",\"publisher\":{\"@id\":\"https:\\\/\\\/cvinoticias.com\\\/v3\\\/#organization\"},\"alternateName\":\"CVI\",\"potentialAction\":[{\"@type\":\"SearchAction\",\"target\":{\"@type\":\"EntryPoint\",\"urlTemplate\":\"https:\\\/\\\/cvinoticias.com\\\/v3\\\/?s={search_term_string}\"},\"query-input\":{\"@type\":\"PropertyValueSpecification\",\"valueRequired\":true,\"valueName\":\"search_term_string\"}}],\"inLanguage\":\"es\"},{\"@type\":\"Organization\",\"@id\":\"https:\\\/\\\/cvinoticias.com\\\/v3\\\/#organization\",\"name\":\"CVI NOTICIAS\",\"url\":\"https:\\\/\\\/cvinoticias.com\\\/v3\\\/\",\"logo\":{\"@type\":\"ImageObject\",\"inLanguage\":\"es\",\"@id\":\"https:\\\/\\\/cvinoticias.com\\\/v3\\\/#\\\/schema\\\/logo\\\/image\\\/\",\"url\":\"https:\\\/\\\/cvinoticias.com\\\/wp-content\\\/uploads\\\/2023\\\/04\\\/cropped-cropped-cropped-cropped-cropped-3-1.png\",\"contentUrl\":\"https:\\\/\\\/cvinoticias.com\\\/wp-content\\\/uploads\\\/2023\\\/04\\\/cropped-cropped-cropped-cropped-cropped-3-1.png\",\"width\":95,\"height\":122,\"caption\":\"CVI NOTICIAS\"},\"image\":{\"@id\":\"https:\\\/\\\/cvinoticias.com\\\/v3\\\/#\\\/schema\\\/logo\\\/image\\\/\"},\"sameAs\":[\"https:\\\/\\\/www.facebook.com\\\/cvinoticias\",\"https:\\\/\\\/www.instagram.com\\\/cvinoticias\\\/\",\"https:\\\/\\\/www.youtube.com\\\/@CVINOTICIAS\"]},{\"@type\":\"Person\",\"@id\":\"https:\\\/\\\/cvinoticias.com\\\/v3\\\/#\\\/schema\\\/person\\\/2db77e3c6bc03c538495d7b2b8be9b66\",\"name\":\"f1000024\",\"image\":{\"@type\":\"ImageObject\",\"inLanguage\":\"es\",\"@id\":\"https:\\\/\\\/secure.gravatar.com\\\/avatar\\\/d4fe7459cfc51ff5129ce1a732bbef5928568b8092d412ef95611616376bbeed?s=96&d=mm&r=g\",\"url\":\"https:\\\/\\\/secure.gravatar.com\\\/avatar\\\/d4fe7459cfc51ff5129ce1a732bbef5928568b8092d412ef95611616376bbeed?s=96&d=mm&r=g\",\"contentUrl\":\"https:\\\/\\\/secure.gravatar.com\\\/avatar\\\/d4fe7459cfc51ff5129ce1a732bbef5928568b8092d412ef95611616376bbeed?s=96&d=mm&r=g\",\"caption\":\"f1000024\"},\"url\":\"https:\\\/\\\/cvinoticias.com\\\/v3\\\/author\\\/f1000024\\\/\"}]}<\/script>\n<!-- \/ Yoast SEO plugin. -->","yoast_head_json":{"title":"CVI brind\u00f3 una capacitaci\u00f3n en el uso de matafuegos a todo el personal | CVI NOTICIAS","robots":{"index":"index","follow":"follow","max-snippet":"max-snippet:-1","max-image-preview":"max-image-preview:large","max-video-preview":"max-video-preview:-1"},"canonical":"https:\/\/cvinoticias.com\/v3\/cvi-brindo-una-capacitacion-en-el-uso-de-matafuegos-a-todo-el-personal\/","og_locale":"es_ES","og_type":"article","og_title":"CVI brind\u00f3 una capacitaci\u00f3n en el uso de matafuegos a todo el personal | CVI NOTICIAS","og_description":"La empresa Cable Video Imagen (CVI) demostr\u00f3 su compromiso con la seguridad y bienestar de sus empleados al organizar una capacitaci\u00f3n en el uso de matafuegos para todo el personal. La sesi\u00f3n, dirigida por Cristian Salinas, encargado de Seguridad e Higiene, busc\u00f3 actualizar y reforzar los conocimientos y habilidades del equipo para enfrentar situaciones de [&hellip;]","og_url":"https:\/\/cvinoticias.com\/v3\/cvi-brindo-una-capacitacion-en-el-uso-de-matafuegos-a-todo-el-personal\/","og_site_name":"CVI NOTICIAS","article_publisher":"https:\/\/www.facebook.com\/cvinoticias","article_published_time":"2024-09-19T20:42:05+00:00","article_modified_time":"2024-09-20T13:42:47+00:00","og_image":[{"width":2560,"height":1440,"url":"https:\/\/cvinoticias.com\/wp-content\/uploads\/2024\/09\/IMG-20240919-WA0165-scaled.jpg","type":"image\/jpeg"}],"author":"f1000024","twitter_card":"summary_large_image","twitter_misc":{"Escrito por":"f1000024","Tiempo de lectura":"2 minutos"},"schema":{"@context":"https:\/\/schema.org","@graph":[{"@type":"Article","@id":"https:\/\/cvinoticias.com\/v3\/cvi-brindo-una-capacitacion-en-el-uso-de-matafuegos-a-todo-el-personal\/#article","isPartOf":{"@id":"https:\/\/cvinoticias.com\/v3\/cvi-brindo-una-capacitacion-en-el-uso-de-matafuegos-a-todo-el-personal\/"},"author":{"name":"f1000024","@id":"https:\/\/cvinoticias.com\/v3\/#\/schema\/person\/2db77e3c6bc03c538495d7b2b8be9b66"},"headline":"CVI brind\u00f3 una capacitaci\u00f3n en el uso de matafuegos a todo el personal","datePublished":"2024-09-19T20:42:05+00:00","dateModified":"2024-09-20T13:42:47+00:00","mainEntityOfPage":{"@id":"https:\/\/cvinoticias.com\/v3\/cvi-brindo-una-capacitacion-en-el-uso-de-matafuegos-a-todo-el-personal\/"},"wordCount":120,"commentCount":0,"publisher":{"@id":"https:\/\/cvinoticias.com\/v3\/#organization"},"image":{"@id":"https:\/\/cvinoticias.com\/v3\/cvi-brindo-una-capacitacion-en-el-uso-de-matafuegos-a-todo-el-personal\/#primaryimage"},"thumbnailUrl":"https:\/\/cvinoticias.com\/wp-content\/uploads\/2024\/09\/IMG-20240919-WA0165-scaled.jpg","articleSection":["Locales"],"inLanguage":"es","potentialAction":[{"@type":"CommentAction","name":"Comment","target":["https:\/\/cvinoticias.com\/v3\/cvi-brindo-una-capacitacion-en-el-uso-de-matafuegos-a-todo-el-personal\/#respond"]}]},{"@type":"WebPage","@id":"https:\/\/cvinoticias.com\/v3\/cvi-brindo-una-capacitacion-en-el-uso-de-matafuegos-a-todo-el-personal\/","url":"https:\/\/cvinoticias.com\/v3\/cvi-brindo-una-capacitacion-en-el-uso-de-matafuegos-a-todo-el-personal\/","name":"CVI brind\u00f3 una capacitaci\u00f3n en el uso de matafuegos a todo el personal | CVI NOTICIAS","isPartOf":{"@id":"https:\/\/cvinoticias.com\/v3\/#website"},"primaryImageOfPage":{"@id":"https:\/\/cvinoticias.com\/v3\/cvi-brindo-una-capacitacion-en-el-uso-de-matafuegos-a-todo-el-personal\/#primaryimage"},"image":{"@id":"https:\/\/cvinoticias.com\/v3\/cvi-brindo-una-capacitacion-en-el-uso-de-matafuegos-a-todo-el-personal\/#primaryimage"},"thumbnailUrl":"https:\/\/cvinoticias.com\/wp-content\/uploads\/2024\/09\/IMG-20240919-WA0165-scaled.jpg","datePublished":"2024-09-19T20:42:05+00:00","dateModified":"2024-09-20T13:42:47+00:00","breadcrumb":{"@id":"https:\/\/cvinoticias.com\/v3\/cvi-brindo-una-capacitacion-en-el-uso-de-matafuegos-a-todo-el-personal\/#breadcrumb"},"inLanguage":"es","potentialAction":[{"@type":"ReadAction","target":["https:\/\/cvinoticias.com\/v3\/cvi-brindo-una-capacitacion-en-el-uso-de-matafuegos-a-todo-el-personal\/"]}]},{"@type":"ImageObject","inLanguage":"es","@id":"https:\/\/cvinoticias.com\/v3\/cvi-brindo-una-capacitacion-en-el-uso-de-matafuegos-a-todo-el-personal\/#primaryimage","url":"https:\/\/cvinoticias.com\/wp-content\/uploads\/2024\/09\/IMG-20240919-WA0165-scaled.jpg","contentUrl":"https:\/\/cvinoticias.com\/wp-content\/uploads\/2024\/09\/IMG-20240919-WA0165-scaled.jpg","width":2560,"height":1440},{"@type":"BreadcrumbList","@id":"https:\/\/cvinoticias.com\/v3\/cvi-brindo-una-capacitacion-en-el-uso-de-matafuegos-a-todo-el-personal\/#breadcrumb","itemListElement":[{"@type":"ListItem","position":1,"name":"Portada","item":"https:\/\/cvinoticias.com\/v3\/"},{"@type":"ListItem","position":2,"name":"CVI brind\u00f3 una capacitaci\u00f3n en el uso de matafuegos a todo el personal"}]},{"@type":"WebSite","@id":"https:\/\/cvinoticias.com\/v3\/#website","url":"https:\/\/cvinoticias.com\/v3\/","name":"CVI NOTICIAS","description":"","publisher":{"@id":"https:\/\/cvinoticias.com\/v3\/#organization"},"alternateName":"CVI","potentialAction":[{"@type":"SearchAction","target":{"@type":"EntryPoint","urlTemplate":"https:\/\/cvinoticias.com\/v3\/?s={search_term_string}"},"query-input":{"@type":"PropertyValueSpecification","valueRequired":true,"valueName":"search_term_string"}}],"inLanguage":"es"},{"@type":"Organization","@id":"https:\/\/cvinoticias.com\/v3\/#organization","name":"CVI NOTICIAS","url":"https:\/\/cvinoticias.com\/v3\/","logo":{"@type":"ImageObject","inLanguage":"es","@id":"https:\/\/cvinoticias.com\/v3\/#\/schema\/logo\/image\/","url":"https:\/\/cvinoticias.com\/wp-content\/uploads\/2023\/04\/cropped-cropped-cropped-cropped-cropped-3-1.png","contentUrl":"https:\/\/cvinoticias.com\/wp-content\/uploads\/2023\/04\/cropped-cropped-cropped-cropped-cropped-3-1.png","width":95,"height":122,"caption":"CVI NOTICIAS"},"image":{"@id":"https:\/\/cvinoticias.com\/v3\/#\/schema\/logo\/image\/"},"sameAs":["https:\/\/www.facebook.com\/cvinoticias","https:\/\/www.instagram.com\/cvinoticias\/","https:\/\/www.youtube.com\/@CVINOTICIAS"]},{"@type":"Person","@id":"https:\/\/cvinoticias.com\/v3\/#\/schema\/person\/2db77e3c6bc03c538495d7b2b8be9b66","name":"f1000024","image":{"@type":"ImageObject","inLanguage":"es","@id":"https:\/\/secure.gravatar.com\/avatar\/d4fe7459cfc51ff5129ce1a732bbef5928568b8092d412ef95611616376bbeed?s=96&d=mm&r=g","url":"https:\/\/secure.gravatar.com\/avatar\/d4fe7459cfc51ff5129ce1a732bbef5928568b8092d412ef95611616376bbeed?s=96&d=mm&r=g","contentUrl":"https:\/\/secure.gravatar.com\/avatar\/d4fe7459cfc51ff5129ce1a732bbef5928568b8092d412ef95611616376bbeed?s=96&d=mm&r=g","caption":"f1000024"},"url":"https:\/\/cvinoticias.com\/v3\/author\/f1000024\/"}]}},"_links":{"self":[{"href":"https:\/\/cvinoticias.com\/v3\/wp-json\/wp\/v2\/posts\/36434","targetHints":{"allow":["GET"]}}],"collection":[{"href":"https:\/\/cvinoticias.com\/v3\/wp-json\/wp\/v2\/posts"}],"about":[{"href":"https:\/\/cvinoticias.com\/v3\/wp-json\/wp\/v2\/types\/post"}],"author":[{"embeddable":true,"href":"https:\/\/cvinoticias.com\/v3\/wp-json\/wp\/v2\/users\/2"}],"replies":[{"embeddable":true,"href":"https:\/\/cvinoticias.com\/v3\/wp-json\/wp\/v2\/comments?post=36434"}],"version-history":[{"count":1,"href":"https:\/\/cvinoticias.com\/v3\/wp-json\/wp\/v2\/posts\/36434\/revisions"}],"predecessor-version":[{"id":36440,"href":"https:\/\/cvinoticias.com\/v3\/wp-json\/wp\/v2\/posts\/36434\/revisions\/36440"}],"wp:featuredmedia":[{"embeddable":true,"href":"https:\/\/cvinoticias.com\/v3\/wp-json\/wp\/v2\/media\/36439"}],"wp:attachment":[{"href":"https:\/\/cvinoticias.com\/v3\/wp-json\/wp\/v2\/media?parent=36434"}],"wp:term":[{"taxonomy":"category","embeddable":true,"href":"https:\/\/cvinoticias.com\/v3\/wp-json\/wp\/v2\/categories?post=36434"},{"taxonomy":"post_tag","embeddable":true,"href":"https:\/\/cvinoticias.com\/v3\/wp-json\/wp\/v2\/tags?post=36434"}],"curies":[{"name":"wp","href":"https:\/\/api.w.org\/{rel}","templated":true}]}}