{"id":36420,"date":"2024-09-19T16:06:10","date_gmt":"2024-09-19T19:06:10","guid":{"rendered":"https:\/\/cvinoticias.com\/v3\/?p=36420"},"modified":"2024-09-19T16:06:11","modified_gmt":"2024-09-19T19:06:11","slug":"todo-sobre-adepa-la-asociacion-de-entidades-periodisticas-que-sesiona-en-misiones","status":"publish","type":"post","link":"https:\/\/cvinoticias.com\/v3\/todo-sobre-adepa-la-asociacion-de-entidades-periodisticas-que-sesiona-en-misiones\/","title":{"rendered":"Todo sobre Adepa, la Asociaci\u00f3n de Entidades Period\u00edsticas que sesiona en Misiones"},"content":{"rendered":"\n<p>Desde la jornada ayer, directivos y editores de medios impresos y digitales de todo el pa\u00eds se re\u00fanen en Posadas para un encuentro centrado en la inteligencia artificial en el periodismo.La 62\u00aa asamblea general de la Asociaci\u00f3n de Entidades Period\u00edsticas Argentinas (Adepa) se est\u00e1 llevando a cabo en el Hotel Bagu de Posadas desde ayer hasta el viernes 20 de septiembre. En este evento, diversos referentes de medios de comunicaci\u00f3n participan en charlas y debates centrados en la libertad de prensa y el acceso a la informaci\u00f3n<\/p>\n\n\n\n<p>Este mi\u00e9rcoles se inaugur\u00f3 la primera jornada con la reuni\u00f3n del Consejo Ejecutivo, en la que participaron el presidente de Adepa Mart\u00edn Etchevers (Clar\u00edn, Buenos Aires), el vicepresidente 1\u00b0 Diego Fuentes (Diario Huarpe, San Juan), el secretario general Pablo Deluca (Infobae, Buenos Aires), y el tesorero Francisco Mu\u00f1oz (OPI Santa Cruz, R\u00edo Gallegos).<\/p>\n\n\n\n<figure class=\"wp-block-gallery has-nested-images columns-default is-cropped wp-block-gallery-1 is-layout-flex wp-block-gallery-is-layout-flex\">\n<figure class=\"wp-block-image size-large\"><a href=\"https:\/\/cvinoticias.com\/wp-content\/uploads\/2024\/09\/IMG-20240919-WA0184-1.jpg\"><img decoding=\"async\" width=\"1024\" height=\"681\" data-id=\"36423\" data-src=\"https:\/\/cvinoticias.com\/wp-content\/uploads\/2024\/09\/IMG-20240919-WA0184-1-1024x681.jpg\" alt=\"\" class=\"wp-image-36423 lazyload\" data-srcset=\"https:\/\/cvinoticias.com\/wp-content\/uploads\/2024\/09\/IMG-20240919-WA0184-1-1024x681.jpg 1024w, https:\/\/cvinoticias.com\/wp-content\/uploads\/2024\/09\/IMG-20240919-WA0184-1-300x200.jpg 300w, https:\/\/cvinoticias.com\/wp-content\/uploads\/2024\/09\/IMG-20240919-WA0184-1-768x511.jpg 768w, https:\/\/cvinoticias.com\/wp-content\/uploads\/2024\/09\/IMG-20240919-WA0184-1-1536x1021.jpg 1536w, https:\/\/cvinoticias.com\/wp-content\/uploads\/2024\/09\/IMG-20240919-WA0184-1.jpg 1600w\" data-sizes=\"(max-width: 1024px) 100vw, 1024px\" src=\"data:image\/svg+xml;base64,PHN2ZyB3aWR0aD0iMSIgaGVpZ2h0PSIxIiB4bWxucz0iaHR0cDovL3d3dy53My5vcmcvMjAwMC9zdmciPjwvc3ZnPg==\" style=\"--smush-placeholder-width: 1024px; --smush-placeholder-aspect-ratio: 1024\/681;\" \/><\/a><\/figure>\n\n\n\n<figure class=\"wp-block-image size-large\"><a href=\"https:\/\/cvinoticias.com\/wp-content\/uploads\/2024\/09\/IMG-20240919-WA0186.jpg\"><img decoding=\"async\" width=\"1024\" height=\"682\" data-id=\"36422\" data-src=\"https:\/\/cvinoticias.com\/wp-content\/uploads\/2024\/09\/IMG-20240919-WA0186-1024x682.jpg\" alt=\"\" class=\"wp-image-36422 lazyload\" data-srcset=\"https:\/\/cvinoticias.com\/wp-content\/uploads\/2024\/09\/IMG-20240919-WA0186-1024x682.jpg 1024w, https:\/\/cvinoticias.com\/wp-content\/uploads\/2024\/09\/IMG-20240919-WA0186-300x200.jpg 300w, https:\/\/cvinoticias.com\/wp-content\/uploads\/2024\/09\/IMG-20240919-WA0186-768x512.jpg 768w, https:\/\/cvinoticias.com\/wp-content\/uploads\/2024\/09\/IMG-20240919-WA0186-1536x1023.jpg 1536w, https:\/\/cvinoticias.com\/wp-content\/uploads\/2024\/09\/IMG-20240919-WA0186.jpg 1600w\" data-sizes=\"(max-width: 1024px) 100vw, 1024px\" src=\"data:image\/svg+xml;base64,PHN2ZyB3aWR0aD0iMSIgaGVpZ2h0PSIxIiB4bWxucz0iaHR0cDovL3d3dy53My5vcmcvMjAwMC9zdmciPjwvc3ZnPg==\" style=\"--smush-placeholder-width: 1024px; --smush-placeholder-aspect-ratio: 1024\/682;\" \/><\/a><\/figure>\n\n\n\n<figure class=\"wp-block-image size-large\"><a href=\"https:\/\/cvinoticias.com\/wp-content\/uploads\/2024\/09\/IMG-20240919-WA0185.jpg\"><img decoding=\"async\" width=\"1024\" height=\"682\" data-id=\"36424\" data-src=\"https:\/\/cvinoticias.com\/wp-content\/uploads\/2024\/09\/IMG-20240919-WA0185-1024x682.jpg\" alt=\"\" class=\"wp-image-36424 lazyload\" data-srcset=\"https:\/\/cvinoticias.com\/wp-content\/uploads\/2024\/09\/IMG-20240919-WA0185-1024x682.jpg 1024w, https:\/\/cvinoticias.com\/wp-content\/uploads\/2024\/09\/IMG-20240919-WA0185-300x200.jpg 300w, https:\/\/cvinoticias.com\/wp-content\/uploads\/2024\/09\/IMG-20240919-WA0185-768x512.jpg 768w, https:\/\/cvinoticias.com\/wp-content\/uploads\/2024\/09\/IMG-20240919-WA0185-1536x1023.jpg 1536w, https:\/\/cvinoticias.com\/wp-content\/uploads\/2024\/09\/IMG-20240919-WA0185.jpg 1600w\" data-sizes=\"(max-width: 1024px) 100vw, 1024px\" src=\"data:image\/svg+xml;base64,PHN2ZyB3aWR0aD0iMSIgaGVpZ2h0PSIxIiB4bWxucz0iaHR0cDovL3d3dy53My5vcmcvMjAwMC9zdmciPjwvc3ZnPg==\" style=\"--smush-placeholder-width: 1024px; --smush-placeholder-aspect-ratio: 1024\/682;\" \/><\/a><\/figure>\n<\/figure>\n\n\n\n<p>Hoy jueves a partir de las 11, se llev\u00f3 a cabo la inauguraci\u00f3n oficial de la 62\u00aa Asamblea General Ordinaria. Mientras tanto, durante la capacitaci\u00f3n, se abordar\u00e1n temas como el auge de la inteligencia artificial, las plataformas para la generaci\u00f3n de contenidos, la monetizaci\u00f3n de los nuevos h\u00e1bitos de consumo y las preferencias de la audiencia para informarse.<\/p>\n\n\n\n<p>En un mundo de r\u00e1pidos cambios sociales y tecnol\u00f3gicos, la Asociaci\u00f3n de Entidades Period\u00edsticas Argentinas (Adepa) mantiene firme su visi\u00f3n de una Argentina donde las empresas period\u00edsticas puedan ejercer su labor informativa con independencia y altos est\u00e1ndares \u00e9ticos.Ahora bien, \u00bfde qu\u00e9 se ocupa Adepa? se dedica a preservar la tradici\u00f3n espiritual del periodismo argentino, asegurando el cumplimiento de normas \u00e9ticas y defendiendo la libertad de expresi\u00f3n y de prensa como pilares fundamentales de una democracia aut\u00e9ntica. Adem\u00e1s, promueve el desarrollo tecnol\u00f3gico y cultural de la prensa, fomentando la colaboraci\u00f3n entre periodistas de todo el pa\u00eds.<\/p>\n\n\n\n<p>Tambi\u00e9n reconoce que, aunque los valores fundamentales del periodismo permanecen inalterables, los cambios en la sociedad y los medios de comunicTambi\u00e9n reconoce que, aunque los valores fundamentales del periodismo permanecen inalterables, los cambios en la sociedad y los medios de comunicaci\u00f3n presentan nuevos desaf\u00edos. Por ello, reafirma su adhesi\u00f3n a la Declaraci\u00f3n de Chapultepec de 1994 y exhorta a sus miembros a aplicar estos principios en su labor diaria y a difundirlos en sus comunidades.Este compromiso renovado de Adepa subraya la importancia de la libertad de prensa y la \u00e9tica period\u00edstica en la construcci\u00f3n de una sociedad democr\u00e1tica y bien informada.<\/p>\n\n\n\n<p><div>aci\u00f3n presentan nuevos desaf\u00edos. Por ello, reafirma su adhesi\u00f3n a la Declaraci\u00f3n de Chapultepec de 1994 y exhorta a sus miembros a aplicar estos principios en su labor diaria y a difundirlos en sus comunidades.Este compromiso renovado de Adepa subraya la importancia de la libertad de prensa y la \u00e9tica period\u00edstica en la construcci\u00f3n de una sociedad democr\u00e1tica y bien informada.<\/div><\/p>\n\n\n\n<p><\/p>\n\n\n\n<p><\/p>\n","protected":false},"excerpt":{"rendered":"<p>Desde la jornada ayer, directivos y editores de medios impresos y digitales de todo el pa\u00eds se re\u00fanen en Posadas para un encuentro centrado en la inteligencia artificial en el periodismo.La 62\u00aa asamblea general de la Asociaci\u00f3n de Entidades Period\u00edsticas Argentinas (Adepa) se est\u00e1 llevando a cabo en el Hotel Bagu de Posadas desde ayer [&hellip;]<\/p>\n","protected":false},"author":2,"featured_media":36425,"comment_status":"open","ping_status":"open","sticky":false,"template":"","format":"standard","meta":{"footnotes":""},"categories":[35],"tags":[],"class_list":["post-36420","post","type-post","status-publish","format-standard","has-post-thumbnail","hentry","category-informacion-general"],"yoast_head":"<!-- This site is optimized with the Yoast SEO plugin v27.4 - https:\/\/yoast.com\/product\/yoast-seo-wordpress\/ -->\n<title>Todo sobre Adepa, la Asociaci\u00f3n de Entidades Period\u00edsticas que sesiona en Misiones | CVI NOTICIAS<\/title>\n<meta name=\"robots\" content=\"index, follow, max-snippet:-1, max-image-preview:large, max-video-preview:-1\" \/>\n<link rel=\"canonical\" href=\"https:\/\/cvinoticias.com\/v3\/todo-sobre-adepa-la-asociacion-de-entidades-periodisticas-que-sesiona-en-misiones\/\" \/>\n<meta property=\"og:locale\" content=\"es_ES\" \/>\n<meta property=\"og:type\" content=\"article\" \/>\n<meta property=\"og:title\" content=\"Todo sobre Adepa, la Asociaci\u00f3n de Entidades Period\u00edsticas que sesiona en Misiones | CVI NOTICIAS\" \/>\n<meta property=\"og:description\" content=\"Desde la jornada ayer, directivos y editores de medios impresos y digitales de todo el pa\u00eds se re\u00fanen en Posadas para un encuentro centrado en la inteligencia artificial en el periodismo.La 62\u00aa asamblea general de la Asociaci\u00f3n de Entidades Period\u00edsticas Argentinas (Adepa) se est\u00e1 llevando a cabo en el Hotel Bagu de Posadas desde ayer [&hellip;]\" \/>\n<meta property=\"og:url\" content=\"https:\/\/cvinoticias.com\/v3\/todo-sobre-adepa-la-asociacion-de-entidades-periodisticas-que-sesiona-en-misiones\/\" \/>\n<meta property=\"og:site_name\" content=\"CVI NOTICIAS\" \/>\n<meta property=\"article:publisher\" content=\"https:\/\/www.facebook.com\/cvinoticias\" \/>\n<meta property=\"article:published_time\" content=\"2024-09-19T19:06:10+00:00\" \/>\n<meta property=\"article:modified_time\" content=\"2024-09-19T19:06:11+00:00\" \/>\n<meta property=\"og:image\" content=\"https:\/\/cvinoticias.com\/wp-content\/uploads\/2024\/09\/IMG-20240919-WA0187.jpg\" \/>\n\t<meta property=\"og:image:width\" content=\"1600\" \/>\n\t<meta property=\"og:image:height\" content=\"1074\" \/>\n\t<meta property=\"og:image:type\" content=\"image\/jpeg\" \/>\n<meta name=\"author\" content=\"f1000024\" \/>\n<meta name=\"twitter:card\" content=\"summary_large_image\" \/>\n<meta name=\"twitter:label1\" content=\"Escrito por\" \/>\n\t<meta name=\"twitter:data1\" content=\"f1000024\" \/>\n\t<meta name=\"twitter:label2\" content=\"Tiempo de lectura\" \/>\n\t<meta name=\"twitter:data2\" content=\"3 minutos\" \/>\n<script type=\"application\/ld+json\" class=\"yoast-schema-graph\">{\"@context\":\"https:\\\/\\\/schema.org\",\"@graph\":[{\"@type\":\"Article\",\"@id\":\"https:\\\/\\\/cvinoticias.com\\\/v3\\\/todo-sobre-adepa-la-asociacion-de-entidades-periodisticas-que-sesiona-en-misiones\\\/#article\",\"isPartOf\":{\"@id\":\"https:\\\/\\\/cvinoticias.com\\\/v3\\\/todo-sobre-adepa-la-asociacion-de-entidades-periodisticas-que-sesiona-en-misiones\\\/\"},\"author\":{\"name\":\"f1000024\",\"@id\":\"https:\\\/\\\/cvinoticias.com\\\/v3\\\/#\\\/schema\\\/person\\\/2db77e3c6bc03c538495d7b2b8be9b66\"},\"headline\":\"Todo sobre Adepa, la Asociaci\u00f3n de Entidades Period\u00edsticas que sesiona en Misiones\",\"datePublished\":\"2024-09-19T19:06:10+00:00\",\"dateModified\":\"2024-09-19T19:06:11+00:00\",\"mainEntityOfPage\":{\"@id\":\"https:\\\/\\\/cvinoticias.com\\\/v3\\\/todo-sobre-adepa-la-asociacion-de-entidades-periodisticas-que-sesiona-en-misiones\\\/\"},\"wordCount\":514,\"commentCount\":0,\"publisher\":{\"@id\":\"https:\\\/\\\/cvinoticias.com\\\/v3\\\/#organization\"},\"image\":{\"@id\":\"https:\\\/\\\/cvinoticias.com\\\/v3\\\/todo-sobre-adepa-la-asociacion-de-entidades-periodisticas-que-sesiona-en-misiones\\\/#primaryimage\"},\"thumbnailUrl\":\"https:\\\/\\\/cvinoticias.com\\\/wp-content\\\/uploads\\\/2024\\\/09\\\/IMG-20240919-WA0187.jpg\",\"articleSection\":[\"Informaci\u00f3n General\"],\"inLanguage\":\"es\",\"potentialAction\":[{\"@type\":\"CommentAction\",\"name\":\"Comment\",\"target\":[\"https:\\\/\\\/cvinoticias.com\\\/v3\\\/todo-sobre-adepa-la-asociacion-de-entidades-periodisticas-que-sesiona-en-misiones\\\/#respond\"]}]},{\"@type\":\"WebPage\",\"@id\":\"https:\\\/\\\/cvinoticias.com\\\/v3\\\/todo-sobre-adepa-la-asociacion-de-entidades-periodisticas-que-sesiona-en-misiones\\\/\",\"url\":\"https:\\\/\\\/cvinoticias.com\\\/v3\\\/todo-sobre-adepa-la-asociacion-de-entidades-periodisticas-que-sesiona-en-misiones\\\/\",\"name\":\"Todo sobre Adepa, la Asociaci\u00f3n de Entidades Period\u00edsticas que sesiona en Misiones | CVI NOTICIAS\",\"isPartOf\":{\"@id\":\"https:\\\/\\\/cvinoticias.com\\\/v3\\\/#website\"},\"primaryImageOfPage\":{\"@id\":\"https:\\\/\\\/cvinoticias.com\\\/v3\\\/todo-sobre-adepa-la-asociacion-de-entidades-periodisticas-que-sesiona-en-misiones\\\/#primaryimage\"},\"image\":{\"@id\":\"https:\\\/\\\/cvinoticias.com\\\/v3\\\/todo-sobre-adepa-la-asociacion-de-entidades-periodisticas-que-sesiona-en-misiones\\\/#primaryimage\"},\"thumbnailUrl\":\"https:\\\/\\\/cvinoticias.com\\\/wp-content\\\/uploads\\\/2024\\\/09\\\/IMG-20240919-WA0187.jpg\",\"datePublished\":\"2024-09-19T19:06:10+00:00\",\"dateModified\":\"2024-09-19T19:06:11+00:00\",\"breadcrumb\":{\"@id\":\"https:\\\/\\\/cvinoticias.com\\\/v3\\\/todo-sobre-adepa-la-asociacion-de-entidades-periodisticas-que-sesiona-en-misiones\\\/#breadcrumb\"},\"inLanguage\":\"es\",\"potentialAction\":[{\"@type\":\"ReadAction\",\"target\":[\"https:\\\/\\\/cvinoticias.com\\\/v3\\\/todo-sobre-adepa-la-asociacion-de-entidades-periodisticas-que-sesiona-en-misiones\\\/\"]}]},{\"@type\":\"ImageObject\",\"inLanguage\":\"es\",\"@id\":\"https:\\\/\\\/cvinoticias.com\\\/v3\\\/todo-sobre-adepa-la-asociacion-de-entidades-periodisticas-que-sesiona-en-misiones\\\/#primaryimage\",\"url\":\"https:\\\/\\\/cvinoticias.com\\\/wp-content\\\/uploads\\\/2024\\\/09\\\/IMG-20240919-WA0187.jpg\",\"contentUrl\":\"https:\\\/\\\/cvinoticias.com\\\/wp-content\\\/uploads\\\/2024\\\/09\\\/IMG-20240919-WA0187.jpg\",\"width\":1600,\"height\":1074},{\"@type\":\"BreadcrumbList\",\"@id\":\"https:\\\/\\\/cvinoticias.com\\\/v3\\\/todo-sobre-adepa-la-asociacion-de-entidades-periodisticas-que-sesiona-en-misiones\\\/#breadcrumb\",\"itemListElement\":[{\"@type\":\"ListItem\",\"position\":1,\"name\":\"Portada\",\"item\":\"https:\\\/\\\/cvinoticias.com\\\/v3\\\/\"},{\"@type\":\"ListItem\",\"position\":2,\"name\":\"Todo sobre Adepa, la Asociaci\u00f3n de Entidades Period\u00edsticas que sesiona en Misiones\"}]},{\"@type\":\"WebSite\",\"@id\":\"https:\\\/\\\/cvinoticias.com\\\/v3\\\/#website\",\"url\":\"https:\\\/\\\/cvinoticias.com\\\/v3\\\/\",\"name\":\"CVI NOTICIAS\",\"description\":\"\",\"publisher\":{\"@id\":\"https:\\\/\\\/cvinoticias.com\\\/v3\\\/#organization\"},\"alternateName\":\"CVI\",\"potentialAction\":[{\"@type\":\"SearchAction\",\"target\":{\"@type\":\"EntryPoint\",\"urlTemplate\":\"https:\\\/\\\/cvinoticias.com\\\/v3\\\/?s={search_term_string}\"},\"query-input\":{\"@type\":\"PropertyValueSpecification\",\"valueRequired\":true,\"valueName\":\"search_term_string\"}}],\"inLanguage\":\"es\"},{\"@type\":\"Organization\",\"@id\":\"https:\\\/\\\/cvinoticias.com\\\/v3\\\/#organization\",\"name\":\"CVI NOTICIAS\",\"url\":\"https:\\\/\\\/cvinoticias.com\\\/v3\\\/\",\"logo\":{\"@type\":\"ImageObject\",\"inLanguage\":\"es\",\"@id\":\"https:\\\/\\\/cvinoticias.com\\\/v3\\\/#\\\/schema\\\/logo\\\/image\\\/\",\"url\":\"https:\\\/\\\/cvinoticias.com\\\/wp-content\\\/uploads\\\/2023\\\/04\\\/cropped-cropped-cropped-cropped-cropped-3-1.png\",\"contentUrl\":\"https:\\\/\\\/cvinoticias.com\\\/wp-content\\\/uploads\\\/2023\\\/04\\\/cropped-cropped-cropped-cropped-cropped-3-1.png\",\"width\":95,\"height\":122,\"caption\":\"CVI NOTICIAS\"},\"image\":{\"@id\":\"https:\\\/\\\/cvinoticias.com\\\/v3\\\/#\\\/schema\\\/logo\\\/image\\\/\"},\"sameAs\":[\"https:\\\/\\\/www.facebook.com\\\/cvinoticias\",\"https:\\\/\\\/www.instagram.com\\\/cvinoticias\\\/\",\"https:\\\/\\\/www.youtube.com\\\/@CVINOTICIAS\"]},{\"@type\":\"Person\",\"@id\":\"https:\\\/\\\/cvinoticias.com\\\/v3\\\/#\\\/schema\\\/person\\\/2db77e3c6bc03c538495d7b2b8be9b66\",\"name\":\"f1000024\",\"image\":{\"@type\":\"ImageObject\",\"inLanguage\":\"es\",\"@id\":\"https:\\\/\\\/secure.gravatar.com\\\/avatar\\\/d4fe7459cfc51ff5129ce1a732bbef5928568b8092d412ef95611616376bbeed?s=96&d=mm&r=g\",\"url\":\"https:\\\/\\\/secure.gravatar.com\\\/avatar\\\/d4fe7459cfc51ff5129ce1a732bbef5928568b8092d412ef95611616376bbeed?s=96&d=mm&r=g\",\"contentUrl\":\"https:\\\/\\\/secure.gravatar.com\\\/avatar\\\/d4fe7459cfc51ff5129ce1a732bbef5928568b8092d412ef95611616376bbeed?s=96&d=mm&r=g\",\"caption\":\"f1000024\"},\"url\":\"https:\\\/\\\/cvinoticias.com\\\/v3\\\/author\\\/f1000024\\\/\"}]}<\/script>\n<!-- \/ Yoast SEO plugin. -->","yoast_head_json":{"title":"Todo sobre Adepa, la Asociaci\u00f3n de Entidades Period\u00edsticas que sesiona en Misiones | CVI NOTICIAS","robots":{"index":"index","follow":"follow","max-snippet":"max-snippet:-1","max-image-preview":"max-image-preview:large","max-video-preview":"max-video-preview:-1"},"canonical":"https:\/\/cvinoticias.com\/v3\/todo-sobre-adepa-la-asociacion-de-entidades-periodisticas-que-sesiona-en-misiones\/","og_locale":"es_ES","og_type":"article","og_title":"Todo sobre Adepa, la Asociaci\u00f3n de Entidades Period\u00edsticas que sesiona en Misiones | CVI NOTICIAS","og_description":"Desde la jornada ayer, directivos y editores de medios impresos y digitales de todo el pa\u00eds se re\u00fanen en Posadas para un encuentro centrado en la inteligencia artificial en el periodismo.La 62\u00aa asamblea general de la Asociaci\u00f3n de Entidades Period\u00edsticas Argentinas (Adepa) se est\u00e1 llevando a cabo en el Hotel Bagu de Posadas desde ayer [&hellip;]","og_url":"https:\/\/cvinoticias.com\/v3\/todo-sobre-adepa-la-asociacion-de-entidades-periodisticas-que-sesiona-en-misiones\/","og_site_name":"CVI NOTICIAS","article_publisher":"https:\/\/www.facebook.com\/cvinoticias","article_published_time":"2024-09-19T19:06:10+00:00","article_modified_time":"2024-09-19T19:06:11+00:00","og_image":[{"width":1600,"height":1074,"url":"https:\/\/cvinoticias.com\/wp-content\/uploads\/2024\/09\/IMG-20240919-WA0187.jpg","type":"image\/jpeg"}],"author":"f1000024","twitter_card":"summary_large_image","twitter_misc":{"Escrito por":"f1000024","Tiempo de lectura":"3 minutos"},"schema":{"@context":"https:\/\/schema.org","@graph":[{"@type":"Article","@id":"https:\/\/cvinoticias.com\/v3\/todo-sobre-adepa-la-asociacion-de-entidades-periodisticas-que-sesiona-en-misiones\/#article","isPartOf":{"@id":"https:\/\/cvinoticias.com\/v3\/todo-sobre-adepa-la-asociacion-de-entidades-periodisticas-que-sesiona-en-misiones\/"},"author":{"name":"f1000024","@id":"https:\/\/cvinoticias.com\/v3\/#\/schema\/person\/2db77e3c6bc03c538495d7b2b8be9b66"},"headline":"Todo sobre Adepa, la Asociaci\u00f3n de Entidades Period\u00edsticas que sesiona en Misiones","datePublished":"2024-09-19T19:06:10+00:00","dateModified":"2024-09-19T19:06:11+00:00","mainEntityOfPage":{"@id":"https:\/\/cvinoticias.com\/v3\/todo-sobre-adepa-la-asociacion-de-entidades-periodisticas-que-sesiona-en-misiones\/"},"wordCount":514,"commentCount":0,"publisher":{"@id":"https:\/\/cvinoticias.com\/v3\/#organization"},"image":{"@id":"https:\/\/cvinoticias.com\/v3\/todo-sobre-adepa-la-asociacion-de-entidades-periodisticas-que-sesiona-en-misiones\/#primaryimage"},"thumbnailUrl":"https:\/\/cvinoticias.com\/wp-content\/uploads\/2024\/09\/IMG-20240919-WA0187.jpg","articleSection":["Informaci\u00f3n General"],"inLanguage":"es","potentialAction":[{"@type":"CommentAction","name":"Comment","target":["https:\/\/cvinoticias.com\/v3\/todo-sobre-adepa-la-asociacion-de-entidades-periodisticas-que-sesiona-en-misiones\/#respond"]}]},{"@type":"WebPage","@id":"https:\/\/cvinoticias.com\/v3\/todo-sobre-adepa-la-asociacion-de-entidades-periodisticas-que-sesiona-en-misiones\/","url":"https:\/\/cvinoticias.com\/v3\/todo-sobre-adepa-la-asociacion-de-entidades-periodisticas-que-sesiona-en-misiones\/","name":"Todo sobre Adepa, la Asociaci\u00f3n de Entidades Period\u00edsticas que sesiona en Misiones | CVI NOTICIAS","isPartOf":{"@id":"https:\/\/cvinoticias.com\/v3\/#website"},"primaryImageOfPage":{"@id":"https:\/\/cvinoticias.com\/v3\/todo-sobre-adepa-la-asociacion-de-entidades-periodisticas-que-sesiona-en-misiones\/#primaryimage"},"image":{"@id":"https:\/\/cvinoticias.com\/v3\/todo-sobre-adepa-la-asociacion-de-entidades-periodisticas-que-sesiona-en-misiones\/#primaryimage"},"thumbnailUrl":"https:\/\/cvinoticias.com\/wp-content\/uploads\/2024\/09\/IMG-20240919-WA0187.jpg","datePublished":"2024-09-19T19:06:10+00:00","dateModified":"2024-09-19T19:06:11+00:00","breadcrumb":{"@id":"https:\/\/cvinoticias.com\/v3\/todo-sobre-adepa-la-asociacion-de-entidades-periodisticas-que-sesiona-en-misiones\/#breadcrumb"},"inLanguage":"es","potentialAction":[{"@type":"ReadAction","target":["https:\/\/cvinoticias.com\/v3\/todo-sobre-adepa-la-asociacion-de-entidades-periodisticas-que-sesiona-en-misiones\/"]}]},{"@type":"ImageObject","inLanguage":"es","@id":"https:\/\/cvinoticias.com\/v3\/todo-sobre-adepa-la-asociacion-de-entidades-periodisticas-que-sesiona-en-misiones\/#primaryimage","url":"https:\/\/cvinoticias.com\/wp-content\/uploads\/2024\/09\/IMG-20240919-WA0187.jpg","contentUrl":"https:\/\/cvinoticias.com\/wp-content\/uploads\/2024\/09\/IMG-20240919-WA0187.jpg","width":1600,"height":1074},{"@type":"BreadcrumbList","@id":"https:\/\/cvinoticias.com\/v3\/todo-sobre-adepa-la-asociacion-de-entidades-periodisticas-que-sesiona-en-misiones\/#breadcrumb","itemListElement":[{"@type":"ListItem","position":1,"name":"Portada","item":"https:\/\/cvinoticias.com\/v3\/"},{"@type":"ListItem","position":2,"name":"Todo sobre Adepa, la Asociaci\u00f3n de Entidades Period\u00edsticas que sesiona en Misiones"}]},{"@type":"WebSite","@id":"https:\/\/cvinoticias.com\/v3\/#website","url":"https:\/\/cvinoticias.com\/v3\/","name":"CVI NOTICIAS","description":"","publisher":{"@id":"https:\/\/cvinoticias.com\/v3\/#organization"},"alternateName":"CVI","potentialAction":[{"@type":"SearchAction","target":{"@type":"EntryPoint","urlTemplate":"https:\/\/cvinoticias.com\/v3\/?s={search_term_string}"},"query-input":{"@type":"PropertyValueSpecification","valueRequired":true,"valueName":"search_term_string"}}],"inLanguage":"es"},{"@type":"Organization","@id":"https:\/\/cvinoticias.com\/v3\/#organization","name":"CVI NOTICIAS","url":"https:\/\/cvinoticias.com\/v3\/","logo":{"@type":"ImageObject","inLanguage":"es","@id":"https:\/\/cvinoticias.com\/v3\/#\/schema\/logo\/image\/","url":"https:\/\/cvinoticias.com\/wp-content\/uploads\/2023\/04\/cropped-cropped-cropped-cropped-cropped-3-1.png","contentUrl":"https:\/\/cvinoticias.com\/wp-content\/uploads\/2023\/04\/cropped-cropped-cropped-cropped-cropped-3-1.png","width":95,"height":122,"caption":"CVI NOTICIAS"},"image":{"@id":"https:\/\/cvinoticias.com\/v3\/#\/schema\/logo\/image\/"},"sameAs":["https:\/\/www.facebook.com\/cvinoticias","https:\/\/www.instagram.com\/cvinoticias\/","https:\/\/www.youtube.com\/@CVINOTICIAS"]},{"@type":"Person","@id":"https:\/\/cvinoticias.com\/v3\/#\/schema\/person\/2db77e3c6bc03c538495d7b2b8be9b66","name":"f1000024","image":{"@type":"ImageObject","inLanguage":"es","@id":"https:\/\/secure.gravatar.com\/avatar\/d4fe7459cfc51ff5129ce1a732bbef5928568b8092d412ef95611616376bbeed?s=96&d=mm&r=g","url":"https:\/\/secure.gravatar.com\/avatar\/d4fe7459cfc51ff5129ce1a732bbef5928568b8092d412ef95611616376bbeed?s=96&d=mm&r=g","contentUrl":"https:\/\/secure.gravatar.com\/avatar\/d4fe7459cfc51ff5129ce1a732bbef5928568b8092d412ef95611616376bbeed?s=96&d=mm&r=g","caption":"f1000024"},"url":"https:\/\/cvinoticias.com\/v3\/author\/f1000024\/"}]}},"_links":{"self":[{"href":"https:\/\/cvinoticias.com\/v3\/wp-json\/wp\/v2\/posts\/36420","targetHints":{"allow":["GET"]}}],"collection":[{"href":"https:\/\/cvinoticias.com\/v3\/wp-json\/wp\/v2\/posts"}],"about":[{"href":"https:\/\/cvinoticias.com\/v3\/wp-json\/wp\/v2\/types\/post"}],"author":[{"embeddable":true,"href":"https:\/\/cvinoticias.com\/v3\/wp-json\/wp\/v2\/users\/2"}],"replies":[{"embeddable":true,"href":"https:\/\/cvinoticias.com\/v3\/wp-json\/wp\/v2\/comments?post=36420"}],"version-history":[{"count":1,"href":"https:\/\/cvinoticias.com\/v3\/wp-json\/wp\/v2\/posts\/36420\/revisions"}],"predecessor-version":[{"id":36426,"href":"https:\/\/cvinoticias.com\/v3\/wp-json\/wp\/v2\/posts\/36420\/revisions\/36426"}],"wp:featuredmedia":[{"embeddable":true,"href":"https:\/\/cvinoticias.com\/v3\/wp-json\/wp\/v2\/media\/36425"}],"wp:attachment":[{"href":"https:\/\/cvinoticias.com\/v3\/wp-json\/wp\/v2\/media?parent=36420"}],"wp:term":[{"taxonomy":"category","embeddable":true,"href":"https:\/\/cvinoticias.com\/v3\/wp-json\/wp\/v2\/categories?post=36420"},{"taxonomy":"post_tag","embeddable":true,"href":"https:\/\/cvinoticias.com\/v3\/wp-json\/wp\/v2\/tags?post=36420"}],"curies":[{"name":"wp","href":"https:\/\/api.w.org\/{rel}","templated":true}]}}