{"id":36393,"date":"2024-09-16T15:17:32","date_gmt":"2024-09-16T18:17:32","guid":{"rendered":"https:\/\/cvinoticias.com\/v3\/?p=36393"},"modified":"2024-09-16T15:18:24","modified_gmt":"2024-09-16T18:18:24","slug":"cataratas-voley-obtuvo-el-subcampeonato-en-todas-las-categorias","status":"publish","type":"post","link":"https:\/\/cvinoticias.com\/v3\/cataratas-voley-obtuvo-el-subcampeonato-en-todas-las-categorias\/","title":{"rendered":"Cataratas voley obtuvo el subcampeonato en todas las categor\u00edas"},"content":{"rendered":"\n<p>El Cataratas Voley demostr\u00f3 su nivel en la Edici\u00f3n N\u00b09 del Torneo \u00abCreciendo Juntos\u00bb, organizado en la localidad de Leandro N. Alem, al obtener subcampeonato en todas las categor\u00edas.<\/p>\n\n\n\n<p>El equipo misionero se midi\u00f3 con rivales de diferentes partes del pa\u00eds y logr\u00f3 destacarse como el \u00fanico equipo que qued\u00f3 en competici\u00f3n en la copa de oro.<\/p>\n\n\n\n<p> Este logro pone en lo m\u00e1s alto al deporte iguazuense y demuestra el potencial y dedicaci\u00f3n a lo largo del a\u00f1o, que viene realizando el Cataratas Voley.<\/p>\n\n\n\n<p>El Cataratas Voley ha demostrado ser uno de los equipos m\u00e1s destacados en la zona norte y su participaci\u00f3n en el Torneo \u00abCreciendo Juntos\u00bb ha sido un \u00e9xito.<\/p>\n\n\n\n<p><strong>redacci\u00f3n: Juan Barreto Periodista CVI<\/strong><\/p>\n\n\n\n<p><\/p>\n","protected":false},"excerpt":{"rendered":"<p>El Cataratas Voley demostr\u00f3 su nivel en la Edici\u00f3n N\u00b09 del Torneo \u00abCreciendo Juntos\u00bb, organizado en la localidad de Leandro N. Alem, al obtener subcampeonato en todas las categor\u00edas. El equipo misionero se midi\u00f3 con rivales de diferentes partes del pa\u00eds y logr\u00f3 destacarse como el \u00fanico equipo que qued\u00f3 en competici\u00f3n en la copa [&hellip;]<\/p>\n","protected":false},"author":2,"featured_media":36394,"comment_status":"open","ping_status":"open","sticky":false,"template":"","format":"standard","meta":{"footnotes":""},"categories":[24],"tags":[],"class_list":["post-36393","post","type-post","status-publish","format-standard","has-post-thumbnail","hentry","category-deportes"],"yoast_head":"<!-- This site is optimized with the Yoast SEO plugin v27.5 - https:\/\/yoast.com\/product\/yoast-seo-wordpress\/ -->\n<title>Cataratas voley obtuvo el subcampeonato en todas las categor\u00edas | CVI NOTICIAS<\/title>\n<meta name=\"robots\" content=\"index, follow, max-snippet:-1, max-image-preview:large, max-video-preview:-1\" \/>\n<link rel=\"canonical\" href=\"https:\/\/cvinoticias.com\/v3\/cataratas-voley-obtuvo-el-subcampeonato-en-todas-las-categorias\/\" \/>\n<meta property=\"og:locale\" content=\"es_ES\" \/>\n<meta property=\"og:type\" content=\"article\" \/>\n<meta property=\"og:title\" content=\"Cataratas voley obtuvo el subcampeonato en todas las categor\u00edas | CVI NOTICIAS\" \/>\n<meta property=\"og:description\" content=\"El Cataratas Voley demostr\u00f3 su nivel en la Edici\u00f3n N\u00b09 del Torneo \u00abCreciendo Juntos\u00bb, organizado en la localidad de Leandro N. Alem, al obtener subcampeonato en todas las categor\u00edas. El equipo misionero se midi\u00f3 con rivales de diferentes partes del pa\u00eds y logr\u00f3 destacarse como el \u00fanico equipo que qued\u00f3 en competici\u00f3n en la copa [&hellip;]\" \/>\n<meta property=\"og:url\" content=\"https:\/\/cvinoticias.com\/v3\/cataratas-voley-obtuvo-el-subcampeonato-en-todas-las-categorias\/\" \/>\n<meta property=\"og:site_name\" content=\"CVI NOTICIAS\" \/>\n<meta property=\"article:publisher\" content=\"https:\/\/www.facebook.com\/cvinoticias\" \/>\n<meta property=\"article:published_time\" content=\"2024-09-16T18:17:32+00:00\" \/>\n<meta property=\"article:modified_time\" content=\"2024-09-16T18:18:24+00:00\" \/>\n<meta property=\"og:image\" content=\"https:\/\/cvinoticias.com\/wp-content\/uploads\/2024\/09\/IMG-20240916-WA0186.jpg\" \/>\n\t<meta property=\"og:image:width\" content=\"1200\" \/>\n\t<meta property=\"og:image:height\" content=\"1600\" \/>\n\t<meta property=\"og:image:type\" content=\"image\/jpeg\" \/>\n<meta name=\"author\" content=\"f1000024\" \/>\n<meta name=\"twitter:card\" content=\"summary_large_image\" \/>\n<meta name=\"twitter:label1\" content=\"Escrito por\" \/>\n\t<meta name=\"twitter:data1\" content=\"f1000024\" \/>\n\t<meta name=\"twitter:label2\" content=\"Tiempo de lectura\" \/>\n\t<meta name=\"twitter:data2\" content=\"1 minuto\" \/>\n<script type=\"application\/ld+json\" class=\"yoast-schema-graph\">{\"@context\":\"https:\\\/\\\/schema.org\",\"@graph\":[{\"@type\":\"Article\",\"@id\":\"https:\\\/\\\/cvinoticias.com\\\/v3\\\/cataratas-voley-obtuvo-el-subcampeonato-en-todas-las-categorias\\\/#article\",\"isPartOf\":{\"@id\":\"https:\\\/\\\/cvinoticias.com\\\/v3\\\/cataratas-voley-obtuvo-el-subcampeonato-en-todas-las-categorias\\\/\"},\"author\":{\"name\":\"f1000024\",\"@id\":\"https:\\\/\\\/cvinoticias.com\\\/v3\\\/#\\\/schema\\\/person\\\/2db77e3c6bc03c538495d7b2b8be9b66\"},\"headline\":\"Cataratas voley obtuvo el subcampeonato en todas las categor\u00edas\",\"datePublished\":\"2024-09-16T18:17:32+00:00\",\"dateModified\":\"2024-09-16T18:18:24+00:00\",\"mainEntityOfPage\":{\"@id\":\"https:\\\/\\\/cvinoticias.com\\\/v3\\\/cataratas-voley-obtuvo-el-subcampeonato-en-todas-las-categorias\\\/\"},\"wordCount\":137,\"commentCount\":0,\"publisher\":{\"@id\":\"https:\\\/\\\/cvinoticias.com\\\/v3\\\/#organization\"},\"image\":{\"@id\":\"https:\\\/\\\/cvinoticias.com\\\/v3\\\/cataratas-voley-obtuvo-el-subcampeonato-en-todas-las-categorias\\\/#primaryimage\"},\"thumbnailUrl\":\"https:\\\/\\\/cvinoticias.com\\\/wp-content\\\/uploads\\\/2024\\\/09\\\/IMG-20240916-WA0186.jpg\",\"articleSection\":[\"Deportes\"],\"inLanguage\":\"es\",\"potentialAction\":[{\"@type\":\"CommentAction\",\"name\":\"Comment\",\"target\":[\"https:\\\/\\\/cvinoticias.com\\\/v3\\\/cataratas-voley-obtuvo-el-subcampeonato-en-todas-las-categorias\\\/#respond\"]}]},{\"@type\":\"WebPage\",\"@id\":\"https:\\\/\\\/cvinoticias.com\\\/v3\\\/cataratas-voley-obtuvo-el-subcampeonato-en-todas-las-categorias\\\/\",\"url\":\"https:\\\/\\\/cvinoticias.com\\\/v3\\\/cataratas-voley-obtuvo-el-subcampeonato-en-todas-las-categorias\\\/\",\"name\":\"Cataratas voley obtuvo el subcampeonato en todas las categor\u00edas | CVI NOTICIAS\",\"isPartOf\":{\"@id\":\"https:\\\/\\\/cvinoticias.com\\\/v3\\\/#website\"},\"primaryImageOfPage\":{\"@id\":\"https:\\\/\\\/cvinoticias.com\\\/v3\\\/cataratas-voley-obtuvo-el-subcampeonato-en-todas-las-categorias\\\/#primaryimage\"},\"image\":{\"@id\":\"https:\\\/\\\/cvinoticias.com\\\/v3\\\/cataratas-voley-obtuvo-el-subcampeonato-en-todas-las-categorias\\\/#primaryimage\"},\"thumbnailUrl\":\"https:\\\/\\\/cvinoticias.com\\\/wp-content\\\/uploads\\\/2024\\\/09\\\/IMG-20240916-WA0186.jpg\",\"datePublished\":\"2024-09-16T18:17:32+00:00\",\"dateModified\":\"2024-09-16T18:18:24+00:00\",\"breadcrumb\":{\"@id\":\"https:\\\/\\\/cvinoticias.com\\\/v3\\\/cataratas-voley-obtuvo-el-subcampeonato-en-todas-las-categorias\\\/#breadcrumb\"},\"inLanguage\":\"es\",\"potentialAction\":[{\"@type\":\"ReadAction\",\"target\":[\"https:\\\/\\\/cvinoticias.com\\\/v3\\\/cataratas-voley-obtuvo-el-subcampeonato-en-todas-las-categorias\\\/\"]}]},{\"@type\":\"ImageObject\",\"inLanguage\":\"es\",\"@id\":\"https:\\\/\\\/cvinoticias.com\\\/v3\\\/cataratas-voley-obtuvo-el-subcampeonato-en-todas-las-categorias\\\/#primaryimage\",\"url\":\"https:\\\/\\\/cvinoticias.com\\\/wp-content\\\/uploads\\\/2024\\\/09\\\/IMG-20240916-WA0186.jpg\",\"contentUrl\":\"https:\\\/\\\/cvinoticias.com\\\/wp-content\\\/uploads\\\/2024\\\/09\\\/IMG-20240916-WA0186.jpg\",\"width\":1200,\"height\":1600},{\"@type\":\"BreadcrumbList\",\"@id\":\"https:\\\/\\\/cvinoticias.com\\\/v3\\\/cataratas-voley-obtuvo-el-subcampeonato-en-todas-las-categorias\\\/#breadcrumb\",\"itemListElement\":[{\"@type\":\"ListItem\",\"position\":1,\"name\":\"Portada\",\"item\":\"https:\\\/\\\/cvinoticias.com\\\/v3\\\/\"},{\"@type\":\"ListItem\",\"position\":2,\"name\":\"Cataratas voley obtuvo el subcampeonato en todas las categor\u00edas\"}]},{\"@type\":\"WebSite\",\"@id\":\"https:\\\/\\\/cvinoticias.com\\\/v3\\\/#website\",\"url\":\"https:\\\/\\\/cvinoticias.com\\\/v3\\\/\",\"name\":\"CVI NOTICIAS\",\"description\":\"\",\"publisher\":{\"@id\":\"https:\\\/\\\/cvinoticias.com\\\/v3\\\/#organization\"},\"alternateName\":\"CVI\",\"potentialAction\":[{\"@type\":\"SearchAction\",\"target\":{\"@type\":\"EntryPoint\",\"urlTemplate\":\"https:\\\/\\\/cvinoticias.com\\\/v3\\\/?s={search_term_string}\"},\"query-input\":{\"@type\":\"PropertyValueSpecification\",\"valueRequired\":true,\"valueName\":\"search_term_string\"}}],\"inLanguage\":\"es\"},{\"@type\":\"Organization\",\"@id\":\"https:\\\/\\\/cvinoticias.com\\\/v3\\\/#organization\",\"name\":\"CVI NOTICIAS\",\"url\":\"https:\\\/\\\/cvinoticias.com\\\/v3\\\/\",\"logo\":{\"@type\":\"ImageObject\",\"inLanguage\":\"es\",\"@id\":\"https:\\\/\\\/cvinoticias.com\\\/v3\\\/#\\\/schema\\\/logo\\\/image\\\/\",\"url\":\"https:\\\/\\\/cvinoticias.com\\\/wp-content\\\/uploads\\\/2023\\\/04\\\/cropped-cropped-cropped-cropped-cropped-3-1.png\",\"contentUrl\":\"https:\\\/\\\/cvinoticias.com\\\/wp-content\\\/uploads\\\/2023\\\/04\\\/cropped-cropped-cropped-cropped-cropped-3-1.png\",\"width\":95,\"height\":122,\"caption\":\"CVI NOTICIAS\"},\"image\":{\"@id\":\"https:\\\/\\\/cvinoticias.com\\\/v3\\\/#\\\/schema\\\/logo\\\/image\\\/\"},\"sameAs\":[\"https:\\\/\\\/www.facebook.com\\\/cvinoticias\",\"https:\\\/\\\/www.instagram.com\\\/cvinoticias\\\/\",\"https:\\\/\\\/www.youtube.com\\\/@CVINOTICIAS\"]},{\"@type\":\"Person\",\"@id\":\"https:\\\/\\\/cvinoticias.com\\\/v3\\\/#\\\/schema\\\/person\\\/2db77e3c6bc03c538495d7b2b8be9b66\",\"name\":\"f1000024\",\"image\":{\"@type\":\"ImageObject\",\"inLanguage\":\"es\",\"@id\":\"https:\\\/\\\/secure.gravatar.com\\\/avatar\\\/d4fe7459cfc51ff5129ce1a732bbef5928568b8092d412ef95611616376bbeed?s=96&d=mm&r=g\",\"url\":\"https:\\\/\\\/secure.gravatar.com\\\/avatar\\\/d4fe7459cfc51ff5129ce1a732bbef5928568b8092d412ef95611616376bbeed?s=96&d=mm&r=g\",\"contentUrl\":\"https:\\\/\\\/secure.gravatar.com\\\/avatar\\\/d4fe7459cfc51ff5129ce1a732bbef5928568b8092d412ef95611616376bbeed?s=96&d=mm&r=g\",\"caption\":\"f1000024\"},\"url\":\"https:\\\/\\\/cvinoticias.com\\\/v3\\\/author\\\/f1000024\\\/\"}]}<\/script>\n<!-- \/ Yoast SEO plugin. -->","yoast_head_json":{"title":"Cataratas voley obtuvo el subcampeonato en todas las categor\u00edas | CVI NOTICIAS","robots":{"index":"index","follow":"follow","max-snippet":"max-snippet:-1","max-image-preview":"max-image-preview:large","max-video-preview":"max-video-preview:-1"},"canonical":"https:\/\/cvinoticias.com\/v3\/cataratas-voley-obtuvo-el-subcampeonato-en-todas-las-categorias\/","og_locale":"es_ES","og_type":"article","og_title":"Cataratas voley obtuvo el subcampeonato en todas las categor\u00edas | CVI NOTICIAS","og_description":"El Cataratas Voley demostr\u00f3 su nivel en la Edici\u00f3n N\u00b09 del Torneo \u00abCreciendo Juntos\u00bb, organizado en la localidad de Leandro N. Alem, al obtener subcampeonato en todas las categor\u00edas. El equipo misionero se midi\u00f3 con rivales de diferentes partes del pa\u00eds y logr\u00f3 destacarse como el \u00fanico equipo que qued\u00f3 en competici\u00f3n en la copa [&hellip;]","og_url":"https:\/\/cvinoticias.com\/v3\/cataratas-voley-obtuvo-el-subcampeonato-en-todas-las-categorias\/","og_site_name":"CVI NOTICIAS","article_publisher":"https:\/\/www.facebook.com\/cvinoticias","article_published_time":"2024-09-16T18:17:32+00:00","article_modified_time":"2024-09-16T18:18:24+00:00","og_image":[{"width":1200,"height":1600,"url":"https:\/\/cvinoticias.com\/wp-content\/uploads\/2024\/09\/IMG-20240916-WA0186.jpg","type":"image\/jpeg"}],"author":"f1000024","twitter_card":"summary_large_image","twitter_misc":{"Escrito por":"f1000024","Tiempo de lectura":"1 minuto"},"schema":{"@context":"https:\/\/schema.org","@graph":[{"@type":"Article","@id":"https:\/\/cvinoticias.com\/v3\/cataratas-voley-obtuvo-el-subcampeonato-en-todas-las-categorias\/#article","isPartOf":{"@id":"https:\/\/cvinoticias.com\/v3\/cataratas-voley-obtuvo-el-subcampeonato-en-todas-las-categorias\/"},"author":{"name":"f1000024","@id":"https:\/\/cvinoticias.com\/v3\/#\/schema\/person\/2db77e3c6bc03c538495d7b2b8be9b66"},"headline":"Cataratas voley obtuvo el subcampeonato en todas las categor\u00edas","datePublished":"2024-09-16T18:17:32+00:00","dateModified":"2024-09-16T18:18:24+00:00","mainEntityOfPage":{"@id":"https:\/\/cvinoticias.com\/v3\/cataratas-voley-obtuvo-el-subcampeonato-en-todas-las-categorias\/"},"wordCount":137,"commentCount":0,"publisher":{"@id":"https:\/\/cvinoticias.com\/v3\/#organization"},"image":{"@id":"https:\/\/cvinoticias.com\/v3\/cataratas-voley-obtuvo-el-subcampeonato-en-todas-las-categorias\/#primaryimage"},"thumbnailUrl":"https:\/\/cvinoticias.com\/wp-content\/uploads\/2024\/09\/IMG-20240916-WA0186.jpg","articleSection":["Deportes"],"inLanguage":"es","potentialAction":[{"@type":"CommentAction","name":"Comment","target":["https:\/\/cvinoticias.com\/v3\/cataratas-voley-obtuvo-el-subcampeonato-en-todas-las-categorias\/#respond"]}]},{"@type":"WebPage","@id":"https:\/\/cvinoticias.com\/v3\/cataratas-voley-obtuvo-el-subcampeonato-en-todas-las-categorias\/","url":"https:\/\/cvinoticias.com\/v3\/cataratas-voley-obtuvo-el-subcampeonato-en-todas-las-categorias\/","name":"Cataratas voley obtuvo el subcampeonato en todas las categor\u00edas | CVI NOTICIAS","isPartOf":{"@id":"https:\/\/cvinoticias.com\/v3\/#website"},"primaryImageOfPage":{"@id":"https:\/\/cvinoticias.com\/v3\/cataratas-voley-obtuvo-el-subcampeonato-en-todas-las-categorias\/#primaryimage"},"image":{"@id":"https:\/\/cvinoticias.com\/v3\/cataratas-voley-obtuvo-el-subcampeonato-en-todas-las-categorias\/#primaryimage"},"thumbnailUrl":"https:\/\/cvinoticias.com\/wp-content\/uploads\/2024\/09\/IMG-20240916-WA0186.jpg","datePublished":"2024-09-16T18:17:32+00:00","dateModified":"2024-09-16T18:18:24+00:00","breadcrumb":{"@id":"https:\/\/cvinoticias.com\/v3\/cataratas-voley-obtuvo-el-subcampeonato-en-todas-las-categorias\/#breadcrumb"},"inLanguage":"es","potentialAction":[{"@type":"ReadAction","target":["https:\/\/cvinoticias.com\/v3\/cataratas-voley-obtuvo-el-subcampeonato-en-todas-las-categorias\/"]}]},{"@type":"ImageObject","inLanguage":"es","@id":"https:\/\/cvinoticias.com\/v3\/cataratas-voley-obtuvo-el-subcampeonato-en-todas-las-categorias\/#primaryimage","url":"https:\/\/cvinoticias.com\/wp-content\/uploads\/2024\/09\/IMG-20240916-WA0186.jpg","contentUrl":"https:\/\/cvinoticias.com\/wp-content\/uploads\/2024\/09\/IMG-20240916-WA0186.jpg","width":1200,"height":1600},{"@type":"BreadcrumbList","@id":"https:\/\/cvinoticias.com\/v3\/cataratas-voley-obtuvo-el-subcampeonato-en-todas-las-categorias\/#breadcrumb","itemListElement":[{"@type":"ListItem","position":1,"name":"Portada","item":"https:\/\/cvinoticias.com\/v3\/"},{"@type":"ListItem","position":2,"name":"Cataratas voley obtuvo el subcampeonato en todas las categor\u00edas"}]},{"@type":"WebSite","@id":"https:\/\/cvinoticias.com\/v3\/#website","url":"https:\/\/cvinoticias.com\/v3\/","name":"CVI NOTICIAS","description":"","publisher":{"@id":"https:\/\/cvinoticias.com\/v3\/#organization"},"alternateName":"CVI","potentialAction":[{"@type":"SearchAction","target":{"@type":"EntryPoint","urlTemplate":"https:\/\/cvinoticias.com\/v3\/?s={search_term_string}"},"query-input":{"@type":"PropertyValueSpecification","valueRequired":true,"valueName":"search_term_string"}}],"inLanguage":"es"},{"@type":"Organization","@id":"https:\/\/cvinoticias.com\/v3\/#organization","name":"CVI NOTICIAS","url":"https:\/\/cvinoticias.com\/v3\/","logo":{"@type":"ImageObject","inLanguage":"es","@id":"https:\/\/cvinoticias.com\/v3\/#\/schema\/logo\/image\/","url":"https:\/\/cvinoticias.com\/wp-content\/uploads\/2023\/04\/cropped-cropped-cropped-cropped-cropped-3-1.png","contentUrl":"https:\/\/cvinoticias.com\/wp-content\/uploads\/2023\/04\/cropped-cropped-cropped-cropped-cropped-3-1.png","width":95,"height":122,"caption":"CVI NOTICIAS"},"image":{"@id":"https:\/\/cvinoticias.com\/v3\/#\/schema\/logo\/image\/"},"sameAs":["https:\/\/www.facebook.com\/cvinoticias","https:\/\/www.instagram.com\/cvinoticias\/","https:\/\/www.youtube.com\/@CVINOTICIAS"]},{"@type":"Person","@id":"https:\/\/cvinoticias.com\/v3\/#\/schema\/person\/2db77e3c6bc03c538495d7b2b8be9b66","name":"f1000024","image":{"@type":"ImageObject","inLanguage":"es","@id":"https:\/\/secure.gravatar.com\/avatar\/d4fe7459cfc51ff5129ce1a732bbef5928568b8092d412ef95611616376bbeed?s=96&d=mm&r=g","url":"https:\/\/secure.gravatar.com\/avatar\/d4fe7459cfc51ff5129ce1a732bbef5928568b8092d412ef95611616376bbeed?s=96&d=mm&r=g","contentUrl":"https:\/\/secure.gravatar.com\/avatar\/d4fe7459cfc51ff5129ce1a732bbef5928568b8092d412ef95611616376bbeed?s=96&d=mm&r=g","caption":"f1000024"},"url":"https:\/\/cvinoticias.com\/v3\/author\/f1000024\/"}]}},"_links":{"self":[{"href":"https:\/\/cvinoticias.com\/v3\/wp-json\/wp\/v2\/posts\/36393","targetHints":{"allow":["GET"]}}],"collection":[{"href":"https:\/\/cvinoticias.com\/v3\/wp-json\/wp\/v2\/posts"}],"about":[{"href":"https:\/\/cvinoticias.com\/v3\/wp-json\/wp\/v2\/types\/post"}],"author":[{"embeddable":true,"href":"https:\/\/cvinoticias.com\/v3\/wp-json\/wp\/v2\/users\/2"}],"replies":[{"embeddable":true,"href":"https:\/\/cvinoticias.com\/v3\/wp-json\/wp\/v2\/comments?post=36393"}],"version-history":[{"count":2,"href":"https:\/\/cvinoticias.com\/v3\/wp-json\/wp\/v2\/posts\/36393\/revisions"}],"predecessor-version":[{"id":36396,"href":"https:\/\/cvinoticias.com\/v3\/wp-json\/wp\/v2\/posts\/36393\/revisions\/36396"}],"wp:featuredmedia":[{"embeddable":true,"href":"https:\/\/cvinoticias.com\/v3\/wp-json\/wp\/v2\/media\/36394"}],"wp:attachment":[{"href":"https:\/\/cvinoticias.com\/v3\/wp-json\/wp\/v2\/media?parent=36393"}],"wp:term":[{"taxonomy":"category","embeddable":true,"href":"https:\/\/cvinoticias.com\/v3\/wp-json\/wp\/v2\/categories?post=36393"},{"taxonomy":"post_tag","embeddable":true,"href":"https:\/\/cvinoticias.com\/v3\/wp-json\/wp\/v2\/tags?post=36393"}],"curies":[{"name":"wp","href":"https:\/\/api.w.org\/{rel}","templated":true}]}}