{"id":36374,"date":"2024-09-15T20:06:47","date_gmt":"2024-09-15T23:06:47","guid":{"rendered":"https:\/\/cvinoticias.com\/v3\/?p=36374"},"modified":"2024-09-15T20:06:48","modified_gmt":"2024-09-15T23:06:48","slug":"detienen-a-un-hombre-acusado-de-atacar-y-dejar-en-estado-critico-a-un-joven-en-puerto-iguazu","status":"publish","type":"post","link":"https:\/\/cvinoticias.com\/v3\/detienen-a-un-hombre-acusado-de-atacar-y-dejar-en-estado-critico-a-un-joven-en-puerto-iguazu\/","title":{"rendered":"Detienen a un hombre acusado de atacar y dejar en estado cr\u00edtico a un joven en Puerto Iguaz\u00fa"},"content":{"rendered":"\n<p>Efectivos de la Comisar\u00eda 4.\u00aa de Puerto Iguaz\u00fa detuvieron a un hombre de 35 a\u00f1os, acusado junto a su hermano de amenazar y agredir f\u00edsicamente a un joven de 22 a\u00f1os, quien se encuentra hospitalizado con riesgo de vida. <\/p>\n\n\n\n<p>Adem\u00e1s, se secuestr\u00f3 el veh\u00edculo utilizado por los presuntos involucrados para escapar tras el ataque.La Polic\u00eda tom\u00f3 conocimiento del hecho  ayer por la noche, cuando la madre de la v\u00edctima se present\u00f3 en la dependencia policial, denunciando que el 12 de septiembre, alrededor de las 14 horas, dos hombres llegaron a su domicilio en el barrio Santa Rosa y amenazaron y agredieron a su hijo Mat\u00edas. <\/p>\n\n\n\n<p>Posteriormente, lo empujaron, lo que provoc\u00f3 que cayera y se golpeara la cabeza, quedando inconsciente.Tras el ataque, los agresores escaparon del lugar en un utilitario. La denunciante identific\u00f3 a los dos hombres como Ezequiel y Maximiliano, quienes son hermanos y habr\u00edan ido a reclamarle una supuesta deuda de dinero a Mat\u00edas.A ra\u00edz de lo denunciado, la justicia orden\u00f3 una serie de medidas relacionadas con el hecho.<\/p>\n\n\n\n<p> Es as\u00ed, que esta ma\u00f1ana, mientras la polic\u00eda se preparaba para realizar un allanamiento en la vivienda de los acusados, Ezequiel se present\u00f3 en la comisar\u00eda y fue inmediatamente arrestado.<\/p>\n\n\n\n<p>Despu\u00e9s de su detenci\u00f3n, se concret\u00f3 el allanamiento en su vivienda ubicada en el barrio Altos del Paran\u00e1, donde los investigadores secuestraron una Fiat Fiorino y otros elementos relevantes para la causa. <\/p>\n\n\n\n<p>Sin embargo, no se logr\u00f3 encontrar al segundo presunto involucrado, quien es intensamente buscado por las fuerzas de seguridad.Por su parte, el joven agredido permanece en la Unidad de Terapia Intensiva (UTI) del hospital local con diagn\u00f3stico reservado.<\/p>\n","protected":false},"excerpt":{"rendered":"<p>Efectivos de la Comisar\u00eda 4.\u00aa de Puerto Iguaz\u00fa detuvieron a un hombre de 35 a\u00f1os, acusado junto a su hermano de amenazar y agredir f\u00edsicamente a un joven de 22 a\u00f1os, quien se encuentra hospitalizado con riesgo de vida. Adem\u00e1s, se secuestr\u00f3 el veh\u00edculo utilizado por los presuntos involucrados para escapar tras el ataque.La Polic\u00eda [&hellip;]<\/p>\n","protected":false},"author":2,"featured_media":36375,"comment_status":"open","ping_status":"open","sticky":false,"template":"","format":"standard","meta":{"footnotes":""},"categories":[41],"tags":[],"class_list":["post-36374","post","type-post","status-publish","format-standard","has-post-thumbnail","hentry","category-policiales"],"yoast_head":"<!-- This site is optimized with the Yoast SEO plugin v27.4 - https:\/\/yoast.com\/product\/yoast-seo-wordpress\/ -->\n<title>Detienen a un hombre acusado de atacar y dejar en estado cr\u00edtico a un joven en Puerto Iguaz\u00fa | CVI NOTICIAS<\/title>\n<meta name=\"robots\" content=\"index, follow, max-snippet:-1, max-image-preview:large, max-video-preview:-1\" \/>\n<link rel=\"canonical\" href=\"https:\/\/cvinoticias.com\/v3\/detienen-a-un-hombre-acusado-de-atacar-y-dejar-en-estado-critico-a-un-joven-en-puerto-iguazu\/\" \/>\n<meta property=\"og:locale\" content=\"es_ES\" \/>\n<meta property=\"og:type\" content=\"article\" \/>\n<meta property=\"og:title\" content=\"Detienen a un hombre acusado de atacar y dejar en estado cr\u00edtico a un joven en Puerto Iguaz\u00fa | CVI NOTICIAS\" \/>\n<meta property=\"og:description\" content=\"Efectivos de la Comisar\u00eda 4.\u00aa de Puerto Iguaz\u00fa detuvieron a un hombre de 35 a\u00f1os, acusado junto a su hermano de amenazar y agredir f\u00edsicamente a un joven de 22 a\u00f1os, quien se encuentra hospitalizado con riesgo de vida. Adem\u00e1s, se secuestr\u00f3 el veh\u00edculo utilizado por los presuntos involucrados para escapar tras el ataque.La Polic\u00eda [&hellip;]\" \/>\n<meta property=\"og:url\" content=\"https:\/\/cvinoticias.com\/v3\/detienen-a-un-hombre-acusado-de-atacar-y-dejar-en-estado-critico-a-un-joven-en-puerto-iguazu\/\" \/>\n<meta property=\"og:site_name\" content=\"CVI NOTICIAS\" \/>\n<meta property=\"article:publisher\" content=\"https:\/\/www.facebook.com\/cvinoticias\" \/>\n<meta property=\"article:published_time\" content=\"2024-09-15T23:06:47+00:00\" \/>\n<meta property=\"article:modified_time\" content=\"2024-09-15T23:06:48+00:00\" \/>\n<meta property=\"og:image\" content=\"https:\/\/cvinoticias.com\/wp-content\/uploads\/2024\/09\/IMG-20240915-WA0110.jpg\" \/>\n\t<meta property=\"og:image:width\" content=\"1204\" \/>\n\t<meta property=\"og:image:height\" content=\"1600\" \/>\n\t<meta property=\"og:image:type\" content=\"image\/jpeg\" \/>\n<meta name=\"author\" content=\"f1000024\" \/>\n<meta name=\"twitter:card\" content=\"summary_large_image\" \/>\n<meta name=\"twitter:label1\" content=\"Escrito por\" \/>\n\t<meta name=\"twitter:data1\" content=\"f1000024\" \/>\n\t<meta name=\"twitter:label2\" content=\"Tiempo de lectura\" \/>\n\t<meta name=\"twitter:data2\" content=\"2 minutos\" \/>\n<script type=\"application\/ld+json\" class=\"yoast-schema-graph\">{\"@context\":\"https:\\\/\\\/schema.org\",\"@graph\":[{\"@type\":\"Article\",\"@id\":\"https:\\\/\\\/cvinoticias.com\\\/v3\\\/detienen-a-un-hombre-acusado-de-atacar-y-dejar-en-estado-critico-a-un-joven-en-puerto-iguazu\\\/#article\",\"isPartOf\":{\"@id\":\"https:\\\/\\\/cvinoticias.com\\\/v3\\\/detienen-a-un-hombre-acusado-de-atacar-y-dejar-en-estado-critico-a-un-joven-en-puerto-iguazu\\\/\"},\"author\":{\"name\":\"f1000024\",\"@id\":\"https:\\\/\\\/cvinoticias.com\\\/v3\\\/#\\\/schema\\\/person\\\/2db77e3c6bc03c538495d7b2b8be9b66\"},\"headline\":\"Detienen a un hombre acusado de atacar y dejar en estado cr\u00edtico a un joven en Puerto Iguaz\u00fa\",\"datePublished\":\"2024-09-15T23:06:47+00:00\",\"dateModified\":\"2024-09-15T23:06:48+00:00\",\"mainEntityOfPage\":{\"@id\":\"https:\\\/\\\/cvinoticias.com\\\/v3\\\/detienen-a-un-hombre-acusado-de-atacar-y-dejar-en-estado-critico-a-un-joven-en-puerto-iguazu\\\/\"},\"wordCount\":307,\"commentCount\":0,\"publisher\":{\"@id\":\"https:\\\/\\\/cvinoticias.com\\\/v3\\\/#organization\"},\"image\":{\"@id\":\"https:\\\/\\\/cvinoticias.com\\\/v3\\\/detienen-a-un-hombre-acusado-de-atacar-y-dejar-en-estado-critico-a-un-joven-en-puerto-iguazu\\\/#primaryimage\"},\"thumbnailUrl\":\"https:\\\/\\\/cvinoticias.com\\\/wp-content\\\/uploads\\\/2024\\\/09\\\/IMG-20240915-WA0110.jpg\",\"articleSection\":[\"Policiales\"],\"inLanguage\":\"es\",\"potentialAction\":[{\"@type\":\"CommentAction\",\"name\":\"Comment\",\"target\":[\"https:\\\/\\\/cvinoticias.com\\\/v3\\\/detienen-a-un-hombre-acusado-de-atacar-y-dejar-en-estado-critico-a-un-joven-en-puerto-iguazu\\\/#respond\"]}]},{\"@type\":\"WebPage\",\"@id\":\"https:\\\/\\\/cvinoticias.com\\\/v3\\\/detienen-a-un-hombre-acusado-de-atacar-y-dejar-en-estado-critico-a-un-joven-en-puerto-iguazu\\\/\",\"url\":\"https:\\\/\\\/cvinoticias.com\\\/v3\\\/detienen-a-un-hombre-acusado-de-atacar-y-dejar-en-estado-critico-a-un-joven-en-puerto-iguazu\\\/\",\"name\":\"Detienen a un hombre acusado de atacar y dejar en estado cr\u00edtico a un joven en Puerto Iguaz\u00fa | CVI NOTICIAS\",\"isPartOf\":{\"@id\":\"https:\\\/\\\/cvinoticias.com\\\/v3\\\/#website\"},\"primaryImageOfPage\":{\"@id\":\"https:\\\/\\\/cvinoticias.com\\\/v3\\\/detienen-a-un-hombre-acusado-de-atacar-y-dejar-en-estado-critico-a-un-joven-en-puerto-iguazu\\\/#primaryimage\"},\"image\":{\"@id\":\"https:\\\/\\\/cvinoticias.com\\\/v3\\\/detienen-a-un-hombre-acusado-de-atacar-y-dejar-en-estado-critico-a-un-joven-en-puerto-iguazu\\\/#primaryimage\"},\"thumbnailUrl\":\"https:\\\/\\\/cvinoticias.com\\\/wp-content\\\/uploads\\\/2024\\\/09\\\/IMG-20240915-WA0110.jpg\",\"datePublished\":\"2024-09-15T23:06:47+00:00\",\"dateModified\":\"2024-09-15T23:06:48+00:00\",\"breadcrumb\":{\"@id\":\"https:\\\/\\\/cvinoticias.com\\\/v3\\\/detienen-a-un-hombre-acusado-de-atacar-y-dejar-en-estado-critico-a-un-joven-en-puerto-iguazu\\\/#breadcrumb\"},\"inLanguage\":\"es\",\"potentialAction\":[{\"@type\":\"ReadAction\",\"target\":[\"https:\\\/\\\/cvinoticias.com\\\/v3\\\/detienen-a-un-hombre-acusado-de-atacar-y-dejar-en-estado-critico-a-un-joven-en-puerto-iguazu\\\/\"]}]},{\"@type\":\"ImageObject\",\"inLanguage\":\"es\",\"@id\":\"https:\\\/\\\/cvinoticias.com\\\/v3\\\/detienen-a-un-hombre-acusado-de-atacar-y-dejar-en-estado-critico-a-un-joven-en-puerto-iguazu\\\/#primaryimage\",\"url\":\"https:\\\/\\\/cvinoticias.com\\\/wp-content\\\/uploads\\\/2024\\\/09\\\/IMG-20240915-WA0110.jpg\",\"contentUrl\":\"https:\\\/\\\/cvinoticias.com\\\/wp-content\\\/uploads\\\/2024\\\/09\\\/IMG-20240915-WA0110.jpg\",\"width\":1204,\"height\":1600},{\"@type\":\"BreadcrumbList\",\"@id\":\"https:\\\/\\\/cvinoticias.com\\\/v3\\\/detienen-a-un-hombre-acusado-de-atacar-y-dejar-en-estado-critico-a-un-joven-en-puerto-iguazu\\\/#breadcrumb\",\"itemListElement\":[{\"@type\":\"ListItem\",\"position\":1,\"name\":\"Portada\",\"item\":\"https:\\\/\\\/cvinoticias.com\\\/v3\\\/\"},{\"@type\":\"ListItem\",\"position\":2,\"name\":\"Detienen a un hombre acusado de atacar y dejar en estado cr\u00edtico a un joven en Puerto Iguaz\u00fa\"}]},{\"@type\":\"WebSite\",\"@id\":\"https:\\\/\\\/cvinoticias.com\\\/v3\\\/#website\",\"url\":\"https:\\\/\\\/cvinoticias.com\\\/v3\\\/\",\"name\":\"CVI NOTICIAS\",\"description\":\"\",\"publisher\":{\"@id\":\"https:\\\/\\\/cvinoticias.com\\\/v3\\\/#organization\"},\"alternateName\":\"CVI\",\"potentialAction\":[{\"@type\":\"SearchAction\",\"target\":{\"@type\":\"EntryPoint\",\"urlTemplate\":\"https:\\\/\\\/cvinoticias.com\\\/v3\\\/?s={search_term_string}\"},\"query-input\":{\"@type\":\"PropertyValueSpecification\",\"valueRequired\":true,\"valueName\":\"search_term_string\"}}],\"inLanguage\":\"es\"},{\"@type\":\"Organization\",\"@id\":\"https:\\\/\\\/cvinoticias.com\\\/v3\\\/#organization\",\"name\":\"CVI NOTICIAS\",\"url\":\"https:\\\/\\\/cvinoticias.com\\\/v3\\\/\",\"logo\":{\"@type\":\"ImageObject\",\"inLanguage\":\"es\",\"@id\":\"https:\\\/\\\/cvinoticias.com\\\/v3\\\/#\\\/schema\\\/logo\\\/image\\\/\",\"url\":\"https:\\\/\\\/cvinoticias.com\\\/wp-content\\\/uploads\\\/2023\\\/04\\\/cropped-cropped-cropped-cropped-cropped-3-1.png\",\"contentUrl\":\"https:\\\/\\\/cvinoticias.com\\\/wp-content\\\/uploads\\\/2023\\\/04\\\/cropped-cropped-cropped-cropped-cropped-3-1.png\",\"width\":95,\"height\":122,\"caption\":\"CVI NOTICIAS\"},\"image\":{\"@id\":\"https:\\\/\\\/cvinoticias.com\\\/v3\\\/#\\\/schema\\\/logo\\\/image\\\/\"},\"sameAs\":[\"https:\\\/\\\/www.facebook.com\\\/cvinoticias\",\"https:\\\/\\\/www.instagram.com\\\/cvinoticias\\\/\",\"https:\\\/\\\/www.youtube.com\\\/@CVINOTICIAS\"]},{\"@type\":\"Person\",\"@id\":\"https:\\\/\\\/cvinoticias.com\\\/v3\\\/#\\\/schema\\\/person\\\/2db77e3c6bc03c538495d7b2b8be9b66\",\"name\":\"f1000024\",\"image\":{\"@type\":\"ImageObject\",\"inLanguage\":\"es\",\"@id\":\"https:\\\/\\\/secure.gravatar.com\\\/avatar\\\/d4fe7459cfc51ff5129ce1a732bbef5928568b8092d412ef95611616376bbeed?s=96&d=mm&r=g\",\"url\":\"https:\\\/\\\/secure.gravatar.com\\\/avatar\\\/d4fe7459cfc51ff5129ce1a732bbef5928568b8092d412ef95611616376bbeed?s=96&d=mm&r=g\",\"contentUrl\":\"https:\\\/\\\/secure.gravatar.com\\\/avatar\\\/d4fe7459cfc51ff5129ce1a732bbef5928568b8092d412ef95611616376bbeed?s=96&d=mm&r=g\",\"caption\":\"f1000024\"},\"url\":\"https:\\\/\\\/cvinoticias.com\\\/v3\\\/author\\\/f1000024\\\/\"}]}<\/script>\n<!-- \/ Yoast SEO plugin. -->","yoast_head_json":{"title":"Detienen a un hombre acusado de atacar y dejar en estado cr\u00edtico a un joven en Puerto Iguaz\u00fa | CVI NOTICIAS","robots":{"index":"index","follow":"follow","max-snippet":"max-snippet:-1","max-image-preview":"max-image-preview:large","max-video-preview":"max-video-preview:-1"},"canonical":"https:\/\/cvinoticias.com\/v3\/detienen-a-un-hombre-acusado-de-atacar-y-dejar-en-estado-critico-a-un-joven-en-puerto-iguazu\/","og_locale":"es_ES","og_type":"article","og_title":"Detienen a un hombre acusado de atacar y dejar en estado cr\u00edtico a un joven en Puerto Iguaz\u00fa | CVI NOTICIAS","og_description":"Efectivos de la Comisar\u00eda 4.\u00aa de Puerto Iguaz\u00fa detuvieron a un hombre de 35 a\u00f1os, acusado junto a su hermano de amenazar y agredir f\u00edsicamente a un joven de 22 a\u00f1os, quien se encuentra hospitalizado con riesgo de vida. Adem\u00e1s, se secuestr\u00f3 el veh\u00edculo utilizado por los presuntos involucrados para escapar tras el ataque.La Polic\u00eda [&hellip;]","og_url":"https:\/\/cvinoticias.com\/v3\/detienen-a-un-hombre-acusado-de-atacar-y-dejar-en-estado-critico-a-un-joven-en-puerto-iguazu\/","og_site_name":"CVI NOTICIAS","article_publisher":"https:\/\/www.facebook.com\/cvinoticias","article_published_time":"2024-09-15T23:06:47+00:00","article_modified_time":"2024-09-15T23:06:48+00:00","og_image":[{"width":1204,"height":1600,"url":"https:\/\/cvinoticias.com\/wp-content\/uploads\/2024\/09\/IMG-20240915-WA0110.jpg","type":"image\/jpeg"}],"author":"f1000024","twitter_card":"summary_large_image","twitter_misc":{"Escrito por":"f1000024","Tiempo de lectura":"2 minutos"},"schema":{"@context":"https:\/\/schema.org","@graph":[{"@type":"Article","@id":"https:\/\/cvinoticias.com\/v3\/detienen-a-un-hombre-acusado-de-atacar-y-dejar-en-estado-critico-a-un-joven-en-puerto-iguazu\/#article","isPartOf":{"@id":"https:\/\/cvinoticias.com\/v3\/detienen-a-un-hombre-acusado-de-atacar-y-dejar-en-estado-critico-a-un-joven-en-puerto-iguazu\/"},"author":{"name":"f1000024","@id":"https:\/\/cvinoticias.com\/v3\/#\/schema\/person\/2db77e3c6bc03c538495d7b2b8be9b66"},"headline":"Detienen a un hombre acusado de atacar y dejar en estado cr\u00edtico a un joven en Puerto Iguaz\u00fa","datePublished":"2024-09-15T23:06:47+00:00","dateModified":"2024-09-15T23:06:48+00:00","mainEntityOfPage":{"@id":"https:\/\/cvinoticias.com\/v3\/detienen-a-un-hombre-acusado-de-atacar-y-dejar-en-estado-critico-a-un-joven-en-puerto-iguazu\/"},"wordCount":307,"commentCount":0,"publisher":{"@id":"https:\/\/cvinoticias.com\/v3\/#organization"},"image":{"@id":"https:\/\/cvinoticias.com\/v3\/detienen-a-un-hombre-acusado-de-atacar-y-dejar-en-estado-critico-a-un-joven-en-puerto-iguazu\/#primaryimage"},"thumbnailUrl":"https:\/\/cvinoticias.com\/wp-content\/uploads\/2024\/09\/IMG-20240915-WA0110.jpg","articleSection":["Policiales"],"inLanguage":"es","potentialAction":[{"@type":"CommentAction","name":"Comment","target":["https:\/\/cvinoticias.com\/v3\/detienen-a-un-hombre-acusado-de-atacar-y-dejar-en-estado-critico-a-un-joven-en-puerto-iguazu\/#respond"]}]},{"@type":"WebPage","@id":"https:\/\/cvinoticias.com\/v3\/detienen-a-un-hombre-acusado-de-atacar-y-dejar-en-estado-critico-a-un-joven-en-puerto-iguazu\/","url":"https:\/\/cvinoticias.com\/v3\/detienen-a-un-hombre-acusado-de-atacar-y-dejar-en-estado-critico-a-un-joven-en-puerto-iguazu\/","name":"Detienen a un hombre acusado de atacar y dejar en estado cr\u00edtico a un joven en Puerto Iguaz\u00fa | CVI NOTICIAS","isPartOf":{"@id":"https:\/\/cvinoticias.com\/v3\/#website"},"primaryImageOfPage":{"@id":"https:\/\/cvinoticias.com\/v3\/detienen-a-un-hombre-acusado-de-atacar-y-dejar-en-estado-critico-a-un-joven-en-puerto-iguazu\/#primaryimage"},"image":{"@id":"https:\/\/cvinoticias.com\/v3\/detienen-a-un-hombre-acusado-de-atacar-y-dejar-en-estado-critico-a-un-joven-en-puerto-iguazu\/#primaryimage"},"thumbnailUrl":"https:\/\/cvinoticias.com\/wp-content\/uploads\/2024\/09\/IMG-20240915-WA0110.jpg","datePublished":"2024-09-15T23:06:47+00:00","dateModified":"2024-09-15T23:06:48+00:00","breadcrumb":{"@id":"https:\/\/cvinoticias.com\/v3\/detienen-a-un-hombre-acusado-de-atacar-y-dejar-en-estado-critico-a-un-joven-en-puerto-iguazu\/#breadcrumb"},"inLanguage":"es","potentialAction":[{"@type":"ReadAction","target":["https:\/\/cvinoticias.com\/v3\/detienen-a-un-hombre-acusado-de-atacar-y-dejar-en-estado-critico-a-un-joven-en-puerto-iguazu\/"]}]},{"@type":"ImageObject","inLanguage":"es","@id":"https:\/\/cvinoticias.com\/v3\/detienen-a-un-hombre-acusado-de-atacar-y-dejar-en-estado-critico-a-un-joven-en-puerto-iguazu\/#primaryimage","url":"https:\/\/cvinoticias.com\/wp-content\/uploads\/2024\/09\/IMG-20240915-WA0110.jpg","contentUrl":"https:\/\/cvinoticias.com\/wp-content\/uploads\/2024\/09\/IMG-20240915-WA0110.jpg","width":1204,"height":1600},{"@type":"BreadcrumbList","@id":"https:\/\/cvinoticias.com\/v3\/detienen-a-un-hombre-acusado-de-atacar-y-dejar-en-estado-critico-a-un-joven-en-puerto-iguazu\/#breadcrumb","itemListElement":[{"@type":"ListItem","position":1,"name":"Portada","item":"https:\/\/cvinoticias.com\/v3\/"},{"@type":"ListItem","position":2,"name":"Detienen a un hombre acusado de atacar y dejar en estado cr\u00edtico a un joven en Puerto Iguaz\u00fa"}]},{"@type":"WebSite","@id":"https:\/\/cvinoticias.com\/v3\/#website","url":"https:\/\/cvinoticias.com\/v3\/","name":"CVI NOTICIAS","description":"","publisher":{"@id":"https:\/\/cvinoticias.com\/v3\/#organization"},"alternateName":"CVI","potentialAction":[{"@type":"SearchAction","target":{"@type":"EntryPoint","urlTemplate":"https:\/\/cvinoticias.com\/v3\/?s={search_term_string}"},"query-input":{"@type":"PropertyValueSpecification","valueRequired":true,"valueName":"search_term_string"}}],"inLanguage":"es"},{"@type":"Organization","@id":"https:\/\/cvinoticias.com\/v3\/#organization","name":"CVI NOTICIAS","url":"https:\/\/cvinoticias.com\/v3\/","logo":{"@type":"ImageObject","inLanguage":"es","@id":"https:\/\/cvinoticias.com\/v3\/#\/schema\/logo\/image\/","url":"https:\/\/cvinoticias.com\/wp-content\/uploads\/2023\/04\/cropped-cropped-cropped-cropped-cropped-3-1.png","contentUrl":"https:\/\/cvinoticias.com\/wp-content\/uploads\/2023\/04\/cropped-cropped-cropped-cropped-cropped-3-1.png","width":95,"height":122,"caption":"CVI NOTICIAS"},"image":{"@id":"https:\/\/cvinoticias.com\/v3\/#\/schema\/logo\/image\/"},"sameAs":["https:\/\/www.facebook.com\/cvinoticias","https:\/\/www.instagram.com\/cvinoticias\/","https:\/\/www.youtube.com\/@CVINOTICIAS"]},{"@type":"Person","@id":"https:\/\/cvinoticias.com\/v3\/#\/schema\/person\/2db77e3c6bc03c538495d7b2b8be9b66","name":"f1000024","image":{"@type":"ImageObject","inLanguage":"es","@id":"https:\/\/secure.gravatar.com\/avatar\/d4fe7459cfc51ff5129ce1a732bbef5928568b8092d412ef95611616376bbeed?s=96&d=mm&r=g","url":"https:\/\/secure.gravatar.com\/avatar\/d4fe7459cfc51ff5129ce1a732bbef5928568b8092d412ef95611616376bbeed?s=96&d=mm&r=g","contentUrl":"https:\/\/secure.gravatar.com\/avatar\/d4fe7459cfc51ff5129ce1a732bbef5928568b8092d412ef95611616376bbeed?s=96&d=mm&r=g","caption":"f1000024"},"url":"https:\/\/cvinoticias.com\/v3\/author\/f1000024\/"}]}},"_links":{"self":[{"href":"https:\/\/cvinoticias.com\/v3\/wp-json\/wp\/v2\/posts\/36374","targetHints":{"allow":["GET"]}}],"collection":[{"href":"https:\/\/cvinoticias.com\/v3\/wp-json\/wp\/v2\/posts"}],"about":[{"href":"https:\/\/cvinoticias.com\/v3\/wp-json\/wp\/v2\/types\/post"}],"author":[{"embeddable":true,"href":"https:\/\/cvinoticias.com\/v3\/wp-json\/wp\/v2\/users\/2"}],"replies":[{"embeddable":true,"href":"https:\/\/cvinoticias.com\/v3\/wp-json\/wp\/v2\/comments?post=36374"}],"version-history":[{"count":1,"href":"https:\/\/cvinoticias.com\/v3\/wp-json\/wp\/v2\/posts\/36374\/revisions"}],"predecessor-version":[{"id":36376,"href":"https:\/\/cvinoticias.com\/v3\/wp-json\/wp\/v2\/posts\/36374\/revisions\/36376"}],"wp:featuredmedia":[{"embeddable":true,"href":"https:\/\/cvinoticias.com\/v3\/wp-json\/wp\/v2\/media\/36375"}],"wp:attachment":[{"href":"https:\/\/cvinoticias.com\/v3\/wp-json\/wp\/v2\/media?parent=36374"}],"wp:term":[{"taxonomy":"category","embeddable":true,"href":"https:\/\/cvinoticias.com\/v3\/wp-json\/wp\/v2\/categories?post=36374"},{"taxonomy":"post_tag","embeddable":true,"href":"https:\/\/cvinoticias.com\/v3\/wp-json\/wp\/v2\/tags?post=36374"}],"curies":[{"name":"wp","href":"https:\/\/api.w.org\/{rel}","templated":true}]}}