{"id":36371,"date":"2024-09-14T20:54:44","date_gmt":"2024-09-14T23:54:44","guid":{"rendered":"https:\/\/cvinoticias.com\/v3\/?p=36371"},"modified":"2024-09-14T20:55:05","modified_gmt":"2024-09-14T23:55:05","slug":"el-cuerpo-hallado-en-eldorado-corresponde-al-docente-hugo-samudio","status":"publish","type":"post","link":"https:\/\/cvinoticias.com\/v3\/el-cuerpo-hallado-en-eldorado-corresponde-al-docente-hugo-samudio\/","title":{"rendered":"El cuerpo hallado en Eldorado corresponde al docente Hugo Samudio"},"content":{"rendered":"\n<p>Tras realizar las pesquisas, la Unidad Regional III de Eldorado, inform\u00f3 que el cuerpo hallado esta ma\u00f1ana en una zona de espesa vegetaci\u00f3n ubicada en el kil\u00f3metro 14 de la ruta provincial 17 de la localidad de Eldorado, pertenece a Hugo Vicente Samudio de 55 a\u00f1os, buscado por familiares y la fuerza de seguridad desde el pasado 13 de agosto, fecha de su desaparici\u00f3n<\/p>\n\n\n\n<p>Luego de un rastrillaje realIzado est\u00e1 m\u00e1\u00f1ana, d\u00f3nde canes adiestrados ubicaron un cuerpo en estado de descomposici\u00f3n, las autoridades encontraron un documento a nombre del docente Samudio.<\/p>\n\n\n\n<p> El documento se encontraba en uno de los bolsillos del pantal\u00f3n que llevaba puesto. Asimismo, por disposici\u00f3n del magistrado interviniente en la causa, el cuerpo permanecer\u00e1 en la morgue judicial para realizar la autopsia correspondiente.<\/p>\n\n\n\n<p><strong>Gentileza : prensa Polic\u00eda de Misiones<\/strong><\/p>\n","protected":false},"excerpt":{"rendered":"<p>Tras realizar las pesquisas, la Unidad Regional III de Eldorado, inform\u00f3 que el cuerpo hallado esta ma\u00f1ana en una zona de espesa vegetaci\u00f3n ubicada en el kil\u00f3metro 14 de la ruta provincial 17 de la localidad de Eldorado, pertenece a Hugo Vicente Samudio de 55 a\u00f1os, buscado por familiares y la fuerza de seguridad desde [&hellip;]<\/p>\n","protected":false},"author":2,"featured_media":36372,"comment_status":"open","ping_status":"open","sticky":false,"template":"","format":"standard","meta":{"footnotes":""},"categories":[41],"tags":[],"class_list":["post-36371","post","type-post","status-publish","format-standard","has-post-thumbnail","hentry","category-policiales"],"yoast_head":"<!-- This site is optimized with the Yoast SEO plugin v27.4 - https:\/\/yoast.com\/product\/yoast-seo-wordpress\/ -->\n<title>El cuerpo hallado en Eldorado corresponde al docente Hugo Samudio | CVI NOTICIAS<\/title>\n<meta name=\"robots\" content=\"index, follow, max-snippet:-1, max-image-preview:large, max-video-preview:-1\" \/>\n<link rel=\"canonical\" href=\"https:\/\/cvinoticias.com\/v3\/el-cuerpo-hallado-en-eldorado-corresponde-al-docente-hugo-samudio\/\" \/>\n<meta property=\"og:locale\" content=\"es_ES\" \/>\n<meta property=\"og:type\" content=\"article\" \/>\n<meta property=\"og:title\" content=\"El cuerpo hallado en Eldorado corresponde al docente Hugo Samudio | CVI NOTICIAS\" \/>\n<meta property=\"og:description\" content=\"Tras realizar las pesquisas, la Unidad Regional III de Eldorado, inform\u00f3 que el cuerpo hallado esta ma\u00f1ana en una zona de espesa vegetaci\u00f3n ubicada en el kil\u00f3metro 14 de la ruta provincial 17 de la localidad de Eldorado, pertenece a Hugo Vicente Samudio de 55 a\u00f1os, buscado por familiares y la fuerza de seguridad desde [&hellip;]\" \/>\n<meta property=\"og:url\" content=\"https:\/\/cvinoticias.com\/v3\/el-cuerpo-hallado-en-eldorado-corresponde-al-docente-hugo-samudio\/\" \/>\n<meta property=\"og:site_name\" content=\"CVI NOTICIAS\" \/>\n<meta property=\"article:publisher\" content=\"https:\/\/www.facebook.com\/cvinoticias\" \/>\n<meta property=\"article:published_time\" content=\"2024-09-14T23:54:44+00:00\" \/>\n<meta property=\"article:modified_time\" content=\"2024-09-14T23:55:05+00:00\" \/>\n<meta property=\"og:image\" content=\"https:\/\/cvinoticias.com\/wp-content\/uploads\/2024\/09\/IMG-20240914-WA0084.jpg\" \/>\n\t<meta property=\"og:image:width\" content=\"1156\" \/>\n\t<meta property=\"og:image:height\" content=\"867\" \/>\n\t<meta property=\"og:image:type\" content=\"image\/jpeg\" \/>\n<meta name=\"author\" content=\"f1000024\" \/>\n<meta name=\"twitter:card\" content=\"summary_large_image\" \/>\n<meta name=\"twitter:label1\" content=\"Escrito por\" \/>\n\t<meta name=\"twitter:data1\" content=\"f1000024\" \/>\n\t<meta name=\"twitter:label2\" content=\"Tiempo de lectura\" \/>\n\t<meta name=\"twitter:data2\" content=\"1 minuto\" \/>\n<script type=\"application\/ld+json\" class=\"yoast-schema-graph\">{\"@context\":\"https:\\\/\\\/schema.org\",\"@graph\":[{\"@type\":\"Article\",\"@id\":\"https:\\\/\\\/cvinoticias.com\\\/v3\\\/el-cuerpo-hallado-en-eldorado-corresponde-al-docente-hugo-samudio\\\/#article\",\"isPartOf\":{\"@id\":\"https:\\\/\\\/cvinoticias.com\\\/v3\\\/el-cuerpo-hallado-en-eldorado-corresponde-al-docente-hugo-samudio\\\/\"},\"author\":{\"name\":\"f1000024\",\"@id\":\"https:\\\/\\\/cvinoticias.com\\\/v3\\\/#\\\/schema\\\/person\\\/2db77e3c6bc03c538495d7b2b8be9b66\"},\"headline\":\"El cuerpo hallado en Eldorado corresponde al docente Hugo Samudio\",\"datePublished\":\"2024-09-14T23:54:44+00:00\",\"dateModified\":\"2024-09-14T23:55:05+00:00\",\"mainEntityOfPage\":{\"@id\":\"https:\\\/\\\/cvinoticias.com\\\/v3\\\/el-cuerpo-hallado-en-eldorado-corresponde-al-docente-hugo-samudio\\\/\"},\"wordCount\":148,\"commentCount\":0,\"publisher\":{\"@id\":\"https:\\\/\\\/cvinoticias.com\\\/v3\\\/#organization\"},\"image\":{\"@id\":\"https:\\\/\\\/cvinoticias.com\\\/v3\\\/el-cuerpo-hallado-en-eldorado-corresponde-al-docente-hugo-samudio\\\/#primaryimage\"},\"thumbnailUrl\":\"https:\\\/\\\/cvinoticias.com\\\/wp-content\\\/uploads\\\/2024\\\/09\\\/IMG-20240914-WA0084.jpg\",\"articleSection\":[\"Policiales\"],\"inLanguage\":\"es\",\"potentialAction\":[{\"@type\":\"CommentAction\",\"name\":\"Comment\",\"target\":[\"https:\\\/\\\/cvinoticias.com\\\/v3\\\/el-cuerpo-hallado-en-eldorado-corresponde-al-docente-hugo-samudio\\\/#respond\"]}]},{\"@type\":\"WebPage\",\"@id\":\"https:\\\/\\\/cvinoticias.com\\\/v3\\\/el-cuerpo-hallado-en-eldorado-corresponde-al-docente-hugo-samudio\\\/\",\"url\":\"https:\\\/\\\/cvinoticias.com\\\/v3\\\/el-cuerpo-hallado-en-eldorado-corresponde-al-docente-hugo-samudio\\\/\",\"name\":\"El cuerpo hallado en Eldorado corresponde al docente Hugo Samudio | CVI NOTICIAS\",\"isPartOf\":{\"@id\":\"https:\\\/\\\/cvinoticias.com\\\/v3\\\/#website\"},\"primaryImageOfPage\":{\"@id\":\"https:\\\/\\\/cvinoticias.com\\\/v3\\\/el-cuerpo-hallado-en-eldorado-corresponde-al-docente-hugo-samudio\\\/#primaryimage\"},\"image\":{\"@id\":\"https:\\\/\\\/cvinoticias.com\\\/v3\\\/el-cuerpo-hallado-en-eldorado-corresponde-al-docente-hugo-samudio\\\/#primaryimage\"},\"thumbnailUrl\":\"https:\\\/\\\/cvinoticias.com\\\/wp-content\\\/uploads\\\/2024\\\/09\\\/IMG-20240914-WA0084.jpg\",\"datePublished\":\"2024-09-14T23:54:44+00:00\",\"dateModified\":\"2024-09-14T23:55:05+00:00\",\"breadcrumb\":{\"@id\":\"https:\\\/\\\/cvinoticias.com\\\/v3\\\/el-cuerpo-hallado-en-eldorado-corresponde-al-docente-hugo-samudio\\\/#breadcrumb\"},\"inLanguage\":\"es\",\"potentialAction\":[{\"@type\":\"ReadAction\",\"target\":[\"https:\\\/\\\/cvinoticias.com\\\/v3\\\/el-cuerpo-hallado-en-eldorado-corresponde-al-docente-hugo-samudio\\\/\"]}]},{\"@type\":\"ImageObject\",\"inLanguage\":\"es\",\"@id\":\"https:\\\/\\\/cvinoticias.com\\\/v3\\\/el-cuerpo-hallado-en-eldorado-corresponde-al-docente-hugo-samudio\\\/#primaryimage\",\"url\":\"https:\\\/\\\/cvinoticias.com\\\/wp-content\\\/uploads\\\/2024\\\/09\\\/IMG-20240914-WA0084.jpg\",\"contentUrl\":\"https:\\\/\\\/cvinoticias.com\\\/wp-content\\\/uploads\\\/2024\\\/09\\\/IMG-20240914-WA0084.jpg\",\"width\":1156,\"height\":867},{\"@type\":\"BreadcrumbList\",\"@id\":\"https:\\\/\\\/cvinoticias.com\\\/v3\\\/el-cuerpo-hallado-en-eldorado-corresponde-al-docente-hugo-samudio\\\/#breadcrumb\",\"itemListElement\":[{\"@type\":\"ListItem\",\"position\":1,\"name\":\"Portada\",\"item\":\"https:\\\/\\\/cvinoticias.com\\\/v3\\\/\"},{\"@type\":\"ListItem\",\"position\":2,\"name\":\"El cuerpo hallado en Eldorado corresponde al docente Hugo Samudio\"}]},{\"@type\":\"WebSite\",\"@id\":\"https:\\\/\\\/cvinoticias.com\\\/v3\\\/#website\",\"url\":\"https:\\\/\\\/cvinoticias.com\\\/v3\\\/\",\"name\":\"CVI NOTICIAS\",\"description\":\"\",\"publisher\":{\"@id\":\"https:\\\/\\\/cvinoticias.com\\\/v3\\\/#organization\"},\"alternateName\":\"CVI\",\"potentialAction\":[{\"@type\":\"SearchAction\",\"target\":{\"@type\":\"EntryPoint\",\"urlTemplate\":\"https:\\\/\\\/cvinoticias.com\\\/v3\\\/?s={search_term_string}\"},\"query-input\":{\"@type\":\"PropertyValueSpecification\",\"valueRequired\":true,\"valueName\":\"search_term_string\"}}],\"inLanguage\":\"es\"},{\"@type\":\"Organization\",\"@id\":\"https:\\\/\\\/cvinoticias.com\\\/v3\\\/#organization\",\"name\":\"CVI NOTICIAS\",\"url\":\"https:\\\/\\\/cvinoticias.com\\\/v3\\\/\",\"logo\":{\"@type\":\"ImageObject\",\"inLanguage\":\"es\",\"@id\":\"https:\\\/\\\/cvinoticias.com\\\/v3\\\/#\\\/schema\\\/logo\\\/image\\\/\",\"url\":\"https:\\\/\\\/cvinoticias.com\\\/wp-content\\\/uploads\\\/2023\\\/04\\\/cropped-cropped-cropped-cropped-cropped-3-1.png\",\"contentUrl\":\"https:\\\/\\\/cvinoticias.com\\\/wp-content\\\/uploads\\\/2023\\\/04\\\/cropped-cropped-cropped-cropped-cropped-3-1.png\",\"width\":95,\"height\":122,\"caption\":\"CVI NOTICIAS\"},\"image\":{\"@id\":\"https:\\\/\\\/cvinoticias.com\\\/v3\\\/#\\\/schema\\\/logo\\\/image\\\/\"},\"sameAs\":[\"https:\\\/\\\/www.facebook.com\\\/cvinoticias\",\"https:\\\/\\\/www.instagram.com\\\/cvinoticias\\\/\",\"https:\\\/\\\/www.youtube.com\\\/@CVINOTICIAS\"]},{\"@type\":\"Person\",\"@id\":\"https:\\\/\\\/cvinoticias.com\\\/v3\\\/#\\\/schema\\\/person\\\/2db77e3c6bc03c538495d7b2b8be9b66\",\"name\":\"f1000024\",\"image\":{\"@type\":\"ImageObject\",\"inLanguage\":\"es\",\"@id\":\"https:\\\/\\\/secure.gravatar.com\\\/avatar\\\/d4fe7459cfc51ff5129ce1a732bbef5928568b8092d412ef95611616376bbeed?s=96&d=mm&r=g\",\"url\":\"https:\\\/\\\/secure.gravatar.com\\\/avatar\\\/d4fe7459cfc51ff5129ce1a732bbef5928568b8092d412ef95611616376bbeed?s=96&d=mm&r=g\",\"contentUrl\":\"https:\\\/\\\/secure.gravatar.com\\\/avatar\\\/d4fe7459cfc51ff5129ce1a732bbef5928568b8092d412ef95611616376bbeed?s=96&d=mm&r=g\",\"caption\":\"f1000024\"},\"url\":\"https:\\\/\\\/cvinoticias.com\\\/v3\\\/author\\\/f1000024\\\/\"}]}<\/script>\n<!-- \/ Yoast SEO plugin. -->","yoast_head_json":{"title":"El cuerpo hallado en Eldorado corresponde al docente Hugo Samudio | CVI NOTICIAS","robots":{"index":"index","follow":"follow","max-snippet":"max-snippet:-1","max-image-preview":"max-image-preview:large","max-video-preview":"max-video-preview:-1"},"canonical":"https:\/\/cvinoticias.com\/v3\/el-cuerpo-hallado-en-eldorado-corresponde-al-docente-hugo-samudio\/","og_locale":"es_ES","og_type":"article","og_title":"El cuerpo hallado en Eldorado corresponde al docente Hugo Samudio | CVI NOTICIAS","og_description":"Tras realizar las pesquisas, la Unidad Regional III de Eldorado, inform\u00f3 que el cuerpo hallado esta ma\u00f1ana en una zona de espesa vegetaci\u00f3n ubicada en el kil\u00f3metro 14 de la ruta provincial 17 de la localidad de Eldorado, pertenece a Hugo Vicente Samudio de 55 a\u00f1os, buscado por familiares y la fuerza de seguridad desde [&hellip;]","og_url":"https:\/\/cvinoticias.com\/v3\/el-cuerpo-hallado-en-eldorado-corresponde-al-docente-hugo-samudio\/","og_site_name":"CVI NOTICIAS","article_publisher":"https:\/\/www.facebook.com\/cvinoticias","article_published_time":"2024-09-14T23:54:44+00:00","article_modified_time":"2024-09-14T23:55:05+00:00","og_image":[{"width":1156,"height":867,"url":"https:\/\/cvinoticias.com\/wp-content\/uploads\/2024\/09\/IMG-20240914-WA0084.jpg","type":"image\/jpeg"}],"author":"f1000024","twitter_card":"summary_large_image","twitter_misc":{"Escrito por":"f1000024","Tiempo de lectura":"1 minuto"},"schema":{"@context":"https:\/\/schema.org","@graph":[{"@type":"Article","@id":"https:\/\/cvinoticias.com\/v3\/el-cuerpo-hallado-en-eldorado-corresponde-al-docente-hugo-samudio\/#article","isPartOf":{"@id":"https:\/\/cvinoticias.com\/v3\/el-cuerpo-hallado-en-eldorado-corresponde-al-docente-hugo-samudio\/"},"author":{"name":"f1000024","@id":"https:\/\/cvinoticias.com\/v3\/#\/schema\/person\/2db77e3c6bc03c538495d7b2b8be9b66"},"headline":"El cuerpo hallado en Eldorado corresponde al docente Hugo Samudio","datePublished":"2024-09-14T23:54:44+00:00","dateModified":"2024-09-14T23:55:05+00:00","mainEntityOfPage":{"@id":"https:\/\/cvinoticias.com\/v3\/el-cuerpo-hallado-en-eldorado-corresponde-al-docente-hugo-samudio\/"},"wordCount":148,"commentCount":0,"publisher":{"@id":"https:\/\/cvinoticias.com\/v3\/#organization"},"image":{"@id":"https:\/\/cvinoticias.com\/v3\/el-cuerpo-hallado-en-eldorado-corresponde-al-docente-hugo-samudio\/#primaryimage"},"thumbnailUrl":"https:\/\/cvinoticias.com\/wp-content\/uploads\/2024\/09\/IMG-20240914-WA0084.jpg","articleSection":["Policiales"],"inLanguage":"es","potentialAction":[{"@type":"CommentAction","name":"Comment","target":["https:\/\/cvinoticias.com\/v3\/el-cuerpo-hallado-en-eldorado-corresponde-al-docente-hugo-samudio\/#respond"]}]},{"@type":"WebPage","@id":"https:\/\/cvinoticias.com\/v3\/el-cuerpo-hallado-en-eldorado-corresponde-al-docente-hugo-samudio\/","url":"https:\/\/cvinoticias.com\/v3\/el-cuerpo-hallado-en-eldorado-corresponde-al-docente-hugo-samudio\/","name":"El cuerpo hallado en Eldorado corresponde al docente Hugo Samudio | CVI NOTICIAS","isPartOf":{"@id":"https:\/\/cvinoticias.com\/v3\/#website"},"primaryImageOfPage":{"@id":"https:\/\/cvinoticias.com\/v3\/el-cuerpo-hallado-en-eldorado-corresponde-al-docente-hugo-samudio\/#primaryimage"},"image":{"@id":"https:\/\/cvinoticias.com\/v3\/el-cuerpo-hallado-en-eldorado-corresponde-al-docente-hugo-samudio\/#primaryimage"},"thumbnailUrl":"https:\/\/cvinoticias.com\/wp-content\/uploads\/2024\/09\/IMG-20240914-WA0084.jpg","datePublished":"2024-09-14T23:54:44+00:00","dateModified":"2024-09-14T23:55:05+00:00","breadcrumb":{"@id":"https:\/\/cvinoticias.com\/v3\/el-cuerpo-hallado-en-eldorado-corresponde-al-docente-hugo-samudio\/#breadcrumb"},"inLanguage":"es","potentialAction":[{"@type":"ReadAction","target":["https:\/\/cvinoticias.com\/v3\/el-cuerpo-hallado-en-eldorado-corresponde-al-docente-hugo-samudio\/"]}]},{"@type":"ImageObject","inLanguage":"es","@id":"https:\/\/cvinoticias.com\/v3\/el-cuerpo-hallado-en-eldorado-corresponde-al-docente-hugo-samudio\/#primaryimage","url":"https:\/\/cvinoticias.com\/wp-content\/uploads\/2024\/09\/IMG-20240914-WA0084.jpg","contentUrl":"https:\/\/cvinoticias.com\/wp-content\/uploads\/2024\/09\/IMG-20240914-WA0084.jpg","width":1156,"height":867},{"@type":"BreadcrumbList","@id":"https:\/\/cvinoticias.com\/v3\/el-cuerpo-hallado-en-eldorado-corresponde-al-docente-hugo-samudio\/#breadcrumb","itemListElement":[{"@type":"ListItem","position":1,"name":"Portada","item":"https:\/\/cvinoticias.com\/v3\/"},{"@type":"ListItem","position":2,"name":"El cuerpo hallado en Eldorado corresponde al docente Hugo Samudio"}]},{"@type":"WebSite","@id":"https:\/\/cvinoticias.com\/v3\/#website","url":"https:\/\/cvinoticias.com\/v3\/","name":"CVI NOTICIAS","description":"","publisher":{"@id":"https:\/\/cvinoticias.com\/v3\/#organization"},"alternateName":"CVI","potentialAction":[{"@type":"SearchAction","target":{"@type":"EntryPoint","urlTemplate":"https:\/\/cvinoticias.com\/v3\/?s={search_term_string}"},"query-input":{"@type":"PropertyValueSpecification","valueRequired":true,"valueName":"search_term_string"}}],"inLanguage":"es"},{"@type":"Organization","@id":"https:\/\/cvinoticias.com\/v3\/#organization","name":"CVI NOTICIAS","url":"https:\/\/cvinoticias.com\/v3\/","logo":{"@type":"ImageObject","inLanguage":"es","@id":"https:\/\/cvinoticias.com\/v3\/#\/schema\/logo\/image\/","url":"https:\/\/cvinoticias.com\/wp-content\/uploads\/2023\/04\/cropped-cropped-cropped-cropped-cropped-3-1.png","contentUrl":"https:\/\/cvinoticias.com\/wp-content\/uploads\/2023\/04\/cropped-cropped-cropped-cropped-cropped-3-1.png","width":95,"height":122,"caption":"CVI NOTICIAS"},"image":{"@id":"https:\/\/cvinoticias.com\/v3\/#\/schema\/logo\/image\/"},"sameAs":["https:\/\/www.facebook.com\/cvinoticias","https:\/\/www.instagram.com\/cvinoticias\/","https:\/\/www.youtube.com\/@CVINOTICIAS"]},{"@type":"Person","@id":"https:\/\/cvinoticias.com\/v3\/#\/schema\/person\/2db77e3c6bc03c538495d7b2b8be9b66","name":"f1000024","image":{"@type":"ImageObject","inLanguage":"es","@id":"https:\/\/secure.gravatar.com\/avatar\/d4fe7459cfc51ff5129ce1a732bbef5928568b8092d412ef95611616376bbeed?s=96&d=mm&r=g","url":"https:\/\/secure.gravatar.com\/avatar\/d4fe7459cfc51ff5129ce1a732bbef5928568b8092d412ef95611616376bbeed?s=96&d=mm&r=g","contentUrl":"https:\/\/secure.gravatar.com\/avatar\/d4fe7459cfc51ff5129ce1a732bbef5928568b8092d412ef95611616376bbeed?s=96&d=mm&r=g","caption":"f1000024"},"url":"https:\/\/cvinoticias.com\/v3\/author\/f1000024\/"}]}},"_links":{"self":[{"href":"https:\/\/cvinoticias.com\/v3\/wp-json\/wp\/v2\/posts\/36371","targetHints":{"allow":["GET"]}}],"collection":[{"href":"https:\/\/cvinoticias.com\/v3\/wp-json\/wp\/v2\/posts"}],"about":[{"href":"https:\/\/cvinoticias.com\/v3\/wp-json\/wp\/v2\/types\/post"}],"author":[{"embeddable":true,"href":"https:\/\/cvinoticias.com\/v3\/wp-json\/wp\/v2\/users\/2"}],"replies":[{"embeddable":true,"href":"https:\/\/cvinoticias.com\/v3\/wp-json\/wp\/v2\/comments?post=36371"}],"version-history":[{"count":1,"href":"https:\/\/cvinoticias.com\/v3\/wp-json\/wp\/v2\/posts\/36371\/revisions"}],"predecessor-version":[{"id":36373,"href":"https:\/\/cvinoticias.com\/v3\/wp-json\/wp\/v2\/posts\/36371\/revisions\/36373"}],"wp:featuredmedia":[{"embeddable":true,"href":"https:\/\/cvinoticias.com\/v3\/wp-json\/wp\/v2\/media\/36372"}],"wp:attachment":[{"href":"https:\/\/cvinoticias.com\/v3\/wp-json\/wp\/v2\/media?parent=36371"}],"wp:term":[{"taxonomy":"category","embeddable":true,"href":"https:\/\/cvinoticias.com\/v3\/wp-json\/wp\/v2\/categories?post=36371"},{"taxonomy":"post_tag","embeddable":true,"href":"https:\/\/cvinoticias.com\/v3\/wp-json\/wp\/v2\/tags?post=36371"}],"curies":[{"name":"wp","href":"https:\/\/api.w.org\/{rel}","templated":true}]}}