{"id":36303,"date":"2024-09-12T14:29:22","date_gmt":"2024-09-12T17:29:22","guid":{"rendered":"https:\/\/cvinoticias.com\/v3\/?p=36303"},"modified":"2024-09-12T14:30:10","modified_gmt":"2024-09-12T17:30:10","slug":"el-concejal-sartori-brinda-detalles-para-el-cuidado-de-la-salud-mental","status":"publish","type":"post","link":"https:\/\/cvinoticias.com\/v3\/el-concejal-sartori-brinda-detalles-para-el-cuidado-de-la-salud-mental\/","title":{"rendered":"El Concejal Sartori brinda detalles para el cuidado de la Salud Mental"},"content":{"rendered":"\n<p>Tras la aprobaci\u00f3n del Honorable Concejo Deliberante de Iguaz\u00fa, otorg\u00e1ndole un reconocimiento a la jornada de capacitaci\u00f3n y prevenci\u00f3n del suicidio realizada en el Instituto Tecnol\u00f3gico Iguaz\u00fa (ITEC), el concejal Hugo Sartori nos brinda m\u00e1s detalles sobre lo que se viene para el futuro en relaci\u00f3n al cuidado de la salud mental.<\/p>\n\n\n\n<p>De esta manera, se presentar\u00e1n nuevos proyectos para abordar el problema del suicidio, como la creaci\u00f3n de una Direcci\u00f3n de Salud Mental, que se prev\u00e9 est\u00e9 funcionando para el a\u00f1o 2025. Esta direcci\u00f3n tendr\u00eda como objetivo brindar apoyo y recursos para la salud mental de la poblaci\u00f3<\/p>\n\n\n\n<p><strong>Redacci\u00f3n: Juan Barreto <\/strong><\/p>\n","protected":false},"excerpt":{"rendered":"<p>Tras la aprobaci\u00f3n del Honorable Concejo Deliberante de Iguaz\u00fa, otorg\u00e1ndole un reconocimiento a la jornada de capacitaci\u00f3n y prevenci\u00f3n del suicidio realizada en el Instituto Tecnol\u00f3gico Iguaz\u00fa (ITEC), el concejal Hugo Sartori nos brinda m\u00e1s detalles sobre lo que se viene para el futuro en relaci\u00f3n al cuidado de la salud mental. De esta manera, [&hellip;]<\/p>\n","protected":false},"author":2,"featured_media":36304,"comment_status":"open","ping_status":"open","sticky":false,"template":"","format":"standard","meta":{"footnotes":""},"categories":[29],"tags":[],"class_list":["post-36303","post","type-post","status-publish","format-standard","has-post-thumbnail","hentry","category-locales"],"yoast_head":"<!-- This site is optimized with the Yoast SEO plugin v27.4 - https:\/\/yoast.com\/product\/yoast-seo-wordpress\/ -->\n<title>El Concejal Sartori brinda detalles para el cuidado de la Salud Mental | CVI NOTICIAS<\/title>\n<meta name=\"robots\" content=\"index, follow, max-snippet:-1, max-image-preview:large, max-video-preview:-1\" \/>\n<link rel=\"canonical\" href=\"https:\/\/cvinoticias.com\/v3\/el-concejal-sartori-brinda-detalles-para-el-cuidado-de-la-salud-mental\/\" \/>\n<meta property=\"og:locale\" content=\"es_ES\" \/>\n<meta property=\"og:type\" content=\"article\" \/>\n<meta property=\"og:title\" content=\"El Concejal Sartori brinda detalles para el cuidado de la Salud Mental | CVI NOTICIAS\" \/>\n<meta property=\"og:description\" content=\"Tras la aprobaci\u00f3n del Honorable Concejo Deliberante de Iguaz\u00fa, otorg\u00e1ndole un reconocimiento a la jornada de capacitaci\u00f3n y prevenci\u00f3n del suicidio realizada en el Instituto Tecnol\u00f3gico Iguaz\u00fa (ITEC), el concejal Hugo Sartori nos brinda m\u00e1s detalles sobre lo que se viene para el futuro en relaci\u00f3n al cuidado de la salud mental. De esta manera, [&hellip;]\" \/>\n<meta property=\"og:url\" content=\"https:\/\/cvinoticias.com\/v3\/el-concejal-sartori-brinda-detalles-para-el-cuidado-de-la-salud-mental\/\" \/>\n<meta property=\"og:site_name\" content=\"CVI NOTICIAS\" \/>\n<meta property=\"article:publisher\" content=\"https:\/\/www.facebook.com\/cvinoticias\" \/>\n<meta property=\"article:published_time\" content=\"2024-09-12T17:29:22+00:00\" \/>\n<meta property=\"article:modified_time\" content=\"2024-09-12T17:30:10+00:00\" \/>\n<meta property=\"og:image\" content=\"https:\/\/cvinoticias.com\/wp-content\/uploads\/2024\/09\/c6fab9d4083964dcc84c4954534791fa_XL.jpg\" \/>\n\t<meta property=\"og:image:width\" content=\"1024\" \/>\n\t<meta property=\"og:image:height\" content=\"571\" \/>\n\t<meta property=\"og:image:type\" content=\"image\/jpeg\" \/>\n<meta name=\"author\" content=\"f1000024\" \/>\n<meta name=\"twitter:card\" content=\"summary_large_image\" \/>\n<meta name=\"twitter:label1\" content=\"Escrito por\" \/>\n\t<meta name=\"twitter:data1\" content=\"f1000024\" \/>\n\t<meta name=\"twitter:label2\" content=\"Tiempo de lectura\" \/>\n\t<meta name=\"twitter:data2\" content=\"1 minuto\" \/>\n<script type=\"application\/ld+json\" class=\"yoast-schema-graph\">{\"@context\":\"https:\\\/\\\/schema.org\",\"@graph\":[{\"@type\":\"Article\",\"@id\":\"https:\\\/\\\/cvinoticias.com\\\/v3\\\/el-concejal-sartori-brinda-detalles-para-el-cuidado-de-la-salud-mental\\\/#article\",\"isPartOf\":{\"@id\":\"https:\\\/\\\/cvinoticias.com\\\/v3\\\/el-concejal-sartori-brinda-detalles-para-el-cuidado-de-la-salud-mental\\\/\"},\"author\":{\"name\":\"f1000024\",\"@id\":\"https:\\\/\\\/cvinoticias.com\\\/v3\\\/#\\\/schema\\\/person\\\/2db77e3c6bc03c538495d7b2b8be9b66\"},\"headline\":\"El Concejal Sartori brinda detalles para el cuidado de la Salud Mental\",\"datePublished\":\"2024-09-12T17:29:22+00:00\",\"dateModified\":\"2024-09-12T17:30:10+00:00\",\"mainEntityOfPage\":{\"@id\":\"https:\\\/\\\/cvinoticias.com\\\/v3\\\/el-concejal-sartori-brinda-detalles-para-el-cuidado-de-la-salud-mental\\\/\"},\"wordCount\":127,\"commentCount\":0,\"publisher\":{\"@id\":\"https:\\\/\\\/cvinoticias.com\\\/v3\\\/#organization\"},\"image\":{\"@id\":\"https:\\\/\\\/cvinoticias.com\\\/v3\\\/el-concejal-sartori-brinda-detalles-para-el-cuidado-de-la-salud-mental\\\/#primaryimage\"},\"thumbnailUrl\":\"https:\\\/\\\/cvinoticias.com\\\/wp-content\\\/uploads\\\/2024\\\/09\\\/c6fab9d4083964dcc84c4954534791fa_XL.jpg\",\"articleSection\":[\"Locales\"],\"inLanguage\":\"es\",\"potentialAction\":[{\"@type\":\"CommentAction\",\"name\":\"Comment\",\"target\":[\"https:\\\/\\\/cvinoticias.com\\\/v3\\\/el-concejal-sartori-brinda-detalles-para-el-cuidado-de-la-salud-mental\\\/#respond\"]}]},{\"@type\":\"WebPage\",\"@id\":\"https:\\\/\\\/cvinoticias.com\\\/v3\\\/el-concejal-sartori-brinda-detalles-para-el-cuidado-de-la-salud-mental\\\/\",\"url\":\"https:\\\/\\\/cvinoticias.com\\\/v3\\\/el-concejal-sartori-brinda-detalles-para-el-cuidado-de-la-salud-mental\\\/\",\"name\":\"El Concejal Sartori brinda detalles para el cuidado de la Salud Mental | CVI NOTICIAS\",\"isPartOf\":{\"@id\":\"https:\\\/\\\/cvinoticias.com\\\/v3\\\/#website\"},\"primaryImageOfPage\":{\"@id\":\"https:\\\/\\\/cvinoticias.com\\\/v3\\\/el-concejal-sartori-brinda-detalles-para-el-cuidado-de-la-salud-mental\\\/#primaryimage\"},\"image\":{\"@id\":\"https:\\\/\\\/cvinoticias.com\\\/v3\\\/el-concejal-sartori-brinda-detalles-para-el-cuidado-de-la-salud-mental\\\/#primaryimage\"},\"thumbnailUrl\":\"https:\\\/\\\/cvinoticias.com\\\/wp-content\\\/uploads\\\/2024\\\/09\\\/c6fab9d4083964dcc84c4954534791fa_XL.jpg\",\"datePublished\":\"2024-09-12T17:29:22+00:00\",\"dateModified\":\"2024-09-12T17:30:10+00:00\",\"breadcrumb\":{\"@id\":\"https:\\\/\\\/cvinoticias.com\\\/v3\\\/el-concejal-sartori-brinda-detalles-para-el-cuidado-de-la-salud-mental\\\/#breadcrumb\"},\"inLanguage\":\"es\",\"potentialAction\":[{\"@type\":\"ReadAction\",\"target\":[\"https:\\\/\\\/cvinoticias.com\\\/v3\\\/el-concejal-sartori-brinda-detalles-para-el-cuidado-de-la-salud-mental\\\/\"]}]},{\"@type\":\"ImageObject\",\"inLanguage\":\"es\",\"@id\":\"https:\\\/\\\/cvinoticias.com\\\/v3\\\/el-concejal-sartori-brinda-detalles-para-el-cuidado-de-la-salud-mental\\\/#primaryimage\",\"url\":\"https:\\\/\\\/cvinoticias.com\\\/wp-content\\\/uploads\\\/2024\\\/09\\\/c6fab9d4083964dcc84c4954534791fa_XL.jpg\",\"contentUrl\":\"https:\\\/\\\/cvinoticias.com\\\/wp-content\\\/uploads\\\/2024\\\/09\\\/c6fab9d4083964dcc84c4954534791fa_XL.jpg\",\"width\":1024,\"height\":571},{\"@type\":\"BreadcrumbList\",\"@id\":\"https:\\\/\\\/cvinoticias.com\\\/v3\\\/el-concejal-sartori-brinda-detalles-para-el-cuidado-de-la-salud-mental\\\/#breadcrumb\",\"itemListElement\":[{\"@type\":\"ListItem\",\"position\":1,\"name\":\"Portada\",\"item\":\"https:\\\/\\\/cvinoticias.com\\\/v3\\\/\"},{\"@type\":\"ListItem\",\"position\":2,\"name\":\"El Concejal Sartori brinda detalles para el cuidado de la Salud Mental\"}]},{\"@type\":\"WebSite\",\"@id\":\"https:\\\/\\\/cvinoticias.com\\\/v3\\\/#website\",\"url\":\"https:\\\/\\\/cvinoticias.com\\\/v3\\\/\",\"name\":\"CVI NOTICIAS\",\"description\":\"\",\"publisher\":{\"@id\":\"https:\\\/\\\/cvinoticias.com\\\/v3\\\/#organization\"},\"alternateName\":\"CVI\",\"potentialAction\":[{\"@type\":\"SearchAction\",\"target\":{\"@type\":\"EntryPoint\",\"urlTemplate\":\"https:\\\/\\\/cvinoticias.com\\\/v3\\\/?s={search_term_string}\"},\"query-input\":{\"@type\":\"PropertyValueSpecification\",\"valueRequired\":true,\"valueName\":\"search_term_string\"}}],\"inLanguage\":\"es\"},{\"@type\":\"Organization\",\"@id\":\"https:\\\/\\\/cvinoticias.com\\\/v3\\\/#organization\",\"name\":\"CVI NOTICIAS\",\"url\":\"https:\\\/\\\/cvinoticias.com\\\/v3\\\/\",\"logo\":{\"@type\":\"ImageObject\",\"inLanguage\":\"es\",\"@id\":\"https:\\\/\\\/cvinoticias.com\\\/v3\\\/#\\\/schema\\\/logo\\\/image\\\/\",\"url\":\"https:\\\/\\\/cvinoticias.com\\\/wp-content\\\/uploads\\\/2023\\\/04\\\/cropped-cropped-cropped-cropped-cropped-3-1.png\",\"contentUrl\":\"https:\\\/\\\/cvinoticias.com\\\/wp-content\\\/uploads\\\/2023\\\/04\\\/cropped-cropped-cropped-cropped-cropped-3-1.png\",\"width\":95,\"height\":122,\"caption\":\"CVI NOTICIAS\"},\"image\":{\"@id\":\"https:\\\/\\\/cvinoticias.com\\\/v3\\\/#\\\/schema\\\/logo\\\/image\\\/\"},\"sameAs\":[\"https:\\\/\\\/www.facebook.com\\\/cvinoticias\",\"https:\\\/\\\/www.instagram.com\\\/cvinoticias\\\/\",\"https:\\\/\\\/www.youtube.com\\\/@CVINOTICIAS\"]},{\"@type\":\"Person\",\"@id\":\"https:\\\/\\\/cvinoticias.com\\\/v3\\\/#\\\/schema\\\/person\\\/2db77e3c6bc03c538495d7b2b8be9b66\",\"name\":\"f1000024\",\"image\":{\"@type\":\"ImageObject\",\"inLanguage\":\"es\",\"@id\":\"https:\\\/\\\/secure.gravatar.com\\\/avatar\\\/d4fe7459cfc51ff5129ce1a732bbef5928568b8092d412ef95611616376bbeed?s=96&d=mm&r=g\",\"url\":\"https:\\\/\\\/secure.gravatar.com\\\/avatar\\\/d4fe7459cfc51ff5129ce1a732bbef5928568b8092d412ef95611616376bbeed?s=96&d=mm&r=g\",\"contentUrl\":\"https:\\\/\\\/secure.gravatar.com\\\/avatar\\\/d4fe7459cfc51ff5129ce1a732bbef5928568b8092d412ef95611616376bbeed?s=96&d=mm&r=g\",\"caption\":\"f1000024\"},\"url\":\"https:\\\/\\\/cvinoticias.com\\\/v3\\\/author\\\/f1000024\\\/\"}]}<\/script>\n<!-- \/ Yoast SEO plugin. -->","yoast_head_json":{"title":"El Concejal Sartori brinda detalles para el cuidado de la Salud Mental | CVI NOTICIAS","robots":{"index":"index","follow":"follow","max-snippet":"max-snippet:-1","max-image-preview":"max-image-preview:large","max-video-preview":"max-video-preview:-1"},"canonical":"https:\/\/cvinoticias.com\/v3\/el-concejal-sartori-brinda-detalles-para-el-cuidado-de-la-salud-mental\/","og_locale":"es_ES","og_type":"article","og_title":"El Concejal Sartori brinda detalles para el cuidado de la Salud Mental | CVI NOTICIAS","og_description":"Tras la aprobaci\u00f3n del Honorable Concejo Deliberante de Iguaz\u00fa, otorg\u00e1ndole un reconocimiento a la jornada de capacitaci\u00f3n y prevenci\u00f3n del suicidio realizada en el Instituto Tecnol\u00f3gico Iguaz\u00fa (ITEC), el concejal Hugo Sartori nos brinda m\u00e1s detalles sobre lo que se viene para el futuro en relaci\u00f3n al cuidado de la salud mental. De esta manera, [&hellip;]","og_url":"https:\/\/cvinoticias.com\/v3\/el-concejal-sartori-brinda-detalles-para-el-cuidado-de-la-salud-mental\/","og_site_name":"CVI NOTICIAS","article_publisher":"https:\/\/www.facebook.com\/cvinoticias","article_published_time":"2024-09-12T17:29:22+00:00","article_modified_time":"2024-09-12T17:30:10+00:00","og_image":[{"width":1024,"height":571,"url":"https:\/\/cvinoticias.com\/wp-content\/uploads\/2024\/09\/c6fab9d4083964dcc84c4954534791fa_XL.jpg","type":"image\/jpeg"}],"author":"f1000024","twitter_card":"summary_large_image","twitter_misc":{"Escrito por":"f1000024","Tiempo de lectura":"1 minuto"},"schema":{"@context":"https:\/\/schema.org","@graph":[{"@type":"Article","@id":"https:\/\/cvinoticias.com\/v3\/el-concejal-sartori-brinda-detalles-para-el-cuidado-de-la-salud-mental\/#article","isPartOf":{"@id":"https:\/\/cvinoticias.com\/v3\/el-concejal-sartori-brinda-detalles-para-el-cuidado-de-la-salud-mental\/"},"author":{"name":"f1000024","@id":"https:\/\/cvinoticias.com\/v3\/#\/schema\/person\/2db77e3c6bc03c538495d7b2b8be9b66"},"headline":"El Concejal Sartori brinda detalles para el cuidado de la Salud Mental","datePublished":"2024-09-12T17:29:22+00:00","dateModified":"2024-09-12T17:30:10+00:00","mainEntityOfPage":{"@id":"https:\/\/cvinoticias.com\/v3\/el-concejal-sartori-brinda-detalles-para-el-cuidado-de-la-salud-mental\/"},"wordCount":127,"commentCount":0,"publisher":{"@id":"https:\/\/cvinoticias.com\/v3\/#organization"},"image":{"@id":"https:\/\/cvinoticias.com\/v3\/el-concejal-sartori-brinda-detalles-para-el-cuidado-de-la-salud-mental\/#primaryimage"},"thumbnailUrl":"https:\/\/cvinoticias.com\/wp-content\/uploads\/2024\/09\/c6fab9d4083964dcc84c4954534791fa_XL.jpg","articleSection":["Locales"],"inLanguage":"es","potentialAction":[{"@type":"CommentAction","name":"Comment","target":["https:\/\/cvinoticias.com\/v3\/el-concejal-sartori-brinda-detalles-para-el-cuidado-de-la-salud-mental\/#respond"]}]},{"@type":"WebPage","@id":"https:\/\/cvinoticias.com\/v3\/el-concejal-sartori-brinda-detalles-para-el-cuidado-de-la-salud-mental\/","url":"https:\/\/cvinoticias.com\/v3\/el-concejal-sartori-brinda-detalles-para-el-cuidado-de-la-salud-mental\/","name":"El Concejal Sartori brinda detalles para el cuidado de la Salud Mental | CVI NOTICIAS","isPartOf":{"@id":"https:\/\/cvinoticias.com\/v3\/#website"},"primaryImageOfPage":{"@id":"https:\/\/cvinoticias.com\/v3\/el-concejal-sartori-brinda-detalles-para-el-cuidado-de-la-salud-mental\/#primaryimage"},"image":{"@id":"https:\/\/cvinoticias.com\/v3\/el-concejal-sartori-brinda-detalles-para-el-cuidado-de-la-salud-mental\/#primaryimage"},"thumbnailUrl":"https:\/\/cvinoticias.com\/wp-content\/uploads\/2024\/09\/c6fab9d4083964dcc84c4954534791fa_XL.jpg","datePublished":"2024-09-12T17:29:22+00:00","dateModified":"2024-09-12T17:30:10+00:00","breadcrumb":{"@id":"https:\/\/cvinoticias.com\/v3\/el-concejal-sartori-brinda-detalles-para-el-cuidado-de-la-salud-mental\/#breadcrumb"},"inLanguage":"es","potentialAction":[{"@type":"ReadAction","target":["https:\/\/cvinoticias.com\/v3\/el-concejal-sartori-brinda-detalles-para-el-cuidado-de-la-salud-mental\/"]}]},{"@type":"ImageObject","inLanguage":"es","@id":"https:\/\/cvinoticias.com\/v3\/el-concejal-sartori-brinda-detalles-para-el-cuidado-de-la-salud-mental\/#primaryimage","url":"https:\/\/cvinoticias.com\/wp-content\/uploads\/2024\/09\/c6fab9d4083964dcc84c4954534791fa_XL.jpg","contentUrl":"https:\/\/cvinoticias.com\/wp-content\/uploads\/2024\/09\/c6fab9d4083964dcc84c4954534791fa_XL.jpg","width":1024,"height":571},{"@type":"BreadcrumbList","@id":"https:\/\/cvinoticias.com\/v3\/el-concejal-sartori-brinda-detalles-para-el-cuidado-de-la-salud-mental\/#breadcrumb","itemListElement":[{"@type":"ListItem","position":1,"name":"Portada","item":"https:\/\/cvinoticias.com\/v3\/"},{"@type":"ListItem","position":2,"name":"El Concejal Sartori brinda detalles para el cuidado de la Salud Mental"}]},{"@type":"WebSite","@id":"https:\/\/cvinoticias.com\/v3\/#website","url":"https:\/\/cvinoticias.com\/v3\/","name":"CVI NOTICIAS","description":"","publisher":{"@id":"https:\/\/cvinoticias.com\/v3\/#organization"},"alternateName":"CVI","potentialAction":[{"@type":"SearchAction","target":{"@type":"EntryPoint","urlTemplate":"https:\/\/cvinoticias.com\/v3\/?s={search_term_string}"},"query-input":{"@type":"PropertyValueSpecification","valueRequired":true,"valueName":"search_term_string"}}],"inLanguage":"es"},{"@type":"Organization","@id":"https:\/\/cvinoticias.com\/v3\/#organization","name":"CVI NOTICIAS","url":"https:\/\/cvinoticias.com\/v3\/","logo":{"@type":"ImageObject","inLanguage":"es","@id":"https:\/\/cvinoticias.com\/v3\/#\/schema\/logo\/image\/","url":"https:\/\/cvinoticias.com\/wp-content\/uploads\/2023\/04\/cropped-cropped-cropped-cropped-cropped-3-1.png","contentUrl":"https:\/\/cvinoticias.com\/wp-content\/uploads\/2023\/04\/cropped-cropped-cropped-cropped-cropped-3-1.png","width":95,"height":122,"caption":"CVI NOTICIAS"},"image":{"@id":"https:\/\/cvinoticias.com\/v3\/#\/schema\/logo\/image\/"},"sameAs":["https:\/\/www.facebook.com\/cvinoticias","https:\/\/www.instagram.com\/cvinoticias\/","https:\/\/www.youtube.com\/@CVINOTICIAS"]},{"@type":"Person","@id":"https:\/\/cvinoticias.com\/v3\/#\/schema\/person\/2db77e3c6bc03c538495d7b2b8be9b66","name":"f1000024","image":{"@type":"ImageObject","inLanguage":"es","@id":"https:\/\/secure.gravatar.com\/avatar\/d4fe7459cfc51ff5129ce1a732bbef5928568b8092d412ef95611616376bbeed?s=96&d=mm&r=g","url":"https:\/\/secure.gravatar.com\/avatar\/d4fe7459cfc51ff5129ce1a732bbef5928568b8092d412ef95611616376bbeed?s=96&d=mm&r=g","contentUrl":"https:\/\/secure.gravatar.com\/avatar\/d4fe7459cfc51ff5129ce1a732bbef5928568b8092d412ef95611616376bbeed?s=96&d=mm&r=g","caption":"f1000024"},"url":"https:\/\/cvinoticias.com\/v3\/author\/f1000024\/"}]}},"_links":{"self":[{"href":"https:\/\/cvinoticias.com\/v3\/wp-json\/wp\/v2\/posts\/36303","targetHints":{"allow":["GET"]}}],"collection":[{"href":"https:\/\/cvinoticias.com\/v3\/wp-json\/wp\/v2\/posts"}],"about":[{"href":"https:\/\/cvinoticias.com\/v3\/wp-json\/wp\/v2\/types\/post"}],"author":[{"embeddable":true,"href":"https:\/\/cvinoticias.com\/v3\/wp-json\/wp\/v2\/users\/2"}],"replies":[{"embeddable":true,"href":"https:\/\/cvinoticias.com\/v3\/wp-json\/wp\/v2\/comments?post=36303"}],"version-history":[{"count":2,"href":"https:\/\/cvinoticias.com\/v3\/wp-json\/wp\/v2\/posts\/36303\/revisions"}],"predecessor-version":[{"id":36307,"href":"https:\/\/cvinoticias.com\/v3\/wp-json\/wp\/v2\/posts\/36303\/revisions\/36307"}],"wp:featuredmedia":[{"embeddable":true,"href":"https:\/\/cvinoticias.com\/v3\/wp-json\/wp\/v2\/media\/36304"}],"wp:attachment":[{"href":"https:\/\/cvinoticias.com\/v3\/wp-json\/wp\/v2\/media?parent=36303"}],"wp:term":[{"taxonomy":"category","embeddable":true,"href":"https:\/\/cvinoticias.com\/v3\/wp-json\/wp\/v2\/categories?post=36303"},{"taxonomy":"post_tag","embeddable":true,"href":"https:\/\/cvinoticias.com\/v3\/wp-json\/wp\/v2\/tags?post=36303"}],"curies":[{"name":"wp","href":"https:\/\/api.w.org\/{rel}","templated":true}]}}