{"id":36213,"date":"2024-09-08T10:38:35","date_gmt":"2024-09-08T13:38:35","guid":{"rendered":"https:\/\/cvinoticias.com\/v3\/?p=36213"},"modified":"2024-09-08T10:42:44","modified_gmt":"2024-09-08T13:42:44","slug":"villaruel-llego-hasta-puerto-iguazu-para-conocer-las-cataratas","status":"publish","type":"post","link":"https:\/\/cvinoticias.com\/v3\/villaruel-llego-hasta-puerto-iguazu-para-conocer-las-cataratas\/","title":{"rendered":"Villaruel lleg\u00f3 hasta Puerto Iguaz\u00fa para conocer las Cataratas"},"content":{"rendered":"\n<p>En el marco de su visita oficial a la Fiesta Nacional del Inmigrante que se est\u00e1 llevando a cabo en la ciudad de Ober\u00e1 hasta el 15 de septiembre, y donde fue recibida por las Autoridades, en primer lugar por el Gobernador Hugo Passalacqua en Posadas y en Ober\u00e1 por el Intendente Pablo Hassan, <strong>la Vicepresidenta de los Argentinos lleg\u00f3 a la ciudad de las Cataratas para visitar las maravillas del mundo.<\/strong><\/p>\n\n\n\n<p>Villarruel arrib\u00f3 al aeropuerto de Posadas el d\u00eda viernes a las 19 hs. donde fue recibida por el Gobernador de Misiones Hugo Passalacqua. <\/p>\n\n\n\n<p><strong>\u00abEstoy en la tierra del General guaran\u00ed Andresito Guacurar\u00ed y Artigas que defendi\u00f3 nuestras tierras ante el avance de Brasil y Paraguay en las guerras de la independencia y ante el avance unitario. Me siento honrada de ser la vicepresidente de los argentino\u00bb Public\u00f3 la vicepresidente en sus redes. <\/strong><\/p>\n\n\n\n<p>Ya en Ober\u00e1, fue recibida por el Intendente Pablo Hassan, donde recorri\u00f3 el predio del parque de las naciones y visit\u00f3 las casas t\u00edpicas de Italia, Polonia, Alemania, Jap\u00f3n, Rep\u00fablica Checa, Suiza, Pa\u00edses \u00e1rabes, Pa\u00edses N\u00f3rdicos, Espa\u00f1a, Francia, Brasil, Paraguay, Portugal, Ucrania y Rusia y la casa de Argentina. <\/p>\n\n\n\n<p><strong>Tras su paso por Ober\u00e1, viaj\u00f3 hasta Iguaz\u00fa, donde se hosped\u00f3 en el Hotel Gran Meli\u00e1 Iguaz\u00fa. En la tarde del s\u00e1bado realiz\u00f3 un paseo por el Parque Nacional Iguaz\u00fa, donde recorri\u00f3 el balc\u00f3n de la Garganta del Diablo. <\/strong><\/p>\n\n\n\n<figure class=\"wp-block-gallery has-nested-images columns-default is-cropped wp-block-gallery-1 is-layout-flex wp-block-gallery-is-layout-flex\">\n<figure class=\"wp-block-image size-large\"><a href=\"https:\/\/cvinoticias.com\/wp-content\/uploads\/2024\/09\/Screenshot_20240908-102532-1.png\"><img decoding=\"async\" width=\"934\" height=\"1024\" data-id=\"36216\" data-src=\"https:\/\/cvinoticias.com\/wp-content\/uploads\/2024\/09\/Screenshot_20240908-102532-1-934x1024.png\" alt=\"\" class=\"wp-image-36216 lazyload\" data-srcset=\"https:\/\/cvinoticias.com\/wp-content\/uploads\/2024\/09\/Screenshot_20240908-102532-1-934x1024.png 934w, https:\/\/cvinoticias.com\/wp-content\/uploads\/2024\/09\/Screenshot_20240908-102532-1-274x300.png 274w, https:\/\/cvinoticias.com\/wp-content\/uploads\/2024\/09\/Screenshot_20240908-102532-1-768x842.png 768w, https:\/\/cvinoticias.com\/wp-content\/uploads\/2024\/09\/Screenshot_20240908-102532-1.png 1080w\" data-sizes=\"(max-width: 934px) 100vw, 934px\" src=\"data:image\/svg+xml;base64,PHN2ZyB3aWR0aD0iMSIgaGVpZ2h0PSIxIiB4bWxucz0iaHR0cDovL3d3dy53My5vcmcvMjAwMC9zdmciPjwvc3ZnPg==\" style=\"--smush-placeholder-width: 934px; --smush-placeholder-aspect-ratio: 934\/1024;\" \/><\/a><\/figure>\n<\/figure>\n\n\n\n<p>Estuvo acompa\u00f1ada por el Jefe de Guardaparques del \u00e1rea Cataratas, Nelson Fr\u00edas. Tambi\u00e9n realiz\u00f3 la excursi\u00f3n Gran Aventura, donde disfrut\u00f3 de cerca la ca\u00edda de agua de los saltos. <\/p>\n\n\n\n<p><\/p>\n","protected":false},"excerpt":{"rendered":"<p>En el marco de su visita oficial a la Fiesta Nacional del Inmigrante que se est\u00e1 llevando a cabo en la ciudad de Ober\u00e1 hasta el 15 de septiembre, y donde fue recibida por las Autoridades, en primer lugar por el Gobernador Hugo Passalacqua en Posadas y en Ober\u00e1 por el Intendente Pablo Hassan, la [&hellip;]<\/p>\n","protected":false},"author":2,"featured_media":36217,"comment_status":"open","ping_status":"open","sticky":false,"template":"","format":"standard","meta":{"footnotes":""},"categories":[29],"tags":[],"class_list":["post-36213","post","type-post","status-publish","format-standard","has-post-thumbnail","hentry","category-locales"],"yoast_head":"<!-- This site is optimized with the Yoast SEO plugin v27.4 - https:\/\/yoast.com\/product\/yoast-seo-wordpress\/ -->\n<title>Villaruel lleg\u00f3 hasta Puerto Iguaz\u00fa para conocer las Cataratas | CVI NOTICIAS<\/title>\n<meta name=\"robots\" content=\"index, follow, max-snippet:-1, max-image-preview:large, max-video-preview:-1\" \/>\n<link rel=\"canonical\" href=\"https:\/\/cvinoticias.com\/v3\/villaruel-llego-hasta-puerto-iguazu-para-conocer-las-cataratas\/\" \/>\n<meta property=\"og:locale\" content=\"es_ES\" \/>\n<meta property=\"og:type\" content=\"article\" \/>\n<meta property=\"og:title\" content=\"Villaruel lleg\u00f3 hasta Puerto Iguaz\u00fa para conocer las Cataratas | CVI NOTICIAS\" \/>\n<meta property=\"og:description\" content=\"En el marco de su visita oficial a la Fiesta Nacional del Inmigrante que se est\u00e1 llevando a cabo en la ciudad de Ober\u00e1 hasta el 15 de septiembre, y donde fue recibida por las Autoridades, en primer lugar por el Gobernador Hugo Passalacqua en Posadas y en Ober\u00e1 por el Intendente Pablo Hassan, la [&hellip;]\" \/>\n<meta property=\"og:url\" content=\"https:\/\/cvinoticias.com\/v3\/villaruel-llego-hasta-puerto-iguazu-para-conocer-las-cataratas\/\" \/>\n<meta property=\"og:site_name\" content=\"CVI NOTICIAS\" \/>\n<meta property=\"article:publisher\" content=\"https:\/\/www.facebook.com\/cvinoticias\" \/>\n<meta property=\"article:published_time\" content=\"2024-09-08T13:38:35+00:00\" \/>\n<meta property=\"article:modified_time\" content=\"2024-09-08T13:42:44+00:00\" \/>\n<meta property=\"og:image\" content=\"https:\/\/cvinoticias.com\/wp-content\/uploads\/2024\/09\/Villarruel-4.jpeg\" \/>\n\t<meta property=\"og:image:width\" content=\"1000\" \/>\n\t<meta property=\"og:image:height\" content=\"667\" \/>\n\t<meta property=\"og:image:type\" content=\"image\/jpeg\" \/>\n<meta name=\"author\" content=\"f1000024\" \/>\n<meta name=\"twitter:card\" content=\"summary_large_image\" \/>\n<meta name=\"twitter:label1\" content=\"Escrito por\" \/>\n\t<meta name=\"twitter:data1\" content=\"f1000024\" \/>\n\t<meta name=\"twitter:label2\" content=\"Tiempo de lectura\" \/>\n\t<meta name=\"twitter:data2\" content=\"1 minuto\" \/>\n<script type=\"application\/ld+json\" class=\"yoast-schema-graph\">{\"@context\":\"https:\\\/\\\/schema.org\",\"@graph\":[{\"@type\":\"Article\",\"@id\":\"https:\\\/\\\/cvinoticias.com\\\/v3\\\/villaruel-llego-hasta-puerto-iguazu-para-conocer-las-cataratas\\\/#article\",\"isPartOf\":{\"@id\":\"https:\\\/\\\/cvinoticias.com\\\/v3\\\/villaruel-llego-hasta-puerto-iguazu-para-conocer-las-cataratas\\\/\"},\"author\":{\"name\":\"f1000024\",\"@id\":\"https:\\\/\\\/cvinoticias.com\\\/v3\\\/#\\\/schema\\\/person\\\/2db77e3c6bc03c538495d7b2b8be9b66\"},\"headline\":\"Villaruel lleg\u00f3 hasta Puerto Iguaz\u00fa para conocer las Cataratas\",\"datePublished\":\"2024-09-08T13:38:35+00:00\",\"dateModified\":\"2024-09-08T13:42:44+00:00\",\"mainEntityOfPage\":{\"@id\":\"https:\\\/\\\/cvinoticias.com\\\/v3\\\/villaruel-llego-hasta-puerto-iguazu-para-conocer-las-cataratas\\\/\"},\"wordCount\":283,\"commentCount\":0,\"publisher\":{\"@id\":\"https:\\\/\\\/cvinoticias.com\\\/v3\\\/#organization\"},\"image\":{\"@id\":\"https:\\\/\\\/cvinoticias.com\\\/v3\\\/villaruel-llego-hasta-puerto-iguazu-para-conocer-las-cataratas\\\/#primaryimage\"},\"thumbnailUrl\":\"https:\\\/\\\/cvinoticias.com\\\/wp-content\\\/uploads\\\/2024\\\/09\\\/Villarruel-4.jpeg\",\"articleSection\":[\"Locales\"],\"inLanguage\":\"es\",\"potentialAction\":[{\"@type\":\"CommentAction\",\"name\":\"Comment\",\"target\":[\"https:\\\/\\\/cvinoticias.com\\\/v3\\\/villaruel-llego-hasta-puerto-iguazu-para-conocer-las-cataratas\\\/#respond\"]}]},{\"@type\":\"WebPage\",\"@id\":\"https:\\\/\\\/cvinoticias.com\\\/v3\\\/villaruel-llego-hasta-puerto-iguazu-para-conocer-las-cataratas\\\/\",\"url\":\"https:\\\/\\\/cvinoticias.com\\\/v3\\\/villaruel-llego-hasta-puerto-iguazu-para-conocer-las-cataratas\\\/\",\"name\":\"Villaruel lleg\u00f3 hasta Puerto Iguaz\u00fa para conocer las Cataratas | CVI NOTICIAS\",\"isPartOf\":{\"@id\":\"https:\\\/\\\/cvinoticias.com\\\/v3\\\/#website\"},\"primaryImageOfPage\":{\"@id\":\"https:\\\/\\\/cvinoticias.com\\\/v3\\\/villaruel-llego-hasta-puerto-iguazu-para-conocer-las-cataratas\\\/#primaryimage\"},\"image\":{\"@id\":\"https:\\\/\\\/cvinoticias.com\\\/v3\\\/villaruel-llego-hasta-puerto-iguazu-para-conocer-las-cataratas\\\/#primaryimage\"},\"thumbnailUrl\":\"https:\\\/\\\/cvinoticias.com\\\/wp-content\\\/uploads\\\/2024\\\/09\\\/Villarruel-4.jpeg\",\"datePublished\":\"2024-09-08T13:38:35+00:00\",\"dateModified\":\"2024-09-08T13:42:44+00:00\",\"breadcrumb\":{\"@id\":\"https:\\\/\\\/cvinoticias.com\\\/v3\\\/villaruel-llego-hasta-puerto-iguazu-para-conocer-las-cataratas\\\/#breadcrumb\"},\"inLanguage\":\"es\",\"potentialAction\":[{\"@type\":\"ReadAction\",\"target\":[\"https:\\\/\\\/cvinoticias.com\\\/v3\\\/villaruel-llego-hasta-puerto-iguazu-para-conocer-las-cataratas\\\/\"]}]},{\"@type\":\"ImageObject\",\"inLanguage\":\"es\",\"@id\":\"https:\\\/\\\/cvinoticias.com\\\/v3\\\/villaruel-llego-hasta-puerto-iguazu-para-conocer-las-cataratas\\\/#primaryimage\",\"url\":\"https:\\\/\\\/cvinoticias.com\\\/wp-content\\\/uploads\\\/2024\\\/09\\\/Villarruel-4.jpeg\",\"contentUrl\":\"https:\\\/\\\/cvinoticias.com\\\/wp-content\\\/uploads\\\/2024\\\/09\\\/Villarruel-4.jpeg\",\"width\":1000,\"height\":667},{\"@type\":\"BreadcrumbList\",\"@id\":\"https:\\\/\\\/cvinoticias.com\\\/v3\\\/villaruel-llego-hasta-puerto-iguazu-para-conocer-las-cataratas\\\/#breadcrumb\",\"itemListElement\":[{\"@type\":\"ListItem\",\"position\":1,\"name\":\"Portada\",\"item\":\"https:\\\/\\\/cvinoticias.com\\\/v3\\\/\"},{\"@type\":\"ListItem\",\"position\":2,\"name\":\"Villaruel lleg\u00f3 hasta Puerto Iguaz\u00fa para conocer las Cataratas\"}]},{\"@type\":\"WebSite\",\"@id\":\"https:\\\/\\\/cvinoticias.com\\\/v3\\\/#website\",\"url\":\"https:\\\/\\\/cvinoticias.com\\\/v3\\\/\",\"name\":\"CVI NOTICIAS\",\"description\":\"\",\"publisher\":{\"@id\":\"https:\\\/\\\/cvinoticias.com\\\/v3\\\/#organization\"},\"alternateName\":\"CVI\",\"potentialAction\":[{\"@type\":\"SearchAction\",\"target\":{\"@type\":\"EntryPoint\",\"urlTemplate\":\"https:\\\/\\\/cvinoticias.com\\\/v3\\\/?s={search_term_string}\"},\"query-input\":{\"@type\":\"PropertyValueSpecification\",\"valueRequired\":true,\"valueName\":\"search_term_string\"}}],\"inLanguage\":\"es\"},{\"@type\":\"Organization\",\"@id\":\"https:\\\/\\\/cvinoticias.com\\\/v3\\\/#organization\",\"name\":\"CVI NOTICIAS\",\"url\":\"https:\\\/\\\/cvinoticias.com\\\/v3\\\/\",\"logo\":{\"@type\":\"ImageObject\",\"inLanguage\":\"es\",\"@id\":\"https:\\\/\\\/cvinoticias.com\\\/v3\\\/#\\\/schema\\\/logo\\\/image\\\/\",\"url\":\"https:\\\/\\\/cvinoticias.com\\\/wp-content\\\/uploads\\\/2023\\\/04\\\/cropped-cropped-cropped-cropped-cropped-3-1.png\",\"contentUrl\":\"https:\\\/\\\/cvinoticias.com\\\/wp-content\\\/uploads\\\/2023\\\/04\\\/cropped-cropped-cropped-cropped-cropped-3-1.png\",\"width\":95,\"height\":122,\"caption\":\"CVI NOTICIAS\"},\"image\":{\"@id\":\"https:\\\/\\\/cvinoticias.com\\\/v3\\\/#\\\/schema\\\/logo\\\/image\\\/\"},\"sameAs\":[\"https:\\\/\\\/www.facebook.com\\\/cvinoticias\",\"https:\\\/\\\/www.instagram.com\\\/cvinoticias\\\/\",\"https:\\\/\\\/www.youtube.com\\\/@CVINOTICIAS\"]},{\"@type\":\"Person\",\"@id\":\"https:\\\/\\\/cvinoticias.com\\\/v3\\\/#\\\/schema\\\/person\\\/2db77e3c6bc03c538495d7b2b8be9b66\",\"name\":\"f1000024\",\"image\":{\"@type\":\"ImageObject\",\"inLanguage\":\"es\",\"@id\":\"https:\\\/\\\/secure.gravatar.com\\\/avatar\\\/d4fe7459cfc51ff5129ce1a732bbef5928568b8092d412ef95611616376bbeed?s=96&d=mm&r=g\",\"url\":\"https:\\\/\\\/secure.gravatar.com\\\/avatar\\\/d4fe7459cfc51ff5129ce1a732bbef5928568b8092d412ef95611616376bbeed?s=96&d=mm&r=g\",\"contentUrl\":\"https:\\\/\\\/secure.gravatar.com\\\/avatar\\\/d4fe7459cfc51ff5129ce1a732bbef5928568b8092d412ef95611616376bbeed?s=96&d=mm&r=g\",\"caption\":\"f1000024\"},\"url\":\"https:\\\/\\\/cvinoticias.com\\\/v3\\\/author\\\/f1000024\\\/\"}]}<\/script>\n<!-- \/ Yoast SEO plugin. -->","yoast_head_json":{"title":"Villaruel lleg\u00f3 hasta Puerto Iguaz\u00fa para conocer las Cataratas | CVI NOTICIAS","robots":{"index":"index","follow":"follow","max-snippet":"max-snippet:-1","max-image-preview":"max-image-preview:large","max-video-preview":"max-video-preview:-1"},"canonical":"https:\/\/cvinoticias.com\/v3\/villaruel-llego-hasta-puerto-iguazu-para-conocer-las-cataratas\/","og_locale":"es_ES","og_type":"article","og_title":"Villaruel lleg\u00f3 hasta Puerto Iguaz\u00fa para conocer las Cataratas | CVI NOTICIAS","og_description":"En el marco de su visita oficial a la Fiesta Nacional del Inmigrante que se est\u00e1 llevando a cabo en la ciudad de Ober\u00e1 hasta el 15 de septiembre, y donde fue recibida por las Autoridades, en primer lugar por el Gobernador Hugo Passalacqua en Posadas y en Ober\u00e1 por el Intendente Pablo Hassan, la [&hellip;]","og_url":"https:\/\/cvinoticias.com\/v3\/villaruel-llego-hasta-puerto-iguazu-para-conocer-las-cataratas\/","og_site_name":"CVI NOTICIAS","article_publisher":"https:\/\/www.facebook.com\/cvinoticias","article_published_time":"2024-09-08T13:38:35+00:00","article_modified_time":"2024-09-08T13:42:44+00:00","og_image":[{"width":1000,"height":667,"url":"https:\/\/cvinoticias.com\/wp-content\/uploads\/2024\/09\/Villarruel-4.jpeg","type":"image\/jpeg"}],"author":"f1000024","twitter_card":"summary_large_image","twitter_misc":{"Escrito por":"f1000024","Tiempo de lectura":"1 minuto"},"schema":{"@context":"https:\/\/schema.org","@graph":[{"@type":"Article","@id":"https:\/\/cvinoticias.com\/v3\/villaruel-llego-hasta-puerto-iguazu-para-conocer-las-cataratas\/#article","isPartOf":{"@id":"https:\/\/cvinoticias.com\/v3\/villaruel-llego-hasta-puerto-iguazu-para-conocer-las-cataratas\/"},"author":{"name":"f1000024","@id":"https:\/\/cvinoticias.com\/v3\/#\/schema\/person\/2db77e3c6bc03c538495d7b2b8be9b66"},"headline":"Villaruel lleg\u00f3 hasta Puerto Iguaz\u00fa para conocer las Cataratas","datePublished":"2024-09-08T13:38:35+00:00","dateModified":"2024-09-08T13:42:44+00:00","mainEntityOfPage":{"@id":"https:\/\/cvinoticias.com\/v3\/villaruel-llego-hasta-puerto-iguazu-para-conocer-las-cataratas\/"},"wordCount":283,"commentCount":0,"publisher":{"@id":"https:\/\/cvinoticias.com\/v3\/#organization"},"image":{"@id":"https:\/\/cvinoticias.com\/v3\/villaruel-llego-hasta-puerto-iguazu-para-conocer-las-cataratas\/#primaryimage"},"thumbnailUrl":"https:\/\/cvinoticias.com\/wp-content\/uploads\/2024\/09\/Villarruel-4.jpeg","articleSection":["Locales"],"inLanguage":"es","potentialAction":[{"@type":"CommentAction","name":"Comment","target":["https:\/\/cvinoticias.com\/v3\/villaruel-llego-hasta-puerto-iguazu-para-conocer-las-cataratas\/#respond"]}]},{"@type":"WebPage","@id":"https:\/\/cvinoticias.com\/v3\/villaruel-llego-hasta-puerto-iguazu-para-conocer-las-cataratas\/","url":"https:\/\/cvinoticias.com\/v3\/villaruel-llego-hasta-puerto-iguazu-para-conocer-las-cataratas\/","name":"Villaruel lleg\u00f3 hasta Puerto Iguaz\u00fa para conocer las Cataratas | CVI NOTICIAS","isPartOf":{"@id":"https:\/\/cvinoticias.com\/v3\/#website"},"primaryImageOfPage":{"@id":"https:\/\/cvinoticias.com\/v3\/villaruel-llego-hasta-puerto-iguazu-para-conocer-las-cataratas\/#primaryimage"},"image":{"@id":"https:\/\/cvinoticias.com\/v3\/villaruel-llego-hasta-puerto-iguazu-para-conocer-las-cataratas\/#primaryimage"},"thumbnailUrl":"https:\/\/cvinoticias.com\/wp-content\/uploads\/2024\/09\/Villarruel-4.jpeg","datePublished":"2024-09-08T13:38:35+00:00","dateModified":"2024-09-08T13:42:44+00:00","breadcrumb":{"@id":"https:\/\/cvinoticias.com\/v3\/villaruel-llego-hasta-puerto-iguazu-para-conocer-las-cataratas\/#breadcrumb"},"inLanguage":"es","potentialAction":[{"@type":"ReadAction","target":["https:\/\/cvinoticias.com\/v3\/villaruel-llego-hasta-puerto-iguazu-para-conocer-las-cataratas\/"]}]},{"@type":"ImageObject","inLanguage":"es","@id":"https:\/\/cvinoticias.com\/v3\/villaruel-llego-hasta-puerto-iguazu-para-conocer-las-cataratas\/#primaryimage","url":"https:\/\/cvinoticias.com\/wp-content\/uploads\/2024\/09\/Villarruel-4.jpeg","contentUrl":"https:\/\/cvinoticias.com\/wp-content\/uploads\/2024\/09\/Villarruel-4.jpeg","width":1000,"height":667},{"@type":"BreadcrumbList","@id":"https:\/\/cvinoticias.com\/v3\/villaruel-llego-hasta-puerto-iguazu-para-conocer-las-cataratas\/#breadcrumb","itemListElement":[{"@type":"ListItem","position":1,"name":"Portada","item":"https:\/\/cvinoticias.com\/v3\/"},{"@type":"ListItem","position":2,"name":"Villaruel lleg\u00f3 hasta Puerto Iguaz\u00fa para conocer las Cataratas"}]},{"@type":"WebSite","@id":"https:\/\/cvinoticias.com\/v3\/#website","url":"https:\/\/cvinoticias.com\/v3\/","name":"CVI NOTICIAS","description":"","publisher":{"@id":"https:\/\/cvinoticias.com\/v3\/#organization"},"alternateName":"CVI","potentialAction":[{"@type":"SearchAction","target":{"@type":"EntryPoint","urlTemplate":"https:\/\/cvinoticias.com\/v3\/?s={search_term_string}"},"query-input":{"@type":"PropertyValueSpecification","valueRequired":true,"valueName":"search_term_string"}}],"inLanguage":"es"},{"@type":"Organization","@id":"https:\/\/cvinoticias.com\/v3\/#organization","name":"CVI NOTICIAS","url":"https:\/\/cvinoticias.com\/v3\/","logo":{"@type":"ImageObject","inLanguage":"es","@id":"https:\/\/cvinoticias.com\/v3\/#\/schema\/logo\/image\/","url":"https:\/\/cvinoticias.com\/wp-content\/uploads\/2023\/04\/cropped-cropped-cropped-cropped-cropped-3-1.png","contentUrl":"https:\/\/cvinoticias.com\/wp-content\/uploads\/2023\/04\/cropped-cropped-cropped-cropped-cropped-3-1.png","width":95,"height":122,"caption":"CVI NOTICIAS"},"image":{"@id":"https:\/\/cvinoticias.com\/v3\/#\/schema\/logo\/image\/"},"sameAs":["https:\/\/www.facebook.com\/cvinoticias","https:\/\/www.instagram.com\/cvinoticias\/","https:\/\/www.youtube.com\/@CVINOTICIAS"]},{"@type":"Person","@id":"https:\/\/cvinoticias.com\/v3\/#\/schema\/person\/2db77e3c6bc03c538495d7b2b8be9b66","name":"f1000024","image":{"@type":"ImageObject","inLanguage":"es","@id":"https:\/\/secure.gravatar.com\/avatar\/d4fe7459cfc51ff5129ce1a732bbef5928568b8092d412ef95611616376bbeed?s=96&d=mm&r=g","url":"https:\/\/secure.gravatar.com\/avatar\/d4fe7459cfc51ff5129ce1a732bbef5928568b8092d412ef95611616376bbeed?s=96&d=mm&r=g","contentUrl":"https:\/\/secure.gravatar.com\/avatar\/d4fe7459cfc51ff5129ce1a732bbef5928568b8092d412ef95611616376bbeed?s=96&d=mm&r=g","caption":"f1000024"},"url":"https:\/\/cvinoticias.com\/v3\/author\/f1000024\/"}]}},"_links":{"self":[{"href":"https:\/\/cvinoticias.com\/v3\/wp-json\/wp\/v2\/posts\/36213","targetHints":{"allow":["GET"]}}],"collection":[{"href":"https:\/\/cvinoticias.com\/v3\/wp-json\/wp\/v2\/posts"}],"about":[{"href":"https:\/\/cvinoticias.com\/v3\/wp-json\/wp\/v2\/types\/post"}],"author":[{"embeddable":true,"href":"https:\/\/cvinoticias.com\/v3\/wp-json\/wp\/v2\/users\/2"}],"replies":[{"embeddable":true,"href":"https:\/\/cvinoticias.com\/v3\/wp-json\/wp\/v2\/comments?post=36213"}],"version-history":[{"count":1,"href":"https:\/\/cvinoticias.com\/v3\/wp-json\/wp\/v2\/posts\/36213\/revisions"}],"predecessor-version":[{"id":36218,"href":"https:\/\/cvinoticias.com\/v3\/wp-json\/wp\/v2\/posts\/36213\/revisions\/36218"}],"wp:featuredmedia":[{"embeddable":true,"href":"https:\/\/cvinoticias.com\/v3\/wp-json\/wp\/v2\/media\/36217"}],"wp:attachment":[{"href":"https:\/\/cvinoticias.com\/v3\/wp-json\/wp\/v2\/media?parent=36213"}],"wp:term":[{"taxonomy":"category","embeddable":true,"href":"https:\/\/cvinoticias.com\/v3\/wp-json\/wp\/v2\/categories?post=36213"},{"taxonomy":"post_tag","embeddable":true,"href":"https:\/\/cvinoticias.com\/v3\/wp-json\/wp\/v2\/tags?post=36213"}],"curies":[{"name":"wp","href":"https:\/\/api.w.org\/{rel}","templated":true}]}}