{"id":36164,"date":"2024-09-06T15:26:29","date_gmt":"2024-09-06T18:26:29","guid":{"rendered":"https:\/\/cvinoticias.com\/v3\/?p=36164"},"modified":"2024-09-06T15:26:30","modified_gmt":"2024-09-06T18:26:30","slug":"se-presento-el-plan-de-accion-sostenible-del-destino-iguazu","status":"publish","type":"post","link":"https:\/\/cvinoticias.com\/v3\/se-presento-el-plan-de-accion-sostenible-del-destino-iguazu\/","title":{"rendered":"Se present\u00f3 el Plan de Acci\u00f3n Sostenible del Destino Iguaz\u00fa"},"content":{"rendered":"\n<p>Con la presencia del intendente de la ciudad, Dr. Claudio Filippa, el presidente del ITUREM, Lic. Leopoldo Lucas y el presidente de la Fundaci\u00f3n Plan 21 y representante de Biosphere; Fabi\u00e1n Rom\u00e1n, se present\u00f3 el Plan de Acci\u00f3n Sostenible del Destino Iguaz\u00fa.<\/p>\n\n\n\n<p>Un punto a tener en cuenta es que la sustentabilidad no est\u00e1 vinculada \u00fanicamente a la naturaleza, tambi\u00e9n tiene un impacto social y econ\u00f3mico.En el plano social, es indispensable incorporar a las comunidades locales en la agenda de turismo para posibilitar el aprovechamiento de los recursos y facilitar el cuidado del ambiente. <\/p>\n\n\n\n<p>En el pilar econ\u00f3mico, se ponen de manifiesto las crecientes solicitudes por parte de los turistas que, cada vez m\u00e1s, demandan establecimientos y pr\u00e1cticas que est\u00e9n aliadas a la sostenibilidad.<\/p>\n\n\n\n<p>El programa que, junto a Biosphere, se est\u00e1 llevando adelante, se basa en los principios del desarrollo sostenible, los Objetivos de Desarrollo Sostenible y el Acuerdo de Par\u00eds sobre el cambio clim\u00e1tico y, en consecuencia, busca alinear al sector tur\u00edstico con las tendencias globales y las demandas de los consumidores cada vez m\u00e1s conscientes y exigentes.<\/p>\n\n\n\n<p><strong>Es importante resaltar que, las estad\u00edsticas sustentan enormemente lo expuesto; donde los viajeros, a trav\u00e9s de las diferentes plataformas de viajes, plasman sus preferencias por destinos con opciones sustentables, ascendiendo el guarismo al 84% seg\u00fan el \u00faltimo informe de Booking.<\/strong><\/p>\n\n\n\n<p>Invitamos a todos a sumarse y a continuar trabajando en la conversi\u00f3n de #IguazuTodoElA\u00f1o en un destino absolutamente sostenible, donde la cualidad intr\u00ednseca est\u00e1 puesta en el posicionamiento a nivel mundial de la ciudad.<\/p>\n\n\n\n<figure class=\"wp-block-gallery has-nested-images columns-default is-cropped wp-block-gallery-1 is-layout-flex wp-block-gallery-is-layout-flex\">\n<figure class=\"wp-block-image size-large\"><a href=\"https:\/\/cvinoticias.com\/wp-content\/uploads\/2024\/09\/IMG-20240906-WA0110-scaled.jpg\"><img decoding=\"async\" width=\"1024\" height=\"768\" data-id=\"36167\" data-src=\"https:\/\/cvinoticias.com\/wp-content\/uploads\/2024\/09\/IMG-20240906-WA0110-1024x768.jpg\" alt=\"\" class=\"wp-image-36167 lazyload\" data-srcset=\"https:\/\/cvinoticias.com\/wp-content\/uploads\/2024\/09\/IMG-20240906-WA0110-1024x768.jpg 1024w, https:\/\/cvinoticias.com\/wp-content\/uploads\/2024\/09\/IMG-20240906-WA0110-300x225.jpg 300w, https:\/\/cvinoticias.com\/wp-content\/uploads\/2024\/09\/IMG-20240906-WA0110-768x576.jpg 768w, https:\/\/cvinoticias.com\/wp-content\/uploads\/2024\/09\/IMG-20240906-WA0110-1536x1152.jpg 1536w, https:\/\/cvinoticias.com\/wp-content\/uploads\/2024\/09\/IMG-20240906-WA0110-2048x1536.jpg 2048w\" data-sizes=\"(max-width: 1024px) 100vw, 1024px\" src=\"data:image\/svg+xml;base64,PHN2ZyB3aWR0aD0iMSIgaGVpZ2h0PSIxIiB4bWxucz0iaHR0cDovL3d3dy53My5vcmcvMjAwMC9zdmciPjwvc3ZnPg==\" style=\"--smush-placeholder-width: 1024px; --smush-placeholder-aspect-ratio: 1024\/768;\" \/><\/a><\/figure>\n\n\n\n<figure class=\"wp-block-image size-large\"><a href=\"https:\/\/cvinoticias.com\/wp-content\/uploads\/2024\/09\/IMG-20240906-WA0114-scaled.jpg\"><img decoding=\"async\" width=\"1024\" height=\"768\" data-id=\"36166\" data-src=\"https:\/\/cvinoticias.com\/wp-content\/uploads\/2024\/09\/IMG-20240906-WA0114-1024x768.jpg\" alt=\"\" class=\"wp-image-36166 lazyload\" data-srcset=\"https:\/\/cvinoticias.com\/wp-content\/uploads\/2024\/09\/IMG-20240906-WA0114-1024x768.jpg 1024w, https:\/\/cvinoticias.com\/wp-content\/uploads\/2024\/09\/IMG-20240906-WA0114-300x225.jpg 300w, https:\/\/cvinoticias.com\/wp-content\/uploads\/2024\/09\/IMG-20240906-WA0114-768x576.jpg 768w, https:\/\/cvinoticias.com\/wp-content\/uploads\/2024\/09\/IMG-20240906-WA0114-1536x1152.jpg 1536w, https:\/\/cvinoticias.com\/wp-content\/uploads\/2024\/09\/IMG-20240906-WA0114-2048x1536.jpg 2048w\" data-sizes=\"(max-width: 1024px) 100vw, 1024px\" src=\"data:image\/svg+xml;base64,PHN2ZyB3aWR0aD0iMSIgaGVpZ2h0PSIxIiB4bWxucz0iaHR0cDovL3d3dy53My5vcmcvMjAwMC9zdmciPjwvc3ZnPg==\" style=\"--smush-placeholder-width: 1024px; --smush-placeholder-aspect-ratio: 1024\/768;\" \/><\/a><\/figure>\n\n\n\n<figure class=\"wp-block-image size-large\"><a href=\"https:\/\/cvinoticias.com\/wp-content\/uploads\/2024\/09\/IMG_20240906_113725537-scaled.jpg\"><img decoding=\"async\" width=\"1024\" height=\"461\" data-id=\"36168\" data-src=\"https:\/\/cvinoticias.com\/wp-content\/uploads\/2024\/09\/IMG_20240906_113725537-1024x461.jpg\" alt=\"\" class=\"wp-image-36168 lazyload\" data-srcset=\"https:\/\/cvinoticias.com\/wp-content\/uploads\/2024\/09\/IMG_20240906_113725537-1024x461.jpg 1024w, https:\/\/cvinoticias.com\/wp-content\/uploads\/2024\/09\/IMG_20240906_113725537-300x135.jpg 300w, https:\/\/cvinoticias.com\/wp-content\/uploads\/2024\/09\/IMG_20240906_113725537-768x346.jpg 768w, https:\/\/cvinoticias.com\/wp-content\/uploads\/2024\/09\/IMG_20240906_113725537-1536x691.jpg 1536w, https:\/\/cvinoticias.com\/wp-content\/uploads\/2024\/09\/IMG_20240906_113725537-2048x922.jpg 2048w\" data-sizes=\"(max-width: 1024px) 100vw, 1024px\" src=\"data:image\/svg+xml;base64,PHN2ZyB3aWR0aD0iMSIgaGVpZ2h0PSIxIiB4bWxucz0iaHR0cDovL3d3dy53My5vcmcvMjAwMC9zdmciPjwvc3ZnPg==\" style=\"--smush-placeholder-width: 1024px; --smush-placeholder-aspect-ratio: 1024\/461;\" \/><\/a><\/figure>\n<\/figure>\n","protected":false},"excerpt":{"rendered":"<p>Con la presencia del intendente de la ciudad, Dr. Claudio Filippa, el presidente del ITUREM, Lic. Leopoldo Lucas y el presidente de la Fundaci\u00f3n Plan 21 y representante de Biosphere; Fabi\u00e1n Rom\u00e1n, se present\u00f3 el Plan de Acci\u00f3n Sostenible del Destino Iguaz\u00fa. Un punto a tener en cuenta es que la sustentabilidad no est\u00e1 vinculada [&hellip;]<\/p>\n","protected":false},"author":2,"featured_media":36165,"comment_status":"open","ping_status":"open","sticky":false,"template":"","format":"standard","meta":{"footnotes":""},"categories":[50],"tags":[],"class_list":["post-36164","post","type-post","status-publish","format-standard","has-post-thumbnail","hentry","category-turismo"],"yoast_head":"<!-- This site is optimized with the Yoast SEO plugin v27.4 - https:\/\/yoast.com\/product\/yoast-seo-wordpress\/ -->\n<title>Se present\u00f3 el Plan de Acci\u00f3n Sostenible del Destino Iguaz\u00fa | CVI NOTICIAS<\/title>\n<meta name=\"robots\" content=\"index, follow, max-snippet:-1, max-image-preview:large, max-video-preview:-1\" \/>\n<link rel=\"canonical\" href=\"https:\/\/cvinoticias.com\/v3\/se-presento-el-plan-de-accion-sostenible-del-destino-iguazu\/\" \/>\n<meta property=\"og:locale\" content=\"es_ES\" \/>\n<meta property=\"og:type\" content=\"article\" \/>\n<meta property=\"og:title\" content=\"Se present\u00f3 el Plan de Acci\u00f3n Sostenible del Destino Iguaz\u00fa | CVI NOTICIAS\" \/>\n<meta property=\"og:description\" content=\"Con la presencia del intendente de la ciudad, Dr. Claudio Filippa, el presidente del ITUREM, Lic. Leopoldo Lucas y el presidente de la Fundaci\u00f3n Plan 21 y representante de Biosphere; Fabi\u00e1n Rom\u00e1n, se present\u00f3 el Plan de Acci\u00f3n Sostenible del Destino Iguaz\u00fa. Un punto a tener en cuenta es que la sustentabilidad no est\u00e1 vinculada [&hellip;]\" \/>\n<meta property=\"og:url\" content=\"https:\/\/cvinoticias.com\/v3\/se-presento-el-plan-de-accion-sostenible-del-destino-iguazu\/\" \/>\n<meta property=\"og:site_name\" content=\"CVI NOTICIAS\" \/>\n<meta property=\"article:publisher\" content=\"https:\/\/www.facebook.com\/cvinoticias\" \/>\n<meta property=\"article:published_time\" content=\"2024-09-06T18:26:29+00:00\" \/>\n<meta property=\"article:modified_time\" content=\"2024-09-06T18:26:30+00:00\" \/>\n<meta property=\"og:image\" content=\"https:\/\/cvinoticias.com\/wp-content\/uploads\/2024\/09\/IMG-20240906-WA0104-scaled.jpg\" \/>\n\t<meta property=\"og:image:width\" content=\"2560\" \/>\n\t<meta property=\"og:image:height\" content=\"1920\" \/>\n\t<meta property=\"og:image:type\" content=\"image\/jpeg\" \/>\n<meta name=\"author\" content=\"f1000024\" \/>\n<meta name=\"twitter:card\" content=\"summary_large_image\" \/>\n<meta name=\"twitter:label1\" content=\"Escrito por\" \/>\n\t<meta name=\"twitter:data1\" content=\"f1000024\" \/>\n\t<meta name=\"twitter:label2\" content=\"Tiempo de lectura\" \/>\n\t<meta name=\"twitter:data2\" content=\"2 minutos\" \/>\n<script type=\"application\/ld+json\" class=\"yoast-schema-graph\">{\"@context\":\"https:\\\/\\\/schema.org\",\"@graph\":[{\"@type\":\"Article\",\"@id\":\"https:\\\/\\\/cvinoticias.com\\\/v3\\\/se-presento-el-plan-de-accion-sostenible-del-destino-iguazu\\\/#article\",\"isPartOf\":{\"@id\":\"https:\\\/\\\/cvinoticias.com\\\/v3\\\/se-presento-el-plan-de-accion-sostenible-del-destino-iguazu\\\/\"},\"author\":{\"name\":\"f1000024\",\"@id\":\"https:\\\/\\\/cvinoticias.com\\\/v3\\\/#\\\/schema\\\/person\\\/2db77e3c6bc03c538495d7b2b8be9b66\"},\"headline\":\"Se present\u00f3 el Plan de Acci\u00f3n Sostenible del Destino Iguaz\u00fa\",\"datePublished\":\"2024-09-06T18:26:29+00:00\",\"dateModified\":\"2024-09-06T18:26:30+00:00\",\"mainEntityOfPage\":{\"@id\":\"https:\\\/\\\/cvinoticias.com\\\/v3\\\/se-presento-el-plan-de-accion-sostenible-del-destino-iguazu\\\/\"},\"wordCount\":284,\"commentCount\":0,\"publisher\":{\"@id\":\"https:\\\/\\\/cvinoticias.com\\\/v3\\\/#organization\"},\"image\":{\"@id\":\"https:\\\/\\\/cvinoticias.com\\\/v3\\\/se-presento-el-plan-de-accion-sostenible-del-destino-iguazu\\\/#primaryimage\"},\"thumbnailUrl\":\"https:\\\/\\\/cvinoticias.com\\\/wp-content\\\/uploads\\\/2024\\\/09\\\/IMG-20240906-WA0104-scaled.jpg\",\"articleSection\":[\"Turismo\"],\"inLanguage\":\"es\",\"potentialAction\":[{\"@type\":\"CommentAction\",\"name\":\"Comment\",\"target\":[\"https:\\\/\\\/cvinoticias.com\\\/v3\\\/se-presento-el-plan-de-accion-sostenible-del-destino-iguazu\\\/#respond\"]}]},{\"@type\":\"WebPage\",\"@id\":\"https:\\\/\\\/cvinoticias.com\\\/v3\\\/se-presento-el-plan-de-accion-sostenible-del-destino-iguazu\\\/\",\"url\":\"https:\\\/\\\/cvinoticias.com\\\/v3\\\/se-presento-el-plan-de-accion-sostenible-del-destino-iguazu\\\/\",\"name\":\"Se present\u00f3 el Plan de Acci\u00f3n Sostenible del Destino Iguaz\u00fa | CVI NOTICIAS\",\"isPartOf\":{\"@id\":\"https:\\\/\\\/cvinoticias.com\\\/v3\\\/#website\"},\"primaryImageOfPage\":{\"@id\":\"https:\\\/\\\/cvinoticias.com\\\/v3\\\/se-presento-el-plan-de-accion-sostenible-del-destino-iguazu\\\/#primaryimage\"},\"image\":{\"@id\":\"https:\\\/\\\/cvinoticias.com\\\/v3\\\/se-presento-el-plan-de-accion-sostenible-del-destino-iguazu\\\/#primaryimage\"},\"thumbnailUrl\":\"https:\\\/\\\/cvinoticias.com\\\/wp-content\\\/uploads\\\/2024\\\/09\\\/IMG-20240906-WA0104-scaled.jpg\",\"datePublished\":\"2024-09-06T18:26:29+00:00\",\"dateModified\":\"2024-09-06T18:26:30+00:00\",\"breadcrumb\":{\"@id\":\"https:\\\/\\\/cvinoticias.com\\\/v3\\\/se-presento-el-plan-de-accion-sostenible-del-destino-iguazu\\\/#breadcrumb\"},\"inLanguage\":\"es\",\"potentialAction\":[{\"@type\":\"ReadAction\",\"target\":[\"https:\\\/\\\/cvinoticias.com\\\/v3\\\/se-presento-el-plan-de-accion-sostenible-del-destino-iguazu\\\/\"]}]},{\"@type\":\"ImageObject\",\"inLanguage\":\"es\",\"@id\":\"https:\\\/\\\/cvinoticias.com\\\/v3\\\/se-presento-el-plan-de-accion-sostenible-del-destino-iguazu\\\/#primaryimage\",\"url\":\"https:\\\/\\\/cvinoticias.com\\\/wp-content\\\/uploads\\\/2024\\\/09\\\/IMG-20240906-WA0104-scaled.jpg\",\"contentUrl\":\"https:\\\/\\\/cvinoticias.com\\\/wp-content\\\/uploads\\\/2024\\\/09\\\/IMG-20240906-WA0104-scaled.jpg\",\"width\":2560,\"height\":1920},{\"@type\":\"BreadcrumbList\",\"@id\":\"https:\\\/\\\/cvinoticias.com\\\/v3\\\/se-presento-el-plan-de-accion-sostenible-del-destino-iguazu\\\/#breadcrumb\",\"itemListElement\":[{\"@type\":\"ListItem\",\"position\":1,\"name\":\"Portada\",\"item\":\"https:\\\/\\\/cvinoticias.com\\\/v3\\\/\"},{\"@type\":\"ListItem\",\"position\":2,\"name\":\"Se present\u00f3 el Plan de Acci\u00f3n Sostenible del Destino Iguaz\u00fa\"}]},{\"@type\":\"WebSite\",\"@id\":\"https:\\\/\\\/cvinoticias.com\\\/v3\\\/#website\",\"url\":\"https:\\\/\\\/cvinoticias.com\\\/v3\\\/\",\"name\":\"CVI NOTICIAS\",\"description\":\"\",\"publisher\":{\"@id\":\"https:\\\/\\\/cvinoticias.com\\\/v3\\\/#organization\"},\"alternateName\":\"CVI\",\"potentialAction\":[{\"@type\":\"SearchAction\",\"target\":{\"@type\":\"EntryPoint\",\"urlTemplate\":\"https:\\\/\\\/cvinoticias.com\\\/v3\\\/?s={search_term_string}\"},\"query-input\":{\"@type\":\"PropertyValueSpecification\",\"valueRequired\":true,\"valueName\":\"search_term_string\"}}],\"inLanguage\":\"es\"},{\"@type\":\"Organization\",\"@id\":\"https:\\\/\\\/cvinoticias.com\\\/v3\\\/#organization\",\"name\":\"CVI NOTICIAS\",\"url\":\"https:\\\/\\\/cvinoticias.com\\\/v3\\\/\",\"logo\":{\"@type\":\"ImageObject\",\"inLanguage\":\"es\",\"@id\":\"https:\\\/\\\/cvinoticias.com\\\/v3\\\/#\\\/schema\\\/logo\\\/image\\\/\",\"url\":\"https:\\\/\\\/cvinoticias.com\\\/wp-content\\\/uploads\\\/2023\\\/04\\\/cropped-cropped-cropped-cropped-cropped-3-1.png\",\"contentUrl\":\"https:\\\/\\\/cvinoticias.com\\\/wp-content\\\/uploads\\\/2023\\\/04\\\/cropped-cropped-cropped-cropped-cropped-3-1.png\",\"width\":95,\"height\":122,\"caption\":\"CVI NOTICIAS\"},\"image\":{\"@id\":\"https:\\\/\\\/cvinoticias.com\\\/v3\\\/#\\\/schema\\\/logo\\\/image\\\/\"},\"sameAs\":[\"https:\\\/\\\/www.facebook.com\\\/cvinoticias\",\"https:\\\/\\\/www.instagram.com\\\/cvinoticias\\\/\",\"https:\\\/\\\/www.youtube.com\\\/@CVINOTICIAS\"]},{\"@type\":\"Person\",\"@id\":\"https:\\\/\\\/cvinoticias.com\\\/v3\\\/#\\\/schema\\\/person\\\/2db77e3c6bc03c538495d7b2b8be9b66\",\"name\":\"f1000024\",\"image\":{\"@type\":\"ImageObject\",\"inLanguage\":\"es\",\"@id\":\"https:\\\/\\\/secure.gravatar.com\\\/avatar\\\/d4fe7459cfc51ff5129ce1a732bbef5928568b8092d412ef95611616376bbeed?s=96&d=mm&r=g\",\"url\":\"https:\\\/\\\/secure.gravatar.com\\\/avatar\\\/d4fe7459cfc51ff5129ce1a732bbef5928568b8092d412ef95611616376bbeed?s=96&d=mm&r=g\",\"contentUrl\":\"https:\\\/\\\/secure.gravatar.com\\\/avatar\\\/d4fe7459cfc51ff5129ce1a732bbef5928568b8092d412ef95611616376bbeed?s=96&d=mm&r=g\",\"caption\":\"f1000024\"},\"url\":\"https:\\\/\\\/cvinoticias.com\\\/v3\\\/author\\\/f1000024\\\/\"}]}<\/script>\n<!-- \/ Yoast SEO plugin. -->","yoast_head_json":{"title":"Se present\u00f3 el Plan de Acci\u00f3n Sostenible del Destino Iguaz\u00fa | CVI NOTICIAS","robots":{"index":"index","follow":"follow","max-snippet":"max-snippet:-1","max-image-preview":"max-image-preview:large","max-video-preview":"max-video-preview:-1"},"canonical":"https:\/\/cvinoticias.com\/v3\/se-presento-el-plan-de-accion-sostenible-del-destino-iguazu\/","og_locale":"es_ES","og_type":"article","og_title":"Se present\u00f3 el Plan de Acci\u00f3n Sostenible del Destino Iguaz\u00fa | CVI NOTICIAS","og_description":"Con la presencia del intendente de la ciudad, Dr. Claudio Filippa, el presidente del ITUREM, Lic. Leopoldo Lucas y el presidente de la Fundaci\u00f3n Plan 21 y representante de Biosphere; Fabi\u00e1n Rom\u00e1n, se present\u00f3 el Plan de Acci\u00f3n Sostenible del Destino Iguaz\u00fa. Un punto a tener en cuenta es que la sustentabilidad no est\u00e1 vinculada [&hellip;]","og_url":"https:\/\/cvinoticias.com\/v3\/se-presento-el-plan-de-accion-sostenible-del-destino-iguazu\/","og_site_name":"CVI NOTICIAS","article_publisher":"https:\/\/www.facebook.com\/cvinoticias","article_published_time":"2024-09-06T18:26:29+00:00","article_modified_time":"2024-09-06T18:26:30+00:00","og_image":[{"width":2560,"height":1920,"url":"https:\/\/cvinoticias.com\/wp-content\/uploads\/2024\/09\/IMG-20240906-WA0104-scaled.jpg","type":"image\/jpeg"}],"author":"f1000024","twitter_card":"summary_large_image","twitter_misc":{"Escrito por":"f1000024","Tiempo de lectura":"2 minutos"},"schema":{"@context":"https:\/\/schema.org","@graph":[{"@type":"Article","@id":"https:\/\/cvinoticias.com\/v3\/se-presento-el-plan-de-accion-sostenible-del-destino-iguazu\/#article","isPartOf":{"@id":"https:\/\/cvinoticias.com\/v3\/se-presento-el-plan-de-accion-sostenible-del-destino-iguazu\/"},"author":{"name":"f1000024","@id":"https:\/\/cvinoticias.com\/v3\/#\/schema\/person\/2db77e3c6bc03c538495d7b2b8be9b66"},"headline":"Se present\u00f3 el Plan de Acci\u00f3n Sostenible del Destino Iguaz\u00fa","datePublished":"2024-09-06T18:26:29+00:00","dateModified":"2024-09-06T18:26:30+00:00","mainEntityOfPage":{"@id":"https:\/\/cvinoticias.com\/v3\/se-presento-el-plan-de-accion-sostenible-del-destino-iguazu\/"},"wordCount":284,"commentCount":0,"publisher":{"@id":"https:\/\/cvinoticias.com\/v3\/#organization"},"image":{"@id":"https:\/\/cvinoticias.com\/v3\/se-presento-el-plan-de-accion-sostenible-del-destino-iguazu\/#primaryimage"},"thumbnailUrl":"https:\/\/cvinoticias.com\/wp-content\/uploads\/2024\/09\/IMG-20240906-WA0104-scaled.jpg","articleSection":["Turismo"],"inLanguage":"es","potentialAction":[{"@type":"CommentAction","name":"Comment","target":["https:\/\/cvinoticias.com\/v3\/se-presento-el-plan-de-accion-sostenible-del-destino-iguazu\/#respond"]}]},{"@type":"WebPage","@id":"https:\/\/cvinoticias.com\/v3\/se-presento-el-plan-de-accion-sostenible-del-destino-iguazu\/","url":"https:\/\/cvinoticias.com\/v3\/se-presento-el-plan-de-accion-sostenible-del-destino-iguazu\/","name":"Se present\u00f3 el Plan de Acci\u00f3n Sostenible del Destino Iguaz\u00fa | CVI NOTICIAS","isPartOf":{"@id":"https:\/\/cvinoticias.com\/v3\/#website"},"primaryImageOfPage":{"@id":"https:\/\/cvinoticias.com\/v3\/se-presento-el-plan-de-accion-sostenible-del-destino-iguazu\/#primaryimage"},"image":{"@id":"https:\/\/cvinoticias.com\/v3\/se-presento-el-plan-de-accion-sostenible-del-destino-iguazu\/#primaryimage"},"thumbnailUrl":"https:\/\/cvinoticias.com\/wp-content\/uploads\/2024\/09\/IMG-20240906-WA0104-scaled.jpg","datePublished":"2024-09-06T18:26:29+00:00","dateModified":"2024-09-06T18:26:30+00:00","breadcrumb":{"@id":"https:\/\/cvinoticias.com\/v3\/se-presento-el-plan-de-accion-sostenible-del-destino-iguazu\/#breadcrumb"},"inLanguage":"es","potentialAction":[{"@type":"ReadAction","target":["https:\/\/cvinoticias.com\/v3\/se-presento-el-plan-de-accion-sostenible-del-destino-iguazu\/"]}]},{"@type":"ImageObject","inLanguage":"es","@id":"https:\/\/cvinoticias.com\/v3\/se-presento-el-plan-de-accion-sostenible-del-destino-iguazu\/#primaryimage","url":"https:\/\/cvinoticias.com\/wp-content\/uploads\/2024\/09\/IMG-20240906-WA0104-scaled.jpg","contentUrl":"https:\/\/cvinoticias.com\/wp-content\/uploads\/2024\/09\/IMG-20240906-WA0104-scaled.jpg","width":2560,"height":1920},{"@type":"BreadcrumbList","@id":"https:\/\/cvinoticias.com\/v3\/se-presento-el-plan-de-accion-sostenible-del-destino-iguazu\/#breadcrumb","itemListElement":[{"@type":"ListItem","position":1,"name":"Portada","item":"https:\/\/cvinoticias.com\/v3\/"},{"@type":"ListItem","position":2,"name":"Se present\u00f3 el Plan de Acci\u00f3n Sostenible del Destino Iguaz\u00fa"}]},{"@type":"WebSite","@id":"https:\/\/cvinoticias.com\/v3\/#website","url":"https:\/\/cvinoticias.com\/v3\/","name":"CVI NOTICIAS","description":"","publisher":{"@id":"https:\/\/cvinoticias.com\/v3\/#organization"},"alternateName":"CVI","potentialAction":[{"@type":"SearchAction","target":{"@type":"EntryPoint","urlTemplate":"https:\/\/cvinoticias.com\/v3\/?s={search_term_string}"},"query-input":{"@type":"PropertyValueSpecification","valueRequired":true,"valueName":"search_term_string"}}],"inLanguage":"es"},{"@type":"Organization","@id":"https:\/\/cvinoticias.com\/v3\/#organization","name":"CVI NOTICIAS","url":"https:\/\/cvinoticias.com\/v3\/","logo":{"@type":"ImageObject","inLanguage":"es","@id":"https:\/\/cvinoticias.com\/v3\/#\/schema\/logo\/image\/","url":"https:\/\/cvinoticias.com\/wp-content\/uploads\/2023\/04\/cropped-cropped-cropped-cropped-cropped-3-1.png","contentUrl":"https:\/\/cvinoticias.com\/wp-content\/uploads\/2023\/04\/cropped-cropped-cropped-cropped-cropped-3-1.png","width":95,"height":122,"caption":"CVI NOTICIAS"},"image":{"@id":"https:\/\/cvinoticias.com\/v3\/#\/schema\/logo\/image\/"},"sameAs":["https:\/\/www.facebook.com\/cvinoticias","https:\/\/www.instagram.com\/cvinoticias\/","https:\/\/www.youtube.com\/@CVINOTICIAS"]},{"@type":"Person","@id":"https:\/\/cvinoticias.com\/v3\/#\/schema\/person\/2db77e3c6bc03c538495d7b2b8be9b66","name":"f1000024","image":{"@type":"ImageObject","inLanguage":"es","@id":"https:\/\/secure.gravatar.com\/avatar\/d4fe7459cfc51ff5129ce1a732bbef5928568b8092d412ef95611616376bbeed?s=96&d=mm&r=g","url":"https:\/\/secure.gravatar.com\/avatar\/d4fe7459cfc51ff5129ce1a732bbef5928568b8092d412ef95611616376bbeed?s=96&d=mm&r=g","contentUrl":"https:\/\/secure.gravatar.com\/avatar\/d4fe7459cfc51ff5129ce1a732bbef5928568b8092d412ef95611616376bbeed?s=96&d=mm&r=g","caption":"f1000024"},"url":"https:\/\/cvinoticias.com\/v3\/author\/f1000024\/"}]}},"_links":{"self":[{"href":"https:\/\/cvinoticias.com\/v3\/wp-json\/wp\/v2\/posts\/36164","targetHints":{"allow":["GET"]}}],"collection":[{"href":"https:\/\/cvinoticias.com\/v3\/wp-json\/wp\/v2\/posts"}],"about":[{"href":"https:\/\/cvinoticias.com\/v3\/wp-json\/wp\/v2\/types\/post"}],"author":[{"embeddable":true,"href":"https:\/\/cvinoticias.com\/v3\/wp-json\/wp\/v2\/users\/2"}],"replies":[{"embeddable":true,"href":"https:\/\/cvinoticias.com\/v3\/wp-json\/wp\/v2\/comments?post=36164"}],"version-history":[{"count":1,"href":"https:\/\/cvinoticias.com\/v3\/wp-json\/wp\/v2\/posts\/36164\/revisions"}],"predecessor-version":[{"id":36169,"href":"https:\/\/cvinoticias.com\/v3\/wp-json\/wp\/v2\/posts\/36164\/revisions\/36169"}],"wp:featuredmedia":[{"embeddable":true,"href":"https:\/\/cvinoticias.com\/v3\/wp-json\/wp\/v2\/media\/36165"}],"wp:attachment":[{"href":"https:\/\/cvinoticias.com\/v3\/wp-json\/wp\/v2\/media?parent=36164"}],"wp:term":[{"taxonomy":"category","embeddable":true,"href":"https:\/\/cvinoticias.com\/v3\/wp-json\/wp\/v2\/categories?post=36164"},{"taxonomy":"post_tag","embeddable":true,"href":"https:\/\/cvinoticias.com\/v3\/wp-json\/wp\/v2\/tags?post=36164"}],"curies":[{"name":"wp","href":"https:\/\/api.w.org\/{rel}","templated":true}]}}