{"id":36090,"date":"2024-09-03T18:46:27","date_gmt":"2024-09-03T21:46:27","guid":{"rendered":"https:\/\/cvinoticias.com\/v3\/?p=36090"},"modified":"2024-09-03T19:20:26","modified_gmt":"2024-09-03T22:20:26","slug":"primer-informe-sobre-economia-circular-y-el-impacto-de-este-programa-en-la-provincia-de-misiones","status":"publish","type":"post","link":"https:\/\/cvinoticias.com\/v3\/primer-informe-sobre-economia-circular-y-el-impacto-de-este-programa-en-la-provincia-de-misiones\/","title":{"rendered":"Primer informe sobre Econom\u00eda Circular y el impacto de este Programa en la Provincia de Misiones"},"content":{"rendered":"\n<p><strong>Se realiz\u00f3 el primer informe de Econom\u00eda Circular en el Sal\u00f3n de las Dos Constituciones de la C\u00e1mara de Representantes, donde se hizo hincapi\u00e9 sobre la importancia del el reciclaje, el cual gener\u00f3 cientos de puestos de trabajo en toda la provincia. Tan solo en los \u00faltimos meses, Misiones logr\u00f3 reciclar 10 mil toneladas de pl\u00e1sticos, metales, papel y cart\u00f3n<\/strong>.<\/p>\n\n\n\n<p>All\u00ed, el subsecretario del \u00e1rea, Fernando Santacruz, dio detalles del impacto de este tipo de programas. Explic\u00f3 que el reciclaje en el \u00faltimo a\u00f1o, trajo consigo nuevos puestos de trabajo, adem\u00e1s de generar m\u00e1s de 3 millones de pesos.<\/p>\n\n\n\n<figure class=\"wp-block-gallery has-nested-images columns-default is-cropped wp-block-gallery-1 is-layout-flex wp-block-gallery-is-layout-flex\">\n<figure class=\"wp-block-image size-large\"><a href=\"https:\/\/cvinoticias.com\/wp-content\/uploads\/2024\/09\/WhatsApp-Image-2024-09-03-at-11.45.31-1089x730-1.jpeg\"><img decoding=\"async\" width=\"1024\" height=\"686\" data-id=\"36091\" data-src=\"https:\/\/cvinoticias.com\/wp-content\/uploads\/2024\/09\/WhatsApp-Image-2024-09-03-at-11.45.31-1089x730-1-1024x686.jpeg\" alt=\"\" class=\"wp-image-36091 lazyload\" data-srcset=\"https:\/\/cvinoticias.com\/wp-content\/uploads\/2024\/09\/WhatsApp-Image-2024-09-03-at-11.45.31-1089x730-1-1024x686.jpeg 1024w, https:\/\/cvinoticias.com\/wp-content\/uploads\/2024\/09\/WhatsApp-Image-2024-09-03-at-11.45.31-1089x730-1-300x201.jpeg 300w, https:\/\/cvinoticias.com\/wp-content\/uploads\/2024\/09\/WhatsApp-Image-2024-09-03-at-11.45.31-1089x730-1-768x515.jpeg 768w, https:\/\/cvinoticias.com\/wp-content\/uploads\/2024\/09\/WhatsApp-Image-2024-09-03-at-11.45.31-1089x730-1.jpeg 1089w\" data-sizes=\"(max-width: 1024px) 100vw, 1024px\" src=\"data:image\/svg+xml;base64,PHN2ZyB3aWR0aD0iMSIgaGVpZ2h0PSIxIiB4bWxucz0iaHR0cDovL3d3dy53My5vcmcvMjAwMC9zdmciPjwvc3ZnPg==\" style=\"--smush-placeholder-width: 1024px; --smush-placeholder-aspect-ratio: 1024\/686;\" \/><\/a><\/figure>\n<\/figure>\n\n\n\n<p>Misiones ha logrado reciclar una cantidad significativa de materiales y esto ha generado empleos y recursos econ\u00f3micos. La econom\u00eda circular y el reciclaje son pasos importantes para cuidar el medio ambiente y promover la sostenibilidad.<\/p>\n\n\n\n<p>Desde la creaci\u00f3n de la subsecretar\u00eda, \u201c<strong><em>trabajamos en diversos programas para conectar la oferta con la demanda. Para que m\u00e1s misioneros clasifiquen sus residuos en sus hogares, y los acerquen a los ecopuntos\u201d.<\/em><\/strong>exores\u00f3 el funcionario.<\/p>\n\n\n\n<p>Cabe destacar que el principal objetivo de este trabajo es contar con estad\u00edstica y relevamiento de  las toneladas que se recicla en la provincia de Misiones y a partir de estos datos planificar y dise\u00f1ar mejores mecanismos para promover la Econom\u00eda Circular.<\/p>\n\n\n\n<p><\/p>\n\n\n\n<p> <\/p>\n","protected":false},"excerpt":{"rendered":"<p>Se realiz\u00f3 el primer informe de Econom\u00eda Circular en el Sal\u00f3n de las Dos Constituciones de la C\u00e1mara de Representantes, donde se hizo hincapi\u00e9 sobre la importancia del el reciclaje, el cual gener\u00f3 cientos de puestos de trabajo en toda la provincia. Tan solo en los \u00faltimos meses, Misiones logr\u00f3 reciclar 10 mil toneladas de [&hellip;]<\/p>\n","protected":false},"author":2,"featured_media":36094,"comment_status":"open","ping_status":"open","sticky":false,"template":"","format":"standard","meta":{"footnotes":""},"categories":[38],"tags":[],"class_list":["post-36090","post","type-post","status-publish","format-standard","has-post-thumbnail","hentry","category-medio-ambiente"],"yoast_head":"<!-- This site is optimized with the Yoast SEO plugin v27.4 - https:\/\/yoast.com\/product\/yoast-seo-wordpress\/ -->\n<title>Primer informe sobre Econom\u00eda Circular y el impacto de este Programa en la Provincia de Misiones | CVI NOTICIAS<\/title>\n<meta name=\"robots\" content=\"index, follow, max-snippet:-1, max-image-preview:large, max-video-preview:-1\" \/>\n<link rel=\"canonical\" href=\"https:\/\/cvinoticias.com\/v3\/primer-informe-sobre-economia-circular-y-el-impacto-de-este-programa-en-la-provincia-de-misiones\/\" \/>\n<meta property=\"og:locale\" content=\"es_ES\" \/>\n<meta property=\"og:type\" content=\"article\" \/>\n<meta property=\"og:title\" content=\"Primer informe sobre Econom\u00eda Circular y el impacto de este Programa en la Provincia de Misiones | CVI NOTICIAS\" \/>\n<meta property=\"og:description\" content=\"Se realiz\u00f3 el primer informe de Econom\u00eda Circular en el Sal\u00f3n de las Dos Constituciones de la C\u00e1mara de Representantes, donde se hizo hincapi\u00e9 sobre la importancia del el reciclaje, el cual gener\u00f3 cientos de puestos de trabajo en toda la provincia. Tan solo en los \u00faltimos meses, Misiones logr\u00f3 reciclar 10 mil toneladas de [&hellip;]\" \/>\n<meta property=\"og:url\" content=\"https:\/\/cvinoticias.com\/v3\/primer-informe-sobre-economia-circular-y-el-impacto-de-este-programa-en-la-provincia-de-misiones\/\" \/>\n<meta property=\"og:site_name\" content=\"CVI NOTICIAS\" \/>\n<meta property=\"article:publisher\" content=\"https:\/\/www.facebook.com\/cvinoticias\" \/>\n<meta property=\"article:published_time\" content=\"2024-09-03T21:46:27+00:00\" \/>\n<meta property=\"article:modified_time\" content=\"2024-09-03T22:20:26+00:00\" \/>\n<meta property=\"og:image\" content=\"https:\/\/cvinoticias.com\/wp-content\/uploads\/2024\/09\/ecopunto-interior-1.jpg\" \/>\n\t<meta property=\"og:image:width\" content=\"1200\" \/>\n\t<meta property=\"og:image:height\" content=\"900\" \/>\n\t<meta property=\"og:image:type\" content=\"image\/jpeg\" \/>\n<meta name=\"author\" content=\"f1000024\" \/>\n<meta name=\"twitter:card\" content=\"summary_large_image\" \/>\n<meta name=\"twitter:label1\" content=\"Escrito por\" \/>\n\t<meta name=\"twitter:data1\" content=\"f1000024\" \/>\n<script type=\"application\/ld+json\" class=\"yoast-schema-graph\">{\"@context\":\"https:\\\/\\\/schema.org\",\"@graph\":[{\"@type\":\"Article\",\"@id\":\"https:\\\/\\\/cvinoticias.com\\\/v3\\\/primer-informe-sobre-economia-circular-y-el-impacto-de-este-programa-en-la-provincia-de-misiones\\\/#article\",\"isPartOf\":{\"@id\":\"https:\\\/\\\/cvinoticias.com\\\/v3\\\/primer-informe-sobre-economia-circular-y-el-impacto-de-este-programa-en-la-provincia-de-misiones\\\/\"},\"author\":{\"name\":\"f1000024\",\"@id\":\"https:\\\/\\\/cvinoticias.com\\\/v3\\\/#\\\/schema\\\/person\\\/2db77e3c6bc03c538495d7b2b8be9b66\"},\"headline\":\"Primer informe sobre Econom\u00eda Circular y el impacto de este Programa en la Provincia de Misiones\",\"datePublished\":\"2024-09-03T21:46:27+00:00\",\"dateModified\":\"2024-09-03T22:20:26+00:00\",\"mainEntityOfPage\":{\"@id\":\"https:\\\/\\\/cvinoticias.com\\\/v3\\\/primer-informe-sobre-economia-circular-y-el-impacto-de-este-programa-en-la-provincia-de-misiones\\\/\"},\"wordCount\":243,\"commentCount\":0,\"publisher\":{\"@id\":\"https:\\\/\\\/cvinoticias.com\\\/v3\\\/#organization\"},\"image\":{\"@id\":\"https:\\\/\\\/cvinoticias.com\\\/v3\\\/primer-informe-sobre-economia-circular-y-el-impacto-de-este-programa-en-la-provincia-de-misiones\\\/#primaryimage\"},\"thumbnailUrl\":\"https:\\\/\\\/cvinoticias.com\\\/wp-content\\\/uploads\\\/2024\\\/09\\\/ecopunto-interior-1.jpg\",\"articleSection\":[\"Medio Ambiente\"],\"inLanguage\":\"es\",\"potentialAction\":[{\"@type\":\"CommentAction\",\"name\":\"Comment\",\"target\":[\"https:\\\/\\\/cvinoticias.com\\\/v3\\\/primer-informe-sobre-economia-circular-y-el-impacto-de-este-programa-en-la-provincia-de-misiones\\\/#respond\"]}]},{\"@type\":\"WebPage\",\"@id\":\"https:\\\/\\\/cvinoticias.com\\\/v3\\\/primer-informe-sobre-economia-circular-y-el-impacto-de-este-programa-en-la-provincia-de-misiones\\\/\",\"url\":\"https:\\\/\\\/cvinoticias.com\\\/v3\\\/primer-informe-sobre-economia-circular-y-el-impacto-de-este-programa-en-la-provincia-de-misiones\\\/\",\"name\":\"Primer informe sobre Econom\u00eda Circular y el impacto de este Programa en la Provincia de Misiones | CVI NOTICIAS\",\"isPartOf\":{\"@id\":\"https:\\\/\\\/cvinoticias.com\\\/v3\\\/#website\"},\"primaryImageOfPage\":{\"@id\":\"https:\\\/\\\/cvinoticias.com\\\/v3\\\/primer-informe-sobre-economia-circular-y-el-impacto-de-este-programa-en-la-provincia-de-misiones\\\/#primaryimage\"},\"image\":{\"@id\":\"https:\\\/\\\/cvinoticias.com\\\/v3\\\/primer-informe-sobre-economia-circular-y-el-impacto-de-este-programa-en-la-provincia-de-misiones\\\/#primaryimage\"},\"thumbnailUrl\":\"https:\\\/\\\/cvinoticias.com\\\/wp-content\\\/uploads\\\/2024\\\/09\\\/ecopunto-interior-1.jpg\",\"datePublished\":\"2024-09-03T21:46:27+00:00\",\"dateModified\":\"2024-09-03T22:20:26+00:00\",\"breadcrumb\":{\"@id\":\"https:\\\/\\\/cvinoticias.com\\\/v3\\\/primer-informe-sobre-economia-circular-y-el-impacto-de-este-programa-en-la-provincia-de-misiones\\\/#breadcrumb\"},\"inLanguage\":\"es\",\"potentialAction\":[{\"@type\":\"ReadAction\",\"target\":[\"https:\\\/\\\/cvinoticias.com\\\/v3\\\/primer-informe-sobre-economia-circular-y-el-impacto-de-este-programa-en-la-provincia-de-misiones\\\/\"]}]},{\"@type\":\"ImageObject\",\"inLanguage\":\"es\",\"@id\":\"https:\\\/\\\/cvinoticias.com\\\/v3\\\/primer-informe-sobre-economia-circular-y-el-impacto-de-este-programa-en-la-provincia-de-misiones\\\/#primaryimage\",\"url\":\"https:\\\/\\\/cvinoticias.com\\\/wp-content\\\/uploads\\\/2024\\\/09\\\/ecopunto-interior-1.jpg\",\"contentUrl\":\"https:\\\/\\\/cvinoticias.com\\\/wp-content\\\/uploads\\\/2024\\\/09\\\/ecopunto-interior-1.jpg\",\"width\":1200,\"height\":900},{\"@type\":\"BreadcrumbList\",\"@id\":\"https:\\\/\\\/cvinoticias.com\\\/v3\\\/primer-informe-sobre-economia-circular-y-el-impacto-de-este-programa-en-la-provincia-de-misiones\\\/#breadcrumb\",\"itemListElement\":[{\"@type\":\"ListItem\",\"position\":1,\"name\":\"Portada\",\"item\":\"https:\\\/\\\/cvinoticias.com\\\/v3\\\/\"},{\"@type\":\"ListItem\",\"position\":2,\"name\":\"Primer informe sobre Econom\u00eda Circular y el impacto de este Programa en la Provincia de Misiones\"}]},{\"@type\":\"WebSite\",\"@id\":\"https:\\\/\\\/cvinoticias.com\\\/v3\\\/#website\",\"url\":\"https:\\\/\\\/cvinoticias.com\\\/v3\\\/\",\"name\":\"CVI NOTICIAS\",\"description\":\"\",\"publisher\":{\"@id\":\"https:\\\/\\\/cvinoticias.com\\\/v3\\\/#organization\"},\"alternateName\":\"CVI\",\"potentialAction\":[{\"@type\":\"SearchAction\",\"target\":{\"@type\":\"EntryPoint\",\"urlTemplate\":\"https:\\\/\\\/cvinoticias.com\\\/v3\\\/?s={search_term_string}\"},\"query-input\":{\"@type\":\"PropertyValueSpecification\",\"valueRequired\":true,\"valueName\":\"search_term_string\"}}],\"inLanguage\":\"es\"},{\"@type\":\"Organization\",\"@id\":\"https:\\\/\\\/cvinoticias.com\\\/v3\\\/#organization\",\"name\":\"CVI NOTICIAS\",\"url\":\"https:\\\/\\\/cvinoticias.com\\\/v3\\\/\",\"logo\":{\"@type\":\"ImageObject\",\"inLanguage\":\"es\",\"@id\":\"https:\\\/\\\/cvinoticias.com\\\/v3\\\/#\\\/schema\\\/logo\\\/image\\\/\",\"url\":\"https:\\\/\\\/cvinoticias.com\\\/wp-content\\\/uploads\\\/2023\\\/04\\\/cropped-cropped-cropped-cropped-cropped-3-1.png\",\"contentUrl\":\"https:\\\/\\\/cvinoticias.com\\\/wp-content\\\/uploads\\\/2023\\\/04\\\/cropped-cropped-cropped-cropped-cropped-3-1.png\",\"width\":95,\"height\":122,\"caption\":\"CVI NOTICIAS\"},\"image\":{\"@id\":\"https:\\\/\\\/cvinoticias.com\\\/v3\\\/#\\\/schema\\\/logo\\\/image\\\/\"},\"sameAs\":[\"https:\\\/\\\/www.facebook.com\\\/cvinoticias\",\"https:\\\/\\\/www.instagram.com\\\/cvinoticias\\\/\",\"https:\\\/\\\/www.youtube.com\\\/@CVINOTICIAS\"]},{\"@type\":\"Person\",\"@id\":\"https:\\\/\\\/cvinoticias.com\\\/v3\\\/#\\\/schema\\\/person\\\/2db77e3c6bc03c538495d7b2b8be9b66\",\"name\":\"f1000024\",\"image\":{\"@type\":\"ImageObject\",\"inLanguage\":\"es\",\"@id\":\"https:\\\/\\\/secure.gravatar.com\\\/avatar\\\/d4fe7459cfc51ff5129ce1a732bbef5928568b8092d412ef95611616376bbeed?s=96&d=mm&r=g\",\"url\":\"https:\\\/\\\/secure.gravatar.com\\\/avatar\\\/d4fe7459cfc51ff5129ce1a732bbef5928568b8092d412ef95611616376bbeed?s=96&d=mm&r=g\",\"contentUrl\":\"https:\\\/\\\/secure.gravatar.com\\\/avatar\\\/d4fe7459cfc51ff5129ce1a732bbef5928568b8092d412ef95611616376bbeed?s=96&d=mm&r=g\",\"caption\":\"f1000024\"},\"url\":\"https:\\\/\\\/cvinoticias.com\\\/v3\\\/author\\\/f1000024\\\/\"}]}<\/script>\n<!-- \/ Yoast SEO plugin. -->","yoast_head_json":{"title":"Primer informe sobre Econom\u00eda Circular y el impacto de este Programa en la Provincia de Misiones | CVI NOTICIAS","robots":{"index":"index","follow":"follow","max-snippet":"max-snippet:-1","max-image-preview":"max-image-preview:large","max-video-preview":"max-video-preview:-1"},"canonical":"https:\/\/cvinoticias.com\/v3\/primer-informe-sobre-economia-circular-y-el-impacto-de-este-programa-en-la-provincia-de-misiones\/","og_locale":"es_ES","og_type":"article","og_title":"Primer informe sobre Econom\u00eda Circular y el impacto de este Programa en la Provincia de Misiones | CVI NOTICIAS","og_description":"Se realiz\u00f3 el primer informe de Econom\u00eda Circular en el Sal\u00f3n de las Dos Constituciones de la C\u00e1mara de Representantes, donde se hizo hincapi\u00e9 sobre la importancia del el reciclaje, el cual gener\u00f3 cientos de puestos de trabajo en toda la provincia. Tan solo en los \u00faltimos meses, Misiones logr\u00f3 reciclar 10 mil toneladas de [&hellip;]","og_url":"https:\/\/cvinoticias.com\/v3\/primer-informe-sobre-economia-circular-y-el-impacto-de-este-programa-en-la-provincia-de-misiones\/","og_site_name":"CVI NOTICIAS","article_publisher":"https:\/\/www.facebook.com\/cvinoticias","article_published_time":"2024-09-03T21:46:27+00:00","article_modified_time":"2024-09-03T22:20:26+00:00","og_image":[{"width":1200,"height":900,"url":"https:\/\/cvinoticias.com\/wp-content\/uploads\/2024\/09\/ecopunto-interior-1.jpg","type":"image\/jpeg"}],"author":"f1000024","twitter_card":"summary_large_image","twitter_misc":{"Escrito por":"f1000024"},"schema":{"@context":"https:\/\/schema.org","@graph":[{"@type":"Article","@id":"https:\/\/cvinoticias.com\/v3\/primer-informe-sobre-economia-circular-y-el-impacto-de-este-programa-en-la-provincia-de-misiones\/#article","isPartOf":{"@id":"https:\/\/cvinoticias.com\/v3\/primer-informe-sobre-economia-circular-y-el-impacto-de-este-programa-en-la-provincia-de-misiones\/"},"author":{"name":"f1000024","@id":"https:\/\/cvinoticias.com\/v3\/#\/schema\/person\/2db77e3c6bc03c538495d7b2b8be9b66"},"headline":"Primer informe sobre Econom\u00eda Circular y el impacto de este Programa en la Provincia de Misiones","datePublished":"2024-09-03T21:46:27+00:00","dateModified":"2024-09-03T22:20:26+00:00","mainEntityOfPage":{"@id":"https:\/\/cvinoticias.com\/v3\/primer-informe-sobre-economia-circular-y-el-impacto-de-este-programa-en-la-provincia-de-misiones\/"},"wordCount":243,"commentCount":0,"publisher":{"@id":"https:\/\/cvinoticias.com\/v3\/#organization"},"image":{"@id":"https:\/\/cvinoticias.com\/v3\/primer-informe-sobre-economia-circular-y-el-impacto-de-este-programa-en-la-provincia-de-misiones\/#primaryimage"},"thumbnailUrl":"https:\/\/cvinoticias.com\/wp-content\/uploads\/2024\/09\/ecopunto-interior-1.jpg","articleSection":["Medio Ambiente"],"inLanguage":"es","potentialAction":[{"@type":"CommentAction","name":"Comment","target":["https:\/\/cvinoticias.com\/v3\/primer-informe-sobre-economia-circular-y-el-impacto-de-este-programa-en-la-provincia-de-misiones\/#respond"]}]},{"@type":"WebPage","@id":"https:\/\/cvinoticias.com\/v3\/primer-informe-sobre-economia-circular-y-el-impacto-de-este-programa-en-la-provincia-de-misiones\/","url":"https:\/\/cvinoticias.com\/v3\/primer-informe-sobre-economia-circular-y-el-impacto-de-este-programa-en-la-provincia-de-misiones\/","name":"Primer informe sobre Econom\u00eda Circular y el impacto de este Programa en la Provincia de Misiones | CVI NOTICIAS","isPartOf":{"@id":"https:\/\/cvinoticias.com\/v3\/#website"},"primaryImageOfPage":{"@id":"https:\/\/cvinoticias.com\/v3\/primer-informe-sobre-economia-circular-y-el-impacto-de-este-programa-en-la-provincia-de-misiones\/#primaryimage"},"image":{"@id":"https:\/\/cvinoticias.com\/v3\/primer-informe-sobre-economia-circular-y-el-impacto-de-este-programa-en-la-provincia-de-misiones\/#primaryimage"},"thumbnailUrl":"https:\/\/cvinoticias.com\/wp-content\/uploads\/2024\/09\/ecopunto-interior-1.jpg","datePublished":"2024-09-03T21:46:27+00:00","dateModified":"2024-09-03T22:20:26+00:00","breadcrumb":{"@id":"https:\/\/cvinoticias.com\/v3\/primer-informe-sobre-economia-circular-y-el-impacto-de-este-programa-en-la-provincia-de-misiones\/#breadcrumb"},"inLanguage":"es","potentialAction":[{"@type":"ReadAction","target":["https:\/\/cvinoticias.com\/v3\/primer-informe-sobre-economia-circular-y-el-impacto-de-este-programa-en-la-provincia-de-misiones\/"]}]},{"@type":"ImageObject","inLanguage":"es","@id":"https:\/\/cvinoticias.com\/v3\/primer-informe-sobre-economia-circular-y-el-impacto-de-este-programa-en-la-provincia-de-misiones\/#primaryimage","url":"https:\/\/cvinoticias.com\/wp-content\/uploads\/2024\/09\/ecopunto-interior-1.jpg","contentUrl":"https:\/\/cvinoticias.com\/wp-content\/uploads\/2024\/09\/ecopunto-interior-1.jpg","width":1200,"height":900},{"@type":"BreadcrumbList","@id":"https:\/\/cvinoticias.com\/v3\/primer-informe-sobre-economia-circular-y-el-impacto-de-este-programa-en-la-provincia-de-misiones\/#breadcrumb","itemListElement":[{"@type":"ListItem","position":1,"name":"Portada","item":"https:\/\/cvinoticias.com\/v3\/"},{"@type":"ListItem","position":2,"name":"Primer informe sobre Econom\u00eda Circular y el impacto de este Programa en la Provincia de Misiones"}]},{"@type":"WebSite","@id":"https:\/\/cvinoticias.com\/v3\/#website","url":"https:\/\/cvinoticias.com\/v3\/","name":"CVI NOTICIAS","description":"","publisher":{"@id":"https:\/\/cvinoticias.com\/v3\/#organization"},"alternateName":"CVI","potentialAction":[{"@type":"SearchAction","target":{"@type":"EntryPoint","urlTemplate":"https:\/\/cvinoticias.com\/v3\/?s={search_term_string}"},"query-input":{"@type":"PropertyValueSpecification","valueRequired":true,"valueName":"search_term_string"}}],"inLanguage":"es"},{"@type":"Organization","@id":"https:\/\/cvinoticias.com\/v3\/#organization","name":"CVI NOTICIAS","url":"https:\/\/cvinoticias.com\/v3\/","logo":{"@type":"ImageObject","inLanguage":"es","@id":"https:\/\/cvinoticias.com\/v3\/#\/schema\/logo\/image\/","url":"https:\/\/cvinoticias.com\/wp-content\/uploads\/2023\/04\/cropped-cropped-cropped-cropped-cropped-3-1.png","contentUrl":"https:\/\/cvinoticias.com\/wp-content\/uploads\/2023\/04\/cropped-cropped-cropped-cropped-cropped-3-1.png","width":95,"height":122,"caption":"CVI NOTICIAS"},"image":{"@id":"https:\/\/cvinoticias.com\/v3\/#\/schema\/logo\/image\/"},"sameAs":["https:\/\/www.facebook.com\/cvinoticias","https:\/\/www.instagram.com\/cvinoticias\/","https:\/\/www.youtube.com\/@CVINOTICIAS"]},{"@type":"Person","@id":"https:\/\/cvinoticias.com\/v3\/#\/schema\/person\/2db77e3c6bc03c538495d7b2b8be9b66","name":"f1000024","image":{"@type":"ImageObject","inLanguage":"es","@id":"https:\/\/secure.gravatar.com\/avatar\/d4fe7459cfc51ff5129ce1a732bbef5928568b8092d412ef95611616376bbeed?s=96&d=mm&r=g","url":"https:\/\/secure.gravatar.com\/avatar\/d4fe7459cfc51ff5129ce1a732bbef5928568b8092d412ef95611616376bbeed?s=96&d=mm&r=g","contentUrl":"https:\/\/secure.gravatar.com\/avatar\/d4fe7459cfc51ff5129ce1a732bbef5928568b8092d412ef95611616376bbeed?s=96&d=mm&r=g","caption":"f1000024"},"url":"https:\/\/cvinoticias.com\/v3\/author\/f1000024\/"}]}},"_links":{"self":[{"href":"https:\/\/cvinoticias.com\/v3\/wp-json\/wp\/v2\/posts\/36090","targetHints":{"allow":["GET"]}}],"collection":[{"href":"https:\/\/cvinoticias.com\/v3\/wp-json\/wp\/v2\/posts"}],"about":[{"href":"https:\/\/cvinoticias.com\/v3\/wp-json\/wp\/v2\/types\/post"}],"author":[{"embeddable":true,"href":"https:\/\/cvinoticias.com\/v3\/wp-json\/wp\/v2\/users\/2"}],"replies":[{"embeddable":true,"href":"https:\/\/cvinoticias.com\/v3\/wp-json\/wp\/v2\/comments?post=36090"}],"version-history":[{"count":1,"href":"https:\/\/cvinoticias.com\/v3\/wp-json\/wp\/v2\/posts\/36090\/revisions"}],"predecessor-version":[{"id":36092,"href":"https:\/\/cvinoticias.com\/v3\/wp-json\/wp\/v2\/posts\/36090\/revisions\/36092"}],"wp:featuredmedia":[{"embeddable":true,"href":"https:\/\/cvinoticias.com\/v3\/wp-json\/wp\/v2\/media\/36094"}],"wp:attachment":[{"href":"https:\/\/cvinoticias.com\/v3\/wp-json\/wp\/v2\/media?parent=36090"}],"wp:term":[{"taxonomy":"category","embeddable":true,"href":"https:\/\/cvinoticias.com\/v3\/wp-json\/wp\/v2\/categories?post=36090"},{"taxonomy":"post_tag","embeddable":true,"href":"https:\/\/cvinoticias.com\/v3\/wp-json\/wp\/v2\/tags?post=36090"}],"curies":[{"name":"wp","href":"https:\/\/api.w.org\/{rel}","templated":true}]}}