{"id":35749,"date":"2024-08-26T00:49:49","date_gmt":"2024-08-26T03:49:49","guid":{"rendered":"https:\/\/cvinoticias.com\/v3\/?p=35749"},"modified":"2024-08-26T08:55:31","modified_gmt":"2024-08-26T11:55:31","slug":"el-2-de-septiembre-comienza-el-tratamiento-del-presupuesto-en-la-legislatura-misionera","status":"publish","type":"post","link":"https:\/\/cvinoticias.com\/v3\/el-2-de-septiembre-comienza-el-tratamiento-del-presupuesto-en-la-legislatura-misionera\/","title":{"rendered":"El 2 de septiembre comienza el tratamiento del Presupuesto en la Legislatura Misionera"},"content":{"rendered":"\n<p> Comienza el an\u00e1lisis del Presupuesto 2025, en la C\u00e1mara de Representantes con un enfoque puesto en la inversi\u00f3n social, salud, educaci\u00f3n y desarrollo econ\u00f3mico.<\/p>\n\n\n\n<p> <strong>La presidenta de la Comisi\u00f3n de Presupuesto la diputada Suzel Vaider destac\u00f3 la importancia de la previsibilidad y la autonom\u00eda financiera en un contexto de reducci\u00f3n de aportes nacionales.<\/strong><\/p>\n\n\n\n<p>Desde el 2 de septiembre la C\u00e1mara de Representantes recibir\u00e1 a ministros y responsables de entes, los cuales asistir\u00e1n para argumentar los destinos de los recursos solicitados, que est\u00e1 asignado en el presupuesto.<\/p>\n\n\n\n<p> De esa forma los legisladores comenzar\u00e1n a tomar conocimiento sobre cu\u00e1l es la pol\u00edtica de estado del ejecutivo para el a\u00f1o 2025.<\/p>\n\n\n\n<figure class=\"wp-block-gallery has-nested-images columns-default is-cropped wp-block-gallery-1 is-layout-flex wp-block-gallery-is-layout-flex\">\n<figure class=\"wp-block-image size-large\"><a href=\"https:\/\/cvinoticias.com\/wp-content\/uploads\/2024\/08\/presupuesto-2024-del-Poder-Ejecutivo.jpg\"><img decoding=\"async\" width=\"1024\" height=\"580\" data-id=\"35756\" data-src=\"https:\/\/cvinoticias.com\/wp-content\/uploads\/2024\/08\/presupuesto-2024-del-Poder-Ejecutivo-1024x580.jpg\" alt=\"\" class=\"wp-image-35756 lazyload\" data-srcset=\"https:\/\/cvinoticias.com\/wp-content\/uploads\/2024\/08\/presupuesto-2024-del-Poder-Ejecutivo-1024x580.jpg 1024w, https:\/\/cvinoticias.com\/wp-content\/uploads\/2024\/08\/presupuesto-2024-del-Poder-Ejecutivo-300x170.jpg 300w, https:\/\/cvinoticias.com\/wp-content\/uploads\/2024\/08\/presupuesto-2024-del-Poder-Ejecutivo-768x435.jpg 768w, https:\/\/cvinoticias.com\/wp-content\/uploads\/2024\/08\/presupuesto-2024-del-Poder-Ejecutivo.jpg 1068w\" data-sizes=\"(max-width: 1024px) 100vw, 1024px\" src=\"data:image\/svg+xml;base64,PHN2ZyB3aWR0aD0iMSIgaGVpZ2h0PSIxIiB4bWxucz0iaHR0cDovL3d3dy53My5vcmcvMjAwMC9zdmciPjwvc3ZnPg==\" style=\"--smush-placeholder-width: 1024px; --smush-placeholder-aspect-ratio: 1024\/580;\" \/><\/a><\/figure>\n<\/figure>\n\n\n\n<p><strong>El proyecto de presupuesto, que asciende a $3.107.874.111.000, destina el 69% a inversi\u00f3n social y prioriza \u00e1reas como educaci\u00f3n, salud p\u00fablica y desarrollo social. El mayor porcentaje del presupuesto 2025 va a estar destinado a la salud de los misioneros, el sistema educativo y pol\u00edticas para poblaciones en situaci\u00f3n de vulnerabilidad.<\/strong><\/p>\n\n\n\n<p>El presupuesto aumento 142% respecto al a\u00f1o anterior, lo que refleja un esfuerzo sostenido por mantener la provincia econ\u00f3micamente ordenada y capaz de afrontar las necesidades locales sin depender de recursos externos.<\/p>\n\n\n\n<p><\/p>\n","protected":false},"excerpt":{"rendered":"<p>Comienza el an\u00e1lisis del Presupuesto 2025, en la C\u00e1mara de Representantes con un enfoque puesto en la inversi\u00f3n social, salud, educaci\u00f3n y desarrollo econ\u00f3mico. La presidenta de la Comisi\u00f3n de Presupuesto la diputada Suzel Vaider destac\u00f3 la importancia de la previsibilidad y la autonom\u00eda financiera en un contexto de reducci\u00f3n de aportes nacionales. Desde el [&hellip;]<\/p>\n","protected":false},"author":2,"featured_media":35750,"comment_status":"open","ping_status":"open","sticky":false,"template":"","format":"standard","meta":{"footnotes":""},"categories":[43],"tags":[],"class_list":["post-35749","post","type-post","status-publish","format-standard","has-post-thumbnail","hentry","category-provinciales"],"yoast_head":"<!-- This site is optimized with the Yoast SEO plugin v27.5 - https:\/\/yoast.com\/product\/yoast-seo-wordpress\/ -->\n<title>El 2 de septiembre comienza el tratamiento del Presupuesto en la Legislatura Misionera | CVI NOTICIAS<\/title>\n<meta name=\"robots\" content=\"index, follow, max-snippet:-1, max-image-preview:large, max-video-preview:-1\" \/>\n<link rel=\"canonical\" href=\"https:\/\/cvinoticias.com\/v3\/el-2-de-septiembre-comienza-el-tratamiento-del-presupuesto-en-la-legislatura-misionera\/\" \/>\n<meta property=\"og:locale\" content=\"es_ES\" \/>\n<meta property=\"og:type\" content=\"article\" \/>\n<meta property=\"og:title\" content=\"El 2 de septiembre comienza el tratamiento del Presupuesto en la Legislatura Misionera | CVI NOTICIAS\" \/>\n<meta property=\"og:description\" content=\"Comienza el an\u00e1lisis del Presupuesto 2025, en la C\u00e1mara de Representantes con un enfoque puesto en la inversi\u00f3n social, salud, educaci\u00f3n y desarrollo econ\u00f3mico. La presidenta de la Comisi\u00f3n de Presupuesto la diputada Suzel Vaider destac\u00f3 la importancia de la previsibilidad y la autonom\u00eda financiera en un contexto de reducci\u00f3n de aportes nacionales. Desde el [&hellip;]\" \/>\n<meta property=\"og:url\" content=\"https:\/\/cvinoticias.com\/v3\/el-2-de-septiembre-comienza-el-tratamiento-del-presupuesto-en-la-legislatura-misionera\/\" \/>\n<meta property=\"og:site_name\" content=\"CVI NOTICIAS\" \/>\n<meta property=\"article:publisher\" content=\"https:\/\/www.facebook.com\/cvinoticias\" \/>\n<meta property=\"article:published_time\" content=\"2024-08-26T03:49:49+00:00\" \/>\n<meta property=\"article:modified_time\" content=\"2024-08-26T11:55:31+00:00\" \/>\n<meta property=\"og:image\" content=\"https:\/\/cvinoticias.com\/wp-content\/uploads\/2024\/08\/legislatura-1-1089x730-1.jpg\" \/>\n\t<meta property=\"og:image:width\" content=\"1089\" \/>\n\t<meta property=\"og:image:height\" content=\"730\" \/>\n\t<meta property=\"og:image:type\" content=\"image\/jpeg\" \/>\n<meta name=\"author\" content=\"f1000024\" \/>\n<meta name=\"twitter:card\" content=\"summary_large_image\" \/>\n<meta name=\"twitter:label1\" content=\"Escrito por\" \/>\n\t<meta name=\"twitter:data1\" content=\"f1000024\" \/>\n\t<meta name=\"twitter:label2\" content=\"Tiempo de lectura\" \/>\n\t<meta name=\"twitter:data2\" content=\"2 minutos\" \/>\n<script type=\"application\/ld+json\" class=\"yoast-schema-graph\">{\"@context\":\"https:\\\/\\\/schema.org\",\"@graph\":[{\"@type\":\"Article\",\"@id\":\"https:\\\/\\\/cvinoticias.com\\\/v3\\\/el-2-de-septiembre-comienza-el-tratamiento-del-presupuesto-en-la-legislatura-misionera\\\/#article\",\"isPartOf\":{\"@id\":\"https:\\\/\\\/cvinoticias.com\\\/v3\\\/el-2-de-septiembre-comienza-el-tratamiento-del-presupuesto-en-la-legislatura-misionera\\\/\"},\"author\":{\"name\":\"f1000024\",\"@id\":\"https:\\\/\\\/cvinoticias.com\\\/v3\\\/#\\\/schema\\\/person\\\/2db77e3c6bc03c538495d7b2b8be9b66\"},\"headline\":\"El 2 de septiembre comienza el tratamiento del Presupuesto en la Legislatura Misionera\",\"datePublished\":\"2024-08-26T03:49:49+00:00\",\"dateModified\":\"2024-08-26T11:55:31+00:00\",\"mainEntityOfPage\":{\"@id\":\"https:\\\/\\\/cvinoticias.com\\\/v3\\\/el-2-de-septiembre-comienza-el-tratamiento-del-presupuesto-en-la-legislatura-misionera\\\/\"},\"wordCount\":217,\"commentCount\":0,\"publisher\":{\"@id\":\"https:\\\/\\\/cvinoticias.com\\\/v3\\\/#organization\"},\"image\":{\"@id\":\"https:\\\/\\\/cvinoticias.com\\\/v3\\\/el-2-de-septiembre-comienza-el-tratamiento-del-presupuesto-en-la-legislatura-misionera\\\/#primaryimage\"},\"thumbnailUrl\":\"https:\\\/\\\/cvinoticias.com\\\/wp-content\\\/uploads\\\/2024\\\/08\\\/legislatura-1-1089x730-1.jpg\",\"articleSection\":[\"Provinciales\"],\"inLanguage\":\"es\",\"potentialAction\":[{\"@type\":\"CommentAction\",\"name\":\"Comment\",\"target\":[\"https:\\\/\\\/cvinoticias.com\\\/v3\\\/el-2-de-septiembre-comienza-el-tratamiento-del-presupuesto-en-la-legislatura-misionera\\\/#respond\"]}]},{\"@type\":\"WebPage\",\"@id\":\"https:\\\/\\\/cvinoticias.com\\\/v3\\\/el-2-de-septiembre-comienza-el-tratamiento-del-presupuesto-en-la-legislatura-misionera\\\/\",\"url\":\"https:\\\/\\\/cvinoticias.com\\\/v3\\\/el-2-de-septiembre-comienza-el-tratamiento-del-presupuesto-en-la-legislatura-misionera\\\/\",\"name\":\"El 2 de septiembre comienza el tratamiento del Presupuesto en la Legislatura Misionera | CVI NOTICIAS\",\"isPartOf\":{\"@id\":\"https:\\\/\\\/cvinoticias.com\\\/v3\\\/#website\"},\"primaryImageOfPage\":{\"@id\":\"https:\\\/\\\/cvinoticias.com\\\/v3\\\/el-2-de-septiembre-comienza-el-tratamiento-del-presupuesto-en-la-legislatura-misionera\\\/#primaryimage\"},\"image\":{\"@id\":\"https:\\\/\\\/cvinoticias.com\\\/v3\\\/el-2-de-septiembre-comienza-el-tratamiento-del-presupuesto-en-la-legislatura-misionera\\\/#primaryimage\"},\"thumbnailUrl\":\"https:\\\/\\\/cvinoticias.com\\\/wp-content\\\/uploads\\\/2024\\\/08\\\/legislatura-1-1089x730-1.jpg\",\"datePublished\":\"2024-08-26T03:49:49+00:00\",\"dateModified\":\"2024-08-26T11:55:31+00:00\",\"breadcrumb\":{\"@id\":\"https:\\\/\\\/cvinoticias.com\\\/v3\\\/el-2-de-septiembre-comienza-el-tratamiento-del-presupuesto-en-la-legislatura-misionera\\\/#breadcrumb\"},\"inLanguage\":\"es\",\"potentialAction\":[{\"@type\":\"ReadAction\",\"target\":[\"https:\\\/\\\/cvinoticias.com\\\/v3\\\/el-2-de-septiembre-comienza-el-tratamiento-del-presupuesto-en-la-legislatura-misionera\\\/\"]}]},{\"@type\":\"ImageObject\",\"inLanguage\":\"es\",\"@id\":\"https:\\\/\\\/cvinoticias.com\\\/v3\\\/el-2-de-septiembre-comienza-el-tratamiento-del-presupuesto-en-la-legislatura-misionera\\\/#primaryimage\",\"url\":\"https:\\\/\\\/cvinoticias.com\\\/wp-content\\\/uploads\\\/2024\\\/08\\\/legislatura-1-1089x730-1.jpg\",\"contentUrl\":\"https:\\\/\\\/cvinoticias.com\\\/wp-content\\\/uploads\\\/2024\\\/08\\\/legislatura-1-1089x730-1.jpg\",\"width\":1089,\"height\":730},{\"@type\":\"BreadcrumbList\",\"@id\":\"https:\\\/\\\/cvinoticias.com\\\/v3\\\/el-2-de-septiembre-comienza-el-tratamiento-del-presupuesto-en-la-legislatura-misionera\\\/#breadcrumb\",\"itemListElement\":[{\"@type\":\"ListItem\",\"position\":1,\"name\":\"Portada\",\"item\":\"https:\\\/\\\/cvinoticias.com\\\/v3\\\/\"},{\"@type\":\"ListItem\",\"position\":2,\"name\":\"El 2 de septiembre comienza el tratamiento del Presupuesto en la Legislatura Misionera\"}]},{\"@type\":\"WebSite\",\"@id\":\"https:\\\/\\\/cvinoticias.com\\\/v3\\\/#website\",\"url\":\"https:\\\/\\\/cvinoticias.com\\\/v3\\\/\",\"name\":\"CVI NOTICIAS\",\"description\":\"\",\"publisher\":{\"@id\":\"https:\\\/\\\/cvinoticias.com\\\/v3\\\/#organization\"},\"alternateName\":\"CVI\",\"potentialAction\":[{\"@type\":\"SearchAction\",\"target\":{\"@type\":\"EntryPoint\",\"urlTemplate\":\"https:\\\/\\\/cvinoticias.com\\\/v3\\\/?s={search_term_string}\"},\"query-input\":{\"@type\":\"PropertyValueSpecification\",\"valueRequired\":true,\"valueName\":\"search_term_string\"}}],\"inLanguage\":\"es\"},{\"@type\":\"Organization\",\"@id\":\"https:\\\/\\\/cvinoticias.com\\\/v3\\\/#organization\",\"name\":\"CVI NOTICIAS\",\"url\":\"https:\\\/\\\/cvinoticias.com\\\/v3\\\/\",\"logo\":{\"@type\":\"ImageObject\",\"inLanguage\":\"es\",\"@id\":\"https:\\\/\\\/cvinoticias.com\\\/v3\\\/#\\\/schema\\\/logo\\\/image\\\/\",\"url\":\"https:\\\/\\\/cvinoticias.com\\\/wp-content\\\/uploads\\\/2023\\\/04\\\/cropped-cropped-cropped-cropped-cropped-3-1.png\",\"contentUrl\":\"https:\\\/\\\/cvinoticias.com\\\/wp-content\\\/uploads\\\/2023\\\/04\\\/cropped-cropped-cropped-cropped-cropped-3-1.png\",\"width\":95,\"height\":122,\"caption\":\"CVI NOTICIAS\"},\"image\":{\"@id\":\"https:\\\/\\\/cvinoticias.com\\\/v3\\\/#\\\/schema\\\/logo\\\/image\\\/\"},\"sameAs\":[\"https:\\\/\\\/www.facebook.com\\\/cvinoticias\",\"https:\\\/\\\/www.instagram.com\\\/cvinoticias\\\/\",\"https:\\\/\\\/www.youtube.com\\\/@CVINOTICIAS\"]},{\"@type\":\"Person\",\"@id\":\"https:\\\/\\\/cvinoticias.com\\\/v3\\\/#\\\/schema\\\/person\\\/2db77e3c6bc03c538495d7b2b8be9b66\",\"name\":\"f1000024\",\"image\":{\"@type\":\"ImageObject\",\"inLanguage\":\"es\",\"@id\":\"https:\\\/\\\/secure.gravatar.com\\\/avatar\\\/d4fe7459cfc51ff5129ce1a732bbef5928568b8092d412ef95611616376bbeed?s=96&d=mm&r=g\",\"url\":\"https:\\\/\\\/secure.gravatar.com\\\/avatar\\\/d4fe7459cfc51ff5129ce1a732bbef5928568b8092d412ef95611616376bbeed?s=96&d=mm&r=g\",\"contentUrl\":\"https:\\\/\\\/secure.gravatar.com\\\/avatar\\\/d4fe7459cfc51ff5129ce1a732bbef5928568b8092d412ef95611616376bbeed?s=96&d=mm&r=g\",\"caption\":\"f1000024\"},\"url\":\"https:\\\/\\\/cvinoticias.com\\\/v3\\\/author\\\/f1000024\\\/\"}]}<\/script>\n<!-- \/ Yoast SEO plugin. -->","yoast_head_json":{"title":"El 2 de septiembre comienza el tratamiento del Presupuesto en la Legislatura Misionera | CVI NOTICIAS","robots":{"index":"index","follow":"follow","max-snippet":"max-snippet:-1","max-image-preview":"max-image-preview:large","max-video-preview":"max-video-preview:-1"},"canonical":"https:\/\/cvinoticias.com\/v3\/el-2-de-septiembre-comienza-el-tratamiento-del-presupuesto-en-la-legislatura-misionera\/","og_locale":"es_ES","og_type":"article","og_title":"El 2 de septiembre comienza el tratamiento del Presupuesto en la Legislatura Misionera | CVI NOTICIAS","og_description":"Comienza el an\u00e1lisis del Presupuesto 2025, en la C\u00e1mara de Representantes con un enfoque puesto en la inversi\u00f3n social, salud, educaci\u00f3n y desarrollo econ\u00f3mico. La presidenta de la Comisi\u00f3n de Presupuesto la diputada Suzel Vaider destac\u00f3 la importancia de la previsibilidad y la autonom\u00eda financiera en un contexto de reducci\u00f3n de aportes nacionales. Desde el [&hellip;]","og_url":"https:\/\/cvinoticias.com\/v3\/el-2-de-septiembre-comienza-el-tratamiento-del-presupuesto-en-la-legislatura-misionera\/","og_site_name":"CVI NOTICIAS","article_publisher":"https:\/\/www.facebook.com\/cvinoticias","article_published_time":"2024-08-26T03:49:49+00:00","article_modified_time":"2024-08-26T11:55:31+00:00","og_image":[{"width":1089,"height":730,"url":"https:\/\/cvinoticias.com\/wp-content\/uploads\/2024\/08\/legislatura-1-1089x730-1.jpg","type":"image\/jpeg"}],"author":"f1000024","twitter_card":"summary_large_image","twitter_misc":{"Escrito por":"f1000024","Tiempo de lectura":"2 minutos"},"schema":{"@context":"https:\/\/schema.org","@graph":[{"@type":"Article","@id":"https:\/\/cvinoticias.com\/v3\/el-2-de-septiembre-comienza-el-tratamiento-del-presupuesto-en-la-legislatura-misionera\/#article","isPartOf":{"@id":"https:\/\/cvinoticias.com\/v3\/el-2-de-septiembre-comienza-el-tratamiento-del-presupuesto-en-la-legislatura-misionera\/"},"author":{"name":"f1000024","@id":"https:\/\/cvinoticias.com\/v3\/#\/schema\/person\/2db77e3c6bc03c538495d7b2b8be9b66"},"headline":"El 2 de septiembre comienza el tratamiento del Presupuesto en la Legislatura Misionera","datePublished":"2024-08-26T03:49:49+00:00","dateModified":"2024-08-26T11:55:31+00:00","mainEntityOfPage":{"@id":"https:\/\/cvinoticias.com\/v3\/el-2-de-septiembre-comienza-el-tratamiento-del-presupuesto-en-la-legislatura-misionera\/"},"wordCount":217,"commentCount":0,"publisher":{"@id":"https:\/\/cvinoticias.com\/v3\/#organization"},"image":{"@id":"https:\/\/cvinoticias.com\/v3\/el-2-de-septiembre-comienza-el-tratamiento-del-presupuesto-en-la-legislatura-misionera\/#primaryimage"},"thumbnailUrl":"https:\/\/cvinoticias.com\/wp-content\/uploads\/2024\/08\/legislatura-1-1089x730-1.jpg","articleSection":["Provinciales"],"inLanguage":"es","potentialAction":[{"@type":"CommentAction","name":"Comment","target":["https:\/\/cvinoticias.com\/v3\/el-2-de-septiembre-comienza-el-tratamiento-del-presupuesto-en-la-legislatura-misionera\/#respond"]}]},{"@type":"WebPage","@id":"https:\/\/cvinoticias.com\/v3\/el-2-de-septiembre-comienza-el-tratamiento-del-presupuesto-en-la-legislatura-misionera\/","url":"https:\/\/cvinoticias.com\/v3\/el-2-de-septiembre-comienza-el-tratamiento-del-presupuesto-en-la-legislatura-misionera\/","name":"El 2 de septiembre comienza el tratamiento del Presupuesto en la Legislatura Misionera | CVI NOTICIAS","isPartOf":{"@id":"https:\/\/cvinoticias.com\/v3\/#website"},"primaryImageOfPage":{"@id":"https:\/\/cvinoticias.com\/v3\/el-2-de-septiembre-comienza-el-tratamiento-del-presupuesto-en-la-legislatura-misionera\/#primaryimage"},"image":{"@id":"https:\/\/cvinoticias.com\/v3\/el-2-de-septiembre-comienza-el-tratamiento-del-presupuesto-en-la-legislatura-misionera\/#primaryimage"},"thumbnailUrl":"https:\/\/cvinoticias.com\/wp-content\/uploads\/2024\/08\/legislatura-1-1089x730-1.jpg","datePublished":"2024-08-26T03:49:49+00:00","dateModified":"2024-08-26T11:55:31+00:00","breadcrumb":{"@id":"https:\/\/cvinoticias.com\/v3\/el-2-de-septiembre-comienza-el-tratamiento-del-presupuesto-en-la-legislatura-misionera\/#breadcrumb"},"inLanguage":"es","potentialAction":[{"@type":"ReadAction","target":["https:\/\/cvinoticias.com\/v3\/el-2-de-septiembre-comienza-el-tratamiento-del-presupuesto-en-la-legislatura-misionera\/"]}]},{"@type":"ImageObject","inLanguage":"es","@id":"https:\/\/cvinoticias.com\/v3\/el-2-de-septiembre-comienza-el-tratamiento-del-presupuesto-en-la-legislatura-misionera\/#primaryimage","url":"https:\/\/cvinoticias.com\/wp-content\/uploads\/2024\/08\/legislatura-1-1089x730-1.jpg","contentUrl":"https:\/\/cvinoticias.com\/wp-content\/uploads\/2024\/08\/legislatura-1-1089x730-1.jpg","width":1089,"height":730},{"@type":"BreadcrumbList","@id":"https:\/\/cvinoticias.com\/v3\/el-2-de-septiembre-comienza-el-tratamiento-del-presupuesto-en-la-legislatura-misionera\/#breadcrumb","itemListElement":[{"@type":"ListItem","position":1,"name":"Portada","item":"https:\/\/cvinoticias.com\/v3\/"},{"@type":"ListItem","position":2,"name":"El 2 de septiembre comienza el tratamiento del Presupuesto en la Legislatura Misionera"}]},{"@type":"WebSite","@id":"https:\/\/cvinoticias.com\/v3\/#website","url":"https:\/\/cvinoticias.com\/v3\/","name":"CVI NOTICIAS","description":"","publisher":{"@id":"https:\/\/cvinoticias.com\/v3\/#organization"},"alternateName":"CVI","potentialAction":[{"@type":"SearchAction","target":{"@type":"EntryPoint","urlTemplate":"https:\/\/cvinoticias.com\/v3\/?s={search_term_string}"},"query-input":{"@type":"PropertyValueSpecification","valueRequired":true,"valueName":"search_term_string"}}],"inLanguage":"es"},{"@type":"Organization","@id":"https:\/\/cvinoticias.com\/v3\/#organization","name":"CVI NOTICIAS","url":"https:\/\/cvinoticias.com\/v3\/","logo":{"@type":"ImageObject","inLanguage":"es","@id":"https:\/\/cvinoticias.com\/v3\/#\/schema\/logo\/image\/","url":"https:\/\/cvinoticias.com\/wp-content\/uploads\/2023\/04\/cropped-cropped-cropped-cropped-cropped-3-1.png","contentUrl":"https:\/\/cvinoticias.com\/wp-content\/uploads\/2023\/04\/cropped-cropped-cropped-cropped-cropped-3-1.png","width":95,"height":122,"caption":"CVI NOTICIAS"},"image":{"@id":"https:\/\/cvinoticias.com\/v3\/#\/schema\/logo\/image\/"},"sameAs":["https:\/\/www.facebook.com\/cvinoticias","https:\/\/www.instagram.com\/cvinoticias\/","https:\/\/www.youtube.com\/@CVINOTICIAS"]},{"@type":"Person","@id":"https:\/\/cvinoticias.com\/v3\/#\/schema\/person\/2db77e3c6bc03c538495d7b2b8be9b66","name":"f1000024","image":{"@type":"ImageObject","inLanguage":"es","@id":"https:\/\/secure.gravatar.com\/avatar\/d4fe7459cfc51ff5129ce1a732bbef5928568b8092d412ef95611616376bbeed?s=96&d=mm&r=g","url":"https:\/\/secure.gravatar.com\/avatar\/d4fe7459cfc51ff5129ce1a732bbef5928568b8092d412ef95611616376bbeed?s=96&d=mm&r=g","contentUrl":"https:\/\/secure.gravatar.com\/avatar\/d4fe7459cfc51ff5129ce1a732bbef5928568b8092d412ef95611616376bbeed?s=96&d=mm&r=g","caption":"f1000024"},"url":"https:\/\/cvinoticias.com\/v3\/author\/f1000024\/"}]}},"_links":{"self":[{"href":"https:\/\/cvinoticias.com\/v3\/wp-json\/wp\/v2\/posts\/35749","targetHints":{"allow":["GET"]}}],"collection":[{"href":"https:\/\/cvinoticias.com\/v3\/wp-json\/wp\/v2\/posts"}],"about":[{"href":"https:\/\/cvinoticias.com\/v3\/wp-json\/wp\/v2\/types\/post"}],"author":[{"embeddable":true,"href":"https:\/\/cvinoticias.com\/v3\/wp-json\/wp\/v2\/users\/2"}],"replies":[{"embeddable":true,"href":"https:\/\/cvinoticias.com\/v3\/wp-json\/wp\/v2\/comments?post=35749"}],"version-history":[{"count":2,"href":"https:\/\/cvinoticias.com\/v3\/wp-json\/wp\/v2\/posts\/35749\/revisions"}],"predecessor-version":[{"id":35757,"href":"https:\/\/cvinoticias.com\/v3\/wp-json\/wp\/v2\/posts\/35749\/revisions\/35757"}],"wp:featuredmedia":[{"embeddable":true,"href":"https:\/\/cvinoticias.com\/v3\/wp-json\/wp\/v2\/media\/35750"}],"wp:attachment":[{"href":"https:\/\/cvinoticias.com\/v3\/wp-json\/wp\/v2\/media?parent=35749"}],"wp:term":[{"taxonomy":"category","embeddable":true,"href":"https:\/\/cvinoticias.com\/v3\/wp-json\/wp\/v2\/categories?post=35749"},{"taxonomy":"post_tag","embeddable":true,"href":"https:\/\/cvinoticias.com\/v3\/wp-json\/wp\/v2\/tags?post=35749"}],"curies":[{"name":"wp","href":"https:\/\/api.w.org\/{rel}","templated":true}]}}