{"id":35665,"date":"2024-08-24T00:01:06","date_gmt":"2024-08-24T03:01:06","guid":{"rendered":"https:\/\/cvinoticias.com\/v3\/?p=35665"},"modified":"2024-08-24T09:34:08","modified_gmt":"2024-08-24T12:34:08","slug":"alem-por-primera-vez-en-la-historia-llamara-a-consulta-popular","status":"publish","type":"post","link":"https:\/\/cvinoticias.com\/v3\/alem-por-primera-vez-en-la-historia-llamara-a-consulta-popular\/","title":{"rendered":"Alem por primera vez en la Historia llamar\u00e1 a Consulta Popular"},"content":{"rendered":"\n<p><strong>Ser\u00e1 para saber si los vecinos est\u00e1n de acuerdo en avanzar con el proyecto de construcci\u00f3n de cloacas. Tambi\u00e9n se anunciaron cambios en el estacionamiento medido.<\/strong><\/p>\n\n\n\n<p>Con el objetivo de conocer la opini\u00f3n de la ciudadan\u00eda respecto a la construcci\u00f3n de la red de tratamiento de l\u00edquidos cloacales, <strong>el intendente de \u00e9sta ciudad, Mat\u00edas Sebely, anunci\u00f3 que est\u00e1n preparando el llamado a una consulta popular sobre el tema. \u00c9sta herramienta de participaci\u00f3n est\u00e1 en la Carta Org\u00e1nica Municipal (COM) desde su promulgaci\u00f3n en el a\u00f1o 2001 aunque nunca hasta ahora hab\u00eda sido utilizada.<\/strong><\/p>\n\n\n\n<p>Al momento de comunicar el pasado jueves en horas del mediod\u00eda cambios en el Sistema de Estacionamiento Medido en una conferencia virtual a trav\u00e9s de las redes del municipio el jefe comunal adelant\u00f3 su intenci\u00f3n de hacer uso de este instituto de democracia semi directa que prev\u00e9 la COM.<\/p>\n\n\n\n<p>En ese sentido el alcalde explic\u00f3 que <strong><em>\u201cnuestra intenci\u00f3n es conocer si nuestros vecinos est\u00e1n dispuestos a que avancemos en este mega proyecto que va a significar no solo un costo de acceso al servicio de \u00e9sta red sino lo que significar\u00e1 su puesta en marcha\u201d <\/em><\/strong>mencionaba.<\/p>\n\n\n\n<p>Respecto a los motivos que lo impulsaron a avanzar en esta consulta explicaba Sebely que \u201c<strong><em>estas grandes obras urbanas que muchas veces significan saltos cualitativos en el crecimiento de la ciudad a mediano y largo plazo conllevan en el inmediato y corto plazo trastornos para los habitantes, entonces es importante para quienes tenemos la responsabilidad de gobernar saber si nuestros vecinos est\u00e1n dispuestos a sobrellevar \u00e9ste impacto transitorio en pos de un beneficio futuro\u201d <\/em><\/strong>reflexionaba.<\/p>\n\n\n\n<p>Por otra parte Mat\u00edas Sebely tom\u00f3 nota de algunos reclamos de los vecinos y decidi\u00f3 establecer cambios en el Sistema de Estacionamiento Medido que comenz\u00f3 a funcionar hace una semana dentro del centro de la ciudad.<\/p>\n\n\n\n<p>As\u00ed, desde \u00e9ste viernes 23 de agosto el SEM posee nuevo horario en la ciudad de Alem, estando operativo solo de lunes a viernes de 08:00 a 13:00 horas, dejando sin efecto por la tarde y los d\u00edas s\u00e1bados.<\/p>\n","protected":false},"excerpt":{"rendered":"<p>Ser\u00e1 para saber si los vecinos est\u00e1n de acuerdo en avanzar con el proyecto de construcci\u00f3n de cloacas. Tambi\u00e9n se anunciaron cambios en el estacionamiento medido. Con el objetivo de conocer la opini\u00f3n de la ciudadan\u00eda respecto a la construcci\u00f3n de la red de tratamiento de l\u00edquidos cloacales, el intendente de \u00e9sta ciudad, Mat\u00edas Sebely, [&hellip;]<\/p>\n","protected":false},"author":2,"featured_media":35667,"comment_status":"open","ping_status":"open","sticky":false,"template":"","format":"standard","meta":{"footnotes":""},"categories":[43],"tags":[],"class_list":["post-35665","post","type-post","status-publish","format-standard","has-post-thumbnail","hentry","category-provinciales"],"yoast_head":"<!-- This site is optimized with the Yoast SEO plugin v27.4 - https:\/\/yoast.com\/product\/yoast-seo-wordpress\/ -->\n<title>Alem por primera vez en la Historia llamar\u00e1 a Consulta Popular | CVI NOTICIAS<\/title>\n<meta name=\"robots\" content=\"index, follow, max-snippet:-1, max-image-preview:large, max-video-preview:-1\" \/>\n<link rel=\"canonical\" href=\"https:\/\/cvinoticias.com\/v3\/alem-por-primera-vez-en-la-historia-llamara-a-consulta-popular\/\" \/>\n<meta property=\"og:locale\" content=\"es_ES\" \/>\n<meta property=\"og:type\" content=\"article\" \/>\n<meta property=\"og:title\" content=\"Alem por primera vez en la Historia llamar\u00e1 a Consulta Popular | CVI NOTICIAS\" \/>\n<meta property=\"og:description\" content=\"Ser\u00e1 para saber si los vecinos est\u00e1n de acuerdo en avanzar con el proyecto de construcci\u00f3n de cloacas. Tambi\u00e9n se anunciaron cambios en el estacionamiento medido. Con el objetivo de conocer la opini\u00f3n de la ciudadan\u00eda respecto a la construcci\u00f3n de la red de tratamiento de l\u00edquidos cloacales, el intendente de \u00e9sta ciudad, Mat\u00edas Sebely, [&hellip;]\" \/>\n<meta property=\"og:url\" content=\"https:\/\/cvinoticias.com\/v3\/alem-por-primera-vez-en-la-historia-llamara-a-consulta-popular\/\" \/>\n<meta property=\"og:site_name\" content=\"CVI NOTICIAS\" \/>\n<meta property=\"article:publisher\" content=\"https:\/\/www.facebook.com\/cvinoticias\" \/>\n<meta property=\"article:published_time\" content=\"2024-08-24T03:01:06+00:00\" \/>\n<meta property=\"article:modified_time\" content=\"2024-08-24T12:34:08+00:00\" \/>\n<meta property=\"og:image\" content=\"https:\/\/cvinoticias.com\/wp-content\/uploads\/2024\/08\/IMG-20240823-WA00551-scaled.jpg\" \/>\n\t<meta property=\"og:image:width\" content=\"2560\" \/>\n\t<meta property=\"og:image:height\" content=\"1706\" \/>\n\t<meta property=\"og:image:type\" content=\"image\/jpeg\" \/>\n<meta name=\"author\" content=\"f1000024\" \/>\n<meta name=\"twitter:card\" content=\"summary_large_image\" \/>\n<meta name=\"twitter:label1\" content=\"Escrito por\" \/>\n\t<meta name=\"twitter:data1\" content=\"f1000024\" \/>\n\t<meta name=\"twitter:label2\" content=\"Tiempo de lectura\" \/>\n\t<meta name=\"twitter:data2\" content=\"2 minutos\" \/>\n<script type=\"application\/ld+json\" class=\"yoast-schema-graph\">{\"@context\":\"https:\\\/\\\/schema.org\",\"@graph\":[{\"@type\":\"Article\",\"@id\":\"https:\\\/\\\/cvinoticias.com\\\/v3\\\/alem-por-primera-vez-en-la-historia-llamara-a-consulta-popular\\\/#article\",\"isPartOf\":{\"@id\":\"https:\\\/\\\/cvinoticias.com\\\/v3\\\/alem-por-primera-vez-en-la-historia-llamara-a-consulta-popular\\\/\"},\"author\":{\"name\":\"f1000024\",\"@id\":\"https:\\\/\\\/cvinoticias.com\\\/v3\\\/#\\\/schema\\\/person\\\/2db77e3c6bc03c538495d7b2b8be9b66\"},\"headline\":\"Alem por primera vez en la Historia llamar\u00e1 a Consulta Popular\",\"datePublished\":\"2024-08-24T03:01:06+00:00\",\"dateModified\":\"2024-08-24T12:34:08+00:00\",\"mainEntityOfPage\":{\"@id\":\"https:\\\/\\\/cvinoticias.com\\\/v3\\\/alem-por-primera-vez-en-la-historia-llamara-a-consulta-popular\\\/\"},\"wordCount\":369,\"commentCount\":0,\"publisher\":{\"@id\":\"https:\\\/\\\/cvinoticias.com\\\/v3\\\/#organization\"},\"image\":{\"@id\":\"https:\\\/\\\/cvinoticias.com\\\/v3\\\/alem-por-primera-vez-en-la-historia-llamara-a-consulta-popular\\\/#primaryimage\"},\"thumbnailUrl\":\"https:\\\/\\\/cvinoticias.com\\\/wp-content\\\/uploads\\\/2024\\\/08\\\/IMG-20240823-WA00551-scaled.jpg\",\"articleSection\":[\"Provinciales\"],\"inLanguage\":\"es\",\"potentialAction\":[{\"@type\":\"CommentAction\",\"name\":\"Comment\",\"target\":[\"https:\\\/\\\/cvinoticias.com\\\/v3\\\/alem-por-primera-vez-en-la-historia-llamara-a-consulta-popular\\\/#respond\"]}]},{\"@type\":\"WebPage\",\"@id\":\"https:\\\/\\\/cvinoticias.com\\\/v3\\\/alem-por-primera-vez-en-la-historia-llamara-a-consulta-popular\\\/\",\"url\":\"https:\\\/\\\/cvinoticias.com\\\/v3\\\/alem-por-primera-vez-en-la-historia-llamara-a-consulta-popular\\\/\",\"name\":\"Alem por primera vez en la Historia llamar\u00e1 a Consulta Popular | CVI NOTICIAS\",\"isPartOf\":{\"@id\":\"https:\\\/\\\/cvinoticias.com\\\/v3\\\/#website\"},\"primaryImageOfPage\":{\"@id\":\"https:\\\/\\\/cvinoticias.com\\\/v3\\\/alem-por-primera-vez-en-la-historia-llamara-a-consulta-popular\\\/#primaryimage\"},\"image\":{\"@id\":\"https:\\\/\\\/cvinoticias.com\\\/v3\\\/alem-por-primera-vez-en-la-historia-llamara-a-consulta-popular\\\/#primaryimage\"},\"thumbnailUrl\":\"https:\\\/\\\/cvinoticias.com\\\/wp-content\\\/uploads\\\/2024\\\/08\\\/IMG-20240823-WA00551-scaled.jpg\",\"datePublished\":\"2024-08-24T03:01:06+00:00\",\"dateModified\":\"2024-08-24T12:34:08+00:00\",\"breadcrumb\":{\"@id\":\"https:\\\/\\\/cvinoticias.com\\\/v3\\\/alem-por-primera-vez-en-la-historia-llamara-a-consulta-popular\\\/#breadcrumb\"},\"inLanguage\":\"es\",\"potentialAction\":[{\"@type\":\"ReadAction\",\"target\":[\"https:\\\/\\\/cvinoticias.com\\\/v3\\\/alem-por-primera-vez-en-la-historia-llamara-a-consulta-popular\\\/\"]}]},{\"@type\":\"ImageObject\",\"inLanguage\":\"es\",\"@id\":\"https:\\\/\\\/cvinoticias.com\\\/v3\\\/alem-por-primera-vez-en-la-historia-llamara-a-consulta-popular\\\/#primaryimage\",\"url\":\"https:\\\/\\\/cvinoticias.com\\\/wp-content\\\/uploads\\\/2024\\\/08\\\/IMG-20240823-WA00551-scaled.jpg\",\"contentUrl\":\"https:\\\/\\\/cvinoticias.com\\\/wp-content\\\/uploads\\\/2024\\\/08\\\/IMG-20240823-WA00551-scaled.jpg\",\"width\":2560,\"height\":1706},{\"@type\":\"BreadcrumbList\",\"@id\":\"https:\\\/\\\/cvinoticias.com\\\/v3\\\/alem-por-primera-vez-en-la-historia-llamara-a-consulta-popular\\\/#breadcrumb\",\"itemListElement\":[{\"@type\":\"ListItem\",\"position\":1,\"name\":\"Portada\",\"item\":\"https:\\\/\\\/cvinoticias.com\\\/v3\\\/\"},{\"@type\":\"ListItem\",\"position\":2,\"name\":\"Alem por primera vez en la Historia llamar\u00e1 a Consulta Popular\"}]},{\"@type\":\"WebSite\",\"@id\":\"https:\\\/\\\/cvinoticias.com\\\/v3\\\/#website\",\"url\":\"https:\\\/\\\/cvinoticias.com\\\/v3\\\/\",\"name\":\"CVI NOTICIAS\",\"description\":\"\",\"publisher\":{\"@id\":\"https:\\\/\\\/cvinoticias.com\\\/v3\\\/#organization\"},\"alternateName\":\"CVI\",\"potentialAction\":[{\"@type\":\"SearchAction\",\"target\":{\"@type\":\"EntryPoint\",\"urlTemplate\":\"https:\\\/\\\/cvinoticias.com\\\/v3\\\/?s={search_term_string}\"},\"query-input\":{\"@type\":\"PropertyValueSpecification\",\"valueRequired\":true,\"valueName\":\"search_term_string\"}}],\"inLanguage\":\"es\"},{\"@type\":\"Organization\",\"@id\":\"https:\\\/\\\/cvinoticias.com\\\/v3\\\/#organization\",\"name\":\"CVI NOTICIAS\",\"url\":\"https:\\\/\\\/cvinoticias.com\\\/v3\\\/\",\"logo\":{\"@type\":\"ImageObject\",\"inLanguage\":\"es\",\"@id\":\"https:\\\/\\\/cvinoticias.com\\\/v3\\\/#\\\/schema\\\/logo\\\/image\\\/\",\"url\":\"https:\\\/\\\/cvinoticias.com\\\/wp-content\\\/uploads\\\/2023\\\/04\\\/cropped-cropped-cropped-cropped-cropped-3-1.png\",\"contentUrl\":\"https:\\\/\\\/cvinoticias.com\\\/wp-content\\\/uploads\\\/2023\\\/04\\\/cropped-cropped-cropped-cropped-cropped-3-1.png\",\"width\":95,\"height\":122,\"caption\":\"CVI NOTICIAS\"},\"image\":{\"@id\":\"https:\\\/\\\/cvinoticias.com\\\/v3\\\/#\\\/schema\\\/logo\\\/image\\\/\"},\"sameAs\":[\"https:\\\/\\\/www.facebook.com\\\/cvinoticias\",\"https:\\\/\\\/www.instagram.com\\\/cvinoticias\\\/\",\"https:\\\/\\\/www.youtube.com\\\/@CVINOTICIAS\"]},{\"@type\":\"Person\",\"@id\":\"https:\\\/\\\/cvinoticias.com\\\/v3\\\/#\\\/schema\\\/person\\\/2db77e3c6bc03c538495d7b2b8be9b66\",\"name\":\"f1000024\",\"image\":{\"@type\":\"ImageObject\",\"inLanguage\":\"es\",\"@id\":\"https:\\\/\\\/secure.gravatar.com\\\/avatar\\\/d4fe7459cfc51ff5129ce1a732bbef5928568b8092d412ef95611616376bbeed?s=96&d=mm&r=g\",\"url\":\"https:\\\/\\\/secure.gravatar.com\\\/avatar\\\/d4fe7459cfc51ff5129ce1a732bbef5928568b8092d412ef95611616376bbeed?s=96&d=mm&r=g\",\"contentUrl\":\"https:\\\/\\\/secure.gravatar.com\\\/avatar\\\/d4fe7459cfc51ff5129ce1a732bbef5928568b8092d412ef95611616376bbeed?s=96&d=mm&r=g\",\"caption\":\"f1000024\"},\"url\":\"https:\\\/\\\/cvinoticias.com\\\/v3\\\/author\\\/f1000024\\\/\"}]}<\/script>\n<!-- \/ Yoast SEO plugin. -->","yoast_head_json":{"title":"Alem por primera vez en la Historia llamar\u00e1 a Consulta Popular | CVI NOTICIAS","robots":{"index":"index","follow":"follow","max-snippet":"max-snippet:-1","max-image-preview":"max-image-preview:large","max-video-preview":"max-video-preview:-1"},"canonical":"https:\/\/cvinoticias.com\/v3\/alem-por-primera-vez-en-la-historia-llamara-a-consulta-popular\/","og_locale":"es_ES","og_type":"article","og_title":"Alem por primera vez en la Historia llamar\u00e1 a Consulta Popular | CVI NOTICIAS","og_description":"Ser\u00e1 para saber si los vecinos est\u00e1n de acuerdo en avanzar con el proyecto de construcci\u00f3n de cloacas. Tambi\u00e9n se anunciaron cambios en el estacionamiento medido. Con el objetivo de conocer la opini\u00f3n de la ciudadan\u00eda respecto a la construcci\u00f3n de la red de tratamiento de l\u00edquidos cloacales, el intendente de \u00e9sta ciudad, Mat\u00edas Sebely, [&hellip;]","og_url":"https:\/\/cvinoticias.com\/v3\/alem-por-primera-vez-en-la-historia-llamara-a-consulta-popular\/","og_site_name":"CVI NOTICIAS","article_publisher":"https:\/\/www.facebook.com\/cvinoticias","article_published_time":"2024-08-24T03:01:06+00:00","article_modified_time":"2024-08-24T12:34:08+00:00","og_image":[{"width":2560,"height":1706,"url":"https:\/\/cvinoticias.com\/wp-content\/uploads\/2024\/08\/IMG-20240823-WA00551-scaled.jpg","type":"image\/jpeg"}],"author":"f1000024","twitter_card":"summary_large_image","twitter_misc":{"Escrito por":"f1000024","Tiempo de lectura":"2 minutos"},"schema":{"@context":"https:\/\/schema.org","@graph":[{"@type":"Article","@id":"https:\/\/cvinoticias.com\/v3\/alem-por-primera-vez-en-la-historia-llamara-a-consulta-popular\/#article","isPartOf":{"@id":"https:\/\/cvinoticias.com\/v3\/alem-por-primera-vez-en-la-historia-llamara-a-consulta-popular\/"},"author":{"name":"f1000024","@id":"https:\/\/cvinoticias.com\/v3\/#\/schema\/person\/2db77e3c6bc03c538495d7b2b8be9b66"},"headline":"Alem por primera vez en la Historia llamar\u00e1 a Consulta Popular","datePublished":"2024-08-24T03:01:06+00:00","dateModified":"2024-08-24T12:34:08+00:00","mainEntityOfPage":{"@id":"https:\/\/cvinoticias.com\/v3\/alem-por-primera-vez-en-la-historia-llamara-a-consulta-popular\/"},"wordCount":369,"commentCount":0,"publisher":{"@id":"https:\/\/cvinoticias.com\/v3\/#organization"},"image":{"@id":"https:\/\/cvinoticias.com\/v3\/alem-por-primera-vez-en-la-historia-llamara-a-consulta-popular\/#primaryimage"},"thumbnailUrl":"https:\/\/cvinoticias.com\/wp-content\/uploads\/2024\/08\/IMG-20240823-WA00551-scaled.jpg","articleSection":["Provinciales"],"inLanguage":"es","potentialAction":[{"@type":"CommentAction","name":"Comment","target":["https:\/\/cvinoticias.com\/v3\/alem-por-primera-vez-en-la-historia-llamara-a-consulta-popular\/#respond"]}]},{"@type":"WebPage","@id":"https:\/\/cvinoticias.com\/v3\/alem-por-primera-vez-en-la-historia-llamara-a-consulta-popular\/","url":"https:\/\/cvinoticias.com\/v3\/alem-por-primera-vez-en-la-historia-llamara-a-consulta-popular\/","name":"Alem por primera vez en la Historia llamar\u00e1 a Consulta Popular | CVI NOTICIAS","isPartOf":{"@id":"https:\/\/cvinoticias.com\/v3\/#website"},"primaryImageOfPage":{"@id":"https:\/\/cvinoticias.com\/v3\/alem-por-primera-vez-en-la-historia-llamara-a-consulta-popular\/#primaryimage"},"image":{"@id":"https:\/\/cvinoticias.com\/v3\/alem-por-primera-vez-en-la-historia-llamara-a-consulta-popular\/#primaryimage"},"thumbnailUrl":"https:\/\/cvinoticias.com\/wp-content\/uploads\/2024\/08\/IMG-20240823-WA00551-scaled.jpg","datePublished":"2024-08-24T03:01:06+00:00","dateModified":"2024-08-24T12:34:08+00:00","breadcrumb":{"@id":"https:\/\/cvinoticias.com\/v3\/alem-por-primera-vez-en-la-historia-llamara-a-consulta-popular\/#breadcrumb"},"inLanguage":"es","potentialAction":[{"@type":"ReadAction","target":["https:\/\/cvinoticias.com\/v3\/alem-por-primera-vez-en-la-historia-llamara-a-consulta-popular\/"]}]},{"@type":"ImageObject","inLanguage":"es","@id":"https:\/\/cvinoticias.com\/v3\/alem-por-primera-vez-en-la-historia-llamara-a-consulta-popular\/#primaryimage","url":"https:\/\/cvinoticias.com\/wp-content\/uploads\/2024\/08\/IMG-20240823-WA00551-scaled.jpg","contentUrl":"https:\/\/cvinoticias.com\/wp-content\/uploads\/2024\/08\/IMG-20240823-WA00551-scaled.jpg","width":2560,"height":1706},{"@type":"BreadcrumbList","@id":"https:\/\/cvinoticias.com\/v3\/alem-por-primera-vez-en-la-historia-llamara-a-consulta-popular\/#breadcrumb","itemListElement":[{"@type":"ListItem","position":1,"name":"Portada","item":"https:\/\/cvinoticias.com\/v3\/"},{"@type":"ListItem","position":2,"name":"Alem por primera vez en la Historia llamar\u00e1 a Consulta Popular"}]},{"@type":"WebSite","@id":"https:\/\/cvinoticias.com\/v3\/#website","url":"https:\/\/cvinoticias.com\/v3\/","name":"CVI NOTICIAS","description":"","publisher":{"@id":"https:\/\/cvinoticias.com\/v3\/#organization"},"alternateName":"CVI","potentialAction":[{"@type":"SearchAction","target":{"@type":"EntryPoint","urlTemplate":"https:\/\/cvinoticias.com\/v3\/?s={search_term_string}"},"query-input":{"@type":"PropertyValueSpecification","valueRequired":true,"valueName":"search_term_string"}}],"inLanguage":"es"},{"@type":"Organization","@id":"https:\/\/cvinoticias.com\/v3\/#organization","name":"CVI NOTICIAS","url":"https:\/\/cvinoticias.com\/v3\/","logo":{"@type":"ImageObject","inLanguage":"es","@id":"https:\/\/cvinoticias.com\/v3\/#\/schema\/logo\/image\/","url":"https:\/\/cvinoticias.com\/wp-content\/uploads\/2023\/04\/cropped-cropped-cropped-cropped-cropped-3-1.png","contentUrl":"https:\/\/cvinoticias.com\/wp-content\/uploads\/2023\/04\/cropped-cropped-cropped-cropped-cropped-3-1.png","width":95,"height":122,"caption":"CVI NOTICIAS"},"image":{"@id":"https:\/\/cvinoticias.com\/v3\/#\/schema\/logo\/image\/"},"sameAs":["https:\/\/www.facebook.com\/cvinoticias","https:\/\/www.instagram.com\/cvinoticias\/","https:\/\/www.youtube.com\/@CVINOTICIAS"]},{"@type":"Person","@id":"https:\/\/cvinoticias.com\/v3\/#\/schema\/person\/2db77e3c6bc03c538495d7b2b8be9b66","name":"f1000024","image":{"@type":"ImageObject","inLanguage":"es","@id":"https:\/\/secure.gravatar.com\/avatar\/d4fe7459cfc51ff5129ce1a732bbef5928568b8092d412ef95611616376bbeed?s=96&d=mm&r=g","url":"https:\/\/secure.gravatar.com\/avatar\/d4fe7459cfc51ff5129ce1a732bbef5928568b8092d412ef95611616376bbeed?s=96&d=mm&r=g","contentUrl":"https:\/\/secure.gravatar.com\/avatar\/d4fe7459cfc51ff5129ce1a732bbef5928568b8092d412ef95611616376bbeed?s=96&d=mm&r=g","caption":"f1000024"},"url":"https:\/\/cvinoticias.com\/v3\/author\/f1000024\/"}]}},"_links":{"self":[{"href":"https:\/\/cvinoticias.com\/v3\/wp-json\/wp\/v2\/posts\/35665","targetHints":{"allow":["GET"]}}],"collection":[{"href":"https:\/\/cvinoticias.com\/v3\/wp-json\/wp\/v2\/posts"}],"about":[{"href":"https:\/\/cvinoticias.com\/v3\/wp-json\/wp\/v2\/types\/post"}],"author":[{"embeddable":true,"href":"https:\/\/cvinoticias.com\/v3\/wp-json\/wp\/v2\/users\/2"}],"replies":[{"embeddable":true,"href":"https:\/\/cvinoticias.com\/v3\/wp-json\/wp\/v2\/comments?post=35665"}],"version-history":[{"count":1,"href":"https:\/\/cvinoticias.com\/v3\/wp-json\/wp\/v2\/posts\/35665\/revisions"}],"predecessor-version":[{"id":35668,"href":"https:\/\/cvinoticias.com\/v3\/wp-json\/wp\/v2\/posts\/35665\/revisions\/35668"}],"wp:featuredmedia":[{"embeddable":true,"href":"https:\/\/cvinoticias.com\/v3\/wp-json\/wp\/v2\/media\/35667"}],"wp:attachment":[{"href":"https:\/\/cvinoticias.com\/v3\/wp-json\/wp\/v2\/media?parent=35665"}],"wp:term":[{"taxonomy":"category","embeddable":true,"href":"https:\/\/cvinoticias.com\/v3\/wp-json\/wp\/v2\/categories?post=35665"},{"taxonomy":"post_tag","embeddable":true,"href":"https:\/\/cvinoticias.com\/v3\/wp-json\/wp\/v2\/tags?post=35665"}],"curies":[{"name":"wp","href":"https:\/\/api.w.org\/{rel}","templated":true}]}}