{"id":35641,"date":"2024-08-22T23:10:39","date_gmt":"2024-08-23T02:10:39","guid":{"rendered":"https:\/\/cvinoticias.com\/v3\/?p=35641"},"modified":"2024-08-22T23:10:44","modified_gmt":"2024-08-23T02:10:44","slug":"se-realizo-la-apertura-oficial-de-la-mesa-de-frontera-para-la-prevencion-y-erradicacion-del-trabajo-infantil-en-el-mercosur","status":"publish","type":"post","link":"https:\/\/cvinoticias.com\/v3\/se-realizo-la-apertura-oficial-de-la-mesa-de-frontera-para-la-prevencion-y-erradicacion-del-trabajo-infantil-en-el-mercosur\/","title":{"rendered":"Se realiz\u00f3 la apertura oficial de la \u201cMesa de Frontera para la Prevenci\u00f3n y Erradicaci\u00f3n del Trabajo Infantil en el MERCOSUR\u201d"},"content":{"rendered":"\n<p><strong>El gobernador de Misiones, Hugo Passalacqua, encabez\u00f3 la apertura oficial de la \u201cMesa de Frontera para la Prevenci\u00f3n y Erradicaci\u00f3n del Trabajo Infantil en el MERCOSUR\u201d en el Parque del Conocimiento. <\/strong><\/p>\n\n\n\n<p>Este evento marca el inicio de un esfuerzo binacional conjunto con Encarnaci\u00f3n para abordar y combatir el trabajo infantil en las regiones fronterizas de Argentina y Paraguay.<\/p>\n\n\n\n<p><strong>Su prop\u00f3sito es fortalecer el di\u00e1logo y la cooperaci\u00f3n entre las partes involucradas mediante reuniones t\u00e9cnicas, el intercambio de experiencias y la formulaci\u00f3n de propuestas y conclusiones consensuadas.<\/strong><\/p>\n\n\n\n<p><strong>En la apertura del evento estuvieron adem\u00e1s la ministra de Trabajo y Empleo, Silvana Gim\u00e9nez; <\/strong>el c\u00f3nsul general en Encarnaci\u00f3n, Pablo Mar\u00eda S\u00e1enz Briones, el viceministro de Trabajo de Paraguay, C\u00e9sar Augusto Segovia Villassanti, el director de Asuntos Internacionales de la Secretar\u00eda de Trabajo y Empleo y Coordinador Nacional de Argentina, Gerardo Corres,  el director de Asuntos Internacionales y Coordinador Nacional de Paraguay, Joryan Rossati, la directora regional del Ministerio de Trabajo, Empleo y Seguridad Social de Itap\u00faa, Sara Riquelme, entre otros funcionarios provinciales, nacionales y del pa\u00eds vecino.<\/p>\n\n\n\n<p>La ministra de Trabajo de Misiones, Silvana Gim\u00e9nez se\u00f1al\u00f3: \u201c<strong>hoy es un d\u00eda muy importante para los misioneros y misioneras porque estamos constituyendo en el marco del MERCOSUR la primer mesa fronteriza para la prevenci\u00f3n y erradicaci\u00f3n del trabajo infantil\u201d<\/strong>, se\u00f1al\u00f3 la Ministra <\/p>\n\n\n\n<figure class=\"wp-block-gallery has-nested-images columns-default is-cropped wp-block-gallery-1 is-layout-flex wp-block-gallery-is-layout-flex\">\n<figure class=\"wp-block-image size-large\"><a href=\"https:\/\/cvinoticias.com\/wp-content\/uploads\/2024\/08\/IMG-20240822-WA0199.jpg\"><img decoding=\"async\" width=\"1024\" height=\"575\" data-id=\"35642\" data-src=\"https:\/\/cvinoticias.com\/wp-content\/uploads\/2024\/08\/IMG-20240822-WA0199-1024x575.jpg\" alt=\"\" class=\"wp-image-35642 lazyload\" data-srcset=\"https:\/\/cvinoticias.com\/wp-content\/uploads\/2024\/08\/IMG-20240822-WA0199-1024x575.jpg 1024w, https:\/\/cvinoticias.com\/wp-content\/uploads\/2024\/08\/IMG-20240822-WA0199-300x169.jpg 300w, https:\/\/cvinoticias.com\/wp-content\/uploads\/2024\/08\/IMG-20240822-WA0199-768x431.jpg 768w, https:\/\/cvinoticias.com\/wp-content\/uploads\/2024\/08\/IMG-20240822-WA0199.jpg 1280w\" data-sizes=\"(max-width: 1024px) 100vw, 1024px\" src=\"data:image\/svg+xml;base64,PHN2ZyB3aWR0aD0iMSIgaGVpZ2h0PSIxIiB4bWxucz0iaHR0cDovL3d3dy53My5vcmcvMjAwMC9zdmciPjwvc3ZnPg==\" style=\"--smush-placeholder-width: 1024px; --smush-placeholder-aspect-ratio: 1024\/575;\" \/><\/a><\/figure>\n<\/figure>\n\n\n\n<p>Gimenez destac\u00f3 adem\u00e1s la importancia de contar con un observatorio para conocer en concreto la realidad de esta problem\u00e1tica en la provincia y reforzar as\u00ed acciones para prevenirla y tratarla con mayor eficacia.<\/p>\n","protected":false},"excerpt":{"rendered":"<p>El gobernador de Misiones, Hugo Passalacqua, encabez\u00f3 la apertura oficial de la \u201cMesa de Frontera para la Prevenci\u00f3n y Erradicaci\u00f3n del Trabajo Infantil en el MERCOSUR\u201d en el Parque del Conocimiento. Este evento marca el inicio de un esfuerzo binacional conjunto con Encarnaci\u00f3n para abordar y combatir el trabajo infantil en las regiones fronterizas de [&hellip;]<\/p>\n","protected":false},"author":2,"featured_media":35643,"comment_status":"open","ping_status":"open","sticky":false,"template":"","format":"standard","meta":{"footnotes":""},"categories":[43],"tags":[],"class_list":["post-35641","post","type-post","status-publish","format-standard","has-post-thumbnail","hentry","category-provinciales"],"yoast_head":"<!-- This site is optimized with the Yoast SEO plugin v27.4 - https:\/\/yoast.com\/product\/yoast-seo-wordpress\/ -->\n<title>Se realiz\u00f3 la apertura oficial de la \u201cMesa de Frontera para la Prevenci\u00f3n y Erradicaci\u00f3n del Trabajo Infantil en el MERCOSUR\u201d | CVI NOTICIAS<\/title>\n<meta name=\"robots\" content=\"index, follow, max-snippet:-1, max-image-preview:large, max-video-preview:-1\" \/>\n<link rel=\"canonical\" href=\"https:\/\/cvinoticias.com\/v3\/se-realizo-la-apertura-oficial-de-la-mesa-de-frontera-para-la-prevencion-y-erradicacion-del-trabajo-infantil-en-el-mercosur\/\" \/>\n<meta property=\"og:locale\" content=\"es_ES\" \/>\n<meta property=\"og:type\" content=\"article\" \/>\n<meta property=\"og:title\" content=\"Se realiz\u00f3 la apertura oficial de la \u201cMesa de Frontera para la Prevenci\u00f3n y Erradicaci\u00f3n del Trabajo Infantil en el MERCOSUR\u201d | CVI NOTICIAS\" \/>\n<meta property=\"og:description\" content=\"El gobernador de Misiones, Hugo Passalacqua, encabez\u00f3 la apertura oficial de la \u201cMesa de Frontera para la Prevenci\u00f3n y Erradicaci\u00f3n del Trabajo Infantil en el MERCOSUR\u201d en el Parque del Conocimiento. Este evento marca el inicio de un esfuerzo binacional conjunto con Encarnaci\u00f3n para abordar y combatir el trabajo infantil en las regiones fronterizas de [&hellip;]\" \/>\n<meta property=\"og:url\" content=\"https:\/\/cvinoticias.com\/v3\/se-realizo-la-apertura-oficial-de-la-mesa-de-frontera-para-la-prevencion-y-erradicacion-del-trabajo-infantil-en-el-mercosur\/\" \/>\n<meta property=\"og:site_name\" content=\"CVI NOTICIAS\" \/>\n<meta property=\"article:publisher\" content=\"https:\/\/www.facebook.com\/cvinoticias\" \/>\n<meta property=\"article:published_time\" content=\"2024-08-23T02:10:39+00:00\" \/>\n<meta property=\"article:modified_time\" content=\"2024-08-23T02:10:44+00:00\" \/>\n<meta property=\"og:image\" content=\"https:\/\/cvinoticias.com\/wp-content\/uploads\/2024\/08\/IMG-20240822-WA0201.jpg\" \/>\n\t<meta property=\"og:image:width\" content=\"1280\" \/>\n\t<meta property=\"og:image:height\" content=\"719\" \/>\n\t<meta property=\"og:image:type\" content=\"image\/jpeg\" \/>\n<meta name=\"author\" content=\"f1000024\" \/>\n<meta name=\"twitter:card\" content=\"summary_large_image\" \/>\n<meta name=\"twitter:label1\" content=\"Escrito por\" \/>\n\t<meta name=\"twitter:data1\" content=\"f1000024\" \/>\n\t<meta name=\"twitter:label2\" content=\"Tiempo de lectura\" \/>\n\t<meta name=\"twitter:data2\" content=\"2 minutos\" \/>\n<script type=\"application\/ld+json\" class=\"yoast-schema-graph\">{\"@context\":\"https:\\\/\\\/schema.org\",\"@graph\":[{\"@type\":\"Article\",\"@id\":\"https:\\\/\\\/cvinoticias.com\\\/v3\\\/se-realizo-la-apertura-oficial-de-la-mesa-de-frontera-para-la-prevencion-y-erradicacion-del-trabajo-infantil-en-el-mercosur\\\/#article\",\"isPartOf\":{\"@id\":\"https:\\\/\\\/cvinoticias.com\\\/v3\\\/se-realizo-la-apertura-oficial-de-la-mesa-de-frontera-para-la-prevencion-y-erradicacion-del-trabajo-infantil-en-el-mercosur\\\/\"},\"author\":{\"name\":\"f1000024\",\"@id\":\"https:\\\/\\\/cvinoticias.com\\\/v3\\\/#\\\/schema\\\/person\\\/2db77e3c6bc03c538495d7b2b8be9b66\"},\"headline\":\"Se realiz\u00f3 la apertura oficial de la \u201cMesa de Frontera para la Prevenci\u00f3n y Erradicaci\u00f3n del Trabajo Infantil en el MERCOSUR\u201d\",\"datePublished\":\"2024-08-23T02:10:39+00:00\",\"dateModified\":\"2024-08-23T02:10:44+00:00\",\"mainEntityOfPage\":{\"@id\":\"https:\\\/\\\/cvinoticias.com\\\/v3\\\/se-realizo-la-apertura-oficial-de-la-mesa-de-frontera-para-la-prevencion-y-erradicacion-del-trabajo-infantil-en-el-mercosur\\\/\"},\"wordCount\":300,\"commentCount\":0,\"publisher\":{\"@id\":\"https:\\\/\\\/cvinoticias.com\\\/v3\\\/#organization\"},\"image\":{\"@id\":\"https:\\\/\\\/cvinoticias.com\\\/v3\\\/se-realizo-la-apertura-oficial-de-la-mesa-de-frontera-para-la-prevencion-y-erradicacion-del-trabajo-infantil-en-el-mercosur\\\/#primaryimage\"},\"thumbnailUrl\":\"https:\\\/\\\/cvinoticias.com\\\/wp-content\\\/uploads\\\/2024\\\/08\\\/IMG-20240822-WA0201.jpg\",\"articleSection\":[\"Provinciales\"],\"inLanguage\":\"es\",\"potentialAction\":[{\"@type\":\"CommentAction\",\"name\":\"Comment\",\"target\":[\"https:\\\/\\\/cvinoticias.com\\\/v3\\\/se-realizo-la-apertura-oficial-de-la-mesa-de-frontera-para-la-prevencion-y-erradicacion-del-trabajo-infantil-en-el-mercosur\\\/#respond\"]}]},{\"@type\":\"WebPage\",\"@id\":\"https:\\\/\\\/cvinoticias.com\\\/v3\\\/se-realizo-la-apertura-oficial-de-la-mesa-de-frontera-para-la-prevencion-y-erradicacion-del-trabajo-infantil-en-el-mercosur\\\/\",\"url\":\"https:\\\/\\\/cvinoticias.com\\\/v3\\\/se-realizo-la-apertura-oficial-de-la-mesa-de-frontera-para-la-prevencion-y-erradicacion-del-trabajo-infantil-en-el-mercosur\\\/\",\"name\":\"Se realiz\u00f3 la apertura oficial de la \u201cMesa de Frontera para la Prevenci\u00f3n y Erradicaci\u00f3n del Trabajo Infantil en el MERCOSUR\u201d | CVI NOTICIAS\",\"isPartOf\":{\"@id\":\"https:\\\/\\\/cvinoticias.com\\\/v3\\\/#website\"},\"primaryImageOfPage\":{\"@id\":\"https:\\\/\\\/cvinoticias.com\\\/v3\\\/se-realizo-la-apertura-oficial-de-la-mesa-de-frontera-para-la-prevencion-y-erradicacion-del-trabajo-infantil-en-el-mercosur\\\/#primaryimage\"},\"image\":{\"@id\":\"https:\\\/\\\/cvinoticias.com\\\/v3\\\/se-realizo-la-apertura-oficial-de-la-mesa-de-frontera-para-la-prevencion-y-erradicacion-del-trabajo-infantil-en-el-mercosur\\\/#primaryimage\"},\"thumbnailUrl\":\"https:\\\/\\\/cvinoticias.com\\\/wp-content\\\/uploads\\\/2024\\\/08\\\/IMG-20240822-WA0201.jpg\",\"datePublished\":\"2024-08-23T02:10:39+00:00\",\"dateModified\":\"2024-08-23T02:10:44+00:00\",\"breadcrumb\":{\"@id\":\"https:\\\/\\\/cvinoticias.com\\\/v3\\\/se-realizo-la-apertura-oficial-de-la-mesa-de-frontera-para-la-prevencion-y-erradicacion-del-trabajo-infantil-en-el-mercosur\\\/#breadcrumb\"},\"inLanguage\":\"es\",\"potentialAction\":[{\"@type\":\"ReadAction\",\"target\":[\"https:\\\/\\\/cvinoticias.com\\\/v3\\\/se-realizo-la-apertura-oficial-de-la-mesa-de-frontera-para-la-prevencion-y-erradicacion-del-trabajo-infantil-en-el-mercosur\\\/\"]}]},{\"@type\":\"ImageObject\",\"inLanguage\":\"es\",\"@id\":\"https:\\\/\\\/cvinoticias.com\\\/v3\\\/se-realizo-la-apertura-oficial-de-la-mesa-de-frontera-para-la-prevencion-y-erradicacion-del-trabajo-infantil-en-el-mercosur\\\/#primaryimage\",\"url\":\"https:\\\/\\\/cvinoticias.com\\\/wp-content\\\/uploads\\\/2024\\\/08\\\/IMG-20240822-WA0201.jpg\",\"contentUrl\":\"https:\\\/\\\/cvinoticias.com\\\/wp-content\\\/uploads\\\/2024\\\/08\\\/IMG-20240822-WA0201.jpg\",\"width\":1280,\"height\":719},{\"@type\":\"BreadcrumbList\",\"@id\":\"https:\\\/\\\/cvinoticias.com\\\/v3\\\/se-realizo-la-apertura-oficial-de-la-mesa-de-frontera-para-la-prevencion-y-erradicacion-del-trabajo-infantil-en-el-mercosur\\\/#breadcrumb\",\"itemListElement\":[{\"@type\":\"ListItem\",\"position\":1,\"name\":\"Portada\",\"item\":\"https:\\\/\\\/cvinoticias.com\\\/v3\\\/\"},{\"@type\":\"ListItem\",\"position\":2,\"name\":\"Se realiz\u00f3 la apertura oficial de la \u201cMesa de Frontera para la Prevenci\u00f3n y Erradicaci\u00f3n del Trabajo Infantil en el MERCOSUR\u201d\"}]},{\"@type\":\"WebSite\",\"@id\":\"https:\\\/\\\/cvinoticias.com\\\/v3\\\/#website\",\"url\":\"https:\\\/\\\/cvinoticias.com\\\/v3\\\/\",\"name\":\"CVI NOTICIAS\",\"description\":\"\",\"publisher\":{\"@id\":\"https:\\\/\\\/cvinoticias.com\\\/v3\\\/#organization\"},\"alternateName\":\"CVI\",\"potentialAction\":[{\"@type\":\"SearchAction\",\"target\":{\"@type\":\"EntryPoint\",\"urlTemplate\":\"https:\\\/\\\/cvinoticias.com\\\/v3\\\/?s={search_term_string}\"},\"query-input\":{\"@type\":\"PropertyValueSpecification\",\"valueRequired\":true,\"valueName\":\"search_term_string\"}}],\"inLanguage\":\"es\"},{\"@type\":\"Organization\",\"@id\":\"https:\\\/\\\/cvinoticias.com\\\/v3\\\/#organization\",\"name\":\"CVI NOTICIAS\",\"url\":\"https:\\\/\\\/cvinoticias.com\\\/v3\\\/\",\"logo\":{\"@type\":\"ImageObject\",\"inLanguage\":\"es\",\"@id\":\"https:\\\/\\\/cvinoticias.com\\\/v3\\\/#\\\/schema\\\/logo\\\/image\\\/\",\"url\":\"https:\\\/\\\/cvinoticias.com\\\/wp-content\\\/uploads\\\/2023\\\/04\\\/cropped-cropped-cropped-cropped-cropped-3-1.png\",\"contentUrl\":\"https:\\\/\\\/cvinoticias.com\\\/wp-content\\\/uploads\\\/2023\\\/04\\\/cropped-cropped-cropped-cropped-cropped-3-1.png\",\"width\":95,\"height\":122,\"caption\":\"CVI NOTICIAS\"},\"image\":{\"@id\":\"https:\\\/\\\/cvinoticias.com\\\/v3\\\/#\\\/schema\\\/logo\\\/image\\\/\"},\"sameAs\":[\"https:\\\/\\\/www.facebook.com\\\/cvinoticias\",\"https:\\\/\\\/www.instagram.com\\\/cvinoticias\\\/\",\"https:\\\/\\\/www.youtube.com\\\/@CVINOTICIAS\"]},{\"@type\":\"Person\",\"@id\":\"https:\\\/\\\/cvinoticias.com\\\/v3\\\/#\\\/schema\\\/person\\\/2db77e3c6bc03c538495d7b2b8be9b66\",\"name\":\"f1000024\",\"image\":{\"@type\":\"ImageObject\",\"inLanguage\":\"es\",\"@id\":\"https:\\\/\\\/secure.gravatar.com\\\/avatar\\\/d4fe7459cfc51ff5129ce1a732bbef5928568b8092d412ef95611616376bbeed?s=96&d=mm&r=g\",\"url\":\"https:\\\/\\\/secure.gravatar.com\\\/avatar\\\/d4fe7459cfc51ff5129ce1a732bbef5928568b8092d412ef95611616376bbeed?s=96&d=mm&r=g\",\"contentUrl\":\"https:\\\/\\\/secure.gravatar.com\\\/avatar\\\/d4fe7459cfc51ff5129ce1a732bbef5928568b8092d412ef95611616376bbeed?s=96&d=mm&r=g\",\"caption\":\"f1000024\"},\"url\":\"https:\\\/\\\/cvinoticias.com\\\/v3\\\/author\\\/f1000024\\\/\"}]}<\/script>\n<!-- \/ Yoast SEO plugin. -->","yoast_head_json":{"title":"Se realiz\u00f3 la apertura oficial de la \u201cMesa de Frontera para la Prevenci\u00f3n y Erradicaci\u00f3n del Trabajo Infantil en el MERCOSUR\u201d | CVI NOTICIAS","robots":{"index":"index","follow":"follow","max-snippet":"max-snippet:-1","max-image-preview":"max-image-preview:large","max-video-preview":"max-video-preview:-1"},"canonical":"https:\/\/cvinoticias.com\/v3\/se-realizo-la-apertura-oficial-de-la-mesa-de-frontera-para-la-prevencion-y-erradicacion-del-trabajo-infantil-en-el-mercosur\/","og_locale":"es_ES","og_type":"article","og_title":"Se realiz\u00f3 la apertura oficial de la \u201cMesa de Frontera para la Prevenci\u00f3n y Erradicaci\u00f3n del Trabajo Infantil en el MERCOSUR\u201d | CVI NOTICIAS","og_description":"El gobernador de Misiones, Hugo Passalacqua, encabez\u00f3 la apertura oficial de la \u201cMesa de Frontera para la Prevenci\u00f3n y Erradicaci\u00f3n del Trabajo Infantil en el MERCOSUR\u201d en el Parque del Conocimiento. Este evento marca el inicio de un esfuerzo binacional conjunto con Encarnaci\u00f3n para abordar y combatir el trabajo infantil en las regiones fronterizas de [&hellip;]","og_url":"https:\/\/cvinoticias.com\/v3\/se-realizo-la-apertura-oficial-de-la-mesa-de-frontera-para-la-prevencion-y-erradicacion-del-trabajo-infantil-en-el-mercosur\/","og_site_name":"CVI NOTICIAS","article_publisher":"https:\/\/www.facebook.com\/cvinoticias","article_published_time":"2024-08-23T02:10:39+00:00","article_modified_time":"2024-08-23T02:10:44+00:00","og_image":[{"width":1280,"height":719,"url":"https:\/\/cvinoticias.com\/wp-content\/uploads\/2024\/08\/IMG-20240822-WA0201.jpg","type":"image\/jpeg"}],"author":"f1000024","twitter_card":"summary_large_image","twitter_misc":{"Escrito por":"f1000024","Tiempo de lectura":"2 minutos"},"schema":{"@context":"https:\/\/schema.org","@graph":[{"@type":"Article","@id":"https:\/\/cvinoticias.com\/v3\/se-realizo-la-apertura-oficial-de-la-mesa-de-frontera-para-la-prevencion-y-erradicacion-del-trabajo-infantil-en-el-mercosur\/#article","isPartOf":{"@id":"https:\/\/cvinoticias.com\/v3\/se-realizo-la-apertura-oficial-de-la-mesa-de-frontera-para-la-prevencion-y-erradicacion-del-trabajo-infantil-en-el-mercosur\/"},"author":{"name":"f1000024","@id":"https:\/\/cvinoticias.com\/v3\/#\/schema\/person\/2db77e3c6bc03c538495d7b2b8be9b66"},"headline":"Se realiz\u00f3 la apertura oficial de la \u201cMesa de Frontera para la Prevenci\u00f3n y Erradicaci\u00f3n del Trabajo Infantil en el MERCOSUR\u201d","datePublished":"2024-08-23T02:10:39+00:00","dateModified":"2024-08-23T02:10:44+00:00","mainEntityOfPage":{"@id":"https:\/\/cvinoticias.com\/v3\/se-realizo-la-apertura-oficial-de-la-mesa-de-frontera-para-la-prevencion-y-erradicacion-del-trabajo-infantil-en-el-mercosur\/"},"wordCount":300,"commentCount":0,"publisher":{"@id":"https:\/\/cvinoticias.com\/v3\/#organization"},"image":{"@id":"https:\/\/cvinoticias.com\/v3\/se-realizo-la-apertura-oficial-de-la-mesa-de-frontera-para-la-prevencion-y-erradicacion-del-trabajo-infantil-en-el-mercosur\/#primaryimage"},"thumbnailUrl":"https:\/\/cvinoticias.com\/wp-content\/uploads\/2024\/08\/IMG-20240822-WA0201.jpg","articleSection":["Provinciales"],"inLanguage":"es","potentialAction":[{"@type":"CommentAction","name":"Comment","target":["https:\/\/cvinoticias.com\/v3\/se-realizo-la-apertura-oficial-de-la-mesa-de-frontera-para-la-prevencion-y-erradicacion-del-trabajo-infantil-en-el-mercosur\/#respond"]}]},{"@type":"WebPage","@id":"https:\/\/cvinoticias.com\/v3\/se-realizo-la-apertura-oficial-de-la-mesa-de-frontera-para-la-prevencion-y-erradicacion-del-trabajo-infantil-en-el-mercosur\/","url":"https:\/\/cvinoticias.com\/v3\/se-realizo-la-apertura-oficial-de-la-mesa-de-frontera-para-la-prevencion-y-erradicacion-del-trabajo-infantil-en-el-mercosur\/","name":"Se realiz\u00f3 la apertura oficial de la \u201cMesa de Frontera para la Prevenci\u00f3n y Erradicaci\u00f3n del Trabajo Infantil en el MERCOSUR\u201d | CVI NOTICIAS","isPartOf":{"@id":"https:\/\/cvinoticias.com\/v3\/#website"},"primaryImageOfPage":{"@id":"https:\/\/cvinoticias.com\/v3\/se-realizo-la-apertura-oficial-de-la-mesa-de-frontera-para-la-prevencion-y-erradicacion-del-trabajo-infantil-en-el-mercosur\/#primaryimage"},"image":{"@id":"https:\/\/cvinoticias.com\/v3\/se-realizo-la-apertura-oficial-de-la-mesa-de-frontera-para-la-prevencion-y-erradicacion-del-trabajo-infantil-en-el-mercosur\/#primaryimage"},"thumbnailUrl":"https:\/\/cvinoticias.com\/wp-content\/uploads\/2024\/08\/IMG-20240822-WA0201.jpg","datePublished":"2024-08-23T02:10:39+00:00","dateModified":"2024-08-23T02:10:44+00:00","breadcrumb":{"@id":"https:\/\/cvinoticias.com\/v3\/se-realizo-la-apertura-oficial-de-la-mesa-de-frontera-para-la-prevencion-y-erradicacion-del-trabajo-infantil-en-el-mercosur\/#breadcrumb"},"inLanguage":"es","potentialAction":[{"@type":"ReadAction","target":["https:\/\/cvinoticias.com\/v3\/se-realizo-la-apertura-oficial-de-la-mesa-de-frontera-para-la-prevencion-y-erradicacion-del-trabajo-infantil-en-el-mercosur\/"]}]},{"@type":"ImageObject","inLanguage":"es","@id":"https:\/\/cvinoticias.com\/v3\/se-realizo-la-apertura-oficial-de-la-mesa-de-frontera-para-la-prevencion-y-erradicacion-del-trabajo-infantil-en-el-mercosur\/#primaryimage","url":"https:\/\/cvinoticias.com\/wp-content\/uploads\/2024\/08\/IMG-20240822-WA0201.jpg","contentUrl":"https:\/\/cvinoticias.com\/wp-content\/uploads\/2024\/08\/IMG-20240822-WA0201.jpg","width":1280,"height":719},{"@type":"BreadcrumbList","@id":"https:\/\/cvinoticias.com\/v3\/se-realizo-la-apertura-oficial-de-la-mesa-de-frontera-para-la-prevencion-y-erradicacion-del-trabajo-infantil-en-el-mercosur\/#breadcrumb","itemListElement":[{"@type":"ListItem","position":1,"name":"Portada","item":"https:\/\/cvinoticias.com\/v3\/"},{"@type":"ListItem","position":2,"name":"Se realiz\u00f3 la apertura oficial de la \u201cMesa de Frontera para la Prevenci\u00f3n y Erradicaci\u00f3n del Trabajo Infantil en el MERCOSUR\u201d"}]},{"@type":"WebSite","@id":"https:\/\/cvinoticias.com\/v3\/#website","url":"https:\/\/cvinoticias.com\/v3\/","name":"CVI NOTICIAS","description":"","publisher":{"@id":"https:\/\/cvinoticias.com\/v3\/#organization"},"alternateName":"CVI","potentialAction":[{"@type":"SearchAction","target":{"@type":"EntryPoint","urlTemplate":"https:\/\/cvinoticias.com\/v3\/?s={search_term_string}"},"query-input":{"@type":"PropertyValueSpecification","valueRequired":true,"valueName":"search_term_string"}}],"inLanguage":"es"},{"@type":"Organization","@id":"https:\/\/cvinoticias.com\/v3\/#organization","name":"CVI NOTICIAS","url":"https:\/\/cvinoticias.com\/v3\/","logo":{"@type":"ImageObject","inLanguage":"es","@id":"https:\/\/cvinoticias.com\/v3\/#\/schema\/logo\/image\/","url":"https:\/\/cvinoticias.com\/wp-content\/uploads\/2023\/04\/cropped-cropped-cropped-cropped-cropped-3-1.png","contentUrl":"https:\/\/cvinoticias.com\/wp-content\/uploads\/2023\/04\/cropped-cropped-cropped-cropped-cropped-3-1.png","width":95,"height":122,"caption":"CVI NOTICIAS"},"image":{"@id":"https:\/\/cvinoticias.com\/v3\/#\/schema\/logo\/image\/"},"sameAs":["https:\/\/www.facebook.com\/cvinoticias","https:\/\/www.instagram.com\/cvinoticias\/","https:\/\/www.youtube.com\/@CVINOTICIAS"]},{"@type":"Person","@id":"https:\/\/cvinoticias.com\/v3\/#\/schema\/person\/2db77e3c6bc03c538495d7b2b8be9b66","name":"f1000024","image":{"@type":"ImageObject","inLanguage":"es","@id":"https:\/\/secure.gravatar.com\/avatar\/d4fe7459cfc51ff5129ce1a732bbef5928568b8092d412ef95611616376bbeed?s=96&d=mm&r=g","url":"https:\/\/secure.gravatar.com\/avatar\/d4fe7459cfc51ff5129ce1a732bbef5928568b8092d412ef95611616376bbeed?s=96&d=mm&r=g","contentUrl":"https:\/\/secure.gravatar.com\/avatar\/d4fe7459cfc51ff5129ce1a732bbef5928568b8092d412ef95611616376bbeed?s=96&d=mm&r=g","caption":"f1000024"},"url":"https:\/\/cvinoticias.com\/v3\/author\/f1000024\/"}]}},"_links":{"self":[{"href":"https:\/\/cvinoticias.com\/v3\/wp-json\/wp\/v2\/posts\/35641","targetHints":{"allow":["GET"]}}],"collection":[{"href":"https:\/\/cvinoticias.com\/v3\/wp-json\/wp\/v2\/posts"}],"about":[{"href":"https:\/\/cvinoticias.com\/v3\/wp-json\/wp\/v2\/types\/post"}],"author":[{"embeddable":true,"href":"https:\/\/cvinoticias.com\/v3\/wp-json\/wp\/v2\/users\/2"}],"replies":[{"embeddable":true,"href":"https:\/\/cvinoticias.com\/v3\/wp-json\/wp\/v2\/comments?post=35641"}],"version-history":[{"count":1,"href":"https:\/\/cvinoticias.com\/v3\/wp-json\/wp\/v2\/posts\/35641\/revisions"}],"predecessor-version":[{"id":35644,"href":"https:\/\/cvinoticias.com\/v3\/wp-json\/wp\/v2\/posts\/35641\/revisions\/35644"}],"wp:featuredmedia":[{"embeddable":true,"href":"https:\/\/cvinoticias.com\/v3\/wp-json\/wp\/v2\/media\/35643"}],"wp:attachment":[{"href":"https:\/\/cvinoticias.com\/v3\/wp-json\/wp\/v2\/media?parent=35641"}],"wp:term":[{"taxonomy":"category","embeddable":true,"href":"https:\/\/cvinoticias.com\/v3\/wp-json\/wp\/v2\/categories?post=35641"},{"taxonomy":"post_tag","embeddable":true,"href":"https:\/\/cvinoticias.com\/v3\/wp-json\/wp\/v2\/tags?post=35641"}],"curies":[{"name":"wp","href":"https:\/\/api.w.org\/{rel}","templated":true}]}}