{"id":35634,"date":"2024-08-22T20:04:22","date_gmt":"2024-08-22T23:04:22","guid":{"rendered":"https:\/\/cvinoticias.com\/v3\/?p=35634"},"modified":"2024-08-22T20:16:58","modified_gmt":"2024-08-22T23:16:58","slug":"la-legislatura-misionera-aprobo-por-unanimidad-el-desafuero-de-german-kiczka","status":"publish","type":"post","link":"https:\/\/cvinoticias.com\/v3\/la-legislatura-misionera-aprobo-por-unanimidad-el-desafuero-de-german-kiczka\/","title":{"rendered":"La Legislatura Misionera aprob\u00f3 por unanimidad el desafuero de Germ\u00e1n Kiczka"},"content":{"rendered":"\n<p><strong>Con 37 votos afirmativos, y con la ausencia del Diputado en cuesti\u00f3n, la C\u00e1mara aprob\u00f3 el desafuero de Kiczka, permitiendo que el legislador sea sometido a la acci\u00f3n de la justicia ordinaria.<\/strong><\/p>\n\n\n\n<figure class=\"wp-block-gallery has-nested-images columns-default is-cropped wp-block-gallery-1 is-layout-flex wp-block-gallery-is-layout-flex\">\n<figure class=\"wp-block-image size-large\"><a href=\"https:\/\/cvinoticias.com\/wp-content\/uploads\/2024\/08\/Captura-de-pantalla-2024-08-22-183109.png\"><img decoding=\"async\" width=\"1024\" height=\"558\" data-id=\"35636\" data-src=\"https:\/\/cvinoticias.com\/wp-content\/uploads\/2024\/08\/Captura-de-pantalla-2024-08-22-183109-1024x558.png\" alt=\"\" class=\"wp-image-35636 lazyload\" data-srcset=\"https:\/\/cvinoticias.com\/wp-content\/uploads\/2024\/08\/Captura-de-pantalla-2024-08-22-183109-1024x558.png 1024w, https:\/\/cvinoticias.com\/wp-content\/uploads\/2024\/08\/Captura-de-pantalla-2024-08-22-183109-300x163.png 300w, https:\/\/cvinoticias.com\/wp-content\/uploads\/2024\/08\/Captura-de-pantalla-2024-08-22-183109-768x419.png 768w, https:\/\/cvinoticias.com\/wp-content\/uploads\/2024\/08\/Captura-de-pantalla-2024-08-22-183109.png 1090w\" data-sizes=\"(max-width: 1024px) 100vw, 1024px\" src=\"data:image\/svg+xml;base64,PHN2ZyB3aWR0aD0iMSIgaGVpZ2h0PSIxIiB4bWxucz0iaHR0cDovL3d3dy53My5vcmcvMjAwMC9zdmciPjwvc3ZnPg==\" style=\"--smush-placeholder-width: 1024px; --smush-placeholder-aspect-ratio: 1024\/558;\" \/><\/a><\/figure>\n<\/figure>\n\n\n\n<p>Quien encabez\u00f3 el tratamiento sobre tablas del pedido de desafuero efectuado por la Justicia fue la diputada por el Frente Renovador de la Concordia Anazul Centeno, <strong>quien se expres\u00f3 en duros t\u00e9rminos contra el ahora legislador investigado, remarcando la gravedad del contenido probatorio obrante en el expediente que se instruye ante el Juzgado de Instrucci\u00f3n Cuatro de Ap\u00f3stoles, a cargo del magistrado Miguel \u00c1ngel Far\u00eda.<\/strong><\/p>\n\n\n\n<p>Centeno, adem\u00e1s, advirti\u00f3 que la posibilidad de que el comunicado enviado hoy por Kiczka notificando de su ausencia a la sesi\u00f3n tendr\u00eda una firma ap\u00f3crifa.<\/p>\n\n\n\n<p>Minutos despu\u00e9s, el presidente del Bloque Renovador, Mart\u00edn Cesino, propuso la creaci\u00f3n de una comisi\u00f3n especial dentro del recinto parlamentario para \u201cinvestigar y evaluar la conducta del diputado Kiczka\u201d.<\/p>\n\n\n\n<p>De esta manera, el apostole\u00f1o ya no tiene fueros que lo cubran y la Justicia tendr\u00e1 potestad de ejecutar la orden de detenci\u00f3n que ya fue librada en su contra el martes a la noche.<\/p>\n\n\n\n<p><strong>La misma medida alcanza a su hermano Sebasti\u00e1n, quien hasta el momento no fue encontrado a pesar de los procedimientos y las labores de inteligencia realizadas por agentes de la Polic\u00eda de Misiones en Ap\u00f3stoles.<\/strong><\/p>\n\n\n\n<p><\/p>\n","protected":false},"excerpt":{"rendered":"<p>Con 37 votos afirmativos, y con la ausencia del Diputado en cuesti\u00f3n, la C\u00e1mara aprob\u00f3 el desafuero de Kiczka, permitiendo que el legislador sea sometido a la acci\u00f3n de la justicia ordinaria. Quien encabez\u00f3 el tratamiento sobre tablas del pedido de desafuero efectuado por la Justicia fue la diputada por el Frente Renovador de la [&hellip;]<\/p>\n","protected":false},"author":2,"featured_media":35635,"comment_status":"open","ping_status":"open","sticky":false,"template":"","format":"standard","meta":{"footnotes":""},"categories":[43],"tags":[],"class_list":["post-35634","post","type-post","status-publish","format-standard","has-post-thumbnail","hentry","category-provinciales"],"yoast_head":"<!-- This site is optimized with the Yoast SEO plugin v27.4 - https:\/\/yoast.com\/product\/yoast-seo-wordpress\/ -->\n<title>La Legislatura Misionera aprob\u00f3 por unanimidad el desafuero de Germ\u00e1n Kiczka | CVI NOTICIAS<\/title>\n<meta name=\"robots\" content=\"index, follow, max-snippet:-1, max-image-preview:large, max-video-preview:-1\" \/>\n<link rel=\"canonical\" href=\"https:\/\/cvinoticias.com\/v3\/la-legislatura-misionera-aprobo-por-unanimidad-el-desafuero-de-german-kiczka\/\" \/>\n<meta property=\"og:locale\" content=\"es_ES\" \/>\n<meta property=\"og:type\" content=\"article\" \/>\n<meta property=\"og:title\" content=\"La Legislatura Misionera aprob\u00f3 por unanimidad el desafuero de Germ\u00e1n Kiczka | CVI NOTICIAS\" \/>\n<meta property=\"og:description\" content=\"Con 37 votos afirmativos, y con la ausencia del Diputado en cuesti\u00f3n, la C\u00e1mara aprob\u00f3 el desafuero de Kiczka, permitiendo que el legislador sea sometido a la acci\u00f3n de la justicia ordinaria. Quien encabez\u00f3 el tratamiento sobre tablas del pedido de desafuero efectuado por la Justicia fue la diputada por el Frente Renovador de la [&hellip;]\" \/>\n<meta property=\"og:url\" content=\"https:\/\/cvinoticias.com\/v3\/la-legislatura-misionera-aprobo-por-unanimidad-el-desafuero-de-german-kiczka\/\" \/>\n<meta property=\"og:site_name\" content=\"CVI NOTICIAS\" \/>\n<meta property=\"article:publisher\" content=\"https:\/\/www.facebook.com\/cvinoticias\" \/>\n<meta property=\"article:published_time\" content=\"2024-08-22T23:04:22+00:00\" \/>\n<meta property=\"article:modified_time\" content=\"2024-08-22T23:16:58+00:00\" \/>\n<meta property=\"og:image\" content=\"https:\/\/cvinoticias.com\/wp-content\/uploads\/2024\/08\/381591915_638258391751942_1596584278531757528_n-1024x732-1.jpg\" \/>\n\t<meta property=\"og:image:width\" content=\"1024\" \/>\n\t<meta property=\"og:image:height\" content=\"732\" \/>\n\t<meta property=\"og:image:type\" content=\"image\/jpeg\" \/>\n<meta name=\"author\" content=\"f1000024\" \/>\n<meta name=\"twitter:card\" content=\"summary_large_image\" \/>\n<meta name=\"twitter:label1\" content=\"Escrito por\" \/>\n\t<meta name=\"twitter:data1\" content=\"f1000024\" \/>\n\t<meta name=\"twitter:label2\" content=\"Tiempo de lectura\" \/>\n\t<meta name=\"twitter:data2\" content=\"2 minutos\" \/>\n<script type=\"application\/ld+json\" class=\"yoast-schema-graph\">{\"@context\":\"https:\\\/\\\/schema.org\",\"@graph\":[{\"@type\":\"Article\",\"@id\":\"https:\\\/\\\/cvinoticias.com\\\/v3\\\/la-legislatura-misionera-aprobo-por-unanimidad-el-desafuero-de-german-kiczka\\\/#article\",\"isPartOf\":{\"@id\":\"https:\\\/\\\/cvinoticias.com\\\/v3\\\/la-legislatura-misionera-aprobo-por-unanimidad-el-desafuero-de-german-kiczka\\\/\"},\"author\":{\"name\":\"f1000024\",\"@id\":\"https:\\\/\\\/cvinoticias.com\\\/v3\\\/#\\\/schema\\\/person\\\/2db77e3c6bc03c538495d7b2b8be9b66\"},\"headline\":\"La Legislatura Misionera aprob\u00f3 por unanimidad el desafuero de Germ\u00e1n Kiczka\",\"datePublished\":\"2024-08-22T23:04:22+00:00\",\"dateModified\":\"2024-08-22T23:16:58+00:00\",\"mainEntityOfPage\":{\"@id\":\"https:\\\/\\\/cvinoticias.com\\\/v3\\\/la-legislatura-misionera-aprobo-por-unanimidad-el-desafuero-de-german-kiczka\\\/\"},\"wordCount\":252,\"commentCount\":0,\"publisher\":{\"@id\":\"https:\\\/\\\/cvinoticias.com\\\/v3\\\/#organization\"},\"image\":{\"@id\":\"https:\\\/\\\/cvinoticias.com\\\/v3\\\/la-legislatura-misionera-aprobo-por-unanimidad-el-desafuero-de-german-kiczka\\\/#primaryimage\"},\"thumbnailUrl\":\"https:\\\/\\\/cvinoticias.com\\\/wp-content\\\/uploads\\\/2024\\\/08\\\/381591915_638258391751942_1596584278531757528_n-1024x732-1.jpg\",\"articleSection\":[\"Provinciales\"],\"inLanguage\":\"es\",\"potentialAction\":[{\"@type\":\"CommentAction\",\"name\":\"Comment\",\"target\":[\"https:\\\/\\\/cvinoticias.com\\\/v3\\\/la-legislatura-misionera-aprobo-por-unanimidad-el-desafuero-de-german-kiczka\\\/#respond\"]}]},{\"@type\":\"WebPage\",\"@id\":\"https:\\\/\\\/cvinoticias.com\\\/v3\\\/la-legislatura-misionera-aprobo-por-unanimidad-el-desafuero-de-german-kiczka\\\/\",\"url\":\"https:\\\/\\\/cvinoticias.com\\\/v3\\\/la-legislatura-misionera-aprobo-por-unanimidad-el-desafuero-de-german-kiczka\\\/\",\"name\":\"La Legislatura Misionera aprob\u00f3 por unanimidad el desafuero de Germ\u00e1n Kiczka | CVI NOTICIAS\",\"isPartOf\":{\"@id\":\"https:\\\/\\\/cvinoticias.com\\\/v3\\\/#website\"},\"primaryImageOfPage\":{\"@id\":\"https:\\\/\\\/cvinoticias.com\\\/v3\\\/la-legislatura-misionera-aprobo-por-unanimidad-el-desafuero-de-german-kiczka\\\/#primaryimage\"},\"image\":{\"@id\":\"https:\\\/\\\/cvinoticias.com\\\/v3\\\/la-legislatura-misionera-aprobo-por-unanimidad-el-desafuero-de-german-kiczka\\\/#primaryimage\"},\"thumbnailUrl\":\"https:\\\/\\\/cvinoticias.com\\\/wp-content\\\/uploads\\\/2024\\\/08\\\/381591915_638258391751942_1596584278531757528_n-1024x732-1.jpg\",\"datePublished\":\"2024-08-22T23:04:22+00:00\",\"dateModified\":\"2024-08-22T23:16:58+00:00\",\"breadcrumb\":{\"@id\":\"https:\\\/\\\/cvinoticias.com\\\/v3\\\/la-legislatura-misionera-aprobo-por-unanimidad-el-desafuero-de-german-kiczka\\\/#breadcrumb\"},\"inLanguage\":\"es\",\"potentialAction\":[{\"@type\":\"ReadAction\",\"target\":[\"https:\\\/\\\/cvinoticias.com\\\/v3\\\/la-legislatura-misionera-aprobo-por-unanimidad-el-desafuero-de-german-kiczka\\\/\"]}]},{\"@type\":\"ImageObject\",\"inLanguage\":\"es\",\"@id\":\"https:\\\/\\\/cvinoticias.com\\\/v3\\\/la-legislatura-misionera-aprobo-por-unanimidad-el-desafuero-de-german-kiczka\\\/#primaryimage\",\"url\":\"https:\\\/\\\/cvinoticias.com\\\/wp-content\\\/uploads\\\/2024\\\/08\\\/381591915_638258391751942_1596584278531757528_n-1024x732-1.jpg\",\"contentUrl\":\"https:\\\/\\\/cvinoticias.com\\\/wp-content\\\/uploads\\\/2024\\\/08\\\/381591915_638258391751942_1596584278531757528_n-1024x732-1.jpg\",\"width\":1024,\"height\":732},{\"@type\":\"BreadcrumbList\",\"@id\":\"https:\\\/\\\/cvinoticias.com\\\/v3\\\/la-legislatura-misionera-aprobo-por-unanimidad-el-desafuero-de-german-kiczka\\\/#breadcrumb\",\"itemListElement\":[{\"@type\":\"ListItem\",\"position\":1,\"name\":\"Portada\",\"item\":\"https:\\\/\\\/cvinoticias.com\\\/v3\\\/\"},{\"@type\":\"ListItem\",\"position\":2,\"name\":\"La Legislatura Misionera aprob\u00f3 por unanimidad el desafuero de Germ\u00e1n Kiczka\"}]},{\"@type\":\"WebSite\",\"@id\":\"https:\\\/\\\/cvinoticias.com\\\/v3\\\/#website\",\"url\":\"https:\\\/\\\/cvinoticias.com\\\/v3\\\/\",\"name\":\"CVI NOTICIAS\",\"description\":\"\",\"publisher\":{\"@id\":\"https:\\\/\\\/cvinoticias.com\\\/v3\\\/#organization\"},\"alternateName\":\"CVI\",\"potentialAction\":[{\"@type\":\"SearchAction\",\"target\":{\"@type\":\"EntryPoint\",\"urlTemplate\":\"https:\\\/\\\/cvinoticias.com\\\/v3\\\/?s={search_term_string}\"},\"query-input\":{\"@type\":\"PropertyValueSpecification\",\"valueRequired\":true,\"valueName\":\"search_term_string\"}}],\"inLanguage\":\"es\"},{\"@type\":\"Organization\",\"@id\":\"https:\\\/\\\/cvinoticias.com\\\/v3\\\/#organization\",\"name\":\"CVI NOTICIAS\",\"url\":\"https:\\\/\\\/cvinoticias.com\\\/v3\\\/\",\"logo\":{\"@type\":\"ImageObject\",\"inLanguage\":\"es\",\"@id\":\"https:\\\/\\\/cvinoticias.com\\\/v3\\\/#\\\/schema\\\/logo\\\/image\\\/\",\"url\":\"https:\\\/\\\/cvinoticias.com\\\/wp-content\\\/uploads\\\/2023\\\/04\\\/cropped-cropped-cropped-cropped-cropped-3-1.png\",\"contentUrl\":\"https:\\\/\\\/cvinoticias.com\\\/wp-content\\\/uploads\\\/2023\\\/04\\\/cropped-cropped-cropped-cropped-cropped-3-1.png\",\"width\":95,\"height\":122,\"caption\":\"CVI NOTICIAS\"},\"image\":{\"@id\":\"https:\\\/\\\/cvinoticias.com\\\/v3\\\/#\\\/schema\\\/logo\\\/image\\\/\"},\"sameAs\":[\"https:\\\/\\\/www.facebook.com\\\/cvinoticias\",\"https:\\\/\\\/www.instagram.com\\\/cvinoticias\\\/\",\"https:\\\/\\\/www.youtube.com\\\/@CVINOTICIAS\"]},{\"@type\":\"Person\",\"@id\":\"https:\\\/\\\/cvinoticias.com\\\/v3\\\/#\\\/schema\\\/person\\\/2db77e3c6bc03c538495d7b2b8be9b66\",\"name\":\"f1000024\",\"image\":{\"@type\":\"ImageObject\",\"inLanguage\":\"es\",\"@id\":\"https:\\\/\\\/secure.gravatar.com\\\/avatar\\\/d4fe7459cfc51ff5129ce1a732bbef5928568b8092d412ef95611616376bbeed?s=96&d=mm&r=g\",\"url\":\"https:\\\/\\\/secure.gravatar.com\\\/avatar\\\/d4fe7459cfc51ff5129ce1a732bbef5928568b8092d412ef95611616376bbeed?s=96&d=mm&r=g\",\"contentUrl\":\"https:\\\/\\\/secure.gravatar.com\\\/avatar\\\/d4fe7459cfc51ff5129ce1a732bbef5928568b8092d412ef95611616376bbeed?s=96&d=mm&r=g\",\"caption\":\"f1000024\"},\"url\":\"https:\\\/\\\/cvinoticias.com\\\/v3\\\/author\\\/f1000024\\\/\"}]}<\/script>\n<!-- \/ Yoast SEO plugin. -->","yoast_head_json":{"title":"La Legislatura Misionera aprob\u00f3 por unanimidad el desafuero de Germ\u00e1n Kiczka | CVI NOTICIAS","robots":{"index":"index","follow":"follow","max-snippet":"max-snippet:-1","max-image-preview":"max-image-preview:large","max-video-preview":"max-video-preview:-1"},"canonical":"https:\/\/cvinoticias.com\/v3\/la-legislatura-misionera-aprobo-por-unanimidad-el-desafuero-de-german-kiczka\/","og_locale":"es_ES","og_type":"article","og_title":"La Legislatura Misionera aprob\u00f3 por unanimidad el desafuero de Germ\u00e1n Kiczka | CVI NOTICIAS","og_description":"Con 37 votos afirmativos, y con la ausencia del Diputado en cuesti\u00f3n, la C\u00e1mara aprob\u00f3 el desafuero de Kiczka, permitiendo que el legislador sea sometido a la acci\u00f3n de la justicia ordinaria. Quien encabez\u00f3 el tratamiento sobre tablas del pedido de desafuero efectuado por la Justicia fue la diputada por el Frente Renovador de la [&hellip;]","og_url":"https:\/\/cvinoticias.com\/v3\/la-legislatura-misionera-aprobo-por-unanimidad-el-desafuero-de-german-kiczka\/","og_site_name":"CVI NOTICIAS","article_publisher":"https:\/\/www.facebook.com\/cvinoticias","article_published_time":"2024-08-22T23:04:22+00:00","article_modified_time":"2024-08-22T23:16:58+00:00","og_image":[{"width":1024,"height":732,"url":"https:\/\/cvinoticias.com\/wp-content\/uploads\/2024\/08\/381591915_638258391751942_1596584278531757528_n-1024x732-1.jpg","type":"image\/jpeg"}],"author":"f1000024","twitter_card":"summary_large_image","twitter_misc":{"Escrito por":"f1000024","Tiempo de lectura":"2 minutos"},"schema":{"@context":"https:\/\/schema.org","@graph":[{"@type":"Article","@id":"https:\/\/cvinoticias.com\/v3\/la-legislatura-misionera-aprobo-por-unanimidad-el-desafuero-de-german-kiczka\/#article","isPartOf":{"@id":"https:\/\/cvinoticias.com\/v3\/la-legislatura-misionera-aprobo-por-unanimidad-el-desafuero-de-german-kiczka\/"},"author":{"name":"f1000024","@id":"https:\/\/cvinoticias.com\/v3\/#\/schema\/person\/2db77e3c6bc03c538495d7b2b8be9b66"},"headline":"La Legislatura Misionera aprob\u00f3 por unanimidad el desafuero de Germ\u00e1n Kiczka","datePublished":"2024-08-22T23:04:22+00:00","dateModified":"2024-08-22T23:16:58+00:00","mainEntityOfPage":{"@id":"https:\/\/cvinoticias.com\/v3\/la-legislatura-misionera-aprobo-por-unanimidad-el-desafuero-de-german-kiczka\/"},"wordCount":252,"commentCount":0,"publisher":{"@id":"https:\/\/cvinoticias.com\/v3\/#organization"},"image":{"@id":"https:\/\/cvinoticias.com\/v3\/la-legislatura-misionera-aprobo-por-unanimidad-el-desafuero-de-german-kiczka\/#primaryimage"},"thumbnailUrl":"https:\/\/cvinoticias.com\/wp-content\/uploads\/2024\/08\/381591915_638258391751942_1596584278531757528_n-1024x732-1.jpg","articleSection":["Provinciales"],"inLanguage":"es","potentialAction":[{"@type":"CommentAction","name":"Comment","target":["https:\/\/cvinoticias.com\/v3\/la-legislatura-misionera-aprobo-por-unanimidad-el-desafuero-de-german-kiczka\/#respond"]}]},{"@type":"WebPage","@id":"https:\/\/cvinoticias.com\/v3\/la-legislatura-misionera-aprobo-por-unanimidad-el-desafuero-de-german-kiczka\/","url":"https:\/\/cvinoticias.com\/v3\/la-legislatura-misionera-aprobo-por-unanimidad-el-desafuero-de-german-kiczka\/","name":"La Legislatura Misionera aprob\u00f3 por unanimidad el desafuero de Germ\u00e1n Kiczka | CVI NOTICIAS","isPartOf":{"@id":"https:\/\/cvinoticias.com\/v3\/#website"},"primaryImageOfPage":{"@id":"https:\/\/cvinoticias.com\/v3\/la-legislatura-misionera-aprobo-por-unanimidad-el-desafuero-de-german-kiczka\/#primaryimage"},"image":{"@id":"https:\/\/cvinoticias.com\/v3\/la-legislatura-misionera-aprobo-por-unanimidad-el-desafuero-de-german-kiczka\/#primaryimage"},"thumbnailUrl":"https:\/\/cvinoticias.com\/wp-content\/uploads\/2024\/08\/381591915_638258391751942_1596584278531757528_n-1024x732-1.jpg","datePublished":"2024-08-22T23:04:22+00:00","dateModified":"2024-08-22T23:16:58+00:00","breadcrumb":{"@id":"https:\/\/cvinoticias.com\/v3\/la-legislatura-misionera-aprobo-por-unanimidad-el-desafuero-de-german-kiczka\/#breadcrumb"},"inLanguage":"es","potentialAction":[{"@type":"ReadAction","target":["https:\/\/cvinoticias.com\/v3\/la-legislatura-misionera-aprobo-por-unanimidad-el-desafuero-de-german-kiczka\/"]}]},{"@type":"ImageObject","inLanguage":"es","@id":"https:\/\/cvinoticias.com\/v3\/la-legislatura-misionera-aprobo-por-unanimidad-el-desafuero-de-german-kiczka\/#primaryimage","url":"https:\/\/cvinoticias.com\/wp-content\/uploads\/2024\/08\/381591915_638258391751942_1596584278531757528_n-1024x732-1.jpg","contentUrl":"https:\/\/cvinoticias.com\/wp-content\/uploads\/2024\/08\/381591915_638258391751942_1596584278531757528_n-1024x732-1.jpg","width":1024,"height":732},{"@type":"BreadcrumbList","@id":"https:\/\/cvinoticias.com\/v3\/la-legislatura-misionera-aprobo-por-unanimidad-el-desafuero-de-german-kiczka\/#breadcrumb","itemListElement":[{"@type":"ListItem","position":1,"name":"Portada","item":"https:\/\/cvinoticias.com\/v3\/"},{"@type":"ListItem","position":2,"name":"La Legislatura Misionera aprob\u00f3 por unanimidad el desafuero de Germ\u00e1n Kiczka"}]},{"@type":"WebSite","@id":"https:\/\/cvinoticias.com\/v3\/#website","url":"https:\/\/cvinoticias.com\/v3\/","name":"CVI NOTICIAS","description":"","publisher":{"@id":"https:\/\/cvinoticias.com\/v3\/#organization"},"alternateName":"CVI","potentialAction":[{"@type":"SearchAction","target":{"@type":"EntryPoint","urlTemplate":"https:\/\/cvinoticias.com\/v3\/?s={search_term_string}"},"query-input":{"@type":"PropertyValueSpecification","valueRequired":true,"valueName":"search_term_string"}}],"inLanguage":"es"},{"@type":"Organization","@id":"https:\/\/cvinoticias.com\/v3\/#organization","name":"CVI NOTICIAS","url":"https:\/\/cvinoticias.com\/v3\/","logo":{"@type":"ImageObject","inLanguage":"es","@id":"https:\/\/cvinoticias.com\/v3\/#\/schema\/logo\/image\/","url":"https:\/\/cvinoticias.com\/wp-content\/uploads\/2023\/04\/cropped-cropped-cropped-cropped-cropped-3-1.png","contentUrl":"https:\/\/cvinoticias.com\/wp-content\/uploads\/2023\/04\/cropped-cropped-cropped-cropped-cropped-3-1.png","width":95,"height":122,"caption":"CVI NOTICIAS"},"image":{"@id":"https:\/\/cvinoticias.com\/v3\/#\/schema\/logo\/image\/"},"sameAs":["https:\/\/www.facebook.com\/cvinoticias","https:\/\/www.instagram.com\/cvinoticias\/","https:\/\/www.youtube.com\/@CVINOTICIAS"]},{"@type":"Person","@id":"https:\/\/cvinoticias.com\/v3\/#\/schema\/person\/2db77e3c6bc03c538495d7b2b8be9b66","name":"f1000024","image":{"@type":"ImageObject","inLanguage":"es","@id":"https:\/\/secure.gravatar.com\/avatar\/d4fe7459cfc51ff5129ce1a732bbef5928568b8092d412ef95611616376bbeed?s=96&d=mm&r=g","url":"https:\/\/secure.gravatar.com\/avatar\/d4fe7459cfc51ff5129ce1a732bbef5928568b8092d412ef95611616376bbeed?s=96&d=mm&r=g","contentUrl":"https:\/\/secure.gravatar.com\/avatar\/d4fe7459cfc51ff5129ce1a732bbef5928568b8092d412ef95611616376bbeed?s=96&d=mm&r=g","caption":"f1000024"},"url":"https:\/\/cvinoticias.com\/v3\/author\/f1000024\/"}]}},"_links":{"self":[{"href":"https:\/\/cvinoticias.com\/v3\/wp-json\/wp\/v2\/posts\/35634","targetHints":{"allow":["GET"]}}],"collection":[{"href":"https:\/\/cvinoticias.com\/v3\/wp-json\/wp\/v2\/posts"}],"about":[{"href":"https:\/\/cvinoticias.com\/v3\/wp-json\/wp\/v2\/types\/post"}],"author":[{"embeddable":true,"href":"https:\/\/cvinoticias.com\/v3\/wp-json\/wp\/v2\/users\/2"}],"replies":[{"embeddable":true,"href":"https:\/\/cvinoticias.com\/v3\/wp-json\/wp\/v2\/comments?post=35634"}],"version-history":[{"count":3,"href":"https:\/\/cvinoticias.com\/v3\/wp-json\/wp\/v2\/posts\/35634\/revisions"}],"predecessor-version":[{"id":35639,"href":"https:\/\/cvinoticias.com\/v3\/wp-json\/wp\/v2\/posts\/35634\/revisions\/35639"}],"wp:featuredmedia":[{"embeddable":true,"href":"https:\/\/cvinoticias.com\/v3\/wp-json\/wp\/v2\/media\/35635"}],"wp:attachment":[{"href":"https:\/\/cvinoticias.com\/v3\/wp-json\/wp\/v2\/media?parent=35634"}],"wp:term":[{"taxonomy":"category","embeddable":true,"href":"https:\/\/cvinoticias.com\/v3\/wp-json\/wp\/v2\/categories?post=35634"},{"taxonomy":"post_tag","embeddable":true,"href":"https:\/\/cvinoticias.com\/v3\/wp-json\/wp\/v2\/tags?post=35634"}],"curies":[{"name":"wp","href":"https:\/\/api.w.org\/{rel}","templated":true}]}}