{"id":35629,"date":"2024-08-22T16:19:41","date_gmt":"2024-08-22T19:19:41","guid":{"rendered":"https:\/\/cvinoticias.com\/v3\/?p=35629"},"modified":"2024-08-22T16:19:42","modified_gmt":"2024-08-22T19:19:42","slug":"iguazu-se-prepara-para-vivir-la-5ta-edicion-de-la-copa-maravilla-del-mundo","status":"publish","type":"post","link":"https:\/\/cvinoticias.com\/v3\/iguazu-se-prepara-para-vivir-la-5ta-edicion-de-la-copa-maravilla-del-mundo\/","title":{"rendered":"Iguaz\u00fa se prepara para vivir la 5ta. Edici\u00f3n de la \u00abCopa Maravilla del Mundo\u00bb"},"content":{"rendered":"\n<p>La Copa Maravilla del Mundo, uno de los torneos de f\u00fatbol infantil m\u00e1s importantes de la regi\u00f3n, anuncia su 5\u00aa edici\u00f3n para septiembre de este a\u00f1o.<\/p>\n\n\n\n<p> La competencia contar\u00e1 con la participaci\u00f3n de equipos de car\u00e1cter, nacional e internacional. La Copa Maravilla del Mundo busca promover el desarrollo del f\u00fatbol infantil y ofrecer una plataforma para que los j\u00f3venes talentos muestren sus habilidades.<\/p>\n\n\n\n<p><strong>La competencia se llevar\u00e1 a cabo en septiembre en la Iguazu, y se espera la participaci\u00f3n de equipos de alta calidad.<\/strong><\/p>\n","protected":false},"excerpt":{"rendered":"<p>La Copa Maravilla del Mundo, uno de los torneos de f\u00fatbol infantil m\u00e1s importantes de la regi\u00f3n, anuncia su 5\u00aa edici\u00f3n para septiembre de este a\u00f1o. La competencia contar\u00e1 con la participaci\u00f3n de equipos de car\u00e1cter, nacional e internacional. La Copa Maravilla del Mundo busca promover el desarrollo del f\u00fatbol infantil y ofrecer una plataforma [&hellip;]<\/p>\n","protected":false},"author":2,"featured_media":35630,"comment_status":"open","ping_status":"open","sticky":false,"template":"","format":"standard","meta":{"footnotes":""},"categories":[1],"tags":[],"class_list":["post-35629","post","type-post","status-publish","format-standard","has-post-thumbnail","hentry","category-sin-categoria"],"yoast_head":"<!-- This site is optimized with the Yoast SEO plugin v27.4 - https:\/\/yoast.com\/product\/yoast-seo-wordpress\/ -->\n<title>Iguaz\u00fa se prepara para vivir la 5ta. Edici\u00f3n de la &quot;Copa Maravilla del Mundo&quot; | CVI NOTICIAS<\/title>\n<meta name=\"robots\" content=\"index, follow, max-snippet:-1, max-image-preview:large, max-video-preview:-1\" \/>\n<link rel=\"canonical\" href=\"https:\/\/cvinoticias.com\/v3\/iguazu-se-prepara-para-vivir-la-5ta-edicion-de-la-copa-maravilla-del-mundo\/\" \/>\n<meta property=\"og:locale\" content=\"es_ES\" \/>\n<meta property=\"og:type\" content=\"article\" \/>\n<meta property=\"og:title\" content=\"Iguaz\u00fa se prepara para vivir la 5ta. Edici\u00f3n de la &quot;Copa Maravilla del Mundo&quot; | CVI NOTICIAS\" \/>\n<meta property=\"og:description\" content=\"La Copa Maravilla del Mundo, uno de los torneos de f\u00fatbol infantil m\u00e1s importantes de la regi\u00f3n, anuncia su 5\u00aa edici\u00f3n para septiembre de este a\u00f1o. La competencia contar\u00e1 con la participaci\u00f3n de equipos de car\u00e1cter, nacional e internacional. La Copa Maravilla del Mundo busca promover el desarrollo del f\u00fatbol infantil y ofrecer una plataforma [&hellip;]\" \/>\n<meta property=\"og:url\" content=\"https:\/\/cvinoticias.com\/v3\/iguazu-se-prepara-para-vivir-la-5ta-edicion-de-la-copa-maravilla-del-mundo\/\" \/>\n<meta property=\"og:site_name\" content=\"CVI NOTICIAS\" \/>\n<meta property=\"article:publisher\" content=\"https:\/\/www.facebook.com\/cvinoticias\" \/>\n<meta property=\"article:published_time\" content=\"2024-08-22T19:19:41+00:00\" \/>\n<meta property=\"article:modified_time\" content=\"2024-08-22T19:19:42+00:00\" \/>\n<meta property=\"og:image\" content=\"https:\/\/cvinoticias.com\/wp-content\/uploads\/2024\/08\/Screenshot_20240822-150354.png\" \/>\n\t<meta property=\"og:image:width\" content=\"1080\" \/>\n\t<meta property=\"og:image:height\" content=\"1569\" \/>\n\t<meta property=\"og:image:type\" content=\"image\/png\" \/>\n<meta name=\"author\" content=\"f1000024\" \/>\n<meta name=\"twitter:card\" content=\"summary_large_image\" \/>\n<meta name=\"twitter:label1\" content=\"Escrito por\" \/>\n\t<meta name=\"twitter:data1\" content=\"f1000024\" \/>\n\t<meta name=\"twitter:label2\" content=\"Tiempo de lectura\" \/>\n\t<meta name=\"twitter:data2\" content=\"1 minuto\" \/>\n<script type=\"application\/ld+json\" class=\"yoast-schema-graph\">{\"@context\":\"https:\\\/\\\/schema.org\",\"@graph\":[{\"@type\":\"Article\",\"@id\":\"https:\\\/\\\/cvinoticias.com\\\/v3\\\/iguazu-se-prepara-para-vivir-la-5ta-edicion-de-la-copa-maravilla-del-mundo\\\/#article\",\"isPartOf\":{\"@id\":\"https:\\\/\\\/cvinoticias.com\\\/v3\\\/iguazu-se-prepara-para-vivir-la-5ta-edicion-de-la-copa-maravilla-del-mundo\\\/\"},\"author\":{\"name\":\"f1000024\",\"@id\":\"https:\\\/\\\/cvinoticias.com\\\/v3\\\/#\\\/schema\\\/person\\\/2db77e3c6bc03c538495d7b2b8be9b66\"},\"headline\":\"Iguaz\u00fa se prepara para vivir la 5ta. Edici\u00f3n de la \u00abCopa Maravilla del Mundo\u00bb\",\"datePublished\":\"2024-08-22T19:19:41+00:00\",\"dateModified\":\"2024-08-22T19:19:42+00:00\",\"mainEntityOfPage\":{\"@id\":\"https:\\\/\\\/cvinoticias.com\\\/v3\\\/iguazu-se-prepara-para-vivir-la-5ta-edicion-de-la-copa-maravilla-del-mundo\\\/\"},\"wordCount\":108,\"commentCount\":0,\"publisher\":{\"@id\":\"https:\\\/\\\/cvinoticias.com\\\/v3\\\/#organization\"},\"image\":{\"@id\":\"https:\\\/\\\/cvinoticias.com\\\/v3\\\/iguazu-se-prepara-para-vivir-la-5ta-edicion-de-la-copa-maravilla-del-mundo\\\/#primaryimage\"},\"thumbnailUrl\":\"https:\\\/\\\/cvinoticias.com\\\/wp-content\\\/uploads\\\/2024\\\/08\\\/Screenshot_20240822-150354.png\",\"inLanguage\":\"es\",\"potentialAction\":[{\"@type\":\"CommentAction\",\"name\":\"Comment\",\"target\":[\"https:\\\/\\\/cvinoticias.com\\\/v3\\\/iguazu-se-prepara-para-vivir-la-5ta-edicion-de-la-copa-maravilla-del-mundo\\\/#respond\"]}]},{\"@type\":\"WebPage\",\"@id\":\"https:\\\/\\\/cvinoticias.com\\\/v3\\\/iguazu-se-prepara-para-vivir-la-5ta-edicion-de-la-copa-maravilla-del-mundo\\\/\",\"url\":\"https:\\\/\\\/cvinoticias.com\\\/v3\\\/iguazu-se-prepara-para-vivir-la-5ta-edicion-de-la-copa-maravilla-del-mundo\\\/\",\"name\":\"Iguaz\u00fa se prepara para vivir la 5ta. Edici\u00f3n de la \\\"Copa Maravilla del Mundo\\\" | CVI NOTICIAS\",\"isPartOf\":{\"@id\":\"https:\\\/\\\/cvinoticias.com\\\/v3\\\/#website\"},\"primaryImageOfPage\":{\"@id\":\"https:\\\/\\\/cvinoticias.com\\\/v3\\\/iguazu-se-prepara-para-vivir-la-5ta-edicion-de-la-copa-maravilla-del-mundo\\\/#primaryimage\"},\"image\":{\"@id\":\"https:\\\/\\\/cvinoticias.com\\\/v3\\\/iguazu-se-prepara-para-vivir-la-5ta-edicion-de-la-copa-maravilla-del-mundo\\\/#primaryimage\"},\"thumbnailUrl\":\"https:\\\/\\\/cvinoticias.com\\\/wp-content\\\/uploads\\\/2024\\\/08\\\/Screenshot_20240822-150354.png\",\"datePublished\":\"2024-08-22T19:19:41+00:00\",\"dateModified\":\"2024-08-22T19:19:42+00:00\",\"breadcrumb\":{\"@id\":\"https:\\\/\\\/cvinoticias.com\\\/v3\\\/iguazu-se-prepara-para-vivir-la-5ta-edicion-de-la-copa-maravilla-del-mundo\\\/#breadcrumb\"},\"inLanguage\":\"es\",\"potentialAction\":[{\"@type\":\"ReadAction\",\"target\":[\"https:\\\/\\\/cvinoticias.com\\\/v3\\\/iguazu-se-prepara-para-vivir-la-5ta-edicion-de-la-copa-maravilla-del-mundo\\\/\"]}]},{\"@type\":\"ImageObject\",\"inLanguage\":\"es\",\"@id\":\"https:\\\/\\\/cvinoticias.com\\\/v3\\\/iguazu-se-prepara-para-vivir-la-5ta-edicion-de-la-copa-maravilla-del-mundo\\\/#primaryimage\",\"url\":\"https:\\\/\\\/cvinoticias.com\\\/wp-content\\\/uploads\\\/2024\\\/08\\\/Screenshot_20240822-150354.png\",\"contentUrl\":\"https:\\\/\\\/cvinoticias.com\\\/wp-content\\\/uploads\\\/2024\\\/08\\\/Screenshot_20240822-150354.png\",\"width\":1080,\"height\":1569},{\"@type\":\"BreadcrumbList\",\"@id\":\"https:\\\/\\\/cvinoticias.com\\\/v3\\\/iguazu-se-prepara-para-vivir-la-5ta-edicion-de-la-copa-maravilla-del-mundo\\\/#breadcrumb\",\"itemListElement\":[{\"@type\":\"ListItem\",\"position\":1,\"name\":\"Portada\",\"item\":\"https:\\\/\\\/cvinoticias.com\\\/v3\\\/\"},{\"@type\":\"ListItem\",\"position\":2,\"name\":\"Iguaz\u00fa se prepara para vivir la 5ta. Edici\u00f3n de la \u00abCopa Maravilla del Mundo\u00bb\"}]},{\"@type\":\"WebSite\",\"@id\":\"https:\\\/\\\/cvinoticias.com\\\/v3\\\/#website\",\"url\":\"https:\\\/\\\/cvinoticias.com\\\/v3\\\/\",\"name\":\"CVI NOTICIAS\",\"description\":\"\",\"publisher\":{\"@id\":\"https:\\\/\\\/cvinoticias.com\\\/v3\\\/#organization\"},\"alternateName\":\"CVI\",\"potentialAction\":[{\"@type\":\"SearchAction\",\"target\":{\"@type\":\"EntryPoint\",\"urlTemplate\":\"https:\\\/\\\/cvinoticias.com\\\/v3\\\/?s={search_term_string}\"},\"query-input\":{\"@type\":\"PropertyValueSpecification\",\"valueRequired\":true,\"valueName\":\"search_term_string\"}}],\"inLanguage\":\"es\"},{\"@type\":\"Organization\",\"@id\":\"https:\\\/\\\/cvinoticias.com\\\/v3\\\/#organization\",\"name\":\"CVI NOTICIAS\",\"url\":\"https:\\\/\\\/cvinoticias.com\\\/v3\\\/\",\"logo\":{\"@type\":\"ImageObject\",\"inLanguage\":\"es\",\"@id\":\"https:\\\/\\\/cvinoticias.com\\\/v3\\\/#\\\/schema\\\/logo\\\/image\\\/\",\"url\":\"https:\\\/\\\/cvinoticias.com\\\/wp-content\\\/uploads\\\/2023\\\/04\\\/cropped-cropped-cropped-cropped-cropped-3-1.png\",\"contentUrl\":\"https:\\\/\\\/cvinoticias.com\\\/wp-content\\\/uploads\\\/2023\\\/04\\\/cropped-cropped-cropped-cropped-cropped-3-1.png\",\"width\":95,\"height\":122,\"caption\":\"CVI NOTICIAS\"},\"image\":{\"@id\":\"https:\\\/\\\/cvinoticias.com\\\/v3\\\/#\\\/schema\\\/logo\\\/image\\\/\"},\"sameAs\":[\"https:\\\/\\\/www.facebook.com\\\/cvinoticias\",\"https:\\\/\\\/www.instagram.com\\\/cvinoticias\\\/\",\"https:\\\/\\\/www.youtube.com\\\/@CVINOTICIAS\"]},{\"@type\":\"Person\",\"@id\":\"https:\\\/\\\/cvinoticias.com\\\/v3\\\/#\\\/schema\\\/person\\\/2db77e3c6bc03c538495d7b2b8be9b66\",\"name\":\"f1000024\",\"image\":{\"@type\":\"ImageObject\",\"inLanguage\":\"es\",\"@id\":\"https:\\\/\\\/secure.gravatar.com\\\/avatar\\\/d4fe7459cfc51ff5129ce1a732bbef5928568b8092d412ef95611616376bbeed?s=96&d=mm&r=g\",\"url\":\"https:\\\/\\\/secure.gravatar.com\\\/avatar\\\/d4fe7459cfc51ff5129ce1a732bbef5928568b8092d412ef95611616376bbeed?s=96&d=mm&r=g\",\"contentUrl\":\"https:\\\/\\\/secure.gravatar.com\\\/avatar\\\/d4fe7459cfc51ff5129ce1a732bbef5928568b8092d412ef95611616376bbeed?s=96&d=mm&r=g\",\"caption\":\"f1000024\"},\"url\":\"https:\\\/\\\/cvinoticias.com\\\/v3\\\/author\\\/f1000024\\\/\"}]}<\/script>\n<!-- \/ Yoast SEO plugin. -->","yoast_head_json":{"title":"Iguaz\u00fa se prepara para vivir la 5ta. Edici\u00f3n de la \"Copa Maravilla del Mundo\" | CVI NOTICIAS","robots":{"index":"index","follow":"follow","max-snippet":"max-snippet:-1","max-image-preview":"max-image-preview:large","max-video-preview":"max-video-preview:-1"},"canonical":"https:\/\/cvinoticias.com\/v3\/iguazu-se-prepara-para-vivir-la-5ta-edicion-de-la-copa-maravilla-del-mundo\/","og_locale":"es_ES","og_type":"article","og_title":"Iguaz\u00fa se prepara para vivir la 5ta. Edici\u00f3n de la \"Copa Maravilla del Mundo\" | CVI NOTICIAS","og_description":"La Copa Maravilla del Mundo, uno de los torneos de f\u00fatbol infantil m\u00e1s importantes de la regi\u00f3n, anuncia su 5\u00aa edici\u00f3n para septiembre de este a\u00f1o. La competencia contar\u00e1 con la participaci\u00f3n de equipos de car\u00e1cter, nacional e internacional. La Copa Maravilla del Mundo busca promover el desarrollo del f\u00fatbol infantil y ofrecer una plataforma [&hellip;]","og_url":"https:\/\/cvinoticias.com\/v3\/iguazu-se-prepara-para-vivir-la-5ta-edicion-de-la-copa-maravilla-del-mundo\/","og_site_name":"CVI NOTICIAS","article_publisher":"https:\/\/www.facebook.com\/cvinoticias","article_published_time":"2024-08-22T19:19:41+00:00","article_modified_time":"2024-08-22T19:19:42+00:00","og_image":[{"width":1080,"height":1569,"url":"https:\/\/cvinoticias.com\/wp-content\/uploads\/2024\/08\/Screenshot_20240822-150354.png","type":"image\/png"}],"author":"f1000024","twitter_card":"summary_large_image","twitter_misc":{"Escrito por":"f1000024","Tiempo de lectura":"1 minuto"},"schema":{"@context":"https:\/\/schema.org","@graph":[{"@type":"Article","@id":"https:\/\/cvinoticias.com\/v3\/iguazu-se-prepara-para-vivir-la-5ta-edicion-de-la-copa-maravilla-del-mundo\/#article","isPartOf":{"@id":"https:\/\/cvinoticias.com\/v3\/iguazu-se-prepara-para-vivir-la-5ta-edicion-de-la-copa-maravilla-del-mundo\/"},"author":{"name":"f1000024","@id":"https:\/\/cvinoticias.com\/v3\/#\/schema\/person\/2db77e3c6bc03c538495d7b2b8be9b66"},"headline":"Iguaz\u00fa se prepara para vivir la 5ta. Edici\u00f3n de la \u00abCopa Maravilla del Mundo\u00bb","datePublished":"2024-08-22T19:19:41+00:00","dateModified":"2024-08-22T19:19:42+00:00","mainEntityOfPage":{"@id":"https:\/\/cvinoticias.com\/v3\/iguazu-se-prepara-para-vivir-la-5ta-edicion-de-la-copa-maravilla-del-mundo\/"},"wordCount":108,"commentCount":0,"publisher":{"@id":"https:\/\/cvinoticias.com\/v3\/#organization"},"image":{"@id":"https:\/\/cvinoticias.com\/v3\/iguazu-se-prepara-para-vivir-la-5ta-edicion-de-la-copa-maravilla-del-mundo\/#primaryimage"},"thumbnailUrl":"https:\/\/cvinoticias.com\/wp-content\/uploads\/2024\/08\/Screenshot_20240822-150354.png","inLanguage":"es","potentialAction":[{"@type":"CommentAction","name":"Comment","target":["https:\/\/cvinoticias.com\/v3\/iguazu-se-prepara-para-vivir-la-5ta-edicion-de-la-copa-maravilla-del-mundo\/#respond"]}]},{"@type":"WebPage","@id":"https:\/\/cvinoticias.com\/v3\/iguazu-se-prepara-para-vivir-la-5ta-edicion-de-la-copa-maravilla-del-mundo\/","url":"https:\/\/cvinoticias.com\/v3\/iguazu-se-prepara-para-vivir-la-5ta-edicion-de-la-copa-maravilla-del-mundo\/","name":"Iguaz\u00fa se prepara para vivir la 5ta. Edici\u00f3n de la \"Copa Maravilla del Mundo\" | CVI NOTICIAS","isPartOf":{"@id":"https:\/\/cvinoticias.com\/v3\/#website"},"primaryImageOfPage":{"@id":"https:\/\/cvinoticias.com\/v3\/iguazu-se-prepara-para-vivir-la-5ta-edicion-de-la-copa-maravilla-del-mundo\/#primaryimage"},"image":{"@id":"https:\/\/cvinoticias.com\/v3\/iguazu-se-prepara-para-vivir-la-5ta-edicion-de-la-copa-maravilla-del-mundo\/#primaryimage"},"thumbnailUrl":"https:\/\/cvinoticias.com\/wp-content\/uploads\/2024\/08\/Screenshot_20240822-150354.png","datePublished":"2024-08-22T19:19:41+00:00","dateModified":"2024-08-22T19:19:42+00:00","breadcrumb":{"@id":"https:\/\/cvinoticias.com\/v3\/iguazu-se-prepara-para-vivir-la-5ta-edicion-de-la-copa-maravilla-del-mundo\/#breadcrumb"},"inLanguage":"es","potentialAction":[{"@type":"ReadAction","target":["https:\/\/cvinoticias.com\/v3\/iguazu-se-prepara-para-vivir-la-5ta-edicion-de-la-copa-maravilla-del-mundo\/"]}]},{"@type":"ImageObject","inLanguage":"es","@id":"https:\/\/cvinoticias.com\/v3\/iguazu-se-prepara-para-vivir-la-5ta-edicion-de-la-copa-maravilla-del-mundo\/#primaryimage","url":"https:\/\/cvinoticias.com\/wp-content\/uploads\/2024\/08\/Screenshot_20240822-150354.png","contentUrl":"https:\/\/cvinoticias.com\/wp-content\/uploads\/2024\/08\/Screenshot_20240822-150354.png","width":1080,"height":1569},{"@type":"BreadcrumbList","@id":"https:\/\/cvinoticias.com\/v3\/iguazu-se-prepara-para-vivir-la-5ta-edicion-de-la-copa-maravilla-del-mundo\/#breadcrumb","itemListElement":[{"@type":"ListItem","position":1,"name":"Portada","item":"https:\/\/cvinoticias.com\/v3\/"},{"@type":"ListItem","position":2,"name":"Iguaz\u00fa se prepara para vivir la 5ta. Edici\u00f3n de la \u00abCopa Maravilla del Mundo\u00bb"}]},{"@type":"WebSite","@id":"https:\/\/cvinoticias.com\/v3\/#website","url":"https:\/\/cvinoticias.com\/v3\/","name":"CVI NOTICIAS","description":"","publisher":{"@id":"https:\/\/cvinoticias.com\/v3\/#organization"},"alternateName":"CVI","potentialAction":[{"@type":"SearchAction","target":{"@type":"EntryPoint","urlTemplate":"https:\/\/cvinoticias.com\/v3\/?s={search_term_string}"},"query-input":{"@type":"PropertyValueSpecification","valueRequired":true,"valueName":"search_term_string"}}],"inLanguage":"es"},{"@type":"Organization","@id":"https:\/\/cvinoticias.com\/v3\/#organization","name":"CVI NOTICIAS","url":"https:\/\/cvinoticias.com\/v3\/","logo":{"@type":"ImageObject","inLanguage":"es","@id":"https:\/\/cvinoticias.com\/v3\/#\/schema\/logo\/image\/","url":"https:\/\/cvinoticias.com\/wp-content\/uploads\/2023\/04\/cropped-cropped-cropped-cropped-cropped-3-1.png","contentUrl":"https:\/\/cvinoticias.com\/wp-content\/uploads\/2023\/04\/cropped-cropped-cropped-cropped-cropped-3-1.png","width":95,"height":122,"caption":"CVI NOTICIAS"},"image":{"@id":"https:\/\/cvinoticias.com\/v3\/#\/schema\/logo\/image\/"},"sameAs":["https:\/\/www.facebook.com\/cvinoticias","https:\/\/www.instagram.com\/cvinoticias\/","https:\/\/www.youtube.com\/@CVINOTICIAS"]},{"@type":"Person","@id":"https:\/\/cvinoticias.com\/v3\/#\/schema\/person\/2db77e3c6bc03c538495d7b2b8be9b66","name":"f1000024","image":{"@type":"ImageObject","inLanguage":"es","@id":"https:\/\/secure.gravatar.com\/avatar\/d4fe7459cfc51ff5129ce1a732bbef5928568b8092d412ef95611616376bbeed?s=96&d=mm&r=g","url":"https:\/\/secure.gravatar.com\/avatar\/d4fe7459cfc51ff5129ce1a732bbef5928568b8092d412ef95611616376bbeed?s=96&d=mm&r=g","contentUrl":"https:\/\/secure.gravatar.com\/avatar\/d4fe7459cfc51ff5129ce1a732bbef5928568b8092d412ef95611616376bbeed?s=96&d=mm&r=g","caption":"f1000024"},"url":"https:\/\/cvinoticias.com\/v3\/author\/f1000024\/"}]}},"_links":{"self":[{"href":"https:\/\/cvinoticias.com\/v3\/wp-json\/wp\/v2\/posts\/35629","targetHints":{"allow":["GET"]}}],"collection":[{"href":"https:\/\/cvinoticias.com\/v3\/wp-json\/wp\/v2\/posts"}],"about":[{"href":"https:\/\/cvinoticias.com\/v3\/wp-json\/wp\/v2\/types\/post"}],"author":[{"embeddable":true,"href":"https:\/\/cvinoticias.com\/v3\/wp-json\/wp\/v2\/users\/2"}],"replies":[{"embeddable":true,"href":"https:\/\/cvinoticias.com\/v3\/wp-json\/wp\/v2\/comments?post=35629"}],"version-history":[{"count":1,"href":"https:\/\/cvinoticias.com\/v3\/wp-json\/wp\/v2\/posts\/35629\/revisions"}],"predecessor-version":[{"id":35631,"href":"https:\/\/cvinoticias.com\/v3\/wp-json\/wp\/v2\/posts\/35629\/revisions\/35631"}],"wp:featuredmedia":[{"embeddable":true,"href":"https:\/\/cvinoticias.com\/v3\/wp-json\/wp\/v2\/media\/35630"}],"wp:attachment":[{"href":"https:\/\/cvinoticias.com\/v3\/wp-json\/wp\/v2\/media?parent=35629"}],"wp:term":[{"taxonomy":"category","embeddable":true,"href":"https:\/\/cvinoticias.com\/v3\/wp-json\/wp\/v2\/categories?post=35629"},{"taxonomy":"post_tag","embeddable":true,"href":"https:\/\/cvinoticias.com\/v3\/wp-json\/wp\/v2\/tags?post=35629"}],"curies":[{"name":"wp","href":"https:\/\/api.w.org\/{rel}","templated":true}]}}