{"id":35616,"date":"2024-08-22T12:34:11","date_gmt":"2024-08-22T15:34:11","guid":{"rendered":"https:\/\/cvinoticias.com\/v3\/?p=35616"},"modified":"2024-08-22T12:34:12","modified_gmt":"2024-08-22T15:34:12","slug":"cambio-climatico-se-llevara-a-cabo-la-pre-cop29-en-misiones","status":"publish","type":"post","link":"https:\/\/cvinoticias.com\/v3\/cambio-climatico-se-llevara-a-cabo-la-pre-cop29-en-misiones\/","title":{"rendered":"CAMBIO CLIM\u00c1TICO: Se llevar\u00e1 a cabo la PRE COP29 en Misiones"},"content":{"rendered":"\n<p><strong>El 9 y 10 de octubre de 2024, Posadas ser\u00e1 el escenario del intercambio de estrategias en vista a la Convenci\u00f3n Marco de las Naciones Unidas sobre el Cambio Clim\u00e1tico (CMNUCC).<\/strong><\/p>\n\n\n\n<figure class=\"wp-block-gallery has-nested-images columns-default is-cropped wp-block-gallery-1 is-layout-flex wp-block-gallery-is-layout-flex\">\n<figure class=\"wp-block-image size-large\"><a href=\"https:\/\/cvinoticias.com\/wp-content\/uploads\/2024\/08\/cambio-1.png\"><img decoding=\"async\" width=\"1024\" height=\"970\" data-id=\"35617\" data-src=\"https:\/\/cvinoticias.com\/wp-content\/uploads\/2024\/08\/cambio-1.png\" alt=\"\" class=\"wp-image-35617 lazyload\" data-srcset=\"https:\/\/cvinoticias.com\/wp-content\/uploads\/2024\/08\/cambio-1.png 1024w, https:\/\/cvinoticias.com\/wp-content\/uploads\/2024\/08\/cambio-1-300x284.png 300w, https:\/\/cvinoticias.com\/wp-content\/uploads\/2024\/08\/cambio-1-768x728.png 768w\" data-sizes=\"(max-width: 1024px) 100vw, 1024px\" src=\"data:image\/svg+xml;base64,PHN2ZyB3aWR0aD0iMSIgaGVpZ2h0PSIxIiB4bWxucz0iaHR0cDovL3d3dy53My5vcmcvMjAwMC9zdmciPjwvc3ZnPg==\" style=\"--smush-placeholder-width: 1024px; --smush-placeholder-aspect-ratio: 1024\/970;\" \/><\/a><\/figure>\n<\/figure>\n\n\n\n<p> encuentro es esencial para definir estrategias, fomentar la cooperaci\u00f3n y consolidar compromisos antes de la COP29 Azerbaijan que se celebrar\u00e1 en la ciudad de  Bak\u00fa a finales de este a\u00f1o.<\/p>\n\n\n\n<p><strong>La Conferencia de las Partes (COP) es el grupo de naciones que han firmado la Convenci\u00f3n Marco de las Naciones Unidas sobre el Cambio Clim\u00e1tico (CMNUCC) en 1992. En ella se comprometen a actuar conjuntamente para estabilizar las concentraciones de gases de efecto invernadero \u00aba un nivel que impida interferencias antrop\u00f3genas (inducidas por el hombre) peligrosas en el sistema clim\u00e1tico\u00bb. Desde entonces, las Partes, o naciones, se han reunido casi anualmente.<\/strong><\/p>\n\n\n\n<p>La \u00faltima COP, la COP28, se celebr\u00f3 el a\u00f1o pasado en Dub\u00e1i y fue la COP sobre el clima con mayor asistencia de la historia: reuni\u00f3 a 97 000 delegados y m\u00e1s de 150 jefes de Estado, junto con negociadores, l\u00edderes empresariales y agentes no estatales.<\/p>\n\n\n\n<p> La conclusi\u00f3n del primer Global Stock Take (GST, una revisi\u00f3n de los avances hacia el Acuerdo de Par\u00eds de 2015) fue el resultado clave del evento y la conferencia hizo hincapi\u00e9 en la necesidad de una acci\u00f3n decidida para avanzar en energ\u00edas renovables, una transici\u00f3n justa y m\u00e1s.<\/p>\n","protected":false},"excerpt":{"rendered":"<p>El 9 y 10 de octubre de 2024, Posadas ser\u00e1 el escenario del intercambio de estrategias en vista a la Convenci\u00f3n Marco de las Naciones Unidas sobre el Cambio Clim\u00e1tico (CMNUCC). encuentro es esencial para definir estrategias, fomentar la cooperaci\u00f3n y consolidar compromisos antes de la COP29 Azerbaijan que se celebrar\u00e1 en la ciudad de [&hellip;]<\/p>\n","protected":false},"author":2,"featured_media":35618,"comment_status":"open","ping_status":"open","sticky":false,"template":"","format":"standard","meta":{"footnotes":""},"categories":[43],"tags":[],"class_list":["post-35616","post","type-post","status-publish","format-standard","has-post-thumbnail","hentry","category-provinciales"],"yoast_head":"<!-- This site is optimized with the Yoast SEO plugin v27.4 - https:\/\/yoast.com\/product\/yoast-seo-wordpress\/ -->\n<title>CAMBIO CLIM\u00c1TICO: Se llevar\u00e1 a cabo la PRE COP29 en Misiones | CVI NOTICIAS<\/title>\n<meta name=\"robots\" content=\"index, follow, max-snippet:-1, max-image-preview:large, max-video-preview:-1\" \/>\n<link rel=\"canonical\" href=\"https:\/\/cvinoticias.com\/v3\/cambio-climatico-se-llevara-a-cabo-la-pre-cop29-en-misiones\/\" \/>\n<meta property=\"og:locale\" content=\"es_ES\" \/>\n<meta property=\"og:type\" content=\"article\" \/>\n<meta property=\"og:title\" content=\"CAMBIO CLIM\u00c1TICO: Se llevar\u00e1 a cabo la PRE COP29 en Misiones | CVI NOTICIAS\" \/>\n<meta property=\"og:description\" content=\"El 9 y 10 de octubre de 2024, Posadas ser\u00e1 el escenario del intercambio de estrategias en vista a la Convenci\u00f3n Marco de las Naciones Unidas sobre el Cambio Clim\u00e1tico (CMNUCC). encuentro es esencial para definir estrategias, fomentar la cooperaci\u00f3n y consolidar compromisos antes de la COP29 Azerbaijan que se celebrar\u00e1 en la ciudad de [&hellip;]\" \/>\n<meta property=\"og:url\" content=\"https:\/\/cvinoticias.com\/v3\/cambio-climatico-se-llevara-a-cabo-la-pre-cop29-en-misiones\/\" \/>\n<meta property=\"og:site_name\" content=\"CVI NOTICIAS\" \/>\n<meta property=\"article:publisher\" content=\"https:\/\/www.facebook.com\/cvinoticias\" \/>\n<meta property=\"article:published_time\" content=\"2024-08-22T15:34:11+00:00\" \/>\n<meta property=\"article:modified_time\" content=\"2024-08-22T15:34:12+00:00\" \/>\n<meta property=\"og:image\" content=\"https:\/\/cvinoticias.com\/wp-content\/uploads\/2024\/08\/Captura-de-Pantalla-2024-08-13-a-las-19.08.53-1000x703-1.png\" \/>\n\t<meta property=\"og:image:width\" content=\"1000\" \/>\n\t<meta property=\"og:image:height\" content=\"703\" \/>\n\t<meta property=\"og:image:type\" content=\"image\/png\" \/>\n<meta name=\"author\" content=\"f1000024\" \/>\n<meta name=\"twitter:card\" content=\"summary_large_image\" \/>\n<meta name=\"twitter:label1\" content=\"Escrito por\" \/>\n\t<meta name=\"twitter:data1\" content=\"f1000024\" \/>\n\t<meta name=\"twitter:label2\" content=\"Tiempo de lectura\" \/>\n\t<meta name=\"twitter:data2\" content=\"2 minutos\" \/>\n<script type=\"application\/ld+json\" class=\"yoast-schema-graph\">{\"@context\":\"https:\\\/\\\/schema.org\",\"@graph\":[{\"@type\":\"Article\",\"@id\":\"https:\\\/\\\/cvinoticias.com\\\/v3\\\/cambio-climatico-se-llevara-a-cabo-la-pre-cop29-en-misiones\\\/#article\",\"isPartOf\":{\"@id\":\"https:\\\/\\\/cvinoticias.com\\\/v3\\\/cambio-climatico-se-llevara-a-cabo-la-pre-cop29-en-misiones\\\/\"},\"author\":{\"name\":\"f1000024\",\"@id\":\"https:\\\/\\\/cvinoticias.com\\\/v3\\\/#\\\/schema\\\/person\\\/2db77e3c6bc03c538495d7b2b8be9b66\"},\"headline\":\"CAMBIO CLIM\u00c1TICO: Se llevar\u00e1 a cabo la PRE COP29 en Misiones\",\"datePublished\":\"2024-08-22T15:34:11+00:00\",\"dateModified\":\"2024-08-22T15:34:12+00:00\",\"mainEntityOfPage\":{\"@id\":\"https:\\\/\\\/cvinoticias.com\\\/v3\\\/cambio-climatico-se-llevara-a-cabo-la-pre-cop29-en-misiones\\\/\"},\"wordCount\":249,\"commentCount\":0,\"publisher\":{\"@id\":\"https:\\\/\\\/cvinoticias.com\\\/v3\\\/#organization\"},\"image\":{\"@id\":\"https:\\\/\\\/cvinoticias.com\\\/v3\\\/cambio-climatico-se-llevara-a-cabo-la-pre-cop29-en-misiones\\\/#primaryimage\"},\"thumbnailUrl\":\"https:\\\/\\\/cvinoticias.com\\\/wp-content\\\/uploads\\\/2024\\\/08\\\/Captura-de-Pantalla-2024-08-13-a-las-19.08.53-1000x703-1.png\",\"articleSection\":[\"Provinciales\"],\"inLanguage\":\"es\",\"potentialAction\":[{\"@type\":\"CommentAction\",\"name\":\"Comment\",\"target\":[\"https:\\\/\\\/cvinoticias.com\\\/v3\\\/cambio-climatico-se-llevara-a-cabo-la-pre-cop29-en-misiones\\\/#respond\"]}]},{\"@type\":\"WebPage\",\"@id\":\"https:\\\/\\\/cvinoticias.com\\\/v3\\\/cambio-climatico-se-llevara-a-cabo-la-pre-cop29-en-misiones\\\/\",\"url\":\"https:\\\/\\\/cvinoticias.com\\\/v3\\\/cambio-climatico-se-llevara-a-cabo-la-pre-cop29-en-misiones\\\/\",\"name\":\"CAMBIO CLIM\u00c1TICO: Se llevar\u00e1 a cabo la PRE COP29 en Misiones | CVI NOTICIAS\",\"isPartOf\":{\"@id\":\"https:\\\/\\\/cvinoticias.com\\\/v3\\\/#website\"},\"primaryImageOfPage\":{\"@id\":\"https:\\\/\\\/cvinoticias.com\\\/v3\\\/cambio-climatico-se-llevara-a-cabo-la-pre-cop29-en-misiones\\\/#primaryimage\"},\"image\":{\"@id\":\"https:\\\/\\\/cvinoticias.com\\\/v3\\\/cambio-climatico-se-llevara-a-cabo-la-pre-cop29-en-misiones\\\/#primaryimage\"},\"thumbnailUrl\":\"https:\\\/\\\/cvinoticias.com\\\/wp-content\\\/uploads\\\/2024\\\/08\\\/Captura-de-Pantalla-2024-08-13-a-las-19.08.53-1000x703-1.png\",\"datePublished\":\"2024-08-22T15:34:11+00:00\",\"dateModified\":\"2024-08-22T15:34:12+00:00\",\"breadcrumb\":{\"@id\":\"https:\\\/\\\/cvinoticias.com\\\/v3\\\/cambio-climatico-se-llevara-a-cabo-la-pre-cop29-en-misiones\\\/#breadcrumb\"},\"inLanguage\":\"es\",\"potentialAction\":[{\"@type\":\"ReadAction\",\"target\":[\"https:\\\/\\\/cvinoticias.com\\\/v3\\\/cambio-climatico-se-llevara-a-cabo-la-pre-cop29-en-misiones\\\/\"]}]},{\"@type\":\"ImageObject\",\"inLanguage\":\"es\",\"@id\":\"https:\\\/\\\/cvinoticias.com\\\/v3\\\/cambio-climatico-se-llevara-a-cabo-la-pre-cop29-en-misiones\\\/#primaryimage\",\"url\":\"https:\\\/\\\/cvinoticias.com\\\/wp-content\\\/uploads\\\/2024\\\/08\\\/Captura-de-Pantalla-2024-08-13-a-las-19.08.53-1000x703-1.png\",\"contentUrl\":\"https:\\\/\\\/cvinoticias.com\\\/wp-content\\\/uploads\\\/2024\\\/08\\\/Captura-de-Pantalla-2024-08-13-a-las-19.08.53-1000x703-1.png\",\"width\":1000,\"height\":703},{\"@type\":\"BreadcrumbList\",\"@id\":\"https:\\\/\\\/cvinoticias.com\\\/v3\\\/cambio-climatico-se-llevara-a-cabo-la-pre-cop29-en-misiones\\\/#breadcrumb\",\"itemListElement\":[{\"@type\":\"ListItem\",\"position\":1,\"name\":\"Portada\",\"item\":\"https:\\\/\\\/cvinoticias.com\\\/v3\\\/\"},{\"@type\":\"ListItem\",\"position\":2,\"name\":\"CAMBIO CLIM\u00c1TICO: Se llevar\u00e1 a cabo la PRE COP29 en Misiones\"}]},{\"@type\":\"WebSite\",\"@id\":\"https:\\\/\\\/cvinoticias.com\\\/v3\\\/#website\",\"url\":\"https:\\\/\\\/cvinoticias.com\\\/v3\\\/\",\"name\":\"CVI NOTICIAS\",\"description\":\"\",\"publisher\":{\"@id\":\"https:\\\/\\\/cvinoticias.com\\\/v3\\\/#organization\"},\"alternateName\":\"CVI\",\"potentialAction\":[{\"@type\":\"SearchAction\",\"target\":{\"@type\":\"EntryPoint\",\"urlTemplate\":\"https:\\\/\\\/cvinoticias.com\\\/v3\\\/?s={search_term_string}\"},\"query-input\":{\"@type\":\"PropertyValueSpecification\",\"valueRequired\":true,\"valueName\":\"search_term_string\"}}],\"inLanguage\":\"es\"},{\"@type\":\"Organization\",\"@id\":\"https:\\\/\\\/cvinoticias.com\\\/v3\\\/#organization\",\"name\":\"CVI NOTICIAS\",\"url\":\"https:\\\/\\\/cvinoticias.com\\\/v3\\\/\",\"logo\":{\"@type\":\"ImageObject\",\"inLanguage\":\"es\",\"@id\":\"https:\\\/\\\/cvinoticias.com\\\/v3\\\/#\\\/schema\\\/logo\\\/image\\\/\",\"url\":\"https:\\\/\\\/cvinoticias.com\\\/wp-content\\\/uploads\\\/2023\\\/04\\\/cropped-cropped-cropped-cropped-cropped-3-1.png\",\"contentUrl\":\"https:\\\/\\\/cvinoticias.com\\\/wp-content\\\/uploads\\\/2023\\\/04\\\/cropped-cropped-cropped-cropped-cropped-3-1.png\",\"width\":95,\"height\":122,\"caption\":\"CVI NOTICIAS\"},\"image\":{\"@id\":\"https:\\\/\\\/cvinoticias.com\\\/v3\\\/#\\\/schema\\\/logo\\\/image\\\/\"},\"sameAs\":[\"https:\\\/\\\/www.facebook.com\\\/cvinoticias\",\"https:\\\/\\\/www.instagram.com\\\/cvinoticias\\\/\",\"https:\\\/\\\/www.youtube.com\\\/@CVINOTICIAS\"]},{\"@type\":\"Person\",\"@id\":\"https:\\\/\\\/cvinoticias.com\\\/v3\\\/#\\\/schema\\\/person\\\/2db77e3c6bc03c538495d7b2b8be9b66\",\"name\":\"f1000024\",\"image\":{\"@type\":\"ImageObject\",\"inLanguage\":\"es\",\"@id\":\"https:\\\/\\\/secure.gravatar.com\\\/avatar\\\/d4fe7459cfc51ff5129ce1a732bbef5928568b8092d412ef95611616376bbeed?s=96&d=mm&r=g\",\"url\":\"https:\\\/\\\/secure.gravatar.com\\\/avatar\\\/d4fe7459cfc51ff5129ce1a732bbef5928568b8092d412ef95611616376bbeed?s=96&d=mm&r=g\",\"contentUrl\":\"https:\\\/\\\/secure.gravatar.com\\\/avatar\\\/d4fe7459cfc51ff5129ce1a732bbef5928568b8092d412ef95611616376bbeed?s=96&d=mm&r=g\",\"caption\":\"f1000024\"},\"url\":\"https:\\\/\\\/cvinoticias.com\\\/v3\\\/author\\\/f1000024\\\/\"}]}<\/script>\n<!-- \/ Yoast SEO plugin. -->","yoast_head_json":{"title":"CAMBIO CLIM\u00c1TICO: Se llevar\u00e1 a cabo la PRE COP29 en Misiones | CVI NOTICIAS","robots":{"index":"index","follow":"follow","max-snippet":"max-snippet:-1","max-image-preview":"max-image-preview:large","max-video-preview":"max-video-preview:-1"},"canonical":"https:\/\/cvinoticias.com\/v3\/cambio-climatico-se-llevara-a-cabo-la-pre-cop29-en-misiones\/","og_locale":"es_ES","og_type":"article","og_title":"CAMBIO CLIM\u00c1TICO: Se llevar\u00e1 a cabo la PRE COP29 en Misiones | CVI NOTICIAS","og_description":"El 9 y 10 de octubre de 2024, Posadas ser\u00e1 el escenario del intercambio de estrategias en vista a la Convenci\u00f3n Marco de las Naciones Unidas sobre el Cambio Clim\u00e1tico (CMNUCC). encuentro es esencial para definir estrategias, fomentar la cooperaci\u00f3n y consolidar compromisos antes de la COP29 Azerbaijan que se celebrar\u00e1 en la ciudad de [&hellip;]","og_url":"https:\/\/cvinoticias.com\/v3\/cambio-climatico-se-llevara-a-cabo-la-pre-cop29-en-misiones\/","og_site_name":"CVI NOTICIAS","article_publisher":"https:\/\/www.facebook.com\/cvinoticias","article_published_time":"2024-08-22T15:34:11+00:00","article_modified_time":"2024-08-22T15:34:12+00:00","og_image":[{"width":1000,"height":703,"url":"https:\/\/cvinoticias.com\/wp-content\/uploads\/2024\/08\/Captura-de-Pantalla-2024-08-13-a-las-19.08.53-1000x703-1.png","type":"image\/png"}],"author":"f1000024","twitter_card":"summary_large_image","twitter_misc":{"Escrito por":"f1000024","Tiempo de lectura":"2 minutos"},"schema":{"@context":"https:\/\/schema.org","@graph":[{"@type":"Article","@id":"https:\/\/cvinoticias.com\/v3\/cambio-climatico-se-llevara-a-cabo-la-pre-cop29-en-misiones\/#article","isPartOf":{"@id":"https:\/\/cvinoticias.com\/v3\/cambio-climatico-se-llevara-a-cabo-la-pre-cop29-en-misiones\/"},"author":{"name":"f1000024","@id":"https:\/\/cvinoticias.com\/v3\/#\/schema\/person\/2db77e3c6bc03c538495d7b2b8be9b66"},"headline":"CAMBIO CLIM\u00c1TICO: Se llevar\u00e1 a cabo la PRE COP29 en Misiones","datePublished":"2024-08-22T15:34:11+00:00","dateModified":"2024-08-22T15:34:12+00:00","mainEntityOfPage":{"@id":"https:\/\/cvinoticias.com\/v3\/cambio-climatico-se-llevara-a-cabo-la-pre-cop29-en-misiones\/"},"wordCount":249,"commentCount":0,"publisher":{"@id":"https:\/\/cvinoticias.com\/v3\/#organization"},"image":{"@id":"https:\/\/cvinoticias.com\/v3\/cambio-climatico-se-llevara-a-cabo-la-pre-cop29-en-misiones\/#primaryimage"},"thumbnailUrl":"https:\/\/cvinoticias.com\/wp-content\/uploads\/2024\/08\/Captura-de-Pantalla-2024-08-13-a-las-19.08.53-1000x703-1.png","articleSection":["Provinciales"],"inLanguage":"es","potentialAction":[{"@type":"CommentAction","name":"Comment","target":["https:\/\/cvinoticias.com\/v3\/cambio-climatico-se-llevara-a-cabo-la-pre-cop29-en-misiones\/#respond"]}]},{"@type":"WebPage","@id":"https:\/\/cvinoticias.com\/v3\/cambio-climatico-se-llevara-a-cabo-la-pre-cop29-en-misiones\/","url":"https:\/\/cvinoticias.com\/v3\/cambio-climatico-se-llevara-a-cabo-la-pre-cop29-en-misiones\/","name":"CAMBIO CLIM\u00c1TICO: Se llevar\u00e1 a cabo la PRE COP29 en Misiones | CVI NOTICIAS","isPartOf":{"@id":"https:\/\/cvinoticias.com\/v3\/#website"},"primaryImageOfPage":{"@id":"https:\/\/cvinoticias.com\/v3\/cambio-climatico-se-llevara-a-cabo-la-pre-cop29-en-misiones\/#primaryimage"},"image":{"@id":"https:\/\/cvinoticias.com\/v3\/cambio-climatico-se-llevara-a-cabo-la-pre-cop29-en-misiones\/#primaryimage"},"thumbnailUrl":"https:\/\/cvinoticias.com\/wp-content\/uploads\/2024\/08\/Captura-de-Pantalla-2024-08-13-a-las-19.08.53-1000x703-1.png","datePublished":"2024-08-22T15:34:11+00:00","dateModified":"2024-08-22T15:34:12+00:00","breadcrumb":{"@id":"https:\/\/cvinoticias.com\/v3\/cambio-climatico-se-llevara-a-cabo-la-pre-cop29-en-misiones\/#breadcrumb"},"inLanguage":"es","potentialAction":[{"@type":"ReadAction","target":["https:\/\/cvinoticias.com\/v3\/cambio-climatico-se-llevara-a-cabo-la-pre-cop29-en-misiones\/"]}]},{"@type":"ImageObject","inLanguage":"es","@id":"https:\/\/cvinoticias.com\/v3\/cambio-climatico-se-llevara-a-cabo-la-pre-cop29-en-misiones\/#primaryimage","url":"https:\/\/cvinoticias.com\/wp-content\/uploads\/2024\/08\/Captura-de-Pantalla-2024-08-13-a-las-19.08.53-1000x703-1.png","contentUrl":"https:\/\/cvinoticias.com\/wp-content\/uploads\/2024\/08\/Captura-de-Pantalla-2024-08-13-a-las-19.08.53-1000x703-1.png","width":1000,"height":703},{"@type":"BreadcrumbList","@id":"https:\/\/cvinoticias.com\/v3\/cambio-climatico-se-llevara-a-cabo-la-pre-cop29-en-misiones\/#breadcrumb","itemListElement":[{"@type":"ListItem","position":1,"name":"Portada","item":"https:\/\/cvinoticias.com\/v3\/"},{"@type":"ListItem","position":2,"name":"CAMBIO CLIM\u00c1TICO: Se llevar\u00e1 a cabo la PRE COP29 en Misiones"}]},{"@type":"WebSite","@id":"https:\/\/cvinoticias.com\/v3\/#website","url":"https:\/\/cvinoticias.com\/v3\/","name":"CVI NOTICIAS","description":"","publisher":{"@id":"https:\/\/cvinoticias.com\/v3\/#organization"},"alternateName":"CVI","potentialAction":[{"@type":"SearchAction","target":{"@type":"EntryPoint","urlTemplate":"https:\/\/cvinoticias.com\/v3\/?s={search_term_string}"},"query-input":{"@type":"PropertyValueSpecification","valueRequired":true,"valueName":"search_term_string"}}],"inLanguage":"es"},{"@type":"Organization","@id":"https:\/\/cvinoticias.com\/v3\/#organization","name":"CVI NOTICIAS","url":"https:\/\/cvinoticias.com\/v3\/","logo":{"@type":"ImageObject","inLanguage":"es","@id":"https:\/\/cvinoticias.com\/v3\/#\/schema\/logo\/image\/","url":"https:\/\/cvinoticias.com\/wp-content\/uploads\/2023\/04\/cropped-cropped-cropped-cropped-cropped-3-1.png","contentUrl":"https:\/\/cvinoticias.com\/wp-content\/uploads\/2023\/04\/cropped-cropped-cropped-cropped-cropped-3-1.png","width":95,"height":122,"caption":"CVI NOTICIAS"},"image":{"@id":"https:\/\/cvinoticias.com\/v3\/#\/schema\/logo\/image\/"},"sameAs":["https:\/\/www.facebook.com\/cvinoticias","https:\/\/www.instagram.com\/cvinoticias\/","https:\/\/www.youtube.com\/@CVINOTICIAS"]},{"@type":"Person","@id":"https:\/\/cvinoticias.com\/v3\/#\/schema\/person\/2db77e3c6bc03c538495d7b2b8be9b66","name":"f1000024","image":{"@type":"ImageObject","inLanguage":"es","@id":"https:\/\/secure.gravatar.com\/avatar\/d4fe7459cfc51ff5129ce1a732bbef5928568b8092d412ef95611616376bbeed?s=96&d=mm&r=g","url":"https:\/\/secure.gravatar.com\/avatar\/d4fe7459cfc51ff5129ce1a732bbef5928568b8092d412ef95611616376bbeed?s=96&d=mm&r=g","contentUrl":"https:\/\/secure.gravatar.com\/avatar\/d4fe7459cfc51ff5129ce1a732bbef5928568b8092d412ef95611616376bbeed?s=96&d=mm&r=g","caption":"f1000024"},"url":"https:\/\/cvinoticias.com\/v3\/author\/f1000024\/"}]}},"_links":{"self":[{"href":"https:\/\/cvinoticias.com\/v3\/wp-json\/wp\/v2\/posts\/35616","targetHints":{"allow":["GET"]}}],"collection":[{"href":"https:\/\/cvinoticias.com\/v3\/wp-json\/wp\/v2\/posts"}],"about":[{"href":"https:\/\/cvinoticias.com\/v3\/wp-json\/wp\/v2\/types\/post"}],"author":[{"embeddable":true,"href":"https:\/\/cvinoticias.com\/v3\/wp-json\/wp\/v2\/users\/2"}],"replies":[{"embeddable":true,"href":"https:\/\/cvinoticias.com\/v3\/wp-json\/wp\/v2\/comments?post=35616"}],"version-history":[{"count":1,"href":"https:\/\/cvinoticias.com\/v3\/wp-json\/wp\/v2\/posts\/35616\/revisions"}],"predecessor-version":[{"id":35619,"href":"https:\/\/cvinoticias.com\/v3\/wp-json\/wp\/v2\/posts\/35616\/revisions\/35619"}],"wp:featuredmedia":[{"embeddable":true,"href":"https:\/\/cvinoticias.com\/v3\/wp-json\/wp\/v2\/media\/35618"}],"wp:attachment":[{"href":"https:\/\/cvinoticias.com\/v3\/wp-json\/wp\/v2\/media?parent=35616"}],"wp:term":[{"taxonomy":"category","embeddable":true,"href":"https:\/\/cvinoticias.com\/v3\/wp-json\/wp\/v2\/categories?post=35616"},{"taxonomy":"post_tag","embeddable":true,"href":"https:\/\/cvinoticias.com\/v3\/wp-json\/wp\/v2\/tags?post=35616"}],"curies":[{"name":"wp","href":"https:\/\/api.w.org\/{rel}","templated":true}]}}