{"id":35613,"date":"2024-08-22T11:48:12","date_gmt":"2024-08-22T14:48:12","guid":{"rendered":"https:\/\/cvinoticias.com\/v3\/?p=35613"},"modified":"2024-08-22T11:58:39","modified_gmt":"2024-08-22T14:58:39","slug":"kiczka-comunico-su-ausencia-del-pais-hoy-la-camara-resolvera-su-situacion-como-legislador","status":"publish","type":"post","link":"https:\/\/cvinoticias.com\/v3\/kiczka-comunico-su-ausencia-del-pais-hoy-la-camara-resolvera-su-situacion-como-legislador\/","title":{"rendered":"Kiczka comunic\u00f3 su ausencia del pa\u00eds, hoy la c\u00e1mara resolver\u00e1 su situaci\u00f3n como Legislador"},"content":{"rendered":"\n<p>El -hasta hoy- diputado Provincial  Kizcka ya comunic\u00f3 su ausencia del pa\u00eds mediante una presentaci\u00f3n realizada ante la C\u00e1mara de Representantes, mientras que su hermano Sebasti\u00e1n contin\u00faa siendo buscado ya que pesa sobre el un pedido de Detenci\u00f3n <\/p>\n\n\n\n<p><strong>La notificaci\u00f3n del legislador cuyo desafuero ser\u00e1 tratado en la sesi\u00f3n de esta noche ingres\u00f3 a la Legislatura mediante el expediente D-65293\/24 y fue incluido en el orden de labor del d\u00eda, que hoy reanuda actividades tras el receso invernal<\/strong><\/p>\n\n\n\n<p>Sobre ambos hermanos pesa desde el martes a la noche una orden de detenci\u00f3n librada por el magistrado Miguel \u00c1ngel Far\u00eda, titular del Juzgado de Instrucci\u00f3n Cuatro de Ap\u00f3stoles, quien interviene en una causa que los investiga por la tenencia y distribuci\u00f3n de al menos 603 archivos con contenido de abuso sexual infantil y zoofilia.<\/p>\n\n\n\n<p><strong>Germ\u00e1n Kickza a\u00fan mantiene fueros que le aseguran inmunidad por ser legislador y lo protegen de la detenci\u00f3n, aunque todo indica que ese privilegio culminar\u00e1 esta noche, luego de la sesi\u00f3n donde se tratar\u00e1 su desafuero en la Legislatura provincial.<\/strong><\/p>\n","protected":false},"excerpt":{"rendered":"<p>El -hasta hoy- diputado Provincial Kizcka ya comunic\u00f3 su ausencia del pa\u00eds mediante una presentaci\u00f3n realizada ante la C\u00e1mara de Representantes, mientras que su hermano Sebasti\u00e1n contin\u00faa siendo buscado ya que pesa sobre el un pedido de Detenci\u00f3n La notificaci\u00f3n del legislador cuyo desafuero ser\u00e1 tratado en la sesi\u00f3n de esta noche ingres\u00f3 a la [&hellip;]<\/p>\n","protected":false},"author":2,"featured_media":35614,"comment_status":"open","ping_status":"open","sticky":false,"template":"","format":"standard","meta":{"footnotes":""},"categories":[43],"tags":[],"class_list":["post-35613","post","type-post","status-publish","format-standard","has-post-thumbnail","hentry","category-provinciales"],"yoast_head":"<!-- This site is optimized with the Yoast SEO plugin v27.5 - https:\/\/yoast.com\/product\/yoast-seo-wordpress\/ -->\n<title>Kiczka comunic\u00f3 su ausencia del pa\u00eds, hoy la c\u00e1mara resolver\u00e1 su situaci\u00f3n como Legislador | CVI NOTICIAS<\/title>\n<meta name=\"robots\" content=\"index, follow, max-snippet:-1, max-image-preview:large, max-video-preview:-1\" \/>\n<link rel=\"canonical\" href=\"https:\/\/cvinoticias.com\/v3\/kiczka-comunico-su-ausencia-del-pais-hoy-la-camara-resolvera-su-situacion-como-legislador\/\" \/>\n<meta property=\"og:locale\" content=\"es_ES\" \/>\n<meta property=\"og:type\" content=\"article\" \/>\n<meta property=\"og:title\" content=\"Kiczka comunic\u00f3 su ausencia del pa\u00eds, hoy la c\u00e1mara resolver\u00e1 su situaci\u00f3n como Legislador | CVI NOTICIAS\" \/>\n<meta property=\"og:description\" content=\"El -hasta hoy- diputado Provincial Kizcka ya comunic\u00f3 su ausencia del pa\u00eds mediante una presentaci\u00f3n realizada ante la C\u00e1mara de Representantes, mientras que su hermano Sebasti\u00e1n contin\u00faa siendo buscado ya que pesa sobre el un pedido de Detenci\u00f3n La notificaci\u00f3n del legislador cuyo desafuero ser\u00e1 tratado en la sesi\u00f3n de esta noche ingres\u00f3 a la [&hellip;]\" \/>\n<meta property=\"og:url\" content=\"https:\/\/cvinoticias.com\/v3\/kiczka-comunico-su-ausencia-del-pais-hoy-la-camara-resolvera-su-situacion-como-legislador\/\" \/>\n<meta property=\"og:site_name\" content=\"CVI NOTICIAS\" \/>\n<meta property=\"article:publisher\" content=\"https:\/\/www.facebook.com\/cvinoticias\" \/>\n<meta property=\"article:published_time\" content=\"2024-08-22T14:48:12+00:00\" \/>\n<meta property=\"article:modified_time\" content=\"2024-08-22T14:58:39+00:00\" \/>\n<meta property=\"og:image\" content=\"https:\/\/cvinoticias.com\/wp-content\/uploads\/2024\/08\/GVlJ5VFXkAADvTu-1024x461-1.jpeg\" \/>\n\t<meta property=\"og:image:width\" content=\"1024\" \/>\n\t<meta property=\"og:image:height\" content=\"461\" \/>\n\t<meta property=\"og:image:type\" content=\"image\/jpeg\" \/>\n<meta name=\"author\" content=\"f1000024\" \/>\n<meta name=\"twitter:card\" content=\"summary_large_image\" \/>\n<meta name=\"twitter:label1\" content=\"Escrito por\" \/>\n\t<meta name=\"twitter:data1\" content=\"f1000024\" \/>\n\t<meta name=\"twitter:label2\" content=\"Tiempo de lectura\" \/>\n\t<meta name=\"twitter:data2\" content=\"1 minuto\" \/>\n<script type=\"application\/ld+json\" class=\"yoast-schema-graph\">{\"@context\":\"https:\\\/\\\/schema.org\",\"@graph\":[{\"@type\":\"Article\",\"@id\":\"https:\\\/\\\/cvinoticias.com\\\/v3\\\/kiczka-comunico-su-ausencia-del-pais-hoy-la-camara-resolvera-su-situacion-como-legislador\\\/#article\",\"isPartOf\":{\"@id\":\"https:\\\/\\\/cvinoticias.com\\\/v3\\\/kiczka-comunico-su-ausencia-del-pais-hoy-la-camara-resolvera-su-situacion-como-legislador\\\/\"},\"author\":{\"name\":\"f1000024\",\"@id\":\"https:\\\/\\\/cvinoticias.com\\\/v3\\\/#\\\/schema\\\/person\\\/2db77e3c6bc03c538495d7b2b8be9b66\"},\"headline\":\"Kiczka comunic\u00f3 su ausencia del pa\u00eds, hoy la c\u00e1mara resolver\u00e1 su situaci\u00f3n como Legislador\",\"datePublished\":\"2024-08-22T14:48:12+00:00\",\"dateModified\":\"2024-08-22T14:58:39+00:00\",\"mainEntityOfPage\":{\"@id\":\"https:\\\/\\\/cvinoticias.com\\\/v3\\\/kiczka-comunico-su-ausencia-del-pais-hoy-la-camara-resolvera-su-situacion-como-legislador\\\/\"},\"wordCount\":207,\"commentCount\":0,\"publisher\":{\"@id\":\"https:\\\/\\\/cvinoticias.com\\\/v3\\\/#organization\"},\"image\":{\"@id\":\"https:\\\/\\\/cvinoticias.com\\\/v3\\\/kiczka-comunico-su-ausencia-del-pais-hoy-la-camara-resolvera-su-situacion-como-legislador\\\/#primaryimage\"},\"thumbnailUrl\":\"https:\\\/\\\/cvinoticias.com\\\/wp-content\\\/uploads\\\/2024\\\/08\\\/GVlJ5VFXkAADvTu-1024x461-1.jpeg\",\"articleSection\":[\"Provinciales\"],\"inLanguage\":\"es\",\"potentialAction\":[{\"@type\":\"CommentAction\",\"name\":\"Comment\",\"target\":[\"https:\\\/\\\/cvinoticias.com\\\/v3\\\/kiczka-comunico-su-ausencia-del-pais-hoy-la-camara-resolvera-su-situacion-como-legislador\\\/#respond\"]}]},{\"@type\":\"WebPage\",\"@id\":\"https:\\\/\\\/cvinoticias.com\\\/v3\\\/kiczka-comunico-su-ausencia-del-pais-hoy-la-camara-resolvera-su-situacion-como-legislador\\\/\",\"url\":\"https:\\\/\\\/cvinoticias.com\\\/v3\\\/kiczka-comunico-su-ausencia-del-pais-hoy-la-camara-resolvera-su-situacion-como-legislador\\\/\",\"name\":\"Kiczka comunic\u00f3 su ausencia del pa\u00eds, hoy la c\u00e1mara resolver\u00e1 su situaci\u00f3n como Legislador | CVI NOTICIAS\",\"isPartOf\":{\"@id\":\"https:\\\/\\\/cvinoticias.com\\\/v3\\\/#website\"},\"primaryImageOfPage\":{\"@id\":\"https:\\\/\\\/cvinoticias.com\\\/v3\\\/kiczka-comunico-su-ausencia-del-pais-hoy-la-camara-resolvera-su-situacion-como-legislador\\\/#primaryimage\"},\"image\":{\"@id\":\"https:\\\/\\\/cvinoticias.com\\\/v3\\\/kiczka-comunico-su-ausencia-del-pais-hoy-la-camara-resolvera-su-situacion-como-legislador\\\/#primaryimage\"},\"thumbnailUrl\":\"https:\\\/\\\/cvinoticias.com\\\/wp-content\\\/uploads\\\/2024\\\/08\\\/GVlJ5VFXkAADvTu-1024x461-1.jpeg\",\"datePublished\":\"2024-08-22T14:48:12+00:00\",\"dateModified\":\"2024-08-22T14:58:39+00:00\",\"breadcrumb\":{\"@id\":\"https:\\\/\\\/cvinoticias.com\\\/v3\\\/kiczka-comunico-su-ausencia-del-pais-hoy-la-camara-resolvera-su-situacion-como-legislador\\\/#breadcrumb\"},\"inLanguage\":\"es\",\"potentialAction\":[{\"@type\":\"ReadAction\",\"target\":[\"https:\\\/\\\/cvinoticias.com\\\/v3\\\/kiczka-comunico-su-ausencia-del-pais-hoy-la-camara-resolvera-su-situacion-como-legislador\\\/\"]}]},{\"@type\":\"ImageObject\",\"inLanguage\":\"es\",\"@id\":\"https:\\\/\\\/cvinoticias.com\\\/v3\\\/kiczka-comunico-su-ausencia-del-pais-hoy-la-camara-resolvera-su-situacion-como-legislador\\\/#primaryimage\",\"url\":\"https:\\\/\\\/cvinoticias.com\\\/wp-content\\\/uploads\\\/2024\\\/08\\\/GVlJ5VFXkAADvTu-1024x461-1.jpeg\",\"contentUrl\":\"https:\\\/\\\/cvinoticias.com\\\/wp-content\\\/uploads\\\/2024\\\/08\\\/GVlJ5VFXkAADvTu-1024x461-1.jpeg\",\"width\":1024,\"height\":461},{\"@type\":\"BreadcrumbList\",\"@id\":\"https:\\\/\\\/cvinoticias.com\\\/v3\\\/kiczka-comunico-su-ausencia-del-pais-hoy-la-camara-resolvera-su-situacion-como-legislador\\\/#breadcrumb\",\"itemListElement\":[{\"@type\":\"ListItem\",\"position\":1,\"name\":\"Portada\",\"item\":\"https:\\\/\\\/cvinoticias.com\\\/v3\\\/\"},{\"@type\":\"ListItem\",\"position\":2,\"name\":\"Kiczka comunic\u00f3 su ausencia del pa\u00eds, hoy la c\u00e1mara resolver\u00e1 su situaci\u00f3n como Legislador\"}]},{\"@type\":\"WebSite\",\"@id\":\"https:\\\/\\\/cvinoticias.com\\\/v3\\\/#website\",\"url\":\"https:\\\/\\\/cvinoticias.com\\\/v3\\\/\",\"name\":\"CVI NOTICIAS\",\"description\":\"\",\"publisher\":{\"@id\":\"https:\\\/\\\/cvinoticias.com\\\/v3\\\/#organization\"},\"alternateName\":\"CVI\",\"potentialAction\":[{\"@type\":\"SearchAction\",\"target\":{\"@type\":\"EntryPoint\",\"urlTemplate\":\"https:\\\/\\\/cvinoticias.com\\\/v3\\\/?s={search_term_string}\"},\"query-input\":{\"@type\":\"PropertyValueSpecification\",\"valueRequired\":true,\"valueName\":\"search_term_string\"}}],\"inLanguage\":\"es\"},{\"@type\":\"Organization\",\"@id\":\"https:\\\/\\\/cvinoticias.com\\\/v3\\\/#organization\",\"name\":\"CVI NOTICIAS\",\"url\":\"https:\\\/\\\/cvinoticias.com\\\/v3\\\/\",\"logo\":{\"@type\":\"ImageObject\",\"inLanguage\":\"es\",\"@id\":\"https:\\\/\\\/cvinoticias.com\\\/v3\\\/#\\\/schema\\\/logo\\\/image\\\/\",\"url\":\"https:\\\/\\\/cvinoticias.com\\\/wp-content\\\/uploads\\\/2023\\\/04\\\/cropped-cropped-cropped-cropped-cropped-3-1.png\",\"contentUrl\":\"https:\\\/\\\/cvinoticias.com\\\/wp-content\\\/uploads\\\/2023\\\/04\\\/cropped-cropped-cropped-cropped-cropped-3-1.png\",\"width\":95,\"height\":122,\"caption\":\"CVI NOTICIAS\"},\"image\":{\"@id\":\"https:\\\/\\\/cvinoticias.com\\\/v3\\\/#\\\/schema\\\/logo\\\/image\\\/\"},\"sameAs\":[\"https:\\\/\\\/www.facebook.com\\\/cvinoticias\",\"https:\\\/\\\/www.instagram.com\\\/cvinoticias\\\/\",\"https:\\\/\\\/www.youtube.com\\\/@CVINOTICIAS\"]},{\"@type\":\"Person\",\"@id\":\"https:\\\/\\\/cvinoticias.com\\\/v3\\\/#\\\/schema\\\/person\\\/2db77e3c6bc03c538495d7b2b8be9b66\",\"name\":\"f1000024\",\"image\":{\"@type\":\"ImageObject\",\"inLanguage\":\"es\",\"@id\":\"https:\\\/\\\/secure.gravatar.com\\\/avatar\\\/d4fe7459cfc51ff5129ce1a732bbef5928568b8092d412ef95611616376bbeed?s=96&d=mm&r=g\",\"url\":\"https:\\\/\\\/secure.gravatar.com\\\/avatar\\\/d4fe7459cfc51ff5129ce1a732bbef5928568b8092d412ef95611616376bbeed?s=96&d=mm&r=g\",\"contentUrl\":\"https:\\\/\\\/secure.gravatar.com\\\/avatar\\\/d4fe7459cfc51ff5129ce1a732bbef5928568b8092d412ef95611616376bbeed?s=96&d=mm&r=g\",\"caption\":\"f1000024\"},\"url\":\"https:\\\/\\\/cvinoticias.com\\\/v3\\\/author\\\/f1000024\\\/\"}]}<\/script>\n<!-- \/ Yoast SEO plugin. -->","yoast_head_json":{"title":"Kiczka comunic\u00f3 su ausencia del pa\u00eds, hoy la c\u00e1mara resolver\u00e1 su situaci\u00f3n como Legislador | CVI NOTICIAS","robots":{"index":"index","follow":"follow","max-snippet":"max-snippet:-1","max-image-preview":"max-image-preview:large","max-video-preview":"max-video-preview:-1"},"canonical":"https:\/\/cvinoticias.com\/v3\/kiczka-comunico-su-ausencia-del-pais-hoy-la-camara-resolvera-su-situacion-como-legislador\/","og_locale":"es_ES","og_type":"article","og_title":"Kiczka comunic\u00f3 su ausencia del pa\u00eds, hoy la c\u00e1mara resolver\u00e1 su situaci\u00f3n como Legislador | CVI NOTICIAS","og_description":"El -hasta hoy- diputado Provincial Kizcka ya comunic\u00f3 su ausencia del pa\u00eds mediante una presentaci\u00f3n realizada ante la C\u00e1mara de Representantes, mientras que su hermano Sebasti\u00e1n contin\u00faa siendo buscado ya que pesa sobre el un pedido de Detenci\u00f3n La notificaci\u00f3n del legislador cuyo desafuero ser\u00e1 tratado en la sesi\u00f3n de esta noche ingres\u00f3 a la [&hellip;]","og_url":"https:\/\/cvinoticias.com\/v3\/kiczka-comunico-su-ausencia-del-pais-hoy-la-camara-resolvera-su-situacion-como-legislador\/","og_site_name":"CVI NOTICIAS","article_publisher":"https:\/\/www.facebook.com\/cvinoticias","article_published_time":"2024-08-22T14:48:12+00:00","article_modified_time":"2024-08-22T14:58:39+00:00","og_image":[{"width":1024,"height":461,"url":"https:\/\/cvinoticias.com\/wp-content\/uploads\/2024\/08\/GVlJ5VFXkAADvTu-1024x461-1.jpeg","type":"image\/jpeg"}],"author":"f1000024","twitter_card":"summary_large_image","twitter_misc":{"Escrito por":"f1000024","Tiempo de lectura":"1 minuto"},"schema":{"@context":"https:\/\/schema.org","@graph":[{"@type":"Article","@id":"https:\/\/cvinoticias.com\/v3\/kiczka-comunico-su-ausencia-del-pais-hoy-la-camara-resolvera-su-situacion-como-legislador\/#article","isPartOf":{"@id":"https:\/\/cvinoticias.com\/v3\/kiczka-comunico-su-ausencia-del-pais-hoy-la-camara-resolvera-su-situacion-como-legislador\/"},"author":{"name":"f1000024","@id":"https:\/\/cvinoticias.com\/v3\/#\/schema\/person\/2db77e3c6bc03c538495d7b2b8be9b66"},"headline":"Kiczka comunic\u00f3 su ausencia del pa\u00eds, hoy la c\u00e1mara resolver\u00e1 su situaci\u00f3n como Legislador","datePublished":"2024-08-22T14:48:12+00:00","dateModified":"2024-08-22T14:58:39+00:00","mainEntityOfPage":{"@id":"https:\/\/cvinoticias.com\/v3\/kiczka-comunico-su-ausencia-del-pais-hoy-la-camara-resolvera-su-situacion-como-legislador\/"},"wordCount":207,"commentCount":0,"publisher":{"@id":"https:\/\/cvinoticias.com\/v3\/#organization"},"image":{"@id":"https:\/\/cvinoticias.com\/v3\/kiczka-comunico-su-ausencia-del-pais-hoy-la-camara-resolvera-su-situacion-como-legislador\/#primaryimage"},"thumbnailUrl":"https:\/\/cvinoticias.com\/wp-content\/uploads\/2024\/08\/GVlJ5VFXkAADvTu-1024x461-1.jpeg","articleSection":["Provinciales"],"inLanguage":"es","potentialAction":[{"@type":"CommentAction","name":"Comment","target":["https:\/\/cvinoticias.com\/v3\/kiczka-comunico-su-ausencia-del-pais-hoy-la-camara-resolvera-su-situacion-como-legislador\/#respond"]}]},{"@type":"WebPage","@id":"https:\/\/cvinoticias.com\/v3\/kiczka-comunico-su-ausencia-del-pais-hoy-la-camara-resolvera-su-situacion-como-legislador\/","url":"https:\/\/cvinoticias.com\/v3\/kiczka-comunico-su-ausencia-del-pais-hoy-la-camara-resolvera-su-situacion-como-legislador\/","name":"Kiczka comunic\u00f3 su ausencia del pa\u00eds, hoy la c\u00e1mara resolver\u00e1 su situaci\u00f3n como Legislador | CVI NOTICIAS","isPartOf":{"@id":"https:\/\/cvinoticias.com\/v3\/#website"},"primaryImageOfPage":{"@id":"https:\/\/cvinoticias.com\/v3\/kiczka-comunico-su-ausencia-del-pais-hoy-la-camara-resolvera-su-situacion-como-legislador\/#primaryimage"},"image":{"@id":"https:\/\/cvinoticias.com\/v3\/kiczka-comunico-su-ausencia-del-pais-hoy-la-camara-resolvera-su-situacion-como-legislador\/#primaryimage"},"thumbnailUrl":"https:\/\/cvinoticias.com\/wp-content\/uploads\/2024\/08\/GVlJ5VFXkAADvTu-1024x461-1.jpeg","datePublished":"2024-08-22T14:48:12+00:00","dateModified":"2024-08-22T14:58:39+00:00","breadcrumb":{"@id":"https:\/\/cvinoticias.com\/v3\/kiczka-comunico-su-ausencia-del-pais-hoy-la-camara-resolvera-su-situacion-como-legislador\/#breadcrumb"},"inLanguage":"es","potentialAction":[{"@type":"ReadAction","target":["https:\/\/cvinoticias.com\/v3\/kiczka-comunico-su-ausencia-del-pais-hoy-la-camara-resolvera-su-situacion-como-legislador\/"]}]},{"@type":"ImageObject","inLanguage":"es","@id":"https:\/\/cvinoticias.com\/v3\/kiczka-comunico-su-ausencia-del-pais-hoy-la-camara-resolvera-su-situacion-como-legislador\/#primaryimage","url":"https:\/\/cvinoticias.com\/wp-content\/uploads\/2024\/08\/GVlJ5VFXkAADvTu-1024x461-1.jpeg","contentUrl":"https:\/\/cvinoticias.com\/wp-content\/uploads\/2024\/08\/GVlJ5VFXkAADvTu-1024x461-1.jpeg","width":1024,"height":461},{"@type":"BreadcrumbList","@id":"https:\/\/cvinoticias.com\/v3\/kiczka-comunico-su-ausencia-del-pais-hoy-la-camara-resolvera-su-situacion-como-legislador\/#breadcrumb","itemListElement":[{"@type":"ListItem","position":1,"name":"Portada","item":"https:\/\/cvinoticias.com\/v3\/"},{"@type":"ListItem","position":2,"name":"Kiczka comunic\u00f3 su ausencia del pa\u00eds, hoy la c\u00e1mara resolver\u00e1 su situaci\u00f3n como Legislador"}]},{"@type":"WebSite","@id":"https:\/\/cvinoticias.com\/v3\/#website","url":"https:\/\/cvinoticias.com\/v3\/","name":"CVI NOTICIAS","description":"","publisher":{"@id":"https:\/\/cvinoticias.com\/v3\/#organization"},"alternateName":"CVI","potentialAction":[{"@type":"SearchAction","target":{"@type":"EntryPoint","urlTemplate":"https:\/\/cvinoticias.com\/v3\/?s={search_term_string}"},"query-input":{"@type":"PropertyValueSpecification","valueRequired":true,"valueName":"search_term_string"}}],"inLanguage":"es"},{"@type":"Organization","@id":"https:\/\/cvinoticias.com\/v3\/#organization","name":"CVI NOTICIAS","url":"https:\/\/cvinoticias.com\/v3\/","logo":{"@type":"ImageObject","inLanguage":"es","@id":"https:\/\/cvinoticias.com\/v3\/#\/schema\/logo\/image\/","url":"https:\/\/cvinoticias.com\/wp-content\/uploads\/2023\/04\/cropped-cropped-cropped-cropped-cropped-3-1.png","contentUrl":"https:\/\/cvinoticias.com\/wp-content\/uploads\/2023\/04\/cropped-cropped-cropped-cropped-cropped-3-1.png","width":95,"height":122,"caption":"CVI NOTICIAS"},"image":{"@id":"https:\/\/cvinoticias.com\/v3\/#\/schema\/logo\/image\/"},"sameAs":["https:\/\/www.facebook.com\/cvinoticias","https:\/\/www.instagram.com\/cvinoticias\/","https:\/\/www.youtube.com\/@CVINOTICIAS"]},{"@type":"Person","@id":"https:\/\/cvinoticias.com\/v3\/#\/schema\/person\/2db77e3c6bc03c538495d7b2b8be9b66","name":"f1000024","image":{"@type":"ImageObject","inLanguage":"es","@id":"https:\/\/secure.gravatar.com\/avatar\/d4fe7459cfc51ff5129ce1a732bbef5928568b8092d412ef95611616376bbeed?s=96&d=mm&r=g","url":"https:\/\/secure.gravatar.com\/avatar\/d4fe7459cfc51ff5129ce1a732bbef5928568b8092d412ef95611616376bbeed?s=96&d=mm&r=g","contentUrl":"https:\/\/secure.gravatar.com\/avatar\/d4fe7459cfc51ff5129ce1a732bbef5928568b8092d412ef95611616376bbeed?s=96&d=mm&r=g","caption":"f1000024"},"url":"https:\/\/cvinoticias.com\/v3\/author\/f1000024\/"}]}},"_links":{"self":[{"href":"https:\/\/cvinoticias.com\/v3\/wp-json\/wp\/v2\/posts\/35613","targetHints":{"allow":["GET"]}}],"collection":[{"href":"https:\/\/cvinoticias.com\/v3\/wp-json\/wp\/v2\/posts"}],"about":[{"href":"https:\/\/cvinoticias.com\/v3\/wp-json\/wp\/v2\/types\/post"}],"author":[{"embeddable":true,"href":"https:\/\/cvinoticias.com\/v3\/wp-json\/wp\/v2\/users\/2"}],"replies":[{"embeddable":true,"href":"https:\/\/cvinoticias.com\/v3\/wp-json\/wp\/v2\/comments?post=35613"}],"version-history":[{"count":1,"href":"https:\/\/cvinoticias.com\/v3\/wp-json\/wp\/v2\/posts\/35613\/revisions"}],"predecessor-version":[{"id":35615,"href":"https:\/\/cvinoticias.com\/v3\/wp-json\/wp\/v2\/posts\/35613\/revisions\/35615"}],"wp:featuredmedia":[{"embeddable":true,"href":"https:\/\/cvinoticias.com\/v3\/wp-json\/wp\/v2\/media\/35614"}],"wp:attachment":[{"href":"https:\/\/cvinoticias.com\/v3\/wp-json\/wp\/v2\/media?parent=35613"}],"wp:term":[{"taxonomy":"category","embeddable":true,"href":"https:\/\/cvinoticias.com\/v3\/wp-json\/wp\/v2\/categories?post=35613"},{"taxonomy":"post_tag","embeddable":true,"href":"https:\/\/cvinoticias.com\/v3\/wp-json\/wp\/v2\/tags?post=35613"}],"curies":[{"name":"wp","href":"https:\/\/api.w.org\/{rel}","templated":true}]}}