{"id":35581,"date":"2024-08-21T16:09:43","date_gmt":"2024-08-21T19:09:43","guid":{"rendered":"https:\/\/cvinoticias.com\/v3\/?p=35581"},"modified":"2024-08-22T00:16:22","modified_gmt":"2024-08-22T03:16:22","slug":"se-realizo-el-lanzamiento-de-la-fiesta-nacional-del-inmigrante-edicion-44-en-puerto-iguazu","status":"publish","type":"post","link":"https:\/\/cvinoticias.com\/v3\/se-realizo-el-lanzamiento-de-la-fiesta-nacional-del-inmigrante-edicion-44-en-puerto-iguazu\/","title":{"rendered":"Se realiz\u00f3 el Lanzamiento de la Fiesta Nacional del Inmigrante edici\u00f3n 44,\u00b0 en Puerto Iguaz\u00fa"},"content":{"rendered":"\n<p><strong>Con la Presencia del Presidente del ITUREM Lic. Leopoldo Lucas se llev\u00f3 a cabo la presentaci\u00f3n de la 44\u00b0 Edici\u00f3n de la Fiesta Nacional del Inmigrante que a\u00f1o tras a\u00f1o se realiza en la Capital del Monte, y este a\u00f1o ser\u00e1 del 5 al 15 de Septiembre en el habitual predio de la Festividad, el  Parque de las Naciones.<\/strong><\/p>\n\n\n\n<p>Al respecto el Pdte. Del Iturem <strong>Leo Lucas, di\u00f3 la bienvenida a la Delegaci\u00f3n y entre otras cosas hizo hincapi\u00e9 en el acompa\u00f1amiento del Ente donde estar\u00e1 presente para as\u00ed tambi\u00e9n seguir apostando a la promoci\u00f3n del Turismo e Iguaz\u00fa todo el a\u00f1o en esta fiesta que convoca a miles y miles de visitantes de todo el pa\u00eds donde se demuestra el trabajo, turismo,  y todo lo que conlleva un movimiento como el que va a ocurrir en Ober\u00e1. <\/strong><\/p>\n\n\n\n<p>Por su parte <strong>la presidenta de la Federaci\u00f3n de Colectividades, Marta Wieremiey, anticip\u00f3 la amplia cartelera de espect\u00e1culos y una gran diversidad de propuestas innovadoras para el p\u00fablico.Adem\u00e1s, resalt\u00f3 que cada noche de la fiesta estar\u00e1 dedicada a diferentes tem\u00e1ticas, con la participaci\u00f3n de artistas como Palito Ortega y Los Tipitos destacando tambi\u00e9n la actuaci\u00f3n de m\u00fasicos misioneros como Los Nu\u00f1ez, Paola Leguizam\u00f3n, entre otros.En el mismo aspecto, Wieremiey asegur\u00f3 que aparte de las actividades culturales y art\u00edsticas, la Fiesta Nacional del Inmigrante tambi\u00e9n ofrecer\u00e1 eventos educativos, como la Copa Rob\u00f3tica Misiones, organizada por la Escuela Rob\u00f3tica.<\/strong><\/p>\n\n\n\n<p> Wieremiey inform\u00f3 que las entradas ya est\u00e1n disponibles, con precios accesibles que van desde los 3.000 hasta los 10.000 pesos, y record\u00f3 que el primer d\u00eda la entrada ser\u00e1 gratuita. Adem\u00e1s, los compradores podr\u00e1n participar en el sorteo de una moto, lo que agrega un incentivo adicional para asistir al evento<strong>. \u201cLas entradas son muy accesibles, y todos los que las adquieran participan en el sorteo de una moto\u201d, <\/strong>concluy\u00f3.<\/p>\n\n\n\n<figure class=\"wp-block-gallery has-nested-images columns-default is-cropped wp-block-gallery-1 is-layout-flex wp-block-gallery-is-layout-flex\">\n<figure class=\"wp-block-image size-large\"><a href=\"https:\/\/cvinoticias.com\/wp-content\/uploads\/2024\/08\/Screenshot_20240822-001346.png\"><img decoding=\"async\" width=\"1024\" height=\"646\" data-id=\"35594\" data-src=\"https:\/\/cvinoticias.com\/wp-content\/uploads\/2024\/08\/Screenshot_20240822-001346-1024x646.png\" alt=\"\" class=\"wp-image-35594 lazyload\" data-srcset=\"https:\/\/cvinoticias.com\/wp-content\/uploads\/2024\/08\/Screenshot_20240822-001346-1024x646.png 1024w, https:\/\/cvinoticias.com\/wp-content\/uploads\/2024\/08\/Screenshot_20240822-001346-300x189.png 300w, https:\/\/cvinoticias.com\/wp-content\/uploads\/2024\/08\/Screenshot_20240822-001346-768x484.png 768w, https:\/\/cvinoticias.com\/wp-content\/uploads\/2024\/08\/Screenshot_20240822-001346.png 1080w\" data-sizes=\"(max-width: 1024px) 100vw, 1024px\" src=\"data:image\/svg+xml;base64,PHN2ZyB3aWR0aD0iMSIgaGVpZ2h0PSIxIiB4bWxucz0iaHR0cDovL3d3dy53My5vcmcvMjAwMC9zdmciPjwvc3ZnPg==\" style=\"--smush-placeholder-width: 1024px; --smush-placeholder-aspect-ratio: 1024\/646;\" \/><\/a><\/figure>\n<\/figure>\n\n\n\n<p>A su turno, <strong><em>la directora de Turismo de la Municipalidad de Ober\u00e1, Cristina Stevenson, invit\u00f3 a todos los misioneros y turistas a disfrutar de la fiesta, resaltando la hospitalidad de la ciudad. \u201cEstamos presentando la fiesta que nos convoca a Ober\u00e1 del 5 al 15 de septiembre. Estamos con muchas expectativas, contentos y prepar\u00e1ndonos de la mejor manera para recibir a todos los turistas y ampliando la infraestructura y la capacidad hotelera para que nadie quede excluido de poder disfrutar de esos d\u00edas festivos en Ober\u00e1<\/em><\/strong>\u00ab<\/p>\n\n\n\n<figure class=\"wp-block-gallery has-nested-images columns-default is-cropped wp-block-gallery-2 is-layout-flex wp-block-gallery-is-layout-flex\">\n<figure class=\"wp-block-image size-large\"><a href=\"https:\/\/cvinoticias.com\/wp-content\/uploads\/2024\/08\/IMG_20240821_121803284-scaled.jpg\"><img decoding=\"async\" width=\"1024\" height=\"461\" data-id=\"35585\" data-src=\"https:\/\/cvinoticias.com\/wp-content\/uploads\/2024\/08\/IMG_20240821_121803284-1024x461.jpg\" alt=\"\" class=\"wp-image-35585 lazyload\" data-srcset=\"https:\/\/cvinoticias.com\/wp-content\/uploads\/2024\/08\/IMG_20240821_121803284-1024x461.jpg 1024w, https:\/\/cvinoticias.com\/wp-content\/uploads\/2024\/08\/IMG_20240821_121803284-300x135.jpg 300w, https:\/\/cvinoticias.com\/wp-content\/uploads\/2024\/08\/IMG_20240821_121803284-768x346.jpg 768w, https:\/\/cvinoticias.com\/wp-content\/uploads\/2024\/08\/IMG_20240821_121803284-1536x691.jpg 1536w, https:\/\/cvinoticias.com\/wp-content\/uploads\/2024\/08\/IMG_20240821_121803284-2048x922.jpg 2048w\" data-sizes=\"(max-width: 1024px) 100vw, 1024px\" src=\"data:image\/svg+xml;base64,PHN2ZyB3aWR0aD0iMSIgaGVpZ2h0PSIxIiB4bWxucz0iaHR0cDovL3d3dy53My5vcmcvMjAwMC9zdmciPjwvc3ZnPg==\" style=\"--smush-placeholder-width: 1024px; --smush-placeholder-aspect-ratio: 1024\/461;\" \/><\/a><\/figure>\n\n\n\n<figure class=\"wp-block-image size-large\"><a href=\"https:\/\/cvinoticias.com\/wp-content\/uploads\/2024\/08\/IMG_20240821_115441421-scaled.jpg\"><img decoding=\"async\" width=\"1024\" height=\"461\" data-id=\"35584\" data-src=\"https:\/\/cvinoticias.com\/wp-content\/uploads\/2024\/08\/IMG_20240821_115441421-1024x461.jpg\" alt=\"\" class=\"wp-image-35584 lazyload\" data-srcset=\"https:\/\/cvinoticias.com\/wp-content\/uploads\/2024\/08\/IMG_20240821_115441421-1024x461.jpg 1024w, https:\/\/cvinoticias.com\/wp-content\/uploads\/2024\/08\/IMG_20240821_115441421-300x135.jpg 300w, https:\/\/cvinoticias.com\/wp-content\/uploads\/2024\/08\/IMG_20240821_115441421-768x346.jpg 768w, https:\/\/cvinoticias.com\/wp-content\/uploads\/2024\/08\/IMG_20240821_115441421-1536x691.jpg 1536w, https:\/\/cvinoticias.com\/wp-content\/uploads\/2024\/08\/IMG_20240821_115441421-2048x922.jpg 2048w\" data-sizes=\"(max-width: 1024px) 100vw, 1024px\" src=\"data:image\/svg+xml;base64,PHN2ZyB3aWR0aD0iMSIgaGVpZ2h0PSIxIiB4bWxucz0iaHR0cDovL3d3dy53My5vcmcvMjAwMC9zdmciPjwvc3ZnPg==\" style=\"--smush-placeholder-width: 1024px; --smush-placeholder-aspect-ratio: 1024\/461;\" \/><\/a><\/figure>\n<\/figure>\n\n\n\n<p>La Reina Nacional de los Inmigrantes Lara Iurinic hizo lo propio invitando a todos a qu\u00e9 visiten la Ciudad de Ober\u00e1 y aprecien la diversidad cultural que orgullosamente se puede observar en esta fiesta y la calidez humana con la que se los recibe desde cada una de las colectividades.<\/p>\n\n\n\n<p>Acompa\u00f1aron a la Soberana la 1ra y 2da princesa del Fiesta:<strong> Dalma Redlich y Priscila Hupan respectivamente.<\/strong><\/p>\n","protected":false},"excerpt":{"rendered":"<p>Con la Presencia del Presidente del ITUREM Lic. Leopoldo Lucas se llev\u00f3 a cabo la presentaci\u00f3n de la 44\u00b0 Edici\u00f3n de la Fiesta Nacional del Inmigrante que a\u00f1o tras a\u00f1o se realiza en la Capital del Monte, y este a\u00f1o ser\u00e1 del 5 al 15 de Septiembre en el habitual predio de la Festividad, el [&hellip;]<\/p>\n","protected":false},"author":2,"featured_media":35582,"comment_status":"open","ping_status":"open","sticky":false,"template":"","format":"standard","meta":{"footnotes":""},"categories":[1],"tags":[],"class_list":["post-35581","post","type-post","status-publish","format-standard","has-post-thumbnail","hentry","category-sin-categoria"],"yoast_head":"<!-- This site is optimized with the Yoast SEO plugin v27.4 - https:\/\/yoast.com\/product\/yoast-seo-wordpress\/ -->\n<title>Se realiz\u00f3 el Lanzamiento de la Fiesta Nacional del Inmigrante edici\u00f3n 44,\u00b0 en Puerto Iguaz\u00fa | CVI NOTICIAS<\/title>\n<meta name=\"robots\" content=\"index, follow, max-snippet:-1, max-image-preview:large, max-video-preview:-1\" \/>\n<link rel=\"canonical\" href=\"https:\/\/cvinoticias.com\/v3\/se-realizo-el-lanzamiento-de-la-fiesta-nacional-del-inmigrante-edicion-44-en-puerto-iguazu\/\" \/>\n<meta property=\"og:locale\" content=\"es_ES\" \/>\n<meta property=\"og:type\" content=\"article\" \/>\n<meta property=\"og:title\" content=\"Se realiz\u00f3 el Lanzamiento de la Fiesta Nacional del Inmigrante edici\u00f3n 44,\u00b0 en Puerto Iguaz\u00fa | CVI NOTICIAS\" \/>\n<meta property=\"og:description\" content=\"Con la Presencia del Presidente del ITUREM Lic. Leopoldo Lucas se llev\u00f3 a cabo la presentaci\u00f3n de la 44\u00b0 Edici\u00f3n de la Fiesta Nacional del Inmigrante que a\u00f1o tras a\u00f1o se realiza en la Capital del Monte, y este a\u00f1o ser\u00e1 del 5 al 15 de Septiembre en el habitual predio de la Festividad, el [&hellip;]\" \/>\n<meta property=\"og:url\" content=\"https:\/\/cvinoticias.com\/v3\/se-realizo-el-lanzamiento-de-la-fiesta-nacional-del-inmigrante-edicion-44-en-puerto-iguazu\/\" \/>\n<meta property=\"og:site_name\" content=\"CVI NOTICIAS\" \/>\n<meta property=\"article:publisher\" content=\"https:\/\/www.facebook.com\/cvinoticias\" \/>\n<meta property=\"article:published_time\" content=\"2024-08-21T19:09:43+00:00\" \/>\n<meta property=\"article:modified_time\" content=\"2024-08-22T03:16:22+00:00\" \/>\n<meta property=\"og:image\" content=\"https:\/\/cvinoticias.com\/wp-content\/uploads\/2024\/08\/Screenshot_20240821-160841.png\" \/>\n\t<meta property=\"og:image:width\" content=\"1080\" \/>\n\t<meta property=\"og:image:height\" content=\"721\" \/>\n\t<meta property=\"og:image:type\" content=\"image\/png\" \/>\n<meta name=\"author\" content=\"f1000024\" \/>\n<meta name=\"twitter:card\" content=\"summary_large_image\" \/>\n<meta name=\"twitter:label1\" content=\"Escrito por\" \/>\n\t<meta name=\"twitter:data1\" content=\"f1000024\" \/>\n\t<meta name=\"twitter:label2\" content=\"Tiempo de lectura\" \/>\n\t<meta name=\"twitter:data2\" content=\"3 minutos\" \/>\n<script type=\"application\/ld+json\" class=\"yoast-schema-graph\">{\"@context\":\"https:\\\/\\\/schema.org\",\"@graph\":[{\"@type\":\"Article\",\"@id\":\"https:\\\/\\\/cvinoticias.com\\\/v3\\\/se-realizo-el-lanzamiento-de-la-fiesta-nacional-del-inmigrante-edicion-44-en-puerto-iguazu\\\/#article\",\"isPartOf\":{\"@id\":\"https:\\\/\\\/cvinoticias.com\\\/v3\\\/se-realizo-el-lanzamiento-de-la-fiesta-nacional-del-inmigrante-edicion-44-en-puerto-iguazu\\\/\"},\"author\":{\"name\":\"f1000024\",\"@id\":\"https:\\\/\\\/cvinoticias.com\\\/v3\\\/#\\\/schema\\\/person\\\/2db77e3c6bc03c538495d7b2b8be9b66\"},\"headline\":\"Se realiz\u00f3 el Lanzamiento de la Fiesta Nacional del Inmigrante edici\u00f3n 44,\u00b0 en Puerto Iguaz\u00fa\",\"datePublished\":\"2024-08-21T19:09:43+00:00\",\"dateModified\":\"2024-08-22T03:16:22+00:00\",\"mainEntityOfPage\":{\"@id\":\"https:\\\/\\\/cvinoticias.com\\\/v3\\\/se-realizo-el-lanzamiento-de-la-fiesta-nacional-del-inmigrante-edicion-44-en-puerto-iguazu\\\/\"},\"wordCount\":501,\"commentCount\":0,\"publisher\":{\"@id\":\"https:\\\/\\\/cvinoticias.com\\\/v3\\\/#organization\"},\"image\":{\"@id\":\"https:\\\/\\\/cvinoticias.com\\\/v3\\\/se-realizo-el-lanzamiento-de-la-fiesta-nacional-del-inmigrante-edicion-44-en-puerto-iguazu\\\/#primaryimage\"},\"thumbnailUrl\":\"https:\\\/\\\/cvinoticias.com\\\/wp-content\\\/uploads\\\/2024\\\/08\\\/Screenshot_20240821-160841.png\",\"inLanguage\":\"es\",\"potentialAction\":[{\"@type\":\"CommentAction\",\"name\":\"Comment\",\"target\":[\"https:\\\/\\\/cvinoticias.com\\\/v3\\\/se-realizo-el-lanzamiento-de-la-fiesta-nacional-del-inmigrante-edicion-44-en-puerto-iguazu\\\/#respond\"]}]},{\"@type\":\"WebPage\",\"@id\":\"https:\\\/\\\/cvinoticias.com\\\/v3\\\/se-realizo-el-lanzamiento-de-la-fiesta-nacional-del-inmigrante-edicion-44-en-puerto-iguazu\\\/\",\"url\":\"https:\\\/\\\/cvinoticias.com\\\/v3\\\/se-realizo-el-lanzamiento-de-la-fiesta-nacional-del-inmigrante-edicion-44-en-puerto-iguazu\\\/\",\"name\":\"Se realiz\u00f3 el Lanzamiento de la Fiesta Nacional del Inmigrante edici\u00f3n 44,\u00b0 en Puerto Iguaz\u00fa | CVI NOTICIAS\",\"isPartOf\":{\"@id\":\"https:\\\/\\\/cvinoticias.com\\\/v3\\\/#website\"},\"primaryImageOfPage\":{\"@id\":\"https:\\\/\\\/cvinoticias.com\\\/v3\\\/se-realizo-el-lanzamiento-de-la-fiesta-nacional-del-inmigrante-edicion-44-en-puerto-iguazu\\\/#primaryimage\"},\"image\":{\"@id\":\"https:\\\/\\\/cvinoticias.com\\\/v3\\\/se-realizo-el-lanzamiento-de-la-fiesta-nacional-del-inmigrante-edicion-44-en-puerto-iguazu\\\/#primaryimage\"},\"thumbnailUrl\":\"https:\\\/\\\/cvinoticias.com\\\/wp-content\\\/uploads\\\/2024\\\/08\\\/Screenshot_20240821-160841.png\",\"datePublished\":\"2024-08-21T19:09:43+00:00\",\"dateModified\":\"2024-08-22T03:16:22+00:00\",\"breadcrumb\":{\"@id\":\"https:\\\/\\\/cvinoticias.com\\\/v3\\\/se-realizo-el-lanzamiento-de-la-fiesta-nacional-del-inmigrante-edicion-44-en-puerto-iguazu\\\/#breadcrumb\"},\"inLanguage\":\"es\",\"potentialAction\":[{\"@type\":\"ReadAction\",\"target\":[\"https:\\\/\\\/cvinoticias.com\\\/v3\\\/se-realizo-el-lanzamiento-de-la-fiesta-nacional-del-inmigrante-edicion-44-en-puerto-iguazu\\\/\"]}]},{\"@type\":\"ImageObject\",\"inLanguage\":\"es\",\"@id\":\"https:\\\/\\\/cvinoticias.com\\\/v3\\\/se-realizo-el-lanzamiento-de-la-fiesta-nacional-del-inmigrante-edicion-44-en-puerto-iguazu\\\/#primaryimage\",\"url\":\"https:\\\/\\\/cvinoticias.com\\\/wp-content\\\/uploads\\\/2024\\\/08\\\/Screenshot_20240821-160841.png\",\"contentUrl\":\"https:\\\/\\\/cvinoticias.com\\\/wp-content\\\/uploads\\\/2024\\\/08\\\/Screenshot_20240821-160841.png\",\"width\":1080,\"height\":721},{\"@type\":\"BreadcrumbList\",\"@id\":\"https:\\\/\\\/cvinoticias.com\\\/v3\\\/se-realizo-el-lanzamiento-de-la-fiesta-nacional-del-inmigrante-edicion-44-en-puerto-iguazu\\\/#breadcrumb\",\"itemListElement\":[{\"@type\":\"ListItem\",\"position\":1,\"name\":\"Portada\",\"item\":\"https:\\\/\\\/cvinoticias.com\\\/v3\\\/\"},{\"@type\":\"ListItem\",\"position\":2,\"name\":\"Se realiz\u00f3 el Lanzamiento de la Fiesta Nacional del Inmigrante edici\u00f3n 44,\u00b0 en Puerto Iguaz\u00fa\"}]},{\"@type\":\"WebSite\",\"@id\":\"https:\\\/\\\/cvinoticias.com\\\/v3\\\/#website\",\"url\":\"https:\\\/\\\/cvinoticias.com\\\/v3\\\/\",\"name\":\"CVI NOTICIAS\",\"description\":\"\",\"publisher\":{\"@id\":\"https:\\\/\\\/cvinoticias.com\\\/v3\\\/#organization\"},\"alternateName\":\"CVI\",\"potentialAction\":[{\"@type\":\"SearchAction\",\"target\":{\"@type\":\"EntryPoint\",\"urlTemplate\":\"https:\\\/\\\/cvinoticias.com\\\/v3\\\/?s={search_term_string}\"},\"query-input\":{\"@type\":\"PropertyValueSpecification\",\"valueRequired\":true,\"valueName\":\"search_term_string\"}}],\"inLanguage\":\"es\"},{\"@type\":\"Organization\",\"@id\":\"https:\\\/\\\/cvinoticias.com\\\/v3\\\/#organization\",\"name\":\"CVI NOTICIAS\",\"url\":\"https:\\\/\\\/cvinoticias.com\\\/v3\\\/\",\"logo\":{\"@type\":\"ImageObject\",\"inLanguage\":\"es\",\"@id\":\"https:\\\/\\\/cvinoticias.com\\\/v3\\\/#\\\/schema\\\/logo\\\/image\\\/\",\"url\":\"https:\\\/\\\/cvinoticias.com\\\/wp-content\\\/uploads\\\/2023\\\/04\\\/cropped-cropped-cropped-cropped-cropped-3-1.png\",\"contentUrl\":\"https:\\\/\\\/cvinoticias.com\\\/wp-content\\\/uploads\\\/2023\\\/04\\\/cropped-cropped-cropped-cropped-cropped-3-1.png\",\"width\":95,\"height\":122,\"caption\":\"CVI NOTICIAS\"},\"image\":{\"@id\":\"https:\\\/\\\/cvinoticias.com\\\/v3\\\/#\\\/schema\\\/logo\\\/image\\\/\"},\"sameAs\":[\"https:\\\/\\\/www.facebook.com\\\/cvinoticias\",\"https:\\\/\\\/www.instagram.com\\\/cvinoticias\\\/\",\"https:\\\/\\\/www.youtube.com\\\/@CVINOTICIAS\"]},{\"@type\":\"Person\",\"@id\":\"https:\\\/\\\/cvinoticias.com\\\/v3\\\/#\\\/schema\\\/person\\\/2db77e3c6bc03c538495d7b2b8be9b66\",\"name\":\"f1000024\",\"image\":{\"@type\":\"ImageObject\",\"inLanguage\":\"es\",\"@id\":\"https:\\\/\\\/secure.gravatar.com\\\/avatar\\\/d4fe7459cfc51ff5129ce1a732bbef5928568b8092d412ef95611616376bbeed?s=96&d=mm&r=g\",\"url\":\"https:\\\/\\\/secure.gravatar.com\\\/avatar\\\/d4fe7459cfc51ff5129ce1a732bbef5928568b8092d412ef95611616376bbeed?s=96&d=mm&r=g\",\"contentUrl\":\"https:\\\/\\\/secure.gravatar.com\\\/avatar\\\/d4fe7459cfc51ff5129ce1a732bbef5928568b8092d412ef95611616376bbeed?s=96&d=mm&r=g\",\"caption\":\"f1000024\"},\"url\":\"https:\\\/\\\/cvinoticias.com\\\/v3\\\/author\\\/f1000024\\\/\"}]}<\/script>\n<!-- \/ Yoast SEO plugin. -->","yoast_head_json":{"title":"Se realiz\u00f3 el Lanzamiento de la Fiesta Nacional del Inmigrante edici\u00f3n 44,\u00b0 en Puerto Iguaz\u00fa | CVI NOTICIAS","robots":{"index":"index","follow":"follow","max-snippet":"max-snippet:-1","max-image-preview":"max-image-preview:large","max-video-preview":"max-video-preview:-1"},"canonical":"https:\/\/cvinoticias.com\/v3\/se-realizo-el-lanzamiento-de-la-fiesta-nacional-del-inmigrante-edicion-44-en-puerto-iguazu\/","og_locale":"es_ES","og_type":"article","og_title":"Se realiz\u00f3 el Lanzamiento de la Fiesta Nacional del Inmigrante edici\u00f3n 44,\u00b0 en Puerto Iguaz\u00fa | CVI NOTICIAS","og_description":"Con la Presencia del Presidente del ITUREM Lic. Leopoldo Lucas se llev\u00f3 a cabo la presentaci\u00f3n de la 44\u00b0 Edici\u00f3n de la Fiesta Nacional del Inmigrante que a\u00f1o tras a\u00f1o se realiza en la Capital del Monte, y este a\u00f1o ser\u00e1 del 5 al 15 de Septiembre en el habitual predio de la Festividad, el [&hellip;]","og_url":"https:\/\/cvinoticias.com\/v3\/se-realizo-el-lanzamiento-de-la-fiesta-nacional-del-inmigrante-edicion-44-en-puerto-iguazu\/","og_site_name":"CVI NOTICIAS","article_publisher":"https:\/\/www.facebook.com\/cvinoticias","article_published_time":"2024-08-21T19:09:43+00:00","article_modified_time":"2024-08-22T03:16:22+00:00","og_image":[{"width":1080,"height":721,"url":"https:\/\/cvinoticias.com\/wp-content\/uploads\/2024\/08\/Screenshot_20240821-160841.png","type":"image\/png"}],"author":"f1000024","twitter_card":"summary_large_image","twitter_misc":{"Escrito por":"f1000024","Tiempo de lectura":"3 minutos"},"schema":{"@context":"https:\/\/schema.org","@graph":[{"@type":"Article","@id":"https:\/\/cvinoticias.com\/v3\/se-realizo-el-lanzamiento-de-la-fiesta-nacional-del-inmigrante-edicion-44-en-puerto-iguazu\/#article","isPartOf":{"@id":"https:\/\/cvinoticias.com\/v3\/se-realizo-el-lanzamiento-de-la-fiesta-nacional-del-inmigrante-edicion-44-en-puerto-iguazu\/"},"author":{"name":"f1000024","@id":"https:\/\/cvinoticias.com\/v3\/#\/schema\/person\/2db77e3c6bc03c538495d7b2b8be9b66"},"headline":"Se realiz\u00f3 el Lanzamiento de la Fiesta Nacional del Inmigrante edici\u00f3n 44,\u00b0 en Puerto Iguaz\u00fa","datePublished":"2024-08-21T19:09:43+00:00","dateModified":"2024-08-22T03:16:22+00:00","mainEntityOfPage":{"@id":"https:\/\/cvinoticias.com\/v3\/se-realizo-el-lanzamiento-de-la-fiesta-nacional-del-inmigrante-edicion-44-en-puerto-iguazu\/"},"wordCount":501,"commentCount":0,"publisher":{"@id":"https:\/\/cvinoticias.com\/v3\/#organization"},"image":{"@id":"https:\/\/cvinoticias.com\/v3\/se-realizo-el-lanzamiento-de-la-fiesta-nacional-del-inmigrante-edicion-44-en-puerto-iguazu\/#primaryimage"},"thumbnailUrl":"https:\/\/cvinoticias.com\/wp-content\/uploads\/2024\/08\/Screenshot_20240821-160841.png","inLanguage":"es","potentialAction":[{"@type":"CommentAction","name":"Comment","target":["https:\/\/cvinoticias.com\/v3\/se-realizo-el-lanzamiento-de-la-fiesta-nacional-del-inmigrante-edicion-44-en-puerto-iguazu\/#respond"]}]},{"@type":"WebPage","@id":"https:\/\/cvinoticias.com\/v3\/se-realizo-el-lanzamiento-de-la-fiesta-nacional-del-inmigrante-edicion-44-en-puerto-iguazu\/","url":"https:\/\/cvinoticias.com\/v3\/se-realizo-el-lanzamiento-de-la-fiesta-nacional-del-inmigrante-edicion-44-en-puerto-iguazu\/","name":"Se realiz\u00f3 el Lanzamiento de la Fiesta Nacional del Inmigrante edici\u00f3n 44,\u00b0 en Puerto Iguaz\u00fa | CVI NOTICIAS","isPartOf":{"@id":"https:\/\/cvinoticias.com\/v3\/#website"},"primaryImageOfPage":{"@id":"https:\/\/cvinoticias.com\/v3\/se-realizo-el-lanzamiento-de-la-fiesta-nacional-del-inmigrante-edicion-44-en-puerto-iguazu\/#primaryimage"},"image":{"@id":"https:\/\/cvinoticias.com\/v3\/se-realizo-el-lanzamiento-de-la-fiesta-nacional-del-inmigrante-edicion-44-en-puerto-iguazu\/#primaryimage"},"thumbnailUrl":"https:\/\/cvinoticias.com\/wp-content\/uploads\/2024\/08\/Screenshot_20240821-160841.png","datePublished":"2024-08-21T19:09:43+00:00","dateModified":"2024-08-22T03:16:22+00:00","breadcrumb":{"@id":"https:\/\/cvinoticias.com\/v3\/se-realizo-el-lanzamiento-de-la-fiesta-nacional-del-inmigrante-edicion-44-en-puerto-iguazu\/#breadcrumb"},"inLanguage":"es","potentialAction":[{"@type":"ReadAction","target":["https:\/\/cvinoticias.com\/v3\/se-realizo-el-lanzamiento-de-la-fiesta-nacional-del-inmigrante-edicion-44-en-puerto-iguazu\/"]}]},{"@type":"ImageObject","inLanguage":"es","@id":"https:\/\/cvinoticias.com\/v3\/se-realizo-el-lanzamiento-de-la-fiesta-nacional-del-inmigrante-edicion-44-en-puerto-iguazu\/#primaryimage","url":"https:\/\/cvinoticias.com\/wp-content\/uploads\/2024\/08\/Screenshot_20240821-160841.png","contentUrl":"https:\/\/cvinoticias.com\/wp-content\/uploads\/2024\/08\/Screenshot_20240821-160841.png","width":1080,"height":721},{"@type":"BreadcrumbList","@id":"https:\/\/cvinoticias.com\/v3\/se-realizo-el-lanzamiento-de-la-fiesta-nacional-del-inmigrante-edicion-44-en-puerto-iguazu\/#breadcrumb","itemListElement":[{"@type":"ListItem","position":1,"name":"Portada","item":"https:\/\/cvinoticias.com\/v3\/"},{"@type":"ListItem","position":2,"name":"Se realiz\u00f3 el Lanzamiento de la Fiesta Nacional del Inmigrante edici\u00f3n 44,\u00b0 en Puerto Iguaz\u00fa"}]},{"@type":"WebSite","@id":"https:\/\/cvinoticias.com\/v3\/#website","url":"https:\/\/cvinoticias.com\/v3\/","name":"CVI NOTICIAS","description":"","publisher":{"@id":"https:\/\/cvinoticias.com\/v3\/#organization"},"alternateName":"CVI","potentialAction":[{"@type":"SearchAction","target":{"@type":"EntryPoint","urlTemplate":"https:\/\/cvinoticias.com\/v3\/?s={search_term_string}"},"query-input":{"@type":"PropertyValueSpecification","valueRequired":true,"valueName":"search_term_string"}}],"inLanguage":"es"},{"@type":"Organization","@id":"https:\/\/cvinoticias.com\/v3\/#organization","name":"CVI NOTICIAS","url":"https:\/\/cvinoticias.com\/v3\/","logo":{"@type":"ImageObject","inLanguage":"es","@id":"https:\/\/cvinoticias.com\/v3\/#\/schema\/logo\/image\/","url":"https:\/\/cvinoticias.com\/wp-content\/uploads\/2023\/04\/cropped-cropped-cropped-cropped-cropped-3-1.png","contentUrl":"https:\/\/cvinoticias.com\/wp-content\/uploads\/2023\/04\/cropped-cropped-cropped-cropped-cropped-3-1.png","width":95,"height":122,"caption":"CVI NOTICIAS"},"image":{"@id":"https:\/\/cvinoticias.com\/v3\/#\/schema\/logo\/image\/"},"sameAs":["https:\/\/www.facebook.com\/cvinoticias","https:\/\/www.instagram.com\/cvinoticias\/","https:\/\/www.youtube.com\/@CVINOTICIAS"]},{"@type":"Person","@id":"https:\/\/cvinoticias.com\/v3\/#\/schema\/person\/2db77e3c6bc03c538495d7b2b8be9b66","name":"f1000024","image":{"@type":"ImageObject","inLanguage":"es","@id":"https:\/\/secure.gravatar.com\/avatar\/d4fe7459cfc51ff5129ce1a732bbef5928568b8092d412ef95611616376bbeed?s=96&d=mm&r=g","url":"https:\/\/secure.gravatar.com\/avatar\/d4fe7459cfc51ff5129ce1a732bbef5928568b8092d412ef95611616376bbeed?s=96&d=mm&r=g","contentUrl":"https:\/\/secure.gravatar.com\/avatar\/d4fe7459cfc51ff5129ce1a732bbef5928568b8092d412ef95611616376bbeed?s=96&d=mm&r=g","caption":"f1000024"},"url":"https:\/\/cvinoticias.com\/v3\/author\/f1000024\/"}]}},"_links":{"self":[{"href":"https:\/\/cvinoticias.com\/v3\/wp-json\/wp\/v2\/posts\/35581","targetHints":{"allow":["GET"]}}],"collection":[{"href":"https:\/\/cvinoticias.com\/v3\/wp-json\/wp\/v2\/posts"}],"about":[{"href":"https:\/\/cvinoticias.com\/v3\/wp-json\/wp\/v2\/types\/post"}],"author":[{"embeddable":true,"href":"https:\/\/cvinoticias.com\/v3\/wp-json\/wp\/v2\/users\/2"}],"replies":[{"embeddable":true,"href":"https:\/\/cvinoticias.com\/v3\/wp-json\/wp\/v2\/comments?post=35581"}],"version-history":[{"count":4,"href":"https:\/\/cvinoticias.com\/v3\/wp-json\/wp\/v2\/posts\/35581\/revisions"}],"predecessor-version":[{"id":35595,"href":"https:\/\/cvinoticias.com\/v3\/wp-json\/wp\/v2\/posts\/35581\/revisions\/35595"}],"wp:featuredmedia":[{"embeddable":true,"href":"https:\/\/cvinoticias.com\/v3\/wp-json\/wp\/v2\/media\/35582"}],"wp:attachment":[{"href":"https:\/\/cvinoticias.com\/v3\/wp-json\/wp\/v2\/media?parent=35581"}],"wp:term":[{"taxonomy":"category","embeddable":true,"href":"https:\/\/cvinoticias.com\/v3\/wp-json\/wp\/v2\/categories?post=35581"},{"taxonomy":"post_tag","embeddable":true,"href":"https:\/\/cvinoticias.com\/v3\/wp-json\/wp\/v2\/tags?post=35581"}],"curies":[{"name":"wp","href":"https:\/\/api.w.org\/{rel}","templated":true}]}}