{"id":35567,"date":"2024-08-21T00:51:31","date_gmt":"2024-08-21T03:51:31","guid":{"rendered":"https:\/\/cvinoticias.com\/v3\/?p=35567"},"modified":"2024-08-21T01:46:38","modified_gmt":"2024-08-21T04:46:38","slug":"10o-dialogo-regional-sobre-financiamiento-de-la-biodiversidad-para-america-latina-y-el-caribe-en-puerto-iguazu","status":"publish","type":"post","link":"https:\/\/cvinoticias.com\/v3\/10o-dialogo-regional-sobre-financiamiento-de-la-biodiversidad-para-america-latina-y-el-caribe-en-puerto-iguazu\/","title":{"rendered":"10\u00ba Di\u00e1logo Regional sobre Financiamiento de la Biodiversidad para Am\u00e9rica Latina y el Caribe en Puerto Iguaz\u00fa"},"content":{"rendered":"\n<p><strong>Desde este martes y hasta el 22 de agosto, Puerto Iguaz\u00fa es el epicentro de un importante encuentro regional que re\u00fane a 65 expertos en financiamiento de la biodiversidad y a representantes gubernamentales de 13 pa\u00edses de Am\u00e9rica Latina y el Caribe.<\/strong><\/p>\n\n\n\n<p>El evento, organizado por la Iniciativa de Financiamiento de la Biodiversidad (BIOFIN) del Programa de las Naciones Unidas para el Desarrollo (PNUD), tiene como objetivo explorar soluciones de financiamiento que puedan cerrar la brecha global de 820 mil millones de d\u00f3lares en la protecci\u00f3n de la naturaleza.<\/p>\n\n\n\n<p>Entre los participantes se encuentran Claudio Tomasi, Representante Residente del PNUD Argentina; <strong>Gervasio Malagrida, Ministro de Cambio Clim\u00e1tico de Misiones;<\/strong> Onno Van del Heuuel, l\u00edder del equipo global de BIOFIN; Mariana Bellot, Coordinadora Regional de BIOFIN; y representantes de la comunidad guaran\u00ed del \u00c1rea Natural Protegida Delf\u00edn Ben\u00edtez.<\/p>\n\n\n\n<p><strong>Este 10\u00ba Di\u00e1logo Regional sobre Financiamiento de la Biodiversidad se centrar\u00e1 en el papel del sector financiero en el cumplimiento de los objetivos del Convenio de Diversidad Biol\u00f3gica, as\u00ed como en la movilizaci\u00f3n de financiamiento privado para la bioeconom\u00eda.<\/strong><\/p>\n\n\n\n<figure class=\"wp-block-gallery has-nested-images columns-default is-cropped wp-block-gallery-1 is-layout-flex wp-block-gallery-is-layout-flex\">\n<figure class=\"wp-block-image size-large\"><a href=\"https:\/\/cvinoticias.com\/wp-content\/uploads\/2024\/08\/Primer-dia-en-Iguazu-BIOFIN-1068x601-1.jpg\"><img decoding=\"async\" width=\"1024\" height=\"576\" data-id=\"35570\" data-src=\"https:\/\/cvinoticias.com\/wp-content\/uploads\/2024\/08\/Primer-dia-en-Iguazu-BIOFIN-1068x601-1-1024x576.jpg\" alt=\"\" class=\"wp-image-35570 lazyload\" data-srcset=\"https:\/\/cvinoticias.com\/wp-content\/uploads\/2024\/08\/Primer-dia-en-Iguazu-BIOFIN-1068x601-1-1024x576.jpg 1024w, https:\/\/cvinoticias.com\/wp-content\/uploads\/2024\/08\/Primer-dia-en-Iguazu-BIOFIN-1068x601-1-300x169.jpg 300w, https:\/\/cvinoticias.com\/wp-content\/uploads\/2024\/08\/Primer-dia-en-Iguazu-BIOFIN-1068x601-1-768x432.jpg 768w, https:\/\/cvinoticias.com\/wp-content\/uploads\/2024\/08\/Primer-dia-en-Iguazu-BIOFIN-1068x601-1.jpg 1068w\" data-sizes=\"(max-width: 1024px) 100vw, 1024px\" src=\"data:image\/svg+xml;base64,PHN2ZyB3aWR0aD0iMSIgaGVpZ2h0PSIxIiB4bWxucz0iaHR0cDovL3d3dy53My5vcmcvMjAwMC9zdmciPjwvc3ZnPg==\" style=\"--smush-placeholder-width: 1024px; --smush-placeholder-aspect-ratio: 1024\/576;\" \/><\/a><\/figure>\n\n\n\n<figure class=\"wp-block-image size-large\"><a href=\"https:\/\/cvinoticias.com\/wp-content\/uploads\/2024\/08\/Primer-dia-en-Iguazu-BIOFIN-5-1068x801-1.jpg\"><img decoding=\"async\" width=\"1024\" height=\"768\" data-id=\"35569\" data-src=\"https:\/\/cvinoticias.com\/wp-content\/uploads\/2024\/08\/Primer-dia-en-Iguazu-BIOFIN-5-1068x801-1-1024x768.jpg\" alt=\"\" class=\"wp-image-35569 lazyload\" data-srcset=\"https:\/\/cvinoticias.com\/wp-content\/uploads\/2024\/08\/Primer-dia-en-Iguazu-BIOFIN-5-1068x801-1-1024x768.jpg 1024w, https:\/\/cvinoticias.com\/wp-content\/uploads\/2024\/08\/Primer-dia-en-Iguazu-BIOFIN-5-1068x801-1-300x225.jpg 300w, https:\/\/cvinoticias.com\/wp-content\/uploads\/2024\/08\/Primer-dia-en-Iguazu-BIOFIN-5-1068x801-1-768x576.jpg 768w, https:\/\/cvinoticias.com\/wp-content\/uploads\/2024\/08\/Primer-dia-en-Iguazu-BIOFIN-5-1068x801-1.jpg 1068w\" data-sizes=\"(max-width: 1024px) 100vw, 1024px\" src=\"data:image\/svg+xml;base64,PHN2ZyB3aWR0aD0iMSIgaGVpZ2h0PSIxIiB4bWxucz0iaHR0cDovL3d3dy53My5vcmcvMjAwMC9zdmciPjwvc3ZnPg==\" style=\"--smush-placeholder-width: 1024px; --smush-placeholder-aspect-ratio: 1024\/768;\" \/><\/a><\/figure>\n<\/figure>\n\n\n\n<p>El evento tambi\u00e9n busca fortalecer las capacidades de los pa\u00edses para presentar propuestas s\u00f3lidas en la pr\u00f3xima Conferencia de las Partes (COP 16), que se celebrar\u00e1 en Cali, Colombia, en octubre de este a\u00f1o.En este contexto, el PNUD Argentina.<\/p>\n\n\n\n<p>Argentina desempe\u00f1a un papel crucial aportando su experiencia en el desarrollo de estrategias de financiamiento para la conservaci\u00f3n de la biodiversidad a nivel nacional y regional.<\/p>\n","protected":false},"excerpt":{"rendered":"<p>Desde este martes y hasta el 22 de agosto, Puerto Iguaz\u00fa es el epicentro de un importante encuentro regional que re\u00fane a 65 expertos en financiamiento de la biodiversidad y a representantes gubernamentales de 13 pa\u00edses de Am\u00e9rica Latina y el Caribe. El evento, organizado por la Iniciativa de Financiamiento de la Biodiversidad (BIOFIN) del [&hellip;]<\/p>\n","protected":false},"author":2,"featured_media":35568,"comment_status":"open","ping_status":"open","sticky":false,"template":"","format":"standard","meta":{"footnotes":""},"categories":[450],"tags":[],"class_list":["post-35567","post","type-post","status-publish","format-standard","has-post-thumbnail","hentry","category-cambio-climatico"],"yoast_head":"<!-- This site is optimized with the Yoast SEO plugin v27.4 - https:\/\/yoast.com\/product\/yoast-seo-wordpress\/ -->\n<title>10\u00ba Di\u00e1logo Regional sobre Financiamiento de la Biodiversidad para Am\u00e9rica Latina y el Caribe en Puerto Iguaz\u00fa | CVI NOTICIAS<\/title>\n<meta name=\"robots\" content=\"index, follow, max-snippet:-1, max-image-preview:large, max-video-preview:-1\" \/>\n<link rel=\"canonical\" href=\"https:\/\/cvinoticias.com\/v3\/10o-dialogo-regional-sobre-financiamiento-de-la-biodiversidad-para-america-latina-y-el-caribe-en-puerto-iguazu\/\" \/>\n<meta property=\"og:locale\" content=\"es_ES\" \/>\n<meta property=\"og:type\" content=\"article\" \/>\n<meta property=\"og:title\" content=\"10\u00ba Di\u00e1logo Regional sobre Financiamiento de la Biodiversidad para Am\u00e9rica Latina y el Caribe en Puerto Iguaz\u00fa | CVI NOTICIAS\" \/>\n<meta property=\"og:description\" content=\"Desde este martes y hasta el 22 de agosto, Puerto Iguaz\u00fa es el epicentro de un importante encuentro regional que re\u00fane a 65 expertos en financiamiento de la biodiversidad y a representantes gubernamentales de 13 pa\u00edses de Am\u00e9rica Latina y el Caribe. El evento, organizado por la Iniciativa de Financiamiento de la Biodiversidad (BIOFIN) del [&hellip;]\" \/>\n<meta property=\"og:url\" content=\"https:\/\/cvinoticias.com\/v3\/10o-dialogo-regional-sobre-financiamiento-de-la-biodiversidad-para-america-latina-y-el-caribe-en-puerto-iguazu\/\" \/>\n<meta property=\"og:site_name\" content=\"CVI NOTICIAS\" \/>\n<meta property=\"article:publisher\" content=\"https:\/\/www.facebook.com\/cvinoticias\" \/>\n<meta property=\"article:published_time\" content=\"2024-08-21T03:51:31+00:00\" \/>\n<meta property=\"article:modified_time\" content=\"2024-08-21T04:46:38+00:00\" \/>\n<meta property=\"og:image\" content=\"https:\/\/cvinoticias.com\/wp-content\/uploads\/2024\/08\/Primer-dia-en-Iguazu-BIOFIN-6-1068x801-1.jpg\" \/>\n\t<meta property=\"og:image:width\" content=\"1068\" \/>\n\t<meta property=\"og:image:height\" content=\"801\" \/>\n\t<meta property=\"og:image:type\" content=\"image\/jpeg\" \/>\n<meta name=\"author\" content=\"f1000024\" \/>\n<meta name=\"twitter:card\" content=\"summary_large_image\" \/>\n<meta name=\"twitter:label1\" content=\"Escrito por\" \/>\n\t<meta name=\"twitter:data1\" content=\"f1000024\" \/>\n\t<meta name=\"twitter:label2\" content=\"Tiempo de lectura\" \/>\n\t<meta name=\"twitter:data2\" content=\"2 minutos\" \/>\n<script type=\"application\/ld+json\" class=\"yoast-schema-graph\">{\"@context\":\"https:\\\/\\\/schema.org\",\"@graph\":[{\"@type\":\"Article\",\"@id\":\"https:\\\/\\\/cvinoticias.com\\\/v3\\\/10o-dialogo-regional-sobre-financiamiento-de-la-biodiversidad-para-america-latina-y-el-caribe-en-puerto-iguazu\\\/#article\",\"isPartOf\":{\"@id\":\"https:\\\/\\\/cvinoticias.com\\\/v3\\\/10o-dialogo-regional-sobre-financiamiento-de-la-biodiversidad-para-america-latina-y-el-caribe-en-puerto-iguazu\\\/\"},\"author\":{\"name\":\"f1000024\",\"@id\":\"https:\\\/\\\/cvinoticias.com\\\/v3\\\/#\\\/schema\\\/person\\\/2db77e3c6bc03c538495d7b2b8be9b66\"},\"headline\":\"10\u00ba Di\u00e1logo Regional sobre Financiamiento de la Biodiversidad para Am\u00e9rica Latina y el Caribe en Puerto Iguaz\u00fa\",\"datePublished\":\"2024-08-21T03:51:31+00:00\",\"dateModified\":\"2024-08-21T04:46:38+00:00\",\"mainEntityOfPage\":{\"@id\":\"https:\\\/\\\/cvinoticias.com\\\/v3\\\/10o-dialogo-regional-sobre-financiamiento-de-la-biodiversidad-para-america-latina-y-el-caribe-en-puerto-iguazu\\\/\"},\"wordCount\":274,\"commentCount\":0,\"publisher\":{\"@id\":\"https:\\\/\\\/cvinoticias.com\\\/v3\\\/#organization\"},\"image\":{\"@id\":\"https:\\\/\\\/cvinoticias.com\\\/v3\\\/10o-dialogo-regional-sobre-financiamiento-de-la-biodiversidad-para-america-latina-y-el-caribe-en-puerto-iguazu\\\/#primaryimage\"},\"thumbnailUrl\":\"https:\\\/\\\/cvinoticias.com\\\/wp-content\\\/uploads\\\/2024\\\/08\\\/Primer-dia-en-Iguazu-BIOFIN-6-1068x801-1.jpg\",\"articleSection\":[\"Cambio clim\u00e1tico\"],\"inLanguage\":\"es\",\"potentialAction\":[{\"@type\":\"CommentAction\",\"name\":\"Comment\",\"target\":[\"https:\\\/\\\/cvinoticias.com\\\/v3\\\/10o-dialogo-regional-sobre-financiamiento-de-la-biodiversidad-para-america-latina-y-el-caribe-en-puerto-iguazu\\\/#respond\"]}]},{\"@type\":\"WebPage\",\"@id\":\"https:\\\/\\\/cvinoticias.com\\\/v3\\\/10o-dialogo-regional-sobre-financiamiento-de-la-biodiversidad-para-america-latina-y-el-caribe-en-puerto-iguazu\\\/\",\"url\":\"https:\\\/\\\/cvinoticias.com\\\/v3\\\/10o-dialogo-regional-sobre-financiamiento-de-la-biodiversidad-para-america-latina-y-el-caribe-en-puerto-iguazu\\\/\",\"name\":\"10\u00ba Di\u00e1logo Regional sobre Financiamiento de la Biodiversidad para Am\u00e9rica Latina y el Caribe en Puerto Iguaz\u00fa | CVI NOTICIAS\",\"isPartOf\":{\"@id\":\"https:\\\/\\\/cvinoticias.com\\\/v3\\\/#website\"},\"primaryImageOfPage\":{\"@id\":\"https:\\\/\\\/cvinoticias.com\\\/v3\\\/10o-dialogo-regional-sobre-financiamiento-de-la-biodiversidad-para-america-latina-y-el-caribe-en-puerto-iguazu\\\/#primaryimage\"},\"image\":{\"@id\":\"https:\\\/\\\/cvinoticias.com\\\/v3\\\/10o-dialogo-regional-sobre-financiamiento-de-la-biodiversidad-para-america-latina-y-el-caribe-en-puerto-iguazu\\\/#primaryimage\"},\"thumbnailUrl\":\"https:\\\/\\\/cvinoticias.com\\\/wp-content\\\/uploads\\\/2024\\\/08\\\/Primer-dia-en-Iguazu-BIOFIN-6-1068x801-1.jpg\",\"datePublished\":\"2024-08-21T03:51:31+00:00\",\"dateModified\":\"2024-08-21T04:46:38+00:00\",\"breadcrumb\":{\"@id\":\"https:\\\/\\\/cvinoticias.com\\\/v3\\\/10o-dialogo-regional-sobre-financiamiento-de-la-biodiversidad-para-america-latina-y-el-caribe-en-puerto-iguazu\\\/#breadcrumb\"},\"inLanguage\":\"es\",\"potentialAction\":[{\"@type\":\"ReadAction\",\"target\":[\"https:\\\/\\\/cvinoticias.com\\\/v3\\\/10o-dialogo-regional-sobre-financiamiento-de-la-biodiversidad-para-america-latina-y-el-caribe-en-puerto-iguazu\\\/\"]}]},{\"@type\":\"ImageObject\",\"inLanguage\":\"es\",\"@id\":\"https:\\\/\\\/cvinoticias.com\\\/v3\\\/10o-dialogo-regional-sobre-financiamiento-de-la-biodiversidad-para-america-latina-y-el-caribe-en-puerto-iguazu\\\/#primaryimage\",\"url\":\"https:\\\/\\\/cvinoticias.com\\\/wp-content\\\/uploads\\\/2024\\\/08\\\/Primer-dia-en-Iguazu-BIOFIN-6-1068x801-1.jpg\",\"contentUrl\":\"https:\\\/\\\/cvinoticias.com\\\/wp-content\\\/uploads\\\/2024\\\/08\\\/Primer-dia-en-Iguazu-BIOFIN-6-1068x801-1.jpg\",\"width\":1068,\"height\":801},{\"@type\":\"BreadcrumbList\",\"@id\":\"https:\\\/\\\/cvinoticias.com\\\/v3\\\/10o-dialogo-regional-sobre-financiamiento-de-la-biodiversidad-para-america-latina-y-el-caribe-en-puerto-iguazu\\\/#breadcrumb\",\"itemListElement\":[{\"@type\":\"ListItem\",\"position\":1,\"name\":\"Portada\",\"item\":\"https:\\\/\\\/cvinoticias.com\\\/v3\\\/\"},{\"@type\":\"ListItem\",\"position\":2,\"name\":\"10\u00ba Di\u00e1logo Regional sobre Financiamiento de la Biodiversidad para Am\u00e9rica Latina y el Caribe en Puerto Iguaz\u00fa\"}]},{\"@type\":\"WebSite\",\"@id\":\"https:\\\/\\\/cvinoticias.com\\\/v3\\\/#website\",\"url\":\"https:\\\/\\\/cvinoticias.com\\\/v3\\\/\",\"name\":\"CVI NOTICIAS\",\"description\":\"\",\"publisher\":{\"@id\":\"https:\\\/\\\/cvinoticias.com\\\/v3\\\/#organization\"},\"alternateName\":\"CVI\",\"potentialAction\":[{\"@type\":\"SearchAction\",\"target\":{\"@type\":\"EntryPoint\",\"urlTemplate\":\"https:\\\/\\\/cvinoticias.com\\\/v3\\\/?s={search_term_string}\"},\"query-input\":{\"@type\":\"PropertyValueSpecification\",\"valueRequired\":true,\"valueName\":\"search_term_string\"}}],\"inLanguage\":\"es\"},{\"@type\":\"Organization\",\"@id\":\"https:\\\/\\\/cvinoticias.com\\\/v3\\\/#organization\",\"name\":\"CVI NOTICIAS\",\"url\":\"https:\\\/\\\/cvinoticias.com\\\/v3\\\/\",\"logo\":{\"@type\":\"ImageObject\",\"inLanguage\":\"es\",\"@id\":\"https:\\\/\\\/cvinoticias.com\\\/v3\\\/#\\\/schema\\\/logo\\\/image\\\/\",\"url\":\"https:\\\/\\\/cvinoticias.com\\\/wp-content\\\/uploads\\\/2023\\\/04\\\/cropped-cropped-cropped-cropped-cropped-3-1.png\",\"contentUrl\":\"https:\\\/\\\/cvinoticias.com\\\/wp-content\\\/uploads\\\/2023\\\/04\\\/cropped-cropped-cropped-cropped-cropped-3-1.png\",\"width\":95,\"height\":122,\"caption\":\"CVI NOTICIAS\"},\"image\":{\"@id\":\"https:\\\/\\\/cvinoticias.com\\\/v3\\\/#\\\/schema\\\/logo\\\/image\\\/\"},\"sameAs\":[\"https:\\\/\\\/www.facebook.com\\\/cvinoticias\",\"https:\\\/\\\/www.instagram.com\\\/cvinoticias\\\/\",\"https:\\\/\\\/www.youtube.com\\\/@CVINOTICIAS\"]},{\"@type\":\"Person\",\"@id\":\"https:\\\/\\\/cvinoticias.com\\\/v3\\\/#\\\/schema\\\/person\\\/2db77e3c6bc03c538495d7b2b8be9b66\",\"name\":\"f1000024\",\"image\":{\"@type\":\"ImageObject\",\"inLanguage\":\"es\",\"@id\":\"https:\\\/\\\/secure.gravatar.com\\\/avatar\\\/d4fe7459cfc51ff5129ce1a732bbef5928568b8092d412ef95611616376bbeed?s=96&d=mm&r=g\",\"url\":\"https:\\\/\\\/secure.gravatar.com\\\/avatar\\\/d4fe7459cfc51ff5129ce1a732bbef5928568b8092d412ef95611616376bbeed?s=96&d=mm&r=g\",\"contentUrl\":\"https:\\\/\\\/secure.gravatar.com\\\/avatar\\\/d4fe7459cfc51ff5129ce1a732bbef5928568b8092d412ef95611616376bbeed?s=96&d=mm&r=g\",\"caption\":\"f1000024\"},\"url\":\"https:\\\/\\\/cvinoticias.com\\\/v3\\\/author\\\/f1000024\\\/\"}]}<\/script>\n<!-- \/ Yoast SEO plugin. -->","yoast_head_json":{"title":"10\u00ba Di\u00e1logo Regional sobre Financiamiento de la Biodiversidad para Am\u00e9rica Latina y el Caribe en Puerto Iguaz\u00fa | CVI NOTICIAS","robots":{"index":"index","follow":"follow","max-snippet":"max-snippet:-1","max-image-preview":"max-image-preview:large","max-video-preview":"max-video-preview:-1"},"canonical":"https:\/\/cvinoticias.com\/v3\/10o-dialogo-regional-sobre-financiamiento-de-la-biodiversidad-para-america-latina-y-el-caribe-en-puerto-iguazu\/","og_locale":"es_ES","og_type":"article","og_title":"10\u00ba Di\u00e1logo Regional sobre Financiamiento de la Biodiversidad para Am\u00e9rica Latina y el Caribe en Puerto Iguaz\u00fa | CVI NOTICIAS","og_description":"Desde este martes y hasta el 22 de agosto, Puerto Iguaz\u00fa es el epicentro de un importante encuentro regional que re\u00fane a 65 expertos en financiamiento de la biodiversidad y a representantes gubernamentales de 13 pa\u00edses de Am\u00e9rica Latina y el Caribe. El evento, organizado por la Iniciativa de Financiamiento de la Biodiversidad (BIOFIN) del [&hellip;]","og_url":"https:\/\/cvinoticias.com\/v3\/10o-dialogo-regional-sobre-financiamiento-de-la-biodiversidad-para-america-latina-y-el-caribe-en-puerto-iguazu\/","og_site_name":"CVI NOTICIAS","article_publisher":"https:\/\/www.facebook.com\/cvinoticias","article_published_time":"2024-08-21T03:51:31+00:00","article_modified_time":"2024-08-21T04:46:38+00:00","og_image":[{"width":1068,"height":801,"url":"https:\/\/cvinoticias.com\/wp-content\/uploads\/2024\/08\/Primer-dia-en-Iguazu-BIOFIN-6-1068x801-1.jpg","type":"image\/jpeg"}],"author":"f1000024","twitter_card":"summary_large_image","twitter_misc":{"Escrito por":"f1000024","Tiempo de lectura":"2 minutos"},"schema":{"@context":"https:\/\/schema.org","@graph":[{"@type":"Article","@id":"https:\/\/cvinoticias.com\/v3\/10o-dialogo-regional-sobre-financiamiento-de-la-biodiversidad-para-america-latina-y-el-caribe-en-puerto-iguazu\/#article","isPartOf":{"@id":"https:\/\/cvinoticias.com\/v3\/10o-dialogo-regional-sobre-financiamiento-de-la-biodiversidad-para-america-latina-y-el-caribe-en-puerto-iguazu\/"},"author":{"name":"f1000024","@id":"https:\/\/cvinoticias.com\/v3\/#\/schema\/person\/2db77e3c6bc03c538495d7b2b8be9b66"},"headline":"10\u00ba Di\u00e1logo Regional sobre Financiamiento de la Biodiversidad para Am\u00e9rica Latina y el Caribe en Puerto Iguaz\u00fa","datePublished":"2024-08-21T03:51:31+00:00","dateModified":"2024-08-21T04:46:38+00:00","mainEntityOfPage":{"@id":"https:\/\/cvinoticias.com\/v3\/10o-dialogo-regional-sobre-financiamiento-de-la-biodiversidad-para-america-latina-y-el-caribe-en-puerto-iguazu\/"},"wordCount":274,"commentCount":0,"publisher":{"@id":"https:\/\/cvinoticias.com\/v3\/#organization"},"image":{"@id":"https:\/\/cvinoticias.com\/v3\/10o-dialogo-regional-sobre-financiamiento-de-la-biodiversidad-para-america-latina-y-el-caribe-en-puerto-iguazu\/#primaryimage"},"thumbnailUrl":"https:\/\/cvinoticias.com\/wp-content\/uploads\/2024\/08\/Primer-dia-en-Iguazu-BIOFIN-6-1068x801-1.jpg","articleSection":["Cambio clim\u00e1tico"],"inLanguage":"es","potentialAction":[{"@type":"CommentAction","name":"Comment","target":["https:\/\/cvinoticias.com\/v3\/10o-dialogo-regional-sobre-financiamiento-de-la-biodiversidad-para-america-latina-y-el-caribe-en-puerto-iguazu\/#respond"]}]},{"@type":"WebPage","@id":"https:\/\/cvinoticias.com\/v3\/10o-dialogo-regional-sobre-financiamiento-de-la-biodiversidad-para-america-latina-y-el-caribe-en-puerto-iguazu\/","url":"https:\/\/cvinoticias.com\/v3\/10o-dialogo-regional-sobre-financiamiento-de-la-biodiversidad-para-america-latina-y-el-caribe-en-puerto-iguazu\/","name":"10\u00ba Di\u00e1logo Regional sobre Financiamiento de la Biodiversidad para Am\u00e9rica Latina y el Caribe en Puerto Iguaz\u00fa | CVI NOTICIAS","isPartOf":{"@id":"https:\/\/cvinoticias.com\/v3\/#website"},"primaryImageOfPage":{"@id":"https:\/\/cvinoticias.com\/v3\/10o-dialogo-regional-sobre-financiamiento-de-la-biodiversidad-para-america-latina-y-el-caribe-en-puerto-iguazu\/#primaryimage"},"image":{"@id":"https:\/\/cvinoticias.com\/v3\/10o-dialogo-regional-sobre-financiamiento-de-la-biodiversidad-para-america-latina-y-el-caribe-en-puerto-iguazu\/#primaryimage"},"thumbnailUrl":"https:\/\/cvinoticias.com\/wp-content\/uploads\/2024\/08\/Primer-dia-en-Iguazu-BIOFIN-6-1068x801-1.jpg","datePublished":"2024-08-21T03:51:31+00:00","dateModified":"2024-08-21T04:46:38+00:00","breadcrumb":{"@id":"https:\/\/cvinoticias.com\/v3\/10o-dialogo-regional-sobre-financiamiento-de-la-biodiversidad-para-america-latina-y-el-caribe-en-puerto-iguazu\/#breadcrumb"},"inLanguage":"es","potentialAction":[{"@type":"ReadAction","target":["https:\/\/cvinoticias.com\/v3\/10o-dialogo-regional-sobre-financiamiento-de-la-biodiversidad-para-america-latina-y-el-caribe-en-puerto-iguazu\/"]}]},{"@type":"ImageObject","inLanguage":"es","@id":"https:\/\/cvinoticias.com\/v3\/10o-dialogo-regional-sobre-financiamiento-de-la-biodiversidad-para-america-latina-y-el-caribe-en-puerto-iguazu\/#primaryimage","url":"https:\/\/cvinoticias.com\/wp-content\/uploads\/2024\/08\/Primer-dia-en-Iguazu-BIOFIN-6-1068x801-1.jpg","contentUrl":"https:\/\/cvinoticias.com\/wp-content\/uploads\/2024\/08\/Primer-dia-en-Iguazu-BIOFIN-6-1068x801-1.jpg","width":1068,"height":801},{"@type":"BreadcrumbList","@id":"https:\/\/cvinoticias.com\/v3\/10o-dialogo-regional-sobre-financiamiento-de-la-biodiversidad-para-america-latina-y-el-caribe-en-puerto-iguazu\/#breadcrumb","itemListElement":[{"@type":"ListItem","position":1,"name":"Portada","item":"https:\/\/cvinoticias.com\/v3\/"},{"@type":"ListItem","position":2,"name":"10\u00ba Di\u00e1logo Regional sobre Financiamiento de la Biodiversidad para Am\u00e9rica Latina y el Caribe en Puerto Iguaz\u00fa"}]},{"@type":"WebSite","@id":"https:\/\/cvinoticias.com\/v3\/#website","url":"https:\/\/cvinoticias.com\/v3\/","name":"CVI NOTICIAS","description":"","publisher":{"@id":"https:\/\/cvinoticias.com\/v3\/#organization"},"alternateName":"CVI","potentialAction":[{"@type":"SearchAction","target":{"@type":"EntryPoint","urlTemplate":"https:\/\/cvinoticias.com\/v3\/?s={search_term_string}"},"query-input":{"@type":"PropertyValueSpecification","valueRequired":true,"valueName":"search_term_string"}}],"inLanguage":"es"},{"@type":"Organization","@id":"https:\/\/cvinoticias.com\/v3\/#organization","name":"CVI NOTICIAS","url":"https:\/\/cvinoticias.com\/v3\/","logo":{"@type":"ImageObject","inLanguage":"es","@id":"https:\/\/cvinoticias.com\/v3\/#\/schema\/logo\/image\/","url":"https:\/\/cvinoticias.com\/wp-content\/uploads\/2023\/04\/cropped-cropped-cropped-cropped-cropped-3-1.png","contentUrl":"https:\/\/cvinoticias.com\/wp-content\/uploads\/2023\/04\/cropped-cropped-cropped-cropped-cropped-3-1.png","width":95,"height":122,"caption":"CVI NOTICIAS"},"image":{"@id":"https:\/\/cvinoticias.com\/v3\/#\/schema\/logo\/image\/"},"sameAs":["https:\/\/www.facebook.com\/cvinoticias","https:\/\/www.instagram.com\/cvinoticias\/","https:\/\/www.youtube.com\/@CVINOTICIAS"]},{"@type":"Person","@id":"https:\/\/cvinoticias.com\/v3\/#\/schema\/person\/2db77e3c6bc03c538495d7b2b8be9b66","name":"f1000024","image":{"@type":"ImageObject","inLanguage":"es","@id":"https:\/\/secure.gravatar.com\/avatar\/d4fe7459cfc51ff5129ce1a732bbef5928568b8092d412ef95611616376bbeed?s=96&d=mm&r=g","url":"https:\/\/secure.gravatar.com\/avatar\/d4fe7459cfc51ff5129ce1a732bbef5928568b8092d412ef95611616376bbeed?s=96&d=mm&r=g","contentUrl":"https:\/\/secure.gravatar.com\/avatar\/d4fe7459cfc51ff5129ce1a732bbef5928568b8092d412ef95611616376bbeed?s=96&d=mm&r=g","caption":"f1000024"},"url":"https:\/\/cvinoticias.com\/v3\/author\/f1000024\/"}]}},"_links":{"self":[{"href":"https:\/\/cvinoticias.com\/v3\/wp-json\/wp\/v2\/posts\/35567","targetHints":{"allow":["GET"]}}],"collection":[{"href":"https:\/\/cvinoticias.com\/v3\/wp-json\/wp\/v2\/posts"}],"about":[{"href":"https:\/\/cvinoticias.com\/v3\/wp-json\/wp\/v2\/types\/post"}],"author":[{"embeddable":true,"href":"https:\/\/cvinoticias.com\/v3\/wp-json\/wp\/v2\/users\/2"}],"replies":[{"embeddable":true,"href":"https:\/\/cvinoticias.com\/v3\/wp-json\/wp\/v2\/comments?post=35567"}],"version-history":[{"count":1,"href":"https:\/\/cvinoticias.com\/v3\/wp-json\/wp\/v2\/posts\/35567\/revisions"}],"predecessor-version":[{"id":35571,"href":"https:\/\/cvinoticias.com\/v3\/wp-json\/wp\/v2\/posts\/35567\/revisions\/35571"}],"wp:featuredmedia":[{"embeddable":true,"href":"https:\/\/cvinoticias.com\/v3\/wp-json\/wp\/v2\/media\/35568"}],"wp:attachment":[{"href":"https:\/\/cvinoticias.com\/v3\/wp-json\/wp\/v2\/media?parent=35567"}],"wp:term":[{"taxonomy":"category","embeddable":true,"href":"https:\/\/cvinoticias.com\/v3\/wp-json\/wp\/v2\/categories?post=35567"},{"taxonomy":"post_tag","embeddable":true,"href":"https:\/\/cvinoticias.com\/v3\/wp-json\/wp\/v2\/tags?post=35567"}],"curies":[{"name":"wp","href":"https:\/\/api.w.org\/{rel}","templated":true}]}}