{"id":35549,"date":"2024-08-20T15:56:01","date_gmt":"2024-08-20T18:56:01","guid":{"rendered":"https:\/\/cvinoticias.com\/v3\/?p=35549"},"modified":"2024-08-20T15:56:15","modified_gmt":"2024-08-20T18:56:15","slug":"presentacion-en-misiones-de-a-m-a-agregadora-de-musica","status":"publish","type":"post","link":"https:\/\/cvinoticias.com\/v3\/presentacion-en-misiones-de-a-m-a-agregadora-de-musica\/","title":{"rendered":"Presentaci\u00f3n en Misiones de A.M.A Agregadora de M\u00fasica"},"content":{"rendered":"\n<p><strong>Este mi\u00e9rcoles 21 de agosto en las flamantes instalaciones de la EDR (Escuela De Rock)  se presentar\u00e1 la herramienta m\u00e1s importante para  los m\u00fasicos misioneros en tiempos de plataformas digitales, se trata de A.M.A., un software del INAMU que est\u00e1 activo hace pocos meses y se presenta por primera vez fuera de Buenos Aires.<\/strong><\/p>\n\n\n\n<p>Fue creada por el INAMU \u2013Instituto Nacional de la M\u00fasica-, con el financiamiento en su momento del Ministerio de Cultura de la Naci\u00f3n, que apoy\u00f3 el proyecto cuando se encontraba en gesti\u00f3n el ministro Trist\u00e1n Bauer.<\/p>\n\n\n\n<p>Este software est\u00e1 activo hace pocos meses y se presenta por primera vez fuera de Buenos Aires en la provincia de Misiones.<\/p>\n\n\n\n<figure class=\"wp-block-gallery has-nested-images columns-default is-cropped wp-block-gallery-1 is-layout-flex wp-block-gallery-is-layout-flex\">\n<figure class=\"wp-block-image size-large\"><a href=\"https:\/\/cvinoticias.com\/wp-content\/uploads\/2024\/08\/20240816_presentacion-ama-inamu.jpg\"><img decoding=\"async\" width=\"1024\" height=\"1024\" data-id=\"35550\" data-src=\"https:\/\/cvinoticias.com\/wp-content\/uploads\/2024\/08\/20240816_presentacion-ama-inamu-1024x1024.jpg\" alt=\"\" class=\"wp-image-35550 lazyload\" data-srcset=\"https:\/\/cvinoticias.com\/wp-content\/uploads\/2024\/08\/20240816_presentacion-ama-inamu-1024x1024.jpg 1024w, https:\/\/cvinoticias.com\/wp-content\/uploads\/2024\/08\/20240816_presentacion-ama-inamu-300x300.jpg 300w, https:\/\/cvinoticias.com\/wp-content\/uploads\/2024\/08\/20240816_presentacion-ama-inamu-150x150.jpg 150w, https:\/\/cvinoticias.com\/wp-content\/uploads\/2024\/08\/20240816_presentacion-ama-inamu-768x768.jpg 768w, https:\/\/cvinoticias.com\/wp-content\/uploads\/2024\/08\/20240816_presentacion-ama-inamu.jpg 1080w\" data-sizes=\"(max-width: 1024px) 100vw, 1024px\" src=\"data:image\/svg+xml;base64,PHN2ZyB3aWR0aD0iMSIgaGVpZ2h0PSIxIiB4bWxucz0iaHR0cDovL3d3dy53My5vcmcvMjAwMC9zdmciPjwvc3ZnPg==\" style=\"--smush-placeholder-width: 1024px; --smush-placeholder-aspect-ratio: 1024\/1024;\" \/><\/a><\/figure>\n<\/figure>\n\n\n\n<p><strong>Con esta herramienta, los m\u00fasicos pueden recibir la totalidad del pago correspondiente por el uso de su obra en las plataformas asociadas. A trav\u00e9s de esta agregadora, los artistas musicales pueden poner a disposici\u00f3n del p\u00fablico sus obras, sin costo de intermediaci\u00f3n, y pueden conocer con certeza el detalle de las liquidaciones por reproducciones.<\/strong><\/p>\n\n\n\n<p>La presentaci\u00f3n de A.M.A. -Agregadora de M\u00fasica Argentina-se realizar\u00e1 con la presencia del presidente del Inamu, <strong>Bernab\u00e9 Cantlon, el secretario de Estado de Cultura Joselo Schuap y el coordinador regional del Nea, Elio Ilkov. <\/strong>La cita es el mi\u00e9rcoles 21 de agosto a las 16.30 hs, en el auditorio EDR (3 de Febrero 1660, casi San Martin), de Posadas.<\/p>\n\n\n\n<p>Misiones ser\u00e1 el primer lugar que recibe al presidente del INAMU para entrega de los primeros c\u00f3digos y curso de capacitaci\u00f3n, para explicar los alcances de AMA. Cabe destacar que esta es la provincia del NEA con mayor cantidad de asociaciones civiles de m\u00fasicos independientes. <\/p>\n\n\n\n<p>Son seis: <strong>MPM (M\u00fasicos Populares de Misiones), MUSSEL (M\u00fasicos de la Selva), AMAP (Asociaci\u00f3n de M\u00fasicos del Alto Paran\u00e1),  M\u00fasicos Misioneros de Blues, ACMIM (Asociaci\u00f3n Civil de M\u00fasicos Independientes de Montecarlo) y ACMUM (Asociaci\u00f3n Civil de M\u00fasicos Unidos de Misiones).<\/strong><\/p>\n\n\n\n<p><\/p>\n","protected":false},"excerpt":{"rendered":"<p>Este mi\u00e9rcoles 21 de agosto en las flamantes instalaciones de la EDR (Escuela De Rock) se presentar\u00e1 la herramienta m\u00e1s importante para los m\u00fasicos misioneros en tiempos de plataformas digitales, se trata de A.M.A., un software del INAMU que est\u00e1 activo hace pocos meses y se presenta por primera vez fuera de Buenos Aires. Fue [&hellip;]<\/p>\n","protected":false},"author":2,"featured_media":35551,"comment_status":"open","ping_status":"open","sticky":false,"template":"","format":"standard","meta":{"footnotes":""},"categories":[43],"tags":[],"class_list":["post-35549","post","type-post","status-publish","format-standard","has-post-thumbnail","hentry","category-provinciales"],"yoast_head":"<!-- This site is optimized with the Yoast SEO plugin v27.4 - https:\/\/yoast.com\/product\/yoast-seo-wordpress\/ -->\n<title>Presentaci\u00f3n en Misiones de A.M.A Agregadora de M\u00fasica | CVI NOTICIAS<\/title>\n<meta name=\"robots\" content=\"index, follow, max-snippet:-1, max-image-preview:large, max-video-preview:-1\" \/>\n<link rel=\"canonical\" href=\"https:\/\/cvinoticias.com\/v3\/presentacion-en-misiones-de-a-m-a-agregadora-de-musica\/\" \/>\n<meta property=\"og:locale\" content=\"es_ES\" \/>\n<meta property=\"og:type\" content=\"article\" \/>\n<meta property=\"og:title\" content=\"Presentaci\u00f3n en Misiones de A.M.A Agregadora de M\u00fasica | CVI NOTICIAS\" \/>\n<meta property=\"og:description\" content=\"Este mi\u00e9rcoles 21 de agosto en las flamantes instalaciones de la EDR (Escuela De Rock) se presentar\u00e1 la herramienta m\u00e1s importante para los m\u00fasicos misioneros en tiempos de plataformas digitales, se trata de A.M.A., un software del INAMU que est\u00e1 activo hace pocos meses y se presenta por primera vez fuera de Buenos Aires. Fue [&hellip;]\" \/>\n<meta property=\"og:url\" content=\"https:\/\/cvinoticias.com\/v3\/presentacion-en-misiones-de-a-m-a-agregadora-de-musica\/\" \/>\n<meta property=\"og:site_name\" content=\"CVI NOTICIAS\" \/>\n<meta property=\"article:publisher\" content=\"https:\/\/www.facebook.com\/cvinoticias\" \/>\n<meta property=\"article:published_time\" content=\"2024-08-20T18:56:01+00:00\" \/>\n<meta property=\"article:modified_time\" content=\"2024-08-20T18:56:15+00:00\" \/>\n<meta property=\"og:image\" content=\"https:\/\/cvinoticias.com\/wp-content\/uploads\/2024\/08\/Screenshot_20240820-155330.png\" \/>\n\t<meta property=\"og:image:width\" content=\"1080\" \/>\n\t<meta property=\"og:image:height\" content=\"832\" \/>\n\t<meta property=\"og:image:type\" content=\"image\/png\" \/>\n<meta name=\"author\" content=\"f1000024\" \/>\n<meta name=\"twitter:card\" content=\"summary_large_image\" \/>\n<meta name=\"twitter:label1\" content=\"Escrito por\" \/>\n\t<meta name=\"twitter:data1\" content=\"f1000024\" \/>\n\t<meta name=\"twitter:label2\" content=\"Tiempo de lectura\" \/>\n\t<meta name=\"twitter:data2\" content=\"2 minutos\" \/>\n<script type=\"application\/ld+json\" class=\"yoast-schema-graph\">{\"@context\":\"https:\\\/\\\/schema.org\",\"@graph\":[{\"@type\":\"Article\",\"@id\":\"https:\\\/\\\/cvinoticias.com\\\/v3\\\/presentacion-en-misiones-de-a-m-a-agregadora-de-musica\\\/#article\",\"isPartOf\":{\"@id\":\"https:\\\/\\\/cvinoticias.com\\\/v3\\\/presentacion-en-misiones-de-a-m-a-agregadora-de-musica\\\/\"},\"author\":{\"name\":\"f1000024\",\"@id\":\"https:\\\/\\\/cvinoticias.com\\\/v3\\\/#\\\/schema\\\/person\\\/2db77e3c6bc03c538495d7b2b8be9b66\"},\"headline\":\"Presentaci\u00f3n en Misiones de A.M.A Agregadora de M\u00fasica\",\"datePublished\":\"2024-08-20T18:56:01+00:00\",\"dateModified\":\"2024-08-20T18:56:15+00:00\",\"mainEntityOfPage\":{\"@id\":\"https:\\\/\\\/cvinoticias.com\\\/v3\\\/presentacion-en-misiones-de-a-m-a-agregadora-de-musica\\\/\"},\"wordCount\":348,\"commentCount\":0,\"publisher\":{\"@id\":\"https:\\\/\\\/cvinoticias.com\\\/v3\\\/#organization\"},\"image\":{\"@id\":\"https:\\\/\\\/cvinoticias.com\\\/v3\\\/presentacion-en-misiones-de-a-m-a-agregadora-de-musica\\\/#primaryimage\"},\"thumbnailUrl\":\"https:\\\/\\\/cvinoticias.com\\\/wp-content\\\/uploads\\\/2024\\\/08\\\/Screenshot_20240820-155330.png\",\"articleSection\":[\"Provinciales\"],\"inLanguage\":\"es\",\"potentialAction\":[{\"@type\":\"CommentAction\",\"name\":\"Comment\",\"target\":[\"https:\\\/\\\/cvinoticias.com\\\/v3\\\/presentacion-en-misiones-de-a-m-a-agregadora-de-musica\\\/#respond\"]}]},{\"@type\":\"WebPage\",\"@id\":\"https:\\\/\\\/cvinoticias.com\\\/v3\\\/presentacion-en-misiones-de-a-m-a-agregadora-de-musica\\\/\",\"url\":\"https:\\\/\\\/cvinoticias.com\\\/v3\\\/presentacion-en-misiones-de-a-m-a-agregadora-de-musica\\\/\",\"name\":\"Presentaci\u00f3n en Misiones de A.M.A Agregadora de M\u00fasica | CVI NOTICIAS\",\"isPartOf\":{\"@id\":\"https:\\\/\\\/cvinoticias.com\\\/v3\\\/#website\"},\"primaryImageOfPage\":{\"@id\":\"https:\\\/\\\/cvinoticias.com\\\/v3\\\/presentacion-en-misiones-de-a-m-a-agregadora-de-musica\\\/#primaryimage\"},\"image\":{\"@id\":\"https:\\\/\\\/cvinoticias.com\\\/v3\\\/presentacion-en-misiones-de-a-m-a-agregadora-de-musica\\\/#primaryimage\"},\"thumbnailUrl\":\"https:\\\/\\\/cvinoticias.com\\\/wp-content\\\/uploads\\\/2024\\\/08\\\/Screenshot_20240820-155330.png\",\"datePublished\":\"2024-08-20T18:56:01+00:00\",\"dateModified\":\"2024-08-20T18:56:15+00:00\",\"breadcrumb\":{\"@id\":\"https:\\\/\\\/cvinoticias.com\\\/v3\\\/presentacion-en-misiones-de-a-m-a-agregadora-de-musica\\\/#breadcrumb\"},\"inLanguage\":\"es\",\"potentialAction\":[{\"@type\":\"ReadAction\",\"target\":[\"https:\\\/\\\/cvinoticias.com\\\/v3\\\/presentacion-en-misiones-de-a-m-a-agregadora-de-musica\\\/\"]}]},{\"@type\":\"ImageObject\",\"inLanguage\":\"es\",\"@id\":\"https:\\\/\\\/cvinoticias.com\\\/v3\\\/presentacion-en-misiones-de-a-m-a-agregadora-de-musica\\\/#primaryimage\",\"url\":\"https:\\\/\\\/cvinoticias.com\\\/wp-content\\\/uploads\\\/2024\\\/08\\\/Screenshot_20240820-155330.png\",\"contentUrl\":\"https:\\\/\\\/cvinoticias.com\\\/wp-content\\\/uploads\\\/2024\\\/08\\\/Screenshot_20240820-155330.png\",\"width\":1080,\"height\":832},{\"@type\":\"BreadcrumbList\",\"@id\":\"https:\\\/\\\/cvinoticias.com\\\/v3\\\/presentacion-en-misiones-de-a-m-a-agregadora-de-musica\\\/#breadcrumb\",\"itemListElement\":[{\"@type\":\"ListItem\",\"position\":1,\"name\":\"Portada\",\"item\":\"https:\\\/\\\/cvinoticias.com\\\/v3\\\/\"},{\"@type\":\"ListItem\",\"position\":2,\"name\":\"Presentaci\u00f3n en Misiones de A.M.A Agregadora de M\u00fasica\"}]},{\"@type\":\"WebSite\",\"@id\":\"https:\\\/\\\/cvinoticias.com\\\/v3\\\/#website\",\"url\":\"https:\\\/\\\/cvinoticias.com\\\/v3\\\/\",\"name\":\"CVI NOTICIAS\",\"description\":\"\",\"publisher\":{\"@id\":\"https:\\\/\\\/cvinoticias.com\\\/v3\\\/#organization\"},\"alternateName\":\"CVI\",\"potentialAction\":[{\"@type\":\"SearchAction\",\"target\":{\"@type\":\"EntryPoint\",\"urlTemplate\":\"https:\\\/\\\/cvinoticias.com\\\/v3\\\/?s={search_term_string}\"},\"query-input\":{\"@type\":\"PropertyValueSpecification\",\"valueRequired\":true,\"valueName\":\"search_term_string\"}}],\"inLanguage\":\"es\"},{\"@type\":\"Organization\",\"@id\":\"https:\\\/\\\/cvinoticias.com\\\/v3\\\/#organization\",\"name\":\"CVI NOTICIAS\",\"url\":\"https:\\\/\\\/cvinoticias.com\\\/v3\\\/\",\"logo\":{\"@type\":\"ImageObject\",\"inLanguage\":\"es\",\"@id\":\"https:\\\/\\\/cvinoticias.com\\\/v3\\\/#\\\/schema\\\/logo\\\/image\\\/\",\"url\":\"https:\\\/\\\/cvinoticias.com\\\/wp-content\\\/uploads\\\/2023\\\/04\\\/cropped-cropped-cropped-cropped-cropped-3-1.png\",\"contentUrl\":\"https:\\\/\\\/cvinoticias.com\\\/wp-content\\\/uploads\\\/2023\\\/04\\\/cropped-cropped-cropped-cropped-cropped-3-1.png\",\"width\":95,\"height\":122,\"caption\":\"CVI NOTICIAS\"},\"image\":{\"@id\":\"https:\\\/\\\/cvinoticias.com\\\/v3\\\/#\\\/schema\\\/logo\\\/image\\\/\"},\"sameAs\":[\"https:\\\/\\\/www.facebook.com\\\/cvinoticias\",\"https:\\\/\\\/www.instagram.com\\\/cvinoticias\\\/\",\"https:\\\/\\\/www.youtube.com\\\/@CVINOTICIAS\"]},{\"@type\":\"Person\",\"@id\":\"https:\\\/\\\/cvinoticias.com\\\/v3\\\/#\\\/schema\\\/person\\\/2db77e3c6bc03c538495d7b2b8be9b66\",\"name\":\"f1000024\",\"image\":{\"@type\":\"ImageObject\",\"inLanguage\":\"es\",\"@id\":\"https:\\\/\\\/secure.gravatar.com\\\/avatar\\\/d4fe7459cfc51ff5129ce1a732bbef5928568b8092d412ef95611616376bbeed?s=96&d=mm&r=g\",\"url\":\"https:\\\/\\\/secure.gravatar.com\\\/avatar\\\/d4fe7459cfc51ff5129ce1a732bbef5928568b8092d412ef95611616376bbeed?s=96&d=mm&r=g\",\"contentUrl\":\"https:\\\/\\\/secure.gravatar.com\\\/avatar\\\/d4fe7459cfc51ff5129ce1a732bbef5928568b8092d412ef95611616376bbeed?s=96&d=mm&r=g\",\"caption\":\"f1000024\"},\"url\":\"https:\\\/\\\/cvinoticias.com\\\/v3\\\/author\\\/f1000024\\\/\"}]}<\/script>\n<!-- \/ Yoast SEO plugin. -->","yoast_head_json":{"title":"Presentaci\u00f3n en Misiones de A.M.A Agregadora de M\u00fasica | CVI NOTICIAS","robots":{"index":"index","follow":"follow","max-snippet":"max-snippet:-1","max-image-preview":"max-image-preview:large","max-video-preview":"max-video-preview:-1"},"canonical":"https:\/\/cvinoticias.com\/v3\/presentacion-en-misiones-de-a-m-a-agregadora-de-musica\/","og_locale":"es_ES","og_type":"article","og_title":"Presentaci\u00f3n en Misiones de A.M.A Agregadora de M\u00fasica | CVI NOTICIAS","og_description":"Este mi\u00e9rcoles 21 de agosto en las flamantes instalaciones de la EDR (Escuela De Rock) se presentar\u00e1 la herramienta m\u00e1s importante para los m\u00fasicos misioneros en tiempos de plataformas digitales, se trata de A.M.A., un software del INAMU que est\u00e1 activo hace pocos meses y se presenta por primera vez fuera de Buenos Aires. Fue [&hellip;]","og_url":"https:\/\/cvinoticias.com\/v3\/presentacion-en-misiones-de-a-m-a-agregadora-de-musica\/","og_site_name":"CVI NOTICIAS","article_publisher":"https:\/\/www.facebook.com\/cvinoticias","article_published_time":"2024-08-20T18:56:01+00:00","article_modified_time":"2024-08-20T18:56:15+00:00","og_image":[{"width":1080,"height":832,"url":"https:\/\/cvinoticias.com\/wp-content\/uploads\/2024\/08\/Screenshot_20240820-155330.png","type":"image\/png"}],"author":"f1000024","twitter_card":"summary_large_image","twitter_misc":{"Escrito por":"f1000024","Tiempo de lectura":"2 minutos"},"schema":{"@context":"https:\/\/schema.org","@graph":[{"@type":"Article","@id":"https:\/\/cvinoticias.com\/v3\/presentacion-en-misiones-de-a-m-a-agregadora-de-musica\/#article","isPartOf":{"@id":"https:\/\/cvinoticias.com\/v3\/presentacion-en-misiones-de-a-m-a-agregadora-de-musica\/"},"author":{"name":"f1000024","@id":"https:\/\/cvinoticias.com\/v3\/#\/schema\/person\/2db77e3c6bc03c538495d7b2b8be9b66"},"headline":"Presentaci\u00f3n en Misiones de A.M.A Agregadora de M\u00fasica","datePublished":"2024-08-20T18:56:01+00:00","dateModified":"2024-08-20T18:56:15+00:00","mainEntityOfPage":{"@id":"https:\/\/cvinoticias.com\/v3\/presentacion-en-misiones-de-a-m-a-agregadora-de-musica\/"},"wordCount":348,"commentCount":0,"publisher":{"@id":"https:\/\/cvinoticias.com\/v3\/#organization"},"image":{"@id":"https:\/\/cvinoticias.com\/v3\/presentacion-en-misiones-de-a-m-a-agregadora-de-musica\/#primaryimage"},"thumbnailUrl":"https:\/\/cvinoticias.com\/wp-content\/uploads\/2024\/08\/Screenshot_20240820-155330.png","articleSection":["Provinciales"],"inLanguage":"es","potentialAction":[{"@type":"CommentAction","name":"Comment","target":["https:\/\/cvinoticias.com\/v3\/presentacion-en-misiones-de-a-m-a-agregadora-de-musica\/#respond"]}]},{"@type":"WebPage","@id":"https:\/\/cvinoticias.com\/v3\/presentacion-en-misiones-de-a-m-a-agregadora-de-musica\/","url":"https:\/\/cvinoticias.com\/v3\/presentacion-en-misiones-de-a-m-a-agregadora-de-musica\/","name":"Presentaci\u00f3n en Misiones de A.M.A Agregadora de M\u00fasica | CVI NOTICIAS","isPartOf":{"@id":"https:\/\/cvinoticias.com\/v3\/#website"},"primaryImageOfPage":{"@id":"https:\/\/cvinoticias.com\/v3\/presentacion-en-misiones-de-a-m-a-agregadora-de-musica\/#primaryimage"},"image":{"@id":"https:\/\/cvinoticias.com\/v3\/presentacion-en-misiones-de-a-m-a-agregadora-de-musica\/#primaryimage"},"thumbnailUrl":"https:\/\/cvinoticias.com\/wp-content\/uploads\/2024\/08\/Screenshot_20240820-155330.png","datePublished":"2024-08-20T18:56:01+00:00","dateModified":"2024-08-20T18:56:15+00:00","breadcrumb":{"@id":"https:\/\/cvinoticias.com\/v3\/presentacion-en-misiones-de-a-m-a-agregadora-de-musica\/#breadcrumb"},"inLanguage":"es","potentialAction":[{"@type":"ReadAction","target":["https:\/\/cvinoticias.com\/v3\/presentacion-en-misiones-de-a-m-a-agregadora-de-musica\/"]}]},{"@type":"ImageObject","inLanguage":"es","@id":"https:\/\/cvinoticias.com\/v3\/presentacion-en-misiones-de-a-m-a-agregadora-de-musica\/#primaryimage","url":"https:\/\/cvinoticias.com\/wp-content\/uploads\/2024\/08\/Screenshot_20240820-155330.png","contentUrl":"https:\/\/cvinoticias.com\/wp-content\/uploads\/2024\/08\/Screenshot_20240820-155330.png","width":1080,"height":832},{"@type":"BreadcrumbList","@id":"https:\/\/cvinoticias.com\/v3\/presentacion-en-misiones-de-a-m-a-agregadora-de-musica\/#breadcrumb","itemListElement":[{"@type":"ListItem","position":1,"name":"Portada","item":"https:\/\/cvinoticias.com\/v3\/"},{"@type":"ListItem","position":2,"name":"Presentaci\u00f3n en Misiones de A.M.A Agregadora de M\u00fasica"}]},{"@type":"WebSite","@id":"https:\/\/cvinoticias.com\/v3\/#website","url":"https:\/\/cvinoticias.com\/v3\/","name":"CVI NOTICIAS","description":"","publisher":{"@id":"https:\/\/cvinoticias.com\/v3\/#organization"},"alternateName":"CVI","potentialAction":[{"@type":"SearchAction","target":{"@type":"EntryPoint","urlTemplate":"https:\/\/cvinoticias.com\/v3\/?s={search_term_string}"},"query-input":{"@type":"PropertyValueSpecification","valueRequired":true,"valueName":"search_term_string"}}],"inLanguage":"es"},{"@type":"Organization","@id":"https:\/\/cvinoticias.com\/v3\/#organization","name":"CVI NOTICIAS","url":"https:\/\/cvinoticias.com\/v3\/","logo":{"@type":"ImageObject","inLanguage":"es","@id":"https:\/\/cvinoticias.com\/v3\/#\/schema\/logo\/image\/","url":"https:\/\/cvinoticias.com\/wp-content\/uploads\/2023\/04\/cropped-cropped-cropped-cropped-cropped-3-1.png","contentUrl":"https:\/\/cvinoticias.com\/wp-content\/uploads\/2023\/04\/cropped-cropped-cropped-cropped-cropped-3-1.png","width":95,"height":122,"caption":"CVI NOTICIAS"},"image":{"@id":"https:\/\/cvinoticias.com\/v3\/#\/schema\/logo\/image\/"},"sameAs":["https:\/\/www.facebook.com\/cvinoticias","https:\/\/www.instagram.com\/cvinoticias\/","https:\/\/www.youtube.com\/@CVINOTICIAS"]},{"@type":"Person","@id":"https:\/\/cvinoticias.com\/v3\/#\/schema\/person\/2db77e3c6bc03c538495d7b2b8be9b66","name":"f1000024","image":{"@type":"ImageObject","inLanguage":"es","@id":"https:\/\/secure.gravatar.com\/avatar\/d4fe7459cfc51ff5129ce1a732bbef5928568b8092d412ef95611616376bbeed?s=96&d=mm&r=g","url":"https:\/\/secure.gravatar.com\/avatar\/d4fe7459cfc51ff5129ce1a732bbef5928568b8092d412ef95611616376bbeed?s=96&d=mm&r=g","contentUrl":"https:\/\/secure.gravatar.com\/avatar\/d4fe7459cfc51ff5129ce1a732bbef5928568b8092d412ef95611616376bbeed?s=96&d=mm&r=g","caption":"f1000024"},"url":"https:\/\/cvinoticias.com\/v3\/author\/f1000024\/"}]}},"_links":{"self":[{"href":"https:\/\/cvinoticias.com\/v3\/wp-json\/wp\/v2\/posts\/35549","targetHints":{"allow":["GET"]}}],"collection":[{"href":"https:\/\/cvinoticias.com\/v3\/wp-json\/wp\/v2\/posts"}],"about":[{"href":"https:\/\/cvinoticias.com\/v3\/wp-json\/wp\/v2\/types\/post"}],"author":[{"embeddable":true,"href":"https:\/\/cvinoticias.com\/v3\/wp-json\/wp\/v2\/users\/2"}],"replies":[{"embeddable":true,"href":"https:\/\/cvinoticias.com\/v3\/wp-json\/wp\/v2\/comments?post=35549"}],"version-history":[{"count":1,"href":"https:\/\/cvinoticias.com\/v3\/wp-json\/wp\/v2\/posts\/35549\/revisions"}],"predecessor-version":[{"id":35552,"href":"https:\/\/cvinoticias.com\/v3\/wp-json\/wp\/v2\/posts\/35549\/revisions\/35552"}],"wp:featuredmedia":[{"embeddable":true,"href":"https:\/\/cvinoticias.com\/v3\/wp-json\/wp\/v2\/media\/35551"}],"wp:attachment":[{"href":"https:\/\/cvinoticias.com\/v3\/wp-json\/wp\/v2\/media?parent=35549"}],"wp:term":[{"taxonomy":"category","embeddable":true,"href":"https:\/\/cvinoticias.com\/v3\/wp-json\/wp\/v2\/categories?post=35549"},{"taxonomy":"post_tag","embeddable":true,"href":"https:\/\/cvinoticias.com\/v3\/wp-json\/wp\/v2\/tags?post=35549"}],"curies":[{"name":"wp","href":"https:\/\/api.w.org\/{rel}","templated":true}]}}