{"id":35464,"date":"2024-08-18T16:09:07","date_gmt":"2024-08-18T19:09:07","guid":{"rendered":"https:\/\/cvinoticias.com\/v3\/?p=35464"},"modified":"2024-08-18T16:09:08","modified_gmt":"2024-08-18T19:09:08","slug":"el-ministro-de-ecologia-visito-comunidad-de-iguazu-y-profundizo-en-una-agenda-ambiental-mancomunada","status":"publish","type":"post","link":"https:\/\/cvinoticias.com\/v3\/el-ministro-de-ecologia-visito-comunidad-de-iguazu-y-profundizo-en-una-agenda-ambiental-mancomunada\/","title":{"rendered":"El Ministro de Ecolog\u00eda visit\u00f3 comunidad de Iguaz\u00fa y profundiz\u00f3 en una agenda ambiental  mancomunada"},"content":{"rendered":"\n<p><strong>El Ministro de Ecolog\u00eda y Recursos Naturales Renovables de Misiones, Arq. Mart\u00edn Recam\u00e1n, visit\u00f3 esta semana la comunidad mbya guaran\u00ed Jasy Por\u00e1, ubicada en la zona de las 600 Hect\u00e1reas de Puerto Iguaz\u00fa, donde se practica una experiencia exitosa de convivencia entre emprendimientos tur\u00edsticos y grupos de pueblos originarios.<\/strong><\/p>\n\n\n\n<figure class=\"wp-block-gallery has-nested-images columns-default is-cropped wp-block-gallery-1 is-layout-flex wp-block-gallery-is-layout-flex\">\n<figure class=\"wp-block-image size-full\"><a href=\"https:\/\/cvinoticias.com\/wp-content\/uploads\/2024\/08\/Recaman-en-Comunidad.jpg\"><img decoding=\"async\" width=\"750\" height=\"375\" data-id=\"35466\" data-src=\"https:\/\/cvinoticias.com\/wp-content\/uploads\/2024\/08\/Recaman-en-Comunidad.jpg\" alt=\"\" class=\"wp-image-35466 lazyload\" data-srcset=\"https:\/\/cvinoticias.com\/wp-content\/uploads\/2024\/08\/Recaman-en-Comunidad.jpg 750w, https:\/\/cvinoticias.com\/wp-content\/uploads\/2024\/08\/Recaman-en-Comunidad-300x150.jpg 300w\" data-sizes=\"(max-width: 750px) 100vw, 750px\" src=\"data:image\/svg+xml;base64,PHN2ZyB3aWR0aD0iMSIgaGVpZ2h0PSIxIiB4bWxucz0iaHR0cDovL3d3dy53My5vcmcvMjAwMC9zdmciPjwvc3ZnPg==\" style=\"--smush-placeholder-width: 750px; --smush-placeholder-aspect-ratio: 750\/375;\" \/><\/a><\/figure>\n\n\n\n<figure class=\"wp-block-image size-full\"><a href=\"https:\/\/cvinoticias.com\/wp-content\/uploads\/2024\/08\/recaman-en-comunidad-2.jpg\"><img decoding=\"async\" width=\"750\" height=\"787\" data-id=\"35467\" data-src=\"https:\/\/cvinoticias.com\/wp-content\/uploads\/2024\/08\/recaman-en-comunidad-2.jpg\" alt=\"\" class=\"wp-image-35467 lazyload\" data-srcset=\"https:\/\/cvinoticias.com\/wp-content\/uploads\/2024\/08\/recaman-en-comunidad-2.jpg 750w, https:\/\/cvinoticias.com\/wp-content\/uploads\/2024\/08\/recaman-en-comunidad-2-286x300.jpg 286w\" data-sizes=\"(max-width: 750px) 100vw, 750px\" src=\"data:image\/svg+xml;base64,PHN2ZyB3aWR0aD0iMSIgaGVpZ2h0PSIxIiB4bWxucz0iaHR0cDovL3d3dy53My5vcmcvMjAwMC9zdmciPjwvc3ZnPg==\" style=\"--smush-placeholder-width: 750px; --smush-placeholder-aspect-ratio: 750\/787;\" \/><\/a><\/figure>\n<\/figure>\n\n\n\n<p>Recam\u00e1n, fue recibido por el cacique Santiago Mart\u00ednez Moreira, y  charla de por medio abordaron  las experiencias que est\u00e1n viviendo con el turismo comunitario ambiental, que llevan adelante desde Jasy Por\u00e1, coincidiendo en que la visi\u00f3n guaran\u00ed que arraiga el eje de la existencia en la naturaleza es muy importante para la preservaci\u00f3n y eso es lo que se debe transmitir a los visitantes, se\u00f1al\u00f3 el Ministro quien consider\u00f3 a los hermanos mbya como ancestros de la Selva Misionera.<\/p>\n\n\n\n<p>El ministro visit\u00f3 los distintos espacios de la aldea, entre ellos las escuelas d\u00f3nde escuch\u00f3 sus inquietudes y tambi\u00e9n hablaron de la peligrosidad del fuego, sobre todo en los meses de altas temperaturas.<\/p>\n\n\n\n<p>Jasy Por\u00e1 fue la primera aldea ind\u00edgena del pa\u00eds en certificar ante el Instituto Nacional de Semillas un \u00c1rea Productora de Semillas de Especies Nativas.<\/p>\n","protected":false},"excerpt":{"rendered":"<p>El Ministro de Ecolog\u00eda y Recursos Naturales Renovables de Misiones, Arq. Mart\u00edn Recam\u00e1n, visit\u00f3 esta semana la comunidad mbya guaran\u00ed Jasy Por\u00e1, ubicada en la zona de las 600 Hect\u00e1reas de Puerto Iguaz\u00fa, donde se practica una experiencia exitosa de convivencia entre emprendimientos tur\u00edsticos y grupos de pueblos originarios. Recam\u00e1n, fue recibido por el cacique [&hellip;]<\/p>\n","protected":false},"author":2,"featured_media":35465,"comment_status":"open","ping_status":"open","sticky":false,"template":"","format":"standard","meta":{"footnotes":""},"categories":[43],"tags":[],"class_list":["post-35464","post","type-post","status-publish","format-standard","has-post-thumbnail","hentry","category-provinciales"],"yoast_head":"<!-- This site is optimized with the Yoast SEO plugin v27.5 - https:\/\/yoast.com\/product\/yoast-seo-wordpress\/ -->\n<title>El Ministro de Ecolog\u00eda visit\u00f3 comunidad de Iguaz\u00fa y profundiz\u00f3 en una agenda ambiental mancomunada | CVI NOTICIAS<\/title>\n<meta name=\"robots\" content=\"index, follow, max-snippet:-1, max-image-preview:large, max-video-preview:-1\" \/>\n<link rel=\"canonical\" href=\"https:\/\/cvinoticias.com\/v3\/el-ministro-de-ecologia-visito-comunidad-de-iguazu-y-profundizo-en-una-agenda-ambiental-mancomunada\/\" \/>\n<meta property=\"og:locale\" content=\"es_ES\" \/>\n<meta property=\"og:type\" content=\"article\" \/>\n<meta property=\"og:title\" content=\"El Ministro de Ecolog\u00eda visit\u00f3 comunidad de Iguaz\u00fa y profundiz\u00f3 en una agenda ambiental mancomunada | CVI NOTICIAS\" \/>\n<meta property=\"og:description\" content=\"El Ministro de Ecolog\u00eda y Recursos Naturales Renovables de Misiones, Arq. Mart\u00edn Recam\u00e1n, visit\u00f3 esta semana la comunidad mbya guaran\u00ed Jasy Por\u00e1, ubicada en la zona de las 600 Hect\u00e1reas de Puerto Iguaz\u00fa, donde se practica una experiencia exitosa de convivencia entre emprendimientos tur\u00edsticos y grupos de pueblos originarios. Recam\u00e1n, fue recibido por el cacique [&hellip;]\" \/>\n<meta property=\"og:url\" content=\"https:\/\/cvinoticias.com\/v3\/el-ministro-de-ecologia-visito-comunidad-de-iguazu-y-profundizo-en-una-agenda-ambiental-mancomunada\/\" \/>\n<meta property=\"og:site_name\" content=\"CVI NOTICIAS\" \/>\n<meta property=\"article:publisher\" content=\"https:\/\/www.facebook.com\/cvinoticias\" \/>\n<meta property=\"article:published_time\" content=\"2024-08-18T19:09:07+00:00\" \/>\n<meta property=\"article:modified_time\" content=\"2024-08-18T19:09:08+00:00\" \/>\n<meta property=\"og:image\" content=\"https:\/\/cvinoticias.com\/wp-content\/uploads\/2024\/08\/recaman-en-comunidad-1.jpg\" \/>\n\t<meta property=\"og:image:width\" content=\"711\" \/>\n\t<meta property=\"og:image:height\" content=\"800\" \/>\n\t<meta property=\"og:image:type\" content=\"image\/jpeg\" \/>\n<meta name=\"author\" content=\"f1000024\" \/>\n<meta name=\"twitter:card\" content=\"summary_large_image\" \/>\n<meta name=\"twitter:label1\" content=\"Escrito por\" \/>\n\t<meta name=\"twitter:data1\" content=\"f1000024\" \/>\n\t<meta name=\"twitter:label2\" content=\"Tiempo de lectura\" \/>\n\t<meta name=\"twitter:data2\" content=\"2 minutos\" \/>\n<script type=\"application\/ld+json\" class=\"yoast-schema-graph\">{\"@context\":\"https:\\\/\\\/schema.org\",\"@graph\":[{\"@type\":\"Article\",\"@id\":\"https:\\\/\\\/cvinoticias.com\\\/v3\\\/el-ministro-de-ecologia-visito-comunidad-de-iguazu-y-profundizo-en-una-agenda-ambiental-mancomunada\\\/#article\",\"isPartOf\":{\"@id\":\"https:\\\/\\\/cvinoticias.com\\\/v3\\\/el-ministro-de-ecologia-visito-comunidad-de-iguazu-y-profundizo-en-una-agenda-ambiental-mancomunada\\\/\"},\"author\":{\"name\":\"f1000024\",\"@id\":\"https:\\\/\\\/cvinoticias.com\\\/v3\\\/#\\\/schema\\\/person\\\/2db77e3c6bc03c538495d7b2b8be9b66\"},\"headline\":\"El Ministro de Ecolog\u00eda visit\u00f3 comunidad de Iguaz\u00fa y profundiz\u00f3 en una agenda ambiental mancomunada\",\"datePublished\":\"2024-08-18T19:09:07+00:00\",\"dateModified\":\"2024-08-18T19:09:08+00:00\",\"mainEntityOfPage\":{\"@id\":\"https:\\\/\\\/cvinoticias.com\\\/v3\\\/el-ministro-de-ecologia-visito-comunidad-de-iguazu-y-profundizo-en-una-agenda-ambiental-mancomunada\\\/\"},\"wordCount\":216,\"commentCount\":0,\"publisher\":{\"@id\":\"https:\\\/\\\/cvinoticias.com\\\/v3\\\/#organization\"},\"image\":{\"@id\":\"https:\\\/\\\/cvinoticias.com\\\/v3\\\/el-ministro-de-ecologia-visito-comunidad-de-iguazu-y-profundizo-en-una-agenda-ambiental-mancomunada\\\/#primaryimage\"},\"thumbnailUrl\":\"https:\\\/\\\/cvinoticias.com\\\/wp-content\\\/uploads\\\/2024\\\/08\\\/recaman-en-comunidad-1.jpg\",\"articleSection\":[\"Provinciales\"],\"inLanguage\":\"es\",\"potentialAction\":[{\"@type\":\"CommentAction\",\"name\":\"Comment\",\"target\":[\"https:\\\/\\\/cvinoticias.com\\\/v3\\\/el-ministro-de-ecologia-visito-comunidad-de-iguazu-y-profundizo-en-una-agenda-ambiental-mancomunada\\\/#respond\"]}]},{\"@type\":\"WebPage\",\"@id\":\"https:\\\/\\\/cvinoticias.com\\\/v3\\\/el-ministro-de-ecologia-visito-comunidad-de-iguazu-y-profundizo-en-una-agenda-ambiental-mancomunada\\\/\",\"url\":\"https:\\\/\\\/cvinoticias.com\\\/v3\\\/el-ministro-de-ecologia-visito-comunidad-de-iguazu-y-profundizo-en-una-agenda-ambiental-mancomunada\\\/\",\"name\":\"El Ministro de Ecolog\u00eda visit\u00f3 comunidad de Iguaz\u00fa y profundiz\u00f3 en una agenda ambiental mancomunada | CVI NOTICIAS\",\"isPartOf\":{\"@id\":\"https:\\\/\\\/cvinoticias.com\\\/v3\\\/#website\"},\"primaryImageOfPage\":{\"@id\":\"https:\\\/\\\/cvinoticias.com\\\/v3\\\/el-ministro-de-ecologia-visito-comunidad-de-iguazu-y-profundizo-en-una-agenda-ambiental-mancomunada\\\/#primaryimage\"},\"image\":{\"@id\":\"https:\\\/\\\/cvinoticias.com\\\/v3\\\/el-ministro-de-ecologia-visito-comunidad-de-iguazu-y-profundizo-en-una-agenda-ambiental-mancomunada\\\/#primaryimage\"},\"thumbnailUrl\":\"https:\\\/\\\/cvinoticias.com\\\/wp-content\\\/uploads\\\/2024\\\/08\\\/recaman-en-comunidad-1.jpg\",\"datePublished\":\"2024-08-18T19:09:07+00:00\",\"dateModified\":\"2024-08-18T19:09:08+00:00\",\"breadcrumb\":{\"@id\":\"https:\\\/\\\/cvinoticias.com\\\/v3\\\/el-ministro-de-ecologia-visito-comunidad-de-iguazu-y-profundizo-en-una-agenda-ambiental-mancomunada\\\/#breadcrumb\"},\"inLanguage\":\"es\",\"potentialAction\":[{\"@type\":\"ReadAction\",\"target\":[\"https:\\\/\\\/cvinoticias.com\\\/v3\\\/el-ministro-de-ecologia-visito-comunidad-de-iguazu-y-profundizo-en-una-agenda-ambiental-mancomunada\\\/\"]}]},{\"@type\":\"ImageObject\",\"inLanguage\":\"es\",\"@id\":\"https:\\\/\\\/cvinoticias.com\\\/v3\\\/el-ministro-de-ecologia-visito-comunidad-de-iguazu-y-profundizo-en-una-agenda-ambiental-mancomunada\\\/#primaryimage\",\"url\":\"https:\\\/\\\/cvinoticias.com\\\/wp-content\\\/uploads\\\/2024\\\/08\\\/recaman-en-comunidad-1.jpg\",\"contentUrl\":\"https:\\\/\\\/cvinoticias.com\\\/wp-content\\\/uploads\\\/2024\\\/08\\\/recaman-en-comunidad-1.jpg\",\"width\":711,\"height\":800},{\"@type\":\"BreadcrumbList\",\"@id\":\"https:\\\/\\\/cvinoticias.com\\\/v3\\\/el-ministro-de-ecologia-visito-comunidad-de-iguazu-y-profundizo-en-una-agenda-ambiental-mancomunada\\\/#breadcrumb\",\"itemListElement\":[{\"@type\":\"ListItem\",\"position\":1,\"name\":\"Portada\",\"item\":\"https:\\\/\\\/cvinoticias.com\\\/v3\\\/\"},{\"@type\":\"ListItem\",\"position\":2,\"name\":\"El Ministro de Ecolog\u00eda visit\u00f3 comunidad de Iguaz\u00fa y profundiz\u00f3 en una agenda ambiental mancomunada\"}]},{\"@type\":\"WebSite\",\"@id\":\"https:\\\/\\\/cvinoticias.com\\\/v3\\\/#website\",\"url\":\"https:\\\/\\\/cvinoticias.com\\\/v3\\\/\",\"name\":\"CVI NOTICIAS\",\"description\":\"\",\"publisher\":{\"@id\":\"https:\\\/\\\/cvinoticias.com\\\/v3\\\/#organization\"},\"alternateName\":\"CVI\",\"potentialAction\":[{\"@type\":\"SearchAction\",\"target\":{\"@type\":\"EntryPoint\",\"urlTemplate\":\"https:\\\/\\\/cvinoticias.com\\\/v3\\\/?s={search_term_string}\"},\"query-input\":{\"@type\":\"PropertyValueSpecification\",\"valueRequired\":true,\"valueName\":\"search_term_string\"}}],\"inLanguage\":\"es\"},{\"@type\":\"Organization\",\"@id\":\"https:\\\/\\\/cvinoticias.com\\\/v3\\\/#organization\",\"name\":\"CVI NOTICIAS\",\"url\":\"https:\\\/\\\/cvinoticias.com\\\/v3\\\/\",\"logo\":{\"@type\":\"ImageObject\",\"inLanguage\":\"es\",\"@id\":\"https:\\\/\\\/cvinoticias.com\\\/v3\\\/#\\\/schema\\\/logo\\\/image\\\/\",\"url\":\"https:\\\/\\\/cvinoticias.com\\\/wp-content\\\/uploads\\\/2023\\\/04\\\/cropped-cropped-cropped-cropped-cropped-3-1.png\",\"contentUrl\":\"https:\\\/\\\/cvinoticias.com\\\/wp-content\\\/uploads\\\/2023\\\/04\\\/cropped-cropped-cropped-cropped-cropped-3-1.png\",\"width\":95,\"height\":122,\"caption\":\"CVI NOTICIAS\"},\"image\":{\"@id\":\"https:\\\/\\\/cvinoticias.com\\\/v3\\\/#\\\/schema\\\/logo\\\/image\\\/\"},\"sameAs\":[\"https:\\\/\\\/www.facebook.com\\\/cvinoticias\",\"https:\\\/\\\/www.instagram.com\\\/cvinoticias\\\/\",\"https:\\\/\\\/www.youtube.com\\\/@CVINOTICIAS\"]},{\"@type\":\"Person\",\"@id\":\"https:\\\/\\\/cvinoticias.com\\\/v3\\\/#\\\/schema\\\/person\\\/2db77e3c6bc03c538495d7b2b8be9b66\",\"name\":\"f1000024\",\"image\":{\"@type\":\"ImageObject\",\"inLanguage\":\"es\",\"@id\":\"https:\\\/\\\/secure.gravatar.com\\\/avatar\\\/d4fe7459cfc51ff5129ce1a732bbef5928568b8092d412ef95611616376bbeed?s=96&d=mm&r=g\",\"url\":\"https:\\\/\\\/secure.gravatar.com\\\/avatar\\\/d4fe7459cfc51ff5129ce1a732bbef5928568b8092d412ef95611616376bbeed?s=96&d=mm&r=g\",\"contentUrl\":\"https:\\\/\\\/secure.gravatar.com\\\/avatar\\\/d4fe7459cfc51ff5129ce1a732bbef5928568b8092d412ef95611616376bbeed?s=96&d=mm&r=g\",\"caption\":\"f1000024\"},\"url\":\"https:\\\/\\\/cvinoticias.com\\\/v3\\\/author\\\/f1000024\\\/\"}]}<\/script>\n<!-- \/ Yoast SEO plugin. -->","yoast_head_json":{"title":"El Ministro de Ecolog\u00eda visit\u00f3 comunidad de Iguaz\u00fa y profundiz\u00f3 en una agenda ambiental mancomunada | CVI NOTICIAS","robots":{"index":"index","follow":"follow","max-snippet":"max-snippet:-1","max-image-preview":"max-image-preview:large","max-video-preview":"max-video-preview:-1"},"canonical":"https:\/\/cvinoticias.com\/v3\/el-ministro-de-ecologia-visito-comunidad-de-iguazu-y-profundizo-en-una-agenda-ambiental-mancomunada\/","og_locale":"es_ES","og_type":"article","og_title":"El Ministro de Ecolog\u00eda visit\u00f3 comunidad de Iguaz\u00fa y profundiz\u00f3 en una agenda ambiental mancomunada | CVI NOTICIAS","og_description":"El Ministro de Ecolog\u00eda y Recursos Naturales Renovables de Misiones, Arq. Mart\u00edn Recam\u00e1n, visit\u00f3 esta semana la comunidad mbya guaran\u00ed Jasy Por\u00e1, ubicada en la zona de las 600 Hect\u00e1reas de Puerto Iguaz\u00fa, donde se practica una experiencia exitosa de convivencia entre emprendimientos tur\u00edsticos y grupos de pueblos originarios. Recam\u00e1n, fue recibido por el cacique [&hellip;]","og_url":"https:\/\/cvinoticias.com\/v3\/el-ministro-de-ecologia-visito-comunidad-de-iguazu-y-profundizo-en-una-agenda-ambiental-mancomunada\/","og_site_name":"CVI NOTICIAS","article_publisher":"https:\/\/www.facebook.com\/cvinoticias","article_published_time":"2024-08-18T19:09:07+00:00","article_modified_time":"2024-08-18T19:09:08+00:00","og_image":[{"width":711,"height":800,"url":"https:\/\/cvinoticias.com\/wp-content\/uploads\/2024\/08\/recaman-en-comunidad-1.jpg","type":"image\/jpeg"}],"author":"f1000024","twitter_card":"summary_large_image","twitter_misc":{"Escrito por":"f1000024","Tiempo de lectura":"2 minutos"},"schema":{"@context":"https:\/\/schema.org","@graph":[{"@type":"Article","@id":"https:\/\/cvinoticias.com\/v3\/el-ministro-de-ecologia-visito-comunidad-de-iguazu-y-profundizo-en-una-agenda-ambiental-mancomunada\/#article","isPartOf":{"@id":"https:\/\/cvinoticias.com\/v3\/el-ministro-de-ecologia-visito-comunidad-de-iguazu-y-profundizo-en-una-agenda-ambiental-mancomunada\/"},"author":{"name":"f1000024","@id":"https:\/\/cvinoticias.com\/v3\/#\/schema\/person\/2db77e3c6bc03c538495d7b2b8be9b66"},"headline":"El Ministro de Ecolog\u00eda visit\u00f3 comunidad de Iguaz\u00fa y profundiz\u00f3 en una agenda ambiental mancomunada","datePublished":"2024-08-18T19:09:07+00:00","dateModified":"2024-08-18T19:09:08+00:00","mainEntityOfPage":{"@id":"https:\/\/cvinoticias.com\/v3\/el-ministro-de-ecologia-visito-comunidad-de-iguazu-y-profundizo-en-una-agenda-ambiental-mancomunada\/"},"wordCount":216,"commentCount":0,"publisher":{"@id":"https:\/\/cvinoticias.com\/v3\/#organization"},"image":{"@id":"https:\/\/cvinoticias.com\/v3\/el-ministro-de-ecologia-visito-comunidad-de-iguazu-y-profundizo-en-una-agenda-ambiental-mancomunada\/#primaryimage"},"thumbnailUrl":"https:\/\/cvinoticias.com\/wp-content\/uploads\/2024\/08\/recaman-en-comunidad-1.jpg","articleSection":["Provinciales"],"inLanguage":"es","potentialAction":[{"@type":"CommentAction","name":"Comment","target":["https:\/\/cvinoticias.com\/v3\/el-ministro-de-ecologia-visito-comunidad-de-iguazu-y-profundizo-en-una-agenda-ambiental-mancomunada\/#respond"]}]},{"@type":"WebPage","@id":"https:\/\/cvinoticias.com\/v3\/el-ministro-de-ecologia-visito-comunidad-de-iguazu-y-profundizo-en-una-agenda-ambiental-mancomunada\/","url":"https:\/\/cvinoticias.com\/v3\/el-ministro-de-ecologia-visito-comunidad-de-iguazu-y-profundizo-en-una-agenda-ambiental-mancomunada\/","name":"El Ministro de Ecolog\u00eda visit\u00f3 comunidad de Iguaz\u00fa y profundiz\u00f3 en una agenda ambiental mancomunada | CVI NOTICIAS","isPartOf":{"@id":"https:\/\/cvinoticias.com\/v3\/#website"},"primaryImageOfPage":{"@id":"https:\/\/cvinoticias.com\/v3\/el-ministro-de-ecologia-visito-comunidad-de-iguazu-y-profundizo-en-una-agenda-ambiental-mancomunada\/#primaryimage"},"image":{"@id":"https:\/\/cvinoticias.com\/v3\/el-ministro-de-ecologia-visito-comunidad-de-iguazu-y-profundizo-en-una-agenda-ambiental-mancomunada\/#primaryimage"},"thumbnailUrl":"https:\/\/cvinoticias.com\/wp-content\/uploads\/2024\/08\/recaman-en-comunidad-1.jpg","datePublished":"2024-08-18T19:09:07+00:00","dateModified":"2024-08-18T19:09:08+00:00","breadcrumb":{"@id":"https:\/\/cvinoticias.com\/v3\/el-ministro-de-ecologia-visito-comunidad-de-iguazu-y-profundizo-en-una-agenda-ambiental-mancomunada\/#breadcrumb"},"inLanguage":"es","potentialAction":[{"@type":"ReadAction","target":["https:\/\/cvinoticias.com\/v3\/el-ministro-de-ecologia-visito-comunidad-de-iguazu-y-profundizo-en-una-agenda-ambiental-mancomunada\/"]}]},{"@type":"ImageObject","inLanguage":"es","@id":"https:\/\/cvinoticias.com\/v3\/el-ministro-de-ecologia-visito-comunidad-de-iguazu-y-profundizo-en-una-agenda-ambiental-mancomunada\/#primaryimage","url":"https:\/\/cvinoticias.com\/wp-content\/uploads\/2024\/08\/recaman-en-comunidad-1.jpg","contentUrl":"https:\/\/cvinoticias.com\/wp-content\/uploads\/2024\/08\/recaman-en-comunidad-1.jpg","width":711,"height":800},{"@type":"BreadcrumbList","@id":"https:\/\/cvinoticias.com\/v3\/el-ministro-de-ecologia-visito-comunidad-de-iguazu-y-profundizo-en-una-agenda-ambiental-mancomunada\/#breadcrumb","itemListElement":[{"@type":"ListItem","position":1,"name":"Portada","item":"https:\/\/cvinoticias.com\/v3\/"},{"@type":"ListItem","position":2,"name":"El Ministro de Ecolog\u00eda visit\u00f3 comunidad de Iguaz\u00fa y profundiz\u00f3 en una agenda ambiental mancomunada"}]},{"@type":"WebSite","@id":"https:\/\/cvinoticias.com\/v3\/#website","url":"https:\/\/cvinoticias.com\/v3\/","name":"CVI NOTICIAS","description":"","publisher":{"@id":"https:\/\/cvinoticias.com\/v3\/#organization"},"alternateName":"CVI","potentialAction":[{"@type":"SearchAction","target":{"@type":"EntryPoint","urlTemplate":"https:\/\/cvinoticias.com\/v3\/?s={search_term_string}"},"query-input":{"@type":"PropertyValueSpecification","valueRequired":true,"valueName":"search_term_string"}}],"inLanguage":"es"},{"@type":"Organization","@id":"https:\/\/cvinoticias.com\/v3\/#organization","name":"CVI NOTICIAS","url":"https:\/\/cvinoticias.com\/v3\/","logo":{"@type":"ImageObject","inLanguage":"es","@id":"https:\/\/cvinoticias.com\/v3\/#\/schema\/logo\/image\/","url":"https:\/\/cvinoticias.com\/wp-content\/uploads\/2023\/04\/cropped-cropped-cropped-cropped-cropped-3-1.png","contentUrl":"https:\/\/cvinoticias.com\/wp-content\/uploads\/2023\/04\/cropped-cropped-cropped-cropped-cropped-3-1.png","width":95,"height":122,"caption":"CVI NOTICIAS"},"image":{"@id":"https:\/\/cvinoticias.com\/v3\/#\/schema\/logo\/image\/"},"sameAs":["https:\/\/www.facebook.com\/cvinoticias","https:\/\/www.instagram.com\/cvinoticias\/","https:\/\/www.youtube.com\/@CVINOTICIAS"]},{"@type":"Person","@id":"https:\/\/cvinoticias.com\/v3\/#\/schema\/person\/2db77e3c6bc03c538495d7b2b8be9b66","name":"f1000024","image":{"@type":"ImageObject","inLanguage":"es","@id":"https:\/\/secure.gravatar.com\/avatar\/d4fe7459cfc51ff5129ce1a732bbef5928568b8092d412ef95611616376bbeed?s=96&d=mm&r=g","url":"https:\/\/secure.gravatar.com\/avatar\/d4fe7459cfc51ff5129ce1a732bbef5928568b8092d412ef95611616376bbeed?s=96&d=mm&r=g","contentUrl":"https:\/\/secure.gravatar.com\/avatar\/d4fe7459cfc51ff5129ce1a732bbef5928568b8092d412ef95611616376bbeed?s=96&d=mm&r=g","caption":"f1000024"},"url":"https:\/\/cvinoticias.com\/v3\/author\/f1000024\/"}]}},"_links":{"self":[{"href":"https:\/\/cvinoticias.com\/v3\/wp-json\/wp\/v2\/posts\/35464","targetHints":{"allow":["GET"]}}],"collection":[{"href":"https:\/\/cvinoticias.com\/v3\/wp-json\/wp\/v2\/posts"}],"about":[{"href":"https:\/\/cvinoticias.com\/v3\/wp-json\/wp\/v2\/types\/post"}],"author":[{"embeddable":true,"href":"https:\/\/cvinoticias.com\/v3\/wp-json\/wp\/v2\/users\/2"}],"replies":[{"embeddable":true,"href":"https:\/\/cvinoticias.com\/v3\/wp-json\/wp\/v2\/comments?post=35464"}],"version-history":[{"count":1,"href":"https:\/\/cvinoticias.com\/v3\/wp-json\/wp\/v2\/posts\/35464\/revisions"}],"predecessor-version":[{"id":35468,"href":"https:\/\/cvinoticias.com\/v3\/wp-json\/wp\/v2\/posts\/35464\/revisions\/35468"}],"wp:featuredmedia":[{"embeddable":true,"href":"https:\/\/cvinoticias.com\/v3\/wp-json\/wp\/v2\/media\/35465"}],"wp:attachment":[{"href":"https:\/\/cvinoticias.com\/v3\/wp-json\/wp\/v2\/media?parent=35464"}],"wp:term":[{"taxonomy":"category","embeddable":true,"href":"https:\/\/cvinoticias.com\/v3\/wp-json\/wp\/v2\/categories?post=35464"},{"taxonomy":"post_tag","embeddable":true,"href":"https:\/\/cvinoticias.com\/v3\/wp-json\/wp\/v2\/tags?post=35464"}],"curies":[{"name":"wp","href":"https:\/\/api.w.org\/{rel}","templated":true}]}}