{"id":35435,"date":"2024-08-18T01:40:02","date_gmt":"2024-08-18T04:40:02","guid":{"rendered":"https:\/\/cvinoticias.com\/v3\/?p=35435"},"modified":"2024-08-18T01:40:04","modified_gmt":"2024-08-18T04:40:04","slug":"hija-de-vocal-del-cge-fallecio-tras-colision-frontal-sobre-la-ruta-provincial-105","status":"publish","type":"post","link":"https:\/\/cvinoticias.com\/v3\/hija-de-vocal-del-cge-fallecio-tras-colision-frontal-sobre-la-ruta-provincial-105\/","title":{"rendered":"Hija de vocal del CGE falleci\u00f3 tras colisi\u00f3n frontal  sobre la Ruta  provincial 105"},"content":{"rendered":"\n<p>En un grav\u00edsimo siniestro vial ocurrido ayer por la tarde sobre la ruta Provincial 105 en San Jos\u00e9 se cobr\u00f3 las vidas de Luciana Camila Rodriguez, quien viajaba como acompa\u00f1ante en un Ford Focus, falleci\u00f3 en el lugar del impacto y la <strong>conductora Karen Pintos, de profesi\u00f3n contadora, hija de Miguel Pintos, docente, vocal de Educaci\u00f3n Secundaria y Superior en el Consejo General de Educaci\u00f3n, por lo que su fallecimiento gener\u00f3 impacto en el \u00e1mbito educativo de la provincia.<\/strong><\/p>\n\n\n\n<p>De acuerdo a lo consignado por fuentes policiales, el siniestro se produjo minutos antes de las 14 de hoy, a la altura del kil\u00f3metro 25 de la ruta provincial 105, en un tramo comprendido entre el peaje de Fachinal y el cruce de la localidad de San Jos\u00e9.<\/p>\n\n\n\n<p>Como consecuencia de las graves lesiones sufridas, Rodr\u00edguez falleci\u00f3 en el acto, mientras que el deceso de Pintos se produjo luego de su traslado a un centro asistencial. La tercera ocupante, en tanto, permanece internada con pron\u00f3stico reservado en el hospital Madariaga de Posadas.<\/p>\n\n\n\n<p>En el caso interviene el Juzgado de Instrucci\u00f3n Dos de Posadas, a cargo del magistrado Juan Manuel Monte, quien aguardar\u00e1 el informe con las conclusiones preliminares sobre las causas del siniestro para decidir los pr\u00f3ximos pasos a seguir<\/p>\n\n\n\n<figure class=\"wp-block-gallery has-nested-images columns-default is-cropped wp-block-gallery-1 is-layout-flex wp-block-gallery-is-layout-flex\">\n<figure class=\"wp-block-image size-large\"><a href=\"https:\/\/cvinoticias.com\/wp-content\/uploads\/2024\/08\/WhatsApp-Image-2024-08-17-at-19.41.34-1024x768-1.jpeg\"><img decoding=\"async\" width=\"1024\" height=\"768\" data-id=\"35437\" data-src=\"https:\/\/cvinoticias.com\/wp-content\/uploads\/2024\/08\/WhatsApp-Image-2024-08-17-at-19.41.34-1024x768-1.jpeg\" alt=\"\" class=\"wp-image-35437 lazyload\" data-srcset=\"https:\/\/cvinoticias.com\/wp-content\/uploads\/2024\/08\/WhatsApp-Image-2024-08-17-at-19.41.34-1024x768-1.jpeg 1024w, https:\/\/cvinoticias.com\/wp-content\/uploads\/2024\/08\/WhatsApp-Image-2024-08-17-at-19.41.34-1024x768-1-300x225.jpeg 300w, https:\/\/cvinoticias.com\/wp-content\/uploads\/2024\/08\/WhatsApp-Image-2024-08-17-at-19.41.34-1024x768-1-768x576.jpeg 768w\" data-sizes=\"(max-width: 1024px) 100vw, 1024px\" src=\"data:image\/svg+xml;base64,PHN2ZyB3aWR0aD0iMSIgaGVpZ2h0PSIxIiB4bWxucz0iaHR0cDovL3d3dy53My5vcmcvMjAwMC9zdmciPjwvc3ZnPg==\" style=\"--smush-placeholder-width: 1024px; --smush-placeholder-aspect-ratio: 1024\/768;\" \/><\/a><\/figure>\n<\/figure>\n","protected":false},"excerpt":{"rendered":"<p>En un grav\u00edsimo siniestro vial ocurrido ayer por la tarde sobre la ruta Provincial 105 en San Jos\u00e9 se cobr\u00f3 las vidas de Luciana Camila Rodriguez, quien viajaba como acompa\u00f1ante en un Ford Focus, falleci\u00f3 en el lugar del impacto y la conductora Karen Pintos, de profesi\u00f3n contadora, hija de Miguel Pintos, docente, vocal de [&hellip;]<\/p>\n","protected":false},"author":2,"featured_media":35436,"comment_status":"open","ping_status":"open","sticky":false,"template":"","format":"standard","meta":{"footnotes":""},"categories":[41],"tags":[],"class_list":["post-35435","post","type-post","status-publish","format-standard","has-post-thumbnail","hentry","category-policiales"],"yoast_head":"<!-- This site is optimized with the Yoast SEO plugin v27.5 - https:\/\/yoast.com\/product\/yoast-seo-wordpress\/ -->\n<title>Hija de vocal del CGE falleci\u00f3 tras colisi\u00f3n frontal sobre la Ruta provincial 105 | CVI NOTICIAS<\/title>\n<meta name=\"robots\" content=\"index, follow, max-snippet:-1, max-image-preview:large, max-video-preview:-1\" \/>\n<link rel=\"canonical\" href=\"https:\/\/cvinoticias.com\/v3\/hija-de-vocal-del-cge-fallecio-tras-colision-frontal-sobre-la-ruta-provincial-105\/\" \/>\n<meta property=\"og:locale\" content=\"es_ES\" \/>\n<meta property=\"og:type\" content=\"article\" \/>\n<meta property=\"og:title\" content=\"Hija de vocal del CGE falleci\u00f3 tras colisi\u00f3n frontal sobre la Ruta provincial 105 | CVI NOTICIAS\" \/>\n<meta property=\"og:description\" content=\"En un grav\u00edsimo siniestro vial ocurrido ayer por la tarde sobre la ruta Provincial 105 en San Jos\u00e9 se cobr\u00f3 las vidas de Luciana Camila Rodriguez, quien viajaba como acompa\u00f1ante en un Ford Focus, falleci\u00f3 en el lugar del impacto y la conductora Karen Pintos, de profesi\u00f3n contadora, hija de Miguel Pintos, docente, vocal de [&hellip;]\" \/>\n<meta property=\"og:url\" content=\"https:\/\/cvinoticias.com\/v3\/hija-de-vocal-del-cge-fallecio-tras-colision-frontal-sobre-la-ruta-provincial-105\/\" \/>\n<meta property=\"og:site_name\" content=\"CVI NOTICIAS\" \/>\n<meta property=\"article:publisher\" content=\"https:\/\/www.facebook.com\/cvinoticias\" \/>\n<meta property=\"article:published_time\" content=\"2024-08-18T04:40:02+00:00\" \/>\n<meta property=\"article:modified_time\" content=\"2024-08-18T04:40:04+00:00\" \/>\n<meta property=\"og:image\" content=\"https:\/\/cvinoticias.com\/wp-content\/uploads\/2024\/08\/md-1-2.webp\" \/>\n\t<meta property=\"og:image:width\" content=\"992\" \/>\n\t<meta property=\"og:image:height\" content=\"743\" \/>\n\t<meta property=\"og:image:type\" content=\"image\/webp\" \/>\n<meta name=\"author\" content=\"f1000024\" \/>\n<meta name=\"twitter:card\" content=\"summary_large_image\" \/>\n<meta name=\"twitter:label1\" content=\"Escrito por\" \/>\n\t<meta name=\"twitter:data1\" content=\"f1000024\" \/>\n\t<meta name=\"twitter:label2\" content=\"Tiempo de lectura\" \/>\n\t<meta name=\"twitter:data2\" content=\"2 minutos\" \/>\n<script type=\"application\/ld+json\" class=\"yoast-schema-graph\">{\"@context\":\"https:\\\/\\\/schema.org\",\"@graph\":[{\"@type\":\"Article\",\"@id\":\"https:\\\/\\\/cvinoticias.com\\\/v3\\\/hija-de-vocal-del-cge-fallecio-tras-colision-frontal-sobre-la-ruta-provincial-105\\\/#article\",\"isPartOf\":{\"@id\":\"https:\\\/\\\/cvinoticias.com\\\/v3\\\/hija-de-vocal-del-cge-fallecio-tras-colision-frontal-sobre-la-ruta-provincial-105\\\/\"},\"author\":{\"name\":\"f1000024\",\"@id\":\"https:\\\/\\\/cvinoticias.com\\\/v3\\\/#\\\/schema\\\/person\\\/2db77e3c6bc03c538495d7b2b8be9b66\"},\"headline\":\"Hija de vocal del CGE falleci\u00f3 tras colisi\u00f3n frontal sobre la Ruta provincial 105\",\"datePublished\":\"2024-08-18T04:40:02+00:00\",\"dateModified\":\"2024-08-18T04:40:04+00:00\",\"mainEntityOfPage\":{\"@id\":\"https:\\\/\\\/cvinoticias.com\\\/v3\\\/hija-de-vocal-del-cge-fallecio-tras-colision-frontal-sobre-la-ruta-provincial-105\\\/\"},\"wordCount\":229,\"commentCount\":0,\"publisher\":{\"@id\":\"https:\\\/\\\/cvinoticias.com\\\/v3\\\/#organization\"},\"image\":{\"@id\":\"https:\\\/\\\/cvinoticias.com\\\/v3\\\/hija-de-vocal-del-cge-fallecio-tras-colision-frontal-sobre-la-ruta-provincial-105\\\/#primaryimage\"},\"thumbnailUrl\":\"https:\\\/\\\/cvinoticias.com\\\/wp-content\\\/uploads\\\/2024\\\/08\\\/md-1-2.webp\",\"articleSection\":[\"Policiales\"],\"inLanguage\":\"es\",\"potentialAction\":[{\"@type\":\"CommentAction\",\"name\":\"Comment\",\"target\":[\"https:\\\/\\\/cvinoticias.com\\\/v3\\\/hija-de-vocal-del-cge-fallecio-tras-colision-frontal-sobre-la-ruta-provincial-105\\\/#respond\"]}]},{\"@type\":\"WebPage\",\"@id\":\"https:\\\/\\\/cvinoticias.com\\\/v3\\\/hija-de-vocal-del-cge-fallecio-tras-colision-frontal-sobre-la-ruta-provincial-105\\\/\",\"url\":\"https:\\\/\\\/cvinoticias.com\\\/v3\\\/hija-de-vocal-del-cge-fallecio-tras-colision-frontal-sobre-la-ruta-provincial-105\\\/\",\"name\":\"Hija de vocal del CGE falleci\u00f3 tras colisi\u00f3n frontal sobre la Ruta provincial 105 | CVI NOTICIAS\",\"isPartOf\":{\"@id\":\"https:\\\/\\\/cvinoticias.com\\\/v3\\\/#website\"},\"primaryImageOfPage\":{\"@id\":\"https:\\\/\\\/cvinoticias.com\\\/v3\\\/hija-de-vocal-del-cge-fallecio-tras-colision-frontal-sobre-la-ruta-provincial-105\\\/#primaryimage\"},\"image\":{\"@id\":\"https:\\\/\\\/cvinoticias.com\\\/v3\\\/hija-de-vocal-del-cge-fallecio-tras-colision-frontal-sobre-la-ruta-provincial-105\\\/#primaryimage\"},\"thumbnailUrl\":\"https:\\\/\\\/cvinoticias.com\\\/wp-content\\\/uploads\\\/2024\\\/08\\\/md-1-2.webp\",\"datePublished\":\"2024-08-18T04:40:02+00:00\",\"dateModified\":\"2024-08-18T04:40:04+00:00\",\"breadcrumb\":{\"@id\":\"https:\\\/\\\/cvinoticias.com\\\/v3\\\/hija-de-vocal-del-cge-fallecio-tras-colision-frontal-sobre-la-ruta-provincial-105\\\/#breadcrumb\"},\"inLanguage\":\"es\",\"potentialAction\":[{\"@type\":\"ReadAction\",\"target\":[\"https:\\\/\\\/cvinoticias.com\\\/v3\\\/hija-de-vocal-del-cge-fallecio-tras-colision-frontal-sobre-la-ruta-provincial-105\\\/\"]}]},{\"@type\":\"ImageObject\",\"inLanguage\":\"es\",\"@id\":\"https:\\\/\\\/cvinoticias.com\\\/v3\\\/hija-de-vocal-del-cge-fallecio-tras-colision-frontal-sobre-la-ruta-provincial-105\\\/#primaryimage\",\"url\":\"https:\\\/\\\/cvinoticias.com\\\/wp-content\\\/uploads\\\/2024\\\/08\\\/md-1-2.webp\",\"contentUrl\":\"https:\\\/\\\/cvinoticias.com\\\/wp-content\\\/uploads\\\/2024\\\/08\\\/md-1-2.webp\",\"width\":992,\"height\":743},{\"@type\":\"BreadcrumbList\",\"@id\":\"https:\\\/\\\/cvinoticias.com\\\/v3\\\/hija-de-vocal-del-cge-fallecio-tras-colision-frontal-sobre-la-ruta-provincial-105\\\/#breadcrumb\",\"itemListElement\":[{\"@type\":\"ListItem\",\"position\":1,\"name\":\"Portada\",\"item\":\"https:\\\/\\\/cvinoticias.com\\\/v3\\\/\"},{\"@type\":\"ListItem\",\"position\":2,\"name\":\"Hija de vocal del CGE falleci\u00f3 tras colisi\u00f3n frontal sobre la Ruta provincial 105\"}]},{\"@type\":\"WebSite\",\"@id\":\"https:\\\/\\\/cvinoticias.com\\\/v3\\\/#website\",\"url\":\"https:\\\/\\\/cvinoticias.com\\\/v3\\\/\",\"name\":\"CVI NOTICIAS\",\"description\":\"\",\"publisher\":{\"@id\":\"https:\\\/\\\/cvinoticias.com\\\/v3\\\/#organization\"},\"alternateName\":\"CVI\",\"potentialAction\":[{\"@type\":\"SearchAction\",\"target\":{\"@type\":\"EntryPoint\",\"urlTemplate\":\"https:\\\/\\\/cvinoticias.com\\\/v3\\\/?s={search_term_string}\"},\"query-input\":{\"@type\":\"PropertyValueSpecification\",\"valueRequired\":true,\"valueName\":\"search_term_string\"}}],\"inLanguage\":\"es\"},{\"@type\":\"Organization\",\"@id\":\"https:\\\/\\\/cvinoticias.com\\\/v3\\\/#organization\",\"name\":\"CVI NOTICIAS\",\"url\":\"https:\\\/\\\/cvinoticias.com\\\/v3\\\/\",\"logo\":{\"@type\":\"ImageObject\",\"inLanguage\":\"es\",\"@id\":\"https:\\\/\\\/cvinoticias.com\\\/v3\\\/#\\\/schema\\\/logo\\\/image\\\/\",\"url\":\"https:\\\/\\\/cvinoticias.com\\\/wp-content\\\/uploads\\\/2023\\\/04\\\/cropped-cropped-cropped-cropped-cropped-3-1.png\",\"contentUrl\":\"https:\\\/\\\/cvinoticias.com\\\/wp-content\\\/uploads\\\/2023\\\/04\\\/cropped-cropped-cropped-cropped-cropped-3-1.png\",\"width\":95,\"height\":122,\"caption\":\"CVI NOTICIAS\"},\"image\":{\"@id\":\"https:\\\/\\\/cvinoticias.com\\\/v3\\\/#\\\/schema\\\/logo\\\/image\\\/\"},\"sameAs\":[\"https:\\\/\\\/www.facebook.com\\\/cvinoticias\",\"https:\\\/\\\/www.instagram.com\\\/cvinoticias\\\/\",\"https:\\\/\\\/www.youtube.com\\\/@CVINOTICIAS\"]},{\"@type\":\"Person\",\"@id\":\"https:\\\/\\\/cvinoticias.com\\\/v3\\\/#\\\/schema\\\/person\\\/2db77e3c6bc03c538495d7b2b8be9b66\",\"name\":\"f1000024\",\"image\":{\"@type\":\"ImageObject\",\"inLanguage\":\"es\",\"@id\":\"https:\\\/\\\/secure.gravatar.com\\\/avatar\\\/d4fe7459cfc51ff5129ce1a732bbef5928568b8092d412ef95611616376bbeed?s=96&d=mm&r=g\",\"url\":\"https:\\\/\\\/secure.gravatar.com\\\/avatar\\\/d4fe7459cfc51ff5129ce1a732bbef5928568b8092d412ef95611616376bbeed?s=96&d=mm&r=g\",\"contentUrl\":\"https:\\\/\\\/secure.gravatar.com\\\/avatar\\\/d4fe7459cfc51ff5129ce1a732bbef5928568b8092d412ef95611616376bbeed?s=96&d=mm&r=g\",\"caption\":\"f1000024\"},\"url\":\"https:\\\/\\\/cvinoticias.com\\\/v3\\\/author\\\/f1000024\\\/\"}]}<\/script>\n<!-- \/ Yoast SEO plugin. -->","yoast_head_json":{"title":"Hija de vocal del CGE falleci\u00f3 tras colisi\u00f3n frontal sobre la Ruta provincial 105 | CVI NOTICIAS","robots":{"index":"index","follow":"follow","max-snippet":"max-snippet:-1","max-image-preview":"max-image-preview:large","max-video-preview":"max-video-preview:-1"},"canonical":"https:\/\/cvinoticias.com\/v3\/hija-de-vocal-del-cge-fallecio-tras-colision-frontal-sobre-la-ruta-provincial-105\/","og_locale":"es_ES","og_type":"article","og_title":"Hija de vocal del CGE falleci\u00f3 tras colisi\u00f3n frontal sobre la Ruta provincial 105 | CVI NOTICIAS","og_description":"En un grav\u00edsimo siniestro vial ocurrido ayer por la tarde sobre la ruta Provincial 105 en San Jos\u00e9 se cobr\u00f3 las vidas de Luciana Camila Rodriguez, quien viajaba como acompa\u00f1ante en un Ford Focus, falleci\u00f3 en el lugar del impacto y la conductora Karen Pintos, de profesi\u00f3n contadora, hija de Miguel Pintos, docente, vocal de [&hellip;]","og_url":"https:\/\/cvinoticias.com\/v3\/hija-de-vocal-del-cge-fallecio-tras-colision-frontal-sobre-la-ruta-provincial-105\/","og_site_name":"CVI NOTICIAS","article_publisher":"https:\/\/www.facebook.com\/cvinoticias","article_published_time":"2024-08-18T04:40:02+00:00","article_modified_time":"2024-08-18T04:40:04+00:00","og_image":[{"width":992,"height":743,"url":"https:\/\/cvinoticias.com\/wp-content\/uploads\/2024\/08\/md-1-2.webp","type":"image\/webp"}],"author":"f1000024","twitter_card":"summary_large_image","twitter_misc":{"Escrito por":"f1000024","Tiempo de lectura":"2 minutos"},"schema":{"@context":"https:\/\/schema.org","@graph":[{"@type":"Article","@id":"https:\/\/cvinoticias.com\/v3\/hija-de-vocal-del-cge-fallecio-tras-colision-frontal-sobre-la-ruta-provincial-105\/#article","isPartOf":{"@id":"https:\/\/cvinoticias.com\/v3\/hija-de-vocal-del-cge-fallecio-tras-colision-frontal-sobre-la-ruta-provincial-105\/"},"author":{"name":"f1000024","@id":"https:\/\/cvinoticias.com\/v3\/#\/schema\/person\/2db77e3c6bc03c538495d7b2b8be9b66"},"headline":"Hija de vocal del CGE falleci\u00f3 tras colisi\u00f3n frontal sobre la Ruta provincial 105","datePublished":"2024-08-18T04:40:02+00:00","dateModified":"2024-08-18T04:40:04+00:00","mainEntityOfPage":{"@id":"https:\/\/cvinoticias.com\/v3\/hija-de-vocal-del-cge-fallecio-tras-colision-frontal-sobre-la-ruta-provincial-105\/"},"wordCount":229,"commentCount":0,"publisher":{"@id":"https:\/\/cvinoticias.com\/v3\/#organization"},"image":{"@id":"https:\/\/cvinoticias.com\/v3\/hija-de-vocal-del-cge-fallecio-tras-colision-frontal-sobre-la-ruta-provincial-105\/#primaryimage"},"thumbnailUrl":"https:\/\/cvinoticias.com\/wp-content\/uploads\/2024\/08\/md-1-2.webp","articleSection":["Policiales"],"inLanguage":"es","potentialAction":[{"@type":"CommentAction","name":"Comment","target":["https:\/\/cvinoticias.com\/v3\/hija-de-vocal-del-cge-fallecio-tras-colision-frontal-sobre-la-ruta-provincial-105\/#respond"]}]},{"@type":"WebPage","@id":"https:\/\/cvinoticias.com\/v3\/hija-de-vocal-del-cge-fallecio-tras-colision-frontal-sobre-la-ruta-provincial-105\/","url":"https:\/\/cvinoticias.com\/v3\/hija-de-vocal-del-cge-fallecio-tras-colision-frontal-sobre-la-ruta-provincial-105\/","name":"Hija de vocal del CGE falleci\u00f3 tras colisi\u00f3n frontal sobre la Ruta provincial 105 | CVI NOTICIAS","isPartOf":{"@id":"https:\/\/cvinoticias.com\/v3\/#website"},"primaryImageOfPage":{"@id":"https:\/\/cvinoticias.com\/v3\/hija-de-vocal-del-cge-fallecio-tras-colision-frontal-sobre-la-ruta-provincial-105\/#primaryimage"},"image":{"@id":"https:\/\/cvinoticias.com\/v3\/hija-de-vocal-del-cge-fallecio-tras-colision-frontal-sobre-la-ruta-provincial-105\/#primaryimage"},"thumbnailUrl":"https:\/\/cvinoticias.com\/wp-content\/uploads\/2024\/08\/md-1-2.webp","datePublished":"2024-08-18T04:40:02+00:00","dateModified":"2024-08-18T04:40:04+00:00","breadcrumb":{"@id":"https:\/\/cvinoticias.com\/v3\/hija-de-vocal-del-cge-fallecio-tras-colision-frontal-sobre-la-ruta-provincial-105\/#breadcrumb"},"inLanguage":"es","potentialAction":[{"@type":"ReadAction","target":["https:\/\/cvinoticias.com\/v3\/hija-de-vocal-del-cge-fallecio-tras-colision-frontal-sobre-la-ruta-provincial-105\/"]}]},{"@type":"ImageObject","inLanguage":"es","@id":"https:\/\/cvinoticias.com\/v3\/hija-de-vocal-del-cge-fallecio-tras-colision-frontal-sobre-la-ruta-provincial-105\/#primaryimage","url":"https:\/\/cvinoticias.com\/wp-content\/uploads\/2024\/08\/md-1-2.webp","contentUrl":"https:\/\/cvinoticias.com\/wp-content\/uploads\/2024\/08\/md-1-2.webp","width":992,"height":743},{"@type":"BreadcrumbList","@id":"https:\/\/cvinoticias.com\/v3\/hija-de-vocal-del-cge-fallecio-tras-colision-frontal-sobre-la-ruta-provincial-105\/#breadcrumb","itemListElement":[{"@type":"ListItem","position":1,"name":"Portada","item":"https:\/\/cvinoticias.com\/v3\/"},{"@type":"ListItem","position":2,"name":"Hija de vocal del CGE falleci\u00f3 tras colisi\u00f3n frontal sobre la Ruta provincial 105"}]},{"@type":"WebSite","@id":"https:\/\/cvinoticias.com\/v3\/#website","url":"https:\/\/cvinoticias.com\/v3\/","name":"CVI NOTICIAS","description":"","publisher":{"@id":"https:\/\/cvinoticias.com\/v3\/#organization"},"alternateName":"CVI","potentialAction":[{"@type":"SearchAction","target":{"@type":"EntryPoint","urlTemplate":"https:\/\/cvinoticias.com\/v3\/?s={search_term_string}"},"query-input":{"@type":"PropertyValueSpecification","valueRequired":true,"valueName":"search_term_string"}}],"inLanguage":"es"},{"@type":"Organization","@id":"https:\/\/cvinoticias.com\/v3\/#organization","name":"CVI NOTICIAS","url":"https:\/\/cvinoticias.com\/v3\/","logo":{"@type":"ImageObject","inLanguage":"es","@id":"https:\/\/cvinoticias.com\/v3\/#\/schema\/logo\/image\/","url":"https:\/\/cvinoticias.com\/wp-content\/uploads\/2023\/04\/cropped-cropped-cropped-cropped-cropped-3-1.png","contentUrl":"https:\/\/cvinoticias.com\/wp-content\/uploads\/2023\/04\/cropped-cropped-cropped-cropped-cropped-3-1.png","width":95,"height":122,"caption":"CVI NOTICIAS"},"image":{"@id":"https:\/\/cvinoticias.com\/v3\/#\/schema\/logo\/image\/"},"sameAs":["https:\/\/www.facebook.com\/cvinoticias","https:\/\/www.instagram.com\/cvinoticias\/","https:\/\/www.youtube.com\/@CVINOTICIAS"]},{"@type":"Person","@id":"https:\/\/cvinoticias.com\/v3\/#\/schema\/person\/2db77e3c6bc03c538495d7b2b8be9b66","name":"f1000024","image":{"@type":"ImageObject","inLanguage":"es","@id":"https:\/\/secure.gravatar.com\/avatar\/d4fe7459cfc51ff5129ce1a732bbef5928568b8092d412ef95611616376bbeed?s=96&d=mm&r=g","url":"https:\/\/secure.gravatar.com\/avatar\/d4fe7459cfc51ff5129ce1a732bbef5928568b8092d412ef95611616376bbeed?s=96&d=mm&r=g","contentUrl":"https:\/\/secure.gravatar.com\/avatar\/d4fe7459cfc51ff5129ce1a732bbef5928568b8092d412ef95611616376bbeed?s=96&d=mm&r=g","caption":"f1000024"},"url":"https:\/\/cvinoticias.com\/v3\/author\/f1000024\/"}]}},"_links":{"self":[{"href":"https:\/\/cvinoticias.com\/v3\/wp-json\/wp\/v2\/posts\/35435","targetHints":{"allow":["GET"]}}],"collection":[{"href":"https:\/\/cvinoticias.com\/v3\/wp-json\/wp\/v2\/posts"}],"about":[{"href":"https:\/\/cvinoticias.com\/v3\/wp-json\/wp\/v2\/types\/post"}],"author":[{"embeddable":true,"href":"https:\/\/cvinoticias.com\/v3\/wp-json\/wp\/v2\/users\/2"}],"replies":[{"embeddable":true,"href":"https:\/\/cvinoticias.com\/v3\/wp-json\/wp\/v2\/comments?post=35435"}],"version-history":[{"count":1,"href":"https:\/\/cvinoticias.com\/v3\/wp-json\/wp\/v2\/posts\/35435\/revisions"}],"predecessor-version":[{"id":35438,"href":"https:\/\/cvinoticias.com\/v3\/wp-json\/wp\/v2\/posts\/35435\/revisions\/35438"}],"wp:featuredmedia":[{"embeddable":true,"href":"https:\/\/cvinoticias.com\/v3\/wp-json\/wp\/v2\/media\/35436"}],"wp:attachment":[{"href":"https:\/\/cvinoticias.com\/v3\/wp-json\/wp\/v2\/media?parent=35435"}],"wp:term":[{"taxonomy":"category","embeddable":true,"href":"https:\/\/cvinoticias.com\/v3\/wp-json\/wp\/v2\/categories?post=35435"},{"taxonomy":"post_tag","embeddable":true,"href":"https:\/\/cvinoticias.com\/v3\/wp-json\/wp\/v2\/tags?post=35435"}],"curies":[{"name":"wp","href":"https:\/\/api.w.org\/{rel}","templated":true}]}}