{"id":35414,"date":"2024-08-17T14:32:10","date_gmt":"2024-08-17T17:32:10","guid":{"rendered":"https:\/\/cvinoticias.com\/v3\/?p=35414"},"modified":"2024-08-17T20:35:41","modified_gmt":"2024-08-17T23:35:41","slug":"ministerio-de-cambio-climatico-financian-a-empresas-y-particulares-que-busquen-una-alternativa-ecologica-para-mitigar-el-calentamiento-global","status":"publish","type":"post","link":"https:\/\/cvinoticias.com\/v3\/ministerio-de-cambio-climatico-financian-a-empresas-y-particulares-que-busquen-una-alternativa-ecologica-para-mitigar-el-calentamiento-global\/","title":{"rendered":"Ministerio de Cambio Clim\u00e1tico: financiar\u00e1n a empresas y particulares que busquen una alternativa ecol\u00f3gica  para mitigar el calentamiento global"},"content":{"rendered":"\n<p><strong>El Ministro de Cambio Clim\u00e1tico, Gervasio Malagrida, dio detalles de la Banca Verde. Se trata de un financiamiento a aquellas empresas y particulares que busquen una alternativa ecol\u00f3gica y aporten a la mitigaci\u00f3n del calentamiento global: La Banca Verde es un nuevo paso para la econom\u00eda misionera. <\/strong><\/p>\n\n\n\n<p>El funcionario explic\u00f3 que se trata de una iniciativa de vanguardia y que \u201c<em><strong>Misiones en esta materia es pionera en el pa\u00eds y la regi\u00f3n<\/strong>\u201d.&nbsp;<\/em><\/p>\n\n\n\n<figure class=\"wp-block-gallery has-nested-images columns-default is-cropped wp-block-gallery-1 is-layout-flex wp-block-gallery-is-layout-flex\">\n<figure class=\"wp-block-image size-large\"><a href=\"https:\/\/cvinoticias.com\/wp-content\/uploads\/2024\/08\/selva_misionera_o_paranaense_caracteristicas_animales_y_plantas_1878_orig.jpg\"><img decoding=\"async\" width=\"800\" height=\"600\" data-id=\"35417\" data-src=\"https:\/\/cvinoticias.com\/wp-content\/uploads\/2024\/08\/selva_misionera_o_paranaense_caracteristicas_animales_y_plantas_1878_orig.jpg\" alt=\"\" class=\"wp-image-35417 lazyload\" data-srcset=\"https:\/\/cvinoticias.com\/wp-content\/uploads\/2024\/08\/selva_misionera_o_paranaense_caracteristicas_animales_y_plantas_1878_orig.jpg 800w, https:\/\/cvinoticias.com\/wp-content\/uploads\/2024\/08\/selva_misionera_o_paranaense_caracteristicas_animales_y_plantas_1878_orig-300x225.jpg 300w, https:\/\/cvinoticias.com\/wp-content\/uploads\/2024\/08\/selva_misionera_o_paranaense_caracteristicas_animales_y_plantas_1878_orig-768x576.jpg 768w\" data-sizes=\"(max-width: 800px) 100vw, 800px\" src=\"data:image\/svg+xml;base64,PHN2ZyB3aWR0aD0iMSIgaGVpZ2h0PSIxIiB4bWxucz0iaHR0cDovL3d3dy53My5vcmcvMjAwMC9zdmciPjwvc3ZnPg==\" style=\"--smush-placeholder-width: 800px; --smush-placeholder-aspect-ratio: 800\/600;\" \/><\/a><\/figure>\n<\/figure>\n\n\n\n<p>La banca verde es la entidad financiera dise\u00f1ada para financiar proyectos que promuevan la sostenibilidad ambiental, la transici\u00f3n energ\u00e9tica y el empleo verde, y se articular\u00e1 desde el Ministerio de Cambio Clim\u00e1tico de Misiones.<\/p>\n\n\n\n<p>Malagrida, asumi\u00f3 su cargo en abril de 2022 y con su misi\u00f3n y funci\u00f3n desde su cartera, hizo hincapi\u00e9 en varios proyectos entre los que se encontraba crear un Banco Verde para Misiones, logrando utilizar las herramientas del Fondo de Cr\u00e9dito Misiones, para financiar proyectos que promuevan la sostenibilidad ambiental, la transici\u00f3n energ\u00e9tica y el empleo verde. <\/p>\n\n\n\n<p><strong>En esa l\u00ednea, el funcionario provincial reuni\u00f3 a un equipo de expertos de su ministerio y a un grupo selecto de especialistas externos, incluyendo a Guillermo Ibarra y Juan Marcelo Benitez Vigo, ex ejecutivos de Banco Santander. Tambi\u00e9n se unieron profesionales del Ministerio de Hacienda y de la Alianza Verde Argentina, una iniciativa surgida desde el propio Ministerio de Cambio Clim\u00e1tico de Misiones. Adem\u00e1s, Horacio Simes, quien pronto ser\u00eda decano de la Facultad de Ciencias Econ\u00f3micas de la UNaM, se sum\u00f3 al proyecto, aportando su experiencia acad\u00e9mica y visi\u00f3n estrat\u00e9gica.<\/strong><\/p>\n\n\n\n<p>La idea del banco verde fue visto con buen tino por el gobernador Hugo Passalacqua que  destac\u00f3 esto en su discurso inaugural del 1ero de mayo de 2024. <\/p>\n\n\n\n<p>El mandatario subray\u00f3 la importancia y el potencial transformador del proyecto en una Argentina que necesita con urgencia herramientas innovadoras y fuentes sostenibles de financiamiento. Por ello, desde el Ministerio destacaron que la creaci\u00f3n de la Banca Verde Sudamericana desde Misiones representa un paso audaz y necesario hacia un futuro m\u00e1s verde y sustentable.<\/p>\n","protected":false},"excerpt":{"rendered":"<p>El Ministro de Cambio Clim\u00e1tico, Gervasio Malagrida, dio detalles de la Banca Verde. Se trata de un financiamiento a aquellas empresas y particulares que busquen una alternativa ecol\u00f3gica y aporten a la mitigaci\u00f3n del calentamiento global: La Banca Verde es un nuevo paso para la econom\u00eda misionera. El funcionario explic\u00f3 que se trata de una [&hellip;]<\/p>\n","protected":false},"author":2,"featured_media":35416,"comment_status":"open","ping_status":"open","sticky":false,"template":"","format":"standard","meta":{"footnotes":""},"categories":[43],"tags":[],"class_list":["post-35414","post","type-post","status-publish","format-standard","has-post-thumbnail","hentry","category-provinciales"],"yoast_head":"<!-- This site is optimized with the Yoast SEO plugin v27.4 - https:\/\/yoast.com\/product\/yoast-seo-wordpress\/ -->\n<title>Ministerio de Cambio Clim\u00e1tico: financiar\u00e1n a empresas y particulares que busquen una alternativa ecol\u00f3gica para mitigar el calentamiento global | CVI NOTICIAS<\/title>\n<meta name=\"robots\" content=\"index, follow, max-snippet:-1, max-image-preview:large, max-video-preview:-1\" \/>\n<link rel=\"canonical\" href=\"https:\/\/cvinoticias.com\/v3\/ministerio-de-cambio-climatico-financian-a-empresas-y-particulares-que-busquen-una-alternativa-ecologica-para-mitigar-el-calentamiento-global\/\" \/>\n<meta property=\"og:locale\" content=\"es_ES\" \/>\n<meta property=\"og:type\" content=\"article\" \/>\n<meta property=\"og:title\" content=\"Ministerio de Cambio Clim\u00e1tico: financiar\u00e1n a empresas y particulares que busquen una alternativa ecol\u00f3gica para mitigar el calentamiento global | CVI NOTICIAS\" \/>\n<meta property=\"og:description\" content=\"El Ministro de Cambio Clim\u00e1tico, Gervasio Malagrida, dio detalles de la Banca Verde. Se trata de un financiamiento a aquellas empresas y particulares que busquen una alternativa ecol\u00f3gica y aporten a la mitigaci\u00f3n del calentamiento global: La Banca Verde es un nuevo paso para la econom\u00eda misionera. El funcionario explic\u00f3 que se trata de una [&hellip;]\" \/>\n<meta property=\"og:url\" content=\"https:\/\/cvinoticias.com\/v3\/ministerio-de-cambio-climatico-financian-a-empresas-y-particulares-que-busquen-una-alternativa-ecologica-para-mitigar-el-calentamiento-global\/\" \/>\n<meta property=\"og:site_name\" content=\"CVI NOTICIAS\" \/>\n<meta property=\"article:publisher\" content=\"https:\/\/www.facebook.com\/cvinoticias\" \/>\n<meta property=\"article:published_time\" content=\"2024-08-17T17:32:10+00:00\" \/>\n<meta property=\"article:modified_time\" content=\"2024-08-17T23:35:41+00:00\" \/>\n<meta property=\"og:image\" content=\"https:\/\/cvinoticias.com\/wp-content\/uploads\/2024\/08\/banca-verde-1024x683-2.jpg\" \/>\n\t<meta property=\"og:image:width\" content=\"1024\" \/>\n\t<meta property=\"og:image:height\" content=\"683\" \/>\n\t<meta property=\"og:image:type\" content=\"image\/jpeg\" \/>\n<meta name=\"author\" content=\"f1000024\" \/>\n<meta name=\"twitter:card\" content=\"summary_large_image\" \/>\n<meta name=\"twitter:label1\" content=\"Escrito por\" \/>\n\t<meta name=\"twitter:data1\" content=\"f1000024\" \/>\n\t<meta name=\"twitter:label2\" content=\"Tiempo de lectura\" \/>\n\t<meta name=\"twitter:data2\" content=\"2 minutos\" \/>\n<script type=\"application\/ld+json\" class=\"yoast-schema-graph\">{\"@context\":\"https:\\\/\\\/schema.org\",\"@graph\":[{\"@type\":\"Article\",\"@id\":\"https:\\\/\\\/cvinoticias.com\\\/v3\\\/ministerio-de-cambio-climatico-financian-a-empresas-y-particulares-que-busquen-una-alternativa-ecologica-para-mitigar-el-calentamiento-global\\\/#article\",\"isPartOf\":{\"@id\":\"https:\\\/\\\/cvinoticias.com\\\/v3\\\/ministerio-de-cambio-climatico-financian-a-empresas-y-particulares-que-busquen-una-alternativa-ecologica-para-mitigar-el-calentamiento-global\\\/\"},\"author\":{\"name\":\"f1000024\",\"@id\":\"https:\\\/\\\/cvinoticias.com\\\/v3\\\/#\\\/schema\\\/person\\\/2db77e3c6bc03c538495d7b2b8be9b66\"},\"headline\":\"Ministerio de Cambio Clim\u00e1tico: financiar\u00e1n a empresas y particulares que busquen una alternativa ecol\u00f3gica para mitigar el calentamiento global\",\"datePublished\":\"2024-08-17T17:32:10+00:00\",\"dateModified\":\"2024-08-17T23:35:41+00:00\",\"mainEntityOfPage\":{\"@id\":\"https:\\\/\\\/cvinoticias.com\\\/v3\\\/ministerio-de-cambio-climatico-financian-a-empresas-y-particulares-que-busquen-una-alternativa-ecologica-para-mitigar-el-calentamiento-global\\\/\"},\"wordCount\":382,\"commentCount\":0,\"publisher\":{\"@id\":\"https:\\\/\\\/cvinoticias.com\\\/v3\\\/#organization\"},\"image\":{\"@id\":\"https:\\\/\\\/cvinoticias.com\\\/v3\\\/ministerio-de-cambio-climatico-financian-a-empresas-y-particulares-que-busquen-una-alternativa-ecologica-para-mitigar-el-calentamiento-global\\\/#primaryimage\"},\"thumbnailUrl\":\"https:\\\/\\\/cvinoticias.com\\\/wp-content\\\/uploads\\\/2024\\\/08\\\/banca-verde-1024x683-2.jpg\",\"articleSection\":[\"Provinciales\"],\"inLanguage\":\"es\",\"potentialAction\":[{\"@type\":\"CommentAction\",\"name\":\"Comment\",\"target\":[\"https:\\\/\\\/cvinoticias.com\\\/v3\\\/ministerio-de-cambio-climatico-financian-a-empresas-y-particulares-que-busquen-una-alternativa-ecologica-para-mitigar-el-calentamiento-global\\\/#respond\"]}]},{\"@type\":\"WebPage\",\"@id\":\"https:\\\/\\\/cvinoticias.com\\\/v3\\\/ministerio-de-cambio-climatico-financian-a-empresas-y-particulares-que-busquen-una-alternativa-ecologica-para-mitigar-el-calentamiento-global\\\/\",\"url\":\"https:\\\/\\\/cvinoticias.com\\\/v3\\\/ministerio-de-cambio-climatico-financian-a-empresas-y-particulares-que-busquen-una-alternativa-ecologica-para-mitigar-el-calentamiento-global\\\/\",\"name\":\"Ministerio de Cambio Clim\u00e1tico: financiar\u00e1n a empresas y particulares que busquen una alternativa ecol\u00f3gica para mitigar el calentamiento global | CVI NOTICIAS\",\"isPartOf\":{\"@id\":\"https:\\\/\\\/cvinoticias.com\\\/v3\\\/#website\"},\"primaryImageOfPage\":{\"@id\":\"https:\\\/\\\/cvinoticias.com\\\/v3\\\/ministerio-de-cambio-climatico-financian-a-empresas-y-particulares-que-busquen-una-alternativa-ecologica-para-mitigar-el-calentamiento-global\\\/#primaryimage\"},\"image\":{\"@id\":\"https:\\\/\\\/cvinoticias.com\\\/v3\\\/ministerio-de-cambio-climatico-financian-a-empresas-y-particulares-que-busquen-una-alternativa-ecologica-para-mitigar-el-calentamiento-global\\\/#primaryimage\"},\"thumbnailUrl\":\"https:\\\/\\\/cvinoticias.com\\\/wp-content\\\/uploads\\\/2024\\\/08\\\/banca-verde-1024x683-2.jpg\",\"datePublished\":\"2024-08-17T17:32:10+00:00\",\"dateModified\":\"2024-08-17T23:35:41+00:00\",\"breadcrumb\":{\"@id\":\"https:\\\/\\\/cvinoticias.com\\\/v3\\\/ministerio-de-cambio-climatico-financian-a-empresas-y-particulares-que-busquen-una-alternativa-ecologica-para-mitigar-el-calentamiento-global\\\/#breadcrumb\"},\"inLanguage\":\"es\",\"potentialAction\":[{\"@type\":\"ReadAction\",\"target\":[\"https:\\\/\\\/cvinoticias.com\\\/v3\\\/ministerio-de-cambio-climatico-financian-a-empresas-y-particulares-que-busquen-una-alternativa-ecologica-para-mitigar-el-calentamiento-global\\\/\"]}]},{\"@type\":\"ImageObject\",\"inLanguage\":\"es\",\"@id\":\"https:\\\/\\\/cvinoticias.com\\\/v3\\\/ministerio-de-cambio-climatico-financian-a-empresas-y-particulares-que-busquen-una-alternativa-ecologica-para-mitigar-el-calentamiento-global\\\/#primaryimage\",\"url\":\"https:\\\/\\\/cvinoticias.com\\\/wp-content\\\/uploads\\\/2024\\\/08\\\/banca-verde-1024x683-2.jpg\",\"contentUrl\":\"https:\\\/\\\/cvinoticias.com\\\/wp-content\\\/uploads\\\/2024\\\/08\\\/banca-verde-1024x683-2.jpg\",\"width\":1024,\"height\":683},{\"@type\":\"BreadcrumbList\",\"@id\":\"https:\\\/\\\/cvinoticias.com\\\/v3\\\/ministerio-de-cambio-climatico-financian-a-empresas-y-particulares-que-busquen-una-alternativa-ecologica-para-mitigar-el-calentamiento-global\\\/#breadcrumb\",\"itemListElement\":[{\"@type\":\"ListItem\",\"position\":1,\"name\":\"Portada\",\"item\":\"https:\\\/\\\/cvinoticias.com\\\/v3\\\/\"},{\"@type\":\"ListItem\",\"position\":2,\"name\":\"Ministerio de Cambio Clim\u00e1tico: financiar\u00e1n a empresas y particulares que busquen una alternativa ecol\u00f3gica para mitigar el calentamiento global\"}]},{\"@type\":\"WebSite\",\"@id\":\"https:\\\/\\\/cvinoticias.com\\\/v3\\\/#website\",\"url\":\"https:\\\/\\\/cvinoticias.com\\\/v3\\\/\",\"name\":\"CVI NOTICIAS\",\"description\":\"\",\"publisher\":{\"@id\":\"https:\\\/\\\/cvinoticias.com\\\/v3\\\/#organization\"},\"alternateName\":\"CVI\",\"potentialAction\":[{\"@type\":\"SearchAction\",\"target\":{\"@type\":\"EntryPoint\",\"urlTemplate\":\"https:\\\/\\\/cvinoticias.com\\\/v3\\\/?s={search_term_string}\"},\"query-input\":{\"@type\":\"PropertyValueSpecification\",\"valueRequired\":true,\"valueName\":\"search_term_string\"}}],\"inLanguage\":\"es\"},{\"@type\":\"Organization\",\"@id\":\"https:\\\/\\\/cvinoticias.com\\\/v3\\\/#organization\",\"name\":\"CVI NOTICIAS\",\"url\":\"https:\\\/\\\/cvinoticias.com\\\/v3\\\/\",\"logo\":{\"@type\":\"ImageObject\",\"inLanguage\":\"es\",\"@id\":\"https:\\\/\\\/cvinoticias.com\\\/v3\\\/#\\\/schema\\\/logo\\\/image\\\/\",\"url\":\"https:\\\/\\\/cvinoticias.com\\\/wp-content\\\/uploads\\\/2023\\\/04\\\/cropped-cropped-cropped-cropped-cropped-3-1.png\",\"contentUrl\":\"https:\\\/\\\/cvinoticias.com\\\/wp-content\\\/uploads\\\/2023\\\/04\\\/cropped-cropped-cropped-cropped-cropped-3-1.png\",\"width\":95,\"height\":122,\"caption\":\"CVI NOTICIAS\"},\"image\":{\"@id\":\"https:\\\/\\\/cvinoticias.com\\\/v3\\\/#\\\/schema\\\/logo\\\/image\\\/\"},\"sameAs\":[\"https:\\\/\\\/www.facebook.com\\\/cvinoticias\",\"https:\\\/\\\/www.instagram.com\\\/cvinoticias\\\/\",\"https:\\\/\\\/www.youtube.com\\\/@CVINOTICIAS\"]},{\"@type\":\"Person\",\"@id\":\"https:\\\/\\\/cvinoticias.com\\\/v3\\\/#\\\/schema\\\/person\\\/2db77e3c6bc03c538495d7b2b8be9b66\",\"name\":\"f1000024\",\"image\":{\"@type\":\"ImageObject\",\"inLanguage\":\"es\",\"@id\":\"https:\\\/\\\/secure.gravatar.com\\\/avatar\\\/d4fe7459cfc51ff5129ce1a732bbef5928568b8092d412ef95611616376bbeed?s=96&d=mm&r=g\",\"url\":\"https:\\\/\\\/secure.gravatar.com\\\/avatar\\\/d4fe7459cfc51ff5129ce1a732bbef5928568b8092d412ef95611616376bbeed?s=96&d=mm&r=g\",\"contentUrl\":\"https:\\\/\\\/secure.gravatar.com\\\/avatar\\\/d4fe7459cfc51ff5129ce1a732bbef5928568b8092d412ef95611616376bbeed?s=96&d=mm&r=g\",\"caption\":\"f1000024\"},\"url\":\"https:\\\/\\\/cvinoticias.com\\\/v3\\\/author\\\/f1000024\\\/\"}]}<\/script>\n<!-- \/ Yoast SEO plugin. -->","yoast_head_json":{"title":"Ministerio de Cambio Clim\u00e1tico: financiar\u00e1n a empresas y particulares que busquen una alternativa ecol\u00f3gica para mitigar el calentamiento global | CVI NOTICIAS","robots":{"index":"index","follow":"follow","max-snippet":"max-snippet:-1","max-image-preview":"max-image-preview:large","max-video-preview":"max-video-preview:-1"},"canonical":"https:\/\/cvinoticias.com\/v3\/ministerio-de-cambio-climatico-financian-a-empresas-y-particulares-que-busquen-una-alternativa-ecologica-para-mitigar-el-calentamiento-global\/","og_locale":"es_ES","og_type":"article","og_title":"Ministerio de Cambio Clim\u00e1tico: financiar\u00e1n a empresas y particulares que busquen una alternativa ecol\u00f3gica para mitigar el calentamiento global | CVI NOTICIAS","og_description":"El Ministro de Cambio Clim\u00e1tico, Gervasio Malagrida, dio detalles de la Banca Verde. Se trata de un financiamiento a aquellas empresas y particulares que busquen una alternativa ecol\u00f3gica y aporten a la mitigaci\u00f3n del calentamiento global: La Banca Verde es un nuevo paso para la econom\u00eda misionera. El funcionario explic\u00f3 que se trata de una [&hellip;]","og_url":"https:\/\/cvinoticias.com\/v3\/ministerio-de-cambio-climatico-financian-a-empresas-y-particulares-que-busquen-una-alternativa-ecologica-para-mitigar-el-calentamiento-global\/","og_site_name":"CVI NOTICIAS","article_publisher":"https:\/\/www.facebook.com\/cvinoticias","article_published_time":"2024-08-17T17:32:10+00:00","article_modified_time":"2024-08-17T23:35:41+00:00","og_image":[{"width":1024,"height":683,"url":"https:\/\/cvinoticias.com\/wp-content\/uploads\/2024\/08\/banca-verde-1024x683-2.jpg","type":"image\/jpeg"}],"author":"f1000024","twitter_card":"summary_large_image","twitter_misc":{"Escrito por":"f1000024","Tiempo de lectura":"2 minutos"},"schema":{"@context":"https:\/\/schema.org","@graph":[{"@type":"Article","@id":"https:\/\/cvinoticias.com\/v3\/ministerio-de-cambio-climatico-financian-a-empresas-y-particulares-que-busquen-una-alternativa-ecologica-para-mitigar-el-calentamiento-global\/#article","isPartOf":{"@id":"https:\/\/cvinoticias.com\/v3\/ministerio-de-cambio-climatico-financian-a-empresas-y-particulares-que-busquen-una-alternativa-ecologica-para-mitigar-el-calentamiento-global\/"},"author":{"name":"f1000024","@id":"https:\/\/cvinoticias.com\/v3\/#\/schema\/person\/2db77e3c6bc03c538495d7b2b8be9b66"},"headline":"Ministerio de Cambio Clim\u00e1tico: financiar\u00e1n a empresas y particulares que busquen una alternativa ecol\u00f3gica para mitigar el calentamiento global","datePublished":"2024-08-17T17:32:10+00:00","dateModified":"2024-08-17T23:35:41+00:00","mainEntityOfPage":{"@id":"https:\/\/cvinoticias.com\/v3\/ministerio-de-cambio-climatico-financian-a-empresas-y-particulares-que-busquen-una-alternativa-ecologica-para-mitigar-el-calentamiento-global\/"},"wordCount":382,"commentCount":0,"publisher":{"@id":"https:\/\/cvinoticias.com\/v3\/#organization"},"image":{"@id":"https:\/\/cvinoticias.com\/v3\/ministerio-de-cambio-climatico-financian-a-empresas-y-particulares-que-busquen-una-alternativa-ecologica-para-mitigar-el-calentamiento-global\/#primaryimage"},"thumbnailUrl":"https:\/\/cvinoticias.com\/wp-content\/uploads\/2024\/08\/banca-verde-1024x683-2.jpg","articleSection":["Provinciales"],"inLanguage":"es","potentialAction":[{"@type":"CommentAction","name":"Comment","target":["https:\/\/cvinoticias.com\/v3\/ministerio-de-cambio-climatico-financian-a-empresas-y-particulares-que-busquen-una-alternativa-ecologica-para-mitigar-el-calentamiento-global\/#respond"]}]},{"@type":"WebPage","@id":"https:\/\/cvinoticias.com\/v3\/ministerio-de-cambio-climatico-financian-a-empresas-y-particulares-que-busquen-una-alternativa-ecologica-para-mitigar-el-calentamiento-global\/","url":"https:\/\/cvinoticias.com\/v3\/ministerio-de-cambio-climatico-financian-a-empresas-y-particulares-que-busquen-una-alternativa-ecologica-para-mitigar-el-calentamiento-global\/","name":"Ministerio de Cambio Clim\u00e1tico: financiar\u00e1n a empresas y particulares que busquen una alternativa ecol\u00f3gica para mitigar el calentamiento global | CVI NOTICIAS","isPartOf":{"@id":"https:\/\/cvinoticias.com\/v3\/#website"},"primaryImageOfPage":{"@id":"https:\/\/cvinoticias.com\/v3\/ministerio-de-cambio-climatico-financian-a-empresas-y-particulares-que-busquen-una-alternativa-ecologica-para-mitigar-el-calentamiento-global\/#primaryimage"},"image":{"@id":"https:\/\/cvinoticias.com\/v3\/ministerio-de-cambio-climatico-financian-a-empresas-y-particulares-que-busquen-una-alternativa-ecologica-para-mitigar-el-calentamiento-global\/#primaryimage"},"thumbnailUrl":"https:\/\/cvinoticias.com\/wp-content\/uploads\/2024\/08\/banca-verde-1024x683-2.jpg","datePublished":"2024-08-17T17:32:10+00:00","dateModified":"2024-08-17T23:35:41+00:00","breadcrumb":{"@id":"https:\/\/cvinoticias.com\/v3\/ministerio-de-cambio-climatico-financian-a-empresas-y-particulares-que-busquen-una-alternativa-ecologica-para-mitigar-el-calentamiento-global\/#breadcrumb"},"inLanguage":"es","potentialAction":[{"@type":"ReadAction","target":["https:\/\/cvinoticias.com\/v3\/ministerio-de-cambio-climatico-financian-a-empresas-y-particulares-que-busquen-una-alternativa-ecologica-para-mitigar-el-calentamiento-global\/"]}]},{"@type":"ImageObject","inLanguage":"es","@id":"https:\/\/cvinoticias.com\/v3\/ministerio-de-cambio-climatico-financian-a-empresas-y-particulares-que-busquen-una-alternativa-ecologica-para-mitigar-el-calentamiento-global\/#primaryimage","url":"https:\/\/cvinoticias.com\/wp-content\/uploads\/2024\/08\/banca-verde-1024x683-2.jpg","contentUrl":"https:\/\/cvinoticias.com\/wp-content\/uploads\/2024\/08\/banca-verde-1024x683-2.jpg","width":1024,"height":683},{"@type":"BreadcrumbList","@id":"https:\/\/cvinoticias.com\/v3\/ministerio-de-cambio-climatico-financian-a-empresas-y-particulares-que-busquen-una-alternativa-ecologica-para-mitigar-el-calentamiento-global\/#breadcrumb","itemListElement":[{"@type":"ListItem","position":1,"name":"Portada","item":"https:\/\/cvinoticias.com\/v3\/"},{"@type":"ListItem","position":2,"name":"Ministerio de Cambio Clim\u00e1tico: financiar\u00e1n a empresas y particulares que busquen una alternativa ecol\u00f3gica para mitigar el calentamiento global"}]},{"@type":"WebSite","@id":"https:\/\/cvinoticias.com\/v3\/#website","url":"https:\/\/cvinoticias.com\/v3\/","name":"CVI NOTICIAS","description":"","publisher":{"@id":"https:\/\/cvinoticias.com\/v3\/#organization"},"alternateName":"CVI","potentialAction":[{"@type":"SearchAction","target":{"@type":"EntryPoint","urlTemplate":"https:\/\/cvinoticias.com\/v3\/?s={search_term_string}"},"query-input":{"@type":"PropertyValueSpecification","valueRequired":true,"valueName":"search_term_string"}}],"inLanguage":"es"},{"@type":"Organization","@id":"https:\/\/cvinoticias.com\/v3\/#organization","name":"CVI NOTICIAS","url":"https:\/\/cvinoticias.com\/v3\/","logo":{"@type":"ImageObject","inLanguage":"es","@id":"https:\/\/cvinoticias.com\/v3\/#\/schema\/logo\/image\/","url":"https:\/\/cvinoticias.com\/wp-content\/uploads\/2023\/04\/cropped-cropped-cropped-cropped-cropped-3-1.png","contentUrl":"https:\/\/cvinoticias.com\/wp-content\/uploads\/2023\/04\/cropped-cropped-cropped-cropped-cropped-3-1.png","width":95,"height":122,"caption":"CVI NOTICIAS"},"image":{"@id":"https:\/\/cvinoticias.com\/v3\/#\/schema\/logo\/image\/"},"sameAs":["https:\/\/www.facebook.com\/cvinoticias","https:\/\/www.instagram.com\/cvinoticias\/","https:\/\/www.youtube.com\/@CVINOTICIAS"]},{"@type":"Person","@id":"https:\/\/cvinoticias.com\/v3\/#\/schema\/person\/2db77e3c6bc03c538495d7b2b8be9b66","name":"f1000024","image":{"@type":"ImageObject","inLanguage":"es","@id":"https:\/\/secure.gravatar.com\/avatar\/d4fe7459cfc51ff5129ce1a732bbef5928568b8092d412ef95611616376bbeed?s=96&d=mm&r=g","url":"https:\/\/secure.gravatar.com\/avatar\/d4fe7459cfc51ff5129ce1a732bbef5928568b8092d412ef95611616376bbeed?s=96&d=mm&r=g","contentUrl":"https:\/\/secure.gravatar.com\/avatar\/d4fe7459cfc51ff5129ce1a732bbef5928568b8092d412ef95611616376bbeed?s=96&d=mm&r=g","caption":"f1000024"},"url":"https:\/\/cvinoticias.com\/v3\/author\/f1000024\/"}]}},"_links":{"self":[{"href":"https:\/\/cvinoticias.com\/v3\/wp-json\/wp\/v2\/posts\/35414","targetHints":{"allow":["GET"]}}],"collection":[{"href":"https:\/\/cvinoticias.com\/v3\/wp-json\/wp\/v2\/posts"}],"about":[{"href":"https:\/\/cvinoticias.com\/v3\/wp-json\/wp\/v2\/types\/post"}],"author":[{"embeddable":true,"href":"https:\/\/cvinoticias.com\/v3\/wp-json\/wp\/v2\/users\/2"}],"replies":[{"embeddable":true,"href":"https:\/\/cvinoticias.com\/v3\/wp-json\/wp\/v2\/comments?post=35414"}],"version-history":[{"count":2,"href":"https:\/\/cvinoticias.com\/v3\/wp-json\/wp\/v2\/posts\/35414\/revisions"}],"predecessor-version":[{"id":35419,"href":"https:\/\/cvinoticias.com\/v3\/wp-json\/wp\/v2\/posts\/35414\/revisions\/35419"}],"wp:featuredmedia":[{"embeddable":true,"href":"https:\/\/cvinoticias.com\/v3\/wp-json\/wp\/v2\/media\/35416"}],"wp:attachment":[{"href":"https:\/\/cvinoticias.com\/v3\/wp-json\/wp\/v2\/media?parent=35414"}],"wp:term":[{"taxonomy":"category","embeddable":true,"href":"https:\/\/cvinoticias.com\/v3\/wp-json\/wp\/v2\/categories?post=35414"},{"taxonomy":"post_tag","embeddable":true,"href":"https:\/\/cvinoticias.com\/v3\/wp-json\/wp\/v2\/tags?post=35414"}],"curies":[{"name":"wp","href":"https:\/\/api.w.org\/{rel}","templated":true}]}}