{"id":35355,"date":"2024-08-15T13:24:30","date_gmt":"2024-08-15T16:24:30","guid":{"rendered":"https:\/\/cvinoticias.com\/v3\/?p=35355"},"modified":"2024-08-15T13:24:48","modified_gmt":"2024-08-15T16:24:48","slug":"se-confirmo-la-condena-a-20-anos-de-prision-contra-maria-ovando","status":"publish","type":"post","link":"https:\/\/cvinoticias.com\/v3\/se-confirmo-la-condena-a-20-anos-de-prision-contra-maria-ovando\/","title":{"rendered":"Se confirm\u00f3 la condena a 20 a\u00f1os de prisi\u00f3n contra Mar\u00eda Ovando"},"content":{"rendered":"\n<p><strong>Cuatro a\u00f1os despu\u00e9s de la sentencia dictada por el Tribunal Penal Uno de Eldorado, el Superior Tribunal de Justicia (STJ) confirm\u00f3 las condenas impartidas contra Mar\u00eda Ovando (47), Marcos Laurindo (27) y Lucas Ferreira (27), aunque la defensa de la mujer ya present\u00f3 otro recurso de casaci\u00f3n y adelant\u00f3 que pretenden llegar hasta la Corte Suprema.<\/strong><\/p>\n\n\n\n<p>El m\u00e1ximo \u00f3rgano judicial de la provincia ratific\u00f3 el fallo dictado el 28 de octubre de 2020, d\u00f3nde los tres imputados fueron declarados penalmente responsables de delitos de abuso sexual y corrupci\u00f3n de menores perpetrados en perjuicio de una hija y una nieta de Ovando, en el marco de una causa iniciada en 2015 a ra\u00edz de una denuncia radicada por la guardadora de las menores.<\/p>\n\n\n\n<p>En consecuencia, al considerar el v\u00ednculo como un agravante, Ovando fue condenada a 20 a\u00f1os de prisi\u00f3n, mientras que a Laurindo y Ferreira recibieron penas de 18 y 12 a\u00f1os, respectivamente.<\/p>\n\n\n\n<p>Los defensores de Ovando reclaman \u201c<strong>la nulidad de la sentencia por indeterminaci\u00f3n del hecho imputado, por violaci\u00f3n al principio de congruencia, por haberse condenado por un hecho que no fue imputado, priv\u00e1ndose del derecho de ser o\u00eddo, por omisi\u00f3n de valoraci\u00f3n de la prueba ofrecida en descargo lesion\u00e1ndose el ejercicio de la defensa, viol\u00e1ndose el principio in dubio pro reo\u201d.<\/strong><\/p>\n\n\n\n<p><\/p>\n","protected":false},"excerpt":{"rendered":"<p>Cuatro a\u00f1os despu\u00e9s de la sentencia dictada por el Tribunal Penal Uno de Eldorado, el Superior Tribunal de Justicia (STJ) confirm\u00f3 las condenas impartidas contra Mar\u00eda Ovando (47), Marcos Laurindo (27) y Lucas Ferreira (27), aunque la defensa de la mujer ya present\u00f3 otro recurso de casaci\u00f3n y adelant\u00f3 que pretenden llegar hasta la Corte [&hellip;]<\/p>\n","protected":false},"author":2,"featured_media":35356,"comment_status":"open","ping_status":"open","sticky":false,"template":"","format":"standard","meta":{"footnotes":""},"categories":[41],"tags":[],"class_list":["post-35355","post","type-post","status-publish","format-standard","has-post-thumbnail","hentry","category-policiales"],"yoast_head":"<!-- This site is optimized with the Yoast SEO plugin v27.5 - https:\/\/yoast.com\/product\/yoast-seo-wordpress\/ -->\n<title>Se confirm\u00f3 la condena a 20 a\u00f1os de prisi\u00f3n contra Mar\u00eda Ovando | CVI NOTICIAS<\/title>\n<meta name=\"robots\" content=\"index, follow, max-snippet:-1, max-image-preview:large, max-video-preview:-1\" \/>\n<link rel=\"canonical\" href=\"https:\/\/cvinoticias.com\/v3\/se-confirmo-la-condena-a-20-anos-de-prision-contra-maria-ovando\/\" \/>\n<meta property=\"og:locale\" content=\"es_ES\" \/>\n<meta property=\"og:type\" content=\"article\" \/>\n<meta property=\"og:title\" content=\"Se confirm\u00f3 la condena a 20 a\u00f1os de prisi\u00f3n contra Mar\u00eda Ovando | CVI NOTICIAS\" \/>\n<meta property=\"og:description\" content=\"Cuatro a\u00f1os despu\u00e9s de la sentencia dictada por el Tribunal Penal Uno de Eldorado, el Superior Tribunal de Justicia (STJ) confirm\u00f3 las condenas impartidas contra Mar\u00eda Ovando (47), Marcos Laurindo (27) y Lucas Ferreira (27), aunque la defensa de la mujer ya present\u00f3 otro recurso de casaci\u00f3n y adelant\u00f3 que pretenden llegar hasta la Corte [&hellip;]\" \/>\n<meta property=\"og:url\" content=\"https:\/\/cvinoticias.com\/v3\/se-confirmo-la-condena-a-20-anos-de-prision-contra-maria-ovando\/\" \/>\n<meta property=\"og:site_name\" content=\"CVI NOTICIAS\" \/>\n<meta property=\"article:publisher\" content=\"https:\/\/www.facebook.com\/cvinoticias\" \/>\n<meta property=\"article:published_time\" content=\"2024-08-15T16:24:30+00:00\" \/>\n<meta property=\"article:modified_time\" content=\"2024-08-15T16:24:48+00:00\" \/>\n<meta property=\"og:image\" content=\"https:\/\/cvinoticias.com\/wp-content\/uploads\/2024\/08\/4338e881-1a95-4945-a098-0e1f7cbb3a1c_16-9-aspect-ratio_default_0.jpg\" \/>\n\t<meta property=\"og:image:width\" content=\"880\" \/>\n\t<meta property=\"og:image:height\" content=\"495\" \/>\n\t<meta property=\"og:image:type\" content=\"image\/jpeg\" \/>\n<meta name=\"author\" content=\"f1000024\" \/>\n<meta name=\"twitter:card\" content=\"summary_large_image\" \/>\n<meta name=\"twitter:label1\" content=\"Escrito por\" \/>\n\t<meta name=\"twitter:data1\" content=\"f1000024\" \/>\n\t<meta name=\"twitter:label2\" content=\"Tiempo de lectura\" \/>\n\t<meta name=\"twitter:data2\" content=\"2 minutos\" \/>\n<script type=\"application\/ld+json\" class=\"yoast-schema-graph\">{\"@context\":\"https:\\\/\\\/schema.org\",\"@graph\":[{\"@type\":\"Article\",\"@id\":\"https:\\\/\\\/cvinoticias.com\\\/v3\\\/se-confirmo-la-condena-a-20-anos-de-prision-contra-maria-ovando\\\/#article\",\"isPartOf\":{\"@id\":\"https:\\\/\\\/cvinoticias.com\\\/v3\\\/se-confirmo-la-condena-a-20-anos-de-prision-contra-maria-ovando\\\/\"},\"author\":{\"name\":\"f1000024\",\"@id\":\"https:\\\/\\\/cvinoticias.com\\\/v3\\\/#\\\/schema\\\/person\\\/2db77e3c6bc03c538495d7b2b8be9b66\"},\"headline\":\"Se confirm\u00f3 la condena a 20 a\u00f1os de prisi\u00f3n contra Mar\u00eda Ovando\",\"datePublished\":\"2024-08-15T16:24:30+00:00\",\"dateModified\":\"2024-08-15T16:24:48+00:00\",\"mainEntityOfPage\":{\"@id\":\"https:\\\/\\\/cvinoticias.com\\\/v3\\\/se-confirmo-la-condena-a-20-anos-de-prision-contra-maria-ovando\\\/\"},\"wordCount\":238,\"commentCount\":0,\"publisher\":{\"@id\":\"https:\\\/\\\/cvinoticias.com\\\/v3\\\/#organization\"},\"image\":{\"@id\":\"https:\\\/\\\/cvinoticias.com\\\/v3\\\/se-confirmo-la-condena-a-20-anos-de-prision-contra-maria-ovando\\\/#primaryimage\"},\"thumbnailUrl\":\"https:\\\/\\\/cvinoticias.com\\\/wp-content\\\/uploads\\\/2024\\\/08\\\/4338e881-1a95-4945-a098-0e1f7cbb3a1c_16-9-aspect-ratio_default_0.jpg\",\"articleSection\":[\"Policiales\"],\"inLanguage\":\"es\",\"potentialAction\":[{\"@type\":\"CommentAction\",\"name\":\"Comment\",\"target\":[\"https:\\\/\\\/cvinoticias.com\\\/v3\\\/se-confirmo-la-condena-a-20-anos-de-prision-contra-maria-ovando\\\/#respond\"]}]},{\"@type\":\"WebPage\",\"@id\":\"https:\\\/\\\/cvinoticias.com\\\/v3\\\/se-confirmo-la-condena-a-20-anos-de-prision-contra-maria-ovando\\\/\",\"url\":\"https:\\\/\\\/cvinoticias.com\\\/v3\\\/se-confirmo-la-condena-a-20-anos-de-prision-contra-maria-ovando\\\/\",\"name\":\"Se confirm\u00f3 la condena a 20 a\u00f1os de prisi\u00f3n contra Mar\u00eda Ovando | CVI NOTICIAS\",\"isPartOf\":{\"@id\":\"https:\\\/\\\/cvinoticias.com\\\/v3\\\/#website\"},\"primaryImageOfPage\":{\"@id\":\"https:\\\/\\\/cvinoticias.com\\\/v3\\\/se-confirmo-la-condena-a-20-anos-de-prision-contra-maria-ovando\\\/#primaryimage\"},\"image\":{\"@id\":\"https:\\\/\\\/cvinoticias.com\\\/v3\\\/se-confirmo-la-condena-a-20-anos-de-prision-contra-maria-ovando\\\/#primaryimage\"},\"thumbnailUrl\":\"https:\\\/\\\/cvinoticias.com\\\/wp-content\\\/uploads\\\/2024\\\/08\\\/4338e881-1a95-4945-a098-0e1f7cbb3a1c_16-9-aspect-ratio_default_0.jpg\",\"datePublished\":\"2024-08-15T16:24:30+00:00\",\"dateModified\":\"2024-08-15T16:24:48+00:00\",\"breadcrumb\":{\"@id\":\"https:\\\/\\\/cvinoticias.com\\\/v3\\\/se-confirmo-la-condena-a-20-anos-de-prision-contra-maria-ovando\\\/#breadcrumb\"},\"inLanguage\":\"es\",\"potentialAction\":[{\"@type\":\"ReadAction\",\"target\":[\"https:\\\/\\\/cvinoticias.com\\\/v3\\\/se-confirmo-la-condena-a-20-anos-de-prision-contra-maria-ovando\\\/\"]}]},{\"@type\":\"ImageObject\",\"inLanguage\":\"es\",\"@id\":\"https:\\\/\\\/cvinoticias.com\\\/v3\\\/se-confirmo-la-condena-a-20-anos-de-prision-contra-maria-ovando\\\/#primaryimage\",\"url\":\"https:\\\/\\\/cvinoticias.com\\\/wp-content\\\/uploads\\\/2024\\\/08\\\/4338e881-1a95-4945-a098-0e1f7cbb3a1c_16-9-aspect-ratio_default_0.jpg\",\"contentUrl\":\"https:\\\/\\\/cvinoticias.com\\\/wp-content\\\/uploads\\\/2024\\\/08\\\/4338e881-1a95-4945-a098-0e1f7cbb3a1c_16-9-aspect-ratio_default_0.jpg\",\"width\":880,\"height\":495},{\"@type\":\"BreadcrumbList\",\"@id\":\"https:\\\/\\\/cvinoticias.com\\\/v3\\\/se-confirmo-la-condena-a-20-anos-de-prision-contra-maria-ovando\\\/#breadcrumb\",\"itemListElement\":[{\"@type\":\"ListItem\",\"position\":1,\"name\":\"Portada\",\"item\":\"https:\\\/\\\/cvinoticias.com\\\/v3\\\/\"},{\"@type\":\"ListItem\",\"position\":2,\"name\":\"Se confirm\u00f3 la condena a 20 a\u00f1os de prisi\u00f3n contra Mar\u00eda Ovando\"}]},{\"@type\":\"WebSite\",\"@id\":\"https:\\\/\\\/cvinoticias.com\\\/v3\\\/#website\",\"url\":\"https:\\\/\\\/cvinoticias.com\\\/v3\\\/\",\"name\":\"CVI NOTICIAS\",\"description\":\"\",\"publisher\":{\"@id\":\"https:\\\/\\\/cvinoticias.com\\\/v3\\\/#organization\"},\"alternateName\":\"CVI\",\"potentialAction\":[{\"@type\":\"SearchAction\",\"target\":{\"@type\":\"EntryPoint\",\"urlTemplate\":\"https:\\\/\\\/cvinoticias.com\\\/v3\\\/?s={search_term_string}\"},\"query-input\":{\"@type\":\"PropertyValueSpecification\",\"valueRequired\":true,\"valueName\":\"search_term_string\"}}],\"inLanguage\":\"es\"},{\"@type\":\"Organization\",\"@id\":\"https:\\\/\\\/cvinoticias.com\\\/v3\\\/#organization\",\"name\":\"CVI NOTICIAS\",\"url\":\"https:\\\/\\\/cvinoticias.com\\\/v3\\\/\",\"logo\":{\"@type\":\"ImageObject\",\"inLanguage\":\"es\",\"@id\":\"https:\\\/\\\/cvinoticias.com\\\/v3\\\/#\\\/schema\\\/logo\\\/image\\\/\",\"url\":\"https:\\\/\\\/cvinoticias.com\\\/wp-content\\\/uploads\\\/2023\\\/04\\\/cropped-cropped-cropped-cropped-cropped-3-1.png\",\"contentUrl\":\"https:\\\/\\\/cvinoticias.com\\\/wp-content\\\/uploads\\\/2023\\\/04\\\/cropped-cropped-cropped-cropped-cropped-3-1.png\",\"width\":95,\"height\":122,\"caption\":\"CVI NOTICIAS\"},\"image\":{\"@id\":\"https:\\\/\\\/cvinoticias.com\\\/v3\\\/#\\\/schema\\\/logo\\\/image\\\/\"},\"sameAs\":[\"https:\\\/\\\/www.facebook.com\\\/cvinoticias\",\"https:\\\/\\\/www.instagram.com\\\/cvinoticias\\\/\",\"https:\\\/\\\/www.youtube.com\\\/@CVINOTICIAS\"]},{\"@type\":\"Person\",\"@id\":\"https:\\\/\\\/cvinoticias.com\\\/v3\\\/#\\\/schema\\\/person\\\/2db77e3c6bc03c538495d7b2b8be9b66\",\"name\":\"f1000024\",\"image\":{\"@type\":\"ImageObject\",\"inLanguage\":\"es\",\"@id\":\"https:\\\/\\\/secure.gravatar.com\\\/avatar\\\/d4fe7459cfc51ff5129ce1a732bbef5928568b8092d412ef95611616376bbeed?s=96&d=mm&r=g\",\"url\":\"https:\\\/\\\/secure.gravatar.com\\\/avatar\\\/d4fe7459cfc51ff5129ce1a732bbef5928568b8092d412ef95611616376bbeed?s=96&d=mm&r=g\",\"contentUrl\":\"https:\\\/\\\/secure.gravatar.com\\\/avatar\\\/d4fe7459cfc51ff5129ce1a732bbef5928568b8092d412ef95611616376bbeed?s=96&d=mm&r=g\",\"caption\":\"f1000024\"},\"url\":\"https:\\\/\\\/cvinoticias.com\\\/v3\\\/author\\\/f1000024\\\/\"}]}<\/script>\n<!-- \/ Yoast SEO plugin. -->","yoast_head_json":{"title":"Se confirm\u00f3 la condena a 20 a\u00f1os de prisi\u00f3n contra Mar\u00eda Ovando | CVI NOTICIAS","robots":{"index":"index","follow":"follow","max-snippet":"max-snippet:-1","max-image-preview":"max-image-preview:large","max-video-preview":"max-video-preview:-1"},"canonical":"https:\/\/cvinoticias.com\/v3\/se-confirmo-la-condena-a-20-anos-de-prision-contra-maria-ovando\/","og_locale":"es_ES","og_type":"article","og_title":"Se confirm\u00f3 la condena a 20 a\u00f1os de prisi\u00f3n contra Mar\u00eda Ovando | CVI NOTICIAS","og_description":"Cuatro a\u00f1os despu\u00e9s de la sentencia dictada por el Tribunal Penal Uno de Eldorado, el Superior Tribunal de Justicia (STJ) confirm\u00f3 las condenas impartidas contra Mar\u00eda Ovando (47), Marcos Laurindo (27) y Lucas Ferreira (27), aunque la defensa de la mujer ya present\u00f3 otro recurso de casaci\u00f3n y adelant\u00f3 que pretenden llegar hasta la Corte [&hellip;]","og_url":"https:\/\/cvinoticias.com\/v3\/se-confirmo-la-condena-a-20-anos-de-prision-contra-maria-ovando\/","og_site_name":"CVI NOTICIAS","article_publisher":"https:\/\/www.facebook.com\/cvinoticias","article_published_time":"2024-08-15T16:24:30+00:00","article_modified_time":"2024-08-15T16:24:48+00:00","og_image":[{"width":880,"height":495,"url":"https:\/\/cvinoticias.com\/wp-content\/uploads\/2024\/08\/4338e881-1a95-4945-a098-0e1f7cbb3a1c_16-9-aspect-ratio_default_0.jpg","type":"image\/jpeg"}],"author":"f1000024","twitter_card":"summary_large_image","twitter_misc":{"Escrito por":"f1000024","Tiempo de lectura":"2 minutos"},"schema":{"@context":"https:\/\/schema.org","@graph":[{"@type":"Article","@id":"https:\/\/cvinoticias.com\/v3\/se-confirmo-la-condena-a-20-anos-de-prision-contra-maria-ovando\/#article","isPartOf":{"@id":"https:\/\/cvinoticias.com\/v3\/se-confirmo-la-condena-a-20-anos-de-prision-contra-maria-ovando\/"},"author":{"name":"f1000024","@id":"https:\/\/cvinoticias.com\/v3\/#\/schema\/person\/2db77e3c6bc03c538495d7b2b8be9b66"},"headline":"Se confirm\u00f3 la condena a 20 a\u00f1os de prisi\u00f3n contra Mar\u00eda Ovando","datePublished":"2024-08-15T16:24:30+00:00","dateModified":"2024-08-15T16:24:48+00:00","mainEntityOfPage":{"@id":"https:\/\/cvinoticias.com\/v3\/se-confirmo-la-condena-a-20-anos-de-prision-contra-maria-ovando\/"},"wordCount":238,"commentCount":0,"publisher":{"@id":"https:\/\/cvinoticias.com\/v3\/#organization"},"image":{"@id":"https:\/\/cvinoticias.com\/v3\/se-confirmo-la-condena-a-20-anos-de-prision-contra-maria-ovando\/#primaryimage"},"thumbnailUrl":"https:\/\/cvinoticias.com\/wp-content\/uploads\/2024\/08\/4338e881-1a95-4945-a098-0e1f7cbb3a1c_16-9-aspect-ratio_default_0.jpg","articleSection":["Policiales"],"inLanguage":"es","potentialAction":[{"@type":"CommentAction","name":"Comment","target":["https:\/\/cvinoticias.com\/v3\/se-confirmo-la-condena-a-20-anos-de-prision-contra-maria-ovando\/#respond"]}]},{"@type":"WebPage","@id":"https:\/\/cvinoticias.com\/v3\/se-confirmo-la-condena-a-20-anos-de-prision-contra-maria-ovando\/","url":"https:\/\/cvinoticias.com\/v3\/se-confirmo-la-condena-a-20-anos-de-prision-contra-maria-ovando\/","name":"Se confirm\u00f3 la condena a 20 a\u00f1os de prisi\u00f3n contra Mar\u00eda Ovando | CVI NOTICIAS","isPartOf":{"@id":"https:\/\/cvinoticias.com\/v3\/#website"},"primaryImageOfPage":{"@id":"https:\/\/cvinoticias.com\/v3\/se-confirmo-la-condena-a-20-anos-de-prision-contra-maria-ovando\/#primaryimage"},"image":{"@id":"https:\/\/cvinoticias.com\/v3\/se-confirmo-la-condena-a-20-anos-de-prision-contra-maria-ovando\/#primaryimage"},"thumbnailUrl":"https:\/\/cvinoticias.com\/wp-content\/uploads\/2024\/08\/4338e881-1a95-4945-a098-0e1f7cbb3a1c_16-9-aspect-ratio_default_0.jpg","datePublished":"2024-08-15T16:24:30+00:00","dateModified":"2024-08-15T16:24:48+00:00","breadcrumb":{"@id":"https:\/\/cvinoticias.com\/v3\/se-confirmo-la-condena-a-20-anos-de-prision-contra-maria-ovando\/#breadcrumb"},"inLanguage":"es","potentialAction":[{"@type":"ReadAction","target":["https:\/\/cvinoticias.com\/v3\/se-confirmo-la-condena-a-20-anos-de-prision-contra-maria-ovando\/"]}]},{"@type":"ImageObject","inLanguage":"es","@id":"https:\/\/cvinoticias.com\/v3\/se-confirmo-la-condena-a-20-anos-de-prision-contra-maria-ovando\/#primaryimage","url":"https:\/\/cvinoticias.com\/wp-content\/uploads\/2024\/08\/4338e881-1a95-4945-a098-0e1f7cbb3a1c_16-9-aspect-ratio_default_0.jpg","contentUrl":"https:\/\/cvinoticias.com\/wp-content\/uploads\/2024\/08\/4338e881-1a95-4945-a098-0e1f7cbb3a1c_16-9-aspect-ratio_default_0.jpg","width":880,"height":495},{"@type":"BreadcrumbList","@id":"https:\/\/cvinoticias.com\/v3\/se-confirmo-la-condena-a-20-anos-de-prision-contra-maria-ovando\/#breadcrumb","itemListElement":[{"@type":"ListItem","position":1,"name":"Portada","item":"https:\/\/cvinoticias.com\/v3\/"},{"@type":"ListItem","position":2,"name":"Se confirm\u00f3 la condena a 20 a\u00f1os de prisi\u00f3n contra Mar\u00eda Ovando"}]},{"@type":"WebSite","@id":"https:\/\/cvinoticias.com\/v3\/#website","url":"https:\/\/cvinoticias.com\/v3\/","name":"CVI NOTICIAS","description":"","publisher":{"@id":"https:\/\/cvinoticias.com\/v3\/#organization"},"alternateName":"CVI","potentialAction":[{"@type":"SearchAction","target":{"@type":"EntryPoint","urlTemplate":"https:\/\/cvinoticias.com\/v3\/?s={search_term_string}"},"query-input":{"@type":"PropertyValueSpecification","valueRequired":true,"valueName":"search_term_string"}}],"inLanguage":"es"},{"@type":"Organization","@id":"https:\/\/cvinoticias.com\/v3\/#organization","name":"CVI NOTICIAS","url":"https:\/\/cvinoticias.com\/v3\/","logo":{"@type":"ImageObject","inLanguage":"es","@id":"https:\/\/cvinoticias.com\/v3\/#\/schema\/logo\/image\/","url":"https:\/\/cvinoticias.com\/wp-content\/uploads\/2023\/04\/cropped-cropped-cropped-cropped-cropped-3-1.png","contentUrl":"https:\/\/cvinoticias.com\/wp-content\/uploads\/2023\/04\/cropped-cropped-cropped-cropped-cropped-3-1.png","width":95,"height":122,"caption":"CVI NOTICIAS"},"image":{"@id":"https:\/\/cvinoticias.com\/v3\/#\/schema\/logo\/image\/"},"sameAs":["https:\/\/www.facebook.com\/cvinoticias","https:\/\/www.instagram.com\/cvinoticias\/","https:\/\/www.youtube.com\/@CVINOTICIAS"]},{"@type":"Person","@id":"https:\/\/cvinoticias.com\/v3\/#\/schema\/person\/2db77e3c6bc03c538495d7b2b8be9b66","name":"f1000024","image":{"@type":"ImageObject","inLanguage":"es","@id":"https:\/\/secure.gravatar.com\/avatar\/d4fe7459cfc51ff5129ce1a732bbef5928568b8092d412ef95611616376bbeed?s=96&d=mm&r=g","url":"https:\/\/secure.gravatar.com\/avatar\/d4fe7459cfc51ff5129ce1a732bbef5928568b8092d412ef95611616376bbeed?s=96&d=mm&r=g","contentUrl":"https:\/\/secure.gravatar.com\/avatar\/d4fe7459cfc51ff5129ce1a732bbef5928568b8092d412ef95611616376bbeed?s=96&d=mm&r=g","caption":"f1000024"},"url":"https:\/\/cvinoticias.com\/v3\/author\/f1000024\/"}]}},"_links":{"self":[{"href":"https:\/\/cvinoticias.com\/v3\/wp-json\/wp\/v2\/posts\/35355","targetHints":{"allow":["GET"]}}],"collection":[{"href":"https:\/\/cvinoticias.com\/v3\/wp-json\/wp\/v2\/posts"}],"about":[{"href":"https:\/\/cvinoticias.com\/v3\/wp-json\/wp\/v2\/types\/post"}],"author":[{"embeddable":true,"href":"https:\/\/cvinoticias.com\/v3\/wp-json\/wp\/v2\/users\/2"}],"replies":[{"embeddable":true,"href":"https:\/\/cvinoticias.com\/v3\/wp-json\/wp\/v2\/comments?post=35355"}],"version-history":[{"count":1,"href":"https:\/\/cvinoticias.com\/v3\/wp-json\/wp\/v2\/posts\/35355\/revisions"}],"predecessor-version":[{"id":35357,"href":"https:\/\/cvinoticias.com\/v3\/wp-json\/wp\/v2\/posts\/35355\/revisions\/35357"}],"wp:featuredmedia":[{"embeddable":true,"href":"https:\/\/cvinoticias.com\/v3\/wp-json\/wp\/v2\/media\/35356"}],"wp:attachment":[{"href":"https:\/\/cvinoticias.com\/v3\/wp-json\/wp\/v2\/media?parent=35355"}],"wp:term":[{"taxonomy":"category","embeddable":true,"href":"https:\/\/cvinoticias.com\/v3\/wp-json\/wp\/v2\/categories?post=35355"},{"taxonomy":"post_tag","embeddable":true,"href":"https:\/\/cvinoticias.com\/v3\/wp-json\/wp\/v2\/tags?post=35355"}],"curies":[{"name":"wp","href":"https:\/\/api.w.org\/{rel}","templated":true}]}}