{"id":35231,"date":"2024-08-12T01:25:03","date_gmt":"2024-08-12T04:25:03","guid":{"rendered":"https:\/\/cvinoticias.com\/v3\/?p=35231"},"modified":"2024-08-12T01:30:00","modified_gmt":"2024-08-12T04:30:00","slug":"la-semana-comienza-con-un-paro-universitario-por-24-horas-en-todo-el-pais","status":"publish","type":"post","link":"https:\/\/cvinoticias.com\/v3\/la-semana-comienza-con-un-paro-universitario-por-24-horas-en-todo-el-pais\/","title":{"rendered":"La semana comienza con un paro universitario por 24 horas en todo el pa\u00eds"},"content":{"rendered":"\n<p><strong>Los trabajadores universitarios de todos los gremios y federaciones que los agrupan en el pa\u00eds ratificaron el paro previsto para este lunes luego de que fracasara la paritaria docente tras una reuni\u00f3n con funcionarios del Gobierno.<\/strong><\/p>\n\n\n\n<p>La \u00faltima reuni\u00f3n paritaria tuvo lugar el viernes entre representantes gubernamentales y sindicales del personal docente y no docente, en la cual se ofreci\u00f3 un incremento del 3% para agosto y el 2% para septiembre, una propuesta que se ubica por debajo de la inflaci\u00f3n.<\/p>\n\n\n\n<p><strong>Al no alcanzar un acuerdo, la Federaci\u00f3n de Docentes de las Universidades (Fedun), junto al resto de los miembros del Frente Sindical de Universidades Nacionales, confirm\u00f3 el paro por 24 horas que se llevar\u00e1 adelante este lunes 12 de agosto, junto a dos jornadas de visibilizaci\u00f3n del conflicto el martes 13 y mi\u00e9rcoles 14 de agosto. Adem\u00e1s, se realizar\u00e1 otra medida de fuerza el 20 y 21 de agosto.<\/strong><\/p>\n\n\n\n<p>En Misiones ratificaron el paro desde la UNaM y sus respectivos gremios alineados al reclamo general.<\/p>\n\n\n\n<p><\/p>\n","protected":false},"excerpt":{"rendered":"<p>Los trabajadores universitarios de todos los gremios y federaciones que los agrupan en el pa\u00eds ratificaron el paro previsto para este lunes luego de que fracasara la paritaria docente tras una reuni\u00f3n con funcionarios del Gobierno. La \u00faltima reuni\u00f3n paritaria tuvo lugar el viernes entre representantes gubernamentales y sindicales del personal docente y no docente, [&hellip;]<\/p>\n","protected":false},"author":2,"featured_media":35232,"comment_status":"open","ping_status":"open","sticky":false,"template":"","format":"standard","meta":{"footnotes":""},"categories":[43],"tags":[],"class_list":["post-35231","post","type-post","status-publish","format-standard","has-post-thumbnail","hentry","category-provinciales"],"yoast_head":"<!-- This site is optimized with the Yoast SEO plugin v27.5 - https:\/\/yoast.com\/product\/yoast-seo-wordpress\/ -->\n<title>La semana comienza con un paro universitario por 24 horas en todo el pa\u00eds | CVI NOTICIAS<\/title>\n<meta name=\"robots\" content=\"index, follow, max-snippet:-1, max-image-preview:large, max-video-preview:-1\" \/>\n<link rel=\"canonical\" href=\"https:\/\/cvinoticias.com\/v3\/la-semana-comienza-con-un-paro-universitario-por-24-horas-en-todo-el-pais\/\" \/>\n<meta property=\"og:locale\" content=\"es_ES\" \/>\n<meta property=\"og:type\" content=\"article\" \/>\n<meta property=\"og:title\" content=\"La semana comienza con un paro universitario por 24 horas en todo el pa\u00eds | CVI NOTICIAS\" \/>\n<meta property=\"og:description\" content=\"Los trabajadores universitarios de todos los gremios y federaciones que los agrupan en el pa\u00eds ratificaron el paro previsto para este lunes luego de que fracasara la paritaria docente tras una reuni\u00f3n con funcionarios del Gobierno. La \u00faltima reuni\u00f3n paritaria tuvo lugar el viernes entre representantes gubernamentales y sindicales del personal docente y no docente, [&hellip;]\" \/>\n<meta property=\"og:url\" content=\"https:\/\/cvinoticias.com\/v3\/la-semana-comienza-con-un-paro-universitario-por-24-horas-en-todo-el-pais\/\" \/>\n<meta property=\"og:site_name\" content=\"CVI NOTICIAS\" \/>\n<meta property=\"article:publisher\" content=\"https:\/\/www.facebook.com\/cvinoticias\" \/>\n<meta property=\"article:published_time\" content=\"2024-08-12T04:25:03+00:00\" \/>\n<meta property=\"article:modified_time\" content=\"2024-08-12T04:30:00+00:00\" \/>\n<meta property=\"og:image\" content=\"https:\/\/cvinoticias.com\/wp-content\/uploads\/2024\/08\/humanidades-paro.jpg\" \/>\n\t<meta property=\"og:image:width\" content=\"1000\" \/>\n\t<meta property=\"og:image:height\" content=\"673\" \/>\n\t<meta property=\"og:image:type\" content=\"image\/jpeg\" \/>\n<meta name=\"author\" content=\"f1000024\" \/>\n<meta name=\"twitter:card\" content=\"summary_large_image\" \/>\n<meta name=\"twitter:label1\" content=\"Escrito por\" \/>\n\t<meta name=\"twitter:data1\" content=\"f1000024\" \/>\n\t<meta name=\"twitter:label2\" content=\"Tiempo de lectura\" \/>\n\t<meta name=\"twitter:data2\" content=\"1 minuto\" \/>\n<script type=\"application\/ld+json\" class=\"yoast-schema-graph\">{\"@context\":\"https:\\\/\\\/schema.org\",\"@graph\":[{\"@type\":\"Article\",\"@id\":\"https:\\\/\\\/cvinoticias.com\\\/v3\\\/la-semana-comienza-con-un-paro-universitario-por-24-horas-en-todo-el-pais\\\/#article\",\"isPartOf\":{\"@id\":\"https:\\\/\\\/cvinoticias.com\\\/v3\\\/la-semana-comienza-con-un-paro-universitario-por-24-horas-en-todo-el-pais\\\/\"},\"author\":{\"name\":\"f1000024\",\"@id\":\"https:\\\/\\\/cvinoticias.com\\\/v3\\\/#\\\/schema\\\/person\\\/2db77e3c6bc03c538495d7b2b8be9b66\"},\"headline\":\"La semana comienza con un paro universitario por 24 horas en todo el pa\u00eds\",\"datePublished\":\"2024-08-12T04:25:03+00:00\",\"dateModified\":\"2024-08-12T04:30:00+00:00\",\"mainEntityOfPage\":{\"@id\":\"https:\\\/\\\/cvinoticias.com\\\/v3\\\/la-semana-comienza-con-un-paro-universitario-por-24-horas-en-todo-el-pais\\\/\"},\"wordCount\":180,\"commentCount\":0,\"publisher\":{\"@id\":\"https:\\\/\\\/cvinoticias.com\\\/v3\\\/#organization\"},\"image\":{\"@id\":\"https:\\\/\\\/cvinoticias.com\\\/v3\\\/la-semana-comienza-con-un-paro-universitario-por-24-horas-en-todo-el-pais\\\/#primaryimage\"},\"thumbnailUrl\":\"https:\\\/\\\/cvinoticias.com\\\/wp-content\\\/uploads\\\/2024\\\/08\\\/humanidades-paro.jpg\",\"articleSection\":[\"Provinciales\"],\"inLanguage\":\"es\",\"potentialAction\":[{\"@type\":\"CommentAction\",\"name\":\"Comment\",\"target\":[\"https:\\\/\\\/cvinoticias.com\\\/v3\\\/la-semana-comienza-con-un-paro-universitario-por-24-horas-en-todo-el-pais\\\/#respond\"]}]},{\"@type\":\"WebPage\",\"@id\":\"https:\\\/\\\/cvinoticias.com\\\/v3\\\/la-semana-comienza-con-un-paro-universitario-por-24-horas-en-todo-el-pais\\\/\",\"url\":\"https:\\\/\\\/cvinoticias.com\\\/v3\\\/la-semana-comienza-con-un-paro-universitario-por-24-horas-en-todo-el-pais\\\/\",\"name\":\"La semana comienza con un paro universitario por 24 horas en todo el pa\u00eds | CVI NOTICIAS\",\"isPartOf\":{\"@id\":\"https:\\\/\\\/cvinoticias.com\\\/v3\\\/#website\"},\"primaryImageOfPage\":{\"@id\":\"https:\\\/\\\/cvinoticias.com\\\/v3\\\/la-semana-comienza-con-un-paro-universitario-por-24-horas-en-todo-el-pais\\\/#primaryimage\"},\"image\":{\"@id\":\"https:\\\/\\\/cvinoticias.com\\\/v3\\\/la-semana-comienza-con-un-paro-universitario-por-24-horas-en-todo-el-pais\\\/#primaryimage\"},\"thumbnailUrl\":\"https:\\\/\\\/cvinoticias.com\\\/wp-content\\\/uploads\\\/2024\\\/08\\\/humanidades-paro.jpg\",\"datePublished\":\"2024-08-12T04:25:03+00:00\",\"dateModified\":\"2024-08-12T04:30:00+00:00\",\"breadcrumb\":{\"@id\":\"https:\\\/\\\/cvinoticias.com\\\/v3\\\/la-semana-comienza-con-un-paro-universitario-por-24-horas-en-todo-el-pais\\\/#breadcrumb\"},\"inLanguage\":\"es\",\"potentialAction\":[{\"@type\":\"ReadAction\",\"target\":[\"https:\\\/\\\/cvinoticias.com\\\/v3\\\/la-semana-comienza-con-un-paro-universitario-por-24-horas-en-todo-el-pais\\\/\"]}]},{\"@type\":\"ImageObject\",\"inLanguage\":\"es\",\"@id\":\"https:\\\/\\\/cvinoticias.com\\\/v3\\\/la-semana-comienza-con-un-paro-universitario-por-24-horas-en-todo-el-pais\\\/#primaryimage\",\"url\":\"https:\\\/\\\/cvinoticias.com\\\/wp-content\\\/uploads\\\/2024\\\/08\\\/humanidades-paro.jpg\",\"contentUrl\":\"https:\\\/\\\/cvinoticias.com\\\/wp-content\\\/uploads\\\/2024\\\/08\\\/humanidades-paro.jpg\",\"width\":1000,\"height\":673},{\"@type\":\"BreadcrumbList\",\"@id\":\"https:\\\/\\\/cvinoticias.com\\\/v3\\\/la-semana-comienza-con-un-paro-universitario-por-24-horas-en-todo-el-pais\\\/#breadcrumb\",\"itemListElement\":[{\"@type\":\"ListItem\",\"position\":1,\"name\":\"Portada\",\"item\":\"https:\\\/\\\/cvinoticias.com\\\/v3\\\/\"},{\"@type\":\"ListItem\",\"position\":2,\"name\":\"La semana comienza con un paro universitario por 24 horas en todo el pa\u00eds\"}]},{\"@type\":\"WebSite\",\"@id\":\"https:\\\/\\\/cvinoticias.com\\\/v3\\\/#website\",\"url\":\"https:\\\/\\\/cvinoticias.com\\\/v3\\\/\",\"name\":\"CVI NOTICIAS\",\"description\":\"\",\"publisher\":{\"@id\":\"https:\\\/\\\/cvinoticias.com\\\/v3\\\/#organization\"},\"alternateName\":\"CVI\",\"potentialAction\":[{\"@type\":\"SearchAction\",\"target\":{\"@type\":\"EntryPoint\",\"urlTemplate\":\"https:\\\/\\\/cvinoticias.com\\\/v3\\\/?s={search_term_string}\"},\"query-input\":{\"@type\":\"PropertyValueSpecification\",\"valueRequired\":true,\"valueName\":\"search_term_string\"}}],\"inLanguage\":\"es\"},{\"@type\":\"Organization\",\"@id\":\"https:\\\/\\\/cvinoticias.com\\\/v3\\\/#organization\",\"name\":\"CVI NOTICIAS\",\"url\":\"https:\\\/\\\/cvinoticias.com\\\/v3\\\/\",\"logo\":{\"@type\":\"ImageObject\",\"inLanguage\":\"es\",\"@id\":\"https:\\\/\\\/cvinoticias.com\\\/v3\\\/#\\\/schema\\\/logo\\\/image\\\/\",\"url\":\"https:\\\/\\\/cvinoticias.com\\\/wp-content\\\/uploads\\\/2023\\\/04\\\/cropped-cropped-cropped-cropped-cropped-3-1.png\",\"contentUrl\":\"https:\\\/\\\/cvinoticias.com\\\/wp-content\\\/uploads\\\/2023\\\/04\\\/cropped-cropped-cropped-cropped-cropped-3-1.png\",\"width\":95,\"height\":122,\"caption\":\"CVI NOTICIAS\"},\"image\":{\"@id\":\"https:\\\/\\\/cvinoticias.com\\\/v3\\\/#\\\/schema\\\/logo\\\/image\\\/\"},\"sameAs\":[\"https:\\\/\\\/www.facebook.com\\\/cvinoticias\",\"https:\\\/\\\/www.instagram.com\\\/cvinoticias\\\/\",\"https:\\\/\\\/www.youtube.com\\\/@CVINOTICIAS\"]},{\"@type\":\"Person\",\"@id\":\"https:\\\/\\\/cvinoticias.com\\\/v3\\\/#\\\/schema\\\/person\\\/2db77e3c6bc03c538495d7b2b8be9b66\",\"name\":\"f1000024\",\"image\":{\"@type\":\"ImageObject\",\"inLanguage\":\"es\",\"@id\":\"https:\\\/\\\/secure.gravatar.com\\\/avatar\\\/d4fe7459cfc51ff5129ce1a732bbef5928568b8092d412ef95611616376bbeed?s=96&d=mm&r=g\",\"url\":\"https:\\\/\\\/secure.gravatar.com\\\/avatar\\\/d4fe7459cfc51ff5129ce1a732bbef5928568b8092d412ef95611616376bbeed?s=96&d=mm&r=g\",\"contentUrl\":\"https:\\\/\\\/secure.gravatar.com\\\/avatar\\\/d4fe7459cfc51ff5129ce1a732bbef5928568b8092d412ef95611616376bbeed?s=96&d=mm&r=g\",\"caption\":\"f1000024\"},\"url\":\"https:\\\/\\\/cvinoticias.com\\\/v3\\\/author\\\/f1000024\\\/\"}]}<\/script>\n<!-- \/ Yoast SEO plugin. -->","yoast_head_json":{"title":"La semana comienza con un paro universitario por 24 horas en todo el pa\u00eds | CVI NOTICIAS","robots":{"index":"index","follow":"follow","max-snippet":"max-snippet:-1","max-image-preview":"max-image-preview:large","max-video-preview":"max-video-preview:-1"},"canonical":"https:\/\/cvinoticias.com\/v3\/la-semana-comienza-con-un-paro-universitario-por-24-horas-en-todo-el-pais\/","og_locale":"es_ES","og_type":"article","og_title":"La semana comienza con un paro universitario por 24 horas en todo el pa\u00eds | CVI NOTICIAS","og_description":"Los trabajadores universitarios de todos los gremios y federaciones que los agrupan en el pa\u00eds ratificaron el paro previsto para este lunes luego de que fracasara la paritaria docente tras una reuni\u00f3n con funcionarios del Gobierno. La \u00faltima reuni\u00f3n paritaria tuvo lugar el viernes entre representantes gubernamentales y sindicales del personal docente y no docente, [&hellip;]","og_url":"https:\/\/cvinoticias.com\/v3\/la-semana-comienza-con-un-paro-universitario-por-24-horas-en-todo-el-pais\/","og_site_name":"CVI NOTICIAS","article_publisher":"https:\/\/www.facebook.com\/cvinoticias","article_published_time":"2024-08-12T04:25:03+00:00","article_modified_time":"2024-08-12T04:30:00+00:00","og_image":[{"width":1000,"height":673,"url":"https:\/\/cvinoticias.com\/wp-content\/uploads\/2024\/08\/humanidades-paro.jpg","type":"image\/jpeg"}],"author":"f1000024","twitter_card":"summary_large_image","twitter_misc":{"Escrito por":"f1000024","Tiempo de lectura":"1 minuto"},"schema":{"@context":"https:\/\/schema.org","@graph":[{"@type":"Article","@id":"https:\/\/cvinoticias.com\/v3\/la-semana-comienza-con-un-paro-universitario-por-24-horas-en-todo-el-pais\/#article","isPartOf":{"@id":"https:\/\/cvinoticias.com\/v3\/la-semana-comienza-con-un-paro-universitario-por-24-horas-en-todo-el-pais\/"},"author":{"name":"f1000024","@id":"https:\/\/cvinoticias.com\/v3\/#\/schema\/person\/2db77e3c6bc03c538495d7b2b8be9b66"},"headline":"La semana comienza con un paro universitario por 24 horas en todo el pa\u00eds","datePublished":"2024-08-12T04:25:03+00:00","dateModified":"2024-08-12T04:30:00+00:00","mainEntityOfPage":{"@id":"https:\/\/cvinoticias.com\/v3\/la-semana-comienza-con-un-paro-universitario-por-24-horas-en-todo-el-pais\/"},"wordCount":180,"commentCount":0,"publisher":{"@id":"https:\/\/cvinoticias.com\/v3\/#organization"},"image":{"@id":"https:\/\/cvinoticias.com\/v3\/la-semana-comienza-con-un-paro-universitario-por-24-horas-en-todo-el-pais\/#primaryimage"},"thumbnailUrl":"https:\/\/cvinoticias.com\/wp-content\/uploads\/2024\/08\/humanidades-paro.jpg","articleSection":["Provinciales"],"inLanguage":"es","potentialAction":[{"@type":"CommentAction","name":"Comment","target":["https:\/\/cvinoticias.com\/v3\/la-semana-comienza-con-un-paro-universitario-por-24-horas-en-todo-el-pais\/#respond"]}]},{"@type":"WebPage","@id":"https:\/\/cvinoticias.com\/v3\/la-semana-comienza-con-un-paro-universitario-por-24-horas-en-todo-el-pais\/","url":"https:\/\/cvinoticias.com\/v3\/la-semana-comienza-con-un-paro-universitario-por-24-horas-en-todo-el-pais\/","name":"La semana comienza con un paro universitario por 24 horas en todo el pa\u00eds | CVI NOTICIAS","isPartOf":{"@id":"https:\/\/cvinoticias.com\/v3\/#website"},"primaryImageOfPage":{"@id":"https:\/\/cvinoticias.com\/v3\/la-semana-comienza-con-un-paro-universitario-por-24-horas-en-todo-el-pais\/#primaryimage"},"image":{"@id":"https:\/\/cvinoticias.com\/v3\/la-semana-comienza-con-un-paro-universitario-por-24-horas-en-todo-el-pais\/#primaryimage"},"thumbnailUrl":"https:\/\/cvinoticias.com\/wp-content\/uploads\/2024\/08\/humanidades-paro.jpg","datePublished":"2024-08-12T04:25:03+00:00","dateModified":"2024-08-12T04:30:00+00:00","breadcrumb":{"@id":"https:\/\/cvinoticias.com\/v3\/la-semana-comienza-con-un-paro-universitario-por-24-horas-en-todo-el-pais\/#breadcrumb"},"inLanguage":"es","potentialAction":[{"@type":"ReadAction","target":["https:\/\/cvinoticias.com\/v3\/la-semana-comienza-con-un-paro-universitario-por-24-horas-en-todo-el-pais\/"]}]},{"@type":"ImageObject","inLanguage":"es","@id":"https:\/\/cvinoticias.com\/v3\/la-semana-comienza-con-un-paro-universitario-por-24-horas-en-todo-el-pais\/#primaryimage","url":"https:\/\/cvinoticias.com\/wp-content\/uploads\/2024\/08\/humanidades-paro.jpg","contentUrl":"https:\/\/cvinoticias.com\/wp-content\/uploads\/2024\/08\/humanidades-paro.jpg","width":1000,"height":673},{"@type":"BreadcrumbList","@id":"https:\/\/cvinoticias.com\/v3\/la-semana-comienza-con-un-paro-universitario-por-24-horas-en-todo-el-pais\/#breadcrumb","itemListElement":[{"@type":"ListItem","position":1,"name":"Portada","item":"https:\/\/cvinoticias.com\/v3\/"},{"@type":"ListItem","position":2,"name":"La semana comienza con un paro universitario por 24 horas en todo el pa\u00eds"}]},{"@type":"WebSite","@id":"https:\/\/cvinoticias.com\/v3\/#website","url":"https:\/\/cvinoticias.com\/v3\/","name":"CVI NOTICIAS","description":"","publisher":{"@id":"https:\/\/cvinoticias.com\/v3\/#organization"},"alternateName":"CVI","potentialAction":[{"@type":"SearchAction","target":{"@type":"EntryPoint","urlTemplate":"https:\/\/cvinoticias.com\/v3\/?s={search_term_string}"},"query-input":{"@type":"PropertyValueSpecification","valueRequired":true,"valueName":"search_term_string"}}],"inLanguage":"es"},{"@type":"Organization","@id":"https:\/\/cvinoticias.com\/v3\/#organization","name":"CVI NOTICIAS","url":"https:\/\/cvinoticias.com\/v3\/","logo":{"@type":"ImageObject","inLanguage":"es","@id":"https:\/\/cvinoticias.com\/v3\/#\/schema\/logo\/image\/","url":"https:\/\/cvinoticias.com\/wp-content\/uploads\/2023\/04\/cropped-cropped-cropped-cropped-cropped-3-1.png","contentUrl":"https:\/\/cvinoticias.com\/wp-content\/uploads\/2023\/04\/cropped-cropped-cropped-cropped-cropped-3-1.png","width":95,"height":122,"caption":"CVI NOTICIAS"},"image":{"@id":"https:\/\/cvinoticias.com\/v3\/#\/schema\/logo\/image\/"},"sameAs":["https:\/\/www.facebook.com\/cvinoticias","https:\/\/www.instagram.com\/cvinoticias\/","https:\/\/www.youtube.com\/@CVINOTICIAS"]},{"@type":"Person","@id":"https:\/\/cvinoticias.com\/v3\/#\/schema\/person\/2db77e3c6bc03c538495d7b2b8be9b66","name":"f1000024","image":{"@type":"ImageObject","inLanguage":"es","@id":"https:\/\/secure.gravatar.com\/avatar\/d4fe7459cfc51ff5129ce1a732bbef5928568b8092d412ef95611616376bbeed?s=96&d=mm&r=g","url":"https:\/\/secure.gravatar.com\/avatar\/d4fe7459cfc51ff5129ce1a732bbef5928568b8092d412ef95611616376bbeed?s=96&d=mm&r=g","contentUrl":"https:\/\/secure.gravatar.com\/avatar\/d4fe7459cfc51ff5129ce1a732bbef5928568b8092d412ef95611616376bbeed?s=96&d=mm&r=g","caption":"f1000024"},"url":"https:\/\/cvinoticias.com\/v3\/author\/f1000024\/"}]}},"_links":{"self":[{"href":"https:\/\/cvinoticias.com\/v3\/wp-json\/wp\/v2\/posts\/35231","targetHints":{"allow":["GET"]}}],"collection":[{"href":"https:\/\/cvinoticias.com\/v3\/wp-json\/wp\/v2\/posts"}],"about":[{"href":"https:\/\/cvinoticias.com\/v3\/wp-json\/wp\/v2\/types\/post"}],"author":[{"embeddable":true,"href":"https:\/\/cvinoticias.com\/v3\/wp-json\/wp\/v2\/users\/2"}],"replies":[{"embeddable":true,"href":"https:\/\/cvinoticias.com\/v3\/wp-json\/wp\/v2\/comments?post=35231"}],"version-history":[{"count":2,"href":"https:\/\/cvinoticias.com\/v3\/wp-json\/wp\/v2\/posts\/35231\/revisions"}],"predecessor-version":[{"id":35234,"href":"https:\/\/cvinoticias.com\/v3\/wp-json\/wp\/v2\/posts\/35231\/revisions\/35234"}],"wp:featuredmedia":[{"embeddable":true,"href":"https:\/\/cvinoticias.com\/v3\/wp-json\/wp\/v2\/media\/35232"}],"wp:attachment":[{"href":"https:\/\/cvinoticias.com\/v3\/wp-json\/wp\/v2\/media?parent=35231"}],"wp:term":[{"taxonomy":"category","embeddable":true,"href":"https:\/\/cvinoticias.com\/v3\/wp-json\/wp\/v2\/categories?post=35231"},{"taxonomy":"post_tag","embeddable":true,"href":"https:\/\/cvinoticias.com\/v3\/wp-json\/wp\/v2\/tags?post=35231"}],"curies":[{"name":"wp","href":"https:\/\/api.w.org\/{rel}","templated":true}]}}