{"id":35165,"date":"2024-08-09T22:08:33","date_gmt":"2024-08-10T01:08:33","guid":{"rendered":"https:\/\/cvinoticias.com\/v3\/?p=35165"},"modified":"2024-08-09T22:08:47","modified_gmt":"2024-08-10T01:08:47","slug":"desde-nacion-consideran-a-misiones-como-la-provincia-con-mayor-desarrollo-del-sistema-de-control-forestal","status":"publish","type":"post","link":"https:\/\/cvinoticias.com\/v3\/desde-nacion-consideran-a-misiones-como-la-provincia-con-mayor-desarrollo-del-sistema-de-control-forestal\/","title":{"rendered":"Desde Naci\u00f3n consideran a Misiones como la Provincia con mayor desarrollo del Sistema de Control Forestal"},"content":{"rendered":"\n<p> El Director de Bosques de la Subsecretar\u00eda de Ambiente de la Naci\u00f3n, Octavio P\u00e9rez Pardo, consider\u00f3 la aplicaci\u00f3n del Sistema de Administraci\u00f3n, Control y Verificaci\u00f3n Forestal en Misiones como \u201cel ejemplo a seguir a nivel nacional\u201d y destac\u00f3 el uso del c\u00f3digo QR implementado por el Ministerio de Ecolog\u00eda y Recursos Naturales Renovables que brinda informaci\u00f3n acerca del origen y destino de las cargas de madera nativa transportadas por camiones en las rutas de la provincia.<\/p>\n\n\n\n<p>Nuestra gesti\u00f3n apunta a fortalecer el SACVeFor en todo el pa\u00eds. Actualmente, son solo cuatro distritos los que utilizan esta herramienta desarrollada ya desde hace algunos a\u00f1os. Adem\u00e1s del caso misionero, hablo de Jujuy, Chaco y Salta\u201d, indic\u00f3 el funcionario nacional.P\u00e9rez Pardo <\/p>\n\n\n\n<p>Consider\u00f3 que de ese grupo, \u201csin dudas es Misiones la provincia con mayor desarrollo vinculado al uso y aplicaci\u00f3n del Sistema. Es el ejemplo a seguir en el resto del pa\u00eds. Por eso, en la \u00faltima asamblea del Consejo Federal de Medio Ambiente, pedimos al presidente del COFEMA y Ministro de Ecolog\u00eda misionero, Arq. Mart\u00edn Recam\u00e1n, que se expusiera sobre el estado de situaci\u00f3n de la aplicaci\u00f3n del SACVeFor en Misiones, donde ya est\u00e1 probado y funcionando. <\/p>\n\n\n\n<p>Caus\u00f3 un gran impacto la presentaci\u00f3n de Misiones y sirvi\u00f3 much\u00edsimo para que otras provincias entendieran los beneficios\u201d. *Elogiaron la utilizaci\u00f3n del QR en camiones* Con respecto al c\u00f3digo QR desarrollado por el Ministerio de Ecolog\u00eda para la identificaci\u00f3n de las cargas de madera nativa transportadas por las rutas de la provincia, P\u00e9rez Pardo afirm\u00f3 que result\u00f3 \u201cuna novedad muy interesante, una grata sorpresa\u201d. \u201cUn aspecto fundamental en el tema de la producci\u00f3n y comercializaci\u00f3n de madera nativa es saber que el material viene de una actividad legal, de un plan autorizado, controlado. Y este QR favorece este conocimiento, por ejemplo para las fuerzas de seguridad, a fin de que r\u00e1pidamente puedan determinar a trav\u00e9s de la informaci\u00f3n que brinda el c\u00f3digo el origen de la carga y saber hacia d\u00f3nde va el transportista\u201d, valor\u00f3 el Director Nacional de Bosques.<\/p>\n\n\n\n<p>Remarc\u00f3: \u201cNos parece que es una buena iniciativa que no s\u00f3lo le va a dar trazabilidad a la producci\u00f3n sino certeza o seguridades a los ciudadanos. Nosotros tenemos que dividir muy claramente el mercado ilegal del legal. La primera manera es conocer qu\u00e9 es lo que est\u00e1 circulando de manera legal, identificarlo y valorarlo. Ese cami\u00f3n con el QR est\u00e1 mostrando que ese producto ha tenido todos los controles legales y garantiza que ah\u00ed no vamos a perder la producci\u00f3n\u201d. <\/p>\n\n\n\n<p> Finalmente, el funcionario habl\u00f3 de la segunda etapa del SACVeFor, que la Direcci\u00f3n Nacional de Bosques viene trabajando con el Ministerio de Ecolog\u00eda. \u201cTambi\u00e9n en este caso, es Misiones la \u00fanica provincia que est\u00e1 avanzando en este siguiente paso del Sistema\u201d, sostuvo.<\/p>\n\n\n\n<p><strong>\u201cLa primera etapa del Sistema consiste en controlar el recorrido que va desde el sitio donde se extrae la madera hasta el primer acopio, que puede ser un aserradero, una carpinter\u00eda, un obraje. El SACVeFor II avanza en el segundo desplazamiento del material. Desde ese lugar de acopio hacia otro destino, ya procesado\u201d, explic\u00f3 y a\u00f1adi\u00f3: \u201cNos va a permitir trabajar en la trazabilidad. Por ejemplo, que uno pueda ver en una silla o mueble confeccionado y vendido en alguna ciudad del pa\u00eds o el extranjero la trazabilidad de la madera con manejo sostenible\u201d.\u201cEs un desarrollo que ya estamos trabajando con Misiones. La idea es trazar un circuito integral de la madera con la perspectiva de mostrar la sostenibilidad del recurso, a nivel especie, provincia y pa\u00eds\u201d, se\u00f1al\u00f3 P\u00e9rez Pardo.<\/strong><\/p>\n\n\n\n<p>Finalmente, anticip\u00f3 que en la 50\u00b0 Asamblea Extraordinaria de COFEMA, tambi\u00e9n inform\u00f3 que est\u00e1n avanzadas las gestiones para el fortalecimiento del SACVeFor con dos l\u00edneas internacionales de fondos, una proveniente del Programa de Naciones Unidas para el Desarrollo (UNDP) y la otra de la Organizaci\u00f3n de las Naciones Unidas para la Alimentaci\u00f3n y la Agricultura (FAO).<\/p>\n","protected":false},"excerpt":{"rendered":"<p>El Director de Bosques de la Subsecretar\u00eda de Ambiente de la Naci\u00f3n, Octavio P\u00e9rez Pardo, consider\u00f3 la aplicaci\u00f3n del Sistema de Administraci\u00f3n, Control y Verificaci\u00f3n Forestal en Misiones como \u201cel ejemplo a seguir a nivel nacional\u201d y destac\u00f3 el uso del c\u00f3digo QR implementado por el Ministerio de Ecolog\u00eda y Recursos Naturales Renovables que brinda [&hellip;]<\/p>\n","protected":false},"author":2,"featured_media":35166,"comment_status":"open","ping_status":"open","sticky":false,"template":"","format":"standard","meta":{"footnotes":""},"categories":[38],"tags":[],"class_list":["post-35165","post","type-post","status-publish","format-standard","has-post-thumbnail","hentry","category-medio-ambiente"],"yoast_head":"<!-- This site is optimized with the Yoast SEO plugin v27.4 - https:\/\/yoast.com\/product\/yoast-seo-wordpress\/ -->\n<title>Desde Naci\u00f3n consideran a Misiones como la Provincia con mayor desarrollo del Sistema de Control Forestal | CVI NOTICIAS<\/title>\n<meta name=\"robots\" content=\"index, follow, max-snippet:-1, max-image-preview:large, max-video-preview:-1\" \/>\n<link rel=\"canonical\" href=\"https:\/\/cvinoticias.com\/v3\/desde-nacion-consideran-a-misiones-como-la-provincia-con-mayor-desarrollo-del-sistema-de-control-forestal\/\" \/>\n<meta property=\"og:locale\" content=\"es_ES\" \/>\n<meta property=\"og:type\" content=\"article\" \/>\n<meta property=\"og:title\" content=\"Desde Naci\u00f3n consideran a Misiones como la Provincia con mayor desarrollo del Sistema de Control Forestal | CVI NOTICIAS\" \/>\n<meta property=\"og:description\" content=\"El Director de Bosques de la Subsecretar\u00eda de Ambiente de la Naci\u00f3n, Octavio P\u00e9rez Pardo, consider\u00f3 la aplicaci\u00f3n del Sistema de Administraci\u00f3n, Control y Verificaci\u00f3n Forestal en Misiones como \u201cel ejemplo a seguir a nivel nacional\u201d y destac\u00f3 el uso del c\u00f3digo QR implementado por el Ministerio de Ecolog\u00eda y Recursos Naturales Renovables que brinda [&hellip;]\" \/>\n<meta property=\"og:url\" content=\"https:\/\/cvinoticias.com\/v3\/desde-nacion-consideran-a-misiones-como-la-provincia-con-mayor-desarrollo-del-sistema-de-control-forestal\/\" \/>\n<meta property=\"og:site_name\" content=\"CVI NOTICIAS\" \/>\n<meta property=\"article:publisher\" content=\"https:\/\/www.facebook.com\/cvinoticias\" \/>\n<meta property=\"article:published_time\" content=\"2024-08-10T01:08:33+00:00\" \/>\n<meta property=\"article:modified_time\" content=\"2024-08-10T01:08:47+00:00\" \/>\n<meta property=\"og:image\" content=\"https:\/\/cvinoticias.com\/wp-content\/uploads\/2024\/08\/IMG-20240809-WA02421.jpg\" \/>\n\t<meta property=\"og:image:width\" content=\"1280\" \/>\n\t<meta property=\"og:image:height\" content=\"852\" \/>\n\t<meta property=\"og:image:type\" content=\"image\/jpeg\" \/>\n<meta name=\"author\" content=\"f1000024\" \/>\n<meta name=\"twitter:card\" content=\"summary_large_image\" \/>\n<meta name=\"twitter:label1\" content=\"Escrito por\" \/>\n\t<meta name=\"twitter:data1\" content=\"f1000024\" \/>\n\t<meta name=\"twitter:label2\" content=\"Tiempo de lectura\" \/>\n\t<meta name=\"twitter:data2\" content=\"4 minutos\" \/>\n<script type=\"application\/ld+json\" class=\"yoast-schema-graph\">{\"@context\":\"https:\\\/\\\/schema.org\",\"@graph\":[{\"@type\":\"Article\",\"@id\":\"https:\\\/\\\/cvinoticias.com\\\/v3\\\/desde-nacion-consideran-a-misiones-como-la-provincia-con-mayor-desarrollo-del-sistema-de-control-forestal\\\/#article\",\"isPartOf\":{\"@id\":\"https:\\\/\\\/cvinoticias.com\\\/v3\\\/desde-nacion-consideran-a-misiones-como-la-provincia-con-mayor-desarrollo-del-sistema-de-control-forestal\\\/\"},\"author\":{\"name\":\"f1000024\",\"@id\":\"https:\\\/\\\/cvinoticias.com\\\/v3\\\/#\\\/schema\\\/person\\\/2db77e3c6bc03c538495d7b2b8be9b66\"},\"headline\":\"Desde Naci\u00f3n consideran a Misiones como la Provincia con mayor desarrollo del Sistema de Control Forestal\",\"datePublished\":\"2024-08-10T01:08:33+00:00\",\"dateModified\":\"2024-08-10T01:08:47+00:00\",\"mainEntityOfPage\":{\"@id\":\"https:\\\/\\\/cvinoticias.com\\\/v3\\\/desde-nacion-consideran-a-misiones-como-la-provincia-con-mayor-desarrollo-del-sistema-de-control-forestal\\\/\"},\"wordCount\":714,\"commentCount\":0,\"publisher\":{\"@id\":\"https:\\\/\\\/cvinoticias.com\\\/v3\\\/#organization\"},\"image\":{\"@id\":\"https:\\\/\\\/cvinoticias.com\\\/v3\\\/desde-nacion-consideran-a-misiones-como-la-provincia-con-mayor-desarrollo-del-sistema-de-control-forestal\\\/#primaryimage\"},\"thumbnailUrl\":\"https:\\\/\\\/cvinoticias.com\\\/wp-content\\\/uploads\\\/2024\\\/08\\\/IMG-20240809-WA02421.jpg\",\"articleSection\":[\"Medio Ambiente\"],\"inLanguage\":\"es\",\"potentialAction\":[{\"@type\":\"CommentAction\",\"name\":\"Comment\",\"target\":[\"https:\\\/\\\/cvinoticias.com\\\/v3\\\/desde-nacion-consideran-a-misiones-como-la-provincia-con-mayor-desarrollo-del-sistema-de-control-forestal\\\/#respond\"]}]},{\"@type\":\"WebPage\",\"@id\":\"https:\\\/\\\/cvinoticias.com\\\/v3\\\/desde-nacion-consideran-a-misiones-como-la-provincia-con-mayor-desarrollo-del-sistema-de-control-forestal\\\/\",\"url\":\"https:\\\/\\\/cvinoticias.com\\\/v3\\\/desde-nacion-consideran-a-misiones-como-la-provincia-con-mayor-desarrollo-del-sistema-de-control-forestal\\\/\",\"name\":\"Desde Naci\u00f3n consideran a Misiones como la Provincia con mayor desarrollo del Sistema de Control Forestal | CVI NOTICIAS\",\"isPartOf\":{\"@id\":\"https:\\\/\\\/cvinoticias.com\\\/v3\\\/#website\"},\"primaryImageOfPage\":{\"@id\":\"https:\\\/\\\/cvinoticias.com\\\/v3\\\/desde-nacion-consideran-a-misiones-como-la-provincia-con-mayor-desarrollo-del-sistema-de-control-forestal\\\/#primaryimage\"},\"image\":{\"@id\":\"https:\\\/\\\/cvinoticias.com\\\/v3\\\/desde-nacion-consideran-a-misiones-como-la-provincia-con-mayor-desarrollo-del-sistema-de-control-forestal\\\/#primaryimage\"},\"thumbnailUrl\":\"https:\\\/\\\/cvinoticias.com\\\/wp-content\\\/uploads\\\/2024\\\/08\\\/IMG-20240809-WA02421.jpg\",\"datePublished\":\"2024-08-10T01:08:33+00:00\",\"dateModified\":\"2024-08-10T01:08:47+00:00\",\"breadcrumb\":{\"@id\":\"https:\\\/\\\/cvinoticias.com\\\/v3\\\/desde-nacion-consideran-a-misiones-como-la-provincia-con-mayor-desarrollo-del-sistema-de-control-forestal\\\/#breadcrumb\"},\"inLanguage\":\"es\",\"potentialAction\":[{\"@type\":\"ReadAction\",\"target\":[\"https:\\\/\\\/cvinoticias.com\\\/v3\\\/desde-nacion-consideran-a-misiones-como-la-provincia-con-mayor-desarrollo-del-sistema-de-control-forestal\\\/\"]}]},{\"@type\":\"ImageObject\",\"inLanguage\":\"es\",\"@id\":\"https:\\\/\\\/cvinoticias.com\\\/v3\\\/desde-nacion-consideran-a-misiones-como-la-provincia-con-mayor-desarrollo-del-sistema-de-control-forestal\\\/#primaryimage\",\"url\":\"https:\\\/\\\/cvinoticias.com\\\/wp-content\\\/uploads\\\/2024\\\/08\\\/IMG-20240809-WA02421.jpg\",\"contentUrl\":\"https:\\\/\\\/cvinoticias.com\\\/wp-content\\\/uploads\\\/2024\\\/08\\\/IMG-20240809-WA02421.jpg\",\"width\":1280,\"height\":852},{\"@type\":\"BreadcrumbList\",\"@id\":\"https:\\\/\\\/cvinoticias.com\\\/v3\\\/desde-nacion-consideran-a-misiones-como-la-provincia-con-mayor-desarrollo-del-sistema-de-control-forestal\\\/#breadcrumb\",\"itemListElement\":[{\"@type\":\"ListItem\",\"position\":1,\"name\":\"Portada\",\"item\":\"https:\\\/\\\/cvinoticias.com\\\/v3\\\/\"},{\"@type\":\"ListItem\",\"position\":2,\"name\":\"Desde Naci\u00f3n consideran a Misiones como la Provincia con mayor desarrollo del Sistema de Control Forestal\"}]},{\"@type\":\"WebSite\",\"@id\":\"https:\\\/\\\/cvinoticias.com\\\/v3\\\/#website\",\"url\":\"https:\\\/\\\/cvinoticias.com\\\/v3\\\/\",\"name\":\"CVI NOTICIAS\",\"description\":\"\",\"publisher\":{\"@id\":\"https:\\\/\\\/cvinoticias.com\\\/v3\\\/#organization\"},\"alternateName\":\"CVI\",\"potentialAction\":[{\"@type\":\"SearchAction\",\"target\":{\"@type\":\"EntryPoint\",\"urlTemplate\":\"https:\\\/\\\/cvinoticias.com\\\/v3\\\/?s={search_term_string}\"},\"query-input\":{\"@type\":\"PropertyValueSpecification\",\"valueRequired\":true,\"valueName\":\"search_term_string\"}}],\"inLanguage\":\"es\"},{\"@type\":\"Organization\",\"@id\":\"https:\\\/\\\/cvinoticias.com\\\/v3\\\/#organization\",\"name\":\"CVI NOTICIAS\",\"url\":\"https:\\\/\\\/cvinoticias.com\\\/v3\\\/\",\"logo\":{\"@type\":\"ImageObject\",\"inLanguage\":\"es\",\"@id\":\"https:\\\/\\\/cvinoticias.com\\\/v3\\\/#\\\/schema\\\/logo\\\/image\\\/\",\"url\":\"https:\\\/\\\/cvinoticias.com\\\/wp-content\\\/uploads\\\/2023\\\/04\\\/cropped-cropped-cropped-cropped-cropped-3-1.png\",\"contentUrl\":\"https:\\\/\\\/cvinoticias.com\\\/wp-content\\\/uploads\\\/2023\\\/04\\\/cropped-cropped-cropped-cropped-cropped-3-1.png\",\"width\":95,\"height\":122,\"caption\":\"CVI NOTICIAS\"},\"image\":{\"@id\":\"https:\\\/\\\/cvinoticias.com\\\/v3\\\/#\\\/schema\\\/logo\\\/image\\\/\"},\"sameAs\":[\"https:\\\/\\\/www.facebook.com\\\/cvinoticias\",\"https:\\\/\\\/www.instagram.com\\\/cvinoticias\\\/\",\"https:\\\/\\\/www.youtube.com\\\/@CVINOTICIAS\"]},{\"@type\":\"Person\",\"@id\":\"https:\\\/\\\/cvinoticias.com\\\/v3\\\/#\\\/schema\\\/person\\\/2db77e3c6bc03c538495d7b2b8be9b66\",\"name\":\"f1000024\",\"image\":{\"@type\":\"ImageObject\",\"inLanguage\":\"es\",\"@id\":\"https:\\\/\\\/secure.gravatar.com\\\/avatar\\\/d4fe7459cfc51ff5129ce1a732bbef5928568b8092d412ef95611616376bbeed?s=96&d=mm&r=g\",\"url\":\"https:\\\/\\\/secure.gravatar.com\\\/avatar\\\/d4fe7459cfc51ff5129ce1a732bbef5928568b8092d412ef95611616376bbeed?s=96&d=mm&r=g\",\"contentUrl\":\"https:\\\/\\\/secure.gravatar.com\\\/avatar\\\/d4fe7459cfc51ff5129ce1a732bbef5928568b8092d412ef95611616376bbeed?s=96&d=mm&r=g\",\"caption\":\"f1000024\"},\"url\":\"https:\\\/\\\/cvinoticias.com\\\/v3\\\/author\\\/f1000024\\\/\"}]}<\/script>\n<!-- \/ Yoast SEO plugin. -->","yoast_head_json":{"title":"Desde Naci\u00f3n consideran a Misiones como la Provincia con mayor desarrollo del Sistema de Control Forestal | CVI NOTICIAS","robots":{"index":"index","follow":"follow","max-snippet":"max-snippet:-1","max-image-preview":"max-image-preview:large","max-video-preview":"max-video-preview:-1"},"canonical":"https:\/\/cvinoticias.com\/v3\/desde-nacion-consideran-a-misiones-como-la-provincia-con-mayor-desarrollo-del-sistema-de-control-forestal\/","og_locale":"es_ES","og_type":"article","og_title":"Desde Naci\u00f3n consideran a Misiones como la Provincia con mayor desarrollo del Sistema de Control Forestal | CVI NOTICIAS","og_description":"El Director de Bosques de la Subsecretar\u00eda de Ambiente de la Naci\u00f3n, Octavio P\u00e9rez Pardo, consider\u00f3 la aplicaci\u00f3n del Sistema de Administraci\u00f3n, Control y Verificaci\u00f3n Forestal en Misiones como \u201cel ejemplo a seguir a nivel nacional\u201d y destac\u00f3 el uso del c\u00f3digo QR implementado por el Ministerio de Ecolog\u00eda y Recursos Naturales Renovables que brinda [&hellip;]","og_url":"https:\/\/cvinoticias.com\/v3\/desde-nacion-consideran-a-misiones-como-la-provincia-con-mayor-desarrollo-del-sistema-de-control-forestal\/","og_site_name":"CVI NOTICIAS","article_publisher":"https:\/\/www.facebook.com\/cvinoticias","article_published_time":"2024-08-10T01:08:33+00:00","article_modified_time":"2024-08-10T01:08:47+00:00","og_image":[{"width":1280,"height":852,"url":"https:\/\/cvinoticias.com\/wp-content\/uploads\/2024\/08\/IMG-20240809-WA02421.jpg","type":"image\/jpeg"}],"author":"f1000024","twitter_card":"summary_large_image","twitter_misc":{"Escrito por":"f1000024","Tiempo de lectura":"4 minutos"},"schema":{"@context":"https:\/\/schema.org","@graph":[{"@type":"Article","@id":"https:\/\/cvinoticias.com\/v3\/desde-nacion-consideran-a-misiones-como-la-provincia-con-mayor-desarrollo-del-sistema-de-control-forestal\/#article","isPartOf":{"@id":"https:\/\/cvinoticias.com\/v3\/desde-nacion-consideran-a-misiones-como-la-provincia-con-mayor-desarrollo-del-sistema-de-control-forestal\/"},"author":{"name":"f1000024","@id":"https:\/\/cvinoticias.com\/v3\/#\/schema\/person\/2db77e3c6bc03c538495d7b2b8be9b66"},"headline":"Desde Naci\u00f3n consideran a Misiones como la Provincia con mayor desarrollo del Sistema de Control Forestal","datePublished":"2024-08-10T01:08:33+00:00","dateModified":"2024-08-10T01:08:47+00:00","mainEntityOfPage":{"@id":"https:\/\/cvinoticias.com\/v3\/desde-nacion-consideran-a-misiones-como-la-provincia-con-mayor-desarrollo-del-sistema-de-control-forestal\/"},"wordCount":714,"commentCount":0,"publisher":{"@id":"https:\/\/cvinoticias.com\/v3\/#organization"},"image":{"@id":"https:\/\/cvinoticias.com\/v3\/desde-nacion-consideran-a-misiones-como-la-provincia-con-mayor-desarrollo-del-sistema-de-control-forestal\/#primaryimage"},"thumbnailUrl":"https:\/\/cvinoticias.com\/wp-content\/uploads\/2024\/08\/IMG-20240809-WA02421.jpg","articleSection":["Medio Ambiente"],"inLanguage":"es","potentialAction":[{"@type":"CommentAction","name":"Comment","target":["https:\/\/cvinoticias.com\/v3\/desde-nacion-consideran-a-misiones-como-la-provincia-con-mayor-desarrollo-del-sistema-de-control-forestal\/#respond"]}]},{"@type":"WebPage","@id":"https:\/\/cvinoticias.com\/v3\/desde-nacion-consideran-a-misiones-como-la-provincia-con-mayor-desarrollo-del-sistema-de-control-forestal\/","url":"https:\/\/cvinoticias.com\/v3\/desde-nacion-consideran-a-misiones-como-la-provincia-con-mayor-desarrollo-del-sistema-de-control-forestal\/","name":"Desde Naci\u00f3n consideran a Misiones como la Provincia con mayor desarrollo del Sistema de Control Forestal | CVI NOTICIAS","isPartOf":{"@id":"https:\/\/cvinoticias.com\/v3\/#website"},"primaryImageOfPage":{"@id":"https:\/\/cvinoticias.com\/v3\/desde-nacion-consideran-a-misiones-como-la-provincia-con-mayor-desarrollo-del-sistema-de-control-forestal\/#primaryimage"},"image":{"@id":"https:\/\/cvinoticias.com\/v3\/desde-nacion-consideran-a-misiones-como-la-provincia-con-mayor-desarrollo-del-sistema-de-control-forestal\/#primaryimage"},"thumbnailUrl":"https:\/\/cvinoticias.com\/wp-content\/uploads\/2024\/08\/IMG-20240809-WA02421.jpg","datePublished":"2024-08-10T01:08:33+00:00","dateModified":"2024-08-10T01:08:47+00:00","breadcrumb":{"@id":"https:\/\/cvinoticias.com\/v3\/desde-nacion-consideran-a-misiones-como-la-provincia-con-mayor-desarrollo-del-sistema-de-control-forestal\/#breadcrumb"},"inLanguage":"es","potentialAction":[{"@type":"ReadAction","target":["https:\/\/cvinoticias.com\/v3\/desde-nacion-consideran-a-misiones-como-la-provincia-con-mayor-desarrollo-del-sistema-de-control-forestal\/"]}]},{"@type":"ImageObject","inLanguage":"es","@id":"https:\/\/cvinoticias.com\/v3\/desde-nacion-consideran-a-misiones-como-la-provincia-con-mayor-desarrollo-del-sistema-de-control-forestal\/#primaryimage","url":"https:\/\/cvinoticias.com\/wp-content\/uploads\/2024\/08\/IMG-20240809-WA02421.jpg","contentUrl":"https:\/\/cvinoticias.com\/wp-content\/uploads\/2024\/08\/IMG-20240809-WA02421.jpg","width":1280,"height":852},{"@type":"BreadcrumbList","@id":"https:\/\/cvinoticias.com\/v3\/desde-nacion-consideran-a-misiones-como-la-provincia-con-mayor-desarrollo-del-sistema-de-control-forestal\/#breadcrumb","itemListElement":[{"@type":"ListItem","position":1,"name":"Portada","item":"https:\/\/cvinoticias.com\/v3\/"},{"@type":"ListItem","position":2,"name":"Desde Naci\u00f3n consideran a Misiones como la Provincia con mayor desarrollo del Sistema de Control Forestal"}]},{"@type":"WebSite","@id":"https:\/\/cvinoticias.com\/v3\/#website","url":"https:\/\/cvinoticias.com\/v3\/","name":"CVI NOTICIAS","description":"","publisher":{"@id":"https:\/\/cvinoticias.com\/v3\/#organization"},"alternateName":"CVI","potentialAction":[{"@type":"SearchAction","target":{"@type":"EntryPoint","urlTemplate":"https:\/\/cvinoticias.com\/v3\/?s={search_term_string}"},"query-input":{"@type":"PropertyValueSpecification","valueRequired":true,"valueName":"search_term_string"}}],"inLanguage":"es"},{"@type":"Organization","@id":"https:\/\/cvinoticias.com\/v3\/#organization","name":"CVI NOTICIAS","url":"https:\/\/cvinoticias.com\/v3\/","logo":{"@type":"ImageObject","inLanguage":"es","@id":"https:\/\/cvinoticias.com\/v3\/#\/schema\/logo\/image\/","url":"https:\/\/cvinoticias.com\/wp-content\/uploads\/2023\/04\/cropped-cropped-cropped-cropped-cropped-3-1.png","contentUrl":"https:\/\/cvinoticias.com\/wp-content\/uploads\/2023\/04\/cropped-cropped-cropped-cropped-cropped-3-1.png","width":95,"height":122,"caption":"CVI NOTICIAS"},"image":{"@id":"https:\/\/cvinoticias.com\/v3\/#\/schema\/logo\/image\/"},"sameAs":["https:\/\/www.facebook.com\/cvinoticias","https:\/\/www.instagram.com\/cvinoticias\/","https:\/\/www.youtube.com\/@CVINOTICIAS"]},{"@type":"Person","@id":"https:\/\/cvinoticias.com\/v3\/#\/schema\/person\/2db77e3c6bc03c538495d7b2b8be9b66","name":"f1000024","image":{"@type":"ImageObject","inLanguage":"es","@id":"https:\/\/secure.gravatar.com\/avatar\/d4fe7459cfc51ff5129ce1a732bbef5928568b8092d412ef95611616376bbeed?s=96&d=mm&r=g","url":"https:\/\/secure.gravatar.com\/avatar\/d4fe7459cfc51ff5129ce1a732bbef5928568b8092d412ef95611616376bbeed?s=96&d=mm&r=g","contentUrl":"https:\/\/secure.gravatar.com\/avatar\/d4fe7459cfc51ff5129ce1a732bbef5928568b8092d412ef95611616376bbeed?s=96&d=mm&r=g","caption":"f1000024"},"url":"https:\/\/cvinoticias.com\/v3\/author\/f1000024\/"}]}},"_links":{"self":[{"href":"https:\/\/cvinoticias.com\/v3\/wp-json\/wp\/v2\/posts\/35165","targetHints":{"allow":["GET"]}}],"collection":[{"href":"https:\/\/cvinoticias.com\/v3\/wp-json\/wp\/v2\/posts"}],"about":[{"href":"https:\/\/cvinoticias.com\/v3\/wp-json\/wp\/v2\/types\/post"}],"author":[{"embeddable":true,"href":"https:\/\/cvinoticias.com\/v3\/wp-json\/wp\/v2\/users\/2"}],"replies":[{"embeddable":true,"href":"https:\/\/cvinoticias.com\/v3\/wp-json\/wp\/v2\/comments?post=35165"}],"version-history":[{"count":1,"href":"https:\/\/cvinoticias.com\/v3\/wp-json\/wp\/v2\/posts\/35165\/revisions"}],"predecessor-version":[{"id":35167,"href":"https:\/\/cvinoticias.com\/v3\/wp-json\/wp\/v2\/posts\/35165\/revisions\/35167"}],"wp:featuredmedia":[{"embeddable":true,"href":"https:\/\/cvinoticias.com\/v3\/wp-json\/wp\/v2\/media\/35166"}],"wp:attachment":[{"href":"https:\/\/cvinoticias.com\/v3\/wp-json\/wp\/v2\/media?parent=35165"}],"wp:term":[{"taxonomy":"category","embeddable":true,"href":"https:\/\/cvinoticias.com\/v3\/wp-json\/wp\/v2\/categories?post=35165"},{"taxonomy":"post_tag","embeddable":true,"href":"https:\/\/cvinoticias.com\/v3\/wp-json\/wp\/v2\/tags?post=35165"}],"curies":[{"name":"wp","href":"https:\/\/api.w.org\/{rel}","templated":true}]}}