{"id":35147,"date":"2024-08-09T00:53:06","date_gmt":"2024-08-09T03:53:06","guid":{"rendered":"https:\/\/cvinoticias.com\/v3\/?p=35147"},"modified":"2024-08-09T00:53:29","modified_gmt":"2024-08-09T03:53:29","slug":"la-fecha-4-del-rally-misionero-llega-a-puerto-rico-y-capiovi","status":"publish","type":"post","link":"https:\/\/cvinoticias.com\/v3\/la-fecha-4-del-rally-misionero-llega-a-puerto-rico-y-capiovi\/","title":{"rendered":"La fecha 4 del Rally Misionero,  llega a Puerto Rico y Capiovi"},"content":{"rendered":"\n<p><strong>La 4\u00b0 fecha del Campeonato Misionero de Rally, que se disputar\u00e1 desde el viernes por los caminos vecinales de Puerto Rico y Capiov\u00ed, tiene 82 equipos inscriptos. De ese total, 61 ser\u00e1n Autos y 21 inscriptos hay entre Motos y Quads<\/strong>.<\/p>\n\n\n\n<p>La principal novedad se dar\u00e1 el viernes por la noche, ya que no habr\u00e1 competencia, suprimido el super nocturno, la AMPyNaR opto por realizar desde esta fecha una largada simb\u00f3lica, en este caso se llevara a cabo en la plaza de la Juventud de Capiovi, con m\u00fasica y patio gastron\u00f3mico.<\/p>\n\n\n\n<p><strong>Otra novedad se destaca el debut del piloto de Leandro N. Alem, C\u00e9sar Da Silva quien estar\u00e1 con el Renault Cl\u00edo que le adquiri\u00f3 a Mart\u00edn Cassoni, quien ahora pasar\u00e1 a ser navegante. El binomio ser\u00e1 parte de la Clase N2 16v. En esa categor\u00eda se anuncia la vuelta del binomio posade\u00f1o integrado por Alejandro y Francisco R\u00e9pula con otro Renault Cl\u00edo.<\/strong><\/p>\n\n\n\n<p>En el Grupo A, se dar\u00e1 la vuelta de Lucas Jambrina con el Renault 18 atendido por el Mar\u00edn Competici\u00f3n. En la Hibrido volver\u00e1 a correr el binomio de El Soberbio Cristian Andrez-Jorge Kondratiuk con el Ford Fiesta.<\/p>\n\n\n\n<figure class=\"wp-block-gallery has-nested-images columns-default is-cropped wp-block-gallery-1 is-layout-flex wp-block-gallery-is-layout-flex\">\n<figure class=\"wp-block-image size-large\"><a href=\"https:\/\/cvinoticias.com\/wp-content\/uploads\/2024\/08\/454566490_1026937656099143_1406479603571264843_n.jpg\"><img decoding=\"async\" width=\"819\" height=\"1024\" data-id=\"35148\" data-src=\"https:\/\/cvinoticias.com\/wp-content\/uploads\/2024\/08\/454566490_1026937656099143_1406479603571264843_n-819x1024.jpg\" alt=\"\" class=\"wp-image-35148 lazyload\" data-srcset=\"https:\/\/cvinoticias.com\/wp-content\/uploads\/2024\/08\/454566490_1026937656099143_1406479603571264843_n-819x1024.jpg 819w, https:\/\/cvinoticias.com\/wp-content\/uploads\/2024\/08\/454566490_1026937656099143_1406479603571264843_n-240x300.jpg 240w, https:\/\/cvinoticias.com\/wp-content\/uploads\/2024\/08\/454566490_1026937656099143_1406479603571264843_n-768x960.jpg 768w, https:\/\/cvinoticias.com\/wp-content\/uploads\/2024\/08\/454566490_1026937656099143_1406479603571264843_n.jpg 1080w\" data-sizes=\"(max-width: 819px) 100vw, 819px\" src=\"data:image\/svg+xml;base64,PHN2ZyB3aWR0aD0iMSIgaGVpZ2h0PSIxIiB4bWxucz0iaHR0cDovL3d3dy53My5vcmcvMjAwMC9zdmciPjwvc3ZnPg==\" style=\"--smush-placeholder-width: 819px; --smush-placeholder-aspect-ratio: 819\/1024;\" \/><\/a><\/figure>\n<\/figure>\n\n\n\n<p><strong>El domingo se repetir\u00e1n los mismos caminos en tres pruebas especiales desde las 9.03.Mientras que la 4\u00b0 fecha del S\u00faper Prime se pondr\u00e1 en marcha a las 13.30 correr\u00e1 en el Kart\u00f3dromo Carlos Albiser de Puerto Rico.<\/strong><\/p>\n","protected":false},"excerpt":{"rendered":"<p>La 4\u00b0 fecha del Campeonato Misionero de Rally, que se disputar\u00e1 desde el viernes por los caminos vecinales de Puerto Rico y Capiov\u00ed, tiene 82 equipos inscriptos. De ese total, 61 ser\u00e1n Autos y 21 inscriptos hay entre Motos y Quads. La principal novedad se dar\u00e1 el viernes por la noche, ya que no habr\u00e1 [&hellip;]<\/p>\n","protected":false},"author":2,"featured_media":35149,"comment_status":"open","ping_status":"open","sticky":false,"template":"","format":"standard","meta":{"footnotes":""},"categories":[24],"tags":[],"class_list":["post-35147","post","type-post","status-publish","format-standard","has-post-thumbnail","hentry","category-deportes"],"yoast_head":"<!-- This site is optimized with the Yoast SEO plugin v27.4 - https:\/\/yoast.com\/product\/yoast-seo-wordpress\/ -->\n<title>La fecha 4 del Rally Misionero, llega a Puerto Rico y Capiovi | CVI NOTICIAS<\/title>\n<meta name=\"robots\" content=\"index, follow, max-snippet:-1, max-image-preview:large, max-video-preview:-1\" \/>\n<link rel=\"canonical\" href=\"https:\/\/cvinoticias.com\/v3\/la-fecha-4-del-rally-misionero-llega-a-puerto-rico-y-capiovi\/\" \/>\n<meta property=\"og:locale\" content=\"es_ES\" \/>\n<meta property=\"og:type\" content=\"article\" \/>\n<meta property=\"og:title\" content=\"La fecha 4 del Rally Misionero, llega a Puerto Rico y Capiovi | CVI NOTICIAS\" \/>\n<meta property=\"og:description\" content=\"La 4\u00b0 fecha del Campeonato Misionero de Rally, que se disputar\u00e1 desde el viernes por los caminos vecinales de Puerto Rico y Capiov\u00ed, tiene 82 equipos inscriptos. De ese total, 61 ser\u00e1n Autos y 21 inscriptos hay entre Motos y Quads. La principal novedad se dar\u00e1 el viernes por la noche, ya que no habr\u00e1 [&hellip;]\" \/>\n<meta property=\"og:url\" content=\"https:\/\/cvinoticias.com\/v3\/la-fecha-4-del-rally-misionero-llega-a-puerto-rico-y-capiovi\/\" \/>\n<meta property=\"og:site_name\" content=\"CVI NOTICIAS\" \/>\n<meta property=\"article:publisher\" content=\"https:\/\/www.facebook.com\/cvinoticias\" \/>\n<meta property=\"article:published_time\" content=\"2024-08-09T03:53:06+00:00\" \/>\n<meta property=\"article:modified_time\" content=\"2024-08-09T03:53:29+00:00\" \/>\n<meta property=\"og:image\" content=\"https:\/\/cvinoticias.com\/wp-content\/uploads\/2024\/08\/bab85761-24ab-4dc0-bd10-8365603d1fab.jpg.webp\" \/>\n\t<meta property=\"og:image:width\" content=\"653\" \/>\n\t<meta property=\"og:image:height\" content=\"522\" \/>\n\t<meta property=\"og:image:type\" content=\"image\/webp\" \/>\n<meta name=\"author\" content=\"f1000024\" \/>\n<meta name=\"twitter:card\" content=\"summary_large_image\" \/>\n<meta name=\"twitter:label1\" content=\"Escrito por\" \/>\n\t<meta name=\"twitter:data1\" content=\"f1000024\" \/>\n\t<meta name=\"twitter:label2\" content=\"Tiempo de lectura\" \/>\n\t<meta name=\"twitter:data2\" content=\"2 minutos\" \/>\n<script type=\"application\/ld+json\" class=\"yoast-schema-graph\">{\"@context\":\"https:\\\/\\\/schema.org\",\"@graph\":[{\"@type\":\"Article\",\"@id\":\"https:\\\/\\\/cvinoticias.com\\\/v3\\\/la-fecha-4-del-rally-misionero-llega-a-puerto-rico-y-capiovi\\\/#article\",\"isPartOf\":{\"@id\":\"https:\\\/\\\/cvinoticias.com\\\/v3\\\/la-fecha-4-del-rally-misionero-llega-a-puerto-rico-y-capiovi\\\/\"},\"author\":{\"name\":\"f1000024\",\"@id\":\"https:\\\/\\\/cvinoticias.com\\\/v3\\\/#\\\/schema\\\/person\\\/2db77e3c6bc03c538495d7b2b8be9b66\"},\"headline\":\"La fecha 4 del Rally Misionero, llega a Puerto Rico y Capiovi\",\"datePublished\":\"2024-08-09T03:53:06+00:00\",\"dateModified\":\"2024-08-09T03:53:29+00:00\",\"mainEntityOfPage\":{\"@id\":\"https:\\\/\\\/cvinoticias.com\\\/v3\\\/la-fecha-4-del-rally-misionero-llega-a-puerto-rico-y-capiovi\\\/\"},\"wordCount\":248,\"commentCount\":0,\"publisher\":{\"@id\":\"https:\\\/\\\/cvinoticias.com\\\/v3\\\/#organization\"},\"image\":{\"@id\":\"https:\\\/\\\/cvinoticias.com\\\/v3\\\/la-fecha-4-del-rally-misionero-llega-a-puerto-rico-y-capiovi\\\/#primaryimage\"},\"thumbnailUrl\":\"https:\\\/\\\/cvinoticias.com\\\/wp-content\\\/uploads\\\/2024\\\/08\\\/bab85761-24ab-4dc0-bd10-8365603d1fab.jpg.webp\",\"articleSection\":[\"Deportes\"],\"inLanguage\":\"es\",\"potentialAction\":[{\"@type\":\"CommentAction\",\"name\":\"Comment\",\"target\":[\"https:\\\/\\\/cvinoticias.com\\\/v3\\\/la-fecha-4-del-rally-misionero-llega-a-puerto-rico-y-capiovi\\\/#respond\"]}]},{\"@type\":\"WebPage\",\"@id\":\"https:\\\/\\\/cvinoticias.com\\\/v3\\\/la-fecha-4-del-rally-misionero-llega-a-puerto-rico-y-capiovi\\\/\",\"url\":\"https:\\\/\\\/cvinoticias.com\\\/v3\\\/la-fecha-4-del-rally-misionero-llega-a-puerto-rico-y-capiovi\\\/\",\"name\":\"La fecha 4 del Rally Misionero, llega a Puerto Rico y Capiovi | CVI NOTICIAS\",\"isPartOf\":{\"@id\":\"https:\\\/\\\/cvinoticias.com\\\/v3\\\/#website\"},\"primaryImageOfPage\":{\"@id\":\"https:\\\/\\\/cvinoticias.com\\\/v3\\\/la-fecha-4-del-rally-misionero-llega-a-puerto-rico-y-capiovi\\\/#primaryimage\"},\"image\":{\"@id\":\"https:\\\/\\\/cvinoticias.com\\\/v3\\\/la-fecha-4-del-rally-misionero-llega-a-puerto-rico-y-capiovi\\\/#primaryimage\"},\"thumbnailUrl\":\"https:\\\/\\\/cvinoticias.com\\\/wp-content\\\/uploads\\\/2024\\\/08\\\/bab85761-24ab-4dc0-bd10-8365603d1fab.jpg.webp\",\"datePublished\":\"2024-08-09T03:53:06+00:00\",\"dateModified\":\"2024-08-09T03:53:29+00:00\",\"breadcrumb\":{\"@id\":\"https:\\\/\\\/cvinoticias.com\\\/v3\\\/la-fecha-4-del-rally-misionero-llega-a-puerto-rico-y-capiovi\\\/#breadcrumb\"},\"inLanguage\":\"es\",\"potentialAction\":[{\"@type\":\"ReadAction\",\"target\":[\"https:\\\/\\\/cvinoticias.com\\\/v3\\\/la-fecha-4-del-rally-misionero-llega-a-puerto-rico-y-capiovi\\\/\"]}]},{\"@type\":\"ImageObject\",\"inLanguage\":\"es\",\"@id\":\"https:\\\/\\\/cvinoticias.com\\\/v3\\\/la-fecha-4-del-rally-misionero-llega-a-puerto-rico-y-capiovi\\\/#primaryimage\",\"url\":\"https:\\\/\\\/cvinoticias.com\\\/wp-content\\\/uploads\\\/2024\\\/08\\\/bab85761-24ab-4dc0-bd10-8365603d1fab.jpg.webp\",\"contentUrl\":\"https:\\\/\\\/cvinoticias.com\\\/wp-content\\\/uploads\\\/2024\\\/08\\\/bab85761-24ab-4dc0-bd10-8365603d1fab.jpg.webp\",\"width\":653,\"height\":522},{\"@type\":\"BreadcrumbList\",\"@id\":\"https:\\\/\\\/cvinoticias.com\\\/v3\\\/la-fecha-4-del-rally-misionero-llega-a-puerto-rico-y-capiovi\\\/#breadcrumb\",\"itemListElement\":[{\"@type\":\"ListItem\",\"position\":1,\"name\":\"Portada\",\"item\":\"https:\\\/\\\/cvinoticias.com\\\/v3\\\/\"},{\"@type\":\"ListItem\",\"position\":2,\"name\":\"La fecha 4 del Rally Misionero, llega a Puerto Rico y Capiovi\"}]},{\"@type\":\"WebSite\",\"@id\":\"https:\\\/\\\/cvinoticias.com\\\/v3\\\/#website\",\"url\":\"https:\\\/\\\/cvinoticias.com\\\/v3\\\/\",\"name\":\"CVI NOTICIAS\",\"description\":\"\",\"publisher\":{\"@id\":\"https:\\\/\\\/cvinoticias.com\\\/v3\\\/#organization\"},\"alternateName\":\"CVI\",\"potentialAction\":[{\"@type\":\"SearchAction\",\"target\":{\"@type\":\"EntryPoint\",\"urlTemplate\":\"https:\\\/\\\/cvinoticias.com\\\/v3\\\/?s={search_term_string}\"},\"query-input\":{\"@type\":\"PropertyValueSpecification\",\"valueRequired\":true,\"valueName\":\"search_term_string\"}}],\"inLanguage\":\"es\"},{\"@type\":\"Organization\",\"@id\":\"https:\\\/\\\/cvinoticias.com\\\/v3\\\/#organization\",\"name\":\"CVI NOTICIAS\",\"url\":\"https:\\\/\\\/cvinoticias.com\\\/v3\\\/\",\"logo\":{\"@type\":\"ImageObject\",\"inLanguage\":\"es\",\"@id\":\"https:\\\/\\\/cvinoticias.com\\\/v3\\\/#\\\/schema\\\/logo\\\/image\\\/\",\"url\":\"https:\\\/\\\/cvinoticias.com\\\/wp-content\\\/uploads\\\/2023\\\/04\\\/cropped-cropped-cropped-cropped-cropped-3-1.png\",\"contentUrl\":\"https:\\\/\\\/cvinoticias.com\\\/wp-content\\\/uploads\\\/2023\\\/04\\\/cropped-cropped-cropped-cropped-cropped-3-1.png\",\"width\":95,\"height\":122,\"caption\":\"CVI NOTICIAS\"},\"image\":{\"@id\":\"https:\\\/\\\/cvinoticias.com\\\/v3\\\/#\\\/schema\\\/logo\\\/image\\\/\"},\"sameAs\":[\"https:\\\/\\\/www.facebook.com\\\/cvinoticias\",\"https:\\\/\\\/www.instagram.com\\\/cvinoticias\\\/\",\"https:\\\/\\\/www.youtube.com\\\/@CVINOTICIAS\"]},{\"@type\":\"Person\",\"@id\":\"https:\\\/\\\/cvinoticias.com\\\/v3\\\/#\\\/schema\\\/person\\\/2db77e3c6bc03c538495d7b2b8be9b66\",\"name\":\"f1000024\",\"image\":{\"@type\":\"ImageObject\",\"inLanguage\":\"es\",\"@id\":\"https:\\\/\\\/secure.gravatar.com\\\/avatar\\\/d4fe7459cfc51ff5129ce1a732bbef5928568b8092d412ef95611616376bbeed?s=96&d=mm&r=g\",\"url\":\"https:\\\/\\\/secure.gravatar.com\\\/avatar\\\/d4fe7459cfc51ff5129ce1a732bbef5928568b8092d412ef95611616376bbeed?s=96&d=mm&r=g\",\"contentUrl\":\"https:\\\/\\\/secure.gravatar.com\\\/avatar\\\/d4fe7459cfc51ff5129ce1a732bbef5928568b8092d412ef95611616376bbeed?s=96&d=mm&r=g\",\"caption\":\"f1000024\"},\"url\":\"https:\\\/\\\/cvinoticias.com\\\/v3\\\/author\\\/f1000024\\\/\"}]}<\/script>\n<!-- \/ Yoast SEO plugin. -->","yoast_head_json":{"title":"La fecha 4 del Rally Misionero, llega a Puerto Rico y Capiovi | CVI NOTICIAS","robots":{"index":"index","follow":"follow","max-snippet":"max-snippet:-1","max-image-preview":"max-image-preview:large","max-video-preview":"max-video-preview:-1"},"canonical":"https:\/\/cvinoticias.com\/v3\/la-fecha-4-del-rally-misionero-llega-a-puerto-rico-y-capiovi\/","og_locale":"es_ES","og_type":"article","og_title":"La fecha 4 del Rally Misionero, llega a Puerto Rico y Capiovi | CVI NOTICIAS","og_description":"La 4\u00b0 fecha del Campeonato Misionero de Rally, que se disputar\u00e1 desde el viernes por los caminos vecinales de Puerto Rico y Capiov\u00ed, tiene 82 equipos inscriptos. De ese total, 61 ser\u00e1n Autos y 21 inscriptos hay entre Motos y Quads. La principal novedad se dar\u00e1 el viernes por la noche, ya que no habr\u00e1 [&hellip;]","og_url":"https:\/\/cvinoticias.com\/v3\/la-fecha-4-del-rally-misionero-llega-a-puerto-rico-y-capiovi\/","og_site_name":"CVI NOTICIAS","article_publisher":"https:\/\/www.facebook.com\/cvinoticias","article_published_time":"2024-08-09T03:53:06+00:00","article_modified_time":"2024-08-09T03:53:29+00:00","og_image":[{"width":653,"height":522,"url":"https:\/\/cvinoticias.com\/wp-content\/uploads\/2024\/08\/bab85761-24ab-4dc0-bd10-8365603d1fab.jpg.webp","type":"image\/webp"}],"author":"f1000024","twitter_card":"summary_large_image","twitter_misc":{"Escrito por":"f1000024","Tiempo de lectura":"2 minutos"},"schema":{"@context":"https:\/\/schema.org","@graph":[{"@type":"Article","@id":"https:\/\/cvinoticias.com\/v3\/la-fecha-4-del-rally-misionero-llega-a-puerto-rico-y-capiovi\/#article","isPartOf":{"@id":"https:\/\/cvinoticias.com\/v3\/la-fecha-4-del-rally-misionero-llega-a-puerto-rico-y-capiovi\/"},"author":{"name":"f1000024","@id":"https:\/\/cvinoticias.com\/v3\/#\/schema\/person\/2db77e3c6bc03c538495d7b2b8be9b66"},"headline":"La fecha 4 del Rally Misionero, llega a Puerto Rico y Capiovi","datePublished":"2024-08-09T03:53:06+00:00","dateModified":"2024-08-09T03:53:29+00:00","mainEntityOfPage":{"@id":"https:\/\/cvinoticias.com\/v3\/la-fecha-4-del-rally-misionero-llega-a-puerto-rico-y-capiovi\/"},"wordCount":248,"commentCount":0,"publisher":{"@id":"https:\/\/cvinoticias.com\/v3\/#organization"},"image":{"@id":"https:\/\/cvinoticias.com\/v3\/la-fecha-4-del-rally-misionero-llega-a-puerto-rico-y-capiovi\/#primaryimage"},"thumbnailUrl":"https:\/\/cvinoticias.com\/wp-content\/uploads\/2024\/08\/bab85761-24ab-4dc0-bd10-8365603d1fab.jpg.webp","articleSection":["Deportes"],"inLanguage":"es","potentialAction":[{"@type":"CommentAction","name":"Comment","target":["https:\/\/cvinoticias.com\/v3\/la-fecha-4-del-rally-misionero-llega-a-puerto-rico-y-capiovi\/#respond"]}]},{"@type":"WebPage","@id":"https:\/\/cvinoticias.com\/v3\/la-fecha-4-del-rally-misionero-llega-a-puerto-rico-y-capiovi\/","url":"https:\/\/cvinoticias.com\/v3\/la-fecha-4-del-rally-misionero-llega-a-puerto-rico-y-capiovi\/","name":"La fecha 4 del Rally Misionero, llega a Puerto Rico y Capiovi | CVI NOTICIAS","isPartOf":{"@id":"https:\/\/cvinoticias.com\/v3\/#website"},"primaryImageOfPage":{"@id":"https:\/\/cvinoticias.com\/v3\/la-fecha-4-del-rally-misionero-llega-a-puerto-rico-y-capiovi\/#primaryimage"},"image":{"@id":"https:\/\/cvinoticias.com\/v3\/la-fecha-4-del-rally-misionero-llega-a-puerto-rico-y-capiovi\/#primaryimage"},"thumbnailUrl":"https:\/\/cvinoticias.com\/wp-content\/uploads\/2024\/08\/bab85761-24ab-4dc0-bd10-8365603d1fab.jpg.webp","datePublished":"2024-08-09T03:53:06+00:00","dateModified":"2024-08-09T03:53:29+00:00","breadcrumb":{"@id":"https:\/\/cvinoticias.com\/v3\/la-fecha-4-del-rally-misionero-llega-a-puerto-rico-y-capiovi\/#breadcrumb"},"inLanguage":"es","potentialAction":[{"@type":"ReadAction","target":["https:\/\/cvinoticias.com\/v3\/la-fecha-4-del-rally-misionero-llega-a-puerto-rico-y-capiovi\/"]}]},{"@type":"ImageObject","inLanguage":"es","@id":"https:\/\/cvinoticias.com\/v3\/la-fecha-4-del-rally-misionero-llega-a-puerto-rico-y-capiovi\/#primaryimage","url":"https:\/\/cvinoticias.com\/wp-content\/uploads\/2024\/08\/bab85761-24ab-4dc0-bd10-8365603d1fab.jpg.webp","contentUrl":"https:\/\/cvinoticias.com\/wp-content\/uploads\/2024\/08\/bab85761-24ab-4dc0-bd10-8365603d1fab.jpg.webp","width":653,"height":522},{"@type":"BreadcrumbList","@id":"https:\/\/cvinoticias.com\/v3\/la-fecha-4-del-rally-misionero-llega-a-puerto-rico-y-capiovi\/#breadcrumb","itemListElement":[{"@type":"ListItem","position":1,"name":"Portada","item":"https:\/\/cvinoticias.com\/v3\/"},{"@type":"ListItem","position":2,"name":"La fecha 4 del Rally Misionero, llega a Puerto Rico y Capiovi"}]},{"@type":"WebSite","@id":"https:\/\/cvinoticias.com\/v3\/#website","url":"https:\/\/cvinoticias.com\/v3\/","name":"CVI NOTICIAS","description":"","publisher":{"@id":"https:\/\/cvinoticias.com\/v3\/#organization"},"alternateName":"CVI","potentialAction":[{"@type":"SearchAction","target":{"@type":"EntryPoint","urlTemplate":"https:\/\/cvinoticias.com\/v3\/?s={search_term_string}"},"query-input":{"@type":"PropertyValueSpecification","valueRequired":true,"valueName":"search_term_string"}}],"inLanguage":"es"},{"@type":"Organization","@id":"https:\/\/cvinoticias.com\/v3\/#organization","name":"CVI NOTICIAS","url":"https:\/\/cvinoticias.com\/v3\/","logo":{"@type":"ImageObject","inLanguage":"es","@id":"https:\/\/cvinoticias.com\/v3\/#\/schema\/logo\/image\/","url":"https:\/\/cvinoticias.com\/wp-content\/uploads\/2023\/04\/cropped-cropped-cropped-cropped-cropped-3-1.png","contentUrl":"https:\/\/cvinoticias.com\/wp-content\/uploads\/2023\/04\/cropped-cropped-cropped-cropped-cropped-3-1.png","width":95,"height":122,"caption":"CVI NOTICIAS"},"image":{"@id":"https:\/\/cvinoticias.com\/v3\/#\/schema\/logo\/image\/"},"sameAs":["https:\/\/www.facebook.com\/cvinoticias","https:\/\/www.instagram.com\/cvinoticias\/","https:\/\/www.youtube.com\/@CVINOTICIAS"]},{"@type":"Person","@id":"https:\/\/cvinoticias.com\/v3\/#\/schema\/person\/2db77e3c6bc03c538495d7b2b8be9b66","name":"f1000024","image":{"@type":"ImageObject","inLanguage":"es","@id":"https:\/\/secure.gravatar.com\/avatar\/d4fe7459cfc51ff5129ce1a732bbef5928568b8092d412ef95611616376bbeed?s=96&d=mm&r=g","url":"https:\/\/secure.gravatar.com\/avatar\/d4fe7459cfc51ff5129ce1a732bbef5928568b8092d412ef95611616376bbeed?s=96&d=mm&r=g","contentUrl":"https:\/\/secure.gravatar.com\/avatar\/d4fe7459cfc51ff5129ce1a732bbef5928568b8092d412ef95611616376bbeed?s=96&d=mm&r=g","caption":"f1000024"},"url":"https:\/\/cvinoticias.com\/v3\/author\/f1000024\/"}]}},"_links":{"self":[{"href":"https:\/\/cvinoticias.com\/v3\/wp-json\/wp\/v2\/posts\/35147","targetHints":{"allow":["GET"]}}],"collection":[{"href":"https:\/\/cvinoticias.com\/v3\/wp-json\/wp\/v2\/posts"}],"about":[{"href":"https:\/\/cvinoticias.com\/v3\/wp-json\/wp\/v2\/types\/post"}],"author":[{"embeddable":true,"href":"https:\/\/cvinoticias.com\/v3\/wp-json\/wp\/v2\/users\/2"}],"replies":[{"embeddable":true,"href":"https:\/\/cvinoticias.com\/v3\/wp-json\/wp\/v2\/comments?post=35147"}],"version-history":[{"count":2,"href":"https:\/\/cvinoticias.com\/v3\/wp-json\/wp\/v2\/posts\/35147\/revisions"}],"predecessor-version":[{"id":35151,"href":"https:\/\/cvinoticias.com\/v3\/wp-json\/wp\/v2\/posts\/35147\/revisions\/35151"}],"wp:featuredmedia":[{"embeddable":true,"href":"https:\/\/cvinoticias.com\/v3\/wp-json\/wp\/v2\/media\/35149"}],"wp:attachment":[{"href":"https:\/\/cvinoticias.com\/v3\/wp-json\/wp\/v2\/media?parent=35147"}],"wp:term":[{"taxonomy":"category","embeddable":true,"href":"https:\/\/cvinoticias.com\/v3\/wp-json\/wp\/v2\/categories?post=35147"},{"taxonomy":"post_tag","embeddable":true,"href":"https:\/\/cvinoticias.com\/v3\/wp-json\/wp\/v2\/tags?post=35147"}],"curies":[{"name":"wp","href":"https:\/\/api.w.org\/{rel}","templated":true}]}}