{"id":3504,"date":"2021-03-19T11:54:06","date_gmt":"2021-03-19T11:54:06","guid":{"rendered":"https:\/\/cvinoticias.com\/v3\/?p=3504"},"modified":"2021-03-19T11:54:06","modified_gmt":"2021-03-19T11:54:06","slug":"apertura-del-ciclo-lectivo-de-la-escuela-de-robotica-e-inauguracion-de-su-nuevo-espacio","status":"publish","type":"post","link":"https:\/\/cvinoticias.com\/v3\/apertura-del-ciclo-lectivo-de-la-escuela-de-robotica-e-inauguracion-de-su-nuevo-espacio\/","title":{"rendered":"Apertura del Ciclo Lectivo de la Escuela de Rob\u00f3tica e inauguraci\u00f3n de su nuevo espacio."},"content":{"rendered":"\n<p><strong><em>El mi\u00e9rcoles pasado acompa\u00f1\u00e9 al Gobernador Oscar Herrera Ahuad, al Presidente de la C\u00e1mara de Representantes Carlos Rovira y al Vicepresidente Hugo Passalacqua en la apertura del ciclo lectivo e inauguraci\u00f3n del nuevo edificio de la Escuela de Rob\u00f3tica Misiones, que este a\u00f1o cuenta con m\u00e1s de 6 mil inscriptos que podr\u00e1n optar por el sistema presencial o virtual para cursar el correspondiente plan curricular.<\/em><\/strong><\/p>\n\n\n\n<p>La Escuela de Rob\u00f3tica, creada por ley en el a\u00f1o 2016, la \u00fanica de su tipo en el pa\u00eds, ratifica un proyecto integrador que confirma el paradigma de crecimiento misionerista aspirando a poner al alcance de manera p\u00fablica y gratuita el conocimiento inform\u00e1tico y tecnol\u00f3gico necesario para que los misioneros puedan ser protagonistas de la Industria del Conocimiento.<\/p>\n\n\n\n<p>Como recalc\u00f3 el Gobernador en el acto de apertura, esta inversi\u00f3n se puede llevar adelante con recursos del Estado Provincial, que vuelven a los misioneros en \u201ccapacidad para poder formarse y desarrollarse e incluir. Nos debemos al 42% de j\u00f3venes que en la construcci\u00f3n de la pol\u00edtica p\u00fablica deben estar insertos y tener un norte, y somos nosotros los responsables de generar ese camino\u201d.<\/p>\n\n\n\n<p>Porque la vocaci\u00f3n del misionerismo es incluir, este a\u00f1o tambi\u00e9n se puso en marcha la Red Maker, que consiste en espacios de formaci\u00f3n en tecnolog\u00eda que funcionan en diferentes puntos de la provincia. Ya est\u00e1n habilitados 58 Espacios Maker, y se proyecta llegar a los 77 Municipios para el a\u00f1o 2022.<\/p>\n\n\n\n<p>Comparto la reflexi\u00f3n del Ingeniero Rovira, que expresa el sentir de todos los misioneros: \u201cNo hay cosa m\u00e1s impactante que la realidad, y esta es nuestra realidad. Es conmovedor y extraordinario este presente en Misiones, hay que protegerlo, cuidarlo, con inteligencia, con bondad, con concordia\u201d.<\/p>\n\n\n\n<figure class=\"wp-block-image size-large\"><a href=\"https:\/\/cvinoticias.com\/wp-content\/uploads\/2021\/03\/IMG-20210319-WA0010.jpg\"><img decoding=\"async\" width=\"720\" height=\"480\" data-src=\"https:\/\/cvinoticias.com\/wp-content\/uploads\/2021\/03\/IMG-20210319-WA0010.jpg\" alt=\"\" class=\"wp-image-3506 lazyload\" data-srcset=\"https:\/\/cvinoticias.com\/wp-content\/uploads\/2021\/03\/IMG-20210319-WA0010.jpg 720w, https:\/\/cvinoticias.com\/wp-content\/uploads\/2021\/03\/IMG-20210319-WA0010-300x200.jpg 300w\" data-sizes=\"(max-width: 720px) 100vw, 720px\" src=\"data:image\/svg+xml;base64,PHN2ZyB3aWR0aD0iMSIgaGVpZ2h0PSIxIiB4bWxucz0iaHR0cDovL3d3dy53My5vcmcvMjAwMC9zdmciPjwvc3ZnPg==\" style=\"--smush-placeholder-width: 720px; --smush-placeholder-aspect-ratio: 720\/480;\" \/><\/a><\/figure>\n","protected":false},"excerpt":{"rendered":"<p>El mi\u00e9rcoles pasado acompa\u00f1\u00e9 al Gobernador Oscar Herrera Ahuad, al Presidente de la C\u00e1mara de Representantes Carlos Rovira y al Vicepresidente Hugo Passalacqua en la apertura del ciclo lectivo e inauguraci\u00f3n del nuevo edificio de la Escuela de Rob\u00f3tica Misiones, que este a\u00f1o cuenta con m\u00e1s de 6 mil inscriptos que podr\u00e1n optar por el [&hellip;]<\/p>\n","protected":false},"author":2,"featured_media":3505,"comment_status":"open","ping_status":"open","sticky":false,"template":"","format":"standard","meta":{"footnotes":""},"categories":[26],"tags":[],"class_list":["post-3504","post","type-post","status-publish","format-standard","has-post-thumbnail","hentry","category-educacion"],"yoast_head":"<!-- This site is optimized with the Yoast SEO plugin v27.5 - https:\/\/yoast.com\/product\/yoast-seo-wordpress\/ -->\n<title>Apertura del Ciclo Lectivo de la Escuela de Rob\u00f3tica e inauguraci\u00f3n de su nuevo espacio. | CVI NOTICIAS<\/title>\n<meta name=\"robots\" content=\"index, follow, max-snippet:-1, max-image-preview:large, max-video-preview:-1\" \/>\n<link rel=\"canonical\" href=\"https:\/\/cvinoticias.com\/v3\/apertura-del-ciclo-lectivo-de-la-escuela-de-robotica-e-inauguracion-de-su-nuevo-espacio\/\" \/>\n<meta property=\"og:locale\" content=\"es_ES\" \/>\n<meta property=\"og:type\" content=\"article\" \/>\n<meta property=\"og:title\" content=\"Apertura del Ciclo Lectivo de la Escuela de Rob\u00f3tica e inauguraci\u00f3n de su nuevo espacio. | CVI NOTICIAS\" \/>\n<meta property=\"og:description\" content=\"El mi\u00e9rcoles pasado acompa\u00f1\u00e9 al Gobernador Oscar Herrera Ahuad, al Presidente de la C\u00e1mara de Representantes Carlos Rovira y al Vicepresidente Hugo Passalacqua en la apertura del ciclo lectivo e inauguraci\u00f3n del nuevo edificio de la Escuela de Rob\u00f3tica Misiones, que este a\u00f1o cuenta con m\u00e1s de 6 mil inscriptos que podr\u00e1n optar por el [&hellip;]\" \/>\n<meta property=\"og:url\" content=\"https:\/\/cvinoticias.com\/v3\/apertura-del-ciclo-lectivo-de-la-escuela-de-robotica-e-inauguracion-de-su-nuevo-espacio\/\" \/>\n<meta property=\"og:site_name\" content=\"CVI NOTICIAS\" \/>\n<meta property=\"article:publisher\" content=\"https:\/\/www.facebook.com\/cvinoticias\" \/>\n<meta property=\"article:published_time\" content=\"2021-03-19T11:54:06+00:00\" \/>\n<meta property=\"og:image\" content=\"https:\/\/cvinoticias.com\/wp-content\/uploads\/2021\/03\/IMG-20210319-WA0012.jpg\" \/>\n\t<meta property=\"og:image:width\" content=\"720\" \/>\n\t<meta property=\"og:image:height\" content=\"480\" \/>\n\t<meta property=\"og:image:type\" content=\"image\/jpeg\" \/>\n<meta name=\"author\" content=\"f1000024\" \/>\n<meta name=\"twitter:card\" content=\"summary_large_image\" \/>\n<meta name=\"twitter:label1\" content=\"Escrito por\" \/>\n\t<meta name=\"twitter:data1\" content=\"f1000024\" \/>\n\t<meta name=\"twitter:label2\" content=\"Tiempo de lectura\" \/>\n\t<meta name=\"twitter:data2\" content=\"2 minutos\" \/>\n<script type=\"application\/ld+json\" class=\"yoast-schema-graph\">{\"@context\":\"https:\\\/\\\/schema.org\",\"@graph\":[{\"@type\":\"Article\",\"@id\":\"https:\\\/\\\/cvinoticias.com\\\/v3\\\/apertura-del-ciclo-lectivo-de-la-escuela-de-robotica-e-inauguracion-de-su-nuevo-espacio\\\/#article\",\"isPartOf\":{\"@id\":\"https:\\\/\\\/cvinoticias.com\\\/v3\\\/apertura-del-ciclo-lectivo-de-la-escuela-de-robotica-e-inauguracion-de-su-nuevo-espacio\\\/\"},\"author\":{\"name\":\"f1000024\",\"@id\":\"https:\\\/\\\/cvinoticias.com\\\/v3\\\/#\\\/schema\\\/person\\\/2db77e3c6bc03c538495d7b2b8be9b66\"},\"headline\":\"Apertura del Ciclo Lectivo de la Escuela de Rob\u00f3tica e inauguraci\u00f3n de su nuevo espacio.\",\"datePublished\":\"2021-03-19T11:54:06+00:00\",\"mainEntityOfPage\":{\"@id\":\"https:\\\/\\\/cvinoticias.com\\\/v3\\\/apertura-del-ciclo-lectivo-de-la-escuela-de-robotica-e-inauguracion-de-su-nuevo-espacio\\\/\"},\"wordCount\":321,\"commentCount\":0,\"publisher\":{\"@id\":\"https:\\\/\\\/cvinoticias.com\\\/v3\\\/#organization\"},\"image\":{\"@id\":\"https:\\\/\\\/cvinoticias.com\\\/v3\\\/apertura-del-ciclo-lectivo-de-la-escuela-de-robotica-e-inauguracion-de-su-nuevo-espacio\\\/#primaryimage\"},\"thumbnailUrl\":\"https:\\\/\\\/cvinoticias.com\\\/wp-content\\\/uploads\\\/2021\\\/03\\\/IMG-20210319-WA0012.jpg\",\"articleSection\":[\"Educacion\"],\"inLanguage\":\"es\",\"potentialAction\":[{\"@type\":\"CommentAction\",\"name\":\"Comment\",\"target\":[\"https:\\\/\\\/cvinoticias.com\\\/v3\\\/apertura-del-ciclo-lectivo-de-la-escuela-de-robotica-e-inauguracion-de-su-nuevo-espacio\\\/#respond\"]}]},{\"@type\":\"WebPage\",\"@id\":\"https:\\\/\\\/cvinoticias.com\\\/v3\\\/apertura-del-ciclo-lectivo-de-la-escuela-de-robotica-e-inauguracion-de-su-nuevo-espacio\\\/\",\"url\":\"https:\\\/\\\/cvinoticias.com\\\/v3\\\/apertura-del-ciclo-lectivo-de-la-escuela-de-robotica-e-inauguracion-de-su-nuevo-espacio\\\/\",\"name\":\"Apertura del Ciclo Lectivo de la Escuela de Rob\u00f3tica e inauguraci\u00f3n de su nuevo espacio. | CVI NOTICIAS\",\"isPartOf\":{\"@id\":\"https:\\\/\\\/cvinoticias.com\\\/v3\\\/#website\"},\"primaryImageOfPage\":{\"@id\":\"https:\\\/\\\/cvinoticias.com\\\/v3\\\/apertura-del-ciclo-lectivo-de-la-escuela-de-robotica-e-inauguracion-de-su-nuevo-espacio\\\/#primaryimage\"},\"image\":{\"@id\":\"https:\\\/\\\/cvinoticias.com\\\/v3\\\/apertura-del-ciclo-lectivo-de-la-escuela-de-robotica-e-inauguracion-de-su-nuevo-espacio\\\/#primaryimage\"},\"thumbnailUrl\":\"https:\\\/\\\/cvinoticias.com\\\/wp-content\\\/uploads\\\/2021\\\/03\\\/IMG-20210319-WA0012.jpg\",\"datePublished\":\"2021-03-19T11:54:06+00:00\",\"breadcrumb\":{\"@id\":\"https:\\\/\\\/cvinoticias.com\\\/v3\\\/apertura-del-ciclo-lectivo-de-la-escuela-de-robotica-e-inauguracion-de-su-nuevo-espacio\\\/#breadcrumb\"},\"inLanguage\":\"es\",\"potentialAction\":[{\"@type\":\"ReadAction\",\"target\":[\"https:\\\/\\\/cvinoticias.com\\\/v3\\\/apertura-del-ciclo-lectivo-de-la-escuela-de-robotica-e-inauguracion-de-su-nuevo-espacio\\\/\"]}]},{\"@type\":\"ImageObject\",\"inLanguage\":\"es\",\"@id\":\"https:\\\/\\\/cvinoticias.com\\\/v3\\\/apertura-del-ciclo-lectivo-de-la-escuela-de-robotica-e-inauguracion-de-su-nuevo-espacio\\\/#primaryimage\",\"url\":\"https:\\\/\\\/cvinoticias.com\\\/wp-content\\\/uploads\\\/2021\\\/03\\\/IMG-20210319-WA0012.jpg\",\"contentUrl\":\"https:\\\/\\\/cvinoticias.com\\\/wp-content\\\/uploads\\\/2021\\\/03\\\/IMG-20210319-WA0012.jpg\",\"width\":720,\"height\":480},{\"@type\":\"BreadcrumbList\",\"@id\":\"https:\\\/\\\/cvinoticias.com\\\/v3\\\/apertura-del-ciclo-lectivo-de-la-escuela-de-robotica-e-inauguracion-de-su-nuevo-espacio\\\/#breadcrumb\",\"itemListElement\":[{\"@type\":\"ListItem\",\"position\":1,\"name\":\"Portada\",\"item\":\"https:\\\/\\\/cvinoticias.com\\\/v3\\\/\"},{\"@type\":\"ListItem\",\"position\":2,\"name\":\"Apertura del Ciclo Lectivo de la Escuela de Rob\u00f3tica e inauguraci\u00f3n de su nuevo espacio.\"}]},{\"@type\":\"WebSite\",\"@id\":\"https:\\\/\\\/cvinoticias.com\\\/v3\\\/#website\",\"url\":\"https:\\\/\\\/cvinoticias.com\\\/v3\\\/\",\"name\":\"CVI NOTICIAS\",\"description\":\"\",\"publisher\":{\"@id\":\"https:\\\/\\\/cvinoticias.com\\\/v3\\\/#organization\"},\"alternateName\":\"CVI\",\"potentialAction\":[{\"@type\":\"SearchAction\",\"target\":{\"@type\":\"EntryPoint\",\"urlTemplate\":\"https:\\\/\\\/cvinoticias.com\\\/v3\\\/?s={search_term_string}\"},\"query-input\":{\"@type\":\"PropertyValueSpecification\",\"valueRequired\":true,\"valueName\":\"search_term_string\"}}],\"inLanguage\":\"es\"},{\"@type\":\"Organization\",\"@id\":\"https:\\\/\\\/cvinoticias.com\\\/v3\\\/#organization\",\"name\":\"CVI NOTICIAS\",\"url\":\"https:\\\/\\\/cvinoticias.com\\\/v3\\\/\",\"logo\":{\"@type\":\"ImageObject\",\"inLanguage\":\"es\",\"@id\":\"https:\\\/\\\/cvinoticias.com\\\/v3\\\/#\\\/schema\\\/logo\\\/image\\\/\",\"url\":\"https:\\\/\\\/cvinoticias.com\\\/wp-content\\\/uploads\\\/2023\\\/04\\\/cropped-cropped-cropped-cropped-cropped-3-1.png\",\"contentUrl\":\"https:\\\/\\\/cvinoticias.com\\\/wp-content\\\/uploads\\\/2023\\\/04\\\/cropped-cropped-cropped-cropped-cropped-3-1.png\",\"width\":95,\"height\":122,\"caption\":\"CVI NOTICIAS\"},\"image\":{\"@id\":\"https:\\\/\\\/cvinoticias.com\\\/v3\\\/#\\\/schema\\\/logo\\\/image\\\/\"},\"sameAs\":[\"https:\\\/\\\/www.facebook.com\\\/cvinoticias\",\"https:\\\/\\\/www.instagram.com\\\/cvinoticias\\\/\",\"https:\\\/\\\/www.youtube.com\\\/@CVINOTICIAS\"]},{\"@type\":\"Person\",\"@id\":\"https:\\\/\\\/cvinoticias.com\\\/v3\\\/#\\\/schema\\\/person\\\/2db77e3c6bc03c538495d7b2b8be9b66\",\"name\":\"f1000024\",\"image\":{\"@type\":\"ImageObject\",\"inLanguage\":\"es\",\"@id\":\"https:\\\/\\\/secure.gravatar.com\\\/avatar\\\/d4fe7459cfc51ff5129ce1a732bbef5928568b8092d412ef95611616376bbeed?s=96&d=mm&r=g\",\"url\":\"https:\\\/\\\/secure.gravatar.com\\\/avatar\\\/d4fe7459cfc51ff5129ce1a732bbef5928568b8092d412ef95611616376bbeed?s=96&d=mm&r=g\",\"contentUrl\":\"https:\\\/\\\/secure.gravatar.com\\\/avatar\\\/d4fe7459cfc51ff5129ce1a732bbef5928568b8092d412ef95611616376bbeed?s=96&d=mm&r=g\",\"caption\":\"f1000024\"},\"url\":\"https:\\\/\\\/cvinoticias.com\\\/v3\\\/author\\\/f1000024\\\/\"}]}<\/script>\n<!-- \/ Yoast SEO plugin. -->","yoast_head_json":{"title":"Apertura del Ciclo Lectivo de la Escuela de Rob\u00f3tica e inauguraci\u00f3n de su nuevo espacio. | CVI NOTICIAS","robots":{"index":"index","follow":"follow","max-snippet":"max-snippet:-1","max-image-preview":"max-image-preview:large","max-video-preview":"max-video-preview:-1"},"canonical":"https:\/\/cvinoticias.com\/v3\/apertura-del-ciclo-lectivo-de-la-escuela-de-robotica-e-inauguracion-de-su-nuevo-espacio\/","og_locale":"es_ES","og_type":"article","og_title":"Apertura del Ciclo Lectivo de la Escuela de Rob\u00f3tica e inauguraci\u00f3n de su nuevo espacio. | CVI NOTICIAS","og_description":"El mi\u00e9rcoles pasado acompa\u00f1\u00e9 al Gobernador Oscar Herrera Ahuad, al Presidente de la C\u00e1mara de Representantes Carlos Rovira y al Vicepresidente Hugo Passalacqua en la apertura del ciclo lectivo e inauguraci\u00f3n del nuevo edificio de la Escuela de Rob\u00f3tica Misiones, que este a\u00f1o cuenta con m\u00e1s de 6 mil inscriptos que podr\u00e1n optar por el [&hellip;]","og_url":"https:\/\/cvinoticias.com\/v3\/apertura-del-ciclo-lectivo-de-la-escuela-de-robotica-e-inauguracion-de-su-nuevo-espacio\/","og_site_name":"CVI NOTICIAS","article_publisher":"https:\/\/www.facebook.com\/cvinoticias","article_published_time":"2021-03-19T11:54:06+00:00","og_image":[{"width":720,"height":480,"url":"https:\/\/cvinoticias.com\/wp-content\/uploads\/2021\/03\/IMG-20210319-WA0012.jpg","type":"image\/jpeg"}],"author":"f1000024","twitter_card":"summary_large_image","twitter_misc":{"Escrito por":"f1000024","Tiempo de lectura":"2 minutos"},"schema":{"@context":"https:\/\/schema.org","@graph":[{"@type":"Article","@id":"https:\/\/cvinoticias.com\/v3\/apertura-del-ciclo-lectivo-de-la-escuela-de-robotica-e-inauguracion-de-su-nuevo-espacio\/#article","isPartOf":{"@id":"https:\/\/cvinoticias.com\/v3\/apertura-del-ciclo-lectivo-de-la-escuela-de-robotica-e-inauguracion-de-su-nuevo-espacio\/"},"author":{"name":"f1000024","@id":"https:\/\/cvinoticias.com\/v3\/#\/schema\/person\/2db77e3c6bc03c538495d7b2b8be9b66"},"headline":"Apertura del Ciclo Lectivo de la Escuela de Rob\u00f3tica e inauguraci\u00f3n de su nuevo espacio.","datePublished":"2021-03-19T11:54:06+00:00","mainEntityOfPage":{"@id":"https:\/\/cvinoticias.com\/v3\/apertura-del-ciclo-lectivo-de-la-escuela-de-robotica-e-inauguracion-de-su-nuevo-espacio\/"},"wordCount":321,"commentCount":0,"publisher":{"@id":"https:\/\/cvinoticias.com\/v3\/#organization"},"image":{"@id":"https:\/\/cvinoticias.com\/v3\/apertura-del-ciclo-lectivo-de-la-escuela-de-robotica-e-inauguracion-de-su-nuevo-espacio\/#primaryimage"},"thumbnailUrl":"https:\/\/cvinoticias.com\/wp-content\/uploads\/2021\/03\/IMG-20210319-WA0012.jpg","articleSection":["Educacion"],"inLanguage":"es","potentialAction":[{"@type":"CommentAction","name":"Comment","target":["https:\/\/cvinoticias.com\/v3\/apertura-del-ciclo-lectivo-de-la-escuela-de-robotica-e-inauguracion-de-su-nuevo-espacio\/#respond"]}]},{"@type":"WebPage","@id":"https:\/\/cvinoticias.com\/v3\/apertura-del-ciclo-lectivo-de-la-escuela-de-robotica-e-inauguracion-de-su-nuevo-espacio\/","url":"https:\/\/cvinoticias.com\/v3\/apertura-del-ciclo-lectivo-de-la-escuela-de-robotica-e-inauguracion-de-su-nuevo-espacio\/","name":"Apertura del Ciclo Lectivo de la Escuela de Rob\u00f3tica e inauguraci\u00f3n de su nuevo espacio. | CVI NOTICIAS","isPartOf":{"@id":"https:\/\/cvinoticias.com\/v3\/#website"},"primaryImageOfPage":{"@id":"https:\/\/cvinoticias.com\/v3\/apertura-del-ciclo-lectivo-de-la-escuela-de-robotica-e-inauguracion-de-su-nuevo-espacio\/#primaryimage"},"image":{"@id":"https:\/\/cvinoticias.com\/v3\/apertura-del-ciclo-lectivo-de-la-escuela-de-robotica-e-inauguracion-de-su-nuevo-espacio\/#primaryimage"},"thumbnailUrl":"https:\/\/cvinoticias.com\/wp-content\/uploads\/2021\/03\/IMG-20210319-WA0012.jpg","datePublished":"2021-03-19T11:54:06+00:00","breadcrumb":{"@id":"https:\/\/cvinoticias.com\/v3\/apertura-del-ciclo-lectivo-de-la-escuela-de-robotica-e-inauguracion-de-su-nuevo-espacio\/#breadcrumb"},"inLanguage":"es","potentialAction":[{"@type":"ReadAction","target":["https:\/\/cvinoticias.com\/v3\/apertura-del-ciclo-lectivo-de-la-escuela-de-robotica-e-inauguracion-de-su-nuevo-espacio\/"]}]},{"@type":"ImageObject","inLanguage":"es","@id":"https:\/\/cvinoticias.com\/v3\/apertura-del-ciclo-lectivo-de-la-escuela-de-robotica-e-inauguracion-de-su-nuevo-espacio\/#primaryimage","url":"https:\/\/cvinoticias.com\/wp-content\/uploads\/2021\/03\/IMG-20210319-WA0012.jpg","contentUrl":"https:\/\/cvinoticias.com\/wp-content\/uploads\/2021\/03\/IMG-20210319-WA0012.jpg","width":720,"height":480},{"@type":"BreadcrumbList","@id":"https:\/\/cvinoticias.com\/v3\/apertura-del-ciclo-lectivo-de-la-escuela-de-robotica-e-inauguracion-de-su-nuevo-espacio\/#breadcrumb","itemListElement":[{"@type":"ListItem","position":1,"name":"Portada","item":"https:\/\/cvinoticias.com\/v3\/"},{"@type":"ListItem","position":2,"name":"Apertura del Ciclo Lectivo de la Escuela de Rob\u00f3tica e inauguraci\u00f3n de su nuevo espacio."}]},{"@type":"WebSite","@id":"https:\/\/cvinoticias.com\/v3\/#website","url":"https:\/\/cvinoticias.com\/v3\/","name":"CVI NOTICIAS","description":"","publisher":{"@id":"https:\/\/cvinoticias.com\/v3\/#organization"},"alternateName":"CVI","potentialAction":[{"@type":"SearchAction","target":{"@type":"EntryPoint","urlTemplate":"https:\/\/cvinoticias.com\/v3\/?s={search_term_string}"},"query-input":{"@type":"PropertyValueSpecification","valueRequired":true,"valueName":"search_term_string"}}],"inLanguage":"es"},{"@type":"Organization","@id":"https:\/\/cvinoticias.com\/v3\/#organization","name":"CVI NOTICIAS","url":"https:\/\/cvinoticias.com\/v3\/","logo":{"@type":"ImageObject","inLanguage":"es","@id":"https:\/\/cvinoticias.com\/v3\/#\/schema\/logo\/image\/","url":"https:\/\/cvinoticias.com\/wp-content\/uploads\/2023\/04\/cropped-cropped-cropped-cropped-cropped-3-1.png","contentUrl":"https:\/\/cvinoticias.com\/wp-content\/uploads\/2023\/04\/cropped-cropped-cropped-cropped-cropped-3-1.png","width":95,"height":122,"caption":"CVI NOTICIAS"},"image":{"@id":"https:\/\/cvinoticias.com\/v3\/#\/schema\/logo\/image\/"},"sameAs":["https:\/\/www.facebook.com\/cvinoticias","https:\/\/www.instagram.com\/cvinoticias\/","https:\/\/www.youtube.com\/@CVINOTICIAS"]},{"@type":"Person","@id":"https:\/\/cvinoticias.com\/v3\/#\/schema\/person\/2db77e3c6bc03c538495d7b2b8be9b66","name":"f1000024","image":{"@type":"ImageObject","inLanguage":"es","@id":"https:\/\/secure.gravatar.com\/avatar\/d4fe7459cfc51ff5129ce1a732bbef5928568b8092d412ef95611616376bbeed?s=96&d=mm&r=g","url":"https:\/\/secure.gravatar.com\/avatar\/d4fe7459cfc51ff5129ce1a732bbef5928568b8092d412ef95611616376bbeed?s=96&d=mm&r=g","contentUrl":"https:\/\/secure.gravatar.com\/avatar\/d4fe7459cfc51ff5129ce1a732bbef5928568b8092d412ef95611616376bbeed?s=96&d=mm&r=g","caption":"f1000024"},"url":"https:\/\/cvinoticias.com\/v3\/author\/f1000024\/"}]}},"_links":{"self":[{"href":"https:\/\/cvinoticias.com\/v3\/wp-json\/wp\/v2\/posts\/3504","targetHints":{"allow":["GET"]}}],"collection":[{"href":"https:\/\/cvinoticias.com\/v3\/wp-json\/wp\/v2\/posts"}],"about":[{"href":"https:\/\/cvinoticias.com\/v3\/wp-json\/wp\/v2\/types\/post"}],"author":[{"embeddable":true,"href":"https:\/\/cvinoticias.com\/v3\/wp-json\/wp\/v2\/users\/2"}],"replies":[{"embeddable":true,"href":"https:\/\/cvinoticias.com\/v3\/wp-json\/wp\/v2\/comments?post=3504"}],"version-history":[{"count":1,"href":"https:\/\/cvinoticias.com\/v3\/wp-json\/wp\/v2\/posts\/3504\/revisions"}],"predecessor-version":[{"id":3507,"href":"https:\/\/cvinoticias.com\/v3\/wp-json\/wp\/v2\/posts\/3504\/revisions\/3507"}],"wp:featuredmedia":[{"embeddable":true,"href":"https:\/\/cvinoticias.com\/v3\/wp-json\/wp\/v2\/media\/3505"}],"wp:attachment":[{"href":"https:\/\/cvinoticias.com\/v3\/wp-json\/wp\/v2\/media?parent=3504"}],"wp:term":[{"taxonomy":"category","embeddable":true,"href":"https:\/\/cvinoticias.com\/v3\/wp-json\/wp\/v2\/categories?post=3504"},{"taxonomy":"post_tag","embeddable":true,"href":"https:\/\/cvinoticias.com\/v3\/wp-json\/wp\/v2\/tags?post=3504"}],"curies":[{"name":"wp","href":"https:\/\/api.w.org\/{rel}","templated":true}]}}