{"id":35027,"date":"2024-08-06T11:42:30","date_gmt":"2024-08-06T14:42:30","guid":{"rendered":"https:\/\/cvinoticias.com\/v3\/?p=35027"},"modified":"2024-08-06T11:42:31","modified_gmt":"2024-08-06T14:42:31","slug":"allanaron-la-casa-del-diputado-kiczka-en-apostoles","status":"publish","type":"post","link":"https:\/\/cvinoticias.com\/v3\/allanaron-la-casa-del-diputado-kiczka-en-apostoles\/","title":{"rendered":"Allanaron la casa del diputado Kiczka en Ap\u00f3stoles"},"content":{"rendered":"\n<p><strong>El procedimiento est\u00e1 vinculado a los operativos ya realizados en marzo en viviendas de otros familiares directos en una causa federal que investiga la posible comisi\u00f3n de delitos vinculados a la distribuci\u00f3n de pornograf\u00eda infantil.<\/strong><\/p>\n\n\n\n<p>Est\u00e1 ma\u00f1ana Efectivos de la Polic\u00eda de Misiones, con agentes especializados en Cibercrimen, realizaron  un allanamiento en la casa del diputado provincial de Activar Germ\u00e1n Kiczka. Las labores se centraron en el secuestro de celulares, computadoras y dispositivos de almacenamiento que podr\u00edan contener material relacionado a pedofilia.<\/p>\n\n\n\n<p>Los allanamientos tambi\u00e9n se extendieron a la casa de Leandro Antonio Kiczka (73) y su hijo Sebasti\u00e1n Kiczka (45), padre y hermano, respectivamente, del legislador provincial.Ese inmueble ya allanado en marzo, como parte de una serie de operativos que abarc\u00f3 cinco domicilios en la provincia de Buenos Aires, dos en Ciudad de Buenos Aires, y uno en Tucum\u00e1n, y redadas similares en El Salvador, Colombia, Ecuador, Per\u00fa y Chile.<\/p>\n\n\n\n<p>La investigaci\u00f3n se hab\u00eda originado hace dos a\u00f1os, a pedido de la Embajada de los Estados Unidos, y est\u00e1 encabezada por la fiscal especializada en delitos inform\u00e1ticos Daniela Dupuy, el Cuerpo de Investigaciones Judiciales del Ministerio P\u00fablico Federal (MPF), de Caba, y la PFA.<\/p>\n","protected":false},"excerpt":{"rendered":"<p>El procedimiento est\u00e1 vinculado a los operativos ya realizados en marzo en viviendas de otros familiares directos en una causa federal que investiga la posible comisi\u00f3n de delitos vinculados a la distribuci\u00f3n de pornograf\u00eda infantil. Est\u00e1 ma\u00f1ana Efectivos de la Polic\u00eda de Misiones, con agentes especializados en Cibercrimen, realizaron un allanamiento en la casa del [&hellip;]<\/p>\n","protected":false},"author":2,"featured_media":35030,"comment_status":"open","ping_status":"open","sticky":false,"template":"","format":"standard","meta":{"footnotes":""},"categories":[41],"tags":[],"class_list":["post-35027","post","type-post","status-publish","format-standard","has-post-thumbnail","hentry","category-policiales"],"yoast_head":"<!-- This site is optimized with the Yoast SEO plugin v27.4 - https:\/\/yoast.com\/product\/yoast-seo-wordpress\/ -->\n<title>Allanaron la casa del diputado Kiczka en Ap\u00f3stoles | CVI NOTICIAS<\/title>\n<meta name=\"robots\" content=\"index, follow, max-snippet:-1, max-image-preview:large, max-video-preview:-1\" \/>\n<link rel=\"canonical\" href=\"https:\/\/cvinoticias.com\/v3\/allanaron-la-casa-del-diputado-kiczka-en-apostoles\/\" \/>\n<meta property=\"og:locale\" content=\"es_ES\" \/>\n<meta property=\"og:type\" content=\"article\" \/>\n<meta property=\"og:title\" content=\"Allanaron la casa del diputado Kiczka en Ap\u00f3stoles | CVI NOTICIAS\" \/>\n<meta property=\"og:description\" content=\"El procedimiento est\u00e1 vinculado a los operativos ya realizados en marzo en viviendas de otros familiares directos en una causa federal que investiga la posible comisi\u00f3n de delitos vinculados a la distribuci\u00f3n de pornograf\u00eda infantil. Est\u00e1 ma\u00f1ana Efectivos de la Polic\u00eda de Misiones, con agentes especializados en Cibercrimen, realizaron un allanamiento en la casa del [&hellip;]\" \/>\n<meta property=\"og:url\" content=\"https:\/\/cvinoticias.com\/v3\/allanaron-la-casa-del-diputado-kiczka-en-apostoles\/\" \/>\n<meta property=\"og:site_name\" content=\"CVI NOTICIAS\" \/>\n<meta property=\"article:publisher\" content=\"https:\/\/www.facebook.com\/cvinoticias\" \/>\n<meta property=\"article:published_time\" content=\"2024-08-06T14:42:30+00:00\" \/>\n<meta property=\"article:modified_time\" content=\"2024-08-06T14:42:31+00:00\" \/>\n<meta property=\"og:image\" content=\"https:\/\/cvinoticias.com\/wp-content\/uploads\/2024\/08\/2266b0ec-8ba2-463c-ae35-6d49ff2c0667-1024x576-1.jpeg\" \/>\n\t<meta property=\"og:image:width\" content=\"1024\" \/>\n\t<meta property=\"og:image:height\" content=\"576\" \/>\n\t<meta property=\"og:image:type\" content=\"image\/jpeg\" \/>\n<meta name=\"author\" content=\"f1000024\" \/>\n<meta name=\"twitter:card\" content=\"summary_large_image\" \/>\n<meta name=\"twitter:label1\" content=\"Escrito por\" \/>\n\t<meta name=\"twitter:data1\" content=\"f1000024\" \/>\n\t<meta name=\"twitter:label2\" content=\"Tiempo de lectura\" \/>\n\t<meta name=\"twitter:data2\" content=\"2 minutos\" \/>\n<script type=\"application\/ld+json\" class=\"yoast-schema-graph\">{\"@context\":\"https:\\\/\\\/schema.org\",\"@graph\":[{\"@type\":\"Article\",\"@id\":\"https:\\\/\\\/cvinoticias.com\\\/v3\\\/allanaron-la-casa-del-diputado-kiczka-en-apostoles\\\/#article\",\"isPartOf\":{\"@id\":\"https:\\\/\\\/cvinoticias.com\\\/v3\\\/allanaron-la-casa-del-diputado-kiczka-en-apostoles\\\/\"},\"author\":{\"name\":\"f1000024\",\"@id\":\"https:\\\/\\\/cvinoticias.com\\\/v3\\\/#\\\/schema\\\/person\\\/2db77e3c6bc03c538495d7b2b8be9b66\"},\"headline\":\"Allanaron la casa del diputado Kiczka en Ap\u00f3stoles\",\"datePublished\":\"2024-08-06T14:42:30+00:00\",\"dateModified\":\"2024-08-06T14:42:31+00:00\",\"mainEntityOfPage\":{\"@id\":\"https:\\\/\\\/cvinoticias.com\\\/v3\\\/allanaron-la-casa-del-diputado-kiczka-en-apostoles\\\/\"},\"wordCount\":218,\"commentCount\":0,\"publisher\":{\"@id\":\"https:\\\/\\\/cvinoticias.com\\\/v3\\\/#organization\"},\"image\":{\"@id\":\"https:\\\/\\\/cvinoticias.com\\\/v3\\\/allanaron-la-casa-del-diputado-kiczka-en-apostoles\\\/#primaryimage\"},\"thumbnailUrl\":\"https:\\\/\\\/cvinoticias.com\\\/wp-content\\\/uploads\\\/2024\\\/08\\\/2266b0ec-8ba2-463c-ae35-6d49ff2c0667-1024x576-1.jpeg\",\"articleSection\":[\"Policiales\"],\"inLanguage\":\"es\",\"potentialAction\":[{\"@type\":\"CommentAction\",\"name\":\"Comment\",\"target\":[\"https:\\\/\\\/cvinoticias.com\\\/v3\\\/allanaron-la-casa-del-diputado-kiczka-en-apostoles\\\/#respond\"]}]},{\"@type\":\"WebPage\",\"@id\":\"https:\\\/\\\/cvinoticias.com\\\/v3\\\/allanaron-la-casa-del-diputado-kiczka-en-apostoles\\\/\",\"url\":\"https:\\\/\\\/cvinoticias.com\\\/v3\\\/allanaron-la-casa-del-diputado-kiczka-en-apostoles\\\/\",\"name\":\"Allanaron la casa del diputado Kiczka en Ap\u00f3stoles | CVI NOTICIAS\",\"isPartOf\":{\"@id\":\"https:\\\/\\\/cvinoticias.com\\\/v3\\\/#website\"},\"primaryImageOfPage\":{\"@id\":\"https:\\\/\\\/cvinoticias.com\\\/v3\\\/allanaron-la-casa-del-diputado-kiczka-en-apostoles\\\/#primaryimage\"},\"image\":{\"@id\":\"https:\\\/\\\/cvinoticias.com\\\/v3\\\/allanaron-la-casa-del-diputado-kiczka-en-apostoles\\\/#primaryimage\"},\"thumbnailUrl\":\"https:\\\/\\\/cvinoticias.com\\\/wp-content\\\/uploads\\\/2024\\\/08\\\/2266b0ec-8ba2-463c-ae35-6d49ff2c0667-1024x576-1.jpeg\",\"datePublished\":\"2024-08-06T14:42:30+00:00\",\"dateModified\":\"2024-08-06T14:42:31+00:00\",\"breadcrumb\":{\"@id\":\"https:\\\/\\\/cvinoticias.com\\\/v3\\\/allanaron-la-casa-del-diputado-kiczka-en-apostoles\\\/#breadcrumb\"},\"inLanguage\":\"es\",\"potentialAction\":[{\"@type\":\"ReadAction\",\"target\":[\"https:\\\/\\\/cvinoticias.com\\\/v3\\\/allanaron-la-casa-del-diputado-kiczka-en-apostoles\\\/\"]}]},{\"@type\":\"ImageObject\",\"inLanguage\":\"es\",\"@id\":\"https:\\\/\\\/cvinoticias.com\\\/v3\\\/allanaron-la-casa-del-diputado-kiczka-en-apostoles\\\/#primaryimage\",\"url\":\"https:\\\/\\\/cvinoticias.com\\\/wp-content\\\/uploads\\\/2024\\\/08\\\/2266b0ec-8ba2-463c-ae35-6d49ff2c0667-1024x576-1.jpeg\",\"contentUrl\":\"https:\\\/\\\/cvinoticias.com\\\/wp-content\\\/uploads\\\/2024\\\/08\\\/2266b0ec-8ba2-463c-ae35-6d49ff2c0667-1024x576-1.jpeg\",\"width\":1024,\"height\":576},{\"@type\":\"BreadcrumbList\",\"@id\":\"https:\\\/\\\/cvinoticias.com\\\/v3\\\/allanaron-la-casa-del-diputado-kiczka-en-apostoles\\\/#breadcrumb\",\"itemListElement\":[{\"@type\":\"ListItem\",\"position\":1,\"name\":\"Portada\",\"item\":\"https:\\\/\\\/cvinoticias.com\\\/v3\\\/\"},{\"@type\":\"ListItem\",\"position\":2,\"name\":\"Allanaron la casa del diputado Kiczka en Ap\u00f3stoles\"}]},{\"@type\":\"WebSite\",\"@id\":\"https:\\\/\\\/cvinoticias.com\\\/v3\\\/#website\",\"url\":\"https:\\\/\\\/cvinoticias.com\\\/v3\\\/\",\"name\":\"CVI NOTICIAS\",\"description\":\"\",\"publisher\":{\"@id\":\"https:\\\/\\\/cvinoticias.com\\\/v3\\\/#organization\"},\"alternateName\":\"CVI\",\"potentialAction\":[{\"@type\":\"SearchAction\",\"target\":{\"@type\":\"EntryPoint\",\"urlTemplate\":\"https:\\\/\\\/cvinoticias.com\\\/v3\\\/?s={search_term_string}\"},\"query-input\":{\"@type\":\"PropertyValueSpecification\",\"valueRequired\":true,\"valueName\":\"search_term_string\"}}],\"inLanguage\":\"es\"},{\"@type\":\"Organization\",\"@id\":\"https:\\\/\\\/cvinoticias.com\\\/v3\\\/#organization\",\"name\":\"CVI NOTICIAS\",\"url\":\"https:\\\/\\\/cvinoticias.com\\\/v3\\\/\",\"logo\":{\"@type\":\"ImageObject\",\"inLanguage\":\"es\",\"@id\":\"https:\\\/\\\/cvinoticias.com\\\/v3\\\/#\\\/schema\\\/logo\\\/image\\\/\",\"url\":\"https:\\\/\\\/cvinoticias.com\\\/wp-content\\\/uploads\\\/2023\\\/04\\\/cropped-cropped-cropped-cropped-cropped-3-1.png\",\"contentUrl\":\"https:\\\/\\\/cvinoticias.com\\\/wp-content\\\/uploads\\\/2023\\\/04\\\/cropped-cropped-cropped-cropped-cropped-3-1.png\",\"width\":95,\"height\":122,\"caption\":\"CVI NOTICIAS\"},\"image\":{\"@id\":\"https:\\\/\\\/cvinoticias.com\\\/v3\\\/#\\\/schema\\\/logo\\\/image\\\/\"},\"sameAs\":[\"https:\\\/\\\/www.facebook.com\\\/cvinoticias\",\"https:\\\/\\\/www.instagram.com\\\/cvinoticias\\\/\",\"https:\\\/\\\/www.youtube.com\\\/@CVINOTICIAS\"]},{\"@type\":\"Person\",\"@id\":\"https:\\\/\\\/cvinoticias.com\\\/v3\\\/#\\\/schema\\\/person\\\/2db77e3c6bc03c538495d7b2b8be9b66\",\"name\":\"f1000024\",\"image\":{\"@type\":\"ImageObject\",\"inLanguage\":\"es\",\"@id\":\"https:\\\/\\\/secure.gravatar.com\\\/avatar\\\/d4fe7459cfc51ff5129ce1a732bbef5928568b8092d412ef95611616376bbeed?s=96&d=mm&r=g\",\"url\":\"https:\\\/\\\/secure.gravatar.com\\\/avatar\\\/d4fe7459cfc51ff5129ce1a732bbef5928568b8092d412ef95611616376bbeed?s=96&d=mm&r=g\",\"contentUrl\":\"https:\\\/\\\/secure.gravatar.com\\\/avatar\\\/d4fe7459cfc51ff5129ce1a732bbef5928568b8092d412ef95611616376bbeed?s=96&d=mm&r=g\",\"caption\":\"f1000024\"},\"url\":\"https:\\\/\\\/cvinoticias.com\\\/v3\\\/author\\\/f1000024\\\/\"}]}<\/script>\n<!-- \/ Yoast SEO plugin. -->","yoast_head_json":{"title":"Allanaron la casa del diputado Kiczka en Ap\u00f3stoles | CVI NOTICIAS","robots":{"index":"index","follow":"follow","max-snippet":"max-snippet:-1","max-image-preview":"max-image-preview:large","max-video-preview":"max-video-preview:-1"},"canonical":"https:\/\/cvinoticias.com\/v3\/allanaron-la-casa-del-diputado-kiczka-en-apostoles\/","og_locale":"es_ES","og_type":"article","og_title":"Allanaron la casa del diputado Kiczka en Ap\u00f3stoles | CVI NOTICIAS","og_description":"El procedimiento est\u00e1 vinculado a los operativos ya realizados en marzo en viviendas de otros familiares directos en una causa federal que investiga la posible comisi\u00f3n de delitos vinculados a la distribuci\u00f3n de pornograf\u00eda infantil. Est\u00e1 ma\u00f1ana Efectivos de la Polic\u00eda de Misiones, con agentes especializados en Cibercrimen, realizaron un allanamiento en la casa del [&hellip;]","og_url":"https:\/\/cvinoticias.com\/v3\/allanaron-la-casa-del-diputado-kiczka-en-apostoles\/","og_site_name":"CVI NOTICIAS","article_publisher":"https:\/\/www.facebook.com\/cvinoticias","article_published_time":"2024-08-06T14:42:30+00:00","article_modified_time":"2024-08-06T14:42:31+00:00","og_image":[{"width":1024,"height":576,"url":"https:\/\/cvinoticias.com\/wp-content\/uploads\/2024\/08\/2266b0ec-8ba2-463c-ae35-6d49ff2c0667-1024x576-1.jpeg","type":"image\/jpeg"}],"author":"f1000024","twitter_card":"summary_large_image","twitter_misc":{"Escrito por":"f1000024","Tiempo de lectura":"2 minutos"},"schema":{"@context":"https:\/\/schema.org","@graph":[{"@type":"Article","@id":"https:\/\/cvinoticias.com\/v3\/allanaron-la-casa-del-diputado-kiczka-en-apostoles\/#article","isPartOf":{"@id":"https:\/\/cvinoticias.com\/v3\/allanaron-la-casa-del-diputado-kiczka-en-apostoles\/"},"author":{"name":"f1000024","@id":"https:\/\/cvinoticias.com\/v3\/#\/schema\/person\/2db77e3c6bc03c538495d7b2b8be9b66"},"headline":"Allanaron la casa del diputado Kiczka en Ap\u00f3stoles","datePublished":"2024-08-06T14:42:30+00:00","dateModified":"2024-08-06T14:42:31+00:00","mainEntityOfPage":{"@id":"https:\/\/cvinoticias.com\/v3\/allanaron-la-casa-del-diputado-kiczka-en-apostoles\/"},"wordCount":218,"commentCount":0,"publisher":{"@id":"https:\/\/cvinoticias.com\/v3\/#organization"},"image":{"@id":"https:\/\/cvinoticias.com\/v3\/allanaron-la-casa-del-diputado-kiczka-en-apostoles\/#primaryimage"},"thumbnailUrl":"https:\/\/cvinoticias.com\/wp-content\/uploads\/2024\/08\/2266b0ec-8ba2-463c-ae35-6d49ff2c0667-1024x576-1.jpeg","articleSection":["Policiales"],"inLanguage":"es","potentialAction":[{"@type":"CommentAction","name":"Comment","target":["https:\/\/cvinoticias.com\/v3\/allanaron-la-casa-del-diputado-kiczka-en-apostoles\/#respond"]}]},{"@type":"WebPage","@id":"https:\/\/cvinoticias.com\/v3\/allanaron-la-casa-del-diputado-kiczka-en-apostoles\/","url":"https:\/\/cvinoticias.com\/v3\/allanaron-la-casa-del-diputado-kiczka-en-apostoles\/","name":"Allanaron la casa del diputado Kiczka en Ap\u00f3stoles | CVI NOTICIAS","isPartOf":{"@id":"https:\/\/cvinoticias.com\/v3\/#website"},"primaryImageOfPage":{"@id":"https:\/\/cvinoticias.com\/v3\/allanaron-la-casa-del-diputado-kiczka-en-apostoles\/#primaryimage"},"image":{"@id":"https:\/\/cvinoticias.com\/v3\/allanaron-la-casa-del-diputado-kiczka-en-apostoles\/#primaryimage"},"thumbnailUrl":"https:\/\/cvinoticias.com\/wp-content\/uploads\/2024\/08\/2266b0ec-8ba2-463c-ae35-6d49ff2c0667-1024x576-1.jpeg","datePublished":"2024-08-06T14:42:30+00:00","dateModified":"2024-08-06T14:42:31+00:00","breadcrumb":{"@id":"https:\/\/cvinoticias.com\/v3\/allanaron-la-casa-del-diputado-kiczka-en-apostoles\/#breadcrumb"},"inLanguage":"es","potentialAction":[{"@type":"ReadAction","target":["https:\/\/cvinoticias.com\/v3\/allanaron-la-casa-del-diputado-kiczka-en-apostoles\/"]}]},{"@type":"ImageObject","inLanguage":"es","@id":"https:\/\/cvinoticias.com\/v3\/allanaron-la-casa-del-diputado-kiczka-en-apostoles\/#primaryimage","url":"https:\/\/cvinoticias.com\/wp-content\/uploads\/2024\/08\/2266b0ec-8ba2-463c-ae35-6d49ff2c0667-1024x576-1.jpeg","contentUrl":"https:\/\/cvinoticias.com\/wp-content\/uploads\/2024\/08\/2266b0ec-8ba2-463c-ae35-6d49ff2c0667-1024x576-1.jpeg","width":1024,"height":576},{"@type":"BreadcrumbList","@id":"https:\/\/cvinoticias.com\/v3\/allanaron-la-casa-del-diputado-kiczka-en-apostoles\/#breadcrumb","itemListElement":[{"@type":"ListItem","position":1,"name":"Portada","item":"https:\/\/cvinoticias.com\/v3\/"},{"@type":"ListItem","position":2,"name":"Allanaron la casa del diputado Kiczka en Ap\u00f3stoles"}]},{"@type":"WebSite","@id":"https:\/\/cvinoticias.com\/v3\/#website","url":"https:\/\/cvinoticias.com\/v3\/","name":"CVI NOTICIAS","description":"","publisher":{"@id":"https:\/\/cvinoticias.com\/v3\/#organization"},"alternateName":"CVI","potentialAction":[{"@type":"SearchAction","target":{"@type":"EntryPoint","urlTemplate":"https:\/\/cvinoticias.com\/v3\/?s={search_term_string}"},"query-input":{"@type":"PropertyValueSpecification","valueRequired":true,"valueName":"search_term_string"}}],"inLanguage":"es"},{"@type":"Organization","@id":"https:\/\/cvinoticias.com\/v3\/#organization","name":"CVI NOTICIAS","url":"https:\/\/cvinoticias.com\/v3\/","logo":{"@type":"ImageObject","inLanguage":"es","@id":"https:\/\/cvinoticias.com\/v3\/#\/schema\/logo\/image\/","url":"https:\/\/cvinoticias.com\/wp-content\/uploads\/2023\/04\/cropped-cropped-cropped-cropped-cropped-3-1.png","contentUrl":"https:\/\/cvinoticias.com\/wp-content\/uploads\/2023\/04\/cropped-cropped-cropped-cropped-cropped-3-1.png","width":95,"height":122,"caption":"CVI NOTICIAS"},"image":{"@id":"https:\/\/cvinoticias.com\/v3\/#\/schema\/logo\/image\/"},"sameAs":["https:\/\/www.facebook.com\/cvinoticias","https:\/\/www.instagram.com\/cvinoticias\/","https:\/\/www.youtube.com\/@CVINOTICIAS"]},{"@type":"Person","@id":"https:\/\/cvinoticias.com\/v3\/#\/schema\/person\/2db77e3c6bc03c538495d7b2b8be9b66","name":"f1000024","image":{"@type":"ImageObject","inLanguage":"es","@id":"https:\/\/secure.gravatar.com\/avatar\/d4fe7459cfc51ff5129ce1a732bbef5928568b8092d412ef95611616376bbeed?s=96&d=mm&r=g","url":"https:\/\/secure.gravatar.com\/avatar\/d4fe7459cfc51ff5129ce1a732bbef5928568b8092d412ef95611616376bbeed?s=96&d=mm&r=g","contentUrl":"https:\/\/secure.gravatar.com\/avatar\/d4fe7459cfc51ff5129ce1a732bbef5928568b8092d412ef95611616376bbeed?s=96&d=mm&r=g","caption":"f1000024"},"url":"https:\/\/cvinoticias.com\/v3\/author\/f1000024\/"}]}},"_links":{"self":[{"href":"https:\/\/cvinoticias.com\/v3\/wp-json\/wp\/v2\/posts\/35027","targetHints":{"allow":["GET"]}}],"collection":[{"href":"https:\/\/cvinoticias.com\/v3\/wp-json\/wp\/v2\/posts"}],"about":[{"href":"https:\/\/cvinoticias.com\/v3\/wp-json\/wp\/v2\/types\/post"}],"author":[{"embeddable":true,"href":"https:\/\/cvinoticias.com\/v3\/wp-json\/wp\/v2\/users\/2"}],"replies":[{"embeddable":true,"href":"https:\/\/cvinoticias.com\/v3\/wp-json\/wp\/v2\/comments?post=35027"}],"version-history":[{"count":1,"href":"https:\/\/cvinoticias.com\/v3\/wp-json\/wp\/v2\/posts\/35027\/revisions"}],"predecessor-version":[{"id":35031,"href":"https:\/\/cvinoticias.com\/v3\/wp-json\/wp\/v2\/posts\/35027\/revisions\/35031"}],"wp:featuredmedia":[{"embeddable":true,"href":"https:\/\/cvinoticias.com\/v3\/wp-json\/wp\/v2\/media\/35030"}],"wp:attachment":[{"href":"https:\/\/cvinoticias.com\/v3\/wp-json\/wp\/v2\/media?parent=35027"}],"wp:term":[{"taxonomy":"category","embeddable":true,"href":"https:\/\/cvinoticias.com\/v3\/wp-json\/wp\/v2\/categories?post=35027"},{"taxonomy":"post_tag","embeddable":true,"href":"https:\/\/cvinoticias.com\/v3\/wp-json\/wp\/v2\/tags?post=35027"}],"curies":[{"name":"wp","href":"https:\/\/api.w.org\/{rel}","templated":true}]}}