{"id":3486,"date":"2021-03-18T11:42:20","date_gmt":"2021-03-18T11:42:20","guid":{"rendered":"https:\/\/cvinoticias.com\/v3\/?p=3486"},"modified":"2021-03-18T11:42:20","modified_gmt":"2021-03-18T11:42:20","slug":"paro-docente-se-adhirieron-mas-primarios-y-hubo-apoyo-de-padres","status":"publish","type":"post","link":"https:\/\/cvinoticias.com\/v3\/paro-docente-se-adhirieron-mas-primarios-y-hubo-apoyo-de-padres\/","title":{"rendered":"Paro docente: se adhirieron m\u00e1s primarios y hubo apoyo de padres"},"content":{"rendered":"\n<p><strong><em>Los referentes gremiales y de autoconvocados hicieron asambleas locales y movilizaciones. Se preparan para la Asamblea Provincial de hoy en Ober\u00e1 y esperan cerca de 400 docentes.<\/em><\/strong><\/p>\n\n\n\n<p>El paro de 48 horas convocado por los gremios UDNAM, MPL, ATE, UTEM, y agrupaciones Tribuna Docente, Corriente Conti-Santoro y autoconvocados tuvo mayor adherencia que la semana pasada, seg\u00fan afirmaron los convocantes. \u201cEn secundaria es bastante alta, var\u00eda seg\u00fan las localidades pero en promedio hablamos de un 70% de adhesi\u00f3n\u201d, dijo a este Diario el vocero de Tribuna Docente, Eduardo Cantero.<\/p>\n\n\n\n<p>Respecto al nivel primario, aunque el acompa\u00f1amiento sigue siendo menor que en secundaria, \u201cvimos que hay mayor apoyo que la semana pasada. Todav\u00eda sigue siendo baja porque los docentes de primaria tienen mucha m\u00e1s presi\u00f3n de los supervisores y directivos, pero en general notamos m\u00e1s apoyo\u201d, asegur\u00f3.<\/p>\n\n\n\n<p>De hecho, en la convocatoria de Eldorado, comunicaron que hubo participaci\u00f3n de las familias. Cabe destacar que, adem\u00e1s de la condici\u00f3n salarial, lo que m\u00e1s preocupa al sector en lucha es la situaci\u00f3n de las escuelas y la cantidad de contagios que hubo durante la primera semana de clases.<\/p>\n\n\n\n<ul class=\"wp-block-list\"><li>\u00bfQu\u00e9 dicen los padres?<\/li><\/ul>\n\n\n\n<p>En cuanto a la postura de los padres, Cantero dijo que \u201chay un poco de todo: hay padres que est\u00e1n hoy en las asambleas y se acercan para movilizarse con nosotros, otros que se enojan porque sus hijos pierden clases y otros que directamente no mandan a sus hijos a las escuelas porque tienen miedo que se contagien\u201d.<\/p>\n\n\n\n<p>Sin embargo, asegur\u00f3 que \u201cpor lo general, prima el acompa\u00f1amiento. Por ejemplo, la semana pasada que cortamos las rutas en varias localidades de la provincia, no hubo enojo. Al contrario, la gente tocaba bocina, aplaud\u00edan, saludaban\u2026 Creo que la mayor\u00eda entiende y sabe que estamos ac\u00e1 porque no queda otra\u201d.<\/p>\n\n\n\n<ul class=\"wp-block-list\"><li>\u201cNo hay una pol\u00edtica de mejoramiento en escuelas\u201d<\/li><\/ul>\n\n\n\n<p>El lunes y martes pasado, los docentes en lucha volvieron a sus puestos de trabajo \u201cy lo que est\u00e1 claro es que el Gobierno no hizo nada por las escuelas, las dej\u00f3 abandonadas\u201d, dijo Cantero. Al igual que \u00e9l, la referente de UDNAM, Estela Genesini cont\u00f3 a este Diario que \u201cen estos dos d\u00edas de asamblea, los colegas estuvieron haciendo un relevamiento de las escuelas y se reunieron con los padres y la mayor\u00eda est\u00e1n en las mismas condiciones que el 22 de febrero\u201d.<\/p>\n\n\n\n<p>Siguiendo con el reclamo, Cantero asegur\u00f3 que \u201chay escuelas sin portero, y muchas tuvieron que recurrir a la ayuda de los propios docentes para colaborar en la limpieza porque no hay gente encargada de esto\u201d.<\/p>\n\n\n\n<p>Por ello, el docente consider\u00f3 que \u201cno se ve una pol\u00edtica de mejoramiento de las condiciones sanitarias de las escuelas para garantizar que alumnos, docentes y padres est\u00e9n a salvo de contagiarse. De hecho, a una semana del inicio de las clases presenciales est\u00e1n apareciendo los primeros casos de contagio en las escuelas del interior y la capital\u201d.<\/p>\n\n\n\n<p>En di\u00e1logo con este medio, el vocero de MPL de Puerto Rico, Teodoro Silva, asegur\u00f3 que \u201chay realidades muy diferentes en las escuelas: hay algunas que est\u00e1n muy bien pero otras que ni si quiera pudieron empezar las clases\u201d.<\/p>\n\n\n\n<p>Al respecto, cont\u00f3 que \u201ceste fin de semana hubo docentes que fueron a las escuelas a pintarlas y a poner en condiciones. O sea, hacer el trabajo que no le corresponde\u201d. Otra escuela de esta localidad, a\u00fan no pudo comenzar las clases porque \u201cremovieron el tanque de agua y todav\u00eda no fue reemplazado as\u00ed que no tienen agua\u201d.<\/p>\n\n\n\n<p>Otro caso es \u201cuna escuela que tiene 270 alumnos, tiene un solo retrete en el ba\u00f1o de las chicas y dos para el ba\u00f1o de los chicos\u201d. Por otra parte, Silva dijo que \u201cal comienzo de las clases el Gobierno nos prometi\u00f3 que iba a haber un personal de salud por escuela tomando la temperatura, pero no fue as\u00ed. Hoy, son los porteros y las maestras quienes toman la temperatura sin ning\u00fan tipo de capacitaci\u00f3n para hacerlo\u201d.<\/p>\n\n\n\n<ul class=\"wp-block-list\"><li>Algunas de las medidas realizadas en la jornada de ayer<\/li><\/ul>\n\n\n\n<p>En la capital misionera, se convoc\u00f3 a una marcha con antorchas que se realiz\u00f3 en la plaza 9 de Julio a las 19 horas. A partir de all\u00ed, marcharon por las calles c\u00e9ntricas.<\/p>\n\n\n\n<p>En Ober\u00e1 se realiz\u00f3 una asamblea a partir de las 9. En Puerto Rico tambi\u00e9n se llev\u00f3 a cabo una asamblea, donde se debati\u00f3 acerca de las realidades de las escuelas y analizaron las medidas de fuerza que propondr\u00e1n hoy en la asamblea provincial en Ober\u00e1.<\/p>\n\n\n\n<p>En Eldorado tambi\u00e9n hubo una jornada de movilizaciones: all\u00ed se hizo una concentraci\u00f3n de docentes de la Zona Norte de la que particip\u00f3 una gran cantidad de padres que apoyan las medidas de fuerza.<\/p>\n\n\n\n<p>Por su parte, los docentes de San Vicente cortaron la ruta nacional 14 sobre el Km 975 para realizar la asamblea sobre la ruta. Una vez finalizada, se liber\u00f3 el tr\u00e1nsito.<\/p>\n\n\n\n<p>Las medidas de fuerza que comenzaron la semana pasada y se extienden indefinidamente, tienen como principal objetivo el de negociar con las autoridades educativas. \u201cQueremos negociar. Si ellos (el Gobierno) hacen una contrapropuesta, que hasta ahora nunca la hicieron, eso se somete a votaci\u00f3n y ah\u00ed empieza la negociaci\u00f3n. El a\u00f1o pasado fue un ejemplo claro: cada propuesta que llegaba la vot\u00e1bamos en asamblea y se decid\u00eda si se aceptaba o rechazaba. Pero para negociar, tienen que presentar una contraoferta porque si nos dicen \u2018esto es lo que hay\u2019 entonces vamos a seguir saliendo a las calles\u201d, sostuvo Cantero.<\/p>\n\n\n\n<p>Fuente: Primera Edici\u00f3n<\/p>\n","protected":false},"excerpt":{"rendered":"<p>Los referentes gremiales y de autoconvocados hicieron asambleas locales y movilizaciones. Se preparan para la Asamblea Provincial de hoy en Ober\u00e1 y esperan cerca de 400 docentes. El paro de 48 horas convocado por los gremios UDNAM, MPL, ATE, UTEM, y agrupaciones Tribuna Docente, Corriente Conti-Santoro y autoconvocados tuvo mayor adherencia que la semana pasada, [&hellip;]<\/p>\n","protected":false},"author":2,"featured_media":3487,"comment_status":"open","ping_status":"open","sticky":false,"template":"","format":"standard","meta":{"footnotes":""},"categories":[26],"tags":[],"class_list":["post-3486","post","type-post","status-publish","format-standard","has-post-thumbnail","hentry","category-educacion"],"yoast_head":"<!-- This site is optimized with the Yoast SEO plugin v27.5 - https:\/\/yoast.com\/product\/yoast-seo-wordpress\/ -->\n<title>Paro docente: se adhirieron m\u00e1s primarios y hubo apoyo de padres | CVI NOTICIAS<\/title>\n<meta name=\"robots\" content=\"index, follow, max-snippet:-1, max-image-preview:large, max-video-preview:-1\" \/>\n<link rel=\"canonical\" href=\"https:\/\/cvinoticias.com\/v3\/paro-docente-se-adhirieron-mas-primarios-y-hubo-apoyo-de-padres\/\" \/>\n<meta property=\"og:locale\" content=\"es_ES\" \/>\n<meta property=\"og:type\" content=\"article\" \/>\n<meta property=\"og:title\" content=\"Paro docente: se adhirieron m\u00e1s primarios y hubo apoyo de padres | CVI NOTICIAS\" \/>\n<meta property=\"og:description\" content=\"Los referentes gremiales y de autoconvocados hicieron asambleas locales y movilizaciones. Se preparan para la Asamblea Provincial de hoy en Ober\u00e1 y esperan cerca de 400 docentes. El paro de 48 horas convocado por los gremios UDNAM, MPL, ATE, UTEM, y agrupaciones Tribuna Docente, Corriente Conti-Santoro y autoconvocados tuvo mayor adherencia que la semana pasada, [&hellip;]\" \/>\n<meta property=\"og:url\" content=\"https:\/\/cvinoticias.com\/v3\/paro-docente-se-adhirieron-mas-primarios-y-hubo-apoyo-de-padres\/\" \/>\n<meta property=\"og:site_name\" content=\"CVI NOTICIAS\" \/>\n<meta property=\"article:publisher\" content=\"https:\/\/www.facebook.com\/cvinoticias\" \/>\n<meta property=\"article:published_time\" content=\"2021-03-18T11:42:20+00:00\" \/>\n<meta property=\"og:image\" content=\"https:\/\/cvinoticias.com\/wp-content\/uploads\/2021\/03\/IMG-20210317-WA0061.jpg\" \/>\n\t<meta property=\"og:image:width\" content=\"1280\" \/>\n\t<meta property=\"og:image:height\" content=\"960\" \/>\n\t<meta property=\"og:image:type\" content=\"image\/jpeg\" \/>\n<meta name=\"author\" content=\"f1000024\" \/>\n<meta name=\"twitter:card\" content=\"summary_large_image\" \/>\n<meta name=\"twitter:label1\" content=\"Escrito por\" \/>\n\t<meta name=\"twitter:data1\" content=\"f1000024\" \/>\n\t<meta name=\"twitter:label2\" content=\"Tiempo de lectura\" \/>\n\t<meta name=\"twitter:data2\" content=\"5 minutos\" \/>\n<script type=\"application\/ld+json\" class=\"yoast-schema-graph\">{\"@context\":\"https:\\\/\\\/schema.org\",\"@graph\":[{\"@type\":\"Article\",\"@id\":\"https:\\\/\\\/cvinoticias.com\\\/v3\\\/paro-docente-se-adhirieron-mas-primarios-y-hubo-apoyo-de-padres\\\/#article\",\"isPartOf\":{\"@id\":\"https:\\\/\\\/cvinoticias.com\\\/v3\\\/paro-docente-se-adhirieron-mas-primarios-y-hubo-apoyo-de-padres\\\/\"},\"author\":{\"name\":\"f1000024\",\"@id\":\"https:\\\/\\\/cvinoticias.com\\\/v3\\\/#\\\/schema\\\/person\\\/2db77e3c6bc03c538495d7b2b8be9b66\"},\"headline\":\"Paro docente: se adhirieron m\u00e1s primarios y hubo apoyo de padres\",\"datePublished\":\"2021-03-18T11:42:20+00:00\",\"mainEntityOfPage\":{\"@id\":\"https:\\\/\\\/cvinoticias.com\\\/v3\\\/paro-docente-se-adhirieron-mas-primarios-y-hubo-apoyo-de-padres\\\/\"},\"wordCount\":958,\"commentCount\":0,\"publisher\":{\"@id\":\"https:\\\/\\\/cvinoticias.com\\\/v3\\\/#organization\"},\"image\":{\"@id\":\"https:\\\/\\\/cvinoticias.com\\\/v3\\\/paro-docente-se-adhirieron-mas-primarios-y-hubo-apoyo-de-padres\\\/#primaryimage\"},\"thumbnailUrl\":\"https:\\\/\\\/cvinoticias.com\\\/wp-content\\\/uploads\\\/2021\\\/03\\\/IMG-20210317-WA0061.jpg\",\"articleSection\":[\"Educacion\"],\"inLanguage\":\"es\",\"potentialAction\":[{\"@type\":\"CommentAction\",\"name\":\"Comment\",\"target\":[\"https:\\\/\\\/cvinoticias.com\\\/v3\\\/paro-docente-se-adhirieron-mas-primarios-y-hubo-apoyo-de-padres\\\/#respond\"]}]},{\"@type\":\"WebPage\",\"@id\":\"https:\\\/\\\/cvinoticias.com\\\/v3\\\/paro-docente-se-adhirieron-mas-primarios-y-hubo-apoyo-de-padres\\\/\",\"url\":\"https:\\\/\\\/cvinoticias.com\\\/v3\\\/paro-docente-se-adhirieron-mas-primarios-y-hubo-apoyo-de-padres\\\/\",\"name\":\"Paro docente: se adhirieron m\u00e1s primarios y hubo apoyo de padres | CVI NOTICIAS\",\"isPartOf\":{\"@id\":\"https:\\\/\\\/cvinoticias.com\\\/v3\\\/#website\"},\"primaryImageOfPage\":{\"@id\":\"https:\\\/\\\/cvinoticias.com\\\/v3\\\/paro-docente-se-adhirieron-mas-primarios-y-hubo-apoyo-de-padres\\\/#primaryimage\"},\"image\":{\"@id\":\"https:\\\/\\\/cvinoticias.com\\\/v3\\\/paro-docente-se-adhirieron-mas-primarios-y-hubo-apoyo-de-padres\\\/#primaryimage\"},\"thumbnailUrl\":\"https:\\\/\\\/cvinoticias.com\\\/wp-content\\\/uploads\\\/2021\\\/03\\\/IMG-20210317-WA0061.jpg\",\"datePublished\":\"2021-03-18T11:42:20+00:00\",\"breadcrumb\":{\"@id\":\"https:\\\/\\\/cvinoticias.com\\\/v3\\\/paro-docente-se-adhirieron-mas-primarios-y-hubo-apoyo-de-padres\\\/#breadcrumb\"},\"inLanguage\":\"es\",\"potentialAction\":[{\"@type\":\"ReadAction\",\"target\":[\"https:\\\/\\\/cvinoticias.com\\\/v3\\\/paro-docente-se-adhirieron-mas-primarios-y-hubo-apoyo-de-padres\\\/\"]}]},{\"@type\":\"ImageObject\",\"inLanguage\":\"es\",\"@id\":\"https:\\\/\\\/cvinoticias.com\\\/v3\\\/paro-docente-se-adhirieron-mas-primarios-y-hubo-apoyo-de-padres\\\/#primaryimage\",\"url\":\"https:\\\/\\\/cvinoticias.com\\\/wp-content\\\/uploads\\\/2021\\\/03\\\/IMG-20210317-WA0061.jpg\",\"contentUrl\":\"https:\\\/\\\/cvinoticias.com\\\/wp-content\\\/uploads\\\/2021\\\/03\\\/IMG-20210317-WA0061.jpg\",\"width\":1280,\"height\":960},{\"@type\":\"BreadcrumbList\",\"@id\":\"https:\\\/\\\/cvinoticias.com\\\/v3\\\/paro-docente-se-adhirieron-mas-primarios-y-hubo-apoyo-de-padres\\\/#breadcrumb\",\"itemListElement\":[{\"@type\":\"ListItem\",\"position\":1,\"name\":\"Portada\",\"item\":\"https:\\\/\\\/cvinoticias.com\\\/v3\\\/\"},{\"@type\":\"ListItem\",\"position\":2,\"name\":\"Paro docente: se adhirieron m\u00e1s primarios y hubo apoyo de padres\"}]},{\"@type\":\"WebSite\",\"@id\":\"https:\\\/\\\/cvinoticias.com\\\/v3\\\/#website\",\"url\":\"https:\\\/\\\/cvinoticias.com\\\/v3\\\/\",\"name\":\"CVI NOTICIAS\",\"description\":\"\",\"publisher\":{\"@id\":\"https:\\\/\\\/cvinoticias.com\\\/v3\\\/#organization\"},\"alternateName\":\"CVI\",\"potentialAction\":[{\"@type\":\"SearchAction\",\"target\":{\"@type\":\"EntryPoint\",\"urlTemplate\":\"https:\\\/\\\/cvinoticias.com\\\/v3\\\/?s={search_term_string}\"},\"query-input\":{\"@type\":\"PropertyValueSpecification\",\"valueRequired\":true,\"valueName\":\"search_term_string\"}}],\"inLanguage\":\"es\"},{\"@type\":\"Organization\",\"@id\":\"https:\\\/\\\/cvinoticias.com\\\/v3\\\/#organization\",\"name\":\"CVI NOTICIAS\",\"url\":\"https:\\\/\\\/cvinoticias.com\\\/v3\\\/\",\"logo\":{\"@type\":\"ImageObject\",\"inLanguage\":\"es\",\"@id\":\"https:\\\/\\\/cvinoticias.com\\\/v3\\\/#\\\/schema\\\/logo\\\/image\\\/\",\"url\":\"https:\\\/\\\/cvinoticias.com\\\/wp-content\\\/uploads\\\/2023\\\/04\\\/cropped-cropped-cropped-cropped-cropped-3-1.png\",\"contentUrl\":\"https:\\\/\\\/cvinoticias.com\\\/wp-content\\\/uploads\\\/2023\\\/04\\\/cropped-cropped-cropped-cropped-cropped-3-1.png\",\"width\":95,\"height\":122,\"caption\":\"CVI NOTICIAS\"},\"image\":{\"@id\":\"https:\\\/\\\/cvinoticias.com\\\/v3\\\/#\\\/schema\\\/logo\\\/image\\\/\"},\"sameAs\":[\"https:\\\/\\\/www.facebook.com\\\/cvinoticias\",\"https:\\\/\\\/www.instagram.com\\\/cvinoticias\\\/\",\"https:\\\/\\\/www.youtube.com\\\/@CVINOTICIAS\"]},{\"@type\":\"Person\",\"@id\":\"https:\\\/\\\/cvinoticias.com\\\/v3\\\/#\\\/schema\\\/person\\\/2db77e3c6bc03c538495d7b2b8be9b66\",\"name\":\"f1000024\",\"image\":{\"@type\":\"ImageObject\",\"inLanguage\":\"es\",\"@id\":\"https:\\\/\\\/secure.gravatar.com\\\/avatar\\\/d4fe7459cfc51ff5129ce1a732bbef5928568b8092d412ef95611616376bbeed?s=96&d=mm&r=g\",\"url\":\"https:\\\/\\\/secure.gravatar.com\\\/avatar\\\/d4fe7459cfc51ff5129ce1a732bbef5928568b8092d412ef95611616376bbeed?s=96&d=mm&r=g\",\"contentUrl\":\"https:\\\/\\\/secure.gravatar.com\\\/avatar\\\/d4fe7459cfc51ff5129ce1a732bbef5928568b8092d412ef95611616376bbeed?s=96&d=mm&r=g\",\"caption\":\"f1000024\"},\"url\":\"https:\\\/\\\/cvinoticias.com\\\/v3\\\/author\\\/f1000024\\\/\"}]}<\/script>\n<!-- \/ Yoast SEO plugin. -->","yoast_head_json":{"title":"Paro docente: se adhirieron m\u00e1s primarios y hubo apoyo de padres | CVI NOTICIAS","robots":{"index":"index","follow":"follow","max-snippet":"max-snippet:-1","max-image-preview":"max-image-preview:large","max-video-preview":"max-video-preview:-1"},"canonical":"https:\/\/cvinoticias.com\/v3\/paro-docente-se-adhirieron-mas-primarios-y-hubo-apoyo-de-padres\/","og_locale":"es_ES","og_type":"article","og_title":"Paro docente: se adhirieron m\u00e1s primarios y hubo apoyo de padres | CVI NOTICIAS","og_description":"Los referentes gremiales y de autoconvocados hicieron asambleas locales y movilizaciones. Se preparan para la Asamblea Provincial de hoy en Ober\u00e1 y esperan cerca de 400 docentes. El paro de 48 horas convocado por los gremios UDNAM, MPL, ATE, UTEM, y agrupaciones Tribuna Docente, Corriente Conti-Santoro y autoconvocados tuvo mayor adherencia que la semana pasada, [&hellip;]","og_url":"https:\/\/cvinoticias.com\/v3\/paro-docente-se-adhirieron-mas-primarios-y-hubo-apoyo-de-padres\/","og_site_name":"CVI NOTICIAS","article_publisher":"https:\/\/www.facebook.com\/cvinoticias","article_published_time":"2021-03-18T11:42:20+00:00","og_image":[{"width":1280,"height":960,"url":"https:\/\/cvinoticias.com\/wp-content\/uploads\/2021\/03\/IMG-20210317-WA0061.jpg","type":"image\/jpeg"}],"author":"f1000024","twitter_card":"summary_large_image","twitter_misc":{"Escrito por":"f1000024","Tiempo de lectura":"5 minutos"},"schema":{"@context":"https:\/\/schema.org","@graph":[{"@type":"Article","@id":"https:\/\/cvinoticias.com\/v3\/paro-docente-se-adhirieron-mas-primarios-y-hubo-apoyo-de-padres\/#article","isPartOf":{"@id":"https:\/\/cvinoticias.com\/v3\/paro-docente-se-adhirieron-mas-primarios-y-hubo-apoyo-de-padres\/"},"author":{"name":"f1000024","@id":"https:\/\/cvinoticias.com\/v3\/#\/schema\/person\/2db77e3c6bc03c538495d7b2b8be9b66"},"headline":"Paro docente: se adhirieron m\u00e1s primarios y hubo apoyo de padres","datePublished":"2021-03-18T11:42:20+00:00","mainEntityOfPage":{"@id":"https:\/\/cvinoticias.com\/v3\/paro-docente-se-adhirieron-mas-primarios-y-hubo-apoyo-de-padres\/"},"wordCount":958,"commentCount":0,"publisher":{"@id":"https:\/\/cvinoticias.com\/v3\/#organization"},"image":{"@id":"https:\/\/cvinoticias.com\/v3\/paro-docente-se-adhirieron-mas-primarios-y-hubo-apoyo-de-padres\/#primaryimage"},"thumbnailUrl":"https:\/\/cvinoticias.com\/wp-content\/uploads\/2021\/03\/IMG-20210317-WA0061.jpg","articleSection":["Educacion"],"inLanguage":"es","potentialAction":[{"@type":"CommentAction","name":"Comment","target":["https:\/\/cvinoticias.com\/v3\/paro-docente-se-adhirieron-mas-primarios-y-hubo-apoyo-de-padres\/#respond"]}]},{"@type":"WebPage","@id":"https:\/\/cvinoticias.com\/v3\/paro-docente-se-adhirieron-mas-primarios-y-hubo-apoyo-de-padres\/","url":"https:\/\/cvinoticias.com\/v3\/paro-docente-se-adhirieron-mas-primarios-y-hubo-apoyo-de-padres\/","name":"Paro docente: se adhirieron m\u00e1s primarios y hubo apoyo de padres | CVI NOTICIAS","isPartOf":{"@id":"https:\/\/cvinoticias.com\/v3\/#website"},"primaryImageOfPage":{"@id":"https:\/\/cvinoticias.com\/v3\/paro-docente-se-adhirieron-mas-primarios-y-hubo-apoyo-de-padres\/#primaryimage"},"image":{"@id":"https:\/\/cvinoticias.com\/v3\/paro-docente-se-adhirieron-mas-primarios-y-hubo-apoyo-de-padres\/#primaryimage"},"thumbnailUrl":"https:\/\/cvinoticias.com\/wp-content\/uploads\/2021\/03\/IMG-20210317-WA0061.jpg","datePublished":"2021-03-18T11:42:20+00:00","breadcrumb":{"@id":"https:\/\/cvinoticias.com\/v3\/paro-docente-se-adhirieron-mas-primarios-y-hubo-apoyo-de-padres\/#breadcrumb"},"inLanguage":"es","potentialAction":[{"@type":"ReadAction","target":["https:\/\/cvinoticias.com\/v3\/paro-docente-se-adhirieron-mas-primarios-y-hubo-apoyo-de-padres\/"]}]},{"@type":"ImageObject","inLanguage":"es","@id":"https:\/\/cvinoticias.com\/v3\/paro-docente-se-adhirieron-mas-primarios-y-hubo-apoyo-de-padres\/#primaryimage","url":"https:\/\/cvinoticias.com\/wp-content\/uploads\/2021\/03\/IMG-20210317-WA0061.jpg","contentUrl":"https:\/\/cvinoticias.com\/wp-content\/uploads\/2021\/03\/IMG-20210317-WA0061.jpg","width":1280,"height":960},{"@type":"BreadcrumbList","@id":"https:\/\/cvinoticias.com\/v3\/paro-docente-se-adhirieron-mas-primarios-y-hubo-apoyo-de-padres\/#breadcrumb","itemListElement":[{"@type":"ListItem","position":1,"name":"Portada","item":"https:\/\/cvinoticias.com\/v3\/"},{"@type":"ListItem","position":2,"name":"Paro docente: se adhirieron m\u00e1s primarios y hubo apoyo de padres"}]},{"@type":"WebSite","@id":"https:\/\/cvinoticias.com\/v3\/#website","url":"https:\/\/cvinoticias.com\/v3\/","name":"CVI NOTICIAS","description":"","publisher":{"@id":"https:\/\/cvinoticias.com\/v3\/#organization"},"alternateName":"CVI","potentialAction":[{"@type":"SearchAction","target":{"@type":"EntryPoint","urlTemplate":"https:\/\/cvinoticias.com\/v3\/?s={search_term_string}"},"query-input":{"@type":"PropertyValueSpecification","valueRequired":true,"valueName":"search_term_string"}}],"inLanguage":"es"},{"@type":"Organization","@id":"https:\/\/cvinoticias.com\/v3\/#organization","name":"CVI NOTICIAS","url":"https:\/\/cvinoticias.com\/v3\/","logo":{"@type":"ImageObject","inLanguage":"es","@id":"https:\/\/cvinoticias.com\/v3\/#\/schema\/logo\/image\/","url":"https:\/\/cvinoticias.com\/wp-content\/uploads\/2023\/04\/cropped-cropped-cropped-cropped-cropped-3-1.png","contentUrl":"https:\/\/cvinoticias.com\/wp-content\/uploads\/2023\/04\/cropped-cropped-cropped-cropped-cropped-3-1.png","width":95,"height":122,"caption":"CVI NOTICIAS"},"image":{"@id":"https:\/\/cvinoticias.com\/v3\/#\/schema\/logo\/image\/"},"sameAs":["https:\/\/www.facebook.com\/cvinoticias","https:\/\/www.instagram.com\/cvinoticias\/","https:\/\/www.youtube.com\/@CVINOTICIAS"]},{"@type":"Person","@id":"https:\/\/cvinoticias.com\/v3\/#\/schema\/person\/2db77e3c6bc03c538495d7b2b8be9b66","name":"f1000024","image":{"@type":"ImageObject","inLanguage":"es","@id":"https:\/\/secure.gravatar.com\/avatar\/d4fe7459cfc51ff5129ce1a732bbef5928568b8092d412ef95611616376bbeed?s=96&d=mm&r=g","url":"https:\/\/secure.gravatar.com\/avatar\/d4fe7459cfc51ff5129ce1a732bbef5928568b8092d412ef95611616376bbeed?s=96&d=mm&r=g","contentUrl":"https:\/\/secure.gravatar.com\/avatar\/d4fe7459cfc51ff5129ce1a732bbef5928568b8092d412ef95611616376bbeed?s=96&d=mm&r=g","caption":"f1000024"},"url":"https:\/\/cvinoticias.com\/v3\/author\/f1000024\/"}]}},"_links":{"self":[{"href":"https:\/\/cvinoticias.com\/v3\/wp-json\/wp\/v2\/posts\/3486","targetHints":{"allow":["GET"]}}],"collection":[{"href":"https:\/\/cvinoticias.com\/v3\/wp-json\/wp\/v2\/posts"}],"about":[{"href":"https:\/\/cvinoticias.com\/v3\/wp-json\/wp\/v2\/types\/post"}],"author":[{"embeddable":true,"href":"https:\/\/cvinoticias.com\/v3\/wp-json\/wp\/v2\/users\/2"}],"replies":[{"embeddable":true,"href":"https:\/\/cvinoticias.com\/v3\/wp-json\/wp\/v2\/comments?post=3486"}],"version-history":[{"count":1,"href":"https:\/\/cvinoticias.com\/v3\/wp-json\/wp\/v2\/posts\/3486\/revisions"}],"predecessor-version":[{"id":3488,"href":"https:\/\/cvinoticias.com\/v3\/wp-json\/wp\/v2\/posts\/3486\/revisions\/3488"}],"wp:featuredmedia":[{"embeddable":true,"href":"https:\/\/cvinoticias.com\/v3\/wp-json\/wp\/v2\/media\/3487"}],"wp:attachment":[{"href":"https:\/\/cvinoticias.com\/v3\/wp-json\/wp\/v2\/media?parent=3486"}],"wp:term":[{"taxonomy":"category","embeddable":true,"href":"https:\/\/cvinoticias.com\/v3\/wp-json\/wp\/v2\/categories?post=3486"},{"taxonomy":"post_tag","embeddable":true,"href":"https:\/\/cvinoticias.com\/v3\/wp-json\/wp\/v2\/tags?post=3486"}],"curies":[{"name":"wp","href":"https:\/\/api.w.org\/{rel}","templated":true}]}}