{"id":3417,"date":"2021-03-16T20:53:32","date_gmt":"2021-03-16T20:53:32","guid":{"rendered":"https:\/\/cvinoticias.com\/v3\/?p=3417"},"modified":"2021-03-16T20:53:32","modified_gmt":"2021-03-16T20:53:32","slug":"presentaron-la-tecnicatura-superior-en-emergencias-prehospitalarias","status":"publish","type":"post","link":"https:\/\/cvinoticias.com\/v3\/presentaron-la-tecnicatura-superior-en-emergencias-prehospitalarias\/","title":{"rendered":"Presentaron la Tecnicatura Superior en Emergencias Prehospitalarias"},"content":{"rendered":"\n<p><strong><em>En la ma\u00f1ana de hoy, el vicegobernador Carlos Arce presidi\u00f3 la presentaci\u00f3n de la Tecnicatura Superior en Emergencias Prehospitalarias, fruto del trabajo articulado entre Vicegobernaci\u00f3n-IMES-INFOGEP, el Ministerio de Salud P\u00fablica y la Unidad Central de Emergencias y Traslados (UCEyT).<\/em><\/strong><\/p>\n\n\n\n<p>En la conferencia llevada a cabo en la cartera sanitaria provincial, el Vicegobernador destac\u00f3 la importancia de que Misiones cuente con 176 ambulancias equipadas nuevas, ya que indic\u00f3 que en sus recorridas por las distintas localidades de la provincia, representan el mayor pedido de los intendentes, \u201cno solo por una cuesti\u00f3n de salud, sino por una cuesti\u00f3n social, de traslados sociales\u201d.<\/p>\n\n\n\n<p>Sobre el lanzamiento de la tecnicatura, resalt\u00f3 que este es un convenio para \u201cformar gente humana y profesional\u201d. As\u00ed tambi\u00e9n desde su rol de m\u00e9dico, indic\u00f3 que el \u201caccionar en las primeras instancias de un accidente son cruciales\u201d, y para ello, \u201cse necesita de esta formaci\u00f3n\u201d. Adem\u00e1s explic\u00f3 que en casos de emergencia \u201cno es s\u00f3lo importante atender en el lugar, sino lograr un traslado seguro que facilite la recepci\u00f3n. Es importante que vayan al lugar correcto y en las mejores condiciones\u201d.<br>Por otro lado, destac\u00f3 que el Imes y el Infogep no disminuyeron la cantidad de alumnos en el 2020, a pesar de la virtualidad.<\/p>\n\n\n\n<p>Por \u00faltimo, manifest\u00f3 su alegr\u00eda al expresar que \u201ccomo m\u00e9dico puedo caminar tranquilo por mi provincia porque s\u00e9 que voy a estar cuidado por un Gobierno en que la salud es pol\u00edtica de Estado\u201d.<\/p>\n\n\n\n<p>Por su parte, el ministro de Salud Oscar Alarc\u00f3n, explic\u00f3 que iniciar\u00e1n con aquellos que ya se encuentren cumpliendo funciones en la red de traslados y en la red de emergencias prehospitaliarias, \u201cque hoy conecta a la provincia con Iguaz\u00fa, Eldorado, Ober\u00e1 y Posadas. En este sentido, afirm\u00f3 que \u201cestamos trabajando para ampliar a todos los hospitales, y a todas las localidades en donde tengamos red de traslado\u201d.<\/p>\n\n\n\n<p>Adem\u00e1s, expres\u00f3 que esta nueva formaci\u00f3n \u201c va a ser de mucho beneficio porque le va a dar la seguridad al trabajador que va a estar capacitado para asistir a un paciente antes de la llegada al hospital, como as\u00ed tambi\u00e9n a la comunidad que va a saber que el que llega est\u00e1 en condiciones aptas, acad\u00e9micas y pr\u00e1cticas para asistirlo\u201d.<\/p>\n\n\n\n<p>Por otro lado, el rector del IMES, Mariano Pianovi, indic\u00f3 que el dictado de la tecnicatura \u201cest\u00e1 pensado por todo el equipo de Salud P\u00fablica\u201d. Asimismo destac\u00f3 que en este sentido, \u201cMisiones va m\u00e1s all\u00e1 de otras provincias\u201d y que \u201cmarca la impronta misionerista que nos diferencia\u201d.<\/p>\n\n\n\n<p>Por \u00faltimo, el diputado Mart\u00edn Cesino resalt\u00f3 que \u201cla red de Traslados de Misiones es reconocida en el pa\u00eds\u201d y que el trabajo que desde el ministerio de salud se realiza apunta a \u201cgarantizar la calidad, equidad e igualdad de oportunidades\u201d de todos los misioneros y misioneras.<\/p>\n\n\n\n<p>SOBRE LA TECNICATURA<\/p>\n\n\n\n<p>La carrera fue creada con el objetivo de fortalecer el funcionamiento de la Unidad Central de Emergencias y Traslados (UCEyT) y los servicios de Emergencias Prehospitalaria, del sistema de salud p\u00fablica, mediante la formaci\u00f3n t\u00e9cnica del personal de salud p\u00fablica que se desempe\u00f1a en este servicio dentro del territorio misionero.<\/p>\n\n\n\n<p>La misma se dictar\u00e1 en las sedes IMES de Posadas y Eldorado, ser\u00e1 gratuita y estar\u00e1 dirigida, espec\u00edficamente, al personal del Ministerio de Salud P\u00fablica que se desempe\u00f1e en el servicio de Unidad Central de Emergencias y Traslados (UCEyT) y los servicios de Emergencias Prehospitalarias de los Centros de Salud de Misiones.<\/p>\n\n\n\n<p>Cabe destacar que en Misiones no existe ninguna propuesta formativa en Emergencias Prehospitalarias, por lo cual, esta oferta constituye una gran oportunidad de formaci\u00f3n para los agentes de salud que intervienen en las emergencias pre hospitalarias en los distintos servicios de salud en Misiones, lo cual contribuir\u00e1 a la optimizaci\u00f3n y calidad del servicio a la comunidad.<\/p>\n\n\n\n<p>SOBRE EL PERFIL PROFESION<\/p>\n\n\n\n<p>Los T\u00e9cnicos Superiores en Emergencias Prehospitalaria son profesionales capaces de organizar sistemas de respuesta ante emergencias, prestar asistencia b\u00e1sica, asistir en el soporte vital avanzado y brindar apoyo psicol\u00f3gico a las v\u00edctimas de sucesos tentativos de agravante de su salud en el entorno pre hospitalario. Asimismo est\u00e1n formados para llevar a cabo tareas de radio operaci\u00f3n y\/o despacho en emergencias, colaborar en la organizaci\u00f3n y desarrollo de planes de emergencia de los dispositivos de riesgo previsibles y de log\u00edstica sanitaria ante una emergencia individual, colectiva o cat\u00e1strofe.<br>Duraci\u00f3n: 3 a\u00f1os<br>Lugar: Sedes IMES Posadas y Eldorado<br>Inscripci\u00f3n virtual en www.imes.edu.ar, desde el 16\/03\/21. Los cupos son limitados.<\/p>\n\n\n\n<figure class=\"wp-block-image size-large\"><a href=\"https:\/\/cvinoticias.com\/wp-content\/uploads\/2021\/03\/IMG-20210316-WA0085.jpg\"><img decoding=\"async\" width=\"1024\" height=\"839\" data-src=\"https:\/\/cvinoticias.com\/wp-content\/uploads\/2021\/03\/IMG-20210316-WA0085-1024x839.jpg\" alt=\"\" class=\"wp-image-3419 lazyload\" data-srcset=\"https:\/\/cvinoticias.com\/wp-content\/uploads\/2021\/03\/IMG-20210316-WA0085-1024x839.jpg 1024w, https:\/\/cvinoticias.com\/wp-content\/uploads\/2021\/03\/IMG-20210316-WA0085-300x246.jpg 300w, https:\/\/cvinoticias.com\/wp-content\/uploads\/2021\/03\/IMG-20210316-WA0085-768x629.jpg 768w, https:\/\/cvinoticias.com\/wp-content\/uploads\/2021\/03\/IMG-20210316-WA0085.jpg 1280w\" data-sizes=\"(max-width: 1024px) 100vw, 1024px\" src=\"data:image\/svg+xml;base64,PHN2ZyB3aWR0aD0iMSIgaGVpZ2h0PSIxIiB4bWxucz0iaHR0cDovL3d3dy53My5vcmcvMjAwMC9zdmciPjwvc3ZnPg==\" style=\"--smush-placeholder-width: 1024px; --smush-placeholder-aspect-ratio: 1024\/839;\" \/><\/a><\/figure>\n","protected":false},"excerpt":{"rendered":"<p>En la ma\u00f1ana de hoy, el vicegobernador Carlos Arce presidi\u00f3 la presentaci\u00f3n de la Tecnicatura Superior en Emergencias Prehospitalarias, fruto del trabajo articulado entre Vicegobernaci\u00f3n-IMES-INFOGEP, el Ministerio de Salud P\u00fablica y la Unidad Central de Emergencias y Traslados (UCEyT). En la conferencia llevada a cabo en la cartera sanitaria provincial, el Vicegobernador destac\u00f3 la importancia [&hellip;]<\/p>\n","protected":false},"author":2,"featured_media":3418,"comment_status":"open","ping_status":"open","sticky":false,"template":"","format":"standard","meta":{"footnotes":""},"categories":[26],"tags":[],"class_list":["post-3417","post","type-post","status-publish","format-standard","has-post-thumbnail","hentry","category-educacion"],"yoast_head":"<!-- This site is optimized with the Yoast SEO plugin v27.5 - https:\/\/yoast.com\/product\/yoast-seo-wordpress\/ -->\n<title>Presentaron la Tecnicatura Superior en Emergencias Prehospitalarias | CVI NOTICIAS<\/title>\n<meta name=\"robots\" content=\"index, follow, max-snippet:-1, max-image-preview:large, max-video-preview:-1\" \/>\n<link rel=\"canonical\" href=\"https:\/\/cvinoticias.com\/v3\/presentaron-la-tecnicatura-superior-en-emergencias-prehospitalarias\/\" \/>\n<meta property=\"og:locale\" content=\"es_ES\" \/>\n<meta property=\"og:type\" content=\"article\" \/>\n<meta property=\"og:title\" content=\"Presentaron la Tecnicatura Superior en Emergencias Prehospitalarias | CVI NOTICIAS\" \/>\n<meta property=\"og:description\" content=\"En la ma\u00f1ana de hoy, el vicegobernador Carlos Arce presidi\u00f3 la presentaci\u00f3n de la Tecnicatura Superior en Emergencias Prehospitalarias, fruto del trabajo articulado entre Vicegobernaci\u00f3n-IMES-INFOGEP, el Ministerio de Salud P\u00fablica y la Unidad Central de Emergencias y Traslados (UCEyT). En la conferencia llevada a cabo en la cartera sanitaria provincial, el Vicegobernador destac\u00f3 la importancia [&hellip;]\" \/>\n<meta property=\"og:url\" content=\"https:\/\/cvinoticias.com\/v3\/presentaron-la-tecnicatura-superior-en-emergencias-prehospitalarias\/\" \/>\n<meta property=\"og:site_name\" content=\"CVI NOTICIAS\" \/>\n<meta property=\"article:publisher\" content=\"https:\/\/www.facebook.com\/cvinoticias\" \/>\n<meta property=\"article:published_time\" content=\"2021-03-16T20:53:32+00:00\" \/>\n<meta property=\"og:image\" content=\"https:\/\/cvinoticias.com\/wp-content\/uploads\/2021\/03\/IMG-20210316-WA0083.jpg\" \/>\n\t<meta property=\"og:image:width\" content=\"1280\" \/>\n\t<meta property=\"og:image:height\" content=\"751\" \/>\n\t<meta property=\"og:image:type\" content=\"image\/jpeg\" \/>\n<meta name=\"author\" content=\"f1000024\" \/>\n<meta name=\"twitter:card\" content=\"summary_large_image\" \/>\n<meta name=\"twitter:label1\" content=\"Escrito por\" \/>\n\t<meta name=\"twitter:data1\" content=\"f1000024\" \/>\n\t<meta name=\"twitter:label2\" content=\"Tiempo de lectura\" \/>\n\t<meta name=\"twitter:data2\" content=\"4 minutos\" \/>\n<script type=\"application\/ld+json\" class=\"yoast-schema-graph\">{\"@context\":\"https:\\\/\\\/schema.org\",\"@graph\":[{\"@type\":\"Article\",\"@id\":\"https:\\\/\\\/cvinoticias.com\\\/v3\\\/presentaron-la-tecnicatura-superior-en-emergencias-prehospitalarias\\\/#article\",\"isPartOf\":{\"@id\":\"https:\\\/\\\/cvinoticias.com\\\/v3\\\/presentaron-la-tecnicatura-superior-en-emergencias-prehospitalarias\\\/\"},\"author\":{\"name\":\"f1000024\",\"@id\":\"https:\\\/\\\/cvinoticias.com\\\/v3\\\/#\\\/schema\\\/person\\\/2db77e3c6bc03c538495d7b2b8be9b66\"},\"headline\":\"Presentaron la Tecnicatura Superior en Emergencias Prehospitalarias\",\"datePublished\":\"2021-03-16T20:53:32+00:00\",\"mainEntityOfPage\":{\"@id\":\"https:\\\/\\\/cvinoticias.com\\\/v3\\\/presentaron-la-tecnicatura-superior-en-emergencias-prehospitalarias\\\/\"},\"wordCount\":788,\"commentCount\":0,\"publisher\":{\"@id\":\"https:\\\/\\\/cvinoticias.com\\\/v3\\\/#organization\"},\"image\":{\"@id\":\"https:\\\/\\\/cvinoticias.com\\\/v3\\\/presentaron-la-tecnicatura-superior-en-emergencias-prehospitalarias\\\/#primaryimage\"},\"thumbnailUrl\":\"https:\\\/\\\/cvinoticias.com\\\/wp-content\\\/uploads\\\/2021\\\/03\\\/IMG-20210316-WA0083.jpg\",\"articleSection\":[\"Educacion\"],\"inLanguage\":\"es\",\"potentialAction\":[{\"@type\":\"CommentAction\",\"name\":\"Comment\",\"target\":[\"https:\\\/\\\/cvinoticias.com\\\/v3\\\/presentaron-la-tecnicatura-superior-en-emergencias-prehospitalarias\\\/#respond\"]}]},{\"@type\":\"WebPage\",\"@id\":\"https:\\\/\\\/cvinoticias.com\\\/v3\\\/presentaron-la-tecnicatura-superior-en-emergencias-prehospitalarias\\\/\",\"url\":\"https:\\\/\\\/cvinoticias.com\\\/v3\\\/presentaron-la-tecnicatura-superior-en-emergencias-prehospitalarias\\\/\",\"name\":\"Presentaron la Tecnicatura Superior en Emergencias Prehospitalarias | CVI NOTICIAS\",\"isPartOf\":{\"@id\":\"https:\\\/\\\/cvinoticias.com\\\/v3\\\/#website\"},\"primaryImageOfPage\":{\"@id\":\"https:\\\/\\\/cvinoticias.com\\\/v3\\\/presentaron-la-tecnicatura-superior-en-emergencias-prehospitalarias\\\/#primaryimage\"},\"image\":{\"@id\":\"https:\\\/\\\/cvinoticias.com\\\/v3\\\/presentaron-la-tecnicatura-superior-en-emergencias-prehospitalarias\\\/#primaryimage\"},\"thumbnailUrl\":\"https:\\\/\\\/cvinoticias.com\\\/wp-content\\\/uploads\\\/2021\\\/03\\\/IMG-20210316-WA0083.jpg\",\"datePublished\":\"2021-03-16T20:53:32+00:00\",\"breadcrumb\":{\"@id\":\"https:\\\/\\\/cvinoticias.com\\\/v3\\\/presentaron-la-tecnicatura-superior-en-emergencias-prehospitalarias\\\/#breadcrumb\"},\"inLanguage\":\"es\",\"potentialAction\":[{\"@type\":\"ReadAction\",\"target\":[\"https:\\\/\\\/cvinoticias.com\\\/v3\\\/presentaron-la-tecnicatura-superior-en-emergencias-prehospitalarias\\\/\"]}]},{\"@type\":\"ImageObject\",\"inLanguage\":\"es\",\"@id\":\"https:\\\/\\\/cvinoticias.com\\\/v3\\\/presentaron-la-tecnicatura-superior-en-emergencias-prehospitalarias\\\/#primaryimage\",\"url\":\"https:\\\/\\\/cvinoticias.com\\\/wp-content\\\/uploads\\\/2021\\\/03\\\/IMG-20210316-WA0083.jpg\",\"contentUrl\":\"https:\\\/\\\/cvinoticias.com\\\/wp-content\\\/uploads\\\/2021\\\/03\\\/IMG-20210316-WA0083.jpg\",\"width\":1280,\"height\":751},{\"@type\":\"BreadcrumbList\",\"@id\":\"https:\\\/\\\/cvinoticias.com\\\/v3\\\/presentaron-la-tecnicatura-superior-en-emergencias-prehospitalarias\\\/#breadcrumb\",\"itemListElement\":[{\"@type\":\"ListItem\",\"position\":1,\"name\":\"Portada\",\"item\":\"https:\\\/\\\/cvinoticias.com\\\/v3\\\/\"},{\"@type\":\"ListItem\",\"position\":2,\"name\":\"Presentaron la Tecnicatura Superior en Emergencias Prehospitalarias\"}]},{\"@type\":\"WebSite\",\"@id\":\"https:\\\/\\\/cvinoticias.com\\\/v3\\\/#website\",\"url\":\"https:\\\/\\\/cvinoticias.com\\\/v3\\\/\",\"name\":\"CVI NOTICIAS\",\"description\":\"\",\"publisher\":{\"@id\":\"https:\\\/\\\/cvinoticias.com\\\/v3\\\/#organization\"},\"alternateName\":\"CVI\",\"potentialAction\":[{\"@type\":\"SearchAction\",\"target\":{\"@type\":\"EntryPoint\",\"urlTemplate\":\"https:\\\/\\\/cvinoticias.com\\\/v3\\\/?s={search_term_string}\"},\"query-input\":{\"@type\":\"PropertyValueSpecification\",\"valueRequired\":true,\"valueName\":\"search_term_string\"}}],\"inLanguage\":\"es\"},{\"@type\":\"Organization\",\"@id\":\"https:\\\/\\\/cvinoticias.com\\\/v3\\\/#organization\",\"name\":\"CVI NOTICIAS\",\"url\":\"https:\\\/\\\/cvinoticias.com\\\/v3\\\/\",\"logo\":{\"@type\":\"ImageObject\",\"inLanguage\":\"es\",\"@id\":\"https:\\\/\\\/cvinoticias.com\\\/v3\\\/#\\\/schema\\\/logo\\\/image\\\/\",\"url\":\"https:\\\/\\\/cvinoticias.com\\\/wp-content\\\/uploads\\\/2023\\\/04\\\/cropped-cropped-cropped-cropped-cropped-3-1.png\",\"contentUrl\":\"https:\\\/\\\/cvinoticias.com\\\/wp-content\\\/uploads\\\/2023\\\/04\\\/cropped-cropped-cropped-cropped-cropped-3-1.png\",\"width\":95,\"height\":122,\"caption\":\"CVI NOTICIAS\"},\"image\":{\"@id\":\"https:\\\/\\\/cvinoticias.com\\\/v3\\\/#\\\/schema\\\/logo\\\/image\\\/\"},\"sameAs\":[\"https:\\\/\\\/www.facebook.com\\\/cvinoticias\",\"https:\\\/\\\/www.instagram.com\\\/cvinoticias\\\/\",\"https:\\\/\\\/www.youtube.com\\\/@CVINOTICIAS\"]},{\"@type\":\"Person\",\"@id\":\"https:\\\/\\\/cvinoticias.com\\\/v3\\\/#\\\/schema\\\/person\\\/2db77e3c6bc03c538495d7b2b8be9b66\",\"name\":\"f1000024\",\"image\":{\"@type\":\"ImageObject\",\"inLanguage\":\"es\",\"@id\":\"https:\\\/\\\/secure.gravatar.com\\\/avatar\\\/d4fe7459cfc51ff5129ce1a732bbef5928568b8092d412ef95611616376bbeed?s=96&d=mm&r=g\",\"url\":\"https:\\\/\\\/secure.gravatar.com\\\/avatar\\\/d4fe7459cfc51ff5129ce1a732bbef5928568b8092d412ef95611616376bbeed?s=96&d=mm&r=g\",\"contentUrl\":\"https:\\\/\\\/secure.gravatar.com\\\/avatar\\\/d4fe7459cfc51ff5129ce1a732bbef5928568b8092d412ef95611616376bbeed?s=96&d=mm&r=g\",\"caption\":\"f1000024\"},\"url\":\"https:\\\/\\\/cvinoticias.com\\\/v3\\\/author\\\/f1000024\\\/\"}]}<\/script>\n<!-- \/ Yoast SEO plugin. -->","yoast_head_json":{"title":"Presentaron la Tecnicatura Superior en Emergencias Prehospitalarias | CVI NOTICIAS","robots":{"index":"index","follow":"follow","max-snippet":"max-snippet:-1","max-image-preview":"max-image-preview:large","max-video-preview":"max-video-preview:-1"},"canonical":"https:\/\/cvinoticias.com\/v3\/presentaron-la-tecnicatura-superior-en-emergencias-prehospitalarias\/","og_locale":"es_ES","og_type":"article","og_title":"Presentaron la Tecnicatura Superior en Emergencias Prehospitalarias | CVI NOTICIAS","og_description":"En la ma\u00f1ana de hoy, el vicegobernador Carlos Arce presidi\u00f3 la presentaci\u00f3n de la Tecnicatura Superior en Emergencias Prehospitalarias, fruto del trabajo articulado entre Vicegobernaci\u00f3n-IMES-INFOGEP, el Ministerio de Salud P\u00fablica y la Unidad Central de Emergencias y Traslados (UCEyT). En la conferencia llevada a cabo en la cartera sanitaria provincial, el Vicegobernador destac\u00f3 la importancia [&hellip;]","og_url":"https:\/\/cvinoticias.com\/v3\/presentaron-la-tecnicatura-superior-en-emergencias-prehospitalarias\/","og_site_name":"CVI NOTICIAS","article_publisher":"https:\/\/www.facebook.com\/cvinoticias","article_published_time":"2021-03-16T20:53:32+00:00","og_image":[{"width":1280,"height":751,"url":"https:\/\/cvinoticias.com\/wp-content\/uploads\/2021\/03\/IMG-20210316-WA0083.jpg","type":"image\/jpeg"}],"author":"f1000024","twitter_card":"summary_large_image","twitter_misc":{"Escrito por":"f1000024","Tiempo de lectura":"4 minutos"},"schema":{"@context":"https:\/\/schema.org","@graph":[{"@type":"Article","@id":"https:\/\/cvinoticias.com\/v3\/presentaron-la-tecnicatura-superior-en-emergencias-prehospitalarias\/#article","isPartOf":{"@id":"https:\/\/cvinoticias.com\/v3\/presentaron-la-tecnicatura-superior-en-emergencias-prehospitalarias\/"},"author":{"name":"f1000024","@id":"https:\/\/cvinoticias.com\/v3\/#\/schema\/person\/2db77e3c6bc03c538495d7b2b8be9b66"},"headline":"Presentaron la Tecnicatura Superior en Emergencias Prehospitalarias","datePublished":"2021-03-16T20:53:32+00:00","mainEntityOfPage":{"@id":"https:\/\/cvinoticias.com\/v3\/presentaron-la-tecnicatura-superior-en-emergencias-prehospitalarias\/"},"wordCount":788,"commentCount":0,"publisher":{"@id":"https:\/\/cvinoticias.com\/v3\/#organization"},"image":{"@id":"https:\/\/cvinoticias.com\/v3\/presentaron-la-tecnicatura-superior-en-emergencias-prehospitalarias\/#primaryimage"},"thumbnailUrl":"https:\/\/cvinoticias.com\/wp-content\/uploads\/2021\/03\/IMG-20210316-WA0083.jpg","articleSection":["Educacion"],"inLanguage":"es","potentialAction":[{"@type":"CommentAction","name":"Comment","target":["https:\/\/cvinoticias.com\/v3\/presentaron-la-tecnicatura-superior-en-emergencias-prehospitalarias\/#respond"]}]},{"@type":"WebPage","@id":"https:\/\/cvinoticias.com\/v3\/presentaron-la-tecnicatura-superior-en-emergencias-prehospitalarias\/","url":"https:\/\/cvinoticias.com\/v3\/presentaron-la-tecnicatura-superior-en-emergencias-prehospitalarias\/","name":"Presentaron la Tecnicatura Superior en Emergencias Prehospitalarias | CVI NOTICIAS","isPartOf":{"@id":"https:\/\/cvinoticias.com\/v3\/#website"},"primaryImageOfPage":{"@id":"https:\/\/cvinoticias.com\/v3\/presentaron-la-tecnicatura-superior-en-emergencias-prehospitalarias\/#primaryimage"},"image":{"@id":"https:\/\/cvinoticias.com\/v3\/presentaron-la-tecnicatura-superior-en-emergencias-prehospitalarias\/#primaryimage"},"thumbnailUrl":"https:\/\/cvinoticias.com\/wp-content\/uploads\/2021\/03\/IMG-20210316-WA0083.jpg","datePublished":"2021-03-16T20:53:32+00:00","breadcrumb":{"@id":"https:\/\/cvinoticias.com\/v3\/presentaron-la-tecnicatura-superior-en-emergencias-prehospitalarias\/#breadcrumb"},"inLanguage":"es","potentialAction":[{"@type":"ReadAction","target":["https:\/\/cvinoticias.com\/v3\/presentaron-la-tecnicatura-superior-en-emergencias-prehospitalarias\/"]}]},{"@type":"ImageObject","inLanguage":"es","@id":"https:\/\/cvinoticias.com\/v3\/presentaron-la-tecnicatura-superior-en-emergencias-prehospitalarias\/#primaryimage","url":"https:\/\/cvinoticias.com\/wp-content\/uploads\/2021\/03\/IMG-20210316-WA0083.jpg","contentUrl":"https:\/\/cvinoticias.com\/wp-content\/uploads\/2021\/03\/IMG-20210316-WA0083.jpg","width":1280,"height":751},{"@type":"BreadcrumbList","@id":"https:\/\/cvinoticias.com\/v3\/presentaron-la-tecnicatura-superior-en-emergencias-prehospitalarias\/#breadcrumb","itemListElement":[{"@type":"ListItem","position":1,"name":"Portada","item":"https:\/\/cvinoticias.com\/v3\/"},{"@type":"ListItem","position":2,"name":"Presentaron la Tecnicatura Superior en Emergencias Prehospitalarias"}]},{"@type":"WebSite","@id":"https:\/\/cvinoticias.com\/v3\/#website","url":"https:\/\/cvinoticias.com\/v3\/","name":"CVI NOTICIAS","description":"","publisher":{"@id":"https:\/\/cvinoticias.com\/v3\/#organization"},"alternateName":"CVI","potentialAction":[{"@type":"SearchAction","target":{"@type":"EntryPoint","urlTemplate":"https:\/\/cvinoticias.com\/v3\/?s={search_term_string}"},"query-input":{"@type":"PropertyValueSpecification","valueRequired":true,"valueName":"search_term_string"}}],"inLanguage":"es"},{"@type":"Organization","@id":"https:\/\/cvinoticias.com\/v3\/#organization","name":"CVI NOTICIAS","url":"https:\/\/cvinoticias.com\/v3\/","logo":{"@type":"ImageObject","inLanguage":"es","@id":"https:\/\/cvinoticias.com\/v3\/#\/schema\/logo\/image\/","url":"https:\/\/cvinoticias.com\/wp-content\/uploads\/2023\/04\/cropped-cropped-cropped-cropped-cropped-3-1.png","contentUrl":"https:\/\/cvinoticias.com\/wp-content\/uploads\/2023\/04\/cropped-cropped-cropped-cropped-cropped-3-1.png","width":95,"height":122,"caption":"CVI NOTICIAS"},"image":{"@id":"https:\/\/cvinoticias.com\/v3\/#\/schema\/logo\/image\/"},"sameAs":["https:\/\/www.facebook.com\/cvinoticias","https:\/\/www.instagram.com\/cvinoticias\/","https:\/\/www.youtube.com\/@CVINOTICIAS"]},{"@type":"Person","@id":"https:\/\/cvinoticias.com\/v3\/#\/schema\/person\/2db77e3c6bc03c538495d7b2b8be9b66","name":"f1000024","image":{"@type":"ImageObject","inLanguage":"es","@id":"https:\/\/secure.gravatar.com\/avatar\/d4fe7459cfc51ff5129ce1a732bbef5928568b8092d412ef95611616376bbeed?s=96&d=mm&r=g","url":"https:\/\/secure.gravatar.com\/avatar\/d4fe7459cfc51ff5129ce1a732bbef5928568b8092d412ef95611616376bbeed?s=96&d=mm&r=g","contentUrl":"https:\/\/secure.gravatar.com\/avatar\/d4fe7459cfc51ff5129ce1a732bbef5928568b8092d412ef95611616376bbeed?s=96&d=mm&r=g","caption":"f1000024"},"url":"https:\/\/cvinoticias.com\/v3\/author\/f1000024\/"}]}},"_links":{"self":[{"href":"https:\/\/cvinoticias.com\/v3\/wp-json\/wp\/v2\/posts\/3417","targetHints":{"allow":["GET"]}}],"collection":[{"href":"https:\/\/cvinoticias.com\/v3\/wp-json\/wp\/v2\/posts"}],"about":[{"href":"https:\/\/cvinoticias.com\/v3\/wp-json\/wp\/v2\/types\/post"}],"author":[{"embeddable":true,"href":"https:\/\/cvinoticias.com\/v3\/wp-json\/wp\/v2\/users\/2"}],"replies":[{"embeddable":true,"href":"https:\/\/cvinoticias.com\/v3\/wp-json\/wp\/v2\/comments?post=3417"}],"version-history":[{"count":1,"href":"https:\/\/cvinoticias.com\/v3\/wp-json\/wp\/v2\/posts\/3417\/revisions"}],"predecessor-version":[{"id":3420,"href":"https:\/\/cvinoticias.com\/v3\/wp-json\/wp\/v2\/posts\/3417\/revisions\/3420"}],"wp:featuredmedia":[{"embeddable":true,"href":"https:\/\/cvinoticias.com\/v3\/wp-json\/wp\/v2\/media\/3418"}],"wp:attachment":[{"href":"https:\/\/cvinoticias.com\/v3\/wp-json\/wp\/v2\/media?parent=3417"}],"wp:term":[{"taxonomy":"category","embeddable":true,"href":"https:\/\/cvinoticias.com\/v3\/wp-json\/wp\/v2\/categories?post=3417"},{"taxonomy":"post_tag","embeddable":true,"href":"https:\/\/cvinoticias.com\/v3\/wp-json\/wp\/v2\/tags?post=3417"}],"curies":[{"name":"wp","href":"https:\/\/api.w.org\/{rel}","templated":true}]}}