{"id":340,"date":"2020-12-08T22:55:24","date_gmt":"2020-12-08T22:55:24","guid":{"rendered":"https:\/\/cvinoticias.com\/v3\/?p=340"},"modified":"2020-12-08T22:55:24","modified_gmt":"2020-12-08T22:55:24","slug":"unas-2-mil-personas-ingresaron-a-misiones-por-el-puesto-centinela-este-fin-de-semana-largo","status":"publish","type":"post","link":"https:\/\/cvinoticias.com\/v3\/unas-2-mil-personas-ingresaron-a-misiones-por-el-puesto-centinela-este-fin-de-semana-largo\/","title":{"rendered":"Unas 2 mil personas ingresaron a Misiones por el Puesto Centinela este fin de semana largo"},"content":{"rendered":"\n<p><strong><em>El d\u00eda de mayor movimiento fue el s\u00e1bado, cuando ingresaron alrededor de mil entre turistas y personas que llegaron para visitar a sus familias<\/em><\/strong><\/p>\n\n\n\n<p>El doctor Carlos B\u00e1ez, subsecretario de Apoyo y Log\u00edstica del ministerio de Salud P\u00fablica, revel\u00f3 que, en promedio, la mitad de las personas que llegan al puesto ubicado en San Jos\u00e9, trae sus certificados negativos mientras que el resto espera para ser testeado en el lugar. <\/p>\n\n\n\n<p>El funcionario adelant\u00f3, adem\u00e1s, que desde la pr\u00f3xima semana se ampliar\u00e1 el horario de atenci\u00f3n del puesto.Unas dos mil personas ingresaron a Misiones este fin de semana largo por el puesto El Centinela, en San Jos\u00e9, entre ellos turistas, que llegaron a la provincia tras la apertura de la actividad para visitantes nacionales y otros que vinieron para visitar a sus familiares. <\/p>\n\n\n\n<p>El d\u00eda que mayor actividad registr\u00f3 fue el s\u00e1bado, donde aparecieron unos mil de estos turistas, lo que convirti\u00f3 al puesto en el principal punto de acceso. En tanto el domingo llegaron alrededor de 700 personas y el lunes unas 400.<\/p>\n\n\n\n<p>El doctor Carlos B\u00e1ez, subsecretario de Apoyo y Log\u00edstica del ministerio de Salud P\u00fablica, record\u00f3 que el puesto est\u00e1 ubicado sobre la ruta nacional 14, v\u00eda elegida por la mayor\u00eda de las empresas de transporte de larga distancia de pasajeros y por los viajeros que vienen desde las zonas centro y sur del pa\u00eds.\u201cHay mucha gente no trae el testeo, a pesar de que se ha difundido. <\/p>\n\n\n\n<p>Hay muchos que s\u00ed saben y se lo hacen, otros saben y esperan para hacerse en la provincia. La mitad m\u00e1s o menos ya traen el test hecho. Y a los otros nosotros tenemos que hacerles en la provincia. Hay mucha gente que no quiere hacerse, hay un poco de todo\u201d, apunt\u00f3 el funcionario y agreg\u00f3 que la mayor\u00eda de las personas aceptar el tr\u00e1mite porque saben que se trata de un requisito para poder ingresar a Misiones. \u201cEl que no se quiere hacer el testeo no entra, es la \u00fanica condici\u00f3n no negociable para ingresar en la provincia\u201d, record\u00f3.<\/p>\n\n\n\n<p>En ese sentido, B\u00e1ez afirm\u00f3 que gracias a los controles se detectaron casos, aunque aclar\u00f3 que no son tantos como se esperaban, lo que atribuy\u00f3 a la toma de conciencia por parte de los viajeros. \u201cTenemos s\u00ed, pero muy pocos, uno o dos por d\u00eda\u201d, puntualiz\u00f3.<\/p>\n\n\n\n<p>El m\u00e9dico explic\u00f3 que, ante la aparici\u00f3n de un caso positivo, hay tres opciones que la normativa vigente estipula: la primera, en el caso de que la persona tuviera domicilio en Misiones, es hacer la cuarentena en una vivienda en condiciones a la que es llevada por la Polic\u00eda de Misiones y donde es monitoreada por el ministerio de Salud P\u00fablica. <\/p>\n\n\n\n<p>En caso de que no existiera un lugar, la persona es invitada a alquilar un lugar, ya sea un hotel o una vivienda. En tanto los turistas, generalmente llegan alguna reserva, por lo que se espera que el alojamiento confirme que los recibir\u00e1 de todas maneras, lo mismo en caso de visitar un familiar, en ese caso el due\u00f1o de la casa donde ser\u00e1 recibido debe avisar. Y la tercera opci\u00f3n es regresar a su lugar de origen.<\/p>\n\n\n\n<p>El puesto trabaja todos los d\u00edas de 7 a 13 hs y de 16 a 20 hs y B\u00e1ez adelant\u00f3 que desde este fin de semana se ampliar\u00e1 a un horario de 7 a 21 hs, de corrido. \u201cCosa de que el turista no tenga que esperar mucho tiempo y pueda entrar a la provincia sin mucha demora. Con la polic\u00eda y con nuestros trabajadores fuimos haciendo algunos ajustes para lograr una mayor eficiencia a la hora del control de la gente que entra\u201d, se\u00f1al\u00f3.<\/p>\n\n\n\n<p>B\u00e1ez advirti\u00f3 que los controles son minuciosos porque hay personas que llegan, incluso, con testeo o certificados truchos. \u201cLos muchachos no quieren hacerse o pagar entonces tratamos de ser detallistas al mirar los resultados que traen, hay de todo\u201d, asever\u00f3.<\/p>\n\n\n\n<p>Para cerrar, B\u00e1ez explic\u00f3 qu\u00e9 ocurre con los paraguayos que no pueden entrar a su pa\u00eds, previo paso por Misiones, por un cambio en la normativa de ese pa\u00eds. \u201cNosotros all\u00e1 en Centinela o en el Arco, se les acompa\u00f1a a la gente que viene con los papeles en orden hasta el puente (que une a Posadas con Encarnaci\u00f3n). Ellos cambiaron su normativa y aceptan solamente la PCR, cosa que avisamos en el paso fronterizo y ellos (los viajeros) ven c\u00f3mo resuelven ese tema. Nosotros como Salud P\u00fablica tuvimos pocos casos donde tuvimos que hacer nosotros la PCR para que pudieran pasar al Paraguay\u201d, concluy\u00f3.<\/p>\n\n\n\n<p><\/p>\n\n\n\n<p>Fuente: MOL<\/p>\n\n\n\n\n\n\n\n<p><\/p>\n","protected":false},"excerpt":{"rendered":"<p>El d\u00eda de mayor movimiento fue el s\u00e1bado, cuando ingresaron alrededor de mil entre turistas y personas que llegaron para visitar a sus familias El doctor Carlos B\u00e1ez, subsecretario de Apoyo y Log\u00edstica del ministerio de Salud P\u00fablica, revel\u00f3 que, en promedio, la mitad de las personas que llegan al puesto ubicado en San Jos\u00e9, [&hellip;]<\/p>\n","protected":false},"author":2,"featured_media":341,"comment_status":"open","ping_status":"open","sticky":false,"template":"","format":"standard","meta":{"footnotes":""},"categories":[50],"tags":[74,73,71,75,72],"class_list":["post-340","post","type-post","status-publish","format-standard","has-post-thumbnail","hentry","category-turismo","tag-cataratas","tag-local","tag-nacional","tag-parque-nacional-iguazu","tag-provincial"],"yoast_head":"<!-- This site is optimized with the Yoast SEO plugin v27.5 - https:\/\/yoast.com\/product\/yoast-seo-wordpress\/ -->\n<title>Unas 2 mil personas ingresaron a Misiones por el Puesto Centinela este fin de semana largo | CVI NOTICIAS<\/title>\n<meta name=\"robots\" content=\"index, follow, max-snippet:-1, max-image-preview:large, max-video-preview:-1\" \/>\n<link rel=\"canonical\" href=\"https:\/\/cvinoticias.com\/v3\/unas-2-mil-personas-ingresaron-a-misiones-por-el-puesto-centinela-este-fin-de-semana-largo\/\" \/>\n<meta property=\"og:locale\" content=\"es_ES\" \/>\n<meta property=\"og:type\" content=\"article\" \/>\n<meta property=\"og:title\" content=\"Unas 2 mil personas ingresaron a Misiones por el Puesto Centinela este fin de semana largo | CVI NOTICIAS\" \/>\n<meta property=\"og:description\" content=\"El d\u00eda de mayor movimiento fue el s\u00e1bado, cuando ingresaron alrededor de mil entre turistas y personas que llegaron para visitar a sus familias El doctor Carlos B\u00e1ez, subsecretario de Apoyo y Log\u00edstica del ministerio de Salud P\u00fablica, revel\u00f3 que, en promedio, la mitad de las personas que llegan al puesto ubicado en San Jos\u00e9, [&hellip;]\" \/>\n<meta property=\"og:url\" content=\"https:\/\/cvinoticias.com\/v3\/unas-2-mil-personas-ingresaron-a-misiones-por-el-puesto-centinela-este-fin-de-semana-largo\/\" \/>\n<meta property=\"og:site_name\" content=\"CVI NOTICIAS\" \/>\n<meta property=\"article:publisher\" content=\"https:\/\/www.facebook.com\/cvinoticias\" \/>\n<meta property=\"article:published_time\" content=\"2020-12-08T22:55:24+00:00\" \/>\n<meta property=\"og:image\" content=\"https:\/\/cvinoticias.com\/wp-content\/uploads\/2020\/12\/pl.jpg\" \/>\n\t<meta property=\"og:image:width\" content=\"800\" \/>\n\t<meta property=\"og:image:height\" content=\"450\" \/>\n\t<meta property=\"og:image:type\" content=\"image\/jpeg\" \/>\n<meta name=\"author\" content=\"f1000024\" \/>\n<meta name=\"twitter:card\" content=\"summary_large_image\" \/>\n<meta name=\"twitter:label1\" content=\"Escrito por\" \/>\n\t<meta name=\"twitter:data1\" content=\"f1000024\" \/>\n\t<meta name=\"twitter:label2\" content=\"Tiempo de lectura\" \/>\n\t<meta name=\"twitter:data2\" content=\"4 minutos\" \/>\n<script type=\"application\/ld+json\" class=\"yoast-schema-graph\">{\"@context\":\"https:\\\/\\\/schema.org\",\"@graph\":[{\"@type\":\"Article\",\"@id\":\"https:\\\/\\\/cvinoticias.com\\\/v3\\\/unas-2-mil-personas-ingresaron-a-misiones-por-el-puesto-centinela-este-fin-de-semana-largo\\\/#article\",\"isPartOf\":{\"@id\":\"https:\\\/\\\/cvinoticias.com\\\/v3\\\/unas-2-mil-personas-ingresaron-a-misiones-por-el-puesto-centinela-este-fin-de-semana-largo\\\/\"},\"author\":{\"name\":\"f1000024\",\"@id\":\"https:\\\/\\\/cvinoticias.com\\\/v3\\\/#\\\/schema\\\/person\\\/2db77e3c6bc03c538495d7b2b8be9b66\"},\"headline\":\"Unas 2 mil personas ingresaron a Misiones por el Puesto Centinela este fin de semana largo\",\"datePublished\":\"2020-12-08T22:55:24+00:00\",\"mainEntityOfPage\":{\"@id\":\"https:\\\/\\\/cvinoticias.com\\\/v3\\\/unas-2-mil-personas-ingresaron-a-misiones-por-el-puesto-centinela-este-fin-de-semana-largo\\\/\"},\"wordCount\":805,\"commentCount\":1,\"publisher\":{\"@id\":\"https:\\\/\\\/cvinoticias.com\\\/v3\\\/#organization\"},\"image\":{\"@id\":\"https:\\\/\\\/cvinoticias.com\\\/v3\\\/unas-2-mil-personas-ingresaron-a-misiones-por-el-puesto-centinela-este-fin-de-semana-largo\\\/#primaryimage\"},\"thumbnailUrl\":\"https:\\\/\\\/cvinoticias.com\\\/wp-content\\\/uploads\\\/2020\\\/12\\\/pl.jpg\",\"keywords\":[\"cataratas\",\"local\",\"nacional\",\"parque nacional iguaz\u00fa\",\"provincial\"],\"articleSection\":[\"Turismo\"],\"inLanguage\":\"es\",\"potentialAction\":[{\"@type\":\"CommentAction\",\"name\":\"Comment\",\"target\":[\"https:\\\/\\\/cvinoticias.com\\\/v3\\\/unas-2-mil-personas-ingresaron-a-misiones-por-el-puesto-centinela-este-fin-de-semana-largo\\\/#respond\"]}]},{\"@type\":\"WebPage\",\"@id\":\"https:\\\/\\\/cvinoticias.com\\\/v3\\\/unas-2-mil-personas-ingresaron-a-misiones-por-el-puesto-centinela-este-fin-de-semana-largo\\\/\",\"url\":\"https:\\\/\\\/cvinoticias.com\\\/v3\\\/unas-2-mil-personas-ingresaron-a-misiones-por-el-puesto-centinela-este-fin-de-semana-largo\\\/\",\"name\":\"Unas 2 mil personas ingresaron a Misiones por el Puesto Centinela este fin de semana largo | CVI NOTICIAS\",\"isPartOf\":{\"@id\":\"https:\\\/\\\/cvinoticias.com\\\/v3\\\/#website\"},\"primaryImageOfPage\":{\"@id\":\"https:\\\/\\\/cvinoticias.com\\\/v3\\\/unas-2-mil-personas-ingresaron-a-misiones-por-el-puesto-centinela-este-fin-de-semana-largo\\\/#primaryimage\"},\"image\":{\"@id\":\"https:\\\/\\\/cvinoticias.com\\\/v3\\\/unas-2-mil-personas-ingresaron-a-misiones-por-el-puesto-centinela-este-fin-de-semana-largo\\\/#primaryimage\"},\"thumbnailUrl\":\"https:\\\/\\\/cvinoticias.com\\\/wp-content\\\/uploads\\\/2020\\\/12\\\/pl.jpg\",\"datePublished\":\"2020-12-08T22:55:24+00:00\",\"breadcrumb\":{\"@id\":\"https:\\\/\\\/cvinoticias.com\\\/v3\\\/unas-2-mil-personas-ingresaron-a-misiones-por-el-puesto-centinela-este-fin-de-semana-largo\\\/#breadcrumb\"},\"inLanguage\":\"es\",\"potentialAction\":[{\"@type\":\"ReadAction\",\"target\":[\"https:\\\/\\\/cvinoticias.com\\\/v3\\\/unas-2-mil-personas-ingresaron-a-misiones-por-el-puesto-centinela-este-fin-de-semana-largo\\\/\"]}]},{\"@type\":\"ImageObject\",\"inLanguage\":\"es\",\"@id\":\"https:\\\/\\\/cvinoticias.com\\\/v3\\\/unas-2-mil-personas-ingresaron-a-misiones-por-el-puesto-centinela-este-fin-de-semana-largo\\\/#primaryimage\",\"url\":\"https:\\\/\\\/cvinoticias.com\\\/wp-content\\\/uploads\\\/2020\\\/12\\\/pl.jpg\",\"contentUrl\":\"https:\\\/\\\/cvinoticias.com\\\/wp-content\\\/uploads\\\/2020\\\/12\\\/pl.jpg\",\"width\":800,\"height\":450},{\"@type\":\"BreadcrumbList\",\"@id\":\"https:\\\/\\\/cvinoticias.com\\\/v3\\\/unas-2-mil-personas-ingresaron-a-misiones-por-el-puesto-centinela-este-fin-de-semana-largo\\\/#breadcrumb\",\"itemListElement\":[{\"@type\":\"ListItem\",\"position\":1,\"name\":\"Portada\",\"item\":\"https:\\\/\\\/cvinoticias.com\\\/v3\\\/\"},{\"@type\":\"ListItem\",\"position\":2,\"name\":\"Unas 2 mil personas ingresaron a Misiones por el Puesto Centinela este fin de semana largo\"}]},{\"@type\":\"WebSite\",\"@id\":\"https:\\\/\\\/cvinoticias.com\\\/v3\\\/#website\",\"url\":\"https:\\\/\\\/cvinoticias.com\\\/v3\\\/\",\"name\":\"CVI NOTICIAS\",\"description\":\"\",\"publisher\":{\"@id\":\"https:\\\/\\\/cvinoticias.com\\\/v3\\\/#organization\"},\"alternateName\":\"CVI\",\"potentialAction\":[{\"@type\":\"SearchAction\",\"target\":{\"@type\":\"EntryPoint\",\"urlTemplate\":\"https:\\\/\\\/cvinoticias.com\\\/v3\\\/?s={search_term_string}\"},\"query-input\":{\"@type\":\"PropertyValueSpecification\",\"valueRequired\":true,\"valueName\":\"search_term_string\"}}],\"inLanguage\":\"es\"},{\"@type\":\"Organization\",\"@id\":\"https:\\\/\\\/cvinoticias.com\\\/v3\\\/#organization\",\"name\":\"CVI NOTICIAS\",\"url\":\"https:\\\/\\\/cvinoticias.com\\\/v3\\\/\",\"logo\":{\"@type\":\"ImageObject\",\"inLanguage\":\"es\",\"@id\":\"https:\\\/\\\/cvinoticias.com\\\/v3\\\/#\\\/schema\\\/logo\\\/image\\\/\",\"url\":\"https:\\\/\\\/cvinoticias.com\\\/wp-content\\\/uploads\\\/2023\\\/04\\\/cropped-cropped-cropped-cropped-cropped-3-1.png\",\"contentUrl\":\"https:\\\/\\\/cvinoticias.com\\\/wp-content\\\/uploads\\\/2023\\\/04\\\/cropped-cropped-cropped-cropped-cropped-3-1.png\",\"width\":95,\"height\":122,\"caption\":\"CVI NOTICIAS\"},\"image\":{\"@id\":\"https:\\\/\\\/cvinoticias.com\\\/v3\\\/#\\\/schema\\\/logo\\\/image\\\/\"},\"sameAs\":[\"https:\\\/\\\/www.facebook.com\\\/cvinoticias\",\"https:\\\/\\\/www.instagram.com\\\/cvinoticias\\\/\",\"https:\\\/\\\/www.youtube.com\\\/@CVINOTICIAS\"]},{\"@type\":\"Person\",\"@id\":\"https:\\\/\\\/cvinoticias.com\\\/v3\\\/#\\\/schema\\\/person\\\/2db77e3c6bc03c538495d7b2b8be9b66\",\"name\":\"f1000024\",\"image\":{\"@type\":\"ImageObject\",\"inLanguage\":\"es\",\"@id\":\"https:\\\/\\\/secure.gravatar.com\\\/avatar\\\/d4fe7459cfc51ff5129ce1a732bbef5928568b8092d412ef95611616376bbeed?s=96&d=mm&r=g\",\"url\":\"https:\\\/\\\/secure.gravatar.com\\\/avatar\\\/d4fe7459cfc51ff5129ce1a732bbef5928568b8092d412ef95611616376bbeed?s=96&d=mm&r=g\",\"contentUrl\":\"https:\\\/\\\/secure.gravatar.com\\\/avatar\\\/d4fe7459cfc51ff5129ce1a732bbef5928568b8092d412ef95611616376bbeed?s=96&d=mm&r=g\",\"caption\":\"f1000024\"},\"url\":\"https:\\\/\\\/cvinoticias.com\\\/v3\\\/author\\\/f1000024\\\/\"}]}<\/script>\n<!-- \/ Yoast SEO plugin. -->","yoast_head_json":{"title":"Unas 2 mil personas ingresaron a Misiones por el Puesto Centinela este fin de semana largo | CVI NOTICIAS","robots":{"index":"index","follow":"follow","max-snippet":"max-snippet:-1","max-image-preview":"max-image-preview:large","max-video-preview":"max-video-preview:-1"},"canonical":"https:\/\/cvinoticias.com\/v3\/unas-2-mil-personas-ingresaron-a-misiones-por-el-puesto-centinela-este-fin-de-semana-largo\/","og_locale":"es_ES","og_type":"article","og_title":"Unas 2 mil personas ingresaron a Misiones por el Puesto Centinela este fin de semana largo | CVI NOTICIAS","og_description":"El d\u00eda de mayor movimiento fue el s\u00e1bado, cuando ingresaron alrededor de mil entre turistas y personas que llegaron para visitar a sus familias El doctor Carlos B\u00e1ez, subsecretario de Apoyo y Log\u00edstica del ministerio de Salud P\u00fablica, revel\u00f3 que, en promedio, la mitad de las personas que llegan al puesto ubicado en San Jos\u00e9, [&hellip;]","og_url":"https:\/\/cvinoticias.com\/v3\/unas-2-mil-personas-ingresaron-a-misiones-por-el-puesto-centinela-este-fin-de-semana-largo\/","og_site_name":"CVI NOTICIAS","article_publisher":"https:\/\/www.facebook.com\/cvinoticias","article_published_time":"2020-12-08T22:55:24+00:00","og_image":[{"width":800,"height":450,"url":"https:\/\/cvinoticias.com\/wp-content\/uploads\/2020\/12\/pl.jpg","type":"image\/jpeg"}],"author":"f1000024","twitter_card":"summary_large_image","twitter_misc":{"Escrito por":"f1000024","Tiempo de lectura":"4 minutos"},"schema":{"@context":"https:\/\/schema.org","@graph":[{"@type":"Article","@id":"https:\/\/cvinoticias.com\/v3\/unas-2-mil-personas-ingresaron-a-misiones-por-el-puesto-centinela-este-fin-de-semana-largo\/#article","isPartOf":{"@id":"https:\/\/cvinoticias.com\/v3\/unas-2-mil-personas-ingresaron-a-misiones-por-el-puesto-centinela-este-fin-de-semana-largo\/"},"author":{"name":"f1000024","@id":"https:\/\/cvinoticias.com\/v3\/#\/schema\/person\/2db77e3c6bc03c538495d7b2b8be9b66"},"headline":"Unas 2 mil personas ingresaron a Misiones por el Puesto Centinela este fin de semana largo","datePublished":"2020-12-08T22:55:24+00:00","mainEntityOfPage":{"@id":"https:\/\/cvinoticias.com\/v3\/unas-2-mil-personas-ingresaron-a-misiones-por-el-puesto-centinela-este-fin-de-semana-largo\/"},"wordCount":805,"commentCount":1,"publisher":{"@id":"https:\/\/cvinoticias.com\/v3\/#organization"},"image":{"@id":"https:\/\/cvinoticias.com\/v3\/unas-2-mil-personas-ingresaron-a-misiones-por-el-puesto-centinela-este-fin-de-semana-largo\/#primaryimage"},"thumbnailUrl":"https:\/\/cvinoticias.com\/wp-content\/uploads\/2020\/12\/pl.jpg","keywords":["cataratas","local","nacional","parque nacional iguaz\u00fa","provincial"],"articleSection":["Turismo"],"inLanguage":"es","potentialAction":[{"@type":"CommentAction","name":"Comment","target":["https:\/\/cvinoticias.com\/v3\/unas-2-mil-personas-ingresaron-a-misiones-por-el-puesto-centinela-este-fin-de-semana-largo\/#respond"]}]},{"@type":"WebPage","@id":"https:\/\/cvinoticias.com\/v3\/unas-2-mil-personas-ingresaron-a-misiones-por-el-puesto-centinela-este-fin-de-semana-largo\/","url":"https:\/\/cvinoticias.com\/v3\/unas-2-mil-personas-ingresaron-a-misiones-por-el-puesto-centinela-este-fin-de-semana-largo\/","name":"Unas 2 mil personas ingresaron a Misiones por el Puesto Centinela este fin de semana largo | CVI NOTICIAS","isPartOf":{"@id":"https:\/\/cvinoticias.com\/v3\/#website"},"primaryImageOfPage":{"@id":"https:\/\/cvinoticias.com\/v3\/unas-2-mil-personas-ingresaron-a-misiones-por-el-puesto-centinela-este-fin-de-semana-largo\/#primaryimage"},"image":{"@id":"https:\/\/cvinoticias.com\/v3\/unas-2-mil-personas-ingresaron-a-misiones-por-el-puesto-centinela-este-fin-de-semana-largo\/#primaryimage"},"thumbnailUrl":"https:\/\/cvinoticias.com\/wp-content\/uploads\/2020\/12\/pl.jpg","datePublished":"2020-12-08T22:55:24+00:00","breadcrumb":{"@id":"https:\/\/cvinoticias.com\/v3\/unas-2-mil-personas-ingresaron-a-misiones-por-el-puesto-centinela-este-fin-de-semana-largo\/#breadcrumb"},"inLanguage":"es","potentialAction":[{"@type":"ReadAction","target":["https:\/\/cvinoticias.com\/v3\/unas-2-mil-personas-ingresaron-a-misiones-por-el-puesto-centinela-este-fin-de-semana-largo\/"]}]},{"@type":"ImageObject","inLanguage":"es","@id":"https:\/\/cvinoticias.com\/v3\/unas-2-mil-personas-ingresaron-a-misiones-por-el-puesto-centinela-este-fin-de-semana-largo\/#primaryimage","url":"https:\/\/cvinoticias.com\/wp-content\/uploads\/2020\/12\/pl.jpg","contentUrl":"https:\/\/cvinoticias.com\/wp-content\/uploads\/2020\/12\/pl.jpg","width":800,"height":450},{"@type":"BreadcrumbList","@id":"https:\/\/cvinoticias.com\/v3\/unas-2-mil-personas-ingresaron-a-misiones-por-el-puesto-centinela-este-fin-de-semana-largo\/#breadcrumb","itemListElement":[{"@type":"ListItem","position":1,"name":"Portada","item":"https:\/\/cvinoticias.com\/v3\/"},{"@type":"ListItem","position":2,"name":"Unas 2 mil personas ingresaron a Misiones por el Puesto Centinela este fin de semana largo"}]},{"@type":"WebSite","@id":"https:\/\/cvinoticias.com\/v3\/#website","url":"https:\/\/cvinoticias.com\/v3\/","name":"CVI NOTICIAS","description":"","publisher":{"@id":"https:\/\/cvinoticias.com\/v3\/#organization"},"alternateName":"CVI","potentialAction":[{"@type":"SearchAction","target":{"@type":"EntryPoint","urlTemplate":"https:\/\/cvinoticias.com\/v3\/?s={search_term_string}"},"query-input":{"@type":"PropertyValueSpecification","valueRequired":true,"valueName":"search_term_string"}}],"inLanguage":"es"},{"@type":"Organization","@id":"https:\/\/cvinoticias.com\/v3\/#organization","name":"CVI NOTICIAS","url":"https:\/\/cvinoticias.com\/v3\/","logo":{"@type":"ImageObject","inLanguage":"es","@id":"https:\/\/cvinoticias.com\/v3\/#\/schema\/logo\/image\/","url":"https:\/\/cvinoticias.com\/wp-content\/uploads\/2023\/04\/cropped-cropped-cropped-cropped-cropped-3-1.png","contentUrl":"https:\/\/cvinoticias.com\/wp-content\/uploads\/2023\/04\/cropped-cropped-cropped-cropped-cropped-3-1.png","width":95,"height":122,"caption":"CVI NOTICIAS"},"image":{"@id":"https:\/\/cvinoticias.com\/v3\/#\/schema\/logo\/image\/"},"sameAs":["https:\/\/www.facebook.com\/cvinoticias","https:\/\/www.instagram.com\/cvinoticias\/","https:\/\/www.youtube.com\/@CVINOTICIAS"]},{"@type":"Person","@id":"https:\/\/cvinoticias.com\/v3\/#\/schema\/person\/2db77e3c6bc03c538495d7b2b8be9b66","name":"f1000024","image":{"@type":"ImageObject","inLanguage":"es","@id":"https:\/\/secure.gravatar.com\/avatar\/d4fe7459cfc51ff5129ce1a732bbef5928568b8092d412ef95611616376bbeed?s=96&d=mm&r=g","url":"https:\/\/secure.gravatar.com\/avatar\/d4fe7459cfc51ff5129ce1a732bbef5928568b8092d412ef95611616376bbeed?s=96&d=mm&r=g","contentUrl":"https:\/\/secure.gravatar.com\/avatar\/d4fe7459cfc51ff5129ce1a732bbef5928568b8092d412ef95611616376bbeed?s=96&d=mm&r=g","caption":"f1000024"},"url":"https:\/\/cvinoticias.com\/v3\/author\/f1000024\/"}]}},"_links":{"self":[{"href":"https:\/\/cvinoticias.com\/v3\/wp-json\/wp\/v2\/posts\/340","targetHints":{"allow":["GET"]}}],"collection":[{"href":"https:\/\/cvinoticias.com\/v3\/wp-json\/wp\/v2\/posts"}],"about":[{"href":"https:\/\/cvinoticias.com\/v3\/wp-json\/wp\/v2\/types\/post"}],"author":[{"embeddable":true,"href":"https:\/\/cvinoticias.com\/v3\/wp-json\/wp\/v2\/users\/2"}],"replies":[{"embeddable":true,"href":"https:\/\/cvinoticias.com\/v3\/wp-json\/wp\/v2\/comments?post=340"}],"version-history":[{"count":1,"href":"https:\/\/cvinoticias.com\/v3\/wp-json\/wp\/v2\/posts\/340\/revisions"}],"predecessor-version":[{"id":342,"href":"https:\/\/cvinoticias.com\/v3\/wp-json\/wp\/v2\/posts\/340\/revisions\/342"}],"wp:featuredmedia":[{"embeddable":true,"href":"https:\/\/cvinoticias.com\/v3\/wp-json\/wp\/v2\/media\/341"}],"wp:attachment":[{"href":"https:\/\/cvinoticias.com\/v3\/wp-json\/wp\/v2\/media?parent=340"}],"wp:term":[{"taxonomy":"category","embeddable":true,"href":"https:\/\/cvinoticias.com\/v3\/wp-json\/wp\/v2\/categories?post=340"},{"taxonomy":"post_tag","embeddable":true,"href":"https:\/\/cvinoticias.com\/v3\/wp-json\/wp\/v2\/tags?post=340"}],"curies":[{"name":"wp","href":"https:\/\/api.w.org\/{rel}","templated":true}]}}