{"id":33995,"date":"2024-07-02T10:53:46","date_gmt":"2024-07-02T13:53:46","guid":{"rendered":"https:\/\/cvinoticias.com\/v3\/?p=33995"},"modified":"2024-07-02T10:56:15","modified_gmt":"2024-07-02T13:56:15","slug":"con-ruido-a-motores-llega-la-8va-fecha-del-turismo-carretera-el-fin-de-semana-en-posadas","status":"publish","type":"post","link":"https:\/\/cvinoticias.com\/v3\/con-ruido-a-motores-llega-la-8va-fecha-del-turismo-carretera-el-fin-de-semana-en-posadas\/","title":{"rendered":"Con Ruido a motores llega la 8va fecha del Turismo Carretera el fin de Semana a Posadas"},"content":{"rendered":"\n<p><strong>El fin de semana la capital de la Tierra Colorada vivir\u00e1 una fecha \u00fanica con la llegada de la m\u00e1xima categor\u00eda del automovilismo argentino. El Turismo Carretera (TC) aterrizar\u00e1 el s\u00e1bado y domingo venidero en el aut\u00f3dromo posade\u00f1o, lugar donde se desarrollar\u00e1n las carreras del TC y TC Pista. <\/strong><\/p>\n\n\n\n<p>Las entradas se adquieren en distintos puntos de la ciudad de Posadas como tambi\u00e9n en distintos puntos de la provincia. <\/p>\n\n\n\n<p><strong>El sector general tiene un valor de $25.000 y podr\u00e1n elegir port\u00f3n 1, 2 o 3. Mientras que el ingreso a Boxes con tribuna tiene un costo de $50.000. Los jubilados, en tanto, que presenten carnet podr\u00e1n acceder a un descuento para las entradas Generales a un valor de $15.000.<\/strong><\/p>\n\n\n\n<p>La compra tambi\u00e9n se puede realizar por la v\u00eda online a trav\u00e9s de <strong>automovilismomisionero.com.ar<\/strong> mediante distintos m\u00e9todos de pago.<\/p>\n\n\n\n<p>Las entradas virtuales deber\u00e1n ser presentadas impresas o digitales en un dispositivo m\u00f3vil para que, en el ingreso, mediante el escaneo del c\u00f3digo QR que figura en el margen superior, el personal autorizado del ACM pueda entregar la pulsera correspondiente al sector.<\/p>\n\n\n\n<p><strong>Precios de estacionamiento que se deber\u00e1n abonar el fin de semana de carrera<\/strong><\/p>\n\n\n\n<p><strong>Para el Port\u00f3n 1 y 3, zona de acampe, los costos ser\u00e1n:<\/strong><\/p>\n\n\n\n<p>Moto: $10.000, Auto\/camioneta: $15.000, Cami\u00f3n\/bus\/minib\u00fas\/motorhome: $45.000, Carpa\/gazebo o similar: $30.000<\/p>\n\n\n\n<p><strong>Para el sector general del Port\u00f3n 2, los valores corresponden a un \u00fanico ingreso, es decir, quienes permanezcan en el aut\u00f3dromo los d\u00edas de carrera abonar\u00e1n por \u00fanica vez, pero si salen del predio y vuelven a ingresar, deber\u00e1n abonar nuevamente<\/strong>: <\/p>\n\n\n\n<p>Moto: $15.000, Auto\/camioneta: $30.000, Carpa\/gazebo o similar: $ 30.000, <\/p>\n\n\n\n<p><strong>Quienes adquieran la entrada a Boxes con tribuna podr\u00e1n comprar estacionamiento VIP:Auto\/camioneta: $50.000 por d\u00eda<\/strong><\/p>\n\n\n\n<p>.<\/p>\n","protected":false},"excerpt":{"rendered":"<p>El fin de semana la capital de la Tierra Colorada vivir\u00e1 una fecha \u00fanica con la llegada de la m\u00e1xima categor\u00eda del automovilismo argentino. El Turismo Carretera (TC) aterrizar\u00e1 el s\u00e1bado y domingo venidero en el aut\u00f3dromo posade\u00f1o, lugar donde se desarrollar\u00e1n las carreras del TC y TC Pista. Las entradas se adquieren en distintos [&hellip;]<\/p>\n","protected":false},"author":2,"featured_media":33996,"comment_status":"open","ping_status":"open","sticky":false,"template":"","format":"standard","meta":{"footnotes":""},"categories":[24],"tags":[],"class_list":["post-33995","post","type-post","status-publish","format-standard","has-post-thumbnail","hentry","category-deportes"],"yoast_head":"<!-- This site is optimized with the Yoast SEO plugin v27.5 - https:\/\/yoast.com\/product\/yoast-seo-wordpress\/ -->\n<title>Con Ruido a motores llega la 8va fecha del Turismo Carretera el fin de Semana a Posadas | CVI NOTICIAS<\/title>\n<meta name=\"robots\" content=\"index, follow, max-snippet:-1, max-image-preview:large, max-video-preview:-1\" \/>\n<link rel=\"canonical\" href=\"https:\/\/cvinoticias.com\/v3\/con-ruido-a-motores-llega-la-8va-fecha-del-turismo-carretera-el-fin-de-semana-en-posadas\/\" \/>\n<meta property=\"og:locale\" content=\"es_ES\" \/>\n<meta property=\"og:type\" content=\"article\" \/>\n<meta property=\"og:title\" content=\"Con Ruido a motores llega la 8va fecha del Turismo Carretera el fin de Semana a Posadas | CVI NOTICIAS\" \/>\n<meta property=\"og:description\" content=\"El fin de semana la capital de la Tierra Colorada vivir\u00e1 una fecha \u00fanica con la llegada de la m\u00e1xima categor\u00eda del automovilismo argentino. El Turismo Carretera (TC) aterrizar\u00e1 el s\u00e1bado y domingo venidero en el aut\u00f3dromo posade\u00f1o, lugar donde se desarrollar\u00e1n las carreras del TC y TC Pista. Las entradas se adquieren en distintos [&hellip;]\" \/>\n<meta property=\"og:url\" content=\"https:\/\/cvinoticias.com\/v3\/con-ruido-a-motores-llega-la-8va-fecha-del-turismo-carretera-el-fin-de-semana-en-posadas\/\" \/>\n<meta property=\"og:site_name\" content=\"CVI NOTICIAS\" \/>\n<meta property=\"article:publisher\" content=\"https:\/\/www.facebook.com\/cvinoticias\" \/>\n<meta property=\"article:published_time\" content=\"2024-07-02T13:53:46+00:00\" \/>\n<meta property=\"article:modified_time\" content=\"2024-07-02T13:56:15+00:00\" \/>\n<meta property=\"og:image\" content=\"https:\/\/cvinoticias.com\/wp-content\/uploads\/2024\/07\/lg-4.webp\" \/>\n\t<meta property=\"og:image:width\" content=\"1200\" \/>\n\t<meta property=\"og:image:height\" content=\"799\" \/>\n\t<meta property=\"og:image:type\" content=\"image\/webp\" \/>\n<meta name=\"author\" content=\"f1000024\" \/>\n<meta name=\"twitter:card\" content=\"summary_large_image\" \/>\n<meta name=\"twitter:label1\" content=\"Escrito por\" \/>\n\t<meta name=\"twitter:data1\" content=\"f1000024\" \/>\n\t<meta name=\"twitter:label2\" content=\"Tiempo de lectura\" \/>\n\t<meta name=\"twitter:data2\" content=\"2 minutos\" \/>\n<script type=\"application\/ld+json\" class=\"yoast-schema-graph\">{\"@context\":\"https:\\\/\\\/schema.org\",\"@graph\":[{\"@type\":\"Article\",\"@id\":\"https:\\\/\\\/cvinoticias.com\\\/v3\\\/con-ruido-a-motores-llega-la-8va-fecha-del-turismo-carretera-el-fin-de-semana-en-posadas\\\/#article\",\"isPartOf\":{\"@id\":\"https:\\\/\\\/cvinoticias.com\\\/v3\\\/con-ruido-a-motores-llega-la-8va-fecha-del-turismo-carretera-el-fin-de-semana-en-posadas\\\/\"},\"author\":{\"name\":\"f1000024\",\"@id\":\"https:\\\/\\\/cvinoticias.com\\\/v3\\\/#\\\/schema\\\/person\\\/2db77e3c6bc03c538495d7b2b8be9b66\"},\"headline\":\"Con Ruido a motores llega la 8va fecha del Turismo Carretera el fin de Semana a Posadas\",\"datePublished\":\"2024-07-02T13:53:46+00:00\",\"dateModified\":\"2024-07-02T13:56:15+00:00\",\"mainEntityOfPage\":{\"@id\":\"https:\\\/\\\/cvinoticias.com\\\/v3\\\/con-ruido-a-motores-llega-la-8va-fecha-del-turismo-carretera-el-fin-de-semana-en-posadas\\\/\"},\"wordCount\":319,\"commentCount\":0,\"publisher\":{\"@id\":\"https:\\\/\\\/cvinoticias.com\\\/v3\\\/#organization\"},\"image\":{\"@id\":\"https:\\\/\\\/cvinoticias.com\\\/v3\\\/con-ruido-a-motores-llega-la-8va-fecha-del-turismo-carretera-el-fin-de-semana-en-posadas\\\/#primaryimage\"},\"thumbnailUrl\":\"https:\\\/\\\/cvinoticias.com\\\/wp-content\\\/uploads\\\/2024\\\/07\\\/lg-4.webp\",\"articleSection\":[\"Deportes\"],\"inLanguage\":\"es\",\"potentialAction\":[{\"@type\":\"CommentAction\",\"name\":\"Comment\",\"target\":[\"https:\\\/\\\/cvinoticias.com\\\/v3\\\/con-ruido-a-motores-llega-la-8va-fecha-del-turismo-carretera-el-fin-de-semana-en-posadas\\\/#respond\"]}]},{\"@type\":\"WebPage\",\"@id\":\"https:\\\/\\\/cvinoticias.com\\\/v3\\\/con-ruido-a-motores-llega-la-8va-fecha-del-turismo-carretera-el-fin-de-semana-en-posadas\\\/\",\"url\":\"https:\\\/\\\/cvinoticias.com\\\/v3\\\/con-ruido-a-motores-llega-la-8va-fecha-del-turismo-carretera-el-fin-de-semana-en-posadas\\\/\",\"name\":\"Con Ruido a motores llega la 8va fecha del Turismo Carretera el fin de Semana a Posadas | CVI NOTICIAS\",\"isPartOf\":{\"@id\":\"https:\\\/\\\/cvinoticias.com\\\/v3\\\/#website\"},\"primaryImageOfPage\":{\"@id\":\"https:\\\/\\\/cvinoticias.com\\\/v3\\\/con-ruido-a-motores-llega-la-8va-fecha-del-turismo-carretera-el-fin-de-semana-en-posadas\\\/#primaryimage\"},\"image\":{\"@id\":\"https:\\\/\\\/cvinoticias.com\\\/v3\\\/con-ruido-a-motores-llega-la-8va-fecha-del-turismo-carretera-el-fin-de-semana-en-posadas\\\/#primaryimage\"},\"thumbnailUrl\":\"https:\\\/\\\/cvinoticias.com\\\/wp-content\\\/uploads\\\/2024\\\/07\\\/lg-4.webp\",\"datePublished\":\"2024-07-02T13:53:46+00:00\",\"dateModified\":\"2024-07-02T13:56:15+00:00\",\"breadcrumb\":{\"@id\":\"https:\\\/\\\/cvinoticias.com\\\/v3\\\/con-ruido-a-motores-llega-la-8va-fecha-del-turismo-carretera-el-fin-de-semana-en-posadas\\\/#breadcrumb\"},\"inLanguage\":\"es\",\"potentialAction\":[{\"@type\":\"ReadAction\",\"target\":[\"https:\\\/\\\/cvinoticias.com\\\/v3\\\/con-ruido-a-motores-llega-la-8va-fecha-del-turismo-carretera-el-fin-de-semana-en-posadas\\\/\"]}]},{\"@type\":\"ImageObject\",\"inLanguage\":\"es\",\"@id\":\"https:\\\/\\\/cvinoticias.com\\\/v3\\\/con-ruido-a-motores-llega-la-8va-fecha-del-turismo-carretera-el-fin-de-semana-en-posadas\\\/#primaryimage\",\"url\":\"https:\\\/\\\/cvinoticias.com\\\/wp-content\\\/uploads\\\/2024\\\/07\\\/lg-4.webp\",\"contentUrl\":\"https:\\\/\\\/cvinoticias.com\\\/wp-content\\\/uploads\\\/2024\\\/07\\\/lg-4.webp\",\"width\":1200,\"height\":799},{\"@type\":\"BreadcrumbList\",\"@id\":\"https:\\\/\\\/cvinoticias.com\\\/v3\\\/con-ruido-a-motores-llega-la-8va-fecha-del-turismo-carretera-el-fin-de-semana-en-posadas\\\/#breadcrumb\",\"itemListElement\":[{\"@type\":\"ListItem\",\"position\":1,\"name\":\"Portada\",\"item\":\"https:\\\/\\\/cvinoticias.com\\\/v3\\\/\"},{\"@type\":\"ListItem\",\"position\":2,\"name\":\"Con Ruido a motores llega la 8va fecha del Turismo Carretera el fin de Semana a Posadas\"}]},{\"@type\":\"WebSite\",\"@id\":\"https:\\\/\\\/cvinoticias.com\\\/v3\\\/#website\",\"url\":\"https:\\\/\\\/cvinoticias.com\\\/v3\\\/\",\"name\":\"CVI NOTICIAS\",\"description\":\"\",\"publisher\":{\"@id\":\"https:\\\/\\\/cvinoticias.com\\\/v3\\\/#organization\"},\"alternateName\":\"CVI\",\"potentialAction\":[{\"@type\":\"SearchAction\",\"target\":{\"@type\":\"EntryPoint\",\"urlTemplate\":\"https:\\\/\\\/cvinoticias.com\\\/v3\\\/?s={search_term_string}\"},\"query-input\":{\"@type\":\"PropertyValueSpecification\",\"valueRequired\":true,\"valueName\":\"search_term_string\"}}],\"inLanguage\":\"es\"},{\"@type\":\"Organization\",\"@id\":\"https:\\\/\\\/cvinoticias.com\\\/v3\\\/#organization\",\"name\":\"CVI NOTICIAS\",\"url\":\"https:\\\/\\\/cvinoticias.com\\\/v3\\\/\",\"logo\":{\"@type\":\"ImageObject\",\"inLanguage\":\"es\",\"@id\":\"https:\\\/\\\/cvinoticias.com\\\/v3\\\/#\\\/schema\\\/logo\\\/image\\\/\",\"url\":\"https:\\\/\\\/cvinoticias.com\\\/wp-content\\\/uploads\\\/2023\\\/04\\\/cropped-cropped-cropped-cropped-cropped-3-1.png\",\"contentUrl\":\"https:\\\/\\\/cvinoticias.com\\\/wp-content\\\/uploads\\\/2023\\\/04\\\/cropped-cropped-cropped-cropped-cropped-3-1.png\",\"width\":95,\"height\":122,\"caption\":\"CVI NOTICIAS\"},\"image\":{\"@id\":\"https:\\\/\\\/cvinoticias.com\\\/v3\\\/#\\\/schema\\\/logo\\\/image\\\/\"},\"sameAs\":[\"https:\\\/\\\/www.facebook.com\\\/cvinoticias\",\"https:\\\/\\\/www.instagram.com\\\/cvinoticias\\\/\",\"https:\\\/\\\/www.youtube.com\\\/@CVINOTICIAS\"]},{\"@type\":\"Person\",\"@id\":\"https:\\\/\\\/cvinoticias.com\\\/v3\\\/#\\\/schema\\\/person\\\/2db77e3c6bc03c538495d7b2b8be9b66\",\"name\":\"f1000024\",\"image\":{\"@type\":\"ImageObject\",\"inLanguage\":\"es\",\"@id\":\"https:\\\/\\\/secure.gravatar.com\\\/avatar\\\/d4fe7459cfc51ff5129ce1a732bbef5928568b8092d412ef95611616376bbeed?s=96&d=mm&r=g\",\"url\":\"https:\\\/\\\/secure.gravatar.com\\\/avatar\\\/d4fe7459cfc51ff5129ce1a732bbef5928568b8092d412ef95611616376bbeed?s=96&d=mm&r=g\",\"contentUrl\":\"https:\\\/\\\/secure.gravatar.com\\\/avatar\\\/d4fe7459cfc51ff5129ce1a732bbef5928568b8092d412ef95611616376bbeed?s=96&d=mm&r=g\",\"caption\":\"f1000024\"},\"url\":\"https:\\\/\\\/cvinoticias.com\\\/v3\\\/author\\\/f1000024\\\/\"}]}<\/script>\n<!-- \/ Yoast SEO plugin. -->","yoast_head_json":{"title":"Con Ruido a motores llega la 8va fecha del Turismo Carretera el fin de Semana a Posadas | CVI NOTICIAS","robots":{"index":"index","follow":"follow","max-snippet":"max-snippet:-1","max-image-preview":"max-image-preview:large","max-video-preview":"max-video-preview:-1"},"canonical":"https:\/\/cvinoticias.com\/v3\/con-ruido-a-motores-llega-la-8va-fecha-del-turismo-carretera-el-fin-de-semana-en-posadas\/","og_locale":"es_ES","og_type":"article","og_title":"Con Ruido a motores llega la 8va fecha del Turismo Carretera el fin de Semana a Posadas | CVI NOTICIAS","og_description":"El fin de semana la capital de la Tierra Colorada vivir\u00e1 una fecha \u00fanica con la llegada de la m\u00e1xima categor\u00eda del automovilismo argentino. El Turismo Carretera (TC) aterrizar\u00e1 el s\u00e1bado y domingo venidero en el aut\u00f3dromo posade\u00f1o, lugar donde se desarrollar\u00e1n las carreras del TC y TC Pista. Las entradas se adquieren en distintos [&hellip;]","og_url":"https:\/\/cvinoticias.com\/v3\/con-ruido-a-motores-llega-la-8va-fecha-del-turismo-carretera-el-fin-de-semana-en-posadas\/","og_site_name":"CVI NOTICIAS","article_publisher":"https:\/\/www.facebook.com\/cvinoticias","article_published_time":"2024-07-02T13:53:46+00:00","article_modified_time":"2024-07-02T13:56:15+00:00","og_image":[{"width":1200,"height":799,"url":"https:\/\/cvinoticias.com\/wp-content\/uploads\/2024\/07\/lg-4.webp","type":"image\/webp"}],"author":"f1000024","twitter_card":"summary_large_image","twitter_misc":{"Escrito por":"f1000024","Tiempo de lectura":"2 minutos"},"schema":{"@context":"https:\/\/schema.org","@graph":[{"@type":"Article","@id":"https:\/\/cvinoticias.com\/v3\/con-ruido-a-motores-llega-la-8va-fecha-del-turismo-carretera-el-fin-de-semana-en-posadas\/#article","isPartOf":{"@id":"https:\/\/cvinoticias.com\/v3\/con-ruido-a-motores-llega-la-8va-fecha-del-turismo-carretera-el-fin-de-semana-en-posadas\/"},"author":{"name":"f1000024","@id":"https:\/\/cvinoticias.com\/v3\/#\/schema\/person\/2db77e3c6bc03c538495d7b2b8be9b66"},"headline":"Con Ruido a motores llega la 8va fecha del Turismo Carretera el fin de Semana a Posadas","datePublished":"2024-07-02T13:53:46+00:00","dateModified":"2024-07-02T13:56:15+00:00","mainEntityOfPage":{"@id":"https:\/\/cvinoticias.com\/v3\/con-ruido-a-motores-llega-la-8va-fecha-del-turismo-carretera-el-fin-de-semana-en-posadas\/"},"wordCount":319,"commentCount":0,"publisher":{"@id":"https:\/\/cvinoticias.com\/v3\/#organization"},"image":{"@id":"https:\/\/cvinoticias.com\/v3\/con-ruido-a-motores-llega-la-8va-fecha-del-turismo-carretera-el-fin-de-semana-en-posadas\/#primaryimage"},"thumbnailUrl":"https:\/\/cvinoticias.com\/wp-content\/uploads\/2024\/07\/lg-4.webp","articleSection":["Deportes"],"inLanguage":"es","potentialAction":[{"@type":"CommentAction","name":"Comment","target":["https:\/\/cvinoticias.com\/v3\/con-ruido-a-motores-llega-la-8va-fecha-del-turismo-carretera-el-fin-de-semana-en-posadas\/#respond"]}]},{"@type":"WebPage","@id":"https:\/\/cvinoticias.com\/v3\/con-ruido-a-motores-llega-la-8va-fecha-del-turismo-carretera-el-fin-de-semana-en-posadas\/","url":"https:\/\/cvinoticias.com\/v3\/con-ruido-a-motores-llega-la-8va-fecha-del-turismo-carretera-el-fin-de-semana-en-posadas\/","name":"Con Ruido a motores llega la 8va fecha del Turismo Carretera el fin de Semana a Posadas | CVI NOTICIAS","isPartOf":{"@id":"https:\/\/cvinoticias.com\/v3\/#website"},"primaryImageOfPage":{"@id":"https:\/\/cvinoticias.com\/v3\/con-ruido-a-motores-llega-la-8va-fecha-del-turismo-carretera-el-fin-de-semana-en-posadas\/#primaryimage"},"image":{"@id":"https:\/\/cvinoticias.com\/v3\/con-ruido-a-motores-llega-la-8va-fecha-del-turismo-carretera-el-fin-de-semana-en-posadas\/#primaryimage"},"thumbnailUrl":"https:\/\/cvinoticias.com\/wp-content\/uploads\/2024\/07\/lg-4.webp","datePublished":"2024-07-02T13:53:46+00:00","dateModified":"2024-07-02T13:56:15+00:00","breadcrumb":{"@id":"https:\/\/cvinoticias.com\/v3\/con-ruido-a-motores-llega-la-8va-fecha-del-turismo-carretera-el-fin-de-semana-en-posadas\/#breadcrumb"},"inLanguage":"es","potentialAction":[{"@type":"ReadAction","target":["https:\/\/cvinoticias.com\/v3\/con-ruido-a-motores-llega-la-8va-fecha-del-turismo-carretera-el-fin-de-semana-en-posadas\/"]}]},{"@type":"ImageObject","inLanguage":"es","@id":"https:\/\/cvinoticias.com\/v3\/con-ruido-a-motores-llega-la-8va-fecha-del-turismo-carretera-el-fin-de-semana-en-posadas\/#primaryimage","url":"https:\/\/cvinoticias.com\/wp-content\/uploads\/2024\/07\/lg-4.webp","contentUrl":"https:\/\/cvinoticias.com\/wp-content\/uploads\/2024\/07\/lg-4.webp","width":1200,"height":799},{"@type":"BreadcrumbList","@id":"https:\/\/cvinoticias.com\/v3\/con-ruido-a-motores-llega-la-8va-fecha-del-turismo-carretera-el-fin-de-semana-en-posadas\/#breadcrumb","itemListElement":[{"@type":"ListItem","position":1,"name":"Portada","item":"https:\/\/cvinoticias.com\/v3\/"},{"@type":"ListItem","position":2,"name":"Con Ruido a motores llega la 8va fecha del Turismo Carretera el fin de Semana a Posadas"}]},{"@type":"WebSite","@id":"https:\/\/cvinoticias.com\/v3\/#website","url":"https:\/\/cvinoticias.com\/v3\/","name":"CVI NOTICIAS","description":"","publisher":{"@id":"https:\/\/cvinoticias.com\/v3\/#organization"},"alternateName":"CVI","potentialAction":[{"@type":"SearchAction","target":{"@type":"EntryPoint","urlTemplate":"https:\/\/cvinoticias.com\/v3\/?s={search_term_string}"},"query-input":{"@type":"PropertyValueSpecification","valueRequired":true,"valueName":"search_term_string"}}],"inLanguage":"es"},{"@type":"Organization","@id":"https:\/\/cvinoticias.com\/v3\/#organization","name":"CVI NOTICIAS","url":"https:\/\/cvinoticias.com\/v3\/","logo":{"@type":"ImageObject","inLanguage":"es","@id":"https:\/\/cvinoticias.com\/v3\/#\/schema\/logo\/image\/","url":"https:\/\/cvinoticias.com\/wp-content\/uploads\/2023\/04\/cropped-cropped-cropped-cropped-cropped-3-1.png","contentUrl":"https:\/\/cvinoticias.com\/wp-content\/uploads\/2023\/04\/cropped-cropped-cropped-cropped-cropped-3-1.png","width":95,"height":122,"caption":"CVI NOTICIAS"},"image":{"@id":"https:\/\/cvinoticias.com\/v3\/#\/schema\/logo\/image\/"},"sameAs":["https:\/\/www.facebook.com\/cvinoticias","https:\/\/www.instagram.com\/cvinoticias\/","https:\/\/www.youtube.com\/@CVINOTICIAS"]},{"@type":"Person","@id":"https:\/\/cvinoticias.com\/v3\/#\/schema\/person\/2db77e3c6bc03c538495d7b2b8be9b66","name":"f1000024","image":{"@type":"ImageObject","inLanguage":"es","@id":"https:\/\/secure.gravatar.com\/avatar\/d4fe7459cfc51ff5129ce1a732bbef5928568b8092d412ef95611616376bbeed?s=96&d=mm&r=g","url":"https:\/\/secure.gravatar.com\/avatar\/d4fe7459cfc51ff5129ce1a732bbef5928568b8092d412ef95611616376bbeed?s=96&d=mm&r=g","contentUrl":"https:\/\/secure.gravatar.com\/avatar\/d4fe7459cfc51ff5129ce1a732bbef5928568b8092d412ef95611616376bbeed?s=96&d=mm&r=g","caption":"f1000024"},"url":"https:\/\/cvinoticias.com\/v3\/author\/f1000024\/"}]}},"_links":{"self":[{"href":"https:\/\/cvinoticias.com\/v3\/wp-json\/wp\/v2\/posts\/33995","targetHints":{"allow":["GET"]}}],"collection":[{"href":"https:\/\/cvinoticias.com\/v3\/wp-json\/wp\/v2\/posts"}],"about":[{"href":"https:\/\/cvinoticias.com\/v3\/wp-json\/wp\/v2\/types\/post"}],"author":[{"embeddable":true,"href":"https:\/\/cvinoticias.com\/v3\/wp-json\/wp\/v2\/users\/2"}],"replies":[{"embeddable":true,"href":"https:\/\/cvinoticias.com\/v3\/wp-json\/wp\/v2\/comments?post=33995"}],"version-history":[{"count":2,"href":"https:\/\/cvinoticias.com\/v3\/wp-json\/wp\/v2\/posts\/33995\/revisions"}],"predecessor-version":[{"id":33998,"href":"https:\/\/cvinoticias.com\/v3\/wp-json\/wp\/v2\/posts\/33995\/revisions\/33998"}],"wp:featuredmedia":[{"embeddable":true,"href":"https:\/\/cvinoticias.com\/v3\/wp-json\/wp\/v2\/media\/33996"}],"wp:attachment":[{"href":"https:\/\/cvinoticias.com\/v3\/wp-json\/wp\/v2\/media?parent=33995"}],"wp:term":[{"taxonomy":"category","embeddable":true,"href":"https:\/\/cvinoticias.com\/v3\/wp-json\/wp\/v2\/categories?post=33995"},{"taxonomy":"post_tag","embeddable":true,"href":"https:\/\/cvinoticias.com\/v3\/wp-json\/wp\/v2\/tags?post=33995"}],"curies":[{"name":"wp","href":"https:\/\/api.w.org\/{rel}","templated":true}]}}