{"id":33904,"date":"2024-06-28T23:31:25","date_gmt":"2024-06-29T02:31:25","guid":{"rendered":"https:\/\/cvinoticias.com\/v3\/?p=33904"},"modified":"2024-06-28T23:31:26","modified_gmt":"2024-06-29T02:31:26","slug":"la-legislatura-de-misiones-entrego-la-distincion-marta-teodora-schwarz-el-angel-de-la-selva-edicion-2024","status":"publish","type":"post","link":"https:\/\/cvinoticias.com\/v3\/la-legislatura-de-misiones-entrego-la-distincion-marta-teodora-schwarz-el-angel-de-la-selva-edicion-2024\/","title":{"rendered":"La Legislatura de Misiones entreg\u00f3 la distinci\u00f3n Marta Teodora Schwarz: El \u00c1ngel de la Selva Edici\u00f3n 2024"},"content":{"rendered":"\n<p><strong>En la Sala de las Dos Constituciones de la C\u00e1mara de Representantes de la Provincia de Misiones se realiz\u00f3 la Entrega de Distinci\u00f3n \u201cMarta Teodora Schwarz \u2013 El \u00c1ngel de la Selva\u201d Edici\u00f3n 2024<\/strong><\/p>\n\n\n\n<p>La ceremonia honr\u00f3 el esp\u00edritu de Marta Teodora Schwarz, quien lleg\u00f3 a Misiones procedente de Buenos Aires para prestar servicios en la Triple Frontera, dejando un legado significativo en la salud p\u00fablica de la regi\u00f3n<\/p>\n\n\n\n<p>Organizada por la Comisi\u00f3n de Salud y Seguridad Social de la C\u00e1mara de Representantes, destaca la labor de estas mujeres que trabajan incansablemente por el bienestar de los misioneros y misioneras, siguiendo el ejemplo de Marta Teodora Schwarz, el \u201c\u00c1ngel de la Selva\u201d..<\/p>\n\n\n\n<p><strong>Las mujeres reconocidas en esta ocasi\u00f3n fueron:<\/strong><\/p>\n\n\n\n<p>N\u00e9lida Cristina D\u00edaz, Eliana Soledad Pitana, Rosa Mabel Gallardo, Rosa Isabel Silvero, Rossana Stefa\u00f1uk, Liliana Noem\u00ed Almir\u00f3n, Rosa Carolina Filipigh, Alexandra Elizabet Fridrich, Jennyfer Zimmermann, Maria Costanza Cavagnaro, Nelly Esther Insfran, Mar\u00eda In\u00e9s Doubnia, Silvia Raquel Acosta, Julia Dalila B\u00fchl, Liliana Beatriz Ben\u00edtez, Beda Elizabeth Mereles Rodr\u00edguez, Yamila Constanza Cardozo, Ana Mar\u00eda Marta Piccolotto, Dora Niskanen, Mar\u00eda Eva Jim\u00e9nez, Anete Luiza Torres, Gabriela Andrea Garcia, Marin\u00e9s Valentim, Maria Melania Vera, Nilda Beatriz Da Rosa, Marcela Paredes, Adriana Patricia Nolazco, Sylvia Barberis, Nora Raquel Mohr, Norma Rosa Elizabeth Delgado y Liliana Marcela Tamanini<\/p>\n\n\n\n<figure class=\"wp-block-gallery has-nested-images columns-default is-cropped wp-block-gallery-1 is-layout-flex wp-block-gallery-is-layout-flex\">\n<figure class=\"wp-block-image size-large\"><a href=\"https:\/\/cvinoticias.com\/wp-content\/uploads\/2024\/06\/WhatsApp-Image-2024-06-28-at-19.48.43.jpeg\"><img decoding=\"async\" width=\"1024\" height=\"683\" data-id=\"33907\" data-src=\"https:\/\/cvinoticias.com\/wp-content\/uploads\/2024\/06\/WhatsApp-Image-2024-06-28-at-19.48.43-1024x683.jpeg\" alt=\"\" class=\"wp-image-33907 lazyload\" data-srcset=\"https:\/\/cvinoticias.com\/wp-content\/uploads\/2024\/06\/WhatsApp-Image-2024-06-28-at-19.48.43-1024x683.jpeg 1024w, https:\/\/cvinoticias.com\/wp-content\/uploads\/2024\/06\/WhatsApp-Image-2024-06-28-at-19.48.43-300x200.jpeg 300w, https:\/\/cvinoticias.com\/wp-content\/uploads\/2024\/06\/WhatsApp-Image-2024-06-28-at-19.48.43-768x512.jpeg 768w, https:\/\/cvinoticias.com\/wp-content\/uploads\/2024\/06\/WhatsApp-Image-2024-06-28-at-19.48.43.jpeg 1500w\" data-sizes=\"(max-width: 1024px) 100vw, 1024px\" src=\"data:image\/svg+xml;base64,PHN2ZyB3aWR0aD0iMSIgaGVpZ2h0PSIxIiB4bWxucz0iaHR0cDovL3d3dy53My5vcmcvMjAwMC9zdmciPjwvc3ZnPg==\" style=\"--smush-placeholder-width: 1024px; --smush-placeholder-aspect-ratio: 1024\/683;\" \/><\/a><\/figure>\n\n\n\n<figure class=\"wp-block-image size-large\"><a href=\"https:\/\/cvinoticias.com\/wp-content\/uploads\/2024\/06\/WhatsApp-Image-2024-06-28-at-19.48.43-1.jpeg\"><img decoding=\"async\" width=\"1024\" height=\"683\" data-id=\"33906\" data-src=\"https:\/\/cvinoticias.com\/wp-content\/uploads\/2024\/06\/WhatsApp-Image-2024-06-28-at-19.48.43-1-1024x683.jpeg\" alt=\"\" class=\"wp-image-33906 lazyload\" data-srcset=\"https:\/\/cvinoticias.com\/wp-content\/uploads\/2024\/06\/WhatsApp-Image-2024-06-28-at-19.48.43-1-1024x683.jpeg 1024w, https:\/\/cvinoticias.com\/wp-content\/uploads\/2024\/06\/WhatsApp-Image-2024-06-28-at-19.48.43-1-300x200.jpeg 300w, https:\/\/cvinoticias.com\/wp-content\/uploads\/2024\/06\/WhatsApp-Image-2024-06-28-at-19.48.43-1-768x512.jpeg 768w, https:\/\/cvinoticias.com\/wp-content\/uploads\/2024\/06\/WhatsApp-Image-2024-06-28-at-19.48.43-1.jpeg 1500w\" data-sizes=\"(max-width: 1024px) 100vw, 1024px\" src=\"data:image\/svg+xml;base64,PHN2ZyB3aWR0aD0iMSIgaGVpZ2h0PSIxIiB4bWxucz0iaHR0cDovL3d3dy53My5vcmcvMjAwMC9zdmciPjwvc3ZnPg==\" style=\"--smush-placeholder-width: 1024px; --smush-placeholder-aspect-ratio: 1024\/683;\" \/><\/a><\/figure>\n<\/figure>\n","protected":false},"excerpt":{"rendered":"<p>En la Sala de las Dos Constituciones de la C\u00e1mara de Representantes de la Provincia de Misiones se realiz\u00f3 la Entrega de Distinci\u00f3n \u201cMarta Teodora Schwarz \u2013 El \u00c1ngel de la Selva\u201d Edici\u00f3n 2024 La ceremonia honr\u00f3 el esp\u00edritu de Marta Teodora Schwarz, quien lleg\u00f3 a Misiones procedente de Buenos Aires para prestar servicios en [&hellip;]<\/p>\n","protected":false},"author":2,"featured_media":33905,"comment_status":"open","ping_status":"open","sticky":false,"template":"","format":"standard","meta":{"footnotes":""},"categories":[43],"tags":[],"class_list":["post-33904","post","type-post","status-publish","format-standard","has-post-thumbnail","hentry","category-provinciales"],"yoast_head":"<!-- This site is optimized with the Yoast SEO plugin v27.5 - https:\/\/yoast.com\/product\/yoast-seo-wordpress\/ -->\n<title>La Legislatura de Misiones entreg\u00f3 la distinci\u00f3n Marta Teodora Schwarz: El \u00c1ngel de la Selva Edici\u00f3n 2024 | CVI NOTICIAS<\/title>\n<meta name=\"robots\" content=\"index, follow, max-snippet:-1, max-image-preview:large, max-video-preview:-1\" \/>\n<link rel=\"canonical\" href=\"https:\/\/cvinoticias.com\/v3\/la-legislatura-de-misiones-entrego-la-distincion-marta-teodora-schwarz-el-angel-de-la-selva-edicion-2024\/\" \/>\n<meta property=\"og:locale\" content=\"es_ES\" \/>\n<meta property=\"og:type\" content=\"article\" \/>\n<meta property=\"og:title\" content=\"La Legislatura de Misiones entreg\u00f3 la distinci\u00f3n Marta Teodora Schwarz: El \u00c1ngel de la Selva Edici\u00f3n 2024 | CVI NOTICIAS\" \/>\n<meta property=\"og:description\" content=\"En la Sala de las Dos Constituciones de la C\u00e1mara de Representantes de la Provincia de Misiones se realiz\u00f3 la Entrega de Distinci\u00f3n \u201cMarta Teodora Schwarz \u2013 El \u00c1ngel de la Selva\u201d Edici\u00f3n 2024 La ceremonia honr\u00f3 el esp\u00edritu de Marta Teodora Schwarz, quien lleg\u00f3 a Misiones procedente de Buenos Aires para prestar servicios en [&hellip;]\" \/>\n<meta property=\"og:url\" content=\"https:\/\/cvinoticias.com\/v3\/la-legislatura-de-misiones-entrego-la-distincion-marta-teodora-schwarz-el-angel-de-la-selva-edicion-2024\/\" \/>\n<meta property=\"og:site_name\" content=\"CVI NOTICIAS\" \/>\n<meta property=\"article:publisher\" content=\"https:\/\/www.facebook.com\/cvinoticias\" \/>\n<meta property=\"article:published_time\" content=\"2024-06-29T02:31:25+00:00\" \/>\n<meta property=\"article:modified_time\" content=\"2024-06-29T02:31:26+00:00\" \/>\n<meta property=\"og:image\" content=\"https:\/\/cvinoticias.com\/wp-content\/uploads\/2024\/06\/WhatsApp-Image-2024-06-28-at-19.47.56-813x458-1.jpeg\" \/>\n\t<meta property=\"og:image:width\" content=\"813\" \/>\n\t<meta property=\"og:image:height\" content=\"458\" \/>\n\t<meta property=\"og:image:type\" content=\"image\/jpeg\" \/>\n<meta name=\"author\" content=\"f1000024\" \/>\n<meta name=\"twitter:card\" content=\"summary_large_image\" \/>\n<meta name=\"twitter:label1\" content=\"Escrito por\" \/>\n\t<meta name=\"twitter:data1\" content=\"f1000024\" \/>\n\t<meta name=\"twitter:label2\" content=\"Tiempo de lectura\" \/>\n\t<meta name=\"twitter:data2\" content=\"2 minutos\" \/>\n<script type=\"application\/ld+json\" class=\"yoast-schema-graph\">{\"@context\":\"https:\\\/\\\/schema.org\",\"@graph\":[{\"@type\":\"Article\",\"@id\":\"https:\\\/\\\/cvinoticias.com\\\/v3\\\/la-legislatura-de-misiones-entrego-la-distincion-marta-teodora-schwarz-el-angel-de-la-selva-edicion-2024\\\/#article\",\"isPartOf\":{\"@id\":\"https:\\\/\\\/cvinoticias.com\\\/v3\\\/la-legislatura-de-misiones-entrego-la-distincion-marta-teodora-schwarz-el-angel-de-la-selva-edicion-2024\\\/\"},\"author\":{\"name\":\"f1000024\",\"@id\":\"https:\\\/\\\/cvinoticias.com\\\/v3\\\/#\\\/schema\\\/person\\\/2db77e3c6bc03c538495d7b2b8be9b66\"},\"headline\":\"La Legislatura de Misiones entreg\u00f3 la distinci\u00f3n Marta Teodora Schwarz: El \u00c1ngel de la Selva Edici\u00f3n 2024\",\"datePublished\":\"2024-06-29T02:31:25+00:00\",\"dateModified\":\"2024-06-29T02:31:26+00:00\",\"mainEntityOfPage\":{\"@id\":\"https:\\\/\\\/cvinoticias.com\\\/v3\\\/la-legislatura-de-misiones-entrego-la-distincion-marta-teodora-schwarz-el-angel-de-la-selva-edicion-2024\\\/\"},\"wordCount\":249,\"commentCount\":0,\"publisher\":{\"@id\":\"https:\\\/\\\/cvinoticias.com\\\/v3\\\/#organization\"},\"image\":{\"@id\":\"https:\\\/\\\/cvinoticias.com\\\/v3\\\/la-legislatura-de-misiones-entrego-la-distincion-marta-teodora-schwarz-el-angel-de-la-selva-edicion-2024\\\/#primaryimage\"},\"thumbnailUrl\":\"https:\\\/\\\/cvinoticias.com\\\/wp-content\\\/uploads\\\/2024\\\/06\\\/WhatsApp-Image-2024-06-28-at-19.47.56-813x458-1.jpeg\",\"articleSection\":[\"Provinciales\"],\"inLanguage\":\"es\",\"potentialAction\":[{\"@type\":\"CommentAction\",\"name\":\"Comment\",\"target\":[\"https:\\\/\\\/cvinoticias.com\\\/v3\\\/la-legislatura-de-misiones-entrego-la-distincion-marta-teodora-schwarz-el-angel-de-la-selva-edicion-2024\\\/#respond\"]}]},{\"@type\":\"WebPage\",\"@id\":\"https:\\\/\\\/cvinoticias.com\\\/v3\\\/la-legislatura-de-misiones-entrego-la-distincion-marta-teodora-schwarz-el-angel-de-la-selva-edicion-2024\\\/\",\"url\":\"https:\\\/\\\/cvinoticias.com\\\/v3\\\/la-legislatura-de-misiones-entrego-la-distincion-marta-teodora-schwarz-el-angel-de-la-selva-edicion-2024\\\/\",\"name\":\"La Legislatura de Misiones entreg\u00f3 la distinci\u00f3n Marta Teodora Schwarz: El \u00c1ngel de la Selva Edici\u00f3n 2024 | CVI NOTICIAS\",\"isPartOf\":{\"@id\":\"https:\\\/\\\/cvinoticias.com\\\/v3\\\/#website\"},\"primaryImageOfPage\":{\"@id\":\"https:\\\/\\\/cvinoticias.com\\\/v3\\\/la-legislatura-de-misiones-entrego-la-distincion-marta-teodora-schwarz-el-angel-de-la-selva-edicion-2024\\\/#primaryimage\"},\"image\":{\"@id\":\"https:\\\/\\\/cvinoticias.com\\\/v3\\\/la-legislatura-de-misiones-entrego-la-distincion-marta-teodora-schwarz-el-angel-de-la-selva-edicion-2024\\\/#primaryimage\"},\"thumbnailUrl\":\"https:\\\/\\\/cvinoticias.com\\\/wp-content\\\/uploads\\\/2024\\\/06\\\/WhatsApp-Image-2024-06-28-at-19.47.56-813x458-1.jpeg\",\"datePublished\":\"2024-06-29T02:31:25+00:00\",\"dateModified\":\"2024-06-29T02:31:26+00:00\",\"breadcrumb\":{\"@id\":\"https:\\\/\\\/cvinoticias.com\\\/v3\\\/la-legislatura-de-misiones-entrego-la-distincion-marta-teodora-schwarz-el-angel-de-la-selva-edicion-2024\\\/#breadcrumb\"},\"inLanguage\":\"es\",\"potentialAction\":[{\"@type\":\"ReadAction\",\"target\":[\"https:\\\/\\\/cvinoticias.com\\\/v3\\\/la-legislatura-de-misiones-entrego-la-distincion-marta-teodora-schwarz-el-angel-de-la-selva-edicion-2024\\\/\"]}]},{\"@type\":\"ImageObject\",\"inLanguage\":\"es\",\"@id\":\"https:\\\/\\\/cvinoticias.com\\\/v3\\\/la-legislatura-de-misiones-entrego-la-distincion-marta-teodora-schwarz-el-angel-de-la-selva-edicion-2024\\\/#primaryimage\",\"url\":\"https:\\\/\\\/cvinoticias.com\\\/wp-content\\\/uploads\\\/2024\\\/06\\\/WhatsApp-Image-2024-06-28-at-19.47.56-813x458-1.jpeg\",\"contentUrl\":\"https:\\\/\\\/cvinoticias.com\\\/wp-content\\\/uploads\\\/2024\\\/06\\\/WhatsApp-Image-2024-06-28-at-19.47.56-813x458-1.jpeg\",\"width\":813,\"height\":458},{\"@type\":\"BreadcrumbList\",\"@id\":\"https:\\\/\\\/cvinoticias.com\\\/v3\\\/la-legislatura-de-misiones-entrego-la-distincion-marta-teodora-schwarz-el-angel-de-la-selva-edicion-2024\\\/#breadcrumb\",\"itemListElement\":[{\"@type\":\"ListItem\",\"position\":1,\"name\":\"Portada\",\"item\":\"https:\\\/\\\/cvinoticias.com\\\/v3\\\/\"},{\"@type\":\"ListItem\",\"position\":2,\"name\":\"La Legislatura de Misiones entreg\u00f3 la distinci\u00f3n Marta Teodora Schwarz: El \u00c1ngel de la Selva Edici\u00f3n 2024\"}]},{\"@type\":\"WebSite\",\"@id\":\"https:\\\/\\\/cvinoticias.com\\\/v3\\\/#website\",\"url\":\"https:\\\/\\\/cvinoticias.com\\\/v3\\\/\",\"name\":\"CVI NOTICIAS\",\"description\":\"\",\"publisher\":{\"@id\":\"https:\\\/\\\/cvinoticias.com\\\/v3\\\/#organization\"},\"alternateName\":\"CVI\",\"potentialAction\":[{\"@type\":\"SearchAction\",\"target\":{\"@type\":\"EntryPoint\",\"urlTemplate\":\"https:\\\/\\\/cvinoticias.com\\\/v3\\\/?s={search_term_string}\"},\"query-input\":{\"@type\":\"PropertyValueSpecification\",\"valueRequired\":true,\"valueName\":\"search_term_string\"}}],\"inLanguage\":\"es\"},{\"@type\":\"Organization\",\"@id\":\"https:\\\/\\\/cvinoticias.com\\\/v3\\\/#organization\",\"name\":\"CVI NOTICIAS\",\"url\":\"https:\\\/\\\/cvinoticias.com\\\/v3\\\/\",\"logo\":{\"@type\":\"ImageObject\",\"inLanguage\":\"es\",\"@id\":\"https:\\\/\\\/cvinoticias.com\\\/v3\\\/#\\\/schema\\\/logo\\\/image\\\/\",\"url\":\"https:\\\/\\\/cvinoticias.com\\\/wp-content\\\/uploads\\\/2023\\\/04\\\/cropped-cropped-cropped-cropped-cropped-3-1.png\",\"contentUrl\":\"https:\\\/\\\/cvinoticias.com\\\/wp-content\\\/uploads\\\/2023\\\/04\\\/cropped-cropped-cropped-cropped-cropped-3-1.png\",\"width\":95,\"height\":122,\"caption\":\"CVI NOTICIAS\"},\"image\":{\"@id\":\"https:\\\/\\\/cvinoticias.com\\\/v3\\\/#\\\/schema\\\/logo\\\/image\\\/\"},\"sameAs\":[\"https:\\\/\\\/www.facebook.com\\\/cvinoticias\",\"https:\\\/\\\/www.instagram.com\\\/cvinoticias\\\/\",\"https:\\\/\\\/www.youtube.com\\\/@CVINOTICIAS\"]},{\"@type\":\"Person\",\"@id\":\"https:\\\/\\\/cvinoticias.com\\\/v3\\\/#\\\/schema\\\/person\\\/2db77e3c6bc03c538495d7b2b8be9b66\",\"name\":\"f1000024\",\"image\":{\"@type\":\"ImageObject\",\"inLanguage\":\"es\",\"@id\":\"https:\\\/\\\/secure.gravatar.com\\\/avatar\\\/d4fe7459cfc51ff5129ce1a732bbef5928568b8092d412ef95611616376bbeed?s=96&d=mm&r=g\",\"url\":\"https:\\\/\\\/secure.gravatar.com\\\/avatar\\\/d4fe7459cfc51ff5129ce1a732bbef5928568b8092d412ef95611616376bbeed?s=96&d=mm&r=g\",\"contentUrl\":\"https:\\\/\\\/secure.gravatar.com\\\/avatar\\\/d4fe7459cfc51ff5129ce1a732bbef5928568b8092d412ef95611616376bbeed?s=96&d=mm&r=g\",\"caption\":\"f1000024\"},\"url\":\"https:\\\/\\\/cvinoticias.com\\\/v3\\\/author\\\/f1000024\\\/\"}]}<\/script>\n<!-- \/ Yoast SEO plugin. -->","yoast_head_json":{"title":"La Legislatura de Misiones entreg\u00f3 la distinci\u00f3n Marta Teodora Schwarz: El \u00c1ngel de la Selva Edici\u00f3n 2024 | CVI NOTICIAS","robots":{"index":"index","follow":"follow","max-snippet":"max-snippet:-1","max-image-preview":"max-image-preview:large","max-video-preview":"max-video-preview:-1"},"canonical":"https:\/\/cvinoticias.com\/v3\/la-legislatura-de-misiones-entrego-la-distincion-marta-teodora-schwarz-el-angel-de-la-selva-edicion-2024\/","og_locale":"es_ES","og_type":"article","og_title":"La Legislatura de Misiones entreg\u00f3 la distinci\u00f3n Marta Teodora Schwarz: El \u00c1ngel de la Selva Edici\u00f3n 2024 | CVI NOTICIAS","og_description":"En la Sala de las Dos Constituciones de la C\u00e1mara de Representantes de la Provincia de Misiones se realiz\u00f3 la Entrega de Distinci\u00f3n \u201cMarta Teodora Schwarz \u2013 El \u00c1ngel de la Selva\u201d Edici\u00f3n 2024 La ceremonia honr\u00f3 el esp\u00edritu de Marta Teodora Schwarz, quien lleg\u00f3 a Misiones procedente de Buenos Aires para prestar servicios en [&hellip;]","og_url":"https:\/\/cvinoticias.com\/v3\/la-legislatura-de-misiones-entrego-la-distincion-marta-teodora-schwarz-el-angel-de-la-selva-edicion-2024\/","og_site_name":"CVI NOTICIAS","article_publisher":"https:\/\/www.facebook.com\/cvinoticias","article_published_time":"2024-06-29T02:31:25+00:00","article_modified_time":"2024-06-29T02:31:26+00:00","og_image":[{"width":813,"height":458,"url":"https:\/\/cvinoticias.com\/wp-content\/uploads\/2024\/06\/WhatsApp-Image-2024-06-28-at-19.47.56-813x458-1.jpeg","type":"image\/jpeg"}],"author":"f1000024","twitter_card":"summary_large_image","twitter_misc":{"Escrito por":"f1000024","Tiempo de lectura":"2 minutos"},"schema":{"@context":"https:\/\/schema.org","@graph":[{"@type":"Article","@id":"https:\/\/cvinoticias.com\/v3\/la-legislatura-de-misiones-entrego-la-distincion-marta-teodora-schwarz-el-angel-de-la-selva-edicion-2024\/#article","isPartOf":{"@id":"https:\/\/cvinoticias.com\/v3\/la-legislatura-de-misiones-entrego-la-distincion-marta-teodora-schwarz-el-angel-de-la-selva-edicion-2024\/"},"author":{"name":"f1000024","@id":"https:\/\/cvinoticias.com\/v3\/#\/schema\/person\/2db77e3c6bc03c538495d7b2b8be9b66"},"headline":"La Legislatura de Misiones entreg\u00f3 la distinci\u00f3n Marta Teodora Schwarz: El \u00c1ngel de la Selva Edici\u00f3n 2024","datePublished":"2024-06-29T02:31:25+00:00","dateModified":"2024-06-29T02:31:26+00:00","mainEntityOfPage":{"@id":"https:\/\/cvinoticias.com\/v3\/la-legislatura-de-misiones-entrego-la-distincion-marta-teodora-schwarz-el-angel-de-la-selva-edicion-2024\/"},"wordCount":249,"commentCount":0,"publisher":{"@id":"https:\/\/cvinoticias.com\/v3\/#organization"},"image":{"@id":"https:\/\/cvinoticias.com\/v3\/la-legislatura-de-misiones-entrego-la-distincion-marta-teodora-schwarz-el-angel-de-la-selva-edicion-2024\/#primaryimage"},"thumbnailUrl":"https:\/\/cvinoticias.com\/wp-content\/uploads\/2024\/06\/WhatsApp-Image-2024-06-28-at-19.47.56-813x458-1.jpeg","articleSection":["Provinciales"],"inLanguage":"es","potentialAction":[{"@type":"CommentAction","name":"Comment","target":["https:\/\/cvinoticias.com\/v3\/la-legislatura-de-misiones-entrego-la-distincion-marta-teodora-schwarz-el-angel-de-la-selva-edicion-2024\/#respond"]}]},{"@type":"WebPage","@id":"https:\/\/cvinoticias.com\/v3\/la-legislatura-de-misiones-entrego-la-distincion-marta-teodora-schwarz-el-angel-de-la-selva-edicion-2024\/","url":"https:\/\/cvinoticias.com\/v3\/la-legislatura-de-misiones-entrego-la-distincion-marta-teodora-schwarz-el-angel-de-la-selva-edicion-2024\/","name":"La Legislatura de Misiones entreg\u00f3 la distinci\u00f3n Marta Teodora Schwarz: El \u00c1ngel de la Selva Edici\u00f3n 2024 | CVI NOTICIAS","isPartOf":{"@id":"https:\/\/cvinoticias.com\/v3\/#website"},"primaryImageOfPage":{"@id":"https:\/\/cvinoticias.com\/v3\/la-legislatura-de-misiones-entrego-la-distincion-marta-teodora-schwarz-el-angel-de-la-selva-edicion-2024\/#primaryimage"},"image":{"@id":"https:\/\/cvinoticias.com\/v3\/la-legislatura-de-misiones-entrego-la-distincion-marta-teodora-schwarz-el-angel-de-la-selva-edicion-2024\/#primaryimage"},"thumbnailUrl":"https:\/\/cvinoticias.com\/wp-content\/uploads\/2024\/06\/WhatsApp-Image-2024-06-28-at-19.47.56-813x458-1.jpeg","datePublished":"2024-06-29T02:31:25+00:00","dateModified":"2024-06-29T02:31:26+00:00","breadcrumb":{"@id":"https:\/\/cvinoticias.com\/v3\/la-legislatura-de-misiones-entrego-la-distincion-marta-teodora-schwarz-el-angel-de-la-selva-edicion-2024\/#breadcrumb"},"inLanguage":"es","potentialAction":[{"@type":"ReadAction","target":["https:\/\/cvinoticias.com\/v3\/la-legislatura-de-misiones-entrego-la-distincion-marta-teodora-schwarz-el-angel-de-la-selva-edicion-2024\/"]}]},{"@type":"ImageObject","inLanguage":"es","@id":"https:\/\/cvinoticias.com\/v3\/la-legislatura-de-misiones-entrego-la-distincion-marta-teodora-schwarz-el-angel-de-la-selva-edicion-2024\/#primaryimage","url":"https:\/\/cvinoticias.com\/wp-content\/uploads\/2024\/06\/WhatsApp-Image-2024-06-28-at-19.47.56-813x458-1.jpeg","contentUrl":"https:\/\/cvinoticias.com\/wp-content\/uploads\/2024\/06\/WhatsApp-Image-2024-06-28-at-19.47.56-813x458-1.jpeg","width":813,"height":458},{"@type":"BreadcrumbList","@id":"https:\/\/cvinoticias.com\/v3\/la-legislatura-de-misiones-entrego-la-distincion-marta-teodora-schwarz-el-angel-de-la-selva-edicion-2024\/#breadcrumb","itemListElement":[{"@type":"ListItem","position":1,"name":"Portada","item":"https:\/\/cvinoticias.com\/v3\/"},{"@type":"ListItem","position":2,"name":"La Legislatura de Misiones entreg\u00f3 la distinci\u00f3n Marta Teodora Schwarz: El \u00c1ngel de la Selva Edici\u00f3n 2024"}]},{"@type":"WebSite","@id":"https:\/\/cvinoticias.com\/v3\/#website","url":"https:\/\/cvinoticias.com\/v3\/","name":"CVI NOTICIAS","description":"","publisher":{"@id":"https:\/\/cvinoticias.com\/v3\/#organization"},"alternateName":"CVI","potentialAction":[{"@type":"SearchAction","target":{"@type":"EntryPoint","urlTemplate":"https:\/\/cvinoticias.com\/v3\/?s={search_term_string}"},"query-input":{"@type":"PropertyValueSpecification","valueRequired":true,"valueName":"search_term_string"}}],"inLanguage":"es"},{"@type":"Organization","@id":"https:\/\/cvinoticias.com\/v3\/#organization","name":"CVI NOTICIAS","url":"https:\/\/cvinoticias.com\/v3\/","logo":{"@type":"ImageObject","inLanguage":"es","@id":"https:\/\/cvinoticias.com\/v3\/#\/schema\/logo\/image\/","url":"https:\/\/cvinoticias.com\/wp-content\/uploads\/2023\/04\/cropped-cropped-cropped-cropped-cropped-3-1.png","contentUrl":"https:\/\/cvinoticias.com\/wp-content\/uploads\/2023\/04\/cropped-cropped-cropped-cropped-cropped-3-1.png","width":95,"height":122,"caption":"CVI NOTICIAS"},"image":{"@id":"https:\/\/cvinoticias.com\/v3\/#\/schema\/logo\/image\/"},"sameAs":["https:\/\/www.facebook.com\/cvinoticias","https:\/\/www.instagram.com\/cvinoticias\/","https:\/\/www.youtube.com\/@CVINOTICIAS"]},{"@type":"Person","@id":"https:\/\/cvinoticias.com\/v3\/#\/schema\/person\/2db77e3c6bc03c538495d7b2b8be9b66","name":"f1000024","image":{"@type":"ImageObject","inLanguage":"es","@id":"https:\/\/secure.gravatar.com\/avatar\/d4fe7459cfc51ff5129ce1a732bbef5928568b8092d412ef95611616376bbeed?s=96&d=mm&r=g","url":"https:\/\/secure.gravatar.com\/avatar\/d4fe7459cfc51ff5129ce1a732bbef5928568b8092d412ef95611616376bbeed?s=96&d=mm&r=g","contentUrl":"https:\/\/secure.gravatar.com\/avatar\/d4fe7459cfc51ff5129ce1a732bbef5928568b8092d412ef95611616376bbeed?s=96&d=mm&r=g","caption":"f1000024"},"url":"https:\/\/cvinoticias.com\/v3\/author\/f1000024\/"}]}},"_links":{"self":[{"href":"https:\/\/cvinoticias.com\/v3\/wp-json\/wp\/v2\/posts\/33904","targetHints":{"allow":["GET"]}}],"collection":[{"href":"https:\/\/cvinoticias.com\/v3\/wp-json\/wp\/v2\/posts"}],"about":[{"href":"https:\/\/cvinoticias.com\/v3\/wp-json\/wp\/v2\/types\/post"}],"author":[{"embeddable":true,"href":"https:\/\/cvinoticias.com\/v3\/wp-json\/wp\/v2\/users\/2"}],"replies":[{"embeddable":true,"href":"https:\/\/cvinoticias.com\/v3\/wp-json\/wp\/v2\/comments?post=33904"}],"version-history":[{"count":1,"href":"https:\/\/cvinoticias.com\/v3\/wp-json\/wp\/v2\/posts\/33904\/revisions"}],"predecessor-version":[{"id":33908,"href":"https:\/\/cvinoticias.com\/v3\/wp-json\/wp\/v2\/posts\/33904\/revisions\/33908"}],"wp:featuredmedia":[{"embeddable":true,"href":"https:\/\/cvinoticias.com\/v3\/wp-json\/wp\/v2\/media\/33905"}],"wp:attachment":[{"href":"https:\/\/cvinoticias.com\/v3\/wp-json\/wp\/v2\/media?parent=33904"}],"wp:term":[{"taxonomy":"category","embeddable":true,"href":"https:\/\/cvinoticias.com\/v3\/wp-json\/wp\/v2\/categories?post=33904"},{"taxonomy":"post_tag","embeddable":true,"href":"https:\/\/cvinoticias.com\/v3\/wp-json\/wp\/v2\/tags?post=33904"}],"curies":[{"name":"wp","href":"https:\/\/api.w.org\/{rel}","templated":true}]}}