{"id":33901,"date":"2024-06-28T23:20:32","date_gmt":"2024-06-29T02:20:32","guid":{"rendered":"https:\/\/cvinoticias.com\/v3\/?p=33901"},"modified":"2024-06-28T23:20:40","modified_gmt":"2024-06-29T02:20:40","slug":"cargamento-de-mercaderias-secuestrada-por-prefectura-en-puerto-iguazu","status":"publish","type":"post","link":"https:\/\/cvinoticias.com\/v3\/cargamento-de-mercaderias-secuestrada-por-prefectura-en-puerto-iguazu\/","title":{"rendered":"Cargamento de mercader\u00edas secuestrada por Prefectura en Puerto Iguaz\u00fa"},"content":{"rendered":"\n<p>PPrefectura Naval Argentina decomis\u00f3 un cargamento millonario valuado en m\u00e1s de 16 millones de pesos, en dos procedimientos realizados en la ciudad de Puerto Iguaz\u00fa.<\/p>\n\n\n\n<p>.El primer operativo fue durante la madrugada en el kil\u00f3metro 1.926,5 del r\u00edo Paran\u00e1 (Paraje Colmina), cuando una patrulla de la Fuerza encontr\u00f3 una embarcaci\u00f3n cargada de bultos y como resultado de la requisa, se secuestr\u00f3 cubiertas para auto y mercader\u00edas de origen ilegal, cuyo valor total supera los cinco millones de pesos.<\/p>\n\n\n\n<p>Por otro lado, a la altura del kil\u00f3metro 1921,5 del r\u00edo Paran\u00e1 (Paraje Ex Club de Pesca), los efectivos de la Fuerza hallaron una segunda embarcaci\u00f3n con trece bultos cerrados a bordo, que conten\u00edan balanzas digitales, indumentaria, accesorios y otros art\u00edculos valuados en m\u00e1s de 11 millones de pesos.<\/p>\n\n\n\n<p>Intervino los casos el Juzgado y la Fiscal\u00eda Federal de Eldorado.<\/p>\n\n\n\n<p><\/p>\n","protected":false},"excerpt":{"rendered":"<p>PPrefectura Naval Argentina decomis\u00f3 un cargamento millonario valuado en m\u00e1s de 16 millones de pesos, en dos procedimientos realizados en la ciudad de Puerto Iguaz\u00fa. .El primer operativo fue durante la madrugada en el kil\u00f3metro 1.926,5 del r\u00edo Paran\u00e1 (Paraje Colmina), cuando una patrulla de la Fuerza encontr\u00f3 una embarcaci\u00f3n cargada de bultos y como [&hellip;]<\/p>\n","protected":false},"author":2,"featured_media":33902,"comment_status":"open","ping_status":"open","sticky":false,"template":"","format":"standard","meta":{"footnotes":""},"categories":[29],"tags":[],"class_list":["post-33901","post","type-post","status-publish","format-standard","has-post-thumbnail","hentry","category-locales"],"yoast_head":"<!-- This site is optimized with the Yoast SEO plugin v27.5 - https:\/\/yoast.com\/product\/yoast-seo-wordpress\/ -->\n<title>Cargamento de mercader\u00edas secuestrada por Prefectura en Puerto Iguaz\u00fa | CVI NOTICIAS<\/title>\n<meta name=\"robots\" content=\"index, follow, max-snippet:-1, max-image-preview:large, max-video-preview:-1\" \/>\n<link rel=\"canonical\" href=\"https:\/\/cvinoticias.com\/v3\/cargamento-de-mercaderias-secuestrada-por-prefectura-en-puerto-iguazu\/\" \/>\n<meta property=\"og:locale\" content=\"es_ES\" \/>\n<meta property=\"og:type\" content=\"article\" \/>\n<meta property=\"og:title\" content=\"Cargamento de mercader\u00edas secuestrada por Prefectura en Puerto Iguaz\u00fa | CVI NOTICIAS\" \/>\n<meta property=\"og:description\" content=\"PPrefectura Naval Argentina decomis\u00f3 un cargamento millonario valuado en m\u00e1s de 16 millones de pesos, en dos procedimientos realizados en la ciudad de Puerto Iguaz\u00fa. .El primer operativo fue durante la madrugada en el kil\u00f3metro 1.926,5 del r\u00edo Paran\u00e1 (Paraje Colmina), cuando una patrulla de la Fuerza encontr\u00f3 una embarcaci\u00f3n cargada de bultos y como [&hellip;]\" \/>\n<meta property=\"og:url\" content=\"https:\/\/cvinoticias.com\/v3\/cargamento-de-mercaderias-secuestrada-por-prefectura-en-puerto-iguazu\/\" \/>\n<meta property=\"og:site_name\" content=\"CVI NOTICIAS\" \/>\n<meta property=\"article:publisher\" content=\"https:\/\/www.facebook.com\/cvinoticias\" \/>\n<meta property=\"article:published_time\" content=\"2024-06-29T02:20:32+00:00\" \/>\n<meta property=\"article:modified_time\" content=\"2024-06-29T02:20:40+00:00\" \/>\n<meta property=\"og:image\" content=\"https:\/\/cvinoticias.com\/wp-content\/uploads\/2024\/06\/Imagen-de-WhatsApp-2024-06-28-a-las-21.53.58_62fb67e5-1024x768-1.jpg\" \/>\n\t<meta property=\"og:image:width\" content=\"1024\" \/>\n\t<meta property=\"og:image:height\" content=\"768\" \/>\n\t<meta property=\"og:image:type\" content=\"image\/jpeg\" \/>\n<meta name=\"author\" content=\"f1000024\" \/>\n<meta name=\"twitter:card\" content=\"summary_large_image\" \/>\n<meta name=\"twitter:label1\" content=\"Escrito por\" \/>\n\t<meta name=\"twitter:data1\" content=\"f1000024\" \/>\n\t<meta name=\"twitter:label2\" content=\"Tiempo de lectura\" \/>\n\t<meta name=\"twitter:data2\" content=\"1 minuto\" \/>\n<script type=\"application\/ld+json\" class=\"yoast-schema-graph\">{\"@context\":\"https:\\\/\\\/schema.org\",\"@graph\":[{\"@type\":\"Article\",\"@id\":\"https:\\\/\\\/cvinoticias.com\\\/v3\\\/cargamento-de-mercaderias-secuestrada-por-prefectura-en-puerto-iguazu\\\/#article\",\"isPartOf\":{\"@id\":\"https:\\\/\\\/cvinoticias.com\\\/v3\\\/cargamento-de-mercaderias-secuestrada-por-prefectura-en-puerto-iguazu\\\/\"},\"author\":{\"name\":\"f1000024\",\"@id\":\"https:\\\/\\\/cvinoticias.com\\\/v3\\\/#\\\/schema\\\/person\\\/2db77e3c6bc03c538495d7b2b8be9b66\"},\"headline\":\"Cargamento de mercader\u00edas secuestrada por Prefectura en Puerto Iguaz\u00fa\",\"datePublished\":\"2024-06-29T02:20:32+00:00\",\"dateModified\":\"2024-06-29T02:20:40+00:00\",\"mainEntityOfPage\":{\"@id\":\"https:\\\/\\\/cvinoticias.com\\\/v3\\\/cargamento-de-mercaderias-secuestrada-por-prefectura-en-puerto-iguazu\\\/\"},\"wordCount\":156,\"commentCount\":0,\"publisher\":{\"@id\":\"https:\\\/\\\/cvinoticias.com\\\/v3\\\/#organization\"},\"image\":{\"@id\":\"https:\\\/\\\/cvinoticias.com\\\/v3\\\/cargamento-de-mercaderias-secuestrada-por-prefectura-en-puerto-iguazu\\\/#primaryimage\"},\"thumbnailUrl\":\"https:\\\/\\\/cvinoticias.com\\\/wp-content\\\/uploads\\\/2024\\\/06\\\/Imagen-de-WhatsApp-2024-06-28-a-las-21.53.58_62fb67e5-1024x768-1.jpg\",\"articleSection\":[\"Locales\"],\"inLanguage\":\"es\",\"potentialAction\":[{\"@type\":\"CommentAction\",\"name\":\"Comment\",\"target\":[\"https:\\\/\\\/cvinoticias.com\\\/v3\\\/cargamento-de-mercaderias-secuestrada-por-prefectura-en-puerto-iguazu\\\/#respond\"]}]},{\"@type\":\"WebPage\",\"@id\":\"https:\\\/\\\/cvinoticias.com\\\/v3\\\/cargamento-de-mercaderias-secuestrada-por-prefectura-en-puerto-iguazu\\\/\",\"url\":\"https:\\\/\\\/cvinoticias.com\\\/v3\\\/cargamento-de-mercaderias-secuestrada-por-prefectura-en-puerto-iguazu\\\/\",\"name\":\"Cargamento de mercader\u00edas secuestrada por Prefectura en Puerto Iguaz\u00fa | CVI NOTICIAS\",\"isPartOf\":{\"@id\":\"https:\\\/\\\/cvinoticias.com\\\/v3\\\/#website\"},\"primaryImageOfPage\":{\"@id\":\"https:\\\/\\\/cvinoticias.com\\\/v3\\\/cargamento-de-mercaderias-secuestrada-por-prefectura-en-puerto-iguazu\\\/#primaryimage\"},\"image\":{\"@id\":\"https:\\\/\\\/cvinoticias.com\\\/v3\\\/cargamento-de-mercaderias-secuestrada-por-prefectura-en-puerto-iguazu\\\/#primaryimage\"},\"thumbnailUrl\":\"https:\\\/\\\/cvinoticias.com\\\/wp-content\\\/uploads\\\/2024\\\/06\\\/Imagen-de-WhatsApp-2024-06-28-a-las-21.53.58_62fb67e5-1024x768-1.jpg\",\"datePublished\":\"2024-06-29T02:20:32+00:00\",\"dateModified\":\"2024-06-29T02:20:40+00:00\",\"breadcrumb\":{\"@id\":\"https:\\\/\\\/cvinoticias.com\\\/v3\\\/cargamento-de-mercaderias-secuestrada-por-prefectura-en-puerto-iguazu\\\/#breadcrumb\"},\"inLanguage\":\"es\",\"potentialAction\":[{\"@type\":\"ReadAction\",\"target\":[\"https:\\\/\\\/cvinoticias.com\\\/v3\\\/cargamento-de-mercaderias-secuestrada-por-prefectura-en-puerto-iguazu\\\/\"]}]},{\"@type\":\"ImageObject\",\"inLanguage\":\"es\",\"@id\":\"https:\\\/\\\/cvinoticias.com\\\/v3\\\/cargamento-de-mercaderias-secuestrada-por-prefectura-en-puerto-iguazu\\\/#primaryimage\",\"url\":\"https:\\\/\\\/cvinoticias.com\\\/wp-content\\\/uploads\\\/2024\\\/06\\\/Imagen-de-WhatsApp-2024-06-28-a-las-21.53.58_62fb67e5-1024x768-1.jpg\",\"contentUrl\":\"https:\\\/\\\/cvinoticias.com\\\/wp-content\\\/uploads\\\/2024\\\/06\\\/Imagen-de-WhatsApp-2024-06-28-a-las-21.53.58_62fb67e5-1024x768-1.jpg\",\"width\":1024,\"height\":768},{\"@type\":\"BreadcrumbList\",\"@id\":\"https:\\\/\\\/cvinoticias.com\\\/v3\\\/cargamento-de-mercaderias-secuestrada-por-prefectura-en-puerto-iguazu\\\/#breadcrumb\",\"itemListElement\":[{\"@type\":\"ListItem\",\"position\":1,\"name\":\"Portada\",\"item\":\"https:\\\/\\\/cvinoticias.com\\\/v3\\\/\"},{\"@type\":\"ListItem\",\"position\":2,\"name\":\"Cargamento de mercader\u00edas secuestrada por Prefectura en Puerto Iguaz\u00fa\"}]},{\"@type\":\"WebSite\",\"@id\":\"https:\\\/\\\/cvinoticias.com\\\/v3\\\/#website\",\"url\":\"https:\\\/\\\/cvinoticias.com\\\/v3\\\/\",\"name\":\"CVI NOTICIAS\",\"description\":\"\",\"publisher\":{\"@id\":\"https:\\\/\\\/cvinoticias.com\\\/v3\\\/#organization\"},\"alternateName\":\"CVI\",\"potentialAction\":[{\"@type\":\"SearchAction\",\"target\":{\"@type\":\"EntryPoint\",\"urlTemplate\":\"https:\\\/\\\/cvinoticias.com\\\/v3\\\/?s={search_term_string}\"},\"query-input\":{\"@type\":\"PropertyValueSpecification\",\"valueRequired\":true,\"valueName\":\"search_term_string\"}}],\"inLanguage\":\"es\"},{\"@type\":\"Organization\",\"@id\":\"https:\\\/\\\/cvinoticias.com\\\/v3\\\/#organization\",\"name\":\"CVI NOTICIAS\",\"url\":\"https:\\\/\\\/cvinoticias.com\\\/v3\\\/\",\"logo\":{\"@type\":\"ImageObject\",\"inLanguage\":\"es\",\"@id\":\"https:\\\/\\\/cvinoticias.com\\\/v3\\\/#\\\/schema\\\/logo\\\/image\\\/\",\"url\":\"https:\\\/\\\/cvinoticias.com\\\/wp-content\\\/uploads\\\/2023\\\/04\\\/cropped-cropped-cropped-cropped-cropped-3-1.png\",\"contentUrl\":\"https:\\\/\\\/cvinoticias.com\\\/wp-content\\\/uploads\\\/2023\\\/04\\\/cropped-cropped-cropped-cropped-cropped-3-1.png\",\"width\":95,\"height\":122,\"caption\":\"CVI NOTICIAS\"},\"image\":{\"@id\":\"https:\\\/\\\/cvinoticias.com\\\/v3\\\/#\\\/schema\\\/logo\\\/image\\\/\"},\"sameAs\":[\"https:\\\/\\\/www.facebook.com\\\/cvinoticias\",\"https:\\\/\\\/www.instagram.com\\\/cvinoticias\\\/\",\"https:\\\/\\\/www.youtube.com\\\/@CVINOTICIAS\"]},{\"@type\":\"Person\",\"@id\":\"https:\\\/\\\/cvinoticias.com\\\/v3\\\/#\\\/schema\\\/person\\\/2db77e3c6bc03c538495d7b2b8be9b66\",\"name\":\"f1000024\",\"image\":{\"@type\":\"ImageObject\",\"inLanguage\":\"es\",\"@id\":\"https:\\\/\\\/secure.gravatar.com\\\/avatar\\\/d4fe7459cfc51ff5129ce1a732bbef5928568b8092d412ef95611616376bbeed?s=96&d=mm&r=g\",\"url\":\"https:\\\/\\\/secure.gravatar.com\\\/avatar\\\/d4fe7459cfc51ff5129ce1a732bbef5928568b8092d412ef95611616376bbeed?s=96&d=mm&r=g\",\"contentUrl\":\"https:\\\/\\\/secure.gravatar.com\\\/avatar\\\/d4fe7459cfc51ff5129ce1a732bbef5928568b8092d412ef95611616376bbeed?s=96&d=mm&r=g\",\"caption\":\"f1000024\"},\"url\":\"https:\\\/\\\/cvinoticias.com\\\/v3\\\/author\\\/f1000024\\\/\"}]}<\/script>\n<!-- \/ Yoast SEO plugin. -->","yoast_head_json":{"title":"Cargamento de mercader\u00edas secuestrada por Prefectura en Puerto Iguaz\u00fa | CVI NOTICIAS","robots":{"index":"index","follow":"follow","max-snippet":"max-snippet:-1","max-image-preview":"max-image-preview:large","max-video-preview":"max-video-preview:-1"},"canonical":"https:\/\/cvinoticias.com\/v3\/cargamento-de-mercaderias-secuestrada-por-prefectura-en-puerto-iguazu\/","og_locale":"es_ES","og_type":"article","og_title":"Cargamento de mercader\u00edas secuestrada por Prefectura en Puerto Iguaz\u00fa | CVI NOTICIAS","og_description":"PPrefectura Naval Argentina decomis\u00f3 un cargamento millonario valuado en m\u00e1s de 16 millones de pesos, en dos procedimientos realizados en la ciudad de Puerto Iguaz\u00fa. .El primer operativo fue durante la madrugada en el kil\u00f3metro 1.926,5 del r\u00edo Paran\u00e1 (Paraje Colmina), cuando una patrulla de la Fuerza encontr\u00f3 una embarcaci\u00f3n cargada de bultos y como [&hellip;]","og_url":"https:\/\/cvinoticias.com\/v3\/cargamento-de-mercaderias-secuestrada-por-prefectura-en-puerto-iguazu\/","og_site_name":"CVI NOTICIAS","article_publisher":"https:\/\/www.facebook.com\/cvinoticias","article_published_time":"2024-06-29T02:20:32+00:00","article_modified_time":"2024-06-29T02:20:40+00:00","og_image":[{"width":1024,"height":768,"url":"https:\/\/cvinoticias.com\/wp-content\/uploads\/2024\/06\/Imagen-de-WhatsApp-2024-06-28-a-las-21.53.58_62fb67e5-1024x768-1.jpg","type":"image\/jpeg"}],"author":"f1000024","twitter_card":"summary_large_image","twitter_misc":{"Escrito por":"f1000024","Tiempo de lectura":"1 minuto"},"schema":{"@context":"https:\/\/schema.org","@graph":[{"@type":"Article","@id":"https:\/\/cvinoticias.com\/v3\/cargamento-de-mercaderias-secuestrada-por-prefectura-en-puerto-iguazu\/#article","isPartOf":{"@id":"https:\/\/cvinoticias.com\/v3\/cargamento-de-mercaderias-secuestrada-por-prefectura-en-puerto-iguazu\/"},"author":{"name":"f1000024","@id":"https:\/\/cvinoticias.com\/v3\/#\/schema\/person\/2db77e3c6bc03c538495d7b2b8be9b66"},"headline":"Cargamento de mercader\u00edas secuestrada por Prefectura en Puerto Iguaz\u00fa","datePublished":"2024-06-29T02:20:32+00:00","dateModified":"2024-06-29T02:20:40+00:00","mainEntityOfPage":{"@id":"https:\/\/cvinoticias.com\/v3\/cargamento-de-mercaderias-secuestrada-por-prefectura-en-puerto-iguazu\/"},"wordCount":156,"commentCount":0,"publisher":{"@id":"https:\/\/cvinoticias.com\/v3\/#organization"},"image":{"@id":"https:\/\/cvinoticias.com\/v3\/cargamento-de-mercaderias-secuestrada-por-prefectura-en-puerto-iguazu\/#primaryimage"},"thumbnailUrl":"https:\/\/cvinoticias.com\/wp-content\/uploads\/2024\/06\/Imagen-de-WhatsApp-2024-06-28-a-las-21.53.58_62fb67e5-1024x768-1.jpg","articleSection":["Locales"],"inLanguage":"es","potentialAction":[{"@type":"CommentAction","name":"Comment","target":["https:\/\/cvinoticias.com\/v3\/cargamento-de-mercaderias-secuestrada-por-prefectura-en-puerto-iguazu\/#respond"]}]},{"@type":"WebPage","@id":"https:\/\/cvinoticias.com\/v3\/cargamento-de-mercaderias-secuestrada-por-prefectura-en-puerto-iguazu\/","url":"https:\/\/cvinoticias.com\/v3\/cargamento-de-mercaderias-secuestrada-por-prefectura-en-puerto-iguazu\/","name":"Cargamento de mercader\u00edas secuestrada por Prefectura en Puerto Iguaz\u00fa | CVI NOTICIAS","isPartOf":{"@id":"https:\/\/cvinoticias.com\/v3\/#website"},"primaryImageOfPage":{"@id":"https:\/\/cvinoticias.com\/v3\/cargamento-de-mercaderias-secuestrada-por-prefectura-en-puerto-iguazu\/#primaryimage"},"image":{"@id":"https:\/\/cvinoticias.com\/v3\/cargamento-de-mercaderias-secuestrada-por-prefectura-en-puerto-iguazu\/#primaryimage"},"thumbnailUrl":"https:\/\/cvinoticias.com\/wp-content\/uploads\/2024\/06\/Imagen-de-WhatsApp-2024-06-28-a-las-21.53.58_62fb67e5-1024x768-1.jpg","datePublished":"2024-06-29T02:20:32+00:00","dateModified":"2024-06-29T02:20:40+00:00","breadcrumb":{"@id":"https:\/\/cvinoticias.com\/v3\/cargamento-de-mercaderias-secuestrada-por-prefectura-en-puerto-iguazu\/#breadcrumb"},"inLanguage":"es","potentialAction":[{"@type":"ReadAction","target":["https:\/\/cvinoticias.com\/v3\/cargamento-de-mercaderias-secuestrada-por-prefectura-en-puerto-iguazu\/"]}]},{"@type":"ImageObject","inLanguage":"es","@id":"https:\/\/cvinoticias.com\/v3\/cargamento-de-mercaderias-secuestrada-por-prefectura-en-puerto-iguazu\/#primaryimage","url":"https:\/\/cvinoticias.com\/wp-content\/uploads\/2024\/06\/Imagen-de-WhatsApp-2024-06-28-a-las-21.53.58_62fb67e5-1024x768-1.jpg","contentUrl":"https:\/\/cvinoticias.com\/wp-content\/uploads\/2024\/06\/Imagen-de-WhatsApp-2024-06-28-a-las-21.53.58_62fb67e5-1024x768-1.jpg","width":1024,"height":768},{"@type":"BreadcrumbList","@id":"https:\/\/cvinoticias.com\/v3\/cargamento-de-mercaderias-secuestrada-por-prefectura-en-puerto-iguazu\/#breadcrumb","itemListElement":[{"@type":"ListItem","position":1,"name":"Portada","item":"https:\/\/cvinoticias.com\/v3\/"},{"@type":"ListItem","position":2,"name":"Cargamento de mercader\u00edas secuestrada por Prefectura en Puerto Iguaz\u00fa"}]},{"@type":"WebSite","@id":"https:\/\/cvinoticias.com\/v3\/#website","url":"https:\/\/cvinoticias.com\/v3\/","name":"CVI NOTICIAS","description":"","publisher":{"@id":"https:\/\/cvinoticias.com\/v3\/#organization"},"alternateName":"CVI","potentialAction":[{"@type":"SearchAction","target":{"@type":"EntryPoint","urlTemplate":"https:\/\/cvinoticias.com\/v3\/?s={search_term_string}"},"query-input":{"@type":"PropertyValueSpecification","valueRequired":true,"valueName":"search_term_string"}}],"inLanguage":"es"},{"@type":"Organization","@id":"https:\/\/cvinoticias.com\/v3\/#organization","name":"CVI NOTICIAS","url":"https:\/\/cvinoticias.com\/v3\/","logo":{"@type":"ImageObject","inLanguage":"es","@id":"https:\/\/cvinoticias.com\/v3\/#\/schema\/logo\/image\/","url":"https:\/\/cvinoticias.com\/wp-content\/uploads\/2023\/04\/cropped-cropped-cropped-cropped-cropped-3-1.png","contentUrl":"https:\/\/cvinoticias.com\/wp-content\/uploads\/2023\/04\/cropped-cropped-cropped-cropped-cropped-3-1.png","width":95,"height":122,"caption":"CVI NOTICIAS"},"image":{"@id":"https:\/\/cvinoticias.com\/v3\/#\/schema\/logo\/image\/"},"sameAs":["https:\/\/www.facebook.com\/cvinoticias","https:\/\/www.instagram.com\/cvinoticias\/","https:\/\/www.youtube.com\/@CVINOTICIAS"]},{"@type":"Person","@id":"https:\/\/cvinoticias.com\/v3\/#\/schema\/person\/2db77e3c6bc03c538495d7b2b8be9b66","name":"f1000024","image":{"@type":"ImageObject","inLanguage":"es","@id":"https:\/\/secure.gravatar.com\/avatar\/d4fe7459cfc51ff5129ce1a732bbef5928568b8092d412ef95611616376bbeed?s=96&d=mm&r=g","url":"https:\/\/secure.gravatar.com\/avatar\/d4fe7459cfc51ff5129ce1a732bbef5928568b8092d412ef95611616376bbeed?s=96&d=mm&r=g","contentUrl":"https:\/\/secure.gravatar.com\/avatar\/d4fe7459cfc51ff5129ce1a732bbef5928568b8092d412ef95611616376bbeed?s=96&d=mm&r=g","caption":"f1000024"},"url":"https:\/\/cvinoticias.com\/v3\/author\/f1000024\/"}]}},"_links":{"self":[{"href":"https:\/\/cvinoticias.com\/v3\/wp-json\/wp\/v2\/posts\/33901","targetHints":{"allow":["GET"]}}],"collection":[{"href":"https:\/\/cvinoticias.com\/v3\/wp-json\/wp\/v2\/posts"}],"about":[{"href":"https:\/\/cvinoticias.com\/v3\/wp-json\/wp\/v2\/types\/post"}],"author":[{"embeddable":true,"href":"https:\/\/cvinoticias.com\/v3\/wp-json\/wp\/v2\/users\/2"}],"replies":[{"embeddable":true,"href":"https:\/\/cvinoticias.com\/v3\/wp-json\/wp\/v2\/comments?post=33901"}],"version-history":[{"count":1,"href":"https:\/\/cvinoticias.com\/v3\/wp-json\/wp\/v2\/posts\/33901\/revisions"}],"predecessor-version":[{"id":33903,"href":"https:\/\/cvinoticias.com\/v3\/wp-json\/wp\/v2\/posts\/33901\/revisions\/33903"}],"wp:featuredmedia":[{"embeddable":true,"href":"https:\/\/cvinoticias.com\/v3\/wp-json\/wp\/v2\/media\/33902"}],"wp:attachment":[{"href":"https:\/\/cvinoticias.com\/v3\/wp-json\/wp\/v2\/media?parent=33901"}],"wp:term":[{"taxonomy":"category","embeddable":true,"href":"https:\/\/cvinoticias.com\/v3\/wp-json\/wp\/v2\/categories?post=33901"},{"taxonomy":"post_tag","embeddable":true,"href":"https:\/\/cvinoticias.com\/v3\/wp-json\/wp\/v2\/tags?post=33901"}],"curies":[{"name":"wp","href":"https:\/\/api.w.org\/{rel}","templated":true}]}}